{"id":26635,"date":"2025-04-26T08:36:13","date_gmt":"2025-04-26T06:36:13","guid":{"rendered":"https:\/\/evertonfc.cz\/?p=26635"},"modified":"2025-04-26T19:03:34","modified_gmt":"2025-04-26T17:03:34","slug":"preview-chelsea-everton-14","status":"publish","type":"post","link":"https:\/\/evertonfc.cz\/index.php\/2025\/04\/26\/preview-chelsea-everton-14\/","title":{"rendered":"Preview: Chelsea &#8211; Everton"},"content":{"rendered":"<h4>Kdyby se na Zemi \u0159\u00edtil meteorit, pravd\u011bpodobn\u011b ho zblokuje James Tarkowski a zachr\u00e1n\u00ed sv\u011bt. Jen\u017ee minul\u00fd t\u00fdden jsme o kapit\u00e1na p\u0159i\u0161li a zemsk\u00fd \u0161t\u00edt bude muset dr\u017eet n\u011bkdo jin\u00fd. Jsme na konci jedn\u00e9 a na za\u010d\u00e1tku nov\u00e9 \u00e9ry?<\/h4>\n<p>No Tarky, no party <em>(ne no woman, no cry? &#8211; pozn. redakce).<\/em> Kapit\u00e1n nastoupil do 111 ligov\u00fdch z\u00e1pas\u016f v \u0159ad\u011b. Za\u010dalo to v kv\u011btnu 2022 je\u0161t\u011b v barv\u00e1ch Burnley. Dva z\u00e1pasy chyb\u011bly k dorovn\u00e1n\u00ed rekordu Waynea Bridge. T\u011b\u017ek\u00e1 slu\u017eba v n\u00e1ro\u010dn\u00e9m obdob\u00ed pro klub. Nyn\u00ed tedy skoro po 3 letech jedna z jistot zmizela.<\/p>\n<p>Mus\u00edte b\u00fdt z kamene, abyste n\u011bco takov\u00e9ho mohli absolvovat. \u00d3, jak dopadli jeho p\u0159edch\u016fdci i souputn\u00edci. Michael Keane se stal ter\u010dem maguirizace <em>(co to je? &#8211; pozn. redakce),<\/em> tak\u017ee v\u011bt\u0161ina Evertonians douf\u00e1, \u017ee Moyes ud\u011bl\u00e1 spr\u00e1vnou v\u011bc a nenominuje hr\u00e1\u010de s \u010d\u00edslem 5 do srdce obrany. Ta d\u016fv\u011bra tam nen\u00ed, zvl\u00e1\u0161\u0165, kdy\u017e je tu mo\u017enost otestovat z\u00e1\u0159iv\u00e9 souhv\u011bzd\u00ed budoucnosti, tandem Branthwaite-O\u2019Brien <em>(ta budoucnost bude trvat nejsp\u00ed\u0161 jeden m\u011bs\u00edc &#8211; pozn. redakce).<\/em><\/p>\n<p>Pak by se otev\u0159el slot na m\u00edst\u011b prav\u00e9ho obr\u00e1nce, kde je dokonce je\u0161t\u011b v\u00edce variant, ov\u0161em tak\u00e9 s m\u00e9n\u011b jasn\u00fdmi v\u00fdstupy. I tady chyb\u00ed v\u0161em kandid\u00e1t\u016fm hern\u00ed vyt\u00ed\u017een\u00ed. Dal\u0161\u00ed o\u010dek\u00e1vanou zm\u011bnu je nahrazen\u00ed Brojy Betem <em>(hostuje u n\u00e1s pr\u00e1v\u011b z Chelsea, tak\u017ee jde o zm\u011bnu jistou &#8211; pozn. redakce).<\/em> Vzhledem k form\u011b alb\u00e1nsk\u00e9ho strikera a jeho potenci posledn\u00edch 3 sez\u00f3n je trochu s podivem, \u017ee vypo\u010d\u00edtav\u00e1 Chelsea nezahrnula do jeho smlouvy na hostov\u00e1n\u00ed, \u017ee proti nim hr\u00e1t mus\u00ed. K ostatn\u00edm: Calvert-Lewin prozat\u00edm netr\u00e9nuje s t\u00fdmem, Chermiti bude zp\u011bt na lavi\u010dce, Lindstr\u00f8m s Mangalou u\u017e nejsp\u00ed\u0161e na h\u0159i\u0161ti v dresu s v\u011b\u017ei\u010dkou neuvid\u00edme.<\/p>\n<h4><strong>Ze soupe\u0159ova t\u00e1bora<\/strong><\/h4>\n<p>Fotbal je byznys &#8211; o to jde v Chelsea p\u0159edev\u0161\u00edm. Alespo\u0148 tak se mi to zd\u00e1, kdy\u017e se d\u00edv\u00e1m na st\u00edny postav tan\u010d\u00edc\u00edch kolem tamn\u00edho <em>ohn\u011b(toto se l\u00edb\u00ed u\u017eivateli Platon &#8211; pozn. redakce).<\/em> Ne, \u017e\u00e1dn\u00fd po\u0159\u00e1dn\u00fd vhled na d\u011bn\u00ed okolo Stamford Bridge nem\u00e1m, fluktuace se zd\u00e1 velik\u00e1. Absence Guiua, Gusta, Fofany \u010di Mudryka asi nikomu \u017e\u00edly netrh\u00e1.<\/p>\n<p>Dom\u00e1c\u00ed budou bojovat o pozici pro Ligu mistr\u016f, kulturn\u00ed \u0161ok z t\u00e9 Konferen\u010dn\u00ed patrn\u011b znovu za\u017e\u00edt necht\u011bj\u00ed. T\u011b\u017eko odhadnout, jak se pracuje v m\u00edst\u011b, kde nikdo nem\u00e1 sv\u00e9 m\u00edsto jist\u00e9. Ka\u017edop\u00e1dn\u011b je to t\u00fdm pln\u00fd velk\u00fdch talent\u016f a siln\u00fdch individu\u00ed. P\u0159i kolapsu poloviny b\u00fdval\u00e9 Sky6 se ale \u010dekalo v\u00edc.<\/p>\n<p>The Blues\/Pensioneers, nyn\u00ed 4 z\u00e1pasy nepora\u017een\u00ed, budou h\u00e1jit svou pevnost proti host\u016fm, kte\u0159\u00ed nikdy nezkaz\u00ed z\u00e1bavu, nepolij\u00ed koberec, ani nesn\u00ed v\u0161echny chleb\u00ed\u010dky. Everton na Stamford Bridge neslavil u\u017e 29 z\u00e1pas\u016f, ligov\u00e1 v\u00fdhra z listopadu 1994 1:0 brankou Paula Rideouta u\u017e na pergamenech dosti vybledla.<\/p>\n<p>Je to z\u00e1rove\u0148 z\u00e1blesk nad\u011bje, proto\u017ee tenkr\u00e1t p\u0159ijel na Fulham Road t\u00fdm na 21. m\u00edst\u011b tabulky, a p\u0159esto dok\u00e1zal zv\u00edt\u011bzit. To u\u017e se t\u011b\u017eko zopakuje. Snad se ale nebude opakovat v\u00fdsledek na\u0161\u00ed posledn\u00ed n\u00e1v\u0161t\u011bvy, kdy Sean Dyche a na\u0161i chlapci schytali kan\u00e1ra. Prosincov\u00e1 bezbrankov\u00e1 rem\u00edza pat\u0159\u00ed do v\u00fdstavn\u00ed s\u00edn\u011b Dycheova betonov\u00e9ho brutalismu.<\/p>\n<p>David Moyes oslavil v\u010dera 62. narozeniny, ten chlap m\u00e1 v\u0161echno, a\u017e na v\u00fdhru na Stamford Bridge, chlapci, poj\u010fme to dok\u00e1zat!<\/p>\n<p><strong>Co<\/strong>: Chelsea FC \u2013 Everton FC, 34. kolo Premier League<br \/>\n<strong>Kdy<\/strong>: 26. dubna 2025 od 13:30<br \/>\n<strong>Kde<\/strong>: Stamford Bridge \u2013 Fulham Road, London, SW6 1HS (kapacita 40 343)<br \/>\n<strong>TV<\/strong>: Canal+ Sport od 13:25, komentuje Mat\u00fa\u0161 Luk\u00e1\u010d<br \/>\n<strong>Rozhod\u010d\u00ed<\/strong>: Chris Kavanagh &#8211; James Mainwaring, Richard West\u00a0\u00a0<strong>\u010ctvrt\u00fd<\/strong> <strong>rozhod\u010d\u00ed<\/strong>: Gavin Ward<br \/>\n<strong>Videorozhod\u010d\u00ed<\/strong>: Stuart Attwell\u00a0\u00a0<strong>Asistent<\/strong> <strong>videorozhod\u010d\u00edho<\/strong>:\u00a0Nick Greenhalgh<\/p>\n","protected":false},"excerpt":{"rendered":"<p>Kdyby se na Zemi \u0159\u00edtil meteorit, pravd\u011bpodobn\u011b ho zblokuje James Tarkowski a zachr\u00e1n\u00ed sv\u011bt. Jen\u017ee minul\u00fd t\u00fdden jsme o kapit\u00e1na p\u0159i\u0161li a zemsk\u00fd \u0161t\u00edt bude muset dr\u017eet n\u011bkdo jin\u00fd. Jsme na konci jedn\u00e9 a na za\u010d\u00e1tku nov\u00e9 \u00e9ry?<\/p>\n","protected":false},"author":10,"featured_media":14493,"comment_status":"open","ping_status":"closed","sticky":false,"template":"","format":"standard","meta":{"_eb_attr":"","_monsterinsights_skip_tracking":false,"_monsterinsights_sitenote_active":false,"_monsterinsights_sitenote_note":"","_monsterinsights_sitenote_category":0,"footnotes":""},"categories":[4],"tags":[],"yoast_head":"<!-- This site is optimized with the Yoast SEO plugin v23.4 - https:\/\/yoast.com\/wordpress\/plugins\/seo\/ -->\n<title>Preview: Chelsea - Everton - Official Czech &amp; Slovak Everton Supporters&#039; Club<\/title>\n<meta name=\"robots\" content=\"index, follow, max-snippet:-1, max-image-preview:large, max-video-preview:-1\" \/>\n<link rel=\"canonical\" href=\"https:\/\/evertonfc.cz\/index.php\/2025\/04\/26\/preview-chelsea-everton-14\/\" \/>\n<meta property=\"og:locale\" content=\"cs_CZ\" \/>\n<meta property=\"og:type\" content=\"article\" \/>\n<meta property=\"og:title\" content=\"Preview: Chelsea - Everton - Official Czech &amp; Slovak Everton Supporters&#039; Club\" \/>\n<meta property=\"og:description\" content=\"Kdyby se na Zemi \u0159\u00edtil meteorit, pravd\u011bpodobn\u011b ho zblokuje James Tarkowski a zachr\u00e1n\u00ed sv\u011bt. Jen\u017ee minul\u00fd t\u00fdden jsme o kapit\u00e1na p\u0159i\u0161li a zemsk\u00fd \u0161t\u00edt bude muset dr\u017eet n\u011bkdo jin\u00fd. Jsme na konci jedn\u00e9 a na za\u010d\u00e1tku nov\u00e9 \u00e9ry?\" \/>\n<meta property=\"og:url\" content=\"https:\/\/evertonfc.cz\/index.php\/2025\/04\/26\/preview-chelsea-everton-14\/\" \/>\n<meta property=\"og:site_name\" content=\"Official Czech &amp; Slovak Everton Supporters&#039; Club\" \/>\n<meta property=\"article:publisher\" content=\"https:\/\/www.facebook.com\/everton.fans.cz.sk\" \/>\n<meta property=\"article:published_time\" content=\"2025-04-26T06:36:13+00:00\" \/>\n<meta property=\"article:modified_time\" content=\"2025-04-26T17:03:34+00:00\" \/>\n<meta property=\"og:image\" content=\"https:\/\/evertonfc.cz\/wp-content\/uploads\/2021\/03\/Chelsea-VS-Everton.jpg\" \/>\n\t<meta property=\"og:image:width\" content=\"720\" \/>\n\t<meta property=\"og:image:height\" content=\"405\" \/>\n\t<meta property=\"og:image:type\" content=\"image\/jpeg\" \/>\n<meta name=\"author\" content=\"Fip\" \/>\n<meta name=\"twitter:card\" content=\"summary_large_image\" \/>\n<meta name=\"twitter:label1\" content=\"Napsal(a)\" \/>\n\t<meta name=\"twitter:data1\" content=\"Fip\" \/>\n\t<meta name=\"twitter:label2\" content=\"Odhadovan\u00e1 doba \u010dten\u00ed\" \/>\n\t<meta name=\"twitter:data2\" content=\"4 minuty\" \/>\n<script type=\"application\/ld+json\" class=\"yoast-schema-graph\">{\"@context\":\"https:\/\/schema.org\",\"@graph\":[{\"@type\":\"Article\",\"@id\":\"https:\/\/evertonfc.cz\/index.php\/2025\/04\/26\/preview-chelsea-everton-14\/#article\",\"isPartOf\":{\"@id\":\"https:\/\/evertonfc.cz\/index.php\/2025\/04\/26\/preview-chelsea-everton-14\/\"},\"author\":{\"name\":\"Fip\",\"@id\":\"https:\/\/evertonfc.cz\/#\/schema\/person\/35904009755e8eaa0dc1a5f5f0419002\"},\"headline\":\"Preview: Chelsea &#8211; Everton\",\"datePublished\":\"2025-04-26T06:36:13+00:00\",\"dateModified\":\"2025-04-26T17:03:34+00:00\",\"mainEntityOfPage\":{\"@id\":\"https:\/\/evertonfc.cz\/index.php\/2025\/04\/26\/preview-chelsea-everton-14\/\"},\"wordCount\":689,\"commentCount\":7,\"publisher\":{\"@id\":\"https:\/\/evertonfc.cz\/#organization\"},\"image\":{\"@id\":\"https:\/\/evertonfc.cz\/index.php\/2025\/04\/26\/preview-chelsea-everton-14\/#primaryimage\"},\"thumbnailUrl\":\"https:\/\/evertonfc.cz\/wp-content\/uploads\/2021\/03\/Chelsea-VS-Everton.jpg\",\"articleSection\":[\"Z\u00e1pasy\"],\"inLanguage\":\"cs\",\"potentialAction\":[{\"@type\":\"CommentAction\",\"name\":\"Comment\",\"target\":[\"https:\/\/evertonfc.cz\/index.php\/2025\/04\/26\/preview-chelsea-everton-14\/#respond\"]}]},{\"@type\":\"WebPage\",\"@id\":\"https:\/\/evertonfc.cz\/index.php\/2025\/04\/26\/preview-chelsea-everton-14\/\",\"url\":\"https:\/\/evertonfc.cz\/index.php\/2025\/04\/26\/preview-chelsea-everton-14\/\",\"name\":\"Preview: Chelsea - Everton - Official Czech &amp; Slovak Everton Supporters&#039; Club\",\"isPartOf\":{\"@id\":\"https:\/\/evertonfc.cz\/#website\"},\"primaryImageOfPage\":{\"@id\":\"https:\/\/evertonfc.cz\/index.php\/2025\/04\/26\/preview-chelsea-everton-14\/#primaryimage\"},\"image\":{\"@id\":\"https:\/\/evertonfc.cz\/index.php\/2025\/04\/26\/preview-chelsea-everton-14\/#primaryimage\"},\"thumbnailUrl\":\"https:\/\/evertonfc.cz\/wp-content\/uploads\/2021\/03\/Chelsea-VS-Everton.jpg\",\"datePublished\":\"2025-04-26T06:36:13+00:00\",\"dateModified\":\"2025-04-26T17:03:34+00:00\",\"breadcrumb\":{\"@id\":\"https:\/\/evertonfc.cz\/index.php\/2025\/04\/26\/preview-chelsea-everton-14\/#breadcrumb\"},\"inLanguage\":\"cs\",\"potentialAction\":[{\"@type\":\"ReadAction\",\"target\":[\"https:\/\/evertonfc.cz\/index.php\/2025\/04\/26\/preview-chelsea-everton-14\/\"]}]},{\"@type\":\"ImageObject\",\"inLanguage\":\"cs\",\"@id\":\"https:\/\/evertonfc.cz\/index.php\/2025\/04\/26\/preview-chelsea-everton-14\/#primaryimage\",\"url\":\"https:\/\/evertonfc.cz\/wp-content\/uploads\/2021\/03\/Chelsea-VS-Everton.jpg\",\"contentUrl\":\"https:\/\/evertonfc.cz\/wp-content\/uploads\/2021\/03\/Chelsea-VS-Everton.jpg\",\"width\":720,\"height\":405},{\"@type\":\"BreadcrumbList\",\"@id\":\"https:\/\/evertonfc.cz\/index.php\/2025\/04\/26\/preview-chelsea-everton-14\/#breadcrumb\",\"itemListElement\":[{\"@type\":\"ListItem\",\"position\":1,\"name\":\"Home\",\"item\":\"https:\/\/evertonfc.cz\/\"},{\"@type\":\"ListItem\",\"position\":2,\"name\":\"Preview: Chelsea &#8211; Everton\"}]},{\"@type\":\"WebSite\",\"@id\":\"https:\/\/evertonfc.cz\/#website\",\"url\":\"https:\/\/evertonfc.cz\/\",\"name\":\"Official Czech &amp; Slovak Everton Supporters&#039; Club\",\"description\":\"\",\"publisher\":{\"@id\":\"https:\/\/evertonfc.cz\/#organization\"},\"potentialAction\":[{\"@type\":\"SearchAction\",\"target\":{\"@type\":\"EntryPoint\",\"urlTemplate\":\"https:\/\/evertonfc.cz\/?s={search_term_string}\"},\"query-input\":{\"@type\":\"PropertyValueSpecification\",\"valueRequired\":true,\"valueName\":\"search_term_string\"}}],\"inLanguage\":\"cs\"},{\"@type\":\"Organization\",\"@id\":\"https:\/\/evertonfc.cz\/#organization\",\"name\":\"Official Czech & Slovak Everton Supporters' Club\",\"url\":\"https:\/\/evertonfc.cz\/\",\"logo\":{\"@type\":\"ImageObject\",\"inLanguage\":\"cs\",\"@id\":\"https:\/\/evertonfc.cz\/#\/schema\/logo\/image\/\",\"url\":\"https:\/\/evertonfc.cz\/wp-content\/uploads\/2019\/05\/logo.png\",\"contentUrl\":\"https:\/\/evertonfc.cz\/wp-content\/uploads\/2019\/05\/logo.png\",\"width\":112,\"height\":112,\"caption\":\"Official Czech & Slovak Everton Supporters' Club\"},\"image\":{\"@id\":\"https:\/\/evertonfc.cz\/#\/schema\/logo\/image\/\"},\"sameAs\":[\"https:\/\/www.facebook.com\/everton.fans.cz.sk\"]},{\"@type\":\"Person\",\"@id\":\"https:\/\/evertonfc.cz\/#\/schema\/person\/35904009755e8eaa0dc1a5f5f0419002\",\"name\":\"Fip\",\"url\":\"https:\/\/evertonfc.cz\/index.php\/author\/fip\/\"}]}<\/script>\n<!-- \/ Yoast SEO plugin. -->","yoast_head_json":{"title":"Preview: Chelsea - Everton - Official Czech &amp; Slovak Everton Supporters&#039; Club","robots":{"index":"index","follow":"follow","max-snippet":"max-snippet:-1","max-image-preview":"max-image-preview:large","max-video-preview":"max-video-preview:-1"},"canonical":"https:\/\/evertonfc.cz\/index.php\/2025\/04\/26\/preview-chelsea-everton-14\/","og_locale":"cs_CZ","og_type":"article","og_title":"Preview: Chelsea - Everton - Official Czech &amp; Slovak Everton Supporters&#039; Club","og_description":"Kdyby se na Zemi \u0159\u00edtil meteorit, pravd\u011bpodobn\u011b ho zblokuje James Tarkowski a zachr\u00e1n\u00ed sv\u011bt. Jen\u017ee minul\u00fd t\u00fdden jsme o kapit\u00e1na p\u0159i\u0161li a zemsk\u00fd \u0161t\u00edt bude muset dr\u017eet n\u011bkdo jin\u00fd. Jsme na konci jedn\u00e9 a na za\u010d\u00e1tku nov\u00e9 \u00e9ry?","og_url":"https:\/\/evertonfc.cz\/index.php\/2025\/04\/26\/preview-chelsea-everton-14\/","og_site_name":"Official Czech &amp; Slovak Everton Supporters&#039; Club","article_publisher":"https:\/\/www.facebook.com\/everton.fans.cz.sk","article_published_time":"2025-04-26T06:36:13+00:00","article_modified_time":"2025-04-26T17:03:34+00:00","og_image":[{"width":720,"height":405,"url":"https:\/\/evertonfc.cz\/wp-content\/uploads\/2021\/03\/Chelsea-VS-Everton.jpg","type":"image\/jpeg"}],"author":"Fip","twitter_card":"summary_large_image","twitter_misc":{"Napsal(a)":"Fip","Odhadovan\u00e1 doba \u010dten\u00ed":"4 minuty"},"schema":{"@context":"https:\/\/schema.org","@graph":[{"@type":"Article","@id":"https:\/\/evertonfc.cz\/index.php\/2025\/04\/26\/preview-chelsea-everton-14\/#article","isPartOf":{"@id":"https:\/\/evertonfc.cz\/index.php\/2025\/04\/26\/preview-chelsea-everton-14\/"},"author":{"name":"Fip","@id":"https:\/\/evertonfc.cz\/#\/schema\/person\/35904009755e8eaa0dc1a5f5f0419002"},"headline":"Preview: Chelsea &#8211; Everton","datePublished":"2025-04-26T06:36:13+00:00","dateModified":"2025-04-26T17:03:34+00:00","mainEntityOfPage":{"@id":"https:\/\/evertonfc.cz\/index.php\/2025\/04\/26\/preview-chelsea-everton-14\/"},"wordCount":689,"commentCount":7,"publisher":{"@id":"https:\/\/evertonfc.cz\/#organization"},"image":{"@id":"https:\/\/evertonfc.cz\/index.php\/2025\/04\/26\/preview-chelsea-everton-14\/#primaryimage"},"thumbnailUrl":"https:\/\/evertonfc.cz\/wp-content\/uploads\/2021\/03\/Chelsea-VS-Everton.jpg","articleSection":["Z\u00e1pasy"],"inLanguage":"cs","potentialAction":[{"@type":"CommentAction","name":"Comment","target":["https:\/\/evertonfc.cz\/index.php\/2025\/04\/26\/preview-chelsea-everton-14\/#respond"]}]},{"@type":"WebPage","@id":"https:\/\/evertonfc.cz\/index.php\/2025\/04\/26\/preview-chelsea-everton-14\/","url":"https:\/\/evertonfc.cz\/index.php\/2025\/04\/26\/preview-chelsea-everton-14\/","name":"Preview: Chelsea - Everton - Official Czech &amp; Slovak Everton Supporters&#039; Club","isPartOf":{"@id":"https:\/\/evertonfc.cz\/#website"},"primaryImageOfPage":{"@id":"https:\/\/evertonfc.cz\/index.php\/2025\/04\/26\/preview-chelsea-everton-14\/#primaryimage"},"image":{"@id":"https:\/\/evertonfc.cz\/index.php\/2025\/04\/26\/preview-chelsea-everton-14\/#primaryimage"},"thumbnailUrl":"https:\/\/evertonfc.cz\/wp-content\/uploads\/2021\/03\/Chelsea-VS-Everton.jpg","datePublished":"2025-04-26T06:36:13+00:00","dateModified":"2025-04-26T17:03:34+00:00","breadcrumb":{"@id":"https:\/\/evertonfc.cz\/index.php\/2025\/04\/26\/preview-chelsea-everton-14\/#breadcrumb"},"inLanguage":"cs","potentialAction":[{"@type":"ReadAction","target":["https:\/\/evertonfc.cz\/index.php\/2025\/04\/26\/preview-chelsea-everton-14\/"]}]},{"@type":"ImageObject","inLanguage":"cs","@id":"https:\/\/evertonfc.cz\/index.php\/2025\/04\/26\/preview-chelsea-everton-14\/#primaryimage","url":"https:\/\/evertonfc.cz\/wp-content\/uploads\/2021\/03\/Chelsea-VS-Everton.jpg","contentUrl":"https:\/\/evertonfc.cz\/wp-content\/uploads\/2021\/03\/Chelsea-VS-Everton.jpg","width":720,"height":405},{"@type":"BreadcrumbList","@id":"https:\/\/evertonfc.cz\/index.php\/2025\/04\/26\/preview-chelsea-everton-14\/#breadcrumb","itemListElement":[{"@type":"ListItem","position":1,"name":"Home","item":"https:\/\/evertonfc.cz\/"},{"@type":"ListItem","position":2,"name":"Preview: Chelsea &#8211; Everton"}]},{"@type":"WebSite","@id":"https:\/\/evertonfc.cz\/#website","url":"https:\/\/evertonfc.cz\/","name":"Official Czech &amp; Slovak Everton Supporters&#039; Club","description":"","publisher":{"@id":"https:\/\/evertonfc.cz\/#organization"},"potentialAction":[{"@type":"SearchAction","target":{"@type":"EntryPoint","urlTemplate":"https:\/\/evertonfc.cz\/?s={search_term_string}"},"query-input":{"@type":"PropertyValueSpecification","valueRequired":true,"valueName":"search_term_string"}}],"inLanguage":"cs"},{"@type":"Organization","@id":"https:\/\/evertonfc.cz\/#organization","name":"Official Czech & Slovak Everton Supporters' Club","url":"https:\/\/evertonfc.cz\/","logo":{"@type":"ImageObject","inLanguage":"cs","@id":"https:\/\/evertonfc.cz\/#\/schema\/logo\/image\/","url":"https:\/\/evertonfc.cz\/wp-content\/uploads\/2019\/05\/logo.png","contentUrl":"https:\/\/evertonfc.cz\/wp-content\/uploads\/2019\/05\/logo.png","width":112,"height":112,"caption":"Official Czech & Slovak Everton Supporters' Club"},"image":{"@id":"https:\/\/evertonfc.cz\/#\/schema\/logo\/image\/"},"sameAs":["https:\/\/www.facebook.com\/everton.fans.cz.sk"]},{"@type":"Person","@id":"https:\/\/evertonfc.cz\/#\/schema\/person\/35904009755e8eaa0dc1a5f5f0419002","name":"Fip","url":"https:\/\/evertonfc.cz\/index.php\/author\/fip\/"}]}},"_links":{"self":[{"href":"https:\/\/evertonfc.cz\/index.php\/wp-json\/wp\/v2\/posts\/26635"}],"collection":[{"href":"https:\/\/evertonfc.cz\/index.php\/wp-json\/wp\/v2\/posts"}],"about":[{"href":"https:\/\/evertonfc.cz\/index.php\/wp-json\/wp\/v2\/types\/post"}],"author":[{"embeddable":true,"href":"https:\/\/evertonfc.cz\/index.php\/wp-json\/wp\/v2\/users\/10"}],"replies":[{"embeddable":true,"href":"https:\/\/evertonfc.cz\/index.php\/wp-json\/wp\/v2\/comments?post=26635"}],"version-history":[{"count":6,"href":"https:\/\/evertonfc.cz\/index.php\/wp-json\/wp\/v2\/posts\/26635\/revisions"}],"predecessor-version":[{"id":26644,"href":"https:\/\/evertonfc.cz\/index.php\/wp-json\/wp\/v2\/posts\/26635\/revisions\/26644"}],"wp:featuredmedia":[{"embeddable":true,"href":"https:\/\/evertonfc.cz\/index.php\/wp-json\/wp\/v2\/media\/14493"}],"wp:attachment":[{"href":"https:\/\/evertonfc.cz\/index.php\/wp-json\/wp\/v2\/media?parent=26635"}],"wp:term":[{"taxonomy":"category","embeddable":true,"href":"https:\/\/evertonfc.cz\/index.php\/wp-json\/wp\/v2\/categories?post=26635"},{"taxonomy":"post_tag","embeddable":true,"href":"https:\/\/evertonfc.cz\/index.php\/wp-json\/wp\/v2\/tags?post=26635"}],"curies":[{"name":"wp","href":"https:\/\/api.w.org\/{rel}","templated":true}]}}