{"id":26646,"date":"2025-04-27T21:24:04","date_gmt":"2025-04-27T19:24:04","guid":{"rendered":"https:\/\/evertonfc.cz\/?p=26646"},"modified":"2025-04-29T11:10:54","modified_gmt":"2025-04-29T09:10:54","slug":"everton-w-brighton-and-hove-albion-w-23","status":"publish","type":"post","link":"https:\/\/evertonfc.cz\/index.php\/2025\/04\/27\/everton-w-brighton-and-hove-albion-w-23\/","title":{"rendered":"Everton W &#8211; Brighton and Hove Albion W 2:3"},"content":{"rendered":"<h4>Po p\u0159est\u0159elce v prvn\u00edm polo\u010dase n\u00e1s srazil g\u00f3l v posledn\u00ed minut\u011b prodlou\u017een\u00ed.<\/h4>\n<p><em>&#8222;Dne\u0161n\u00ed z\u00e1pas je pro m\u011b obzvl\u00e1\u0161t\u011b v\u00fdjime\u010dn\u00fd, proto\u017ee je prvn\u00ed dom\u00e1c\u00ed z\u00e1pas po narozen\u00ed m\u00e9ho syna Milase.&#8220;<\/em>\u00a0sv\u011b\u0159il se p\u0159ed z\u00e1pasem Brian S\u00f8renson na soci\u00e1ln\u00edch s\u00edt\u00edch. Do z\u00e1kladu se vr\u00e1tila na\u0161e brank\u00e1\u0159sk\u00e1 jedni\u010dka Brosnan, Hope i Heather Payne jsou zat\u00edm st\u00e1le mimo hru. O\u010dek\u00e1valo se nastoupen\u00ed Gago, nicm\u00e9n\u011b zdravotn\u011b zat\u00edm st\u00e1le nen\u00ed v zcela v po\u0159\u00e1dku. P\u0159edz\u00e1pasov\u00e9 progn\u00f3zy i tak byly m\u00edrn\u011b nad\u011bjn\u00e9, proto\u017ee zkraje sez\u00f3ny prvot\u0159\u00eddn\u011b rozjet\u00e9 Seaguls se trochu zadrhly kdy\u017e utrp\u011bly \u0161\u0148\u016fru t\u0159\u00ed por\u00e1\u017eek po sob\u011b. N\u00e1lada p\u0159ed v\u00fdkopem tedy byla v modr\u00fdch \u0159ad\u00e1m zdr\u017eenliv\u011b optimistick\u00e1.<\/p>\n<h4>Old school prvn\u00ed p\u016fle<\/h4>\n<p>\u00davodn\u00edch 45 a n\u011bco navrch minut p\u0159ineslo svi\u017en\u00fd fotbal klasick\u00e9ho stylu, ve kter\u00e9m to ani jeden z t\u00fdm\u016f nep\u0159eh\u00e1n\u011bl s defenzivou a \u010dty\u0159i g\u00f3ly jako bonus. \u00davodn\u00ed trefa pat\u0159ila dom\u00e1c\u00edm. Sara Holmgaard si kr\u00e1sn\u011b nab\u011bhla na p\u0159esn\u00fd kros z kopa\u010dky Snoeijs a p\u0159ekonala Loeck v brance n\u00e1v\u0161t\u011bvnic &#8211; <strong>1:0<\/strong>. Snoeijs se chv\u00edli pot\u00e9 mohla tak\u00e9 zapsat do seznamu st\u0159elky\u0148, ale jej\u00ed st\u0159elu tentokr\u00e1t brank\u00e1\u0159ka n\u00e1v\u0161t\u011bvnic par\u00edrovala. Za necel\u00fdch deset minut bylo vyrovn\u00e1no: na p\u0159ihr\u00e1vku Seike t\u011bsn\u011b p\u0159ed Brosnan dos\u00e1hla skluzem <span role=\"text\">Agyemang &#8211; <strong>1:1<\/strong>. <\/span><span role=\"text\">Na\u0161e odpov\u011b\u010f p\u0159i\u0161la o dv\u011b minuty pozd\u011bji. Byla j\u00ed st\u0159ela Snoeijs, kter\u00e1 takto zu\u017eitkovala k\u0159i\u017enou p\u0159ihr\u00e1vku od Toni Payne &#8211; <strong>2:1<\/strong>. O dal\u0161\u00edch necel\u00fdch dvacet minut pozd\u011bji bylo op\u011bt vyrovn\u00e1no. G\u00f3lem do \u0161atny uk\u00e1zaly veter\u00e1nky Parris a Kirby jak se hraje na jeden dotek, p\u0159i\u010dem\u017e druh\u00e1 jmenovan\u00e1 p\u0159i tom dorovnala na <strong>2:2<\/strong>.<\/span><\/p>\n<h4>T\u00fdr\u00e1n\u00ed dom\u00e1c\u00edch v p\u016fli druh\u00e9<\/h4>\n<p>Do druh\u00e9ho polo\u010dasu nastoupil Brighton jako vym\u011bn\u011bn\u00fd. Urputnou prac\u00ed n\u00e1s zatla\u010dil na na\u0161\u00ed polovinu a jen d\u00edky vlastn\u00ed nep\u0159esnosti a benevolenci sud\u00ed, kter\u00e1 nech\u00e1vala n\u011bkter\u00e9 na\u0161e hrani\u010dn\u00ed z\u00e1kroky ve v\u00e1pn\u011b bez pov\u0161imnut\u00ed se sk\u00f3re nehnulo. Kirby dala op\u011bt vzpomenout na dny sv\u00e9 nejv\u011bt\u0161\u00ed sl\u00e1vy v Chelsea a ve v\u00fdb\u011bru Albionu a neuv\u011b\u0159iteln\u011b terorizovala na\u0161\u00ed obranu. A kdyby po z\u00e1kroku Stenevik na Parris n\u00e1sledovala penalta, nebylo by se v\u016fbec \u010demu divit. <span aria-hidden=\"true\">Agyemang a Cankovic o sob\u011b tak\u00e9 d\u00e1valy velmi nal\u00e9hav\u011b v\u011bd\u011bt.<\/span><\/p>\n<p>My jsme zahrozili jen z ojedin\u011bl\u00e9ho proti\u00fatoku, ve kter\u00e9m ale m\u011bla g\u00f3l na kopa\u010dce Toni Payne. Bohu\u017eel v kritick\u00e9m okam\u017eiku se j\u00ed zvrkla noha a nebylo z toho nic. Kdy\u017e u\u017e jsme pomalu d\u011bkovali \u0160t\u011bst\u011bn\u011b za rem\u00edzu, poslala st\u0159\u00eddaj\u00edc\u00ed <span aria-hidden=\"true\">McLauchlan dop\u0159edu Parris, kter\u00e1 zku\u0161en\u011b zbl\u00edzka p\u0159ekonala Brosnan &#8211; <strong>2:3<\/strong>. Marn\u011b jsme se dom\u00e1hali odp\u00edsk\u00e1n\u00ed podez\u0159el\u00e9ho ofsajdu. V\u00fdsledkem byla jen \u017elut\u00e1 pro na\u0161\u00ed lavi\u010dku. Ve zb\u00fdvaj\u00edc\u00edch sekund\u00e1ch z\u00e1pasu se n\u00e1m u\u017e vyrovnat nepovedlo.<\/span><\/p>\n<h4><span aria-hidden=\"true\">Shrnut\u00ed\u00a0<\/span><\/h4>\n<p>Por\u00e1\u017eka pro n\u00e1s znamen\u00e1 setrv\u00e1n\u00ed na 8. m\u00edst\u011b. Sestup n\u00e1m nehroz\u00ed, ten si ji\u017e dnes zajistil Crystal Pallace. Ale k \u017e\u00e1dn\u00e9mu velk\u00e9mu radov\u00e1n\u00ed se dne\u0161n\u00ed druh\u00fd polo\u010das nebyl. Pokud m\u00e1 soupe\u0159 hr\u00e1\u010dky, kter\u00e9 opravdu um\u00ed a cht\u011bj\u00ed hr\u00e1t fotbal, nesta\u010d\u00edme s nimi dr\u017eet krok. A to jak obrazn\u011b, tak doslovn\u011b. S t\u00edm je nezbytn\u00e9 n\u011bco p\u0159es l\u00e9to ud\u011blat. Brighton obdobnou situaci loni vy\u0159e\u0161il anga\u017eov\u00e1n\u00edm dosluhuj\u00edc\u00edch legend Kirby a Parris. Zd\u00e1 se, \u017ee se mu to letos celkem vyplatilo. Nejen p\u0159i obou z\u00e1pasech s n\u00e1mi (p\u0159ipome\u0148me debakl otv\u00edr\u00e1ku leto\u0161n\u00ed sez\u00f3ny, kter\u00fd jsme prohr\u00e1li 0:4), ale i ve zbytku sez\u00f3ny, kdy Seaguls po\u0161ilh\u00e1valy po evropsk\u00fdch sout\u011b\u017e\u00edch. My nyn\u00ed m\u016f\u017eeme po\u0161ilh\u00e1vat po dal\u0161\u00edm z\u00e1pase, kter\u00fdm bude venkovn\u00ed Merseyside derby v ned\u011bli 4.5. <strong><span style=\"color: #0000ff;\">COYBG!<\/span><\/strong><\/p>\n<p style=\"text-align: right;\"><span style=\"font-size: 8pt;\"><em>Fotografie: Snoeijs v souboji s Hayes (zdroj: Getty Images via bbc.co.uk)<\/em><\/span><\/p>\n<p><strong>G\u00f3ly: <\/strong>S. Holmgaard (9\u00b4), Snoeijs (23\u00b4) &#8211; <span role=\"text\">Agyemang\u00a0<\/span><span aria-hidden=\"true\"><span class=\"ssrcss-1t9po6g-TextBlock e102yuqa0\">(21&#8242;), <span role=\"text\">Kirby\u00a0<\/span>(44&#8242;), <span role=\"text\">Parris\u00a0<\/span>(90&#8217;+3)<\/span><\/span><\/p>\n<p><span aria-hidden=\"true\"><span class=\"ssrcss-1t9po6g-TextBlock e102yuqa0\"><strong>\u017dlut\u00e9 karty: <\/strong>S. Holmgaard, Stenevik, Wheeler &#8211; Hayes, Au\u00e9e, Symonds<\/span><\/span><\/p>\n<p><strong>Everton (4-1-3-2): <\/strong>Brosnan; K. Holmgaard (Ladd 72&#8242;), Fern\u00e1ndez, <span class=\"visually-hidden ssrcss-1f39n02-VisuallyHidden e16en2lz0\">Stenevik, S. <\/span>Holmgaard; <span class=\"visually-hidden ssrcss-1f39n02-VisuallyHidden e16en2lz0\">Vanhaevermaet; Olesen, Wheeler, Hayashi; Snoeijs (Lawley 81&#8242;), T. Payne (Madsen 80&#8242;)<\/span><\/p>\n<p><strong>Brighton (4-3-3): <\/strong>Loeck; Au\u00e9e,\u00a0<span class=\"visually-hidden ssrcss-1f39n02-VisuallyHidden e16en2lz0\">Bergsvand, <\/span><span class=\"visually-hidden ssrcss-1f39n02-VisuallyHidden e16en2lz0\">Hayes, <\/span><span class=\"visually-hidden ssrcss-1f39n02-VisuallyHidden e16en2lz0\">Olislagers;\u00a0 <\/span>Seike, <span class=\"visually-hidden ssrcss-1f39n02-VisuallyHidden e16en2lz0\">Symonds (Stefanovi\u0107 91&#8242;), <\/span><span class=\"visually-hidden ssrcss-1f39n02-VisuallyHidden e16en2lz0\">Cankovic; <\/span>Kirby, <span class=\"visually-hidden ssrcss-1f39n02-VisuallyHidden e16en2lz0\">Parris (Rule 95&#8242;), <\/span><span aria-hidden=\"true\">Agyemang (McLauchlan 81&#8242;)<\/span><\/p>\n<p><strong>Rozhod\u010d\u00ed:<\/strong> Megan Wilson\u00a0 <strong>Div\u00e1ci:<\/strong> 843 (Walton Hall Park)<\/p>\n<p><iframe loading=\"lazy\" title=\"FULL MATCH: Everton v Brighton &amp; Hove Albion | Barclays WSL 2024-25\" width=\"1140\" height=\"641\" src=\"https:\/\/www.youtube.com\/embed\/24djbDya0bI?feature=oembed\" frameborder=\"0\" allow=\"accelerometer; autoplay; clipboard-write; encrypted-media; gyroscope; picture-in-picture; web-share\" referrerpolicy=\"strict-origin-when-cross-origin\" allowfullscreen><\/iframe><\/p>\n","protected":false},"excerpt":{"rendered":"<p>Po p\u0159est\u0159elce v prvn\u00edm polo\u010dase n\u00e1s srazil g\u00f3l v posledn\u00ed minut\u011b prodlou\u017een\u00ed.\u00a0<\/p>\n","protected":false},"author":26,"featured_media":26652,"comment_status":"open","ping_status":"closed","sticky":false,"template":"","format":"standard","meta":{"_eb_attr":"","_monsterinsights_skip_tracking":false,"_monsterinsights_sitenote_active":false,"_monsterinsights_sitenote_note":"","_monsterinsights_sitenote_category":0,"footnotes":""},"categories":[110],"tags":[],"yoast_head":"<!-- This site is optimized with the Yoast SEO plugin v23.4 - https:\/\/yoast.com\/wordpress\/plugins\/seo\/ -->\n<title>Everton W - Brighton and Hove Albion W 2:3 - Official Czech &amp; Slovak Everton Supporters&#039; Club<\/title>\n<meta name=\"robots\" content=\"index, follow, max-snippet:-1, max-image-preview:large, max-video-preview:-1\" \/>\n<link rel=\"canonical\" href=\"https:\/\/evertonfc.cz\/index.php\/2025\/04\/27\/everton-w-brighton-and-hove-albion-w-23\/\" \/>\n<meta property=\"og:locale\" content=\"cs_CZ\" \/>\n<meta property=\"og:type\" content=\"article\" \/>\n<meta property=\"og:title\" content=\"Everton W - Brighton and Hove Albion W 2:3 - Official Czech &amp; Slovak Everton Supporters&#039; Club\" \/>\n<meta property=\"og:description\" content=\"Po p\u0159est\u0159elce v prvn\u00edm polo\u010dase n\u00e1s srazil g\u00f3l v posledn\u00ed minut\u011b prodlou\u017een\u00ed.\u00a0\" \/>\n<meta property=\"og:url\" content=\"https:\/\/evertonfc.cz\/index.php\/2025\/04\/27\/everton-w-brighton-and-hove-albion-w-23\/\" \/>\n<meta property=\"og:site_name\" content=\"Official Czech &amp; Slovak Everton Supporters&#039; Club\" \/>\n<meta property=\"article:publisher\" content=\"https:\/\/www.facebook.com\/everton.fans.cz.sk\" \/>\n<meta property=\"article:published_time\" content=\"2025-04-27T19:24:04+00:00\" \/>\n<meta property=\"article:modified_time\" content=\"2025-04-29T09:10:54+00:00\" \/>\n<meta property=\"og:image\" content=\"https:\/\/evertonfc.cz\/wp-content\/uploads\/2025\/04\/Snoeijs-vs-Seaguls-27_4_2025-web.jpg\" \/>\n\t<meta property=\"og:image:width\" content=\"720\" \/>\n\t<meta property=\"og:image:height\" content=\"405\" \/>\n\t<meta property=\"og:image:type\" content=\"image\/jpeg\" \/>\n<meta name=\"author\" content=\"Karamela\" \/>\n<meta name=\"twitter:card\" content=\"summary_large_image\" \/>\n<meta name=\"twitter:label1\" content=\"Napsal(a)\" \/>\n\t<meta name=\"twitter:data1\" content=\"Karamela\" \/>\n\t<meta name=\"twitter:label2\" content=\"Odhadovan\u00e1 doba \u010dten\u00ed\" \/>\n\t<meta name=\"twitter:data2\" content=\"4 minuty\" \/>\n<script type=\"application\/ld+json\" class=\"yoast-schema-graph\">{\"@context\":\"https:\/\/schema.org\",\"@graph\":[{\"@type\":\"Article\",\"@id\":\"https:\/\/evertonfc.cz\/index.php\/2025\/04\/27\/everton-w-brighton-and-hove-albion-w-23\/#article\",\"isPartOf\":{\"@id\":\"https:\/\/evertonfc.cz\/index.php\/2025\/04\/27\/everton-w-brighton-and-hove-albion-w-23\/\"},\"author\":{\"name\":\"Karamela\",\"@id\":\"https:\/\/evertonfc.cz\/#\/schema\/person\/e9a24a80a32efa1344dd2c4e5882185c\"},\"headline\":\"Everton W &#8211; Brighton and Hove Albion W 2:3\",\"datePublished\":\"2025-04-27T19:24:04+00:00\",\"dateModified\":\"2025-04-29T09:10:54+00:00\",\"mainEntityOfPage\":{\"@id\":\"https:\/\/evertonfc.cz\/index.php\/2025\/04\/27\/everton-w-brighton-and-hove-albion-w-23\/\"},\"wordCount\":845,\"commentCount\":0,\"publisher\":{\"@id\":\"https:\/\/evertonfc.cz\/#organization\"},\"image\":{\"@id\":\"https:\/\/evertonfc.cz\/index.php\/2025\/04\/27\/everton-w-brighton-and-hove-albion-w-23\/#primaryimage\"},\"thumbnailUrl\":\"https:\/\/evertonfc.cz\/wp-content\/uploads\/2025\/04\/Snoeijs-vs-Seaguls-27_4_2025-web.jpg\",\"articleSection\":[\"Everton Women\"],\"inLanguage\":\"cs\",\"potentialAction\":[{\"@type\":\"CommentAction\",\"name\":\"Comment\",\"target\":[\"https:\/\/evertonfc.cz\/index.php\/2025\/04\/27\/everton-w-brighton-and-hove-albion-w-23\/#respond\"]}]},{\"@type\":\"WebPage\",\"@id\":\"https:\/\/evertonfc.cz\/index.php\/2025\/04\/27\/everton-w-brighton-and-hove-albion-w-23\/\",\"url\":\"https:\/\/evertonfc.cz\/index.php\/2025\/04\/27\/everton-w-brighton-and-hove-albion-w-23\/\",\"name\":\"Everton W - Brighton and Hove Albion W 2:3 - Official Czech &amp; Slovak Everton Supporters&#039; Club\",\"isPartOf\":{\"@id\":\"https:\/\/evertonfc.cz\/#website\"},\"primaryImageOfPage\":{\"@id\":\"https:\/\/evertonfc.cz\/index.php\/2025\/04\/27\/everton-w-brighton-and-hove-albion-w-23\/#primaryimage\"},\"image\":{\"@id\":\"https:\/\/evertonfc.cz\/index.php\/2025\/04\/27\/everton-w-brighton-and-hove-albion-w-23\/#primaryimage\"},\"thumbnailUrl\":\"https:\/\/evertonfc.cz\/wp-content\/uploads\/2025\/04\/Snoeijs-vs-Seaguls-27_4_2025-web.jpg\",\"datePublished\":\"2025-04-27T19:24:04+00:00\",\"dateModified\":\"2025-04-29T09:10:54+00:00\",\"breadcrumb\":{\"@id\":\"https:\/\/evertonfc.cz\/index.php\/2025\/04\/27\/everton-w-brighton-and-hove-albion-w-23\/#breadcrumb\"},\"inLanguage\":\"cs\",\"potentialAction\":[{\"@type\":\"ReadAction\",\"target\":[\"https:\/\/evertonfc.cz\/index.php\/2025\/04\/27\/everton-w-brighton-and-hove-albion-w-23\/\"]}]},{\"@type\":\"ImageObject\",\"inLanguage\":\"cs\",\"@id\":\"https:\/\/evertonfc.cz\/index.php\/2025\/04\/27\/everton-w-brighton-and-hove-albion-w-23\/#primaryimage\",\"url\":\"https:\/\/evertonfc.cz\/wp-content\/uploads\/2025\/04\/Snoeijs-vs-Seaguls-27_4_2025-web.jpg\",\"contentUrl\":\"https:\/\/evertonfc.cz\/wp-content\/uploads\/2025\/04\/Snoeijs-vs-Seaguls-27_4_2025-web.jpg\",\"width\":720,\"height\":405},{\"@type\":\"BreadcrumbList\",\"@id\":\"https:\/\/evertonfc.cz\/index.php\/2025\/04\/27\/everton-w-brighton-and-hove-albion-w-23\/#breadcrumb\",\"itemListElement\":[{\"@type\":\"ListItem\",\"position\":1,\"name\":\"Home\",\"item\":\"https:\/\/evertonfc.cz\/\"},{\"@type\":\"ListItem\",\"position\":2,\"name\":\"Everton W &#8211; Brighton and Hove Albion W 2:3\"}]},{\"@type\":\"WebSite\",\"@id\":\"https:\/\/evertonfc.cz\/#website\",\"url\":\"https:\/\/evertonfc.cz\/\",\"name\":\"Official Czech &amp; Slovak Everton Supporters&#039; Club\",\"description\":\"\",\"publisher\":{\"@id\":\"https:\/\/evertonfc.cz\/#organization\"},\"potentialAction\":[{\"@type\":\"SearchAction\",\"target\":{\"@type\":\"EntryPoint\",\"urlTemplate\":\"https:\/\/evertonfc.cz\/?s={search_term_string}\"},\"query-input\":{\"@type\":\"PropertyValueSpecification\",\"valueRequired\":true,\"valueName\":\"search_term_string\"}}],\"inLanguage\":\"cs\"},{\"@type\":\"Organization\",\"@id\":\"https:\/\/evertonfc.cz\/#organization\",\"name\":\"Official Czech & Slovak Everton Supporters' Club\",\"url\":\"https:\/\/evertonfc.cz\/\",\"logo\":{\"@type\":\"ImageObject\",\"inLanguage\":\"cs\",\"@id\":\"https:\/\/evertonfc.cz\/#\/schema\/logo\/image\/\",\"url\":\"https:\/\/evertonfc.cz\/wp-content\/uploads\/2019\/05\/logo.png\",\"contentUrl\":\"https:\/\/evertonfc.cz\/wp-content\/uploads\/2019\/05\/logo.png\",\"width\":112,\"height\":112,\"caption\":\"Official Czech & Slovak Everton Supporters' Club\"},\"image\":{\"@id\":\"https:\/\/evertonfc.cz\/#\/schema\/logo\/image\/\"},\"sameAs\":[\"https:\/\/www.facebook.com\/everton.fans.cz.sk\"]},{\"@type\":\"Person\",\"@id\":\"https:\/\/evertonfc.cz\/#\/schema\/person\/e9a24a80a32efa1344dd2c4e5882185c\",\"name\":\"Karamela\",\"url\":\"https:\/\/evertonfc.cz\/index.php\/author\/karamela\/\"}]}<\/script>\n<!-- \/ Yoast SEO plugin. -->","yoast_head_json":{"title":"Everton W - Brighton and Hove Albion W 2:3 - Official Czech &amp; Slovak Everton Supporters&#039; Club","robots":{"index":"index","follow":"follow","max-snippet":"max-snippet:-1","max-image-preview":"max-image-preview:large","max-video-preview":"max-video-preview:-1"},"canonical":"https:\/\/evertonfc.cz\/index.php\/2025\/04\/27\/everton-w-brighton-and-hove-albion-w-23\/","og_locale":"cs_CZ","og_type":"article","og_title":"Everton W - Brighton and Hove Albion W 2:3 - Official Czech &amp; Slovak Everton Supporters&#039; Club","og_description":"Po p\u0159est\u0159elce v prvn\u00edm polo\u010dase n\u00e1s srazil g\u00f3l v posledn\u00ed minut\u011b prodlou\u017een\u00ed.\u00a0","og_url":"https:\/\/evertonfc.cz\/index.php\/2025\/04\/27\/everton-w-brighton-and-hove-albion-w-23\/","og_site_name":"Official Czech &amp; Slovak Everton Supporters&#039; Club","article_publisher":"https:\/\/www.facebook.com\/everton.fans.cz.sk","article_published_time":"2025-04-27T19:24:04+00:00","article_modified_time":"2025-04-29T09:10:54+00:00","og_image":[{"width":720,"height":405,"url":"https:\/\/evertonfc.cz\/wp-content\/uploads\/2025\/04\/Snoeijs-vs-Seaguls-27_4_2025-web.jpg","type":"image\/jpeg"}],"author":"Karamela","twitter_card":"summary_large_image","twitter_misc":{"Napsal(a)":"Karamela","Odhadovan\u00e1 doba \u010dten\u00ed":"4 minuty"},"schema":{"@context":"https:\/\/schema.org","@graph":[{"@type":"Article","@id":"https:\/\/evertonfc.cz\/index.php\/2025\/04\/27\/everton-w-brighton-and-hove-albion-w-23\/#article","isPartOf":{"@id":"https:\/\/evertonfc.cz\/index.php\/2025\/04\/27\/everton-w-brighton-and-hove-albion-w-23\/"},"author":{"name":"Karamela","@id":"https:\/\/evertonfc.cz\/#\/schema\/person\/e9a24a80a32efa1344dd2c4e5882185c"},"headline":"Everton W &#8211; Brighton and Hove Albion W 2:3","datePublished":"2025-04-27T19:24:04+00:00","dateModified":"2025-04-29T09:10:54+00:00","mainEntityOfPage":{"@id":"https:\/\/evertonfc.cz\/index.php\/2025\/04\/27\/everton-w-brighton-and-hove-albion-w-23\/"},"wordCount":845,"commentCount":0,"publisher":{"@id":"https:\/\/evertonfc.cz\/#organization"},"image":{"@id":"https:\/\/evertonfc.cz\/index.php\/2025\/04\/27\/everton-w-brighton-and-hove-albion-w-23\/#primaryimage"},"thumbnailUrl":"https:\/\/evertonfc.cz\/wp-content\/uploads\/2025\/04\/Snoeijs-vs-Seaguls-27_4_2025-web.jpg","articleSection":["Everton Women"],"inLanguage":"cs","potentialAction":[{"@type":"CommentAction","name":"Comment","target":["https:\/\/evertonfc.cz\/index.php\/2025\/04\/27\/everton-w-brighton-and-hove-albion-w-23\/#respond"]}]},{"@type":"WebPage","@id":"https:\/\/evertonfc.cz\/index.php\/2025\/04\/27\/everton-w-brighton-and-hove-albion-w-23\/","url":"https:\/\/evertonfc.cz\/index.php\/2025\/04\/27\/everton-w-brighton-and-hove-albion-w-23\/","name":"Everton W - Brighton and Hove Albion W 2:3 - Official Czech &amp; Slovak Everton Supporters&#039; Club","isPartOf":{"@id":"https:\/\/evertonfc.cz\/#website"},"primaryImageOfPage":{"@id":"https:\/\/evertonfc.cz\/index.php\/2025\/04\/27\/everton-w-brighton-and-hove-albion-w-23\/#primaryimage"},"image":{"@id":"https:\/\/evertonfc.cz\/index.php\/2025\/04\/27\/everton-w-brighton-and-hove-albion-w-23\/#primaryimage"},"thumbnailUrl":"https:\/\/evertonfc.cz\/wp-content\/uploads\/2025\/04\/Snoeijs-vs-Seaguls-27_4_2025-web.jpg","datePublished":"2025-04-27T19:24:04+00:00","dateModified":"2025-04-29T09:10:54+00:00","breadcrumb":{"@id":"https:\/\/evertonfc.cz\/index.php\/2025\/04\/27\/everton-w-brighton-and-hove-albion-w-23\/#breadcrumb"},"inLanguage":"cs","potentialAction":[{"@type":"ReadAction","target":["https:\/\/evertonfc.cz\/index.php\/2025\/04\/27\/everton-w-brighton-and-hove-albion-w-23\/"]}]},{"@type":"ImageObject","inLanguage":"cs","@id":"https:\/\/evertonfc.cz\/index.php\/2025\/04\/27\/everton-w-brighton-and-hove-albion-w-23\/#primaryimage","url":"https:\/\/evertonfc.cz\/wp-content\/uploads\/2025\/04\/Snoeijs-vs-Seaguls-27_4_2025-web.jpg","contentUrl":"https:\/\/evertonfc.cz\/wp-content\/uploads\/2025\/04\/Snoeijs-vs-Seaguls-27_4_2025-web.jpg","width":720,"height":405},{"@type":"BreadcrumbList","@id":"https:\/\/evertonfc.cz\/index.php\/2025\/04\/27\/everton-w-brighton-and-hove-albion-w-23\/#breadcrumb","itemListElement":[{"@type":"ListItem","position":1,"name":"Home","item":"https:\/\/evertonfc.cz\/"},{"@type":"ListItem","position":2,"name":"Everton W &#8211; Brighton and Hove Albion W 2:3"}]},{"@type":"WebSite","@id":"https:\/\/evertonfc.cz\/#website","url":"https:\/\/evertonfc.cz\/","name":"Official Czech &amp; Slovak Everton Supporters&#039; Club","description":"","publisher":{"@id":"https:\/\/evertonfc.cz\/#organization"},"potentialAction":[{"@type":"SearchAction","target":{"@type":"EntryPoint","urlTemplate":"https:\/\/evertonfc.cz\/?s={search_term_string}"},"query-input":{"@type":"PropertyValueSpecification","valueRequired":true,"valueName":"search_term_string"}}],"inLanguage":"cs"},{"@type":"Organization","@id":"https:\/\/evertonfc.cz\/#organization","name":"Official Czech & Slovak Everton Supporters' Club","url":"https:\/\/evertonfc.cz\/","logo":{"@type":"ImageObject","inLanguage":"cs","@id":"https:\/\/evertonfc.cz\/#\/schema\/logo\/image\/","url":"https:\/\/evertonfc.cz\/wp-content\/uploads\/2019\/05\/logo.png","contentUrl":"https:\/\/evertonfc.cz\/wp-content\/uploads\/2019\/05\/logo.png","width":112,"height":112,"caption":"Official Czech & Slovak Everton Supporters' Club"},"image":{"@id":"https:\/\/evertonfc.cz\/#\/schema\/logo\/image\/"},"sameAs":["https:\/\/www.facebook.com\/everton.fans.cz.sk"]},{"@type":"Person","@id":"https:\/\/evertonfc.cz\/#\/schema\/person\/e9a24a80a32efa1344dd2c4e5882185c","name":"Karamela","url":"https:\/\/evertonfc.cz\/index.php\/author\/karamela\/"}]}},"_links":{"self":[{"href":"https:\/\/evertonfc.cz\/index.php\/wp-json\/wp\/v2\/posts\/26646"}],"collection":[{"href":"https:\/\/evertonfc.cz\/index.php\/wp-json\/wp\/v2\/posts"}],"about":[{"href":"https:\/\/evertonfc.cz\/index.php\/wp-json\/wp\/v2\/types\/post"}],"author":[{"embeddable":true,"href":"https:\/\/evertonfc.cz\/index.php\/wp-json\/wp\/v2\/users\/26"}],"replies":[{"embeddable":true,"href":"https:\/\/evertonfc.cz\/index.php\/wp-json\/wp\/v2\/comments?post=26646"}],"version-history":[{"count":9,"href":"https:\/\/evertonfc.cz\/index.php\/wp-json\/wp\/v2\/posts\/26646\/revisions"}],"predecessor-version":[{"id":26665,"href":"https:\/\/evertonfc.cz\/index.php\/wp-json\/wp\/v2\/posts\/26646\/revisions\/26665"}],"wp:featuredmedia":[{"embeddable":true,"href":"https:\/\/evertonfc.cz\/index.php\/wp-json\/wp\/v2\/media\/26652"}],"wp:attachment":[{"href":"https:\/\/evertonfc.cz\/index.php\/wp-json\/wp\/v2\/media?parent=26646"}],"wp:term":[{"taxonomy":"category","embeddable":true,"href":"https:\/\/evertonfc.cz\/index.php\/wp-json\/wp\/v2\/categories?post=26646"},{"taxonomy":"post_tag","embeddable":true,"href":"https:\/\/evertonfc.cz\/index.php\/wp-json\/wp\/v2\/tags?post=26646"}],"curies":[{"name":"wp","href":"https:\/\/api.w.org\/{rel}","templated":true}]}}