{"id":2666,"date":"2017-08-17T21:11:35","date_gmt":"2017-08-17T19:11:35","guid":{"rendered":"http:\/\/evertonfc.cz\/?p=2666"},"modified":"2019-02-09T21:58:18","modified_gmt":"2019-02-09T20:58:18","slug":"el-preview-everton-hajduk-split","status":"publish","type":"post","link":"https:\/\/evertonfc.cz\/index.php\/2017\/08\/17\/el-preview-everton-hajduk-split\/","title":{"rendered":"EL Preview: Everton &#8211; Hajduk Split"},"content":{"rendered":"<h4>Po Ru\u017eomberoku stoj\u00ed p\u0159ed Toffees sp\u00edc\u00ed velik\u00e1n z Chorvatska. Prvn\u00ed st\u0159etnut\u00ed dvojz\u00e1pasu, jeho\u017e v\u00edt\u011bz si zahraje z\u00e1kladn\u00ed skupinu Evropsk\u00e9 ligy, host\u00ed Goodison Park.<\/h4>\n<p>V posledn\u00edch dvan\u00e1cti letech se v m\u011bst\u011b na Jadranu douf\u00e1, \u017ee op\u011bt nastane obdob\u00ed podobn\u00e9 70. let\u016fm, kdy Hajduk pat\u0159il ke \u0161pi\u010dce v Jugosl\u00e1vii s ob\u010dasn\u00fdmi zdary na evropsk\u00e9 sc\u00e9n\u011b, nebo obdob\u00ed po vybojov\u00e1n\u00ed nez\u00e1vislosti zem\u011b, kdy hv\u011bzdil u\u017e v samostatn\u00e9m Chorvatsku.<\/p>\n<p>Dom\u00e1c\u00ed mistrovsk\u00fd titul se naposledy slavil v roce 2005 a od roku 2012 z toho v lize nebylo lep\u0161\u00ed ne\u017e t\u0159et\u00ed m\u00edsto. Huben\u00e1 l\u00e9ta jenom podtrhuje n\u00e1sleduj\u00edc\u00ed statistika: Hajduk se letos kvalifikoval do p\u0159edkol Evropsk\u00e9 ligy u\u017e pojeden\u00e1ct\u00e9 v\u00a0\u0159ad\u011b, do z\u00e1kladn\u00ed skupiny v\u0161ak nepro\u0161el od sez\u00f3ny 2010\/11. Tehdy nav\u00edc v konkurenci Zenitu Petrohrad, Anderlechtu a AEK At\u00e9ny uzav\u00edral po\u0159ad\u00ed skupiny s jedinou v\u00fdhrou.<\/p>\n<p>Za \u00fastupem ze sl\u00e1vy a pozic\u00ed za konkurenty z Dinama Z\u00e1h\u0159eb a HNK Rijeka mohou finan\u010dn\u00ed probl\u00e9my. Podcen\u011bn\u00ed by se ale Evertonu mohlo draze vymst\u00edt. St\u0159etne se s kvalitn\u011bj\u0161\u00edm soupe\u0159em ne\u017e byl Ru\u017eomberok a odveta za t\u00fdden ho zavede p\u0159\u00edmo do pekla neboli na stadion Poljud.<\/p>\n<p>Sv\u011b\u0159enci \u0161pan\u011blsk\u00e9ho tren\u00e9ra Joana Carrilla p\u0159icestovali na Merseyside bez zran\u011bn\u00e9ho kanon\u00fdra M\u00e1rka Fut\u00e1cse, kter\u00fd loni nast\u0159\u00edlel 22 branek v 29 z\u00e1pasech. I proto se od Hajduku o\u010dek\u00e1v\u00e1 defenzivn\u011bj\u0161\u00ed pojet\u00ed hry, z n\u011bho\u017e m\u016f\u017ee vyr\u00e1\u017eet k rychl\u00fdm brejk\u016fm. O ofenzivu se budou starat talentovan\u00fd k\u0159\u00eddeln\u00edk Nikola Vlasi\u0107, v 19 letech velk\u00fd p\u0159\u00edslib do budoucna, a o pozn\u00e1n\u00ed zku\u0161en\u011bj\u0161\u00ed k\u0159\u00eddeln\u00edk z\u00a0lev\u00e9 strany Ante Erceg, jen\u017e ve 2. a 3. p\u0159edkole Evropsk\u00e9 ligy proti Levski Sofia a Br\u00f6ndby nas\u00e1zel hned t\u0159i g\u00f3ly.<\/p>\n<p>Hajduk za\u010dal leto\u0161n\u00ed sez\u00f3nu u\u017e p\u0159ed m\u011bs\u00edcem, nyn\u00ed je po 5. kole chorvatsk\u00e9 ligy na druh\u00e9m m\u00edst\u011b. Krom\u011b t\u0159ech v\u00fdher a jedn\u00e9 rem\u00edzy m\u00e1 na kont\u011b prohru 1:3 z p\u016fdy Dinama Z\u00e1h\u0159eb, vedouc\u00edho t\u00fdmu sout\u011b\u017ee.<\/p>\n<p>Everton po t\u0159ech jednobrankov\u00fdch triumfech \u010dek\u00e1 t\u011b\u017ek\u00fdch deset dn\u00ed. N\u00e1ro\u010dn\u00fd konec srpna chce odstartovat s \u010dist\u00fdm kontem, co\u017e se mu zat\u00edm poda\u0159ilo v ka\u017ed\u00e9m st\u0159etnut\u00ed nov\u00e9 sez\u00f3ny, a\u010d mana\u017eer Koeman neust\u00e1le st\u0159\u00edd\u00e1 rozestaven\u00ed se t\u0159emi a dv\u011bma stopery. Proti Chorvat\u016fm pravd\u011bpodobn\u011b vsad\u00ed na formaci 4-3-1-2, kter\u00e1 po p\u0159est\u00e1vce v duelu se Stoke zajistila zlep\u0161en\u00ed hern\u00ed projevu.<\/p>\n<p>Jeliko\u017e si Sandro Ram\u00edrez odnesl z v\u00edkendu men\u0161\u00ed \u0161r\u00e1my, v \u00fatoku se p\u0159edpokl\u00e1d\u00e1 spolupr\u00e1ce dua Rooney, Calvert-Lewin. Pod nimi bude pokra\u010dovat v adaptaci na ostrovn\u00ed fotbal Davy Klaassen podporovan\u00fd st\u0159edovou trojic\u00ed Schneiderlin, Gana a\u2026 \u017ee by mlad\u00fd Davies?<\/p>\n<p>Ot\u00e1zkou z\u016fst\u00e1v\u00e1 obsazen\u00ed Achillovy paty sestavy. Koeman na postu prav\u00e9ho obr\u00e1nce d\u00e1v\u00e1 p\u0159ed Holgatem a Kennym p\u0159ednost Martinovi. Cel\u00e1 z\u00e1kladn\u00ed sestava by tedy mohla vypadat n\u00e1sledovn\u011b: Pickford &#8211; Martina, Keane, Jagielka, Baines &#8211; Schneiderlin, Gueye, Davies &#8211; Klaassen &#8211; Rooney, Calvert-Lewin.<\/p>\n<p>Krom\u011b dlouhodob\u00fdch marod\u016f Colemana, Funese Moriho, Bolasieho, Barkleyho a tak\u00e9 zm\u00edn\u011bn\u00e9ho Sandra Ram\u00edreze st\u00e1le chyb\u00ed lehce zran\u011bn\u00fd James McCarthy. Gylfi Sigurdsson si na debut je\u0161t\u011b mus\u00ed po\u010dkat, s nov\u00fdmi spoluhr\u00e1\u010di poprv\u00e9 tr\u00e9noval a\u017e dnes.<\/p>\n<p>Z\u00e1pas bude ke zhl\u00e9dnut\u00ed na <a href=\"https:\/\/www.youtube.com\/user\/OfficialEverton\" target=\"_blank\" rel=\"noopener\">YouTube kan\u00e1lu Evertonu<\/a>. Klub se tak rozhodl, jeliko\u017e ho nebude vys\u00edlat ani jedna britsk\u00e1 televize, kter\u00e1 n\u011bj vlastn\u00ed pr\u00e1va.<\/p>\n<p><strong>Co:<\/strong> Everton FC &#8211; HNK Hajduk Split, 4. p\u0159edkolo Evropsk\u00e9 ligy, 1. z\u00e1pas<br \/>\n<strong>Kdy:<\/strong> 17. 8. 2017 od 21:05 SE\u010c<br \/>\n<strong>Kde:<\/strong> Goodison Park, Liverpool (kapacita: 40 221)<br \/>\n<strong>Rozhod\u010d\u00ed:<\/strong> Ivan Kru\u017eliak (SVK)<\/p>\n","protected":false},"excerpt":{"rendered":"<p>Po Ru\u017eomberoku stoj\u00ed p\u0159ed Toffees sp\u00edc\u00ed velik\u00e1n z Chorvatska. Prvn\u00ed st\u0159etnut\u00ed dvojz\u00e1pasu, jeho\u017e v\u00edt\u011bz si zahraje z\u00e1kladn\u00ed skupinu Evropsk\u00e9 ligy,&hellip;<\/p>\n","protected":false},"author":6,"featured_media":1314,"comment_status":"open","ping_status":"closed","sticky":false,"template":"","format":"standard","meta":{"_eb_attr":"","_monsterinsights_skip_tracking":false,"_monsterinsights_sitenote_active":false,"_monsterinsights_sitenote_note":"","_monsterinsights_sitenote_category":0,"footnotes":""},"categories":[4],"tags":[],"yoast_head":"<!-- This site is optimized with the Yoast SEO plugin v23.4 - https:\/\/yoast.com\/wordpress\/plugins\/seo\/ -->\n<title>EL Preview: Everton - Hajduk Split - Official Czech &amp; Slovak Everton Supporters&#039; Club<\/title>\n<meta name=\"robots\" content=\"index, follow, max-snippet:-1, max-image-preview:large, max-video-preview:-1\" \/>\n<link rel=\"canonical\" href=\"https:\/\/evertonfc.cz\/index.php\/2017\/08\/17\/el-preview-everton-hajduk-split\/\" \/>\n<meta property=\"og:locale\" content=\"cs_CZ\" \/>\n<meta property=\"og:type\" content=\"article\" \/>\n<meta property=\"og:title\" content=\"EL Preview: Everton - Hajduk Split - Official Czech &amp; Slovak Everton Supporters&#039; Club\" \/>\n<meta property=\"og:description\" content=\"Po Ru\u017eomberoku stoj\u00ed p\u0159ed Toffees sp\u00edc\u00ed velik\u00e1n z Chorvatska. Prvn\u00ed st\u0159etnut\u00ed dvojz\u00e1pasu, jeho\u017e v\u00edt\u011bz si zahraje z\u00e1kladn\u00ed skupinu Evropsk\u00e9 ligy,&hellip;\" \/>\n<meta property=\"og:url\" content=\"https:\/\/evertonfc.cz\/index.php\/2017\/08\/17\/el-preview-everton-hajduk-split\/\" \/>\n<meta property=\"og:site_name\" content=\"Official Czech &amp; Slovak Everton Supporters&#039; Club\" \/>\n<meta property=\"article:publisher\" content=\"https:\/\/www.facebook.com\/everton.fans.cz.sk\" \/>\n<meta property=\"article:published_time\" content=\"2017-08-17T19:11:35+00:00\" \/>\n<meta property=\"article:modified_time\" content=\"2019-02-09T20:58:18+00:00\" \/>\n<meta property=\"og:image\" content=\"https:\/\/evertonfc.cz\/wp-content\/uploads\/2019\/01\/preview.jpg\" \/>\n\t<meta property=\"og:image:width\" content=\"720\" \/>\n\t<meta property=\"og:image:height\" content=\"405\" \/>\n\t<meta property=\"og:image:type\" content=\"image\/jpeg\" \/>\n<meta name=\"author\" content=\"Ri\u010di\" \/>\n<meta name=\"twitter:card\" content=\"summary_large_image\" \/>\n<meta name=\"twitter:creator\" content=\"@rbrejsa\" \/>\n<meta name=\"twitter:label1\" content=\"Napsal(a)\" \/>\n\t<meta name=\"twitter:data1\" content=\"Ri\u010di\" \/>\n\t<meta name=\"twitter:label2\" content=\"Odhadovan\u00e1 doba \u010dten\u00ed\" \/>\n\t<meta name=\"twitter:data2\" content=\"3 minuty\" \/>\n<script type=\"application\/ld+json\" class=\"yoast-schema-graph\">{\"@context\":\"https:\/\/schema.org\",\"@graph\":[{\"@type\":\"Article\",\"@id\":\"https:\/\/evertonfc.cz\/index.php\/2017\/08\/17\/el-preview-everton-hajduk-split\/#article\",\"isPartOf\":{\"@id\":\"https:\/\/evertonfc.cz\/index.php\/2017\/08\/17\/el-preview-everton-hajduk-split\/\"},\"author\":{\"name\":\"Ri\u010di\",\"@id\":\"https:\/\/evertonfc.cz\/#\/schema\/person\/f7a5daedb2ffee98480bc70e191aaef1\"},\"headline\":\"EL Preview: Everton &#8211; Hajduk Split\",\"datePublished\":\"2017-08-17T19:11:35+00:00\",\"dateModified\":\"2019-02-09T20:58:18+00:00\",\"mainEntityOfPage\":{\"@id\":\"https:\/\/evertonfc.cz\/index.php\/2017\/08\/17\/el-preview-everton-hajduk-split\/\"},\"wordCount\":670,\"commentCount\":0,\"publisher\":{\"@id\":\"https:\/\/evertonfc.cz\/#organization\"},\"image\":{\"@id\":\"https:\/\/evertonfc.cz\/index.php\/2017\/08\/17\/el-preview-everton-hajduk-split\/#primaryimage\"},\"thumbnailUrl\":\"https:\/\/evertonfc.cz\/wp-content\/uploads\/2019\/01\/preview.jpg\",\"articleSection\":[\"Z\u00e1pasy\"],\"inLanguage\":\"cs\",\"potentialAction\":[{\"@type\":\"CommentAction\",\"name\":\"Comment\",\"target\":[\"https:\/\/evertonfc.cz\/index.php\/2017\/08\/17\/el-preview-everton-hajduk-split\/#respond\"]}]},{\"@type\":\"WebPage\",\"@id\":\"https:\/\/evertonfc.cz\/index.php\/2017\/08\/17\/el-preview-everton-hajduk-split\/\",\"url\":\"https:\/\/evertonfc.cz\/index.php\/2017\/08\/17\/el-preview-everton-hajduk-split\/\",\"name\":\"EL Preview: Everton - Hajduk Split - Official Czech &amp; Slovak Everton Supporters&#039; Club\",\"isPartOf\":{\"@id\":\"https:\/\/evertonfc.cz\/#website\"},\"primaryImageOfPage\":{\"@id\":\"https:\/\/evertonfc.cz\/index.php\/2017\/08\/17\/el-preview-everton-hajduk-split\/#primaryimage\"},\"image\":{\"@id\":\"https:\/\/evertonfc.cz\/index.php\/2017\/08\/17\/el-preview-everton-hajduk-split\/#primaryimage\"},\"thumbnailUrl\":\"https:\/\/evertonfc.cz\/wp-content\/uploads\/2019\/01\/preview.jpg\",\"datePublished\":\"2017-08-17T19:11:35+00:00\",\"dateModified\":\"2019-02-09T20:58:18+00:00\",\"breadcrumb\":{\"@id\":\"https:\/\/evertonfc.cz\/index.php\/2017\/08\/17\/el-preview-everton-hajduk-split\/#breadcrumb\"},\"inLanguage\":\"cs\",\"potentialAction\":[{\"@type\":\"ReadAction\",\"target\":[\"https:\/\/evertonfc.cz\/index.php\/2017\/08\/17\/el-preview-everton-hajduk-split\/\"]}]},{\"@type\":\"ImageObject\",\"inLanguage\":\"cs\",\"@id\":\"https:\/\/evertonfc.cz\/index.php\/2017\/08\/17\/el-preview-everton-hajduk-split\/#primaryimage\",\"url\":\"https:\/\/evertonfc.cz\/wp-content\/uploads\/2019\/01\/preview.jpg\",\"contentUrl\":\"https:\/\/evertonfc.cz\/wp-content\/uploads\/2019\/01\/preview.jpg\",\"width\":720,\"height\":405},{\"@type\":\"BreadcrumbList\",\"@id\":\"https:\/\/evertonfc.cz\/index.php\/2017\/08\/17\/el-preview-everton-hajduk-split\/#breadcrumb\",\"itemListElement\":[{\"@type\":\"ListItem\",\"position\":1,\"name\":\"Home\",\"item\":\"https:\/\/evertonfc.cz\/\"},{\"@type\":\"ListItem\",\"position\":2,\"name\":\"EL Preview: Everton &#8211; Hajduk Split\"}]},{\"@type\":\"WebSite\",\"@id\":\"https:\/\/evertonfc.cz\/#website\",\"url\":\"https:\/\/evertonfc.cz\/\",\"name\":\"Official Czech &amp; Slovak Everton Supporters&#039; Club\",\"description\":\"\",\"publisher\":{\"@id\":\"https:\/\/evertonfc.cz\/#organization\"},\"potentialAction\":[{\"@type\":\"SearchAction\",\"target\":{\"@type\":\"EntryPoint\",\"urlTemplate\":\"https:\/\/evertonfc.cz\/?s={search_term_string}\"},\"query-input\":{\"@type\":\"PropertyValueSpecification\",\"valueRequired\":true,\"valueName\":\"search_term_string\"}}],\"inLanguage\":\"cs\"},{\"@type\":\"Organization\",\"@id\":\"https:\/\/evertonfc.cz\/#organization\",\"name\":\"Official Czech & Slovak Everton Supporters' Club\",\"url\":\"https:\/\/evertonfc.cz\/\",\"logo\":{\"@type\":\"ImageObject\",\"inLanguage\":\"cs\",\"@id\":\"https:\/\/evertonfc.cz\/#\/schema\/logo\/image\/\",\"url\":\"https:\/\/evertonfc.cz\/wp-content\/uploads\/2019\/05\/logo.png\",\"contentUrl\":\"https:\/\/evertonfc.cz\/wp-content\/uploads\/2019\/05\/logo.png\",\"width\":112,\"height\":112,\"caption\":\"Official Czech & Slovak Everton Supporters' Club\"},\"image\":{\"@id\":\"https:\/\/evertonfc.cz\/#\/schema\/logo\/image\/\"},\"sameAs\":[\"https:\/\/www.facebook.com\/everton.fans.cz.sk\"]},{\"@type\":\"Person\",\"@id\":\"https:\/\/evertonfc.cz\/#\/schema\/person\/f7a5daedb2ffee98480bc70e191aaef1\",\"name\":\"Ri\u010di\",\"sameAs\":[\"https:\/\/x.com\/rbrejsa\"],\"url\":\"https:\/\/evertonfc.cz\/index.php\/author\/rici\/\"}]}<\/script>\n<!-- \/ Yoast SEO plugin. -->","yoast_head_json":{"title":"EL Preview: Everton - Hajduk Split - Official Czech &amp; Slovak Everton Supporters&#039; Club","robots":{"index":"index","follow":"follow","max-snippet":"max-snippet:-1","max-image-preview":"max-image-preview:large","max-video-preview":"max-video-preview:-1"},"canonical":"https:\/\/evertonfc.cz\/index.php\/2017\/08\/17\/el-preview-everton-hajduk-split\/","og_locale":"cs_CZ","og_type":"article","og_title":"EL Preview: Everton - Hajduk Split - Official Czech &amp; Slovak Everton Supporters&#039; Club","og_description":"Po Ru\u017eomberoku stoj\u00ed p\u0159ed Toffees sp\u00edc\u00ed velik\u00e1n z Chorvatska. Prvn\u00ed st\u0159etnut\u00ed dvojz\u00e1pasu, jeho\u017e v\u00edt\u011bz si zahraje z\u00e1kladn\u00ed skupinu Evropsk\u00e9 ligy,&hellip;","og_url":"https:\/\/evertonfc.cz\/index.php\/2017\/08\/17\/el-preview-everton-hajduk-split\/","og_site_name":"Official Czech &amp; Slovak Everton Supporters&#039; Club","article_publisher":"https:\/\/www.facebook.com\/everton.fans.cz.sk","article_published_time":"2017-08-17T19:11:35+00:00","article_modified_time":"2019-02-09T20:58:18+00:00","og_image":[{"width":720,"height":405,"url":"https:\/\/evertonfc.cz\/wp-content\/uploads\/2019\/01\/preview.jpg","type":"image\/jpeg"}],"author":"Ri\u010di","twitter_card":"summary_large_image","twitter_creator":"@rbrejsa","twitter_misc":{"Napsal(a)":"Ri\u010di","Odhadovan\u00e1 doba \u010dten\u00ed":"3 minuty"},"schema":{"@context":"https:\/\/schema.org","@graph":[{"@type":"Article","@id":"https:\/\/evertonfc.cz\/index.php\/2017\/08\/17\/el-preview-everton-hajduk-split\/#article","isPartOf":{"@id":"https:\/\/evertonfc.cz\/index.php\/2017\/08\/17\/el-preview-everton-hajduk-split\/"},"author":{"name":"Ri\u010di","@id":"https:\/\/evertonfc.cz\/#\/schema\/person\/f7a5daedb2ffee98480bc70e191aaef1"},"headline":"EL Preview: Everton &#8211; Hajduk Split","datePublished":"2017-08-17T19:11:35+00:00","dateModified":"2019-02-09T20:58:18+00:00","mainEntityOfPage":{"@id":"https:\/\/evertonfc.cz\/index.php\/2017\/08\/17\/el-preview-everton-hajduk-split\/"},"wordCount":670,"commentCount":0,"publisher":{"@id":"https:\/\/evertonfc.cz\/#organization"},"image":{"@id":"https:\/\/evertonfc.cz\/index.php\/2017\/08\/17\/el-preview-everton-hajduk-split\/#primaryimage"},"thumbnailUrl":"https:\/\/evertonfc.cz\/wp-content\/uploads\/2019\/01\/preview.jpg","articleSection":["Z\u00e1pasy"],"inLanguage":"cs","potentialAction":[{"@type":"CommentAction","name":"Comment","target":["https:\/\/evertonfc.cz\/index.php\/2017\/08\/17\/el-preview-everton-hajduk-split\/#respond"]}]},{"@type":"WebPage","@id":"https:\/\/evertonfc.cz\/index.php\/2017\/08\/17\/el-preview-everton-hajduk-split\/","url":"https:\/\/evertonfc.cz\/index.php\/2017\/08\/17\/el-preview-everton-hajduk-split\/","name":"EL Preview: Everton - Hajduk Split - Official Czech &amp; Slovak Everton Supporters&#039; Club","isPartOf":{"@id":"https:\/\/evertonfc.cz\/#website"},"primaryImageOfPage":{"@id":"https:\/\/evertonfc.cz\/index.php\/2017\/08\/17\/el-preview-everton-hajduk-split\/#primaryimage"},"image":{"@id":"https:\/\/evertonfc.cz\/index.php\/2017\/08\/17\/el-preview-everton-hajduk-split\/#primaryimage"},"thumbnailUrl":"https:\/\/evertonfc.cz\/wp-content\/uploads\/2019\/01\/preview.jpg","datePublished":"2017-08-17T19:11:35+00:00","dateModified":"2019-02-09T20:58:18+00:00","breadcrumb":{"@id":"https:\/\/evertonfc.cz\/index.php\/2017\/08\/17\/el-preview-everton-hajduk-split\/#breadcrumb"},"inLanguage":"cs","potentialAction":[{"@type":"ReadAction","target":["https:\/\/evertonfc.cz\/index.php\/2017\/08\/17\/el-preview-everton-hajduk-split\/"]}]},{"@type":"ImageObject","inLanguage":"cs","@id":"https:\/\/evertonfc.cz\/index.php\/2017\/08\/17\/el-preview-everton-hajduk-split\/#primaryimage","url":"https:\/\/evertonfc.cz\/wp-content\/uploads\/2019\/01\/preview.jpg","contentUrl":"https:\/\/evertonfc.cz\/wp-content\/uploads\/2019\/01\/preview.jpg","width":720,"height":405},{"@type":"BreadcrumbList","@id":"https:\/\/evertonfc.cz\/index.php\/2017\/08\/17\/el-preview-everton-hajduk-split\/#breadcrumb","itemListElement":[{"@type":"ListItem","position":1,"name":"Home","item":"https:\/\/evertonfc.cz\/"},{"@type":"ListItem","position":2,"name":"EL Preview: Everton &#8211; Hajduk Split"}]},{"@type":"WebSite","@id":"https:\/\/evertonfc.cz\/#website","url":"https:\/\/evertonfc.cz\/","name":"Official Czech &amp; Slovak Everton Supporters&#039; Club","description":"","publisher":{"@id":"https:\/\/evertonfc.cz\/#organization"},"potentialAction":[{"@type":"SearchAction","target":{"@type":"EntryPoint","urlTemplate":"https:\/\/evertonfc.cz\/?s={search_term_string}"},"query-input":{"@type":"PropertyValueSpecification","valueRequired":true,"valueName":"search_term_string"}}],"inLanguage":"cs"},{"@type":"Organization","@id":"https:\/\/evertonfc.cz\/#organization","name":"Official Czech & Slovak Everton Supporters' Club","url":"https:\/\/evertonfc.cz\/","logo":{"@type":"ImageObject","inLanguage":"cs","@id":"https:\/\/evertonfc.cz\/#\/schema\/logo\/image\/","url":"https:\/\/evertonfc.cz\/wp-content\/uploads\/2019\/05\/logo.png","contentUrl":"https:\/\/evertonfc.cz\/wp-content\/uploads\/2019\/05\/logo.png","width":112,"height":112,"caption":"Official Czech & Slovak Everton Supporters' Club"},"image":{"@id":"https:\/\/evertonfc.cz\/#\/schema\/logo\/image\/"},"sameAs":["https:\/\/www.facebook.com\/everton.fans.cz.sk"]},{"@type":"Person","@id":"https:\/\/evertonfc.cz\/#\/schema\/person\/f7a5daedb2ffee98480bc70e191aaef1","name":"Ri\u010di","sameAs":["https:\/\/x.com\/rbrejsa"],"url":"https:\/\/evertonfc.cz\/index.php\/author\/rici\/"}]}},"_links":{"self":[{"href":"https:\/\/evertonfc.cz\/index.php\/wp-json\/wp\/v2\/posts\/2666"}],"collection":[{"href":"https:\/\/evertonfc.cz\/index.php\/wp-json\/wp\/v2\/posts"}],"about":[{"href":"https:\/\/evertonfc.cz\/index.php\/wp-json\/wp\/v2\/types\/post"}],"author":[{"embeddable":true,"href":"https:\/\/evertonfc.cz\/index.php\/wp-json\/wp\/v2\/users\/6"}],"replies":[{"embeddable":true,"href":"https:\/\/evertonfc.cz\/index.php\/wp-json\/wp\/v2\/comments?post=2666"}],"version-history":[{"count":3,"href":"https:\/\/evertonfc.cz\/index.php\/wp-json\/wp\/v2\/posts\/2666\/revisions"}],"predecessor-version":[{"id":2713,"href":"https:\/\/evertonfc.cz\/index.php\/wp-json\/wp\/v2\/posts\/2666\/revisions\/2713"}],"wp:featuredmedia":[{"embeddable":true,"href":"https:\/\/evertonfc.cz\/index.php\/wp-json\/wp\/v2\/media\/1314"}],"wp:attachment":[{"href":"https:\/\/evertonfc.cz\/index.php\/wp-json\/wp\/v2\/media?parent=2666"}],"wp:term":[{"taxonomy":"category","embeddable":true,"href":"https:\/\/evertonfc.cz\/index.php\/wp-json\/wp\/v2\/categories?post=2666"},{"taxonomy":"post_tag","embeddable":true,"href":"https:\/\/evertonfc.cz\/index.php\/wp-json\/wp\/v2\/tags?post=2666"}],"curies":[{"name":"wp","href":"https:\/\/api.w.org\/{rel}","templated":true}]}}