{"id":2668,"date":"2010-03-31T21:12:34","date_gmt":"2010-03-31T19:12:34","guid":{"rendered":"http:\/\/evertonfc.cz\/?p=2668"},"modified":"2019-02-09T21:15:28","modified_gmt":"2019-02-09T20:15:28","slug":"gosling-mimo-hru-na-devet-mesicu","status":"publish","type":"post","link":"https:\/\/evertonfc.cz\/index.php\/2010\/03\/31\/gosling-mimo-hru-na-devet-mesicu\/","title":{"rendered":"Gosling mimo hru na dev\u011bt m\u011bs\u00edc\u016f"},"content":{"rendered":"<h4>Je tohle v\u016fbec norm\u00e1ln\u00ed? Evertonu zase p\u0159ibyl dal\u0161\u00ed hr\u00e1\u010d, kter\u00e9ho \u010dek\u00e1 d\u00edky p\u0159etrhan\u00fdm kolenn\u00edm vaz\u016fm p\u0159edlouh\u00e1 pauza. Sm\u016flu si tentokr\u00e1t vybral Dan Gosling.<\/h4>\n<p>Dvacetilet\u00fd univerz\u00e1ln\u00ed mlad\u00edk si zran\u011bn\u00ed p\u0159ivodil v posledn\u00edm z\u00e1pase proti Wolverhamptonu. V posledn\u00edch minut\u00e1ch se srazil s brank\u00e1\u0159em Marcusem Hahnemannem, ov\u0161em zprvu jeho pot\u00ed\u017ee nevypadaly v\u00e1\u017en\u011b, utk\u00e1n\u00ed dokonce dohr\u00e1l. P\u0159esto se Gosling podrobil d\u016fkladn\u00e9mu l\u00e9ka\u0159sk\u00e9mu vy\u0161et\u0159en\u00ed a diagn\u00f3za zn\u00ed pov\u011bdom\u011b &#8211; 9 m\u011bs\u00edc\u016f bez fotbalu.<em> \u201eDan si p\u0159etrhl\u00a0k\u0159\u00ed\u017eov\u00fd kolenn\u00ed vaz a bohu\u017eel n\u00e1m bude chyb\u011bt p\u0159ibli\u017en\u011b t\u0159i\u010dtvrt\u011b roku,\u201c\u00a0<\/em>potvrdil klubov\u00fd l\u00e9ka\u0159, Mick Rathbone.<\/p>\n<p><em>\u201eJsem velmi zklaman\u00fd. Dan u n\u00e1s d\u011blal dobr\u00fd progres a t\u011b\u0161\u00edme se, \u017ee bude zp\u00e1tky co nejd\u0159\u00edve to p\u016fjde,\u201c<\/em> \u0159\u00edk\u00e1 David Moyes, kter\u00fd tak po roce mus\u00ed zkousnout p\u0159ek\u00e1\u017eku v obdob\u011b stejn\u00e9ho zran\u011bn\u00ed, kter\u00e9 si loni v dubnu p\u0159ivodil Phil Jagielka.<\/p>\n<p>Zdravotn\u00ed trable v\u0161ak pron\u00e1sleduj\u00ed v\u00edcero hr\u00e1\u010d\u016f Toffees a bohu\u017eel nep\u0159ekvap\u00ed, \u017ee druh\u00fdm, znovu marod\u00edc\u00edm mlad\u00edkem je James Vaughan. Jednadvacetilet\u00fd \u00fato\u010dn\u00edk se p\u0159ed n\u011bkolika t\u00fddny p\u0159ipojil k Leicesteru City, kam ode\u0161el na hostov\u00e1n\u00ed do konce sezony. Ve sv\u00e9m debutu odehr\u00e1l Vaughan p\u016fl hodiny ve v\u00edt\u011bzn\u00e9m z\u00e1pase Foxes nad Cardiffem, ov\u0161em od onoho z\u00e1pasu na dal\u0161\u00ed akci jen \u010dek\u00e1.<\/p>\n<p><em>\u201eJames m\u00e1 pot\u00ed\u017ee s \u017ealudkem a k tomu ho je\u0161t\u011b zlob\u00ed n\u011bkter\u00e9 dal\u0161\u00ed nep\u0159\u00edjemnosti a pro z\u00e1pasy nen\u00ed p\u0159ipraven\u00fd,\u201c\u00a0<\/em>informuje asistent mana\u017eera Leicesteru Nigela Pearsona, Craig Shakespeare.\u00a0<em>\u201eNechceme riskovat n\u011bco, \u010deho zat\u00edm nen\u00ed schopen. Jeho stav moniturujeme ka\u017ed\u00fd den. Je frustrovan\u00fd, ale sna\u017e\u00edme se, aby nepropadal skepsi. Chce se prosadit.\u201c<\/em><\/p>\n","protected":false},"excerpt":{"rendered":"<p>Je tohle v\u016fbec norm\u00e1ln\u00ed? Evertonu zase p\u0159ibyl dal\u0161\u00ed hr\u00e1\u010d, kter\u00e9ho \u010dek\u00e1 d\u00edky p\u0159etrhan\u00fdm kolenn\u00edm vaz\u016fm p\u0159edlouh\u00e1 pauza. Sm\u016flu si tentokr\u00e1t&hellip;<\/p>\n","protected":false},"author":7,"featured_media":1313,"comment_status":"open","ping_status":"closed","sticky":false,"template":"","format":"standard","meta":{"_eb_attr":"","_monsterinsights_skip_tracking":false,"_monsterinsights_sitenote_active":false,"_monsterinsights_sitenote_note":"","_monsterinsights_sitenote_category":0,"footnotes":""},"categories":[42],"tags":[],"yoast_head":"<!-- This site is optimized with the Yoast SEO plugin v23.4 - https:\/\/yoast.com\/wordpress\/plugins\/seo\/ -->\n<title>Gosling mimo hru na dev\u011bt m\u011bs\u00edc\u016f - Official Czech &amp; Slovak Everton Supporters&#039; Club<\/title>\n<meta name=\"robots\" content=\"index, follow, max-snippet:-1, max-image-preview:large, max-video-preview:-1\" \/>\n<link rel=\"canonical\" href=\"https:\/\/evertonfc.cz\/index.php\/2010\/03\/31\/gosling-mimo-hru-na-devet-mesicu\/\" \/>\n<meta property=\"og:locale\" content=\"cs_CZ\" \/>\n<meta property=\"og:type\" content=\"article\" \/>\n<meta property=\"og:title\" content=\"Gosling mimo hru na dev\u011bt m\u011bs\u00edc\u016f - Official Czech &amp; Slovak Everton Supporters&#039; Club\" \/>\n<meta property=\"og:description\" content=\"Je tohle v\u016fbec norm\u00e1ln\u00ed? Evertonu zase p\u0159ibyl dal\u0161\u00ed hr\u00e1\u010d, kter\u00e9ho \u010dek\u00e1 d\u00edky p\u0159etrhan\u00fdm kolenn\u00edm vaz\u016fm p\u0159edlouh\u00e1 pauza. Sm\u016flu si tentokr\u00e1t&hellip;\" \/>\n<meta property=\"og:url\" content=\"https:\/\/evertonfc.cz\/index.php\/2010\/03\/31\/gosling-mimo-hru-na-devet-mesicu\/\" \/>\n<meta property=\"og:site_name\" content=\"Official Czech &amp; Slovak Everton Supporters&#039; Club\" \/>\n<meta property=\"article:publisher\" content=\"https:\/\/www.facebook.com\/everton.fans.cz.sk\" \/>\n<meta property=\"article:published_time\" content=\"2010-03-31T19:12:34+00:00\" \/>\n<meta property=\"article:modified_time\" content=\"2019-02-09T20:15:28+00:00\" \/>\n<meta property=\"og:image\" content=\"https:\/\/evertonfc.cz\/wp-content\/uploads\/2019\/01\/news.jpg\" \/>\n\t<meta property=\"og:image:width\" content=\"720\" \/>\n\t<meta property=\"og:image:height\" content=\"405\" \/>\n\t<meta property=\"og:image:type\" content=\"image\/jpeg\" \/>\n<meta name=\"author\" content=\"Me\u0148a\" \/>\n<meta name=\"twitter:card\" content=\"summary_large_image\" \/>\n<meta name=\"twitter:label1\" content=\"Napsal(a)\" \/>\n\t<meta name=\"twitter:data1\" content=\"Me\u0148a\" \/>\n\t<meta name=\"twitter:label2\" content=\"Odhadovan\u00e1 doba \u010dten\u00ed\" \/>\n\t<meta name=\"twitter:data2\" content=\"2 minuty\" \/>\n<script type=\"application\/ld+json\" class=\"yoast-schema-graph\">{\"@context\":\"https:\/\/schema.org\",\"@graph\":[{\"@type\":\"Article\",\"@id\":\"https:\/\/evertonfc.cz\/index.php\/2010\/03\/31\/gosling-mimo-hru-na-devet-mesicu\/#article\",\"isPartOf\":{\"@id\":\"https:\/\/evertonfc.cz\/index.php\/2010\/03\/31\/gosling-mimo-hru-na-devet-mesicu\/\"},\"author\":{\"name\":\"Me\u0148a\",\"@id\":\"https:\/\/evertonfc.cz\/#\/schema\/person\/cd6328a75577de2add7793fd4b0930c3\"},\"headline\":\"Gosling mimo hru na dev\u011bt m\u011bs\u00edc\u016f\",\"datePublished\":\"2010-03-31T19:12:34+00:00\",\"dateModified\":\"2019-02-09T20:15:28+00:00\",\"mainEntityOfPage\":{\"@id\":\"https:\/\/evertonfc.cz\/index.php\/2010\/03\/31\/gosling-mimo-hru-na-devet-mesicu\/\"},\"wordCount\":339,\"commentCount\":0,\"publisher\":{\"@id\":\"https:\/\/evertonfc.cz\/#organization\"},\"image\":{\"@id\":\"https:\/\/evertonfc.cz\/index.php\/2010\/03\/31\/gosling-mimo-hru-na-devet-mesicu\/#primaryimage\"},\"thumbnailUrl\":\"https:\/\/evertonfc.cz\/wp-content\/uploads\/2019\/01\/news.jpg\",\"articleSection\":[\"Aktuality\"],\"inLanguage\":\"cs\",\"potentialAction\":[{\"@type\":\"CommentAction\",\"name\":\"Comment\",\"target\":[\"https:\/\/evertonfc.cz\/index.php\/2010\/03\/31\/gosling-mimo-hru-na-devet-mesicu\/#respond\"]}]},{\"@type\":\"WebPage\",\"@id\":\"https:\/\/evertonfc.cz\/index.php\/2010\/03\/31\/gosling-mimo-hru-na-devet-mesicu\/\",\"url\":\"https:\/\/evertonfc.cz\/index.php\/2010\/03\/31\/gosling-mimo-hru-na-devet-mesicu\/\",\"name\":\"Gosling mimo hru na dev\u011bt m\u011bs\u00edc\u016f - Official Czech &amp; Slovak Everton Supporters&#039; Club\",\"isPartOf\":{\"@id\":\"https:\/\/evertonfc.cz\/#website\"},\"primaryImageOfPage\":{\"@id\":\"https:\/\/evertonfc.cz\/index.php\/2010\/03\/31\/gosling-mimo-hru-na-devet-mesicu\/#primaryimage\"},\"image\":{\"@id\":\"https:\/\/evertonfc.cz\/index.php\/2010\/03\/31\/gosling-mimo-hru-na-devet-mesicu\/#primaryimage\"},\"thumbnailUrl\":\"https:\/\/evertonfc.cz\/wp-content\/uploads\/2019\/01\/news.jpg\",\"datePublished\":\"2010-03-31T19:12:34+00:00\",\"dateModified\":\"2019-02-09T20:15:28+00:00\",\"breadcrumb\":{\"@id\":\"https:\/\/evertonfc.cz\/index.php\/2010\/03\/31\/gosling-mimo-hru-na-devet-mesicu\/#breadcrumb\"},\"inLanguage\":\"cs\",\"potentialAction\":[{\"@type\":\"ReadAction\",\"target\":[\"https:\/\/evertonfc.cz\/index.php\/2010\/03\/31\/gosling-mimo-hru-na-devet-mesicu\/\"]}]},{\"@type\":\"ImageObject\",\"inLanguage\":\"cs\",\"@id\":\"https:\/\/evertonfc.cz\/index.php\/2010\/03\/31\/gosling-mimo-hru-na-devet-mesicu\/#primaryimage\",\"url\":\"https:\/\/evertonfc.cz\/wp-content\/uploads\/2019\/01\/news.jpg\",\"contentUrl\":\"https:\/\/evertonfc.cz\/wp-content\/uploads\/2019\/01\/news.jpg\",\"width\":720,\"height\":405},{\"@type\":\"BreadcrumbList\",\"@id\":\"https:\/\/evertonfc.cz\/index.php\/2010\/03\/31\/gosling-mimo-hru-na-devet-mesicu\/#breadcrumb\",\"itemListElement\":[{\"@type\":\"ListItem\",\"position\":1,\"name\":\"Home\",\"item\":\"https:\/\/evertonfc.cz\/\"},{\"@type\":\"ListItem\",\"position\":2,\"name\":\"Gosling mimo hru na dev\u011bt m\u011bs\u00edc\u016f\"}]},{\"@type\":\"WebSite\",\"@id\":\"https:\/\/evertonfc.cz\/#website\",\"url\":\"https:\/\/evertonfc.cz\/\",\"name\":\"Official Czech &amp; Slovak Everton Supporters&#039; Club\",\"description\":\"\",\"publisher\":{\"@id\":\"https:\/\/evertonfc.cz\/#organization\"},\"potentialAction\":[{\"@type\":\"SearchAction\",\"target\":{\"@type\":\"EntryPoint\",\"urlTemplate\":\"https:\/\/evertonfc.cz\/?s={search_term_string}\"},\"query-input\":{\"@type\":\"PropertyValueSpecification\",\"valueRequired\":true,\"valueName\":\"search_term_string\"}}],\"inLanguage\":\"cs\"},{\"@type\":\"Organization\",\"@id\":\"https:\/\/evertonfc.cz\/#organization\",\"name\":\"Official Czech & Slovak Everton Supporters' Club\",\"url\":\"https:\/\/evertonfc.cz\/\",\"logo\":{\"@type\":\"ImageObject\",\"inLanguage\":\"cs\",\"@id\":\"https:\/\/evertonfc.cz\/#\/schema\/logo\/image\/\",\"url\":\"https:\/\/evertonfc.cz\/wp-content\/uploads\/2019\/05\/logo.png\",\"contentUrl\":\"https:\/\/evertonfc.cz\/wp-content\/uploads\/2019\/05\/logo.png\",\"width\":112,\"height\":112,\"caption\":\"Official Czech & Slovak Everton Supporters' Club\"},\"image\":{\"@id\":\"https:\/\/evertonfc.cz\/#\/schema\/logo\/image\/\"},\"sameAs\":[\"https:\/\/www.facebook.com\/everton.fans.cz.sk\"]},{\"@type\":\"Person\",\"@id\":\"https:\/\/evertonfc.cz\/#\/schema\/person\/cd6328a75577de2add7793fd4b0930c3\",\"name\":\"Me\u0148a\",\"url\":\"https:\/\/evertonfc.cz\/index.php\/author\/mena\/\"}]}<\/script>\n<!-- \/ Yoast SEO plugin. -->","yoast_head_json":{"title":"Gosling mimo hru na dev\u011bt m\u011bs\u00edc\u016f - Official Czech &amp; Slovak Everton Supporters&#039; Club","robots":{"index":"index","follow":"follow","max-snippet":"max-snippet:-1","max-image-preview":"max-image-preview:large","max-video-preview":"max-video-preview:-1"},"canonical":"https:\/\/evertonfc.cz\/index.php\/2010\/03\/31\/gosling-mimo-hru-na-devet-mesicu\/","og_locale":"cs_CZ","og_type":"article","og_title":"Gosling mimo hru na dev\u011bt m\u011bs\u00edc\u016f - Official Czech &amp; Slovak Everton Supporters&#039; Club","og_description":"Je tohle v\u016fbec norm\u00e1ln\u00ed? Evertonu zase p\u0159ibyl dal\u0161\u00ed hr\u00e1\u010d, kter\u00e9ho \u010dek\u00e1 d\u00edky p\u0159etrhan\u00fdm kolenn\u00edm vaz\u016fm p\u0159edlouh\u00e1 pauza. Sm\u016flu si tentokr\u00e1t&hellip;","og_url":"https:\/\/evertonfc.cz\/index.php\/2010\/03\/31\/gosling-mimo-hru-na-devet-mesicu\/","og_site_name":"Official Czech &amp; Slovak Everton Supporters&#039; Club","article_publisher":"https:\/\/www.facebook.com\/everton.fans.cz.sk","article_published_time":"2010-03-31T19:12:34+00:00","article_modified_time":"2019-02-09T20:15:28+00:00","og_image":[{"width":720,"height":405,"url":"https:\/\/evertonfc.cz\/wp-content\/uploads\/2019\/01\/news.jpg","type":"image\/jpeg"}],"author":"Me\u0148a","twitter_card":"summary_large_image","twitter_misc":{"Napsal(a)":"Me\u0148a","Odhadovan\u00e1 doba \u010dten\u00ed":"2 minuty"},"schema":{"@context":"https:\/\/schema.org","@graph":[{"@type":"Article","@id":"https:\/\/evertonfc.cz\/index.php\/2010\/03\/31\/gosling-mimo-hru-na-devet-mesicu\/#article","isPartOf":{"@id":"https:\/\/evertonfc.cz\/index.php\/2010\/03\/31\/gosling-mimo-hru-na-devet-mesicu\/"},"author":{"name":"Me\u0148a","@id":"https:\/\/evertonfc.cz\/#\/schema\/person\/cd6328a75577de2add7793fd4b0930c3"},"headline":"Gosling mimo hru na dev\u011bt m\u011bs\u00edc\u016f","datePublished":"2010-03-31T19:12:34+00:00","dateModified":"2019-02-09T20:15:28+00:00","mainEntityOfPage":{"@id":"https:\/\/evertonfc.cz\/index.php\/2010\/03\/31\/gosling-mimo-hru-na-devet-mesicu\/"},"wordCount":339,"commentCount":0,"publisher":{"@id":"https:\/\/evertonfc.cz\/#organization"},"image":{"@id":"https:\/\/evertonfc.cz\/index.php\/2010\/03\/31\/gosling-mimo-hru-na-devet-mesicu\/#primaryimage"},"thumbnailUrl":"https:\/\/evertonfc.cz\/wp-content\/uploads\/2019\/01\/news.jpg","articleSection":["Aktuality"],"inLanguage":"cs","potentialAction":[{"@type":"CommentAction","name":"Comment","target":["https:\/\/evertonfc.cz\/index.php\/2010\/03\/31\/gosling-mimo-hru-na-devet-mesicu\/#respond"]}]},{"@type":"WebPage","@id":"https:\/\/evertonfc.cz\/index.php\/2010\/03\/31\/gosling-mimo-hru-na-devet-mesicu\/","url":"https:\/\/evertonfc.cz\/index.php\/2010\/03\/31\/gosling-mimo-hru-na-devet-mesicu\/","name":"Gosling mimo hru na dev\u011bt m\u011bs\u00edc\u016f - Official Czech &amp; Slovak Everton Supporters&#039; Club","isPartOf":{"@id":"https:\/\/evertonfc.cz\/#website"},"primaryImageOfPage":{"@id":"https:\/\/evertonfc.cz\/index.php\/2010\/03\/31\/gosling-mimo-hru-na-devet-mesicu\/#primaryimage"},"image":{"@id":"https:\/\/evertonfc.cz\/index.php\/2010\/03\/31\/gosling-mimo-hru-na-devet-mesicu\/#primaryimage"},"thumbnailUrl":"https:\/\/evertonfc.cz\/wp-content\/uploads\/2019\/01\/news.jpg","datePublished":"2010-03-31T19:12:34+00:00","dateModified":"2019-02-09T20:15:28+00:00","breadcrumb":{"@id":"https:\/\/evertonfc.cz\/index.php\/2010\/03\/31\/gosling-mimo-hru-na-devet-mesicu\/#breadcrumb"},"inLanguage":"cs","potentialAction":[{"@type":"ReadAction","target":["https:\/\/evertonfc.cz\/index.php\/2010\/03\/31\/gosling-mimo-hru-na-devet-mesicu\/"]}]},{"@type":"ImageObject","inLanguage":"cs","@id":"https:\/\/evertonfc.cz\/index.php\/2010\/03\/31\/gosling-mimo-hru-na-devet-mesicu\/#primaryimage","url":"https:\/\/evertonfc.cz\/wp-content\/uploads\/2019\/01\/news.jpg","contentUrl":"https:\/\/evertonfc.cz\/wp-content\/uploads\/2019\/01\/news.jpg","width":720,"height":405},{"@type":"BreadcrumbList","@id":"https:\/\/evertonfc.cz\/index.php\/2010\/03\/31\/gosling-mimo-hru-na-devet-mesicu\/#breadcrumb","itemListElement":[{"@type":"ListItem","position":1,"name":"Home","item":"https:\/\/evertonfc.cz\/"},{"@type":"ListItem","position":2,"name":"Gosling mimo hru na dev\u011bt m\u011bs\u00edc\u016f"}]},{"@type":"WebSite","@id":"https:\/\/evertonfc.cz\/#website","url":"https:\/\/evertonfc.cz\/","name":"Official Czech &amp; Slovak Everton Supporters&#039; Club","description":"","publisher":{"@id":"https:\/\/evertonfc.cz\/#organization"},"potentialAction":[{"@type":"SearchAction","target":{"@type":"EntryPoint","urlTemplate":"https:\/\/evertonfc.cz\/?s={search_term_string}"},"query-input":{"@type":"PropertyValueSpecification","valueRequired":true,"valueName":"search_term_string"}}],"inLanguage":"cs"},{"@type":"Organization","@id":"https:\/\/evertonfc.cz\/#organization","name":"Official Czech & Slovak Everton Supporters' Club","url":"https:\/\/evertonfc.cz\/","logo":{"@type":"ImageObject","inLanguage":"cs","@id":"https:\/\/evertonfc.cz\/#\/schema\/logo\/image\/","url":"https:\/\/evertonfc.cz\/wp-content\/uploads\/2019\/05\/logo.png","contentUrl":"https:\/\/evertonfc.cz\/wp-content\/uploads\/2019\/05\/logo.png","width":112,"height":112,"caption":"Official Czech & Slovak Everton Supporters' Club"},"image":{"@id":"https:\/\/evertonfc.cz\/#\/schema\/logo\/image\/"},"sameAs":["https:\/\/www.facebook.com\/everton.fans.cz.sk"]},{"@type":"Person","@id":"https:\/\/evertonfc.cz\/#\/schema\/person\/cd6328a75577de2add7793fd4b0930c3","name":"Me\u0148a","url":"https:\/\/evertonfc.cz\/index.php\/author\/mena\/"}]}},"_links":{"self":[{"href":"https:\/\/evertonfc.cz\/index.php\/wp-json\/wp\/v2\/posts\/2668"}],"collection":[{"href":"https:\/\/evertonfc.cz\/index.php\/wp-json\/wp\/v2\/posts"}],"about":[{"href":"https:\/\/evertonfc.cz\/index.php\/wp-json\/wp\/v2\/types\/post"}],"author":[{"embeddable":true,"href":"https:\/\/evertonfc.cz\/index.php\/wp-json\/wp\/v2\/users\/7"}],"replies":[{"embeddable":true,"href":"https:\/\/evertonfc.cz\/index.php\/wp-json\/wp\/v2\/comments?post=2668"}],"version-history":[{"count":1,"href":"https:\/\/evertonfc.cz\/index.php\/wp-json\/wp\/v2\/posts\/2668\/revisions"}],"predecessor-version":[{"id":2671,"href":"https:\/\/evertonfc.cz\/index.php\/wp-json\/wp\/v2\/posts\/2668\/revisions\/2671"}],"wp:featuredmedia":[{"embeddable":true,"href":"https:\/\/evertonfc.cz\/index.php\/wp-json\/wp\/v2\/media\/1313"}],"wp:attachment":[{"href":"https:\/\/evertonfc.cz\/index.php\/wp-json\/wp\/v2\/media?parent=2668"}],"wp:term":[{"taxonomy":"category","embeddable":true,"href":"https:\/\/evertonfc.cz\/index.php\/wp-json\/wp\/v2\/categories?post=2668"},{"taxonomy":"post_tag","embeddable":true,"href":"https:\/\/evertonfc.cz\/index.php\/wp-json\/wp\/v2\/tags?post=2668"}],"curies":[{"name":"wp","href":"https:\/\/api.w.org\/{rel}","templated":true}]}}