{"id":26681,"date":"2025-05-07T18:23:15","date_gmt":"2025-05-07T16:23:15","guid":{"rendered":"https:\/\/evertonfc.cz\/?p=26681"},"modified":"2025-05-09T15:37:19","modified_gmt":"2025-05-09T13:37:19","slug":"liverpool-w-everton-w-02","status":"publish","type":"post","link":"https:\/\/evertonfc.cz\/index.php\/2025\/05\/07\/liverpool-w-everton-w-02\/","title":{"rendered":"Liverpool W &#8211; Everton W 0:2"},"content":{"rendered":"<h4>Na Merseyside derby se \u010dlov\u011bk pod\u00edv\u00e1 r\u00e1d. T\u00edm sp\u00ed\u0161e, \u017ee ve WSL na Anfieldu jsme zat\u00edm poka\u017ed\u00e9 vyhr\u00e1li. V zapo\u010dat\u00e9 \u0161\u0148\u016f\u0159e pokra\u010dujeme!<\/h4>\n<p>K p\u0159edposledn\u00edmu z\u00e1pasu sez\u00f3ny a posledn\u00edmu venkovn\u00edmu jsme nastoupili pos\u00edlen\u00ed o uzdravenou Kelly Gago. Z\u00e1pasov\u00e9 nominace se do\u010dkala tak\u00e9 Aurora Galli, kter\u00e1 se vr\u00e1tila po zran\u011bn\u00ed kolena z \u00favodn\u00edho z\u00e1pasu sez\u00f3ny! Ma\u010d sice str\u00e1vila na lavi\u010dce, ale i tak bylo p\u0159\u00edjemn\u00e9 j\u00ed vid\u011bt op\u011bt v evertonsk\u00fdch barv\u00e1ch.<\/p>\n<h4>Jdeme do veden\u00ed!<\/h4>\n<p>Katja Snoeijs nebude p\u0159edpokl\u00e1d\u00e1m mezi fanou\u0161ky Reds pr\u00e1v\u011b obl\u00edben\u00e1. Nejprve na podzim st\u0159elila jedin\u00fd a z\u00e1rove\u0148 v\u00edt\u011bzn\u00fd g\u00f3l derby po velmi sporn\u00e9 penalt\u011b. Nyn\u00ed u\u017e v sedm\u00e9 minut\u011b zachytila na p\u016fli soupe\u0159ek nep\u0159esnou p\u0159ihr\u00e1vku a po p\u0159i\u0165uknut\u00ed s Gago relativn\u011b nev\u00fdraznou st\u0159elou po zemi p\u0159ekonala Laws &#8211; <strong>0:1<\/strong>. Dom\u00e1c\u00ed reagovaly rozhodn\u011b a us\u00eddlily se na na\u0161\u00ed polovin\u011b. T\u011bsn\u011b p\u0159ed p\u016flic\u00ed \u010d\u00e1rou z\u016fstala jen stoperka Fisk, jinak Liverpool postupn\u011b vrhl v\u0161e do \u00fatoku. Chu\u0165 vyrovnat byla nepochybn\u00e1, zato p\u0159esnost v zakon\u010den\u00ed chyb\u011bla.<\/p>\n<p>Dom\u00e1c\u00ed tak\u00e9 dr\u017eela na uzd\u011b ob\u011btavost na\u0161ich hr\u00e1\u010dek, kter\u00e9 zablokovaly nejeden st\u0159eleck\u00fd pokus . Brosnan se dostala jen k minimu z\u00e1sah\u016f, ale ty byly suver\u00e9nn\u00ed. Nicm\u00e9n\u011b nejv\u011bt\u0161\u00ed slu\u017ebu n\u00e1m prok\u00e1zalo b\u0159evno, kter\u00e9 ve 30. minut\u011b zastavilo d\u011blovku Hinds. K tradi\u010dn\u011b s p\u0159ehledem\u00a0 br\u00e1n\u00edc\u00ed Fern\u00e1ndez se plnohodnotn\u011b p\u0159ipojila i Stenevik. Na lev\u00e9 stran\u011b Sara Holmgaard v\u011bnovala n\u011b\u017enou p\u00e9\u010di \u0161p\u00edlmacherce Reds Olivii Smith, kter\u00e1 od na\u0161\u00ed D\u00e1nky dost\u00e1vala \u0159\u00e1dn\u011b nalo\u017eeno. Co\u017e ocenili away fans potleskem a sud\u00ed \u017elutou kartou.<\/p>\n<h4>A p\u0159id\u00e1v\u00e1me dal\u0161\u00ed!<\/h4>\n<p>Hned na za\u010d\u00e1tku druh\u00e9 p\u016fle byla v g\u00f3lov\u00e9 \u0161anci Smith, ale Brosnan j\u00ed skokem pod nohy odebrala m\u00ed\u010d v nejvy\u0161\u0161\u00ed \u010das. To p\u0159edznamenalo pr\u016fb\u011bh druh\u00e9 p\u016fle. P\u0159est\u00e1vali jsme st\u00edhat, pr\u016fniky dom\u00e1c\u00edch byly \u010dast\u011bj\u0161\u00ed a nebezpe\u010dn\u011bj\u0161\u00ed. Brosnan musela vyt\u00e1hnout nejeden vynikaj\u00edc\u00ed z\u00e1krok. Jako byl nap\u0159\u00edklad ten ze 60. minuty, kdy op\u011bt p\u0159ekazila tutovku Smith. V t\u011bchto chv\u00edl\u00edch nejsp\u00ed\u0161 nebyl kurz na na\u0161e v\u00edt\u011bzstv\u00ed povzbuzuj\u00edc\u00ed &#8211; Liverpool n\u00e1s p\u0159ehr\u00e1val prakticky ve v\u0161ech statistik\u00e1ch. Krom\u011b t\u00e9 hlavn\u00ed &#8211; ve vst\u0159elen\u00fdch g\u00f3lech.<\/p>\n<p>A zcela proti proudu pr\u016fb\u011bhu z\u00e1pasu jsme v 69. minut\u011b p\u0159idali druhou branku, kdy\u017e p\u0159esnou p\u0159ihr\u00e1vku Toni Payne bez v\u00e1h\u00e1n\u00ed zu\u017eitkovala Karen Holmgaard &#8211; <strong>0:2<\/strong>. Senzace! Deset minut p\u0159ed koncem \u0159\u00e1dn\u00ed hrac\u00ed doby jsme \u0161li do deseti hr\u00e1\u010dek,\u00a0 Sara Holmgaard po ragbyov\u00e9 skl\u00e1dce Smith vid\u011bla druhou \u017elutou a n\u00e1sledn\u011b \u010dervenou kartu. V z\u00e1v\u011bre\u010dn\u00e9 sedmn\u00e1ctiminutovce jsme je\u0161t\u011b mohli j\u00edt do dev\u00edti hr\u00e1\u010dek, ale na\u0161t\u011bst\u00ed rozhod\u010d\u00ed byla po z\u00e1kroku Sarri milosrdn\u00e1. Smith se je\u0161t\u011b o p\u00e1r st\u0159el pokusila, ale o\u010dek\u00e1van\u00fd velk\u00fd n\u00e1por Reds u\u017e nep\u0159i\u0161el. 0b\u011b strany toho zjevn\u011b m\u011bli po fyzick\u00e9 str\u00e1nce pr\u00e1v\u011b dost. Liverpool je letos modr\u00fd!<\/p>\n<h4>Shrnut\u00ed<\/h4>\n<p>Derby je v\u017edy speci\u00e1ln\u00ed z\u00e1pas a op\u011bt se to potvrdilo. Nasazen\u00ed, ob\u011btavost a fyzick\u00e1 s\u00edla tentokr\u00e1t usp\u011bly proti statisticky lep\u0161\u00edmu t\u00fdmu. Hr\u00e1\u010dkou z\u00e1pasu byla po pr\u00e1vu vyhl\u00e1\u0161ena Brosnan, ale velmi solidn\u00ed v\u00fdkon p\u0159edvedla nap\u0159\u00edklad\u00a0 i dvojice Fern\u00e1ndez &#8211; Stenevik. \u010casu na zotaven\u00ed po derby nen\u00ed mnoho, necel\u00fd t\u00fdden. V sobotu n\u00e1s \u010dek\u00e1 z\u00e1v\u011bre\u010dn\u00fd z\u00e1pas leto\u0161n\u00ed sez\u00f3ny, kdy na Walton Hall Park p\u0159iv\u00edt\u00e1me Spurs. Pokud n\u00e1m budou okolnosti naklon\u011bny p\u0159\u00edzniv\u011b, mohli bychom zakon\u010dit leto\u0161n\u00ed ro\u010dn\u00edk WSL na \u0161est\u00e9m m\u00edst\u011b. Pokud ne, tak na dev\u00e1t\u00e9m. Tak tedy <strong><span style=\"color: #0000ff;\">COYBG!<\/span><\/strong><\/p>\n<p style=\"text-align: right;\"><span style=\"font-size: 8pt;\"><em>Fotografie: Everton slav\u00ed (zdroj Getty Images via roayalbluemersey)<\/em><\/span><\/p>\n<p><strong>G\u00f3ly:<\/strong> Snoeijs (7\u00b4), K. Holmgaard (69\u00b4)\u00a0 <strong>\u017dK:<\/strong> Fisk &#8211; S. Holmgaard, Madsen\u00a0 <strong>\u010cK:<\/strong> S. Holmgaard<\/p>\n<p><strong>LFC (4-2-3-1):<\/strong> Laws; Clark (Fahey 86&#8242;)<span class=\"visually-hidden ssrcss-1f39n02-VisuallyHidden e16en2lz0\">, Fisk, <\/span><span class=\"visually-hidden ssrcss-1f39n02-VisuallyHidden e16en2lz0\">Bonner, <\/span><span class=\"visually-hidden ssrcss-1f39n02-VisuallyHidden e16en2lz0\">Hinds; Kerr, Nagano (Ju\u0301lia Bartel 86&#8242;); S<\/span>mith<span class=\"visually-hidden ssrcss-1f39n02-VisuallyHidden e16en2lz0\">, H\u00f6binger, <\/span><span class=\"visually-hidden ssrcss-1f39n02-VisuallyHidden e16en2lz0\">Holland; <\/span><span class=\"visually-hidden ssrcss-1f39n02-VisuallyHidden e16en2lz0\">Haug (Kapocs 68&#8242;)<\/span><\/p>\n<p><strong>EFC (4-1-3-2):<\/strong> Brosnan; Karen Holmgaard (I. Hobson 76&#8242;), Fern\u00e1ndez, <span class=\"visually-hidden ssrcss-1f39n02-VisuallyHidden e16en2lz0\">Stenevik, Sara<\/span> Holmgaard; <span class=\"visually-hidden ssrcss-1f39n02-VisuallyHidden e16en2lz0\">Vanhaevermaet; <\/span><span class=\"visually-hidden ssrcss-1f39n02-VisuallyHidden e16en2lz0\">Olesen (Sarri 75&#8242;), <\/span><span class=\"visually-hidden ssrcss-1f39n02-VisuallyHidden e16en2lz0\">Wheeler, <\/span><span class=\"visually-hidden ssrcss-1f39n02-VisuallyHidden e16en2lz0\">Hayashi (Watson 75&#8242;); <\/span>Snoeijs (Madsen 84&#8242;), Gago (Toni Payne 63&#8242;)<\/p>\n<p><strong>Rozhod\u010d\u00ed:<\/strong> Lisa Benn\u00a0 <strong>Div\u00e1ci:<\/strong> 15 376 (Anfield)<\/p>\n<p><iframe loading=\"lazy\" title=\"Full Match: Liverpool v Everton | Barclays WSL 2024-25\" width=\"1140\" height=\"641\" src=\"https:\/\/www.youtube.com\/embed\/0swt4b-1X_M?feature=oembed\" frameborder=\"0\" allow=\"accelerometer; autoplay; clipboard-write; encrypted-media; gyroscope; picture-in-picture; web-share\" referrerpolicy=\"strict-origin-when-cross-origin\" allowfullscreen><\/iframe><\/p>\n","protected":false},"excerpt":{"rendered":"<p>Na Merseyside derby se \u010dlov\u011bk pod\u00edv\u00e1 r\u00e1d. T\u00edm sp\u00ed\u0161e, \u017ee ve WSL na Anfieldu jsme zat\u00edm poka\u017ed\u00e9 vyhr\u00e1li. V zapo\u010dat\u00e9 \u0161\u0148\u016f\u0159e pokra\u010dujeme!<\/p>\n","protected":false},"author":26,"featured_media":26694,"comment_status":"open","ping_status":"closed","sticky":false,"template":"","format":"standard","meta":{"_eb_attr":"","_monsterinsights_skip_tracking":false,"_monsterinsights_sitenote_active":false,"_monsterinsights_sitenote_note":"","_monsterinsights_sitenote_category":0,"footnotes":""},"categories":[110],"tags":[],"yoast_head":"<!-- This site is optimized with the Yoast SEO plugin v23.4 - https:\/\/yoast.com\/wordpress\/plugins\/seo\/ -->\n<title>Liverpool W - Everton W 0:2 - Official Czech &amp; Slovak Everton Supporters&#039; Club<\/title>\n<meta name=\"robots\" content=\"index, follow, max-snippet:-1, max-image-preview:large, max-video-preview:-1\" \/>\n<link rel=\"canonical\" href=\"https:\/\/evertonfc.cz\/index.php\/2025\/05\/07\/liverpool-w-everton-w-02\/\" \/>\n<meta property=\"og:locale\" content=\"cs_CZ\" \/>\n<meta property=\"og:type\" content=\"article\" \/>\n<meta property=\"og:title\" content=\"Liverpool W - Everton W 0:2 - Official Czech &amp; Slovak Everton Supporters&#039; Club\" \/>\n<meta property=\"og:description\" content=\"Na Merseyside derby se \u010dlov\u011bk pod\u00edv\u00e1 r\u00e1d. T\u00edm sp\u00ed\u0161e, \u017ee ve WSL na Anfieldu jsme zat\u00edm poka\u017ed\u00e9 vyhr\u00e1li. V zapo\u010dat\u00e9 \u0161\u0148\u016f\u0159e pokra\u010dujeme!\" \/>\n<meta property=\"og:url\" content=\"https:\/\/evertonfc.cz\/index.php\/2025\/05\/07\/liverpool-w-everton-w-02\/\" \/>\n<meta property=\"og:site_name\" content=\"Official Czech &amp; Slovak Everton Supporters&#039; Club\" \/>\n<meta property=\"article:publisher\" content=\"https:\/\/www.facebook.com\/everton.fans.cz.sk\" \/>\n<meta property=\"article:published_time\" content=\"2025-05-07T16:23:15+00:00\" \/>\n<meta property=\"article:modified_time\" content=\"2025-05-09T13:37:19+00:00\" \/>\n<meta property=\"og:image\" content=\"https:\/\/evertonfc.cz\/wp-content\/uploads\/2025\/05\/Everton-in-derby-4_5_2025-web.jpg\" \/>\n\t<meta property=\"og:image:width\" content=\"720\" \/>\n\t<meta property=\"og:image:height\" content=\"405\" \/>\n\t<meta property=\"og:image:type\" content=\"image\/jpeg\" \/>\n<meta name=\"author\" content=\"Karamela\" \/>\n<meta name=\"twitter:card\" content=\"summary_large_image\" \/>\n<meta name=\"twitter:label1\" content=\"Napsal(a)\" \/>\n\t<meta name=\"twitter:data1\" content=\"Karamela\" \/>\n\t<meta name=\"twitter:label2\" content=\"Odhadovan\u00e1 doba \u010dten\u00ed\" \/>\n\t<meta name=\"twitter:data2\" content=\"4 minuty\" \/>\n<script type=\"application\/ld+json\" class=\"yoast-schema-graph\">{\"@context\":\"https:\/\/schema.org\",\"@graph\":[{\"@type\":\"Article\",\"@id\":\"https:\/\/evertonfc.cz\/index.php\/2025\/05\/07\/liverpool-w-everton-w-02\/#article\",\"isPartOf\":{\"@id\":\"https:\/\/evertonfc.cz\/index.php\/2025\/05\/07\/liverpool-w-everton-w-02\/\"},\"author\":{\"name\":\"Karamela\",\"@id\":\"https:\/\/evertonfc.cz\/#\/schema\/person\/e9a24a80a32efa1344dd2c4e5882185c\"},\"headline\":\"Liverpool W &#8211; Everton W 0:2\",\"datePublished\":\"2025-05-07T16:23:15+00:00\",\"dateModified\":\"2025-05-09T13:37:19+00:00\",\"mainEntityOfPage\":{\"@id\":\"https:\/\/evertonfc.cz\/index.php\/2025\/05\/07\/liverpool-w-everton-w-02\/\"},\"wordCount\":793,\"commentCount\":0,\"publisher\":{\"@id\":\"https:\/\/evertonfc.cz\/#organization\"},\"image\":{\"@id\":\"https:\/\/evertonfc.cz\/index.php\/2025\/05\/07\/liverpool-w-everton-w-02\/#primaryimage\"},\"thumbnailUrl\":\"https:\/\/evertonfc.cz\/wp-content\/uploads\/2025\/05\/Everton-in-derby-4_5_2025-web.jpg\",\"articleSection\":[\"Everton Women\"],\"inLanguage\":\"cs\",\"potentialAction\":[{\"@type\":\"CommentAction\",\"name\":\"Comment\",\"target\":[\"https:\/\/evertonfc.cz\/index.php\/2025\/05\/07\/liverpool-w-everton-w-02\/#respond\"]}]},{\"@type\":\"WebPage\",\"@id\":\"https:\/\/evertonfc.cz\/index.php\/2025\/05\/07\/liverpool-w-everton-w-02\/\",\"url\":\"https:\/\/evertonfc.cz\/index.php\/2025\/05\/07\/liverpool-w-everton-w-02\/\",\"name\":\"Liverpool W - Everton W 0:2 - Official Czech &amp; Slovak Everton Supporters&#039; Club\",\"isPartOf\":{\"@id\":\"https:\/\/evertonfc.cz\/#website\"},\"primaryImageOfPage\":{\"@id\":\"https:\/\/evertonfc.cz\/index.php\/2025\/05\/07\/liverpool-w-everton-w-02\/#primaryimage\"},\"image\":{\"@id\":\"https:\/\/evertonfc.cz\/index.php\/2025\/05\/07\/liverpool-w-everton-w-02\/#primaryimage\"},\"thumbnailUrl\":\"https:\/\/evertonfc.cz\/wp-content\/uploads\/2025\/05\/Everton-in-derby-4_5_2025-web.jpg\",\"datePublished\":\"2025-05-07T16:23:15+00:00\",\"dateModified\":\"2025-05-09T13:37:19+00:00\",\"breadcrumb\":{\"@id\":\"https:\/\/evertonfc.cz\/index.php\/2025\/05\/07\/liverpool-w-everton-w-02\/#breadcrumb\"},\"inLanguage\":\"cs\",\"potentialAction\":[{\"@type\":\"ReadAction\",\"target\":[\"https:\/\/evertonfc.cz\/index.php\/2025\/05\/07\/liverpool-w-everton-w-02\/\"]}]},{\"@type\":\"ImageObject\",\"inLanguage\":\"cs\",\"@id\":\"https:\/\/evertonfc.cz\/index.php\/2025\/05\/07\/liverpool-w-everton-w-02\/#primaryimage\",\"url\":\"https:\/\/evertonfc.cz\/wp-content\/uploads\/2025\/05\/Everton-in-derby-4_5_2025-web.jpg\",\"contentUrl\":\"https:\/\/evertonfc.cz\/wp-content\/uploads\/2025\/05\/Everton-in-derby-4_5_2025-web.jpg\",\"width\":720,\"height\":405},{\"@type\":\"BreadcrumbList\",\"@id\":\"https:\/\/evertonfc.cz\/index.php\/2025\/05\/07\/liverpool-w-everton-w-02\/#breadcrumb\",\"itemListElement\":[{\"@type\":\"ListItem\",\"position\":1,\"name\":\"Home\",\"item\":\"https:\/\/evertonfc.cz\/\"},{\"@type\":\"ListItem\",\"position\":2,\"name\":\"Liverpool W &#8211; Everton W 0:2\"}]},{\"@type\":\"WebSite\",\"@id\":\"https:\/\/evertonfc.cz\/#website\",\"url\":\"https:\/\/evertonfc.cz\/\",\"name\":\"Official Czech &amp; Slovak Everton Supporters&#039; Club\",\"description\":\"\",\"publisher\":{\"@id\":\"https:\/\/evertonfc.cz\/#organization\"},\"potentialAction\":[{\"@type\":\"SearchAction\",\"target\":{\"@type\":\"EntryPoint\",\"urlTemplate\":\"https:\/\/evertonfc.cz\/?s={search_term_string}\"},\"query-input\":{\"@type\":\"PropertyValueSpecification\",\"valueRequired\":true,\"valueName\":\"search_term_string\"}}],\"inLanguage\":\"cs\"},{\"@type\":\"Organization\",\"@id\":\"https:\/\/evertonfc.cz\/#organization\",\"name\":\"Official Czech & Slovak Everton Supporters' Club\",\"url\":\"https:\/\/evertonfc.cz\/\",\"logo\":{\"@type\":\"ImageObject\",\"inLanguage\":\"cs\",\"@id\":\"https:\/\/evertonfc.cz\/#\/schema\/logo\/image\/\",\"url\":\"https:\/\/evertonfc.cz\/wp-content\/uploads\/2019\/05\/logo.png\",\"contentUrl\":\"https:\/\/evertonfc.cz\/wp-content\/uploads\/2019\/05\/logo.png\",\"width\":112,\"height\":112,\"caption\":\"Official Czech & Slovak Everton Supporters' Club\"},\"image\":{\"@id\":\"https:\/\/evertonfc.cz\/#\/schema\/logo\/image\/\"},\"sameAs\":[\"https:\/\/www.facebook.com\/everton.fans.cz.sk\"]},{\"@type\":\"Person\",\"@id\":\"https:\/\/evertonfc.cz\/#\/schema\/person\/e9a24a80a32efa1344dd2c4e5882185c\",\"name\":\"Karamela\",\"url\":\"https:\/\/evertonfc.cz\/index.php\/author\/karamela\/\"}]}<\/script>\n<!-- \/ Yoast SEO plugin. -->","yoast_head_json":{"title":"Liverpool W - Everton W 0:2 - Official Czech &amp; Slovak Everton Supporters&#039; Club","robots":{"index":"index","follow":"follow","max-snippet":"max-snippet:-1","max-image-preview":"max-image-preview:large","max-video-preview":"max-video-preview:-1"},"canonical":"https:\/\/evertonfc.cz\/index.php\/2025\/05\/07\/liverpool-w-everton-w-02\/","og_locale":"cs_CZ","og_type":"article","og_title":"Liverpool W - Everton W 0:2 - Official Czech &amp; Slovak Everton Supporters&#039; Club","og_description":"Na Merseyside derby se \u010dlov\u011bk pod\u00edv\u00e1 r\u00e1d. T\u00edm sp\u00ed\u0161e, \u017ee ve WSL na Anfieldu jsme zat\u00edm poka\u017ed\u00e9 vyhr\u00e1li. V zapo\u010dat\u00e9 \u0161\u0148\u016f\u0159e pokra\u010dujeme!","og_url":"https:\/\/evertonfc.cz\/index.php\/2025\/05\/07\/liverpool-w-everton-w-02\/","og_site_name":"Official Czech &amp; Slovak Everton Supporters&#039; Club","article_publisher":"https:\/\/www.facebook.com\/everton.fans.cz.sk","article_published_time":"2025-05-07T16:23:15+00:00","article_modified_time":"2025-05-09T13:37:19+00:00","og_image":[{"width":720,"height":405,"url":"https:\/\/evertonfc.cz\/wp-content\/uploads\/2025\/05\/Everton-in-derby-4_5_2025-web.jpg","type":"image\/jpeg"}],"author":"Karamela","twitter_card":"summary_large_image","twitter_misc":{"Napsal(a)":"Karamela","Odhadovan\u00e1 doba \u010dten\u00ed":"4 minuty"},"schema":{"@context":"https:\/\/schema.org","@graph":[{"@type":"Article","@id":"https:\/\/evertonfc.cz\/index.php\/2025\/05\/07\/liverpool-w-everton-w-02\/#article","isPartOf":{"@id":"https:\/\/evertonfc.cz\/index.php\/2025\/05\/07\/liverpool-w-everton-w-02\/"},"author":{"name":"Karamela","@id":"https:\/\/evertonfc.cz\/#\/schema\/person\/e9a24a80a32efa1344dd2c4e5882185c"},"headline":"Liverpool W &#8211; Everton W 0:2","datePublished":"2025-05-07T16:23:15+00:00","dateModified":"2025-05-09T13:37:19+00:00","mainEntityOfPage":{"@id":"https:\/\/evertonfc.cz\/index.php\/2025\/05\/07\/liverpool-w-everton-w-02\/"},"wordCount":793,"commentCount":0,"publisher":{"@id":"https:\/\/evertonfc.cz\/#organization"},"image":{"@id":"https:\/\/evertonfc.cz\/index.php\/2025\/05\/07\/liverpool-w-everton-w-02\/#primaryimage"},"thumbnailUrl":"https:\/\/evertonfc.cz\/wp-content\/uploads\/2025\/05\/Everton-in-derby-4_5_2025-web.jpg","articleSection":["Everton Women"],"inLanguage":"cs","potentialAction":[{"@type":"CommentAction","name":"Comment","target":["https:\/\/evertonfc.cz\/index.php\/2025\/05\/07\/liverpool-w-everton-w-02\/#respond"]}]},{"@type":"WebPage","@id":"https:\/\/evertonfc.cz\/index.php\/2025\/05\/07\/liverpool-w-everton-w-02\/","url":"https:\/\/evertonfc.cz\/index.php\/2025\/05\/07\/liverpool-w-everton-w-02\/","name":"Liverpool W - Everton W 0:2 - Official Czech &amp; Slovak Everton Supporters&#039; Club","isPartOf":{"@id":"https:\/\/evertonfc.cz\/#website"},"primaryImageOfPage":{"@id":"https:\/\/evertonfc.cz\/index.php\/2025\/05\/07\/liverpool-w-everton-w-02\/#primaryimage"},"image":{"@id":"https:\/\/evertonfc.cz\/index.php\/2025\/05\/07\/liverpool-w-everton-w-02\/#primaryimage"},"thumbnailUrl":"https:\/\/evertonfc.cz\/wp-content\/uploads\/2025\/05\/Everton-in-derby-4_5_2025-web.jpg","datePublished":"2025-05-07T16:23:15+00:00","dateModified":"2025-05-09T13:37:19+00:00","breadcrumb":{"@id":"https:\/\/evertonfc.cz\/index.php\/2025\/05\/07\/liverpool-w-everton-w-02\/#breadcrumb"},"inLanguage":"cs","potentialAction":[{"@type":"ReadAction","target":["https:\/\/evertonfc.cz\/index.php\/2025\/05\/07\/liverpool-w-everton-w-02\/"]}]},{"@type":"ImageObject","inLanguage":"cs","@id":"https:\/\/evertonfc.cz\/index.php\/2025\/05\/07\/liverpool-w-everton-w-02\/#primaryimage","url":"https:\/\/evertonfc.cz\/wp-content\/uploads\/2025\/05\/Everton-in-derby-4_5_2025-web.jpg","contentUrl":"https:\/\/evertonfc.cz\/wp-content\/uploads\/2025\/05\/Everton-in-derby-4_5_2025-web.jpg","width":720,"height":405},{"@type":"BreadcrumbList","@id":"https:\/\/evertonfc.cz\/index.php\/2025\/05\/07\/liverpool-w-everton-w-02\/#breadcrumb","itemListElement":[{"@type":"ListItem","position":1,"name":"Home","item":"https:\/\/evertonfc.cz\/"},{"@type":"ListItem","position":2,"name":"Liverpool W &#8211; Everton W 0:2"}]},{"@type":"WebSite","@id":"https:\/\/evertonfc.cz\/#website","url":"https:\/\/evertonfc.cz\/","name":"Official Czech &amp; Slovak Everton Supporters&#039; Club","description":"","publisher":{"@id":"https:\/\/evertonfc.cz\/#organization"},"potentialAction":[{"@type":"SearchAction","target":{"@type":"EntryPoint","urlTemplate":"https:\/\/evertonfc.cz\/?s={search_term_string}"},"query-input":{"@type":"PropertyValueSpecification","valueRequired":true,"valueName":"search_term_string"}}],"inLanguage":"cs"},{"@type":"Organization","@id":"https:\/\/evertonfc.cz\/#organization","name":"Official Czech & Slovak Everton Supporters' Club","url":"https:\/\/evertonfc.cz\/","logo":{"@type":"ImageObject","inLanguage":"cs","@id":"https:\/\/evertonfc.cz\/#\/schema\/logo\/image\/","url":"https:\/\/evertonfc.cz\/wp-content\/uploads\/2019\/05\/logo.png","contentUrl":"https:\/\/evertonfc.cz\/wp-content\/uploads\/2019\/05\/logo.png","width":112,"height":112,"caption":"Official Czech & Slovak Everton Supporters' Club"},"image":{"@id":"https:\/\/evertonfc.cz\/#\/schema\/logo\/image\/"},"sameAs":["https:\/\/www.facebook.com\/everton.fans.cz.sk"]},{"@type":"Person","@id":"https:\/\/evertonfc.cz\/#\/schema\/person\/e9a24a80a32efa1344dd2c4e5882185c","name":"Karamela","url":"https:\/\/evertonfc.cz\/index.php\/author\/karamela\/"}]}},"_links":{"self":[{"href":"https:\/\/evertonfc.cz\/index.php\/wp-json\/wp\/v2\/posts\/26681"}],"collection":[{"href":"https:\/\/evertonfc.cz\/index.php\/wp-json\/wp\/v2\/posts"}],"about":[{"href":"https:\/\/evertonfc.cz\/index.php\/wp-json\/wp\/v2\/types\/post"}],"author":[{"embeddable":true,"href":"https:\/\/evertonfc.cz\/index.php\/wp-json\/wp\/v2\/users\/26"}],"replies":[{"embeddable":true,"href":"https:\/\/evertonfc.cz\/index.php\/wp-json\/wp\/v2\/comments?post=26681"}],"version-history":[{"count":5,"href":"https:\/\/evertonfc.cz\/index.php\/wp-json\/wp\/v2\/posts\/26681\/revisions"}],"predecessor-version":[{"id":26697,"href":"https:\/\/evertonfc.cz\/index.php\/wp-json\/wp\/v2\/posts\/26681\/revisions\/26697"}],"wp:featuredmedia":[{"embeddable":true,"href":"https:\/\/evertonfc.cz\/index.php\/wp-json\/wp\/v2\/media\/26694"}],"wp:attachment":[{"href":"https:\/\/evertonfc.cz\/index.php\/wp-json\/wp\/v2\/media?parent=26681"}],"wp:term":[{"taxonomy":"category","embeddable":true,"href":"https:\/\/evertonfc.cz\/index.php\/wp-json\/wp\/v2\/categories?post=26681"},{"taxonomy":"post_tag","embeddable":true,"href":"https:\/\/evertonfc.cz\/index.php\/wp-json\/wp\/v2\/tags?post=26681"}],"curies":[{"name":"wp","href":"https:\/\/api.w.org\/{rel}","templated":true}]}}