{"id":2670,"date":"2017-08-16T21:13:26","date_gmt":"2017-08-16T19:13:26","guid":{"rendered":"http:\/\/evertonfc.cz\/?p=2670"},"modified":"2019-02-09T22:01:02","modified_gmt":"2019-02-09T21:01:02","slug":"sigurdssonuv-prestup-skutecnosti","status":"publish","type":"post","link":"https:\/\/evertonfc.cz\/index.php\/2017\/08\/16\/sigurdssonuv-prestup-skutecnosti\/","title":{"rendered":"Sigurdsson\u016fv p\u0159estup skute\u010dnost\u00ed"},"content":{"rendered":"<h4>S\u00e1ga l\u00e9ta je u konce. Everton se dohodl se Swansea na p\u0159estupu Gylfiho Sigurdssona, za n\u011bho\u017e podle neofici\u00e1ln\u00edch zpr\u00e1v zaplat\u00ed 45 milion\u016f liber.<\/h4>\n<p>Sedmadvacetilet\u00fd z\u00e1lo\u017en\u00edk se stal osmou letn\u00ed posilou Moshiriho revoluce, smlouvu podepsal na p\u011bt let. Vel\u0161an\u00e9 byli zpo\u010d\u00e1tku p\u0159estupov\u00e9ho obdob\u00ed neoblomn\u00ed a za svou oporu po\u017eadovali 50 milion\u016f liber, Evertonu se v\u0161ak transfer poda\u0159ilo sjednat za podm\u00ednek z\u00e1kladn\u00ed \u010d\u00e1stky ve v\u00fd\u0161i 40 milion\u016f liber a dal\u0161\u00edch p\u011bti za p\u0159\u00edpadn\u00e9 bonusy, na \u010dem\u017e se shoduje v\u011bt\u0161ina britsk\u00fdch m\u00e9di\u00ed.<\/p>\n<p>Po p\u00e1r t\u00fddnech je tak poko\u0159en klubov\u00fd rekord, status nejdra\u017e\u0161\u00ed posily pouze chv\u00edli dr\u017eeli Jordan Pickford ze Sunderlandu a Michael Keane z Burnley. Toffees za ka\u017ed\u00e9ho z nich i s bonusy mohou zaplatit a\u017e 30 milion\u016f liber.<\/p>\n<p>Sigurdsson uplynul\u00e9 t\u0159i roky str\u00e1vil na Liberty Stadium, v\u00a0posledn\u00ed sez\u00f3n\u011b nast\u0159\u00edlel branek a zaznamenal 13 asistenc\u00ed, \u010d\u00edm\u017e se v\u00fdraznou m\u011brou zap\u0159\u00ed\u010dinil o zachov\u00e1n\u00ed ligov\u00e9 p\u0159\u00edslu\u0161nosti Swansea. B\u011bhem ro\u010dn\u00edku 2016\/17 byl rovn\u011b\u017e nejb\u011bhav\u011bj\u0161\u00edm hr\u00e1\u010dem anglick\u00e9 nejvy\u0161\u0161\u00ed sout\u011b\u017ee s 433 kilometry. Swans opou\u0161t\u00ed jako nejlep\u0161\u00ed klubov\u00fd st\u0159elec (34) a jako nejlep\u0161\u00ed nahr\u00e1va\u010d (29) v historii Premier League.<\/p>\n<p>Koeman o Islan\u010fana velmi st\u00e1l, po podpisu prohl\u00e1sil s\u00a0\u00fasm\u011bvem na tv\u00e1\u0159i:\u00a0<em>\u201ePodle m\u011b se jedn\u00e1 o jednoho z top fotbalist\u016f v Premier League. Jsem velmi \u0161\u0165astn\u00fd, \u017ee se veden\u00ed\u00ad, zejm\u00e9na potom p\u0159edsedovi Billu Kenwrightovi, poda\u0159ilo p\u0159estup dot\u00e1hnout do \u00fasp\u011b\u0161n\u00e9ho konce.<\/em><\/p>\n<p><em>Gylfi um\u00ed zahr\u00e1t na r\u016fzn\u00fdch pozic\u00edch. M\u016f\u017ee nastoupit v z\u00e1loze, d\u00e1le jako tv\u016frce hry nebo jako fale\u0161n\u00e1 des\u00edtka na kraji h\u0159i\u0161t\u011b.\u201c<\/em><\/p>\n<p>Sigurdsson se narodil v Reykjav\u00edku. Dr\u00e1hu fotbalisty odstartoval v islandsk\u00fdch t\u00fdmech Fimleikaf\u00e9lag Hafnarfjar\u00f0ar (FH) and Brei\u00f0ablik UBK. Rodn\u00fd ostrov opustil coby \u0161estn\u00e1ctilet\u00fd v\u00a0roce 2005, kdy se p\u0159ipojil k akademii Readingu. Mezi dosp\u011bl\u00fdmi se rozkouk\u00e1val na hostov\u00e1n\u00edch v Shrewsbury Town (League Two) a Crewe Alexandra (League One), ne\u017e p\u0159ed sez\u00f3nou 2009\/10 pov\u00fd\u0161il do \u00e1\u010dka Royals a n\u00e1sledn\u011b sv\u016fj talent nazna\u010dil v Championshipu. V roce se st\u011bhoval do n\u011bmeck\u00e9ho Hoffenheimu, odkud po dvou a p\u016fl letech zam\u00ed\u0159il na hostov\u00e1n\u00ed do prvoligov\u00e9 Swansea.<\/p>\n<p>B\u011bhem p\u011bti m\u011bs\u00edc\u016f na Britsk\u00fdch ostrovech zaujal a je\u0161t\u011b v\u00a0nach\u00e1zej\u00edc\u00edm l\u00e9t\u011b ho ulovil st\u00e1le ambici\u00f3zn\u011bj\u0161\u00ed Tottenham Hotspur. Za dva roky si ale nedok\u00e1zal vybojovat trval\u00e9 m\u00edsto v\u00a0z\u00e1kladn\u00ed sestav\u011b, a proto se rozhodl pro dal\u0161\u00ed zm\u011bnu p\u016fsobi\u0161t\u011b. Podruh\u00e9 ho v\u00edtali v\u00a0ji\u017en\u00edm Walesu. Tam\u011bj\u0161\u00ed p\u0159\u00edznivci se mu brzy nau\u010dili tleskat hlavn\u011b za skv\u011bl\u00e9 p\u0159\u00edm\u00e9 kopy, v\u00a0lo\u0148sk\u00e9 sez\u00f3n\u011b z\u00a0nich vykouzlil a od sv\u00e9ho op\u011btovn\u00e9ho debutu ve Swansea z nich sk\u00f3roval osmkr\u00e1t, nejv\u00edce z\u00a0cel\u00e9 ligy<\/p>\n<p><em>\u201eChci pokra\u010dovat ve st\u0159\u00edlen\u00ed g\u00f3l\u016f a vytv\u00e1\u0159en\u00ed \u0161anc\u00ed pro spoluhr\u00e1\u010de.<\/em> <em>Ronald Koeman je kl\u00ed\u010dov\u00fd faktor, pro\u010d jsem p\u0159estoupil do Evertonu. Jeho vize je jasn<\/em><em>\u00e1.<\/em><em> Vybudoval opravdu v<\/em><em>\u00fdborn\u00e9 mu\u017estvo pln\u00e9 kvalitn\u00edch hr\u00e1\u010d\u016f<\/em><em>, a\u017e u\u017e mlad\u00fdch nebo zku\u0161en\u00fdch,\u201c\u00a0<\/em>nast\u00ednil pl\u00e1ny Sigurdsson, kter\u00fd vybral dres s \u010d\u00edslem 18, jen\u017ee je\u0161t\u011b do v\u010derej\u0161\u00edho odchodu do West Bromu obl\u00e9kal Gareth Barry.<\/p>\n<p>1,86 metru vysok\u00fd \u0161p\u00edlmachr pat\u0159\u00ed k\u00a0tahoun\u016fm islandsk\u00e9 reprezentace, loni s n\u00ed dokr\u00e1\u010del do \u010dtvrtfin\u00e1le mistrovstv\u00ed Evropy ve Francii. Na Goodison Parku by m\u011bl vyd\u011bl\u00e1vat okolo 100 tis\u00edc liber t\u00fddn\u011b.<\/p>\n","protected":false},"excerpt":{"rendered":"<p>S\u00e1ga l\u00e9ta je u konce. Everton se dohodl se Swansea na p\u0159estupu Gylfiho Sigurdssona, za n\u011bho\u017e podle neofici\u00e1ln\u00edch zpr\u00e1v zaplat\u00ed&hellip;<\/p>\n","protected":false},"author":6,"featured_media":1316,"comment_status":"open","ping_status":"closed","sticky":false,"template":"","format":"standard","meta":{"_eb_attr":"","_monsterinsights_skip_tracking":false,"_monsterinsights_sitenote_active":false,"_monsterinsights_sitenote_note":"","_monsterinsights_sitenote_category":0,"footnotes":""},"categories":[41],"tags":[],"yoast_head":"<!-- This site is optimized with the Yoast SEO plugin v23.4 - https:\/\/yoast.com\/wordpress\/plugins\/seo\/ -->\n<title>Sigurdsson\u016fv p\u0159estup skute\u010dnost\u00ed - Official Czech &amp; Slovak Everton Supporters&#039; Club<\/title>\n<meta name=\"robots\" content=\"index, follow, max-snippet:-1, max-image-preview:large, max-video-preview:-1\" \/>\n<link rel=\"canonical\" href=\"https:\/\/evertonfc.cz\/index.php\/2017\/08\/16\/sigurdssonuv-prestup-skutecnosti\/\" \/>\n<meta property=\"og:locale\" content=\"cs_CZ\" \/>\n<meta property=\"og:type\" content=\"article\" \/>\n<meta property=\"og:title\" content=\"Sigurdsson\u016fv p\u0159estup skute\u010dnost\u00ed - Official Czech &amp; Slovak Everton Supporters&#039; Club\" \/>\n<meta property=\"og:description\" content=\"S\u00e1ga l\u00e9ta je u konce. Everton se dohodl se Swansea na p\u0159estupu Gylfiho Sigurdssona, za n\u011bho\u017e podle neofici\u00e1ln\u00edch zpr\u00e1v zaplat\u00ed&hellip;\" \/>\n<meta property=\"og:url\" content=\"https:\/\/evertonfc.cz\/index.php\/2017\/08\/16\/sigurdssonuv-prestup-skutecnosti\/\" \/>\n<meta property=\"og:site_name\" content=\"Official Czech &amp; Slovak Everton Supporters&#039; Club\" \/>\n<meta property=\"article:publisher\" content=\"https:\/\/www.facebook.com\/everton.fans.cz.sk\" \/>\n<meta property=\"article:published_time\" content=\"2017-08-16T19:13:26+00:00\" \/>\n<meta property=\"article:modified_time\" content=\"2019-02-09T21:01:02+00:00\" \/>\n<meta property=\"og:image\" content=\"https:\/\/evertonfc.cz\/wp-content\/uploads\/2019\/01\/transfer.jpg\" \/>\n\t<meta property=\"og:image:width\" content=\"720\" \/>\n\t<meta property=\"og:image:height\" content=\"405\" \/>\n\t<meta property=\"og:image:type\" content=\"image\/jpeg\" \/>\n<meta name=\"author\" content=\"Ri\u010di\" \/>\n<meta name=\"twitter:card\" content=\"summary_large_image\" \/>\n<meta name=\"twitter:creator\" content=\"@rbrejsa\" \/>\n<meta name=\"twitter:label1\" content=\"Napsal(a)\" \/>\n\t<meta name=\"twitter:data1\" content=\"Ri\u010di\" \/>\n\t<meta name=\"twitter:label2\" content=\"Odhadovan\u00e1 doba \u010dten\u00ed\" \/>\n\t<meta name=\"twitter:data2\" content=\"3 minuty\" \/>\n<script type=\"application\/ld+json\" class=\"yoast-schema-graph\">{\"@context\":\"https:\/\/schema.org\",\"@graph\":[{\"@type\":\"Article\",\"@id\":\"https:\/\/evertonfc.cz\/index.php\/2017\/08\/16\/sigurdssonuv-prestup-skutecnosti\/#article\",\"isPartOf\":{\"@id\":\"https:\/\/evertonfc.cz\/index.php\/2017\/08\/16\/sigurdssonuv-prestup-skutecnosti\/\"},\"author\":{\"name\":\"Ri\u010di\",\"@id\":\"https:\/\/evertonfc.cz\/#\/schema\/person\/f7a5daedb2ffee98480bc70e191aaef1\"},\"headline\":\"Sigurdsson\u016fv p\u0159estup skute\u010dnost\u00ed\",\"datePublished\":\"2017-08-16T19:13:26+00:00\",\"dateModified\":\"2019-02-09T21:01:02+00:00\",\"mainEntityOfPage\":{\"@id\":\"https:\/\/evertonfc.cz\/index.php\/2017\/08\/16\/sigurdssonuv-prestup-skutecnosti\/\"},\"wordCount\":640,\"commentCount\":0,\"publisher\":{\"@id\":\"https:\/\/evertonfc.cz\/#organization\"},\"image\":{\"@id\":\"https:\/\/evertonfc.cz\/index.php\/2017\/08\/16\/sigurdssonuv-prestup-skutecnosti\/#primaryimage\"},\"thumbnailUrl\":\"https:\/\/evertonfc.cz\/wp-content\/uploads\/2019\/01\/transfer.jpg\",\"articleSection\":[\"P\u0159estupy\"],\"inLanguage\":\"cs\",\"potentialAction\":[{\"@type\":\"CommentAction\",\"name\":\"Comment\",\"target\":[\"https:\/\/evertonfc.cz\/index.php\/2017\/08\/16\/sigurdssonuv-prestup-skutecnosti\/#respond\"]}]},{\"@type\":\"WebPage\",\"@id\":\"https:\/\/evertonfc.cz\/index.php\/2017\/08\/16\/sigurdssonuv-prestup-skutecnosti\/\",\"url\":\"https:\/\/evertonfc.cz\/index.php\/2017\/08\/16\/sigurdssonuv-prestup-skutecnosti\/\",\"name\":\"Sigurdsson\u016fv p\u0159estup skute\u010dnost\u00ed - Official Czech &amp; Slovak Everton Supporters&#039; Club\",\"isPartOf\":{\"@id\":\"https:\/\/evertonfc.cz\/#website\"},\"primaryImageOfPage\":{\"@id\":\"https:\/\/evertonfc.cz\/index.php\/2017\/08\/16\/sigurdssonuv-prestup-skutecnosti\/#primaryimage\"},\"image\":{\"@id\":\"https:\/\/evertonfc.cz\/index.php\/2017\/08\/16\/sigurdssonuv-prestup-skutecnosti\/#primaryimage\"},\"thumbnailUrl\":\"https:\/\/evertonfc.cz\/wp-content\/uploads\/2019\/01\/transfer.jpg\",\"datePublished\":\"2017-08-16T19:13:26+00:00\",\"dateModified\":\"2019-02-09T21:01:02+00:00\",\"breadcrumb\":{\"@id\":\"https:\/\/evertonfc.cz\/index.php\/2017\/08\/16\/sigurdssonuv-prestup-skutecnosti\/#breadcrumb\"},\"inLanguage\":\"cs\",\"potentialAction\":[{\"@type\":\"ReadAction\",\"target\":[\"https:\/\/evertonfc.cz\/index.php\/2017\/08\/16\/sigurdssonuv-prestup-skutecnosti\/\"]}]},{\"@type\":\"ImageObject\",\"inLanguage\":\"cs\",\"@id\":\"https:\/\/evertonfc.cz\/index.php\/2017\/08\/16\/sigurdssonuv-prestup-skutecnosti\/#primaryimage\",\"url\":\"https:\/\/evertonfc.cz\/wp-content\/uploads\/2019\/01\/transfer.jpg\",\"contentUrl\":\"https:\/\/evertonfc.cz\/wp-content\/uploads\/2019\/01\/transfer.jpg\",\"width\":720,\"height\":405},{\"@type\":\"BreadcrumbList\",\"@id\":\"https:\/\/evertonfc.cz\/index.php\/2017\/08\/16\/sigurdssonuv-prestup-skutecnosti\/#breadcrumb\",\"itemListElement\":[{\"@type\":\"ListItem\",\"position\":1,\"name\":\"Home\",\"item\":\"https:\/\/evertonfc.cz\/\"},{\"@type\":\"ListItem\",\"position\":2,\"name\":\"Sigurdsson\u016fv p\u0159estup skute\u010dnost\u00ed\"}]},{\"@type\":\"WebSite\",\"@id\":\"https:\/\/evertonfc.cz\/#website\",\"url\":\"https:\/\/evertonfc.cz\/\",\"name\":\"Official Czech &amp; Slovak Everton Supporters&#039; Club\",\"description\":\"\",\"publisher\":{\"@id\":\"https:\/\/evertonfc.cz\/#organization\"},\"potentialAction\":[{\"@type\":\"SearchAction\",\"target\":{\"@type\":\"EntryPoint\",\"urlTemplate\":\"https:\/\/evertonfc.cz\/?s={search_term_string}\"},\"query-input\":{\"@type\":\"PropertyValueSpecification\",\"valueRequired\":true,\"valueName\":\"search_term_string\"}}],\"inLanguage\":\"cs\"},{\"@type\":\"Organization\",\"@id\":\"https:\/\/evertonfc.cz\/#organization\",\"name\":\"Official Czech & Slovak Everton Supporters' Club\",\"url\":\"https:\/\/evertonfc.cz\/\",\"logo\":{\"@type\":\"ImageObject\",\"inLanguage\":\"cs\",\"@id\":\"https:\/\/evertonfc.cz\/#\/schema\/logo\/image\/\",\"url\":\"https:\/\/evertonfc.cz\/wp-content\/uploads\/2019\/05\/logo.png\",\"contentUrl\":\"https:\/\/evertonfc.cz\/wp-content\/uploads\/2019\/05\/logo.png\",\"width\":112,\"height\":112,\"caption\":\"Official Czech & Slovak Everton Supporters' Club\"},\"image\":{\"@id\":\"https:\/\/evertonfc.cz\/#\/schema\/logo\/image\/\"},\"sameAs\":[\"https:\/\/www.facebook.com\/everton.fans.cz.sk\"]},{\"@type\":\"Person\",\"@id\":\"https:\/\/evertonfc.cz\/#\/schema\/person\/f7a5daedb2ffee98480bc70e191aaef1\",\"name\":\"Ri\u010di\",\"sameAs\":[\"https:\/\/x.com\/rbrejsa\"],\"url\":\"https:\/\/evertonfc.cz\/index.php\/author\/rici\/\"}]}<\/script>\n<!-- \/ Yoast SEO plugin. -->","yoast_head_json":{"title":"Sigurdsson\u016fv p\u0159estup skute\u010dnost\u00ed - Official Czech &amp; Slovak Everton Supporters&#039; Club","robots":{"index":"index","follow":"follow","max-snippet":"max-snippet:-1","max-image-preview":"max-image-preview:large","max-video-preview":"max-video-preview:-1"},"canonical":"https:\/\/evertonfc.cz\/index.php\/2017\/08\/16\/sigurdssonuv-prestup-skutecnosti\/","og_locale":"cs_CZ","og_type":"article","og_title":"Sigurdsson\u016fv p\u0159estup skute\u010dnost\u00ed - Official Czech &amp; Slovak Everton Supporters&#039; Club","og_description":"S\u00e1ga l\u00e9ta je u konce. Everton se dohodl se Swansea na p\u0159estupu Gylfiho Sigurdssona, za n\u011bho\u017e podle neofici\u00e1ln\u00edch zpr\u00e1v zaplat\u00ed&hellip;","og_url":"https:\/\/evertonfc.cz\/index.php\/2017\/08\/16\/sigurdssonuv-prestup-skutecnosti\/","og_site_name":"Official Czech &amp; Slovak Everton Supporters&#039; Club","article_publisher":"https:\/\/www.facebook.com\/everton.fans.cz.sk","article_published_time":"2017-08-16T19:13:26+00:00","article_modified_time":"2019-02-09T21:01:02+00:00","og_image":[{"width":720,"height":405,"url":"https:\/\/evertonfc.cz\/wp-content\/uploads\/2019\/01\/transfer.jpg","type":"image\/jpeg"}],"author":"Ri\u010di","twitter_card":"summary_large_image","twitter_creator":"@rbrejsa","twitter_misc":{"Napsal(a)":"Ri\u010di","Odhadovan\u00e1 doba \u010dten\u00ed":"3 minuty"},"schema":{"@context":"https:\/\/schema.org","@graph":[{"@type":"Article","@id":"https:\/\/evertonfc.cz\/index.php\/2017\/08\/16\/sigurdssonuv-prestup-skutecnosti\/#article","isPartOf":{"@id":"https:\/\/evertonfc.cz\/index.php\/2017\/08\/16\/sigurdssonuv-prestup-skutecnosti\/"},"author":{"name":"Ri\u010di","@id":"https:\/\/evertonfc.cz\/#\/schema\/person\/f7a5daedb2ffee98480bc70e191aaef1"},"headline":"Sigurdsson\u016fv p\u0159estup skute\u010dnost\u00ed","datePublished":"2017-08-16T19:13:26+00:00","dateModified":"2019-02-09T21:01:02+00:00","mainEntityOfPage":{"@id":"https:\/\/evertonfc.cz\/index.php\/2017\/08\/16\/sigurdssonuv-prestup-skutecnosti\/"},"wordCount":640,"commentCount":0,"publisher":{"@id":"https:\/\/evertonfc.cz\/#organization"},"image":{"@id":"https:\/\/evertonfc.cz\/index.php\/2017\/08\/16\/sigurdssonuv-prestup-skutecnosti\/#primaryimage"},"thumbnailUrl":"https:\/\/evertonfc.cz\/wp-content\/uploads\/2019\/01\/transfer.jpg","articleSection":["P\u0159estupy"],"inLanguage":"cs","potentialAction":[{"@type":"CommentAction","name":"Comment","target":["https:\/\/evertonfc.cz\/index.php\/2017\/08\/16\/sigurdssonuv-prestup-skutecnosti\/#respond"]}]},{"@type":"WebPage","@id":"https:\/\/evertonfc.cz\/index.php\/2017\/08\/16\/sigurdssonuv-prestup-skutecnosti\/","url":"https:\/\/evertonfc.cz\/index.php\/2017\/08\/16\/sigurdssonuv-prestup-skutecnosti\/","name":"Sigurdsson\u016fv p\u0159estup skute\u010dnost\u00ed - Official Czech &amp; Slovak Everton Supporters&#039; Club","isPartOf":{"@id":"https:\/\/evertonfc.cz\/#website"},"primaryImageOfPage":{"@id":"https:\/\/evertonfc.cz\/index.php\/2017\/08\/16\/sigurdssonuv-prestup-skutecnosti\/#primaryimage"},"image":{"@id":"https:\/\/evertonfc.cz\/index.php\/2017\/08\/16\/sigurdssonuv-prestup-skutecnosti\/#primaryimage"},"thumbnailUrl":"https:\/\/evertonfc.cz\/wp-content\/uploads\/2019\/01\/transfer.jpg","datePublished":"2017-08-16T19:13:26+00:00","dateModified":"2019-02-09T21:01:02+00:00","breadcrumb":{"@id":"https:\/\/evertonfc.cz\/index.php\/2017\/08\/16\/sigurdssonuv-prestup-skutecnosti\/#breadcrumb"},"inLanguage":"cs","potentialAction":[{"@type":"ReadAction","target":["https:\/\/evertonfc.cz\/index.php\/2017\/08\/16\/sigurdssonuv-prestup-skutecnosti\/"]}]},{"@type":"ImageObject","inLanguage":"cs","@id":"https:\/\/evertonfc.cz\/index.php\/2017\/08\/16\/sigurdssonuv-prestup-skutecnosti\/#primaryimage","url":"https:\/\/evertonfc.cz\/wp-content\/uploads\/2019\/01\/transfer.jpg","contentUrl":"https:\/\/evertonfc.cz\/wp-content\/uploads\/2019\/01\/transfer.jpg","width":720,"height":405},{"@type":"BreadcrumbList","@id":"https:\/\/evertonfc.cz\/index.php\/2017\/08\/16\/sigurdssonuv-prestup-skutecnosti\/#breadcrumb","itemListElement":[{"@type":"ListItem","position":1,"name":"Home","item":"https:\/\/evertonfc.cz\/"},{"@type":"ListItem","position":2,"name":"Sigurdsson\u016fv p\u0159estup skute\u010dnost\u00ed"}]},{"@type":"WebSite","@id":"https:\/\/evertonfc.cz\/#website","url":"https:\/\/evertonfc.cz\/","name":"Official Czech &amp; Slovak Everton Supporters&#039; Club","description":"","publisher":{"@id":"https:\/\/evertonfc.cz\/#organization"},"potentialAction":[{"@type":"SearchAction","target":{"@type":"EntryPoint","urlTemplate":"https:\/\/evertonfc.cz\/?s={search_term_string}"},"query-input":{"@type":"PropertyValueSpecification","valueRequired":true,"valueName":"search_term_string"}}],"inLanguage":"cs"},{"@type":"Organization","@id":"https:\/\/evertonfc.cz\/#organization","name":"Official Czech & Slovak Everton Supporters' Club","url":"https:\/\/evertonfc.cz\/","logo":{"@type":"ImageObject","inLanguage":"cs","@id":"https:\/\/evertonfc.cz\/#\/schema\/logo\/image\/","url":"https:\/\/evertonfc.cz\/wp-content\/uploads\/2019\/05\/logo.png","contentUrl":"https:\/\/evertonfc.cz\/wp-content\/uploads\/2019\/05\/logo.png","width":112,"height":112,"caption":"Official Czech & Slovak Everton Supporters' Club"},"image":{"@id":"https:\/\/evertonfc.cz\/#\/schema\/logo\/image\/"},"sameAs":["https:\/\/www.facebook.com\/everton.fans.cz.sk"]},{"@type":"Person","@id":"https:\/\/evertonfc.cz\/#\/schema\/person\/f7a5daedb2ffee98480bc70e191aaef1","name":"Ri\u010di","sameAs":["https:\/\/x.com\/rbrejsa"],"url":"https:\/\/evertonfc.cz\/index.php\/author\/rici\/"}]}},"_links":{"self":[{"href":"https:\/\/evertonfc.cz\/index.php\/wp-json\/wp\/v2\/posts\/2670"}],"collection":[{"href":"https:\/\/evertonfc.cz\/index.php\/wp-json\/wp\/v2\/posts"}],"about":[{"href":"https:\/\/evertonfc.cz\/index.php\/wp-json\/wp\/v2\/types\/post"}],"author":[{"embeddable":true,"href":"https:\/\/evertonfc.cz\/index.php\/wp-json\/wp\/v2\/users\/6"}],"replies":[{"embeddable":true,"href":"https:\/\/evertonfc.cz\/index.php\/wp-json\/wp\/v2\/comments?post=2670"}],"version-history":[{"count":3,"href":"https:\/\/evertonfc.cz\/index.php\/wp-json\/wp\/v2\/posts\/2670\/revisions"}],"predecessor-version":[{"id":2717,"href":"https:\/\/evertonfc.cz\/index.php\/wp-json\/wp\/v2\/posts\/2670\/revisions\/2717"}],"wp:featuredmedia":[{"embeddable":true,"href":"https:\/\/evertonfc.cz\/index.php\/wp-json\/wp\/v2\/media\/1316"}],"wp:attachment":[{"href":"https:\/\/evertonfc.cz\/index.php\/wp-json\/wp\/v2\/media?parent=2670"}],"wp:term":[{"taxonomy":"category","embeddable":true,"href":"https:\/\/evertonfc.cz\/index.php\/wp-json\/wp\/v2\/categories?post=2670"},{"taxonomy":"post_tag","embeddable":true,"href":"https:\/\/evertonfc.cz\/index.php\/wp-json\/wp\/v2\/tags?post=2670"}],"curies":[{"name":"wp","href":"https:\/\/api.w.org\/{rel}","templated":true}]}}