{"id":26700,"date":"2025-05-10T10:29:28","date_gmt":"2025-05-10T08:29:28","guid":{"rendered":"https:\/\/evertonfc.cz\/?p=26700"},"modified":"2025-05-14T18:39:36","modified_gmt":"2025-05-14T16:39:36","slug":"preview-fulham-everton-9","status":"publish","type":"post","link":"https:\/\/evertonfc.cz\/index.php\/2025\/05\/10\/preview-fulham-everton-9\/","title":{"rendered":"Preview: Fulham &#8211; Everton"},"content":{"rendered":"<h4>T\u0159i kola do konce, 3 rem\u00edzy od p\u0159ekon\u00e1n\u00ed rekordu. Nebo hon za 13. m\u00edstem, udr\u017eet se nad United, vylep\u0161it lo\u0148sk\u00e9 um\u00edst\u011bn\u00ed. Probu\u010fte se, je\u0161t\u011b je o co hr\u00e1t.<\/h4>\n<p>Dok\u00e1\u017e\u00ed se Moyesovi sv\u011b\u0159enci je\u0161t\u011b zmobilizovat? Posledn\u00ed z\u00e1pasy m\u00e1 Everton 5. nejhor\u0161\u00ed formu (1-6-3). Minul\u00fd t\u00fdden dok\u00e1zali vdechnout trochu \u017eivota do ji\u017e utonul\u00e9ho Ipswiche. Ztr\u00e1ta z minul\u00e9ho t\u00fddne byla zbyte\u010dn\u00e1, ale nebolela a nikdo o pr\u00e1ci nep\u0159ijde. Tedy mo\u017en\u00e1.<\/p>\n<p>Ztr\u00e1ta l\u00eddra obrany a cel\u00e9ho t\u00fdmu byla znateln\u00e1. Nic proti Pickfordovi, ale brank\u00e1\u0159 jako kapit\u00e1n mi v\u017edy p\u0159i\u0161la jako ne\u0161\u0165astn\u00e1 volba. Nane\u0161t\u011bst\u00ed \u017e\u00e1dn\u00fd l\u00eddr v\u00a0poli nen\u00ed. Nebo si nikdo netroufl j\u00edt proti Pickymu?<\/p>\n<p>Doucour\u00e9 se vrac\u00ed pot\u00e9, co vynechal z osobn\u00edch d\u016fvod\u016f minul\u00fd duel. Kdo v\u00ed, zda zat\u00edm nen\u00ed jeho roz\u010darov\u00e1n\u00ed z nenab\u00eddnut\u00e9ho prodlou\u017een\u00ed smlouvy. Do hry se hl\u00e1s\u00ed i Calvert-Lewin, ale jeho jedin\u00fd g\u00f3l za posledn\u00ed p\u016flrok nen\u00ed zrovna reklama pro z\u00e1jemce na trhu. Mo\u017en\u00e1 sn\u00edm klobouk, jestli d\u00e1 za Everton je\u0161t\u011b branku. Moyes by ale mo\u017en\u00e1 mohl b\u00fdt v poku\u0161en\u00ed vyu\u017e\u00edt jeho schopnosti podr\u017eet m\u00ed\u010d.<\/p>\n<p>Osm\u00e9 m\u00edsto je na dosah ruky. Fulham sice v posledn\u00edch kolech ztr\u00e1cel, ale porazil doma redshite. To si zcela nepochybn\u011b zaslou\u017e\u00ed uzn\u00e1n\u00ed. Po vy\u0159azen\u00ed ve \u010dtvrtfin\u00e1le FA Cupu na konci b\u0159ezna ale tak\u00e9 dohr\u00e1vaj\u00ed sez\u00f3nu a v lize ztratili nad\u011bji na poh\u00e1ry. P\u0159esto by se mohli vzn\u00e9st je\u0161t\u011b nad dal\u0161\u00ed t\u00fdmy ve st\u0159edu tabulky a dot\u00e1hnout to na osm\u00e9 m\u00edsto.<\/p>\n<p>Alex Iwobi nast\u0159\u00edlel v sez\u00f3n\u011b ji\u017e 9 branek, p\u0159ev\u00e1\u017en\u011b nastupuje na lev\u00e9m k\u0159\u00eddle a jak se zd\u00e1, v Lond\u00fdn\u011b mu p\u0161enka kvete o n\u011bco l\u00e9pe ne\u017e na severu. Nejlep\u0161\u00ed st\u0159elec t\u00fdmu je ale veter\u00e1n Jimenez, kter\u00fd tak\u00e9 hraje o prodlou\u017een\u00ed smlouvy. Jeho \u0161ance jsou asi nejvy\u0161\u0161\u00ed z koleg\u016f, kter\u00fdm kon\u010d\u00ed smlouva: Vinic\u00edus, Traore, Tete, Wilian a Carney. St\u0159elecky se da\u0159\u00ed i Munizovi, ten ale bude chyb\u011bt, stejn\u011b jako Reed, Castagne a Nelson.<\/p>\n<p>Naproti tomu Everton postr\u00e1d\u00e1 Tarkowskiho, Mangalu a Lindstrr\u00f8ma. Jak se zd\u00e1, jeho dny jsou vinou k\u00fdly v\u00a0Evertonu se\u010dteny a j\u00e1 tak nebudu muset hledat st\u00e1le jeho \u00f8.<\/p>\n<p>Everton m\u00edval Fulham jako soupe\u0159e r\u00e1d, ale to platilo hlavn\u011b na Goodison Parku. P\u0159esto posledn\u00ed 3 z\u00e1pasy na Craven Cottage je Everton \u00fasp\u011b\u0161n\u00fd, dvakr\u00e1t to bylo 0:0 a jedno v\u00edt\u011bzstv\u00ed po palb\u011b DCL (2x) a Doucse. K\u00e9\u017e by si to dok\u00e1zali na rozlou\u010denou zopakovat.<\/p>\n<p><strong>Co: <\/strong>Fulham FC \u2013 Everton FC<strong>, <\/strong>36. kolo Premier League<br \/>\n<strong>Kdy<\/strong>: sobota 10. kv\u011btna 2025 od 16:00<br \/>\n<strong>Kde<\/strong>: Craven Cottage\u00a0\u2013\u00a0Stevenage Road, London, SW6 6HH (kapacita 29 589)<br \/>\n<strong>TV<\/strong>: od 15:55 na Canal+ Sport (koment\u00e1\u0159 M.Sk\u00e1\u010dik)<br \/>\n<strong>Rozhod\u010d\u00ed<\/strong>:<strong>\u00a0<\/strong>Darren England &#8211; Scott Ledger, Adrian Holmes\u00a0 <strong>\u010ctvrt\u00fd rozhod\u010d\u00ed<\/strong>: Sam Allison<br \/>\n<strong>Videorozhod\u010d\u00ed: <\/strong>Michael Salisbury\u00a0 <strong>Jeho asistent: <\/strong>Akil Howson<\/p>\n","protected":false},"excerpt":{"rendered":"<p>T\u0159i kola do konce, 3 rem\u00edzy od p\u0159ekon\u00e1n\u00ed rekordu. Nebo hon za 13. m\u00edstem, udr\u017eet se nad United, vylep\u0161it lo\u0148sk\u00e9 um\u00edst\u011bn\u00ed. Probu\u010fte se, je\u0161t\u011b je o co hr\u00e1t.<\/p>\n","protected":false},"author":10,"featured_media":12988,"comment_status":"open","ping_status":"closed","sticky":false,"template":"","format":"standard","meta":{"_eb_attr":"","_monsterinsights_skip_tracking":false,"_monsterinsights_sitenote_active":false,"_monsterinsights_sitenote_note":"","_monsterinsights_sitenote_category":0,"footnotes":""},"categories":[4],"tags":[],"yoast_head":"<!-- This site is optimized with the Yoast SEO plugin v23.4 - https:\/\/yoast.com\/wordpress\/plugins\/seo\/ -->\n<title>Preview: Fulham - Everton - Official Czech &amp; Slovak Everton Supporters&#039; Club<\/title>\n<meta name=\"robots\" content=\"index, follow, max-snippet:-1, max-image-preview:large, max-video-preview:-1\" \/>\n<link rel=\"canonical\" href=\"https:\/\/evertonfc.cz\/index.php\/2025\/05\/10\/preview-fulham-everton-9\/\" \/>\n<meta property=\"og:locale\" content=\"cs_CZ\" \/>\n<meta property=\"og:type\" content=\"article\" \/>\n<meta property=\"og:title\" content=\"Preview: Fulham - Everton - Official Czech &amp; Slovak Everton Supporters&#039; Club\" \/>\n<meta property=\"og:description\" content=\"T\u0159i kola do konce, 3 rem\u00edzy od p\u0159ekon\u00e1n\u00ed rekordu. Nebo hon za 13. m\u00edstem, udr\u017eet se nad United, vylep\u0161it lo\u0148sk\u00e9 um\u00edst\u011bn\u00ed. Probu\u010fte se, je\u0161t\u011b je o co hr\u00e1t.\" \/>\n<meta property=\"og:url\" content=\"https:\/\/evertonfc.cz\/index.php\/2025\/05\/10\/preview-fulham-everton-9\/\" \/>\n<meta property=\"og:site_name\" content=\"Official Czech &amp; Slovak Everton Supporters&#039; Club\" \/>\n<meta property=\"article:publisher\" content=\"https:\/\/www.facebook.com\/everton.fans.cz.sk\" \/>\n<meta property=\"article:published_time\" content=\"2025-05-10T08:29:28+00:00\" \/>\n<meta property=\"article:modified_time\" content=\"2025-05-14T16:39:36+00:00\" \/>\n<meta property=\"og:image\" content=\"https:\/\/evertonfc.cz\/wp-content\/uploads\/2020\/11\/Fulham-VS-Everton-20-11-2020.jpg\" \/>\n\t<meta property=\"og:image:width\" content=\"720\" \/>\n\t<meta property=\"og:image:height\" content=\"405\" \/>\n\t<meta property=\"og:image:type\" content=\"image\/jpeg\" \/>\n<meta name=\"author\" content=\"Fip\" \/>\n<meta name=\"twitter:card\" content=\"summary_large_image\" \/>\n<meta name=\"twitter:label1\" content=\"Napsal(a)\" \/>\n\t<meta name=\"twitter:data1\" content=\"Fip\" \/>\n\t<meta name=\"twitter:label2\" content=\"Odhadovan\u00e1 doba \u010dten\u00ed\" \/>\n\t<meta name=\"twitter:data2\" content=\"3 minuty\" \/>\n<script type=\"application\/ld+json\" class=\"yoast-schema-graph\">{\"@context\":\"https:\/\/schema.org\",\"@graph\":[{\"@type\":\"Article\",\"@id\":\"https:\/\/evertonfc.cz\/index.php\/2025\/05\/10\/preview-fulham-everton-9\/#article\",\"isPartOf\":{\"@id\":\"https:\/\/evertonfc.cz\/index.php\/2025\/05\/10\/preview-fulham-everton-9\/\"},\"author\":{\"name\":\"Fip\",\"@id\":\"https:\/\/evertonfc.cz\/#\/schema\/person\/35904009755e8eaa0dc1a5f5f0419002\"},\"headline\":\"Preview: Fulham &#8211; Everton\",\"datePublished\":\"2025-05-10T08:29:28+00:00\",\"dateModified\":\"2025-05-14T16:39:36+00:00\",\"mainEntityOfPage\":{\"@id\":\"https:\/\/evertonfc.cz\/index.php\/2025\/05\/10\/preview-fulham-everton-9\/\"},\"wordCount\":528,\"commentCount\":9,\"publisher\":{\"@id\":\"https:\/\/evertonfc.cz\/#organization\"},\"image\":{\"@id\":\"https:\/\/evertonfc.cz\/index.php\/2025\/05\/10\/preview-fulham-everton-9\/#primaryimage\"},\"thumbnailUrl\":\"https:\/\/evertonfc.cz\/wp-content\/uploads\/2020\/11\/Fulham-VS-Everton-20-11-2020.jpg\",\"articleSection\":[\"Z\u00e1pasy\"],\"inLanguage\":\"cs\",\"potentialAction\":[{\"@type\":\"CommentAction\",\"name\":\"Comment\",\"target\":[\"https:\/\/evertonfc.cz\/index.php\/2025\/05\/10\/preview-fulham-everton-9\/#respond\"]}]},{\"@type\":\"WebPage\",\"@id\":\"https:\/\/evertonfc.cz\/index.php\/2025\/05\/10\/preview-fulham-everton-9\/\",\"url\":\"https:\/\/evertonfc.cz\/index.php\/2025\/05\/10\/preview-fulham-everton-9\/\",\"name\":\"Preview: Fulham - Everton - Official Czech &amp; Slovak Everton Supporters&#039; Club\",\"isPartOf\":{\"@id\":\"https:\/\/evertonfc.cz\/#website\"},\"primaryImageOfPage\":{\"@id\":\"https:\/\/evertonfc.cz\/index.php\/2025\/05\/10\/preview-fulham-everton-9\/#primaryimage\"},\"image\":{\"@id\":\"https:\/\/evertonfc.cz\/index.php\/2025\/05\/10\/preview-fulham-everton-9\/#primaryimage\"},\"thumbnailUrl\":\"https:\/\/evertonfc.cz\/wp-content\/uploads\/2020\/11\/Fulham-VS-Everton-20-11-2020.jpg\",\"datePublished\":\"2025-05-10T08:29:28+00:00\",\"dateModified\":\"2025-05-14T16:39:36+00:00\",\"breadcrumb\":{\"@id\":\"https:\/\/evertonfc.cz\/index.php\/2025\/05\/10\/preview-fulham-everton-9\/#breadcrumb\"},\"inLanguage\":\"cs\",\"potentialAction\":[{\"@type\":\"ReadAction\",\"target\":[\"https:\/\/evertonfc.cz\/index.php\/2025\/05\/10\/preview-fulham-everton-9\/\"]}]},{\"@type\":\"ImageObject\",\"inLanguage\":\"cs\",\"@id\":\"https:\/\/evertonfc.cz\/index.php\/2025\/05\/10\/preview-fulham-everton-9\/#primaryimage\",\"url\":\"https:\/\/evertonfc.cz\/wp-content\/uploads\/2020\/11\/Fulham-VS-Everton-20-11-2020.jpg\",\"contentUrl\":\"https:\/\/evertonfc.cz\/wp-content\/uploads\/2020\/11\/Fulham-VS-Everton-20-11-2020.jpg\",\"width\":720,\"height\":405},{\"@type\":\"BreadcrumbList\",\"@id\":\"https:\/\/evertonfc.cz\/index.php\/2025\/05\/10\/preview-fulham-everton-9\/#breadcrumb\",\"itemListElement\":[{\"@type\":\"ListItem\",\"position\":1,\"name\":\"Home\",\"item\":\"https:\/\/evertonfc.cz\/\"},{\"@type\":\"ListItem\",\"position\":2,\"name\":\"Preview: Fulham &#8211; Everton\"}]},{\"@type\":\"WebSite\",\"@id\":\"https:\/\/evertonfc.cz\/#website\",\"url\":\"https:\/\/evertonfc.cz\/\",\"name\":\"Official Czech &amp; Slovak Everton Supporters&#039; Club\",\"description\":\"\",\"publisher\":{\"@id\":\"https:\/\/evertonfc.cz\/#organization\"},\"potentialAction\":[{\"@type\":\"SearchAction\",\"target\":{\"@type\":\"EntryPoint\",\"urlTemplate\":\"https:\/\/evertonfc.cz\/?s={search_term_string}\"},\"query-input\":{\"@type\":\"PropertyValueSpecification\",\"valueRequired\":true,\"valueName\":\"search_term_string\"}}],\"inLanguage\":\"cs\"},{\"@type\":\"Organization\",\"@id\":\"https:\/\/evertonfc.cz\/#organization\",\"name\":\"Official Czech & Slovak Everton Supporters' Club\",\"url\":\"https:\/\/evertonfc.cz\/\",\"logo\":{\"@type\":\"ImageObject\",\"inLanguage\":\"cs\",\"@id\":\"https:\/\/evertonfc.cz\/#\/schema\/logo\/image\/\",\"url\":\"https:\/\/evertonfc.cz\/wp-content\/uploads\/2019\/05\/logo.png\",\"contentUrl\":\"https:\/\/evertonfc.cz\/wp-content\/uploads\/2019\/05\/logo.png\",\"width\":112,\"height\":112,\"caption\":\"Official Czech & Slovak Everton Supporters' Club\"},\"image\":{\"@id\":\"https:\/\/evertonfc.cz\/#\/schema\/logo\/image\/\"},\"sameAs\":[\"https:\/\/www.facebook.com\/everton.fans.cz.sk\"]},{\"@type\":\"Person\",\"@id\":\"https:\/\/evertonfc.cz\/#\/schema\/person\/35904009755e8eaa0dc1a5f5f0419002\",\"name\":\"Fip\",\"url\":\"https:\/\/evertonfc.cz\/index.php\/author\/fip\/\"}]}<\/script>\n<!-- \/ Yoast SEO plugin. -->","yoast_head_json":{"title":"Preview: Fulham - Everton - Official Czech &amp; Slovak Everton Supporters&#039; Club","robots":{"index":"index","follow":"follow","max-snippet":"max-snippet:-1","max-image-preview":"max-image-preview:large","max-video-preview":"max-video-preview:-1"},"canonical":"https:\/\/evertonfc.cz\/index.php\/2025\/05\/10\/preview-fulham-everton-9\/","og_locale":"cs_CZ","og_type":"article","og_title":"Preview: Fulham - Everton - Official Czech &amp; Slovak Everton Supporters&#039; Club","og_description":"T\u0159i kola do konce, 3 rem\u00edzy od p\u0159ekon\u00e1n\u00ed rekordu. Nebo hon za 13. m\u00edstem, udr\u017eet se nad United, vylep\u0161it lo\u0148sk\u00e9 um\u00edst\u011bn\u00ed. Probu\u010fte se, je\u0161t\u011b je o co hr\u00e1t.","og_url":"https:\/\/evertonfc.cz\/index.php\/2025\/05\/10\/preview-fulham-everton-9\/","og_site_name":"Official Czech &amp; Slovak Everton Supporters&#039; Club","article_publisher":"https:\/\/www.facebook.com\/everton.fans.cz.sk","article_published_time":"2025-05-10T08:29:28+00:00","article_modified_time":"2025-05-14T16:39:36+00:00","og_image":[{"width":720,"height":405,"url":"https:\/\/evertonfc.cz\/wp-content\/uploads\/2020\/11\/Fulham-VS-Everton-20-11-2020.jpg","type":"image\/jpeg"}],"author":"Fip","twitter_card":"summary_large_image","twitter_misc":{"Napsal(a)":"Fip","Odhadovan\u00e1 doba \u010dten\u00ed":"3 minuty"},"schema":{"@context":"https:\/\/schema.org","@graph":[{"@type":"Article","@id":"https:\/\/evertonfc.cz\/index.php\/2025\/05\/10\/preview-fulham-everton-9\/#article","isPartOf":{"@id":"https:\/\/evertonfc.cz\/index.php\/2025\/05\/10\/preview-fulham-everton-9\/"},"author":{"name":"Fip","@id":"https:\/\/evertonfc.cz\/#\/schema\/person\/35904009755e8eaa0dc1a5f5f0419002"},"headline":"Preview: Fulham &#8211; Everton","datePublished":"2025-05-10T08:29:28+00:00","dateModified":"2025-05-14T16:39:36+00:00","mainEntityOfPage":{"@id":"https:\/\/evertonfc.cz\/index.php\/2025\/05\/10\/preview-fulham-everton-9\/"},"wordCount":528,"commentCount":9,"publisher":{"@id":"https:\/\/evertonfc.cz\/#organization"},"image":{"@id":"https:\/\/evertonfc.cz\/index.php\/2025\/05\/10\/preview-fulham-everton-9\/#primaryimage"},"thumbnailUrl":"https:\/\/evertonfc.cz\/wp-content\/uploads\/2020\/11\/Fulham-VS-Everton-20-11-2020.jpg","articleSection":["Z\u00e1pasy"],"inLanguage":"cs","potentialAction":[{"@type":"CommentAction","name":"Comment","target":["https:\/\/evertonfc.cz\/index.php\/2025\/05\/10\/preview-fulham-everton-9\/#respond"]}]},{"@type":"WebPage","@id":"https:\/\/evertonfc.cz\/index.php\/2025\/05\/10\/preview-fulham-everton-9\/","url":"https:\/\/evertonfc.cz\/index.php\/2025\/05\/10\/preview-fulham-everton-9\/","name":"Preview: Fulham - Everton - Official Czech &amp; Slovak Everton Supporters&#039; Club","isPartOf":{"@id":"https:\/\/evertonfc.cz\/#website"},"primaryImageOfPage":{"@id":"https:\/\/evertonfc.cz\/index.php\/2025\/05\/10\/preview-fulham-everton-9\/#primaryimage"},"image":{"@id":"https:\/\/evertonfc.cz\/index.php\/2025\/05\/10\/preview-fulham-everton-9\/#primaryimage"},"thumbnailUrl":"https:\/\/evertonfc.cz\/wp-content\/uploads\/2020\/11\/Fulham-VS-Everton-20-11-2020.jpg","datePublished":"2025-05-10T08:29:28+00:00","dateModified":"2025-05-14T16:39:36+00:00","breadcrumb":{"@id":"https:\/\/evertonfc.cz\/index.php\/2025\/05\/10\/preview-fulham-everton-9\/#breadcrumb"},"inLanguage":"cs","potentialAction":[{"@type":"ReadAction","target":["https:\/\/evertonfc.cz\/index.php\/2025\/05\/10\/preview-fulham-everton-9\/"]}]},{"@type":"ImageObject","inLanguage":"cs","@id":"https:\/\/evertonfc.cz\/index.php\/2025\/05\/10\/preview-fulham-everton-9\/#primaryimage","url":"https:\/\/evertonfc.cz\/wp-content\/uploads\/2020\/11\/Fulham-VS-Everton-20-11-2020.jpg","contentUrl":"https:\/\/evertonfc.cz\/wp-content\/uploads\/2020\/11\/Fulham-VS-Everton-20-11-2020.jpg","width":720,"height":405},{"@type":"BreadcrumbList","@id":"https:\/\/evertonfc.cz\/index.php\/2025\/05\/10\/preview-fulham-everton-9\/#breadcrumb","itemListElement":[{"@type":"ListItem","position":1,"name":"Home","item":"https:\/\/evertonfc.cz\/"},{"@type":"ListItem","position":2,"name":"Preview: Fulham &#8211; Everton"}]},{"@type":"WebSite","@id":"https:\/\/evertonfc.cz\/#website","url":"https:\/\/evertonfc.cz\/","name":"Official Czech &amp; Slovak Everton Supporters&#039; Club","description":"","publisher":{"@id":"https:\/\/evertonfc.cz\/#organization"},"potentialAction":[{"@type":"SearchAction","target":{"@type":"EntryPoint","urlTemplate":"https:\/\/evertonfc.cz\/?s={search_term_string}"},"query-input":{"@type":"PropertyValueSpecification","valueRequired":true,"valueName":"search_term_string"}}],"inLanguage":"cs"},{"@type":"Organization","@id":"https:\/\/evertonfc.cz\/#organization","name":"Official Czech & Slovak Everton Supporters' Club","url":"https:\/\/evertonfc.cz\/","logo":{"@type":"ImageObject","inLanguage":"cs","@id":"https:\/\/evertonfc.cz\/#\/schema\/logo\/image\/","url":"https:\/\/evertonfc.cz\/wp-content\/uploads\/2019\/05\/logo.png","contentUrl":"https:\/\/evertonfc.cz\/wp-content\/uploads\/2019\/05\/logo.png","width":112,"height":112,"caption":"Official Czech & Slovak Everton Supporters' Club"},"image":{"@id":"https:\/\/evertonfc.cz\/#\/schema\/logo\/image\/"},"sameAs":["https:\/\/www.facebook.com\/everton.fans.cz.sk"]},{"@type":"Person","@id":"https:\/\/evertonfc.cz\/#\/schema\/person\/35904009755e8eaa0dc1a5f5f0419002","name":"Fip","url":"https:\/\/evertonfc.cz\/index.php\/author\/fip\/"}]}},"_links":{"self":[{"href":"https:\/\/evertonfc.cz\/index.php\/wp-json\/wp\/v2\/posts\/26700"}],"collection":[{"href":"https:\/\/evertonfc.cz\/index.php\/wp-json\/wp\/v2\/posts"}],"about":[{"href":"https:\/\/evertonfc.cz\/index.php\/wp-json\/wp\/v2\/types\/post"}],"author":[{"embeddable":true,"href":"https:\/\/evertonfc.cz\/index.php\/wp-json\/wp\/v2\/users\/10"}],"replies":[{"embeddable":true,"href":"https:\/\/evertonfc.cz\/index.php\/wp-json\/wp\/v2\/comments?post=26700"}],"version-history":[{"count":6,"href":"https:\/\/evertonfc.cz\/index.php\/wp-json\/wp\/v2\/posts\/26700\/revisions"}],"predecessor-version":[{"id":26732,"href":"https:\/\/evertonfc.cz\/index.php\/wp-json\/wp\/v2\/posts\/26700\/revisions\/26732"}],"wp:featuredmedia":[{"embeddable":true,"href":"https:\/\/evertonfc.cz\/index.php\/wp-json\/wp\/v2\/media\/12988"}],"wp:attachment":[{"href":"https:\/\/evertonfc.cz\/index.php\/wp-json\/wp\/v2\/media?parent=26700"}],"wp:term":[{"taxonomy":"category","embeddable":true,"href":"https:\/\/evertonfc.cz\/index.php\/wp-json\/wp\/v2\/categories?post=26700"},{"taxonomy":"post_tag","embeddable":true,"href":"https:\/\/evertonfc.cz\/index.php\/wp-json\/wp\/v2\/tags?post=26700"}],"curies":[{"name":"wp","href":"https:\/\/api.w.org\/{rel}","templated":true}]}}