{"id":26708,"date":"2025-05-11T10:15:07","date_gmt":"2025-05-11T08:15:07","guid":{"rendered":"https:\/\/evertonfc.cz\/?p=26708"},"modified":"2025-05-15T19:19:42","modified_gmt":"2025-05-15T17:19:42","slug":"fulham-everton-13-3","status":"publish","type":"post","link":"https:\/\/evertonfc.cz\/index.php\/2025\/05\/11\/fulham-everton-13-3\/","title":{"rendered":"Fulham \u2013 Everton 1:3"},"content":{"rendered":"<h4>M\u016f\u017eete hledat na severu, m\u016f\u017eete hledat v Lond\u00fdn\u011b, nikde neuvid\u00edte nic takov\u00e9ho jako Michael Keane. Tedy, my tady douf\u00e1me.<\/h4>\n<p>Perfektn\u00ed rozlu\u010dku poskytl David Moyes hned n\u011bkolika hr\u00e1\u010d\u016fm s kon\u010d\u00edc\u00ed smlouvou. Nev\u00edm, jestli s t\u00edm po\u010d\u00edtal, ale jsou z toho 3 body. Bleskov\u00fd \u00fader v druh\u00e9 p\u016fli znamenal ne\u010dekan\u00fd obrat.<\/p>\n<h4>P\u0159ed z\u00e1pasem<\/h4>\n<p>Zve\u0159ejn\u011bn\u00ed sestavy zvedlo obo\u010d\u00ed Evertonians do ancelottiovsk\u00e9 v\u00fd\u0161e a snad i zazn\u011blo n\u011bkolik \u201ewho?\u201c. Zejm\u00e9na absence Jakea O\u2019Briena, pravd\u011bpodobn\u011b z d\u016fvodu bolav\u00e9ho kolene. Ov\u0161em i tak bylo nasazen\u00ed Keanea siln\u00e9 kafe. Volba zku\u0161enosti nad v\u00fdbojnost\u00ed tak\u00e9 p\u0159esn\u011b nevystihuje p\u0159\u00ed\u010dinu up\u0159ednostn\u011bn\u00ed Younga p\u0159ed Pattersonem. Mlad\u00fd Skot od p\u0159\u00edchodu nep\u0159esv\u011bd\u010dil ji\u017e \u010dtvrt\u00e9ho mana\u017eera. V ofenz\u00edv\u011b dostali p\u0159ednost zdrav\u00e9 \u0159\u00edpy p\u0159ed rekonvalescenty. Zejm\u00e9na vypu\u0161t\u011bn\u00ed McNeila a Ndiayeho na unavenou obranu soupe\u0159e byl pl\u00e1n p\u0159\u00edmo \u010f\u00e1belsk\u00fd.<\/p>\n<p>Na druh\u00e9 stran\u011b z\u016fstal jen na tribun\u011b, v pavilonu, mana\u017eer Marco Silva. Na Craven Cottage se usadil, 4. sez\u00f3na je jeho maximum. N\u011bkdy ale neudr\u017e\u00ed nervy na uzd\u011b, tak\u017ee dostal p\u0159i t\u0159et\u00ed \u017elut\u00e9 proti Ville z\u00e1kaz vstupu na lavi\u010dku. Velen\u00ed p\u0159evzal do\u010dasn\u011b asistent Stuart Gray. Absentuj\u00edc\u00ed Luki\u0107e s Robinsonem nahradili Pereira a Smith-Rowe.<\/p>\n<h4>Prvn\u00ed polo\u010das<\/h4>\n<p>Dom\u00e1c\u00ed vstoupili do utk\u00e1n\u00ed svi\u017en\u011b, Everton p\u016fsobil nejist\u011b. A ne\u0161lo jen o \u010d\u00edsla v dr\u017een\u00ed m\u00ed\u010de. Vid\u011bt se nechal Iwobi, nebezpe\u010dn\u011b ov\u011b\u0159il z d\u00e1lky Pickforda, tak\u017ee pak schytal \u0161\u0165ouchanec od Gueyeho ve smyslu \u201ebr\u00e1cho, co to d\u011bl\u00e1\u0161\u201c. Vzr\u016fstaj\u00edc\u00ed obavy se naplnily u\u017e v 17. minut\u011b. Smith-Rowe zrovna nem\u011bl nikoho do p\u00e1ru, tak vyslal nad\u00fdchan\u00fd m\u00ed\u010d, Jimeneze p\u0159ed brankou taky nikdo neukotvil. Mexi\u010dan trknul do balonu, a\u017e se s\u00ed\u0165 zavlnila \u2013 <strong>1:0<\/strong>.<\/p>\n<p>Evertonu se neda\u0159ilo udr\u017eet m\u00ed\u010d, v\u00a0dal\u0161\u00ed \u0161anci na\u0161t\u011bst\u00ed selhal Wilson. O n\u011bco se pokusil Harrison, ale st\u0159elou k\u00a0ty\u010di si na Lena nep\u0159i\u0161el. Wilson zlobil, dokonce p\u0159i zakon\u010den\u00ed kopl Branthwaitea, ale sp\u00ed\u0161e ten kung-fu atak rozd\u00fdchal. Wilson to zkou\u0161el do t\u0159etice, v\u00fdte\u010dn\u011b zas\u00e1hl Pickford.<\/p>\n<p>Keane poslal varov\u00e1n\u00ed po rohov\u00e9m kopu. V\u0161eobecn\u00e9 vol\u00e1n\u00ed po p\u0159est\u00e1vce, kde by snad mohl David Moyes proplesknout sv\u00e9 sv\u011b\u0159ence, naru\u0161il Mykolenko. Nezv\u00e1n, ne\u010dek\u00e1n, zjevil se ve v\u00e1pn\u011b po dlouh\u00e9m vhazov\u00e1n\u00ed Garnera a jeho st\u0159ela by skon\u010dila v propadli\u0161ti plan\u00fdch statistik, neb\u00fdt Pereirovy te\u010de, tak\u017ee Leno jen civ\u011bl \u2013 <strong>1:1<\/strong>.<\/p>\n<h4>Druh\u00fd polo\u010das<\/h4>\n<p>Po p\u0159est\u00e1vce za\u010dal b\u00fdt Everton aktivn\u011bj\u0161\u00ed, p\u0159inejmen\u0161\u00edm nepou\u0161t\u011bl Fulham u\u017e do takov\u00e9 p\u0159evahy. Tedy, po jedn\u00e9 zbyte\u010dn\u00e9 ztr\u00e1t\u011b se n\u00e1m zatajil dech na dvakr\u00e1t. Poprv\u00e9, kdy\u017e Wilson cht\u011bl p\u0159ehodit vyb\u011bhnut\u00e9ho Pickforda, podruh\u00e9 kdy\u017e hrdinn\u00fd brank\u00e1\u0159 po brav\u00fcrn\u00edm z\u00e1kroku dopadl na levou ruku a chv\u00edli to vypadalo, \u017ee p\u0159i\u0161el \u010das Virginii. Berge vid\u011bl prvn\u00ed kartu za sta\u017een\u00ed Beta p\u0159i \u00faniku.<\/p>\n<p>Zvrat nastal v 61. minut\u011b, kdy nosi\u010de vody Harrisona s Doucour\u00e9m nahradilo hrav\u00e9 duo McNeil \u2013 Ndiaye. Hned prvn\u00ed roh vyd\u0159en\u00fd poctivou prac\u00ed Alcaraze zakroutil zleva Dwight na zadn\u00ed ty\u010d, kam se p\u0159i\u0159\u00edtil Michael Keane a bylo \u2013 <strong>1:2<\/strong>. Chv\u00edli se zkoumal ofsajd nebo faul Alcaraze, kter\u00fd byl v t\u011bsn\u00e9 bl\u00edzkosti Lena. Rozhod\u010d\u00ed England p\u0159iv\u0159el jedno oko. T\u00e9m\u011b\u0159 okam\u017eit\u011b se poda\u0159ilo p\u0159ej\u00edt do rychl\u00e9ho kontru, Alcaraz vysunul Beta a ten k\u0159\u00ed\u017enou ranou \u0161lehl p\u0159es Lenovy rukavice t\u0159et\u00ed branku \u2013 <strong>1:3<\/strong>.<\/p>\n<p>Dom\u00e1c\u00ed se z \u0161oku vzpamatovali za pomoci dvou dvojst\u0159\u00edd\u00e1n\u00ed. Druh\u00e9 z nich obsahovalo mladistv\u00e9 duo Josh King a Martial Godo z \u00fasp\u011b\u0161n\u00e9 fulhamsk\u00e9 akademie. Moyes kontroval p\u0159\u00edchodem Iroegbunama. Tim n\u011bkolikr\u00e1t \u0161el \u00fasp\u011b\u0161n\u011b na zem. Pickforodovo o\u0161et\u0159ov\u00e1n\u00ed a VAR po druh\u00e9 brance si vy\u017e\u00e1dalo 7 minut nastaven\u00ed. Na \u0159adu p\u0159i\u0161el Coleman a DCL. Kapit\u00e1n u\u017e skoro ve v\u00fdslu\u017eb\u011b p\u016fsobil trochu zrezle a jen zvolna se dost\u00e1val do tempa hry. Jednou za n\u011bj hasil Iroegbunam. DCL se dostal do \u0161ance, ale na Lena nevyzr\u00e1l.<\/p>\n<p>Z\u00e1v\u011br pat\u0159il rozhod\u010d\u00edm. Mykolenka toti\u017e Traor\u00e9ho pas zas\u00e1hl do exponovan\u00e9 pa\u017ee. Z prvn\u00edch z\u00e1b\u011br\u016f to vypadalo jako jasn\u00e1 penalta, kter\u00e1 nejsp\u00ed\u0161 nezabol\u00ed, proto\u017ee se kopne a bude konec, v\u00fdsledek neovlivn\u00ed. Jen\u017ee Darren England nedal jen na upozorn\u011bn\u00ed VAR. B\u011b\u017eel k obrazovce, dlouho na n\u00ed zkoumal Vitalij\u016fv bezelstn\u00fd v\u00fdraz a vyza\u0159uj\u00edc\u00ed nevinnost, tak\u017ee nakonec k podivu v\u0161ech rozpa\u017eil. Kr\u00e1tce na to p\u00edsknul naposledy a bylo to.<\/p>\n<h4>Shrnut\u00ed<\/h4>\n<p>Everton veze z\u00a0hlavn\u00edho m\u011bsta po 2 por\u00e1\u017ek\u00e1ch a 3 rem\u00edz\u00e1ch v\u00a0t\u00e9to sez\u00f3n\u011b druhou v\u00fdhru. Nav\u00edc, s\u00a0uzdraven\u00edm \u0159ady d\u016fle\u017eit\u00fdch prvk\u016f sestavy vypad\u00e1 v\u00a0dobr\u00e9m rozpolo\u017een\u00ed. Palace ale zabrali, tak\u017ee nic lep\u0161\u00edho ne\u017e 13. m\u00edsto z\u00a0toho nebude.<\/p>\n<p style=\"text-align: right;\"><span style=\"font-size: 8pt;\">fotozdroj:\u00a0Ben Stansall\/AFP\/Getty Images<\/span><\/p>\n<p><strong>Branky<\/strong>: 17\u2018 Jimenez, 45+3\u2018 Mykolenko, 70\u2018 Keane, 74\u2018 Beto\u00a0 \u00a0<strong>\u017dlut\u00e9<\/strong> <strong>karty<\/strong>: 56&#8242; Berge<\/p>\n<p><strong>Fulham<\/strong>: Leno \u2013 Tete, Andersen, Bassey, Sessegnon (83\u2018 Godo) \u2013 Pereira (74\u2018 Carney), Berge (83\u2018 King) \u2013 Wilson (74\u2018 Willian), Smith Rowe (63\u2018 Traore), Iwobi \u2013 Jimenez<\/p>\n<p><strong>Everton<\/strong>: Pickford \u2013 Young, Keane, Branthwaite, Mykolenko \u2013 Garner, Gueye (90+1\u2018 Coleman) \u2013 Alcaraz (84\u2018 Iroegbunam), Doucour\u00e9 (61\u2018 Ndiaye), Harrison (61\u2018 McNeil) \u2013 Beto (90+1\u2018 Calvert-Lewin).<\/p>\n<p><strong>Rozhod\u010d\u00ed: <\/strong>Darren England\u00a0\u00a0<strong>Div\u00e1ci: <\/strong>27 653 (Craven Cottage)<\/p>\n","protected":false},"excerpt":{"rendered":"<p>M\u016f\u017eete hledat na severu, m\u016f\u017eete hledat v Lond\u00fdn\u011b, nikde neuvid\u00edte nic takov\u00e9ho jako Michael Keane. Tedy, my tady douf\u00e1me.<\/p>\n","protected":false},"author":10,"featured_media":26709,"comment_status":"open","ping_status":"closed","sticky":false,"template":"","format":"standard","meta":{"_eb_attr":"","_monsterinsights_skip_tracking":false,"_monsterinsights_sitenote_active":false,"_monsterinsights_sitenote_note":"","_monsterinsights_sitenote_category":0,"footnotes":""},"categories":[4],"tags":[],"yoast_head":"<!-- This site is optimized with the Yoast SEO plugin v23.4 - https:\/\/yoast.com\/wordpress\/plugins\/seo\/ -->\n<title>Fulham \u2013 Everton 1:3 - Official Czech &amp; Slovak Everton Supporters&#039; Club<\/title>\n<meta name=\"robots\" content=\"index, follow, max-snippet:-1, max-image-preview:large, max-video-preview:-1\" \/>\n<link rel=\"canonical\" href=\"https:\/\/evertonfc.cz\/index.php\/2025\/05\/11\/fulham-everton-13-3\/\" \/>\n<meta property=\"og:locale\" content=\"cs_CZ\" \/>\n<meta property=\"og:type\" content=\"article\" \/>\n<meta property=\"og:title\" content=\"Fulham \u2013 Everton 1:3 - Official Czech &amp; Slovak Everton Supporters&#039; Club\" \/>\n<meta property=\"og:description\" content=\"M\u016f\u017eete hledat na severu, m\u016f\u017eete hledat v Lond\u00fdn\u011b, nikde neuvid\u00edte nic takov\u00e9ho jako Michael Keane. Tedy, my tady douf\u00e1me.\" \/>\n<meta property=\"og:url\" content=\"https:\/\/evertonfc.cz\/index.php\/2025\/05\/11\/fulham-everton-13-3\/\" \/>\n<meta property=\"og:site_name\" content=\"Official Czech &amp; Slovak Everton Supporters&#039; Club\" \/>\n<meta property=\"article:publisher\" content=\"https:\/\/www.facebook.com\/everton.fans.cz.sk\" \/>\n<meta property=\"article:published_time\" content=\"2025-05-11T08:15:07+00:00\" \/>\n<meta property=\"article:modified_time\" content=\"2025-05-15T17:19:42+00:00\" \/>\n<meta property=\"og:image\" content=\"https:\/\/evertonfc.cz\/wp-content\/uploads\/2025\/05\/fulham1_3.jpg\" \/>\n\t<meta property=\"og:image:width\" content=\"720\" \/>\n\t<meta property=\"og:image:height\" content=\"405\" \/>\n\t<meta property=\"og:image:type\" content=\"image\/jpeg\" \/>\n<meta name=\"author\" content=\"Fip\" \/>\n<meta name=\"twitter:card\" content=\"summary_large_image\" \/>\n<meta name=\"twitter:label1\" content=\"Napsal(a)\" \/>\n\t<meta name=\"twitter:data1\" content=\"Fip\" \/>\n\t<meta name=\"twitter:label2\" content=\"Odhadovan\u00e1 doba \u010dten\u00ed\" \/>\n\t<meta name=\"twitter:data2\" content=\"5 minut\" \/>\n<script type=\"application\/ld+json\" class=\"yoast-schema-graph\">{\"@context\":\"https:\/\/schema.org\",\"@graph\":[{\"@type\":\"Article\",\"@id\":\"https:\/\/evertonfc.cz\/index.php\/2025\/05\/11\/fulham-everton-13-3\/#article\",\"isPartOf\":{\"@id\":\"https:\/\/evertonfc.cz\/index.php\/2025\/05\/11\/fulham-everton-13-3\/\"},\"author\":{\"name\":\"Fip\",\"@id\":\"https:\/\/evertonfc.cz\/#\/schema\/person\/35904009755e8eaa0dc1a5f5f0419002\"},\"headline\":\"Fulham \u2013 Everton 1:3\",\"datePublished\":\"2025-05-11T08:15:07+00:00\",\"dateModified\":\"2025-05-15T17:19:42+00:00\",\"mainEntityOfPage\":{\"@id\":\"https:\/\/evertonfc.cz\/index.php\/2025\/05\/11\/fulham-everton-13-3\/\"},\"wordCount\":949,\"commentCount\":12,\"publisher\":{\"@id\":\"https:\/\/evertonfc.cz\/#organization\"},\"image\":{\"@id\":\"https:\/\/evertonfc.cz\/index.php\/2025\/05\/11\/fulham-everton-13-3\/#primaryimage\"},\"thumbnailUrl\":\"https:\/\/evertonfc.cz\/wp-content\/uploads\/2025\/05\/fulham1_3.jpg\",\"articleSection\":[\"Z\u00e1pasy\"],\"inLanguage\":\"cs\",\"potentialAction\":[{\"@type\":\"CommentAction\",\"name\":\"Comment\",\"target\":[\"https:\/\/evertonfc.cz\/index.php\/2025\/05\/11\/fulham-everton-13-3\/#respond\"]}]},{\"@type\":\"WebPage\",\"@id\":\"https:\/\/evertonfc.cz\/index.php\/2025\/05\/11\/fulham-everton-13-3\/\",\"url\":\"https:\/\/evertonfc.cz\/index.php\/2025\/05\/11\/fulham-everton-13-3\/\",\"name\":\"Fulham \u2013 Everton 1:3 - Official Czech &amp; Slovak Everton Supporters&#039; Club\",\"isPartOf\":{\"@id\":\"https:\/\/evertonfc.cz\/#website\"},\"primaryImageOfPage\":{\"@id\":\"https:\/\/evertonfc.cz\/index.php\/2025\/05\/11\/fulham-everton-13-3\/#primaryimage\"},\"image\":{\"@id\":\"https:\/\/evertonfc.cz\/index.php\/2025\/05\/11\/fulham-everton-13-3\/#primaryimage\"},\"thumbnailUrl\":\"https:\/\/evertonfc.cz\/wp-content\/uploads\/2025\/05\/fulham1_3.jpg\",\"datePublished\":\"2025-05-11T08:15:07+00:00\",\"dateModified\":\"2025-05-15T17:19:42+00:00\",\"breadcrumb\":{\"@id\":\"https:\/\/evertonfc.cz\/index.php\/2025\/05\/11\/fulham-everton-13-3\/#breadcrumb\"},\"inLanguage\":\"cs\",\"potentialAction\":[{\"@type\":\"ReadAction\",\"target\":[\"https:\/\/evertonfc.cz\/index.php\/2025\/05\/11\/fulham-everton-13-3\/\"]}]},{\"@type\":\"ImageObject\",\"inLanguage\":\"cs\",\"@id\":\"https:\/\/evertonfc.cz\/index.php\/2025\/05\/11\/fulham-everton-13-3\/#primaryimage\",\"url\":\"https:\/\/evertonfc.cz\/wp-content\/uploads\/2025\/05\/fulham1_3.jpg\",\"contentUrl\":\"https:\/\/evertonfc.cz\/wp-content\/uploads\/2025\/05\/fulham1_3.jpg\",\"width\":720,\"height\":405},{\"@type\":\"BreadcrumbList\",\"@id\":\"https:\/\/evertonfc.cz\/index.php\/2025\/05\/11\/fulham-everton-13-3\/#breadcrumb\",\"itemListElement\":[{\"@type\":\"ListItem\",\"position\":1,\"name\":\"Home\",\"item\":\"https:\/\/evertonfc.cz\/\"},{\"@type\":\"ListItem\",\"position\":2,\"name\":\"Fulham \u2013 Everton 1:3\"}]},{\"@type\":\"WebSite\",\"@id\":\"https:\/\/evertonfc.cz\/#website\",\"url\":\"https:\/\/evertonfc.cz\/\",\"name\":\"Official Czech &amp; Slovak Everton Supporters&#039; Club\",\"description\":\"\",\"publisher\":{\"@id\":\"https:\/\/evertonfc.cz\/#organization\"},\"potentialAction\":[{\"@type\":\"SearchAction\",\"target\":{\"@type\":\"EntryPoint\",\"urlTemplate\":\"https:\/\/evertonfc.cz\/?s={search_term_string}\"},\"query-input\":{\"@type\":\"PropertyValueSpecification\",\"valueRequired\":true,\"valueName\":\"search_term_string\"}}],\"inLanguage\":\"cs\"},{\"@type\":\"Organization\",\"@id\":\"https:\/\/evertonfc.cz\/#organization\",\"name\":\"Official Czech & Slovak Everton Supporters' Club\",\"url\":\"https:\/\/evertonfc.cz\/\",\"logo\":{\"@type\":\"ImageObject\",\"inLanguage\":\"cs\",\"@id\":\"https:\/\/evertonfc.cz\/#\/schema\/logo\/image\/\",\"url\":\"https:\/\/evertonfc.cz\/wp-content\/uploads\/2019\/05\/logo.png\",\"contentUrl\":\"https:\/\/evertonfc.cz\/wp-content\/uploads\/2019\/05\/logo.png\",\"width\":112,\"height\":112,\"caption\":\"Official Czech & Slovak Everton Supporters' Club\"},\"image\":{\"@id\":\"https:\/\/evertonfc.cz\/#\/schema\/logo\/image\/\"},\"sameAs\":[\"https:\/\/www.facebook.com\/everton.fans.cz.sk\"]},{\"@type\":\"Person\",\"@id\":\"https:\/\/evertonfc.cz\/#\/schema\/person\/35904009755e8eaa0dc1a5f5f0419002\",\"name\":\"Fip\",\"url\":\"https:\/\/evertonfc.cz\/index.php\/author\/fip\/\"}]}<\/script>\n<!-- \/ Yoast SEO plugin. -->","yoast_head_json":{"title":"Fulham \u2013 Everton 1:3 - Official Czech &amp; Slovak Everton Supporters&#039; Club","robots":{"index":"index","follow":"follow","max-snippet":"max-snippet:-1","max-image-preview":"max-image-preview:large","max-video-preview":"max-video-preview:-1"},"canonical":"https:\/\/evertonfc.cz\/index.php\/2025\/05\/11\/fulham-everton-13-3\/","og_locale":"cs_CZ","og_type":"article","og_title":"Fulham \u2013 Everton 1:3 - Official Czech &amp; Slovak Everton Supporters&#039; Club","og_description":"M\u016f\u017eete hledat na severu, m\u016f\u017eete hledat v Lond\u00fdn\u011b, nikde neuvid\u00edte nic takov\u00e9ho jako Michael Keane. Tedy, my tady douf\u00e1me.","og_url":"https:\/\/evertonfc.cz\/index.php\/2025\/05\/11\/fulham-everton-13-3\/","og_site_name":"Official Czech &amp; Slovak Everton Supporters&#039; Club","article_publisher":"https:\/\/www.facebook.com\/everton.fans.cz.sk","article_published_time":"2025-05-11T08:15:07+00:00","article_modified_time":"2025-05-15T17:19:42+00:00","og_image":[{"width":720,"height":405,"url":"https:\/\/evertonfc.cz\/wp-content\/uploads\/2025\/05\/fulham1_3.jpg","type":"image\/jpeg"}],"author":"Fip","twitter_card":"summary_large_image","twitter_misc":{"Napsal(a)":"Fip","Odhadovan\u00e1 doba \u010dten\u00ed":"5 minut"},"schema":{"@context":"https:\/\/schema.org","@graph":[{"@type":"Article","@id":"https:\/\/evertonfc.cz\/index.php\/2025\/05\/11\/fulham-everton-13-3\/#article","isPartOf":{"@id":"https:\/\/evertonfc.cz\/index.php\/2025\/05\/11\/fulham-everton-13-3\/"},"author":{"name":"Fip","@id":"https:\/\/evertonfc.cz\/#\/schema\/person\/35904009755e8eaa0dc1a5f5f0419002"},"headline":"Fulham \u2013 Everton 1:3","datePublished":"2025-05-11T08:15:07+00:00","dateModified":"2025-05-15T17:19:42+00:00","mainEntityOfPage":{"@id":"https:\/\/evertonfc.cz\/index.php\/2025\/05\/11\/fulham-everton-13-3\/"},"wordCount":949,"commentCount":12,"publisher":{"@id":"https:\/\/evertonfc.cz\/#organization"},"image":{"@id":"https:\/\/evertonfc.cz\/index.php\/2025\/05\/11\/fulham-everton-13-3\/#primaryimage"},"thumbnailUrl":"https:\/\/evertonfc.cz\/wp-content\/uploads\/2025\/05\/fulham1_3.jpg","articleSection":["Z\u00e1pasy"],"inLanguage":"cs","potentialAction":[{"@type":"CommentAction","name":"Comment","target":["https:\/\/evertonfc.cz\/index.php\/2025\/05\/11\/fulham-everton-13-3\/#respond"]}]},{"@type":"WebPage","@id":"https:\/\/evertonfc.cz\/index.php\/2025\/05\/11\/fulham-everton-13-3\/","url":"https:\/\/evertonfc.cz\/index.php\/2025\/05\/11\/fulham-everton-13-3\/","name":"Fulham \u2013 Everton 1:3 - Official Czech &amp; Slovak Everton Supporters&#039; Club","isPartOf":{"@id":"https:\/\/evertonfc.cz\/#website"},"primaryImageOfPage":{"@id":"https:\/\/evertonfc.cz\/index.php\/2025\/05\/11\/fulham-everton-13-3\/#primaryimage"},"image":{"@id":"https:\/\/evertonfc.cz\/index.php\/2025\/05\/11\/fulham-everton-13-3\/#primaryimage"},"thumbnailUrl":"https:\/\/evertonfc.cz\/wp-content\/uploads\/2025\/05\/fulham1_3.jpg","datePublished":"2025-05-11T08:15:07+00:00","dateModified":"2025-05-15T17:19:42+00:00","breadcrumb":{"@id":"https:\/\/evertonfc.cz\/index.php\/2025\/05\/11\/fulham-everton-13-3\/#breadcrumb"},"inLanguage":"cs","potentialAction":[{"@type":"ReadAction","target":["https:\/\/evertonfc.cz\/index.php\/2025\/05\/11\/fulham-everton-13-3\/"]}]},{"@type":"ImageObject","inLanguage":"cs","@id":"https:\/\/evertonfc.cz\/index.php\/2025\/05\/11\/fulham-everton-13-3\/#primaryimage","url":"https:\/\/evertonfc.cz\/wp-content\/uploads\/2025\/05\/fulham1_3.jpg","contentUrl":"https:\/\/evertonfc.cz\/wp-content\/uploads\/2025\/05\/fulham1_3.jpg","width":720,"height":405},{"@type":"BreadcrumbList","@id":"https:\/\/evertonfc.cz\/index.php\/2025\/05\/11\/fulham-everton-13-3\/#breadcrumb","itemListElement":[{"@type":"ListItem","position":1,"name":"Home","item":"https:\/\/evertonfc.cz\/"},{"@type":"ListItem","position":2,"name":"Fulham \u2013 Everton 1:3"}]},{"@type":"WebSite","@id":"https:\/\/evertonfc.cz\/#website","url":"https:\/\/evertonfc.cz\/","name":"Official Czech &amp; Slovak Everton Supporters&#039; Club","description":"","publisher":{"@id":"https:\/\/evertonfc.cz\/#organization"},"potentialAction":[{"@type":"SearchAction","target":{"@type":"EntryPoint","urlTemplate":"https:\/\/evertonfc.cz\/?s={search_term_string}"},"query-input":{"@type":"PropertyValueSpecification","valueRequired":true,"valueName":"search_term_string"}}],"inLanguage":"cs"},{"@type":"Organization","@id":"https:\/\/evertonfc.cz\/#organization","name":"Official Czech & Slovak Everton Supporters' Club","url":"https:\/\/evertonfc.cz\/","logo":{"@type":"ImageObject","inLanguage":"cs","@id":"https:\/\/evertonfc.cz\/#\/schema\/logo\/image\/","url":"https:\/\/evertonfc.cz\/wp-content\/uploads\/2019\/05\/logo.png","contentUrl":"https:\/\/evertonfc.cz\/wp-content\/uploads\/2019\/05\/logo.png","width":112,"height":112,"caption":"Official Czech & Slovak Everton Supporters' Club"},"image":{"@id":"https:\/\/evertonfc.cz\/#\/schema\/logo\/image\/"},"sameAs":["https:\/\/www.facebook.com\/everton.fans.cz.sk"]},{"@type":"Person","@id":"https:\/\/evertonfc.cz\/#\/schema\/person\/35904009755e8eaa0dc1a5f5f0419002","name":"Fip","url":"https:\/\/evertonfc.cz\/index.php\/author\/fip\/"}]}},"_links":{"self":[{"href":"https:\/\/evertonfc.cz\/index.php\/wp-json\/wp\/v2\/posts\/26708"}],"collection":[{"href":"https:\/\/evertonfc.cz\/index.php\/wp-json\/wp\/v2\/posts"}],"about":[{"href":"https:\/\/evertonfc.cz\/index.php\/wp-json\/wp\/v2\/types\/post"}],"author":[{"embeddable":true,"href":"https:\/\/evertonfc.cz\/index.php\/wp-json\/wp\/v2\/users\/10"}],"replies":[{"embeddable":true,"href":"https:\/\/evertonfc.cz\/index.php\/wp-json\/wp\/v2\/comments?post=26708"}],"version-history":[{"count":7,"href":"https:\/\/evertonfc.cz\/index.php\/wp-json\/wp\/v2\/posts\/26708\/revisions"}],"predecessor-version":[{"id":26738,"href":"https:\/\/evertonfc.cz\/index.php\/wp-json\/wp\/v2\/posts\/26708\/revisions\/26738"}],"wp:featuredmedia":[{"embeddable":true,"href":"https:\/\/evertonfc.cz\/index.php\/wp-json\/wp\/v2\/media\/26709"}],"wp:attachment":[{"href":"https:\/\/evertonfc.cz\/index.php\/wp-json\/wp\/v2\/media?parent=26708"}],"wp:term":[{"taxonomy":"category","embeddable":true,"href":"https:\/\/evertonfc.cz\/index.php\/wp-json\/wp\/v2\/categories?post=26708"},{"taxonomy":"post_tag","embeddable":true,"href":"https:\/\/evertonfc.cz\/index.php\/wp-json\/wp\/v2\/tags?post=26708"}],"curies":[{"name":"wp","href":"https:\/\/api.w.org\/{rel}","templated":true}]}}