{"id":2672,"date":"2010-03-29T21:15:35","date_gmt":"2010-03-29T19:15:35","guid":{"rendered":"http:\/\/evertonfc.cz\/?p=2672"},"modified":"2019-02-09T21:23:14","modified_gmt":"2019-02-09T20:23:14","slug":"coleman-zustava-pri-zemi-na-sanci-si-chce-pockat","status":"publish","type":"post","link":"https:\/\/evertonfc.cz\/index.php\/2010\/03\/29\/coleman-zustava-pri-zemi-na-sanci-si-chce-pockat\/","title":{"rendered":"Coleman z\u016fst\u00e1v\u00e1 p\u0159i zemi, na \u0161anci si chce po\u010dkat"},"content":{"rendered":"<h4>Mnoz\u00ed fandov\u00e9 nech\u00e1pav\u011b kroutili hlavou nad jeho malou hern\u00ed vyt\u00ed\u017eenost\u00ed, ale Seamus si nest\u011b\u017euje. Talentovan\u00fd bek dob\u0159e v\u00ed, \u017ee definitivn\u00ed probit\u00ed do \u00e1\u010dka Evertonu je b\u011bh na dlouhou tra\u0165.<\/h4>\n<p>Seamus Coleman. Evertonians a nejen oni, v onom prosincov\u00e9m dom\u00e1c\u00edm utk\u00e1n\u00ed proti Tottenhamu z\u016fst\u00e1vali p\u0159i sledov\u00e1n\u00ed jeho debutu sed\u011bt s otev\u0159enou pusou. Jednadvacetilet\u00fd irsk\u00fd bek hr\u00e1l \u00fast\u0159edn\u00ed roli v za\u0159izov\u00e1n\u00ed obou g\u00f3l\u016f Toffees a popr\u00e1vu z\u00edskal ocen\u011bn\u00ed pro hr\u00e1\u010de z\u00e1pasu. Debut za prvn\u00ed t\u00fdm Blues si sice odbyl ji\u017e v \u0159\u00edjnu v ne\u0161\u0165astn\u00e9m duelu s Benficou, sv\u00fdm v\u00fdkonem proti Spurs si ale definitivn\u011b z\u00edskal fanou\u0161ky na svoji stranu.<\/p>\n<p>Jen\u017ee od konce roku za\u010daly b\u00fdt Seamusovy p\u0159\u00edle\u017eitosti zna\u010dn\u011b limitov\u00e1ny. Nev\u011bz\u00ed za t\u00edm zran\u011bn\u00ed, jak by se mohlo v p\u0159\u00edpad\u011b Evertonu zd\u00e1t, n\u00fdbr\u017e uzdraven\u00ed Phila Nevilla, od t\u00e9 doby neot\u0159esiteln\u011b si dr\u017e\u00edc\u00edho post prav\u00e9ho beka. Ir se proto mus\u00ed vyzbrojit d\u016fle\u017eitou vlastnost\u00ed &#8211; trp\u011blivost\u00ed. Ta ale s nejv\u011bt\u0161\u00ed pravd\u011bpodobnost\u00ed Colemanovi chyb\u011bt nebude. V\u017edy\u0165 je\u0161t\u011b p\u0159ed rokem a p\u016fl hr\u00e1val v dresu Sligo Rovers League of Ireland, sout\u011b\u017e b\u011b\u017e\u00edc\u00ed prakticky bez \u017e\u00e1dn\u00e9ho z\u00e1jmu zahrani\u010dn\u00edch m\u00e9di\u00ed. Nepomohla ur\u010dit\u011b ani v\u00e1\u017en\u00e1 infekce chodidla. V l\u00e9t\u011b mohla fotbalistovi ukon\u010dit kari\u00e9ru.<\/p>\n<p><em>\u201eMus\u00edm b\u00fdt trp\u011bliv\u00fd. Kdy\u017e jsem ode\u0161el do Sliga, trvalo mi p\u016fl sezony, ne\u017e jsem se dostal do t\u00fdmu. Pak jsem hr\u00e1l pravideln\u011b, ale je rozd\u00edl prosadit se v Irsku a tady. Je samoz\u0159ejm\u00e9, \u017ee nebudu hr\u00e1t za Everton v ka\u017ed\u00e9m z\u00e1pase,\u201c\u00a0<\/em>\u0159\u00edk\u00e1 Seamus skromn\u011b.<\/p>\n<p>Do konce sou\u010dasn\u00e9ho kontraktu Seamusovi zb\u00fdvaj\u00ed dva roky. Nen\u00ed tedy divu, \u017ee prvo\u0159ad\u00fdm c\u00edlem rod\u00e1ka z Donegalu je upozornit na svoje nezpochybniteln\u00e9 kvality Davida Moyese. M\u011bs\u00ed\u010dn\u00ed hostov\u00e1n\u00ed v Blackpoolu je toho sou\u010d\u00e1st\u00ed, a\u010dkoliv s\u00e1m si nen\u00ed jist\u00fd, zda jej mana\u017eer b\u011bhem jeho \u00fa\u010dinkov\u00e1n\u00ed u Seasiders stihne sledovat na vlastn\u00ed o\u010di b\u011bhem z\u00e1pasu. \u201e<em>Je velmi vyt\u00ed\u017een\u00fd,&#8220;<\/em>\u00a0p\u0159ipou\u0161t\u00ed.<\/p>\n<p>Tak \u010di onak, Moyesovi snad ani nemohly uniknout zpr\u00e1vy o ned\u00e1vn\u00e9m Colemanov\u011b vyda\u0159en\u00e9m p\u0159edstaven\u00ed na Bloomfield Road. Minul\u00e9 \u00fater\u00fd Seamus t\u0159emi asistencemi p\u0159isp\u011bl k drtiv\u00e9 v\u00fdh\u0159e Blackpoolu nad Swansea v pom\u011bru 5-1. Pr\u00e1v\u011b skv\u011bl\u00e9 expedice m\u00ed\u010d\u016f od postrann\u00ed \u010d\u00e1ry, rychlost a technick\u00e1 vysp\u011blost jsou Colemanov\u00fdm hlavn\u00edmi atributy. Atributy, dnes od modern\u00edch bek\u016f vy\u017eadov\u00e1ny a tak\u00e9 n\u00e1le\u017eit\u011b oce\u0148ov\u00e1ny. Za Seasiders Seamus zat\u00edm odehr\u00e1l t\u0159i z\u00e1pasy, ov\u0161em jejich p\u0159\u00ednos ji\u017e je pr\u00fd znateln\u00fd.<\/p>\n<p><em>\u201eOdehr\u00e1l jsem dobr\u00fd z\u00e1pas proti Crystal Palace a potom i proti Swansea, co\u017e byl nejsp\u00ed\u0161 nejlep\u0161\u00ed z\u00e1pas, kter\u00fd zat\u00edm pamatuji. Byl to tak\u00e9 dobr\u00fd test pro moji fyzi\u010dku. Proti Palace jsem byl unaven\u00fd ji\u017e po osmdes\u00e1ti minut\u00e1ch, ale proti Swansea u\u017e to bylo mnohem lep\u0161\u00ed, a to nakonec znamen\u00e1 tak\u00e9 lep\u0161\u00ed kontrolu m\u00ed\u010de. B\u00fdt v z\u00e1pasov\u00e9 kondici m\u00e1 spoustu v\u00fdhod.\u201c<\/em><\/p>\n<p>Championship pat\u0159\u00ed v\u016fbec mezi nejn\u00e1ro\u010dn\u011bj\u0161\u00ed sout\u011b\u017ee. Bylo v\u0161ak d\u00edky odehran\u00fdm z\u00e1pas\u016fm za Everton proti Benfice, AEK At\u00e9ny, BAte Borisov, Tottenhamu a Manchesteru City, nakro\u010den\u00ed do druh\u00e9 nejvy\u0161\u0161\u00ed anglick\u00e9 sout\u011b\u017ee jednodu\u0161\u0161\u00ed? <em>\u201eNe\u0159ekl bych, \u017ee tahle liga je jednodu\u0161\u0161\u00ed, proto\u017ee za Everton jsem pravideln\u011b nehr\u00e1l. Je to velmi bojovn\u00e1 liga, kdokoliv m\u016f\u017ee porazit kohokoliv, a to je p\u0159esn\u011b to, co se mi l\u00edb\u00ed. Fotbal za rezervn\u00ed t\u00fdm je d\u016fle\u017eit\u00fd pro m\u016fj v\u00fdvoj, ale v Championship je o co hr\u00e1t,\u201c\u00a0<\/em>vysv\u011btluje.<\/p>\n<p>Colem\u016fv talent byl tren\u00e9ry zpozorov\u00e1n pom\u011brn\u011b pozd\u011b. Do sv\u00fdch s\u00edt\u00ed jej p\u0159\u00edmo z amat\u00e9rsk\u00e9ho pl\u00e1cku ulovil Sligo a\u017e v roce 2006. Proto se mu tak\u00e9 nepo\u0161t\u011bstilo reprezentovat Irsko v ni\u017e\u0161\u00edch ml\u00e1de\u017enick\u00fdch t\u00fdmech. Mezin\u00e1rodn\u00ed ostruhy Seamus z\u00edsk\u00e1v\u00e1 teprve z irskou jednadvac\u00edtkou.<\/p>\n<p><em>\u201eHr\u00e1l jsem hodn\u011b gaelsk\u00fd fotbal a do Sliga jsem p\u0159estoupil a\u017e v sedmn\u00e1cti. A a\u010dkoliv jsou St. Catherines, za kter\u00e9 jsem p\u0159edt\u00edm hr\u00e1l, v Donegalu p\u0159edn\u00edm t\u00fdmem, na celon\u00e1rodn\u00ed \u00farovni hraj\u00ed naprosto minim\u00e1ln\u00ed roli. Do Sliga jsem ode\u0161el hr\u00e1t League of Ireland a profesion\u00e1ln\u00ed fotbal, a kdy\u017e se v\u00e1m to povede, pak si chcete zahr\u00e1t za Irsko.\u201c<\/em><\/p>\n<p>Jeho agresivn\u00ed rychl\u00e1 hra brzy upoutala pozornost skout\u016f z mnoha klub\u016f. Krom Evertonu kolem mlad\u00edka sl\u00eddil tak\u00e9 Ipswich Town, Birmingham City \u010di Celtic. Toffees pr\u00fd ale byli jasnou volbou. <em>\u201eJakmile jsem sly\u0161el o z\u00e1jmu Evertonu, cht\u011bl jsem j\u00edt jedin\u011b tam,&#8220;<\/em>\u00a0\u0159\u00edk\u00e1 a z\u00e1rove\u0148 jej t\u011b\u0161\u00ed jeho progres.\u00a0<em>&#8222;Na za\u010d\u00e1tku sezony jsem ne\u010dekal, \u017ee bych mohl tak brzy za Everton odehr\u00e1t sedm z\u00e1pas\u016f a te\u010f jsem r\u00e1d, \u017ee z\u00edsk\u00e1v\u00e1m v\u00edce zku\u0161enost\u00ed v Blackpoolu. Na hostov\u00e1n\u00ed jsem cht\u011bl j\u00edt. Kone\u010dn\u00e9 rozhodnut\u00ed ale bylo na mana\u017eerovi. Nev\u00edm, jak uva\u017eoval, ale kdy\u017e mi \u0159ekli o Blackpoolu, nemohl jsem se do\u010dkat a\u017e si zahraji,\u201c\u00a0<\/em>\u0159\u00edk\u00e1 Seamus spokojen\u011b.<\/p>\n","protected":false},"excerpt":{"rendered":"<p>Mnoz\u00ed fandov\u00e9 nech\u00e1pav\u011b kroutili hlavou nad jeho malou hern\u00ed vyt\u00ed\u017eenost\u00ed, ale Seamus si nest\u011b\u017euje. Talentovan\u00fd bek dob\u0159e v\u00ed, \u017ee definitivn\u00ed&hellip;<\/p>\n","protected":false},"author":7,"featured_media":1312,"comment_status":"open","ping_status":"closed","sticky":false,"template":"","format":"standard","meta":{"_eb_attr":"","_monsterinsights_skip_tracking":false,"_monsterinsights_sitenote_active":false,"_monsterinsights_sitenote_note":"","_monsterinsights_sitenote_category":0,"footnotes":""},"categories":[1],"tags":[],"yoast_head":"<!-- This site is optimized with the Yoast SEO plugin v23.4 - https:\/\/yoast.com\/wordpress\/plugins\/seo\/ -->\n<title>Coleman z\u016fst\u00e1v\u00e1 p\u0159i zemi, na \u0161anci si chce po\u010dkat - Official Czech &amp; Slovak Everton Supporters&#039; Club<\/title>\n<meta name=\"robots\" content=\"index, follow, max-snippet:-1, max-image-preview:large, max-video-preview:-1\" \/>\n<link rel=\"canonical\" href=\"https:\/\/evertonfc.cz\/index.php\/2010\/03\/29\/coleman-zustava-pri-zemi-na-sanci-si-chce-pockat\/\" \/>\n<meta property=\"og:locale\" content=\"cs_CZ\" \/>\n<meta property=\"og:type\" content=\"article\" \/>\n<meta property=\"og:title\" content=\"Coleman z\u016fst\u00e1v\u00e1 p\u0159i zemi, na \u0161anci si chce po\u010dkat - Official Czech &amp; Slovak Everton Supporters&#039; Club\" \/>\n<meta property=\"og:description\" content=\"Mnoz\u00ed fandov\u00e9 nech\u00e1pav\u011b kroutili hlavou nad jeho malou hern\u00ed vyt\u00ed\u017eenost\u00ed, ale Seamus si nest\u011b\u017euje. Talentovan\u00fd bek dob\u0159e v\u00ed, \u017ee definitivn\u00ed&hellip;\" \/>\n<meta property=\"og:url\" content=\"https:\/\/evertonfc.cz\/index.php\/2010\/03\/29\/coleman-zustava-pri-zemi-na-sanci-si-chce-pockat\/\" \/>\n<meta property=\"og:site_name\" content=\"Official Czech &amp; Slovak Everton Supporters&#039; Club\" \/>\n<meta property=\"article:publisher\" content=\"https:\/\/www.facebook.com\/everton.fans.cz.sk\" \/>\n<meta property=\"article:published_time\" content=\"2010-03-29T19:15:35+00:00\" \/>\n<meta property=\"article:modified_time\" content=\"2019-02-09T20:23:14+00:00\" \/>\n<meta property=\"og:image\" content=\"https:\/\/evertonfc.cz\/wp-content\/uploads\/2019\/01\/interview.jpg\" \/>\n\t<meta property=\"og:image:width\" content=\"720\" \/>\n\t<meta property=\"og:image:height\" content=\"405\" \/>\n\t<meta property=\"og:image:type\" content=\"image\/jpeg\" \/>\n<meta name=\"author\" content=\"Me\u0148a\" \/>\n<meta name=\"twitter:card\" content=\"summary_large_image\" \/>\n<meta name=\"twitter:label1\" content=\"Napsal(a)\" \/>\n\t<meta name=\"twitter:data1\" content=\"Me\u0148a\" \/>\n\t<meta name=\"twitter:label2\" content=\"Odhadovan\u00e1 doba \u010dten\u00ed\" \/>\n\t<meta name=\"twitter:data2\" content=\"5 minut\" \/>\n<script type=\"application\/ld+json\" class=\"yoast-schema-graph\">{\"@context\":\"https:\/\/schema.org\",\"@graph\":[{\"@type\":\"Article\",\"@id\":\"https:\/\/evertonfc.cz\/index.php\/2010\/03\/29\/coleman-zustava-pri-zemi-na-sanci-si-chce-pockat\/#article\",\"isPartOf\":{\"@id\":\"https:\/\/evertonfc.cz\/index.php\/2010\/03\/29\/coleman-zustava-pri-zemi-na-sanci-si-chce-pockat\/\"},\"author\":{\"name\":\"Me\u0148a\",\"@id\":\"https:\/\/evertonfc.cz\/#\/schema\/person\/cd6328a75577de2add7793fd4b0930c3\"},\"headline\":\"Coleman z\u016fst\u00e1v\u00e1 p\u0159i zemi, na \u0161anci si chce po\u010dkat\",\"datePublished\":\"2010-03-29T19:15:35+00:00\",\"dateModified\":\"2019-02-09T20:23:14+00:00\",\"mainEntityOfPage\":{\"@id\":\"https:\/\/evertonfc.cz\/index.php\/2010\/03\/29\/coleman-zustava-pri-zemi-na-sanci-si-chce-pockat\/\"},\"wordCount\":939,\"commentCount\":0,\"publisher\":{\"@id\":\"https:\/\/evertonfc.cz\/#organization\"},\"image\":{\"@id\":\"https:\/\/evertonfc.cz\/index.php\/2010\/03\/29\/coleman-zustava-pri-zemi-na-sanci-si-chce-pockat\/#primaryimage\"},\"thumbnailUrl\":\"https:\/\/evertonfc.cz\/wp-content\/uploads\/2019\/01\/interview.jpg\",\"articleSection\":[\"Rozhovory\"],\"inLanguage\":\"cs\",\"potentialAction\":[{\"@type\":\"CommentAction\",\"name\":\"Comment\",\"target\":[\"https:\/\/evertonfc.cz\/index.php\/2010\/03\/29\/coleman-zustava-pri-zemi-na-sanci-si-chce-pockat\/#respond\"]}]},{\"@type\":\"WebPage\",\"@id\":\"https:\/\/evertonfc.cz\/index.php\/2010\/03\/29\/coleman-zustava-pri-zemi-na-sanci-si-chce-pockat\/\",\"url\":\"https:\/\/evertonfc.cz\/index.php\/2010\/03\/29\/coleman-zustava-pri-zemi-na-sanci-si-chce-pockat\/\",\"name\":\"Coleman z\u016fst\u00e1v\u00e1 p\u0159i zemi, na \u0161anci si chce po\u010dkat - Official Czech &amp; Slovak Everton Supporters&#039; Club\",\"isPartOf\":{\"@id\":\"https:\/\/evertonfc.cz\/#website\"},\"primaryImageOfPage\":{\"@id\":\"https:\/\/evertonfc.cz\/index.php\/2010\/03\/29\/coleman-zustava-pri-zemi-na-sanci-si-chce-pockat\/#primaryimage\"},\"image\":{\"@id\":\"https:\/\/evertonfc.cz\/index.php\/2010\/03\/29\/coleman-zustava-pri-zemi-na-sanci-si-chce-pockat\/#primaryimage\"},\"thumbnailUrl\":\"https:\/\/evertonfc.cz\/wp-content\/uploads\/2019\/01\/interview.jpg\",\"datePublished\":\"2010-03-29T19:15:35+00:00\",\"dateModified\":\"2019-02-09T20:23:14+00:00\",\"breadcrumb\":{\"@id\":\"https:\/\/evertonfc.cz\/index.php\/2010\/03\/29\/coleman-zustava-pri-zemi-na-sanci-si-chce-pockat\/#breadcrumb\"},\"inLanguage\":\"cs\",\"potentialAction\":[{\"@type\":\"ReadAction\",\"target\":[\"https:\/\/evertonfc.cz\/index.php\/2010\/03\/29\/coleman-zustava-pri-zemi-na-sanci-si-chce-pockat\/\"]}]},{\"@type\":\"ImageObject\",\"inLanguage\":\"cs\",\"@id\":\"https:\/\/evertonfc.cz\/index.php\/2010\/03\/29\/coleman-zustava-pri-zemi-na-sanci-si-chce-pockat\/#primaryimage\",\"url\":\"https:\/\/evertonfc.cz\/wp-content\/uploads\/2019\/01\/interview.jpg\",\"contentUrl\":\"https:\/\/evertonfc.cz\/wp-content\/uploads\/2019\/01\/interview.jpg\",\"width\":720,\"height\":405},{\"@type\":\"BreadcrumbList\",\"@id\":\"https:\/\/evertonfc.cz\/index.php\/2010\/03\/29\/coleman-zustava-pri-zemi-na-sanci-si-chce-pockat\/#breadcrumb\",\"itemListElement\":[{\"@type\":\"ListItem\",\"position\":1,\"name\":\"Home\",\"item\":\"https:\/\/evertonfc.cz\/\"},{\"@type\":\"ListItem\",\"position\":2,\"name\":\"Coleman z\u016fst\u00e1v\u00e1 p\u0159i zemi, na \u0161anci si chce po\u010dkat\"}]},{\"@type\":\"WebSite\",\"@id\":\"https:\/\/evertonfc.cz\/#website\",\"url\":\"https:\/\/evertonfc.cz\/\",\"name\":\"Official Czech &amp; Slovak Everton Supporters&#039; Club\",\"description\":\"\",\"publisher\":{\"@id\":\"https:\/\/evertonfc.cz\/#organization\"},\"potentialAction\":[{\"@type\":\"SearchAction\",\"target\":{\"@type\":\"EntryPoint\",\"urlTemplate\":\"https:\/\/evertonfc.cz\/?s={search_term_string}\"},\"query-input\":{\"@type\":\"PropertyValueSpecification\",\"valueRequired\":true,\"valueName\":\"search_term_string\"}}],\"inLanguage\":\"cs\"},{\"@type\":\"Organization\",\"@id\":\"https:\/\/evertonfc.cz\/#organization\",\"name\":\"Official Czech & Slovak Everton Supporters' Club\",\"url\":\"https:\/\/evertonfc.cz\/\",\"logo\":{\"@type\":\"ImageObject\",\"inLanguage\":\"cs\",\"@id\":\"https:\/\/evertonfc.cz\/#\/schema\/logo\/image\/\",\"url\":\"https:\/\/evertonfc.cz\/wp-content\/uploads\/2019\/05\/logo.png\",\"contentUrl\":\"https:\/\/evertonfc.cz\/wp-content\/uploads\/2019\/05\/logo.png\",\"width\":112,\"height\":112,\"caption\":\"Official Czech & Slovak Everton Supporters' Club\"},\"image\":{\"@id\":\"https:\/\/evertonfc.cz\/#\/schema\/logo\/image\/\"},\"sameAs\":[\"https:\/\/www.facebook.com\/everton.fans.cz.sk\"]},{\"@type\":\"Person\",\"@id\":\"https:\/\/evertonfc.cz\/#\/schema\/person\/cd6328a75577de2add7793fd4b0930c3\",\"name\":\"Me\u0148a\",\"url\":\"https:\/\/evertonfc.cz\/index.php\/author\/mena\/\"}]}<\/script>\n<!-- \/ Yoast SEO plugin. -->","yoast_head_json":{"title":"Coleman z\u016fst\u00e1v\u00e1 p\u0159i zemi, na \u0161anci si chce po\u010dkat - Official Czech &amp; Slovak Everton Supporters&#039; Club","robots":{"index":"index","follow":"follow","max-snippet":"max-snippet:-1","max-image-preview":"max-image-preview:large","max-video-preview":"max-video-preview:-1"},"canonical":"https:\/\/evertonfc.cz\/index.php\/2010\/03\/29\/coleman-zustava-pri-zemi-na-sanci-si-chce-pockat\/","og_locale":"cs_CZ","og_type":"article","og_title":"Coleman z\u016fst\u00e1v\u00e1 p\u0159i zemi, na \u0161anci si chce po\u010dkat - Official Czech &amp; Slovak Everton Supporters&#039; Club","og_description":"Mnoz\u00ed fandov\u00e9 nech\u00e1pav\u011b kroutili hlavou nad jeho malou hern\u00ed vyt\u00ed\u017eenost\u00ed, ale Seamus si nest\u011b\u017euje. Talentovan\u00fd bek dob\u0159e v\u00ed, \u017ee definitivn\u00ed&hellip;","og_url":"https:\/\/evertonfc.cz\/index.php\/2010\/03\/29\/coleman-zustava-pri-zemi-na-sanci-si-chce-pockat\/","og_site_name":"Official Czech &amp; Slovak Everton Supporters&#039; Club","article_publisher":"https:\/\/www.facebook.com\/everton.fans.cz.sk","article_published_time":"2010-03-29T19:15:35+00:00","article_modified_time":"2019-02-09T20:23:14+00:00","og_image":[{"width":720,"height":405,"url":"https:\/\/evertonfc.cz\/wp-content\/uploads\/2019\/01\/interview.jpg","type":"image\/jpeg"}],"author":"Me\u0148a","twitter_card":"summary_large_image","twitter_misc":{"Napsal(a)":"Me\u0148a","Odhadovan\u00e1 doba \u010dten\u00ed":"5 minut"},"schema":{"@context":"https:\/\/schema.org","@graph":[{"@type":"Article","@id":"https:\/\/evertonfc.cz\/index.php\/2010\/03\/29\/coleman-zustava-pri-zemi-na-sanci-si-chce-pockat\/#article","isPartOf":{"@id":"https:\/\/evertonfc.cz\/index.php\/2010\/03\/29\/coleman-zustava-pri-zemi-na-sanci-si-chce-pockat\/"},"author":{"name":"Me\u0148a","@id":"https:\/\/evertonfc.cz\/#\/schema\/person\/cd6328a75577de2add7793fd4b0930c3"},"headline":"Coleman z\u016fst\u00e1v\u00e1 p\u0159i zemi, na \u0161anci si chce po\u010dkat","datePublished":"2010-03-29T19:15:35+00:00","dateModified":"2019-02-09T20:23:14+00:00","mainEntityOfPage":{"@id":"https:\/\/evertonfc.cz\/index.php\/2010\/03\/29\/coleman-zustava-pri-zemi-na-sanci-si-chce-pockat\/"},"wordCount":939,"commentCount":0,"publisher":{"@id":"https:\/\/evertonfc.cz\/#organization"},"image":{"@id":"https:\/\/evertonfc.cz\/index.php\/2010\/03\/29\/coleman-zustava-pri-zemi-na-sanci-si-chce-pockat\/#primaryimage"},"thumbnailUrl":"https:\/\/evertonfc.cz\/wp-content\/uploads\/2019\/01\/interview.jpg","articleSection":["Rozhovory"],"inLanguage":"cs","potentialAction":[{"@type":"CommentAction","name":"Comment","target":["https:\/\/evertonfc.cz\/index.php\/2010\/03\/29\/coleman-zustava-pri-zemi-na-sanci-si-chce-pockat\/#respond"]}]},{"@type":"WebPage","@id":"https:\/\/evertonfc.cz\/index.php\/2010\/03\/29\/coleman-zustava-pri-zemi-na-sanci-si-chce-pockat\/","url":"https:\/\/evertonfc.cz\/index.php\/2010\/03\/29\/coleman-zustava-pri-zemi-na-sanci-si-chce-pockat\/","name":"Coleman z\u016fst\u00e1v\u00e1 p\u0159i zemi, na \u0161anci si chce po\u010dkat - Official Czech &amp; Slovak Everton Supporters&#039; Club","isPartOf":{"@id":"https:\/\/evertonfc.cz\/#website"},"primaryImageOfPage":{"@id":"https:\/\/evertonfc.cz\/index.php\/2010\/03\/29\/coleman-zustava-pri-zemi-na-sanci-si-chce-pockat\/#primaryimage"},"image":{"@id":"https:\/\/evertonfc.cz\/index.php\/2010\/03\/29\/coleman-zustava-pri-zemi-na-sanci-si-chce-pockat\/#primaryimage"},"thumbnailUrl":"https:\/\/evertonfc.cz\/wp-content\/uploads\/2019\/01\/interview.jpg","datePublished":"2010-03-29T19:15:35+00:00","dateModified":"2019-02-09T20:23:14+00:00","breadcrumb":{"@id":"https:\/\/evertonfc.cz\/index.php\/2010\/03\/29\/coleman-zustava-pri-zemi-na-sanci-si-chce-pockat\/#breadcrumb"},"inLanguage":"cs","potentialAction":[{"@type":"ReadAction","target":["https:\/\/evertonfc.cz\/index.php\/2010\/03\/29\/coleman-zustava-pri-zemi-na-sanci-si-chce-pockat\/"]}]},{"@type":"ImageObject","inLanguage":"cs","@id":"https:\/\/evertonfc.cz\/index.php\/2010\/03\/29\/coleman-zustava-pri-zemi-na-sanci-si-chce-pockat\/#primaryimage","url":"https:\/\/evertonfc.cz\/wp-content\/uploads\/2019\/01\/interview.jpg","contentUrl":"https:\/\/evertonfc.cz\/wp-content\/uploads\/2019\/01\/interview.jpg","width":720,"height":405},{"@type":"BreadcrumbList","@id":"https:\/\/evertonfc.cz\/index.php\/2010\/03\/29\/coleman-zustava-pri-zemi-na-sanci-si-chce-pockat\/#breadcrumb","itemListElement":[{"@type":"ListItem","position":1,"name":"Home","item":"https:\/\/evertonfc.cz\/"},{"@type":"ListItem","position":2,"name":"Coleman z\u016fst\u00e1v\u00e1 p\u0159i zemi, na \u0161anci si chce po\u010dkat"}]},{"@type":"WebSite","@id":"https:\/\/evertonfc.cz\/#website","url":"https:\/\/evertonfc.cz\/","name":"Official Czech &amp; Slovak Everton Supporters&#039; Club","description":"","publisher":{"@id":"https:\/\/evertonfc.cz\/#organization"},"potentialAction":[{"@type":"SearchAction","target":{"@type":"EntryPoint","urlTemplate":"https:\/\/evertonfc.cz\/?s={search_term_string}"},"query-input":{"@type":"PropertyValueSpecification","valueRequired":true,"valueName":"search_term_string"}}],"inLanguage":"cs"},{"@type":"Organization","@id":"https:\/\/evertonfc.cz\/#organization","name":"Official Czech & Slovak Everton Supporters' Club","url":"https:\/\/evertonfc.cz\/","logo":{"@type":"ImageObject","inLanguage":"cs","@id":"https:\/\/evertonfc.cz\/#\/schema\/logo\/image\/","url":"https:\/\/evertonfc.cz\/wp-content\/uploads\/2019\/05\/logo.png","contentUrl":"https:\/\/evertonfc.cz\/wp-content\/uploads\/2019\/05\/logo.png","width":112,"height":112,"caption":"Official Czech & Slovak Everton Supporters' Club"},"image":{"@id":"https:\/\/evertonfc.cz\/#\/schema\/logo\/image\/"},"sameAs":["https:\/\/www.facebook.com\/everton.fans.cz.sk"]},{"@type":"Person","@id":"https:\/\/evertonfc.cz\/#\/schema\/person\/cd6328a75577de2add7793fd4b0930c3","name":"Me\u0148a","url":"https:\/\/evertonfc.cz\/index.php\/author\/mena\/"}]}},"_links":{"self":[{"href":"https:\/\/evertonfc.cz\/index.php\/wp-json\/wp\/v2\/posts\/2672"}],"collection":[{"href":"https:\/\/evertonfc.cz\/index.php\/wp-json\/wp\/v2\/posts"}],"about":[{"href":"https:\/\/evertonfc.cz\/index.php\/wp-json\/wp\/v2\/types\/post"}],"author":[{"embeddable":true,"href":"https:\/\/evertonfc.cz\/index.php\/wp-json\/wp\/v2\/users\/7"}],"replies":[{"embeddable":true,"href":"https:\/\/evertonfc.cz\/index.php\/wp-json\/wp\/v2\/comments?post=2672"}],"version-history":[{"count":1,"href":"https:\/\/evertonfc.cz\/index.php\/wp-json\/wp\/v2\/posts\/2672\/revisions"}],"predecessor-version":[{"id":2678,"href":"https:\/\/evertonfc.cz\/index.php\/wp-json\/wp\/v2\/posts\/2672\/revisions\/2678"}],"wp:featuredmedia":[{"embeddable":true,"href":"https:\/\/evertonfc.cz\/index.php\/wp-json\/wp\/v2\/media\/1312"}],"wp:attachment":[{"href":"https:\/\/evertonfc.cz\/index.php\/wp-json\/wp\/v2\/media?parent=2672"}],"wp:term":[{"taxonomy":"category","embeddable":true,"href":"https:\/\/evertonfc.cz\/index.php\/wp-json\/wp\/v2\/categories?post=2672"},{"taxonomy":"post_tag","embeddable":true,"href":"https:\/\/evertonfc.cz\/index.php\/wp-json\/wp\/v2\/tags?post=2672"}],"curies":[{"name":"wp","href":"https:\/\/api.w.org\/{rel}","templated":true}]}}