{"id":2674,"date":"2017-08-16T21:17:18","date_gmt":"2017-08-16T19:17:18","guid":{"rendered":"http:\/\/evertonfc.cz\/?p=2674"},"modified":"2019-02-09T21:59:04","modified_gmt":"2019-02-09T20:59:04","slug":"barry-odesel-do-west-bromu","status":"publish","type":"post","link":"https:\/\/evertonfc.cz\/index.php\/2017\/08\/16\/barry-odesel-do-west-bromu\/","title":{"rendered":"Barry ode\u0161el do West Bromu"},"content":{"rendered":"<h4>Gareth Barry po \u010dty\u0159ech letech opustil Everton, rok p\u0159ed koncem smlouvy zam\u00ed\u0159il do West Bromu, kde douf\u00e1 ve v\u011bt\u0161\u00ed hern\u00ed vyt\u00ed\u017een\u00ed.<\/h4>\n<p>\u0160estat\u0159icetilet\u00fd Angli\u010dan odehr\u00e1l b\u011bhem 21 sez\u00f3n v Premier League 628 utk\u00e1n\u00ed, k p\u0159ekon\u00e1n\u00ed absolutn\u00edho rekordu Ryana Giggse mu sta\u010d\u00ed nastoupit k p\u011bti z\u00e1pas\u016fm. To se s nejv\u011bt\u0161\u00edho pravd\u011bpodobnost\u00ed stane u\u017e v nejbli\u017e\u0161\u00ed dob\u011b za West Bromwich Albion.<\/p>\n<p>Barry obl\u00e9kal modr\u00fd dres Evertonu od l\u00e9ta 2013, tehdy ho na hostov\u00e1n\u00ed z Manchesteru City p\u0159ivedl mana\u017eer Roberto Mart\u00ednez. Zku\u0161en\u00fd defenzivn\u00ed z\u00e1lo\u017en\u00edk se okam\u017eit\u011b stal d\u016fle\u017eit\u00fdm \u010dl\u00e1nekem z\u00e1kladn\u00ed sestavy a pomohl t\u00fdmu k p\u00e1t\u00e9mu m\u00edstu v lize s rekordn\u00edm ziskem 72 bod\u016f v\u00a0\u00e9\u0159e Premier League.<\/p>\n<p>Po \u00fasp\u011b\u0161n\u00e9m roce byl ze City vykoupen za nomin\u00e1ln\u00ed hodnotu a p\u0159es pokro\u010dil\u00fd v\u011bk nad\u00e1le pravideln\u011b nastupoval. Za ro\u010dn\u00edk 2015\/16 byl vyhl\u00e1\u0161en nejlep\u0161\u00edm klubov\u00fdm hr\u00e1\u010dem, cenu si vyslou\u017eil od spoluhr\u00e1\u010d\u016f i fanou\u0161k\u016f.<\/p>\n<p>I s p\u0159\u00edchodem Ronalda Koemana odehr\u00e1l v sez\u00f3n\u011b 2016\/17 slu\u0161n\u00fd po\u010det utk\u00e1n\u00ed, konkr\u00e9tn\u011b 34. A p\u0159esto\u017ee byl ob\u010das opr\u00e1vn\u011bn\u011b kritizov\u00e1n, \u017ee nest\u00edh\u00e1 vysok\u00e9mu tempu, co\u017e vzhledem k jeho v\u011bku nen\u00ed nikterak p\u0159ekvapiv\u00e9, nejednou prok\u00e1zal svou platnost. Krom\u011b hern\u00ed inteligence je toti\u017e jeho dev\u00edzou vysok\u00fd profesionalismus.<\/p>\n<p>Na Goodison Parku byl cht\u011bn\u00fd tak\u00e9 p\u0159ed novou sez\u00f3nou, v\u017edy\u0165 jenom v prosinci 2016 prodlou\u017eil smlouvu do roku 2018, ov\u0161em v po\u010detn\u00e9 konkurenci dob\u0159e tu\u0161il, \u017ee jeho \u010das na h\u0159i\u0161ti bude postupn\u011b klesat. K\u00fdvl tak na nab\u00eddku West Bromu.<\/p>\n<p><em>\u201eV Evertonu jsem pro\u017eil n\u00e1dhern\u00e9 \u010dty\u0159i roky. Od prvn\u00edho do posledn\u00edho dne ke mn\u011b byli fanou\u0161ci naprosto \u00fa\u017easn\u00ed. Jsem hrd\u00fd na sv\u00e9 p\u016fsoben\u00ed v klubu, jedn\u00e1 se o v\u00fdznamnou etapu m\u00e9 kari\u00e9ry,\u201c\u00a0<\/em>rozlou\u010dil se Barry.<\/p>\n<p>Toffees opustil s\u00a0vizitkou 154 odehran\u00fdch z\u00e1pas\u016f, p\u011bti vst\u0159elen\u00fdch branek, ale hlavn\u011b s\u00a0obrovsk\u00fdm vd\u011bkem v\u0161ech Evertonians. Co by aspo\u0148 za polovinu t\u00e9to popularity dal Romelu Lukaku, kter\u00fd na Goodison Park str\u00e1vil stejn\u011b dlouh\u00fd \u010das.<\/p>\n<p>53n\u00e1sobn\u00fd anglick\u00fd reprezentant p\u0159estoupil do West Bromu za sumu kolem jednoho milionu liber. Mana\u017eer Tony Pulis mu nab\u00eddl smlouvu na rok, v jeho pl\u00e1nech m\u00e1 nahradit Darrena Fletchera, kter\u00fd se p\u0159esunul do Stoke.<\/p>\n","protected":false},"excerpt":{"rendered":"<p>Gareth Barry po \u010dty\u0159ech letech opustil Everton, rok p\u0159ed koncem smlouvy zam\u00ed\u0159il do West Bromu, kde douf\u00e1 ve v\u011bt\u0161\u00ed hern\u00ed&hellip;<\/p>\n","protected":false},"author":6,"featured_media":1316,"comment_status":"open","ping_status":"closed","sticky":false,"template":"","format":"standard","meta":{"_eb_attr":"","_monsterinsights_skip_tracking":false,"_monsterinsights_sitenote_active":false,"_monsterinsights_sitenote_note":"","_monsterinsights_sitenote_category":0,"footnotes":""},"categories":[41],"tags":[],"yoast_head":"<!-- This site is optimized with the Yoast SEO plugin v23.4 - https:\/\/yoast.com\/wordpress\/plugins\/seo\/ -->\n<title>Barry ode\u0161el do West Bromu - Official Czech &amp; Slovak Everton Supporters&#039; Club<\/title>\n<meta name=\"robots\" content=\"index, follow, max-snippet:-1, max-image-preview:large, max-video-preview:-1\" \/>\n<link rel=\"canonical\" href=\"https:\/\/evertonfc.cz\/index.php\/2017\/08\/16\/barry-odesel-do-west-bromu\/\" \/>\n<meta property=\"og:locale\" content=\"cs_CZ\" \/>\n<meta property=\"og:type\" content=\"article\" \/>\n<meta property=\"og:title\" content=\"Barry ode\u0161el do West Bromu - Official Czech &amp; Slovak Everton Supporters&#039; Club\" \/>\n<meta property=\"og:description\" content=\"Gareth Barry po \u010dty\u0159ech letech opustil Everton, rok p\u0159ed koncem smlouvy zam\u00ed\u0159il do West Bromu, kde douf\u00e1 ve v\u011bt\u0161\u00ed hern\u00ed&hellip;\" \/>\n<meta property=\"og:url\" content=\"https:\/\/evertonfc.cz\/index.php\/2017\/08\/16\/barry-odesel-do-west-bromu\/\" \/>\n<meta property=\"og:site_name\" content=\"Official Czech &amp; Slovak Everton Supporters&#039; Club\" \/>\n<meta property=\"article:publisher\" content=\"https:\/\/www.facebook.com\/everton.fans.cz.sk\" \/>\n<meta property=\"article:published_time\" content=\"2017-08-16T19:17:18+00:00\" \/>\n<meta property=\"article:modified_time\" content=\"2019-02-09T20:59:04+00:00\" \/>\n<meta property=\"og:image\" content=\"https:\/\/evertonfc.cz\/wp-content\/uploads\/2019\/01\/transfer.jpg\" \/>\n\t<meta property=\"og:image:width\" content=\"720\" \/>\n\t<meta property=\"og:image:height\" content=\"405\" \/>\n\t<meta property=\"og:image:type\" content=\"image\/jpeg\" \/>\n<meta name=\"author\" content=\"Ri\u010di\" \/>\n<meta name=\"twitter:card\" content=\"summary_large_image\" \/>\n<meta name=\"twitter:creator\" content=\"@rbrejsa\" \/>\n<meta name=\"twitter:label1\" content=\"Napsal(a)\" \/>\n\t<meta name=\"twitter:data1\" content=\"Ri\u010di\" \/>\n\t<meta name=\"twitter:label2\" content=\"Odhadovan\u00e1 doba \u010dten\u00ed\" \/>\n\t<meta name=\"twitter:data2\" content=\"2 minuty\" \/>\n<script type=\"application\/ld+json\" class=\"yoast-schema-graph\">{\"@context\":\"https:\/\/schema.org\",\"@graph\":[{\"@type\":\"Article\",\"@id\":\"https:\/\/evertonfc.cz\/index.php\/2017\/08\/16\/barry-odesel-do-west-bromu\/#article\",\"isPartOf\":{\"@id\":\"https:\/\/evertonfc.cz\/index.php\/2017\/08\/16\/barry-odesel-do-west-bromu\/\"},\"author\":{\"name\":\"Ri\u010di\",\"@id\":\"https:\/\/evertonfc.cz\/#\/schema\/person\/f7a5daedb2ffee98480bc70e191aaef1\"},\"headline\":\"Barry ode\u0161el do West Bromu\",\"datePublished\":\"2017-08-16T19:17:18+00:00\",\"dateModified\":\"2019-02-09T20:59:04+00:00\",\"mainEntityOfPage\":{\"@id\":\"https:\/\/evertonfc.cz\/index.php\/2017\/08\/16\/barry-odesel-do-west-bromu\/\"},\"wordCount\":433,\"commentCount\":0,\"publisher\":{\"@id\":\"https:\/\/evertonfc.cz\/#organization\"},\"image\":{\"@id\":\"https:\/\/evertonfc.cz\/index.php\/2017\/08\/16\/barry-odesel-do-west-bromu\/#primaryimage\"},\"thumbnailUrl\":\"https:\/\/evertonfc.cz\/wp-content\/uploads\/2019\/01\/transfer.jpg\",\"articleSection\":[\"P\u0159estupy\"],\"inLanguage\":\"cs\",\"potentialAction\":[{\"@type\":\"CommentAction\",\"name\":\"Comment\",\"target\":[\"https:\/\/evertonfc.cz\/index.php\/2017\/08\/16\/barry-odesel-do-west-bromu\/#respond\"]}]},{\"@type\":\"WebPage\",\"@id\":\"https:\/\/evertonfc.cz\/index.php\/2017\/08\/16\/barry-odesel-do-west-bromu\/\",\"url\":\"https:\/\/evertonfc.cz\/index.php\/2017\/08\/16\/barry-odesel-do-west-bromu\/\",\"name\":\"Barry ode\u0161el do West Bromu - Official Czech &amp; Slovak Everton Supporters&#039; Club\",\"isPartOf\":{\"@id\":\"https:\/\/evertonfc.cz\/#website\"},\"primaryImageOfPage\":{\"@id\":\"https:\/\/evertonfc.cz\/index.php\/2017\/08\/16\/barry-odesel-do-west-bromu\/#primaryimage\"},\"image\":{\"@id\":\"https:\/\/evertonfc.cz\/index.php\/2017\/08\/16\/barry-odesel-do-west-bromu\/#primaryimage\"},\"thumbnailUrl\":\"https:\/\/evertonfc.cz\/wp-content\/uploads\/2019\/01\/transfer.jpg\",\"datePublished\":\"2017-08-16T19:17:18+00:00\",\"dateModified\":\"2019-02-09T20:59:04+00:00\",\"breadcrumb\":{\"@id\":\"https:\/\/evertonfc.cz\/index.php\/2017\/08\/16\/barry-odesel-do-west-bromu\/#breadcrumb\"},\"inLanguage\":\"cs\",\"potentialAction\":[{\"@type\":\"ReadAction\",\"target\":[\"https:\/\/evertonfc.cz\/index.php\/2017\/08\/16\/barry-odesel-do-west-bromu\/\"]}]},{\"@type\":\"ImageObject\",\"inLanguage\":\"cs\",\"@id\":\"https:\/\/evertonfc.cz\/index.php\/2017\/08\/16\/barry-odesel-do-west-bromu\/#primaryimage\",\"url\":\"https:\/\/evertonfc.cz\/wp-content\/uploads\/2019\/01\/transfer.jpg\",\"contentUrl\":\"https:\/\/evertonfc.cz\/wp-content\/uploads\/2019\/01\/transfer.jpg\",\"width\":720,\"height\":405},{\"@type\":\"BreadcrumbList\",\"@id\":\"https:\/\/evertonfc.cz\/index.php\/2017\/08\/16\/barry-odesel-do-west-bromu\/#breadcrumb\",\"itemListElement\":[{\"@type\":\"ListItem\",\"position\":1,\"name\":\"Home\",\"item\":\"https:\/\/evertonfc.cz\/\"},{\"@type\":\"ListItem\",\"position\":2,\"name\":\"Barry ode\u0161el do West Bromu\"}]},{\"@type\":\"WebSite\",\"@id\":\"https:\/\/evertonfc.cz\/#website\",\"url\":\"https:\/\/evertonfc.cz\/\",\"name\":\"Official Czech &amp; Slovak Everton Supporters&#039; Club\",\"description\":\"\",\"publisher\":{\"@id\":\"https:\/\/evertonfc.cz\/#organization\"},\"potentialAction\":[{\"@type\":\"SearchAction\",\"target\":{\"@type\":\"EntryPoint\",\"urlTemplate\":\"https:\/\/evertonfc.cz\/?s={search_term_string}\"},\"query-input\":{\"@type\":\"PropertyValueSpecification\",\"valueRequired\":true,\"valueName\":\"search_term_string\"}}],\"inLanguage\":\"cs\"},{\"@type\":\"Organization\",\"@id\":\"https:\/\/evertonfc.cz\/#organization\",\"name\":\"Official Czech & Slovak Everton Supporters' Club\",\"url\":\"https:\/\/evertonfc.cz\/\",\"logo\":{\"@type\":\"ImageObject\",\"inLanguage\":\"cs\",\"@id\":\"https:\/\/evertonfc.cz\/#\/schema\/logo\/image\/\",\"url\":\"https:\/\/evertonfc.cz\/wp-content\/uploads\/2019\/05\/logo.png\",\"contentUrl\":\"https:\/\/evertonfc.cz\/wp-content\/uploads\/2019\/05\/logo.png\",\"width\":112,\"height\":112,\"caption\":\"Official Czech & Slovak Everton Supporters' Club\"},\"image\":{\"@id\":\"https:\/\/evertonfc.cz\/#\/schema\/logo\/image\/\"},\"sameAs\":[\"https:\/\/www.facebook.com\/everton.fans.cz.sk\"]},{\"@type\":\"Person\",\"@id\":\"https:\/\/evertonfc.cz\/#\/schema\/person\/f7a5daedb2ffee98480bc70e191aaef1\",\"name\":\"Ri\u010di\",\"sameAs\":[\"https:\/\/x.com\/rbrejsa\"],\"url\":\"https:\/\/evertonfc.cz\/index.php\/author\/rici\/\"}]}<\/script>\n<!-- \/ Yoast SEO plugin. -->","yoast_head_json":{"title":"Barry ode\u0161el do West Bromu - Official Czech &amp; Slovak Everton Supporters&#039; Club","robots":{"index":"index","follow":"follow","max-snippet":"max-snippet:-1","max-image-preview":"max-image-preview:large","max-video-preview":"max-video-preview:-1"},"canonical":"https:\/\/evertonfc.cz\/index.php\/2017\/08\/16\/barry-odesel-do-west-bromu\/","og_locale":"cs_CZ","og_type":"article","og_title":"Barry ode\u0161el do West Bromu - Official Czech &amp; Slovak Everton Supporters&#039; Club","og_description":"Gareth Barry po \u010dty\u0159ech letech opustil Everton, rok p\u0159ed koncem smlouvy zam\u00ed\u0159il do West Bromu, kde douf\u00e1 ve v\u011bt\u0161\u00ed hern\u00ed&hellip;","og_url":"https:\/\/evertonfc.cz\/index.php\/2017\/08\/16\/barry-odesel-do-west-bromu\/","og_site_name":"Official Czech &amp; Slovak Everton Supporters&#039; Club","article_publisher":"https:\/\/www.facebook.com\/everton.fans.cz.sk","article_published_time":"2017-08-16T19:17:18+00:00","article_modified_time":"2019-02-09T20:59:04+00:00","og_image":[{"width":720,"height":405,"url":"https:\/\/evertonfc.cz\/wp-content\/uploads\/2019\/01\/transfer.jpg","type":"image\/jpeg"}],"author":"Ri\u010di","twitter_card":"summary_large_image","twitter_creator":"@rbrejsa","twitter_misc":{"Napsal(a)":"Ri\u010di","Odhadovan\u00e1 doba \u010dten\u00ed":"2 minuty"},"schema":{"@context":"https:\/\/schema.org","@graph":[{"@type":"Article","@id":"https:\/\/evertonfc.cz\/index.php\/2017\/08\/16\/barry-odesel-do-west-bromu\/#article","isPartOf":{"@id":"https:\/\/evertonfc.cz\/index.php\/2017\/08\/16\/barry-odesel-do-west-bromu\/"},"author":{"name":"Ri\u010di","@id":"https:\/\/evertonfc.cz\/#\/schema\/person\/f7a5daedb2ffee98480bc70e191aaef1"},"headline":"Barry ode\u0161el do West Bromu","datePublished":"2017-08-16T19:17:18+00:00","dateModified":"2019-02-09T20:59:04+00:00","mainEntityOfPage":{"@id":"https:\/\/evertonfc.cz\/index.php\/2017\/08\/16\/barry-odesel-do-west-bromu\/"},"wordCount":433,"commentCount":0,"publisher":{"@id":"https:\/\/evertonfc.cz\/#organization"},"image":{"@id":"https:\/\/evertonfc.cz\/index.php\/2017\/08\/16\/barry-odesel-do-west-bromu\/#primaryimage"},"thumbnailUrl":"https:\/\/evertonfc.cz\/wp-content\/uploads\/2019\/01\/transfer.jpg","articleSection":["P\u0159estupy"],"inLanguage":"cs","potentialAction":[{"@type":"CommentAction","name":"Comment","target":["https:\/\/evertonfc.cz\/index.php\/2017\/08\/16\/barry-odesel-do-west-bromu\/#respond"]}]},{"@type":"WebPage","@id":"https:\/\/evertonfc.cz\/index.php\/2017\/08\/16\/barry-odesel-do-west-bromu\/","url":"https:\/\/evertonfc.cz\/index.php\/2017\/08\/16\/barry-odesel-do-west-bromu\/","name":"Barry ode\u0161el do West Bromu - Official Czech &amp; Slovak Everton Supporters&#039; Club","isPartOf":{"@id":"https:\/\/evertonfc.cz\/#website"},"primaryImageOfPage":{"@id":"https:\/\/evertonfc.cz\/index.php\/2017\/08\/16\/barry-odesel-do-west-bromu\/#primaryimage"},"image":{"@id":"https:\/\/evertonfc.cz\/index.php\/2017\/08\/16\/barry-odesel-do-west-bromu\/#primaryimage"},"thumbnailUrl":"https:\/\/evertonfc.cz\/wp-content\/uploads\/2019\/01\/transfer.jpg","datePublished":"2017-08-16T19:17:18+00:00","dateModified":"2019-02-09T20:59:04+00:00","breadcrumb":{"@id":"https:\/\/evertonfc.cz\/index.php\/2017\/08\/16\/barry-odesel-do-west-bromu\/#breadcrumb"},"inLanguage":"cs","potentialAction":[{"@type":"ReadAction","target":["https:\/\/evertonfc.cz\/index.php\/2017\/08\/16\/barry-odesel-do-west-bromu\/"]}]},{"@type":"ImageObject","inLanguage":"cs","@id":"https:\/\/evertonfc.cz\/index.php\/2017\/08\/16\/barry-odesel-do-west-bromu\/#primaryimage","url":"https:\/\/evertonfc.cz\/wp-content\/uploads\/2019\/01\/transfer.jpg","contentUrl":"https:\/\/evertonfc.cz\/wp-content\/uploads\/2019\/01\/transfer.jpg","width":720,"height":405},{"@type":"BreadcrumbList","@id":"https:\/\/evertonfc.cz\/index.php\/2017\/08\/16\/barry-odesel-do-west-bromu\/#breadcrumb","itemListElement":[{"@type":"ListItem","position":1,"name":"Home","item":"https:\/\/evertonfc.cz\/"},{"@type":"ListItem","position":2,"name":"Barry ode\u0161el do West Bromu"}]},{"@type":"WebSite","@id":"https:\/\/evertonfc.cz\/#website","url":"https:\/\/evertonfc.cz\/","name":"Official Czech &amp; Slovak Everton Supporters&#039; Club","description":"","publisher":{"@id":"https:\/\/evertonfc.cz\/#organization"},"potentialAction":[{"@type":"SearchAction","target":{"@type":"EntryPoint","urlTemplate":"https:\/\/evertonfc.cz\/?s={search_term_string}"},"query-input":{"@type":"PropertyValueSpecification","valueRequired":true,"valueName":"search_term_string"}}],"inLanguage":"cs"},{"@type":"Organization","@id":"https:\/\/evertonfc.cz\/#organization","name":"Official Czech & Slovak Everton Supporters' Club","url":"https:\/\/evertonfc.cz\/","logo":{"@type":"ImageObject","inLanguage":"cs","@id":"https:\/\/evertonfc.cz\/#\/schema\/logo\/image\/","url":"https:\/\/evertonfc.cz\/wp-content\/uploads\/2019\/05\/logo.png","contentUrl":"https:\/\/evertonfc.cz\/wp-content\/uploads\/2019\/05\/logo.png","width":112,"height":112,"caption":"Official Czech & Slovak Everton Supporters' Club"},"image":{"@id":"https:\/\/evertonfc.cz\/#\/schema\/logo\/image\/"},"sameAs":["https:\/\/www.facebook.com\/everton.fans.cz.sk"]},{"@type":"Person","@id":"https:\/\/evertonfc.cz\/#\/schema\/person\/f7a5daedb2ffee98480bc70e191aaef1","name":"Ri\u010di","sameAs":["https:\/\/x.com\/rbrejsa"],"url":"https:\/\/evertonfc.cz\/index.php\/author\/rici\/"}]}},"_links":{"self":[{"href":"https:\/\/evertonfc.cz\/index.php\/wp-json\/wp\/v2\/posts\/2674"}],"collection":[{"href":"https:\/\/evertonfc.cz\/index.php\/wp-json\/wp\/v2\/posts"}],"about":[{"href":"https:\/\/evertonfc.cz\/index.php\/wp-json\/wp\/v2\/types\/post"}],"author":[{"embeddable":true,"href":"https:\/\/evertonfc.cz\/index.php\/wp-json\/wp\/v2\/users\/6"}],"replies":[{"embeddable":true,"href":"https:\/\/evertonfc.cz\/index.php\/wp-json\/wp\/v2\/comments?post=2674"}],"version-history":[{"count":3,"href":"https:\/\/evertonfc.cz\/index.php\/wp-json\/wp\/v2\/posts\/2674\/revisions"}],"predecessor-version":[{"id":2715,"href":"https:\/\/evertonfc.cz\/index.php\/wp-json\/wp\/v2\/posts\/2674\/revisions\/2715"}],"wp:featuredmedia":[{"embeddable":true,"href":"https:\/\/evertonfc.cz\/index.php\/wp-json\/wp\/v2\/media\/1316"}],"wp:attachment":[{"href":"https:\/\/evertonfc.cz\/index.php\/wp-json\/wp\/v2\/media?parent=2674"}],"wp:term":[{"taxonomy":"category","embeddable":true,"href":"https:\/\/evertonfc.cz\/index.php\/wp-json\/wp\/v2\/categories?post=2674"},{"taxonomy":"post_tag","embeddable":true,"href":"https:\/\/evertonfc.cz\/index.php\/wp-json\/wp\/v2\/tags?post=2674"}],"curies":[{"name":"wp","href":"https:\/\/api.w.org\/{rel}","templated":true}]}}