{"id":26743,"date":"2025-05-16T22:14:26","date_gmt":"2025-05-16T20:14:26","guid":{"rendered":"https:\/\/evertonfc.cz\/?p=26743"},"modified":"2025-05-17T18:35:40","modified_gmt":"2025-05-17T16:35:40","slug":"everton-w-tottenham-w-11","status":"publish","type":"post","link":"https:\/\/evertonfc.cz\/index.php\/2025\/05\/16\/everton-w-tottenham-w-11\/","title":{"rendered":"Everton W &#8211; Tottenham W 1:1"},"content":{"rendered":"<h4>Posledn\u00ed tanec sez\u00f3ny a mo\u017en\u00e1 i rozlou\u010den\u00ed s Walton Hall Park p\u0159inesl rem\u00edzu se Spurs a zafixoval tak na\u0161e 8. m\u00edsto v kone\u010dn\u00e9 tabulce WSL.<\/h4>\n<p>Na z\u00e1v\u011bre\u010dn\u00fd z\u00e1pas sez\u00f3ny zam\u00edchal Brian Soerensen m\u00edrn\u011b sestavou a do z\u00e1pasu od za\u010d\u00e1tku nasadil Sarri a Toni Payne nam\u00edsto vykartovan\u00e9 Sary Holmgaard a nam\u00edsto Olesen &#8211; vidina zisku t\u0159\u00ed bod\u016f a mo\u017enost dostat se na z\u00e1v\u011bre\u010dn\u00e9 \u0161est\u00e9 m\u00edsto a nav\u00edc p\u0159ed LFC byla l\u00e1kav\u00e1. Krom\u011b dlouhodob\u011b zran\u011bn\u00fdch Finnigan a Gabarro\u00a0 se na posledn\u00ed z\u00e1pas sez\u00f3ny nepoda\u0159ilo d\u00e1t dohromady ani Hope,\u00a0 ani Heather Payne, tak\u017ee derni\u00e9ra na Walton Hall Park se musela obej\u00edt bez nich.<\/p>\n<h4>Ukazujeme zuby a Spurs odpov\u00eddaj\u00ed<\/h4>\n<p>Nasazen\u00ed Toni Payne se uk\u00e1zalo jako velmi dobr\u00fd tah. Jej\u00ed rychlost od za\u010d\u00e1tku z\u00e1pasu d\u011blala tottenhamslk\u00fdm velk\u00e9 probl\u00e9my. Nedlouho po za\u010d\u00e1tku se Payne poda\u0159ilo zachytit ledabylou rozehr\u00e1vku Kop, ale n\u00e1sledn\u00e1 st\u0159ela se \u017eel neujala. A neujala se ani dal\u0161\u00ed nad\u011bjn\u00e1 st\u0159ela na\u0161\u00ed nigerijisk\u00e9 reprezentantky. Ude\u0159ilo a\u017e v minut\u011b jeden\u00e1ct\u00e9, kdy se exekuce p\u0159\u00edm\u00e1ku v nad\u011bjn\u00e9 pozici ujala Sarri. Technickou st\u0159elu zakroutila k prav\u00e9 ty\u010di a i kdy\u017e si Kop na m\u00ed\u010d s\u00e1hla, tak p\u0159esto se dostal do s\u00edt\u011b &#8211; <strong>1:0.<\/strong> Na\u0161e radost byla velik\u00e1, ale nem\u011bla dlouh\u00e9ho trv\u00e1n\u00ed. Fern\u00e1ndez sice zakr\u00e1tko m\u00e1lem zv\u00fd\u0161ila hlavou, m\u00ed\u010d v\u0161ak sm\u011b\u0159oval jen do b\u0159evna. Po tomto varov\u00e1n\u00ed Tottenham p\u0159idal ve sv\u00e9 snaze a p\u0159ineslo to pro n\u00e1s trpk\u00e9 ovoce. Holdt utekla ofsajdov\u00e9 pasti na\u0161\u00ed obrany (svorn\u011b v\u0161ak m\u00e1vaj\u00edc\u00ed prava\u010dkou) a p\u0159edlo\u017eila m\u00ed\u010d nab\u00edhaj\u00edc\u00ed voln\u00e9 Spence. Ta nev\u00e1hala a zbl\u00edzka prost\u0159elila Brosnan &#8211; <strong>1:1<\/strong>.<\/p>\n<h4>Jeden g\u00f3l (na\u0161t\u011bst\u00ed) posta\u010d\u00ed<\/h4>\n<p>Ve druh\u00e9m polo\u010dase se n\u00e1m nepoda\u0159ilo nav\u00e1zat na slu\u0161n\u00fd v\u00fdkon \u00favodn\u00ed p\u016fle. Gago se nepoda\u0159ilo zu\u017eitkovat p\u011bknou kolmici od Hayashi a zapletla se do soustavy kli\u010dek p\u0159ed br\u00e1nou Kop. S postupuj\u00edc\u00edm \u010dasem jsme p\u0159est\u00e1vali st\u00edhat zejm\u00e9na ve st\u0159edu h\u0159i\u0161t\u011b. Ani st\u0159\u00edd\u00e1n\u00ed s p\u0159\u00edchodem \u010derstv\u00fdch sil Hobson a Olesen n\u00e1m v\u00fdrazn\u011bji nepomohlo a p\u0159\u00edchod Madsen byl sp\u00ed\u0161e sentiment\u00e1ln\u00ed rozlu\u010dkou, ne\u017e v\u00e1\u017en\u011b m\u00edn\u011bn\u00fdm ofenzivn\u00edm aktem. N\u00e1b\u011bhy England\u00a0 se n\u00e1m da\u0159ilo jen obt\u00ed\u017en\u011b likvidovat. G\u00f3lovou st\u0159elu Naz v\u010das zlikvidovala Brosnan a z\u00e1pas sm\u011b\u0159oval ke sm\u00edrn\u00e9mu konci. T\u0159i minuty p\u0159ed koncem za ovac\u00ed tribun je\u0161t\u011b na tr\u00e1vn\u00edk (letos pot\u0159et\u00ed) vb\u011bhla uzdraven\u00e1 Galli. Co\u017e nakonec byla p\u011bkn\u00e1 te\u010dka za pr\u00e1v\u011b ukon\u010denou sez\u00f3nou.<\/p>\n<h4>Shrnut\u00ed<\/h4>\n<p>\u0160koda, \u017ee se n\u00e1m nepoda\u0159ilo z\u00e1pas vyhr\u00e1t a um\u00edstit se tak na kone\u010dn\u00e9 \u0161est\u00e9 m\u00edsto. Slu\u0161elo by n\u00e1m mnohem v\u00edce, ne\u017e osm\u00e9. Ov\u0161em z pohledu za\u010d\u00e1tku kampan\u011b to nakonec dopadlo je\u0161t\u011b nad o\u010dek\u00e1v\u00e1n\u00ed dob\u0159e. Jedna sez\u00f3na je za n\u00e1mi, t\u011b\u0161me se na novou. Zanedlouho se otev\u0159e p\u0159estupov\u00e9 okno a pokud do s \u017eensk\u00fdm t\u00fdmem mysl\u00edme v\u00e1\u017en\u011b (a lecos napov\u00edd\u00e1, \u017ee ano), tak n\u00e1s \u010dek\u00e1 hore\u010dn\u00e1 pr\u00e1ce na jeho p\u0159estavb\u011b. Netrouf\u00e1m si p\u0159edem odhadnout, nakolik bude \u00fasp\u011b\u0161n\u00e1. Ale v ka\u017ed\u00e9m p\u0159\u00edpad\u011b bude zaj\u00edmav\u00e9 d\u011bn\u00ed n\u00e1sleduj\u00edc\u00edch\u00a0 m\u011bs\u00edc\u016f sledovat. <strong><span style=\"color: #0000ff;\">COYBG!\u00a0<\/span><\/strong><\/p>\n<p style=\"text-align: right;\"><span style=\"font-size: 10pt;\"><em>Fotografie: Toni Payne (zdroj Getty Images via roayalbluenersey.sbnation.com)<\/em><\/span><\/p>\n<p><strong>Branky:<\/strong> Sarri (11\u00b4) &#8211; Spence (30\u00b4)<\/p>\n<p><strong>\u017dK:<\/strong> Hobson &#8211; Nild\u00e9n, Hunt, Morris, Ahtinen, Neville<\/p>\n<p><strong>Everton (4-4-1-1): <\/strong>Brosnan; K.Holmgaard (Hobson 58&#8242;), Fern\u00e1ndez, Stenevik, Hayashi (Olesen 77&#8242;); Snoeijs (Madsen 77&#8242;), Vanhaevermaet, Wheeler (Galli 87&#8242;), Sarri; Gago, T. Payne (Watson 58&#8242;)<\/p>\n<p><strong>Tottenham (4-3-3): <\/strong>Kop; Morris, <span class=\"visually-hidden ssrcss-1f39n02-VisuallyHidden e16en2lz0\">Hunt, <\/span><span class=\"visually-hidden ssrcss-1f39n02-VisuallyHidden e16en2lz0\">Bartrip, <\/span><span class=\"visually-hidden ssrcss-1f39n02-VisuallyHidden e16en2lz0\">Nild\u00e9n (Neville 62&#8242;); <\/span><span class=\"visually-hidden ssrcss-1f39n02-VisuallyHidden e16en2lz0\">Oroz, S<\/span><span class=\"visually-hidden ssrcss-1f39n02-VisuallyHidden e16en2lz0\">pence (Ahtinen 85&#8242;), <\/span><span class=\"visually-hidden ssrcss-1f39n02-VisuallyHidden e16en2lz0\">Summanen (Thomas 71&#8242;); <\/span>Holdt, England, Naz (Gunning-Williams 84&#8242;)<\/p>\n<p><strong>Rozhod\u010d\u00ed: <\/strong>Stacey Fullicks\u00a0 <strong>Div\u00e1ci:<\/strong> 891 (Walton Hall Park)<\/p>\n<p><iframe loading=\"lazy\" title=\"Full Match: Everton v Tottenham Hotspur | Barclays WSL 2024-25\" width=\"1140\" height=\"641\" src=\"https:\/\/www.youtube.com\/embed\/TjPUBOVUSH0?feature=oembed\" frameborder=\"0\" allow=\"accelerometer; autoplay; clipboard-write; encrypted-media; gyroscope; picture-in-picture; web-share\" referrerpolicy=\"strict-origin-when-cross-origin\" allowfullscreen><\/iframe><\/p>\n","protected":false},"excerpt":{"rendered":"<p>Posledn\u00ed tanec sez\u00f3ny a mo\u017en\u00e1 i rozlou\u010den\u00ed s Walton Hall Park p\u0159inesl rem\u00edzu se Spurs a zafixoval tak na\u0161e 8. m\u00edsto v kone\u010dn\u00e9 tabulce WSL.<\/p>\n","protected":false},"author":26,"featured_media":26744,"comment_status":"open","ping_status":"closed","sticky":false,"template":"","format":"standard","meta":{"_eb_attr":"","_monsterinsights_skip_tracking":false,"_monsterinsights_sitenote_active":false,"_monsterinsights_sitenote_note":"","_monsterinsights_sitenote_category":0,"footnotes":""},"categories":[110],"tags":[],"yoast_head":"<!-- This site is optimized with the Yoast SEO plugin v23.4 - https:\/\/yoast.com\/wordpress\/plugins\/seo\/ -->\n<title>Everton W - Tottenham W 1:1 - Official Czech &amp; Slovak Everton Supporters&#039; Club<\/title>\n<meta name=\"robots\" content=\"index, follow, max-snippet:-1, max-image-preview:large, max-video-preview:-1\" \/>\n<link rel=\"canonical\" href=\"https:\/\/evertonfc.cz\/index.php\/2025\/05\/16\/everton-w-tottenham-w-11\/\" \/>\n<meta property=\"og:locale\" content=\"cs_CZ\" \/>\n<meta property=\"og:type\" content=\"article\" \/>\n<meta property=\"og:title\" content=\"Everton W - Tottenham W 1:1 - Official Czech &amp; Slovak Everton Supporters&#039; Club\" \/>\n<meta property=\"og:description\" content=\"Posledn\u00ed tanec sez\u00f3ny a mo\u017en\u00e1 i rozlou\u010den\u00ed s Walton Hall Park p\u0159inesl rem\u00edzu se Spurs a zafixoval tak na\u0161e 8. m\u00edsto v kone\u010dn\u00e9 tabulce WSL.\" \/>\n<meta property=\"og:url\" content=\"https:\/\/evertonfc.cz\/index.php\/2025\/05\/16\/everton-w-tottenham-w-11\/\" \/>\n<meta property=\"og:site_name\" content=\"Official Czech &amp; Slovak Everton Supporters&#039; Club\" \/>\n<meta property=\"article:publisher\" content=\"https:\/\/www.facebook.com\/everton.fans.cz.sk\" \/>\n<meta property=\"article:published_time\" content=\"2025-05-16T20:14:26+00:00\" \/>\n<meta property=\"article:modified_time\" content=\"2025-05-17T16:35:40+00:00\" \/>\n<meta property=\"og:image\" content=\"https:\/\/evertonfc.cz\/wp-content\/uploads\/2025\/05\/Payne-vs-Spurs-16_5_2025-web.jpg\" \/>\n\t<meta property=\"og:image:width\" content=\"720\" \/>\n\t<meta property=\"og:image:height\" content=\"405\" \/>\n\t<meta property=\"og:image:type\" content=\"image\/jpeg\" \/>\n<meta name=\"author\" content=\"Karamela\" \/>\n<meta name=\"twitter:card\" content=\"summary_large_image\" \/>\n<meta name=\"twitter:label1\" content=\"Napsal(a)\" \/>\n\t<meta name=\"twitter:data1\" content=\"Karamela\" \/>\n\t<meta name=\"twitter:label2\" content=\"Odhadovan\u00e1 doba \u010dten\u00ed\" \/>\n\t<meta name=\"twitter:data2\" content=\"4 minuty\" \/>\n<script type=\"application\/ld+json\" class=\"yoast-schema-graph\">{\"@context\":\"https:\/\/schema.org\",\"@graph\":[{\"@type\":\"Article\",\"@id\":\"https:\/\/evertonfc.cz\/index.php\/2025\/05\/16\/everton-w-tottenham-w-11\/#article\",\"isPartOf\":{\"@id\":\"https:\/\/evertonfc.cz\/index.php\/2025\/05\/16\/everton-w-tottenham-w-11\/\"},\"author\":{\"name\":\"Karamela\",\"@id\":\"https:\/\/evertonfc.cz\/#\/schema\/person\/e9a24a80a32efa1344dd2c4e5882185c\"},\"headline\":\"Everton W &#8211; Tottenham W 1:1\",\"datePublished\":\"2025-05-16T20:14:26+00:00\",\"dateModified\":\"2025-05-17T16:35:40+00:00\",\"mainEntityOfPage\":{\"@id\":\"https:\/\/evertonfc.cz\/index.php\/2025\/05\/16\/everton-w-tottenham-w-11\/\"},\"wordCount\":731,\"commentCount\":3,\"publisher\":{\"@id\":\"https:\/\/evertonfc.cz\/#organization\"},\"image\":{\"@id\":\"https:\/\/evertonfc.cz\/index.php\/2025\/05\/16\/everton-w-tottenham-w-11\/#primaryimage\"},\"thumbnailUrl\":\"https:\/\/evertonfc.cz\/wp-content\/uploads\/2025\/05\/Payne-vs-Spurs-16_5_2025-web.jpg\",\"articleSection\":[\"Everton Women\"],\"inLanguage\":\"cs\",\"potentialAction\":[{\"@type\":\"CommentAction\",\"name\":\"Comment\",\"target\":[\"https:\/\/evertonfc.cz\/index.php\/2025\/05\/16\/everton-w-tottenham-w-11\/#respond\"]}]},{\"@type\":\"WebPage\",\"@id\":\"https:\/\/evertonfc.cz\/index.php\/2025\/05\/16\/everton-w-tottenham-w-11\/\",\"url\":\"https:\/\/evertonfc.cz\/index.php\/2025\/05\/16\/everton-w-tottenham-w-11\/\",\"name\":\"Everton W - Tottenham W 1:1 - Official Czech &amp; Slovak Everton Supporters&#039; Club\",\"isPartOf\":{\"@id\":\"https:\/\/evertonfc.cz\/#website\"},\"primaryImageOfPage\":{\"@id\":\"https:\/\/evertonfc.cz\/index.php\/2025\/05\/16\/everton-w-tottenham-w-11\/#primaryimage\"},\"image\":{\"@id\":\"https:\/\/evertonfc.cz\/index.php\/2025\/05\/16\/everton-w-tottenham-w-11\/#primaryimage\"},\"thumbnailUrl\":\"https:\/\/evertonfc.cz\/wp-content\/uploads\/2025\/05\/Payne-vs-Spurs-16_5_2025-web.jpg\",\"datePublished\":\"2025-05-16T20:14:26+00:00\",\"dateModified\":\"2025-05-17T16:35:40+00:00\",\"breadcrumb\":{\"@id\":\"https:\/\/evertonfc.cz\/index.php\/2025\/05\/16\/everton-w-tottenham-w-11\/#breadcrumb\"},\"inLanguage\":\"cs\",\"potentialAction\":[{\"@type\":\"ReadAction\",\"target\":[\"https:\/\/evertonfc.cz\/index.php\/2025\/05\/16\/everton-w-tottenham-w-11\/\"]}]},{\"@type\":\"ImageObject\",\"inLanguage\":\"cs\",\"@id\":\"https:\/\/evertonfc.cz\/index.php\/2025\/05\/16\/everton-w-tottenham-w-11\/#primaryimage\",\"url\":\"https:\/\/evertonfc.cz\/wp-content\/uploads\/2025\/05\/Payne-vs-Spurs-16_5_2025-web.jpg\",\"contentUrl\":\"https:\/\/evertonfc.cz\/wp-content\/uploads\/2025\/05\/Payne-vs-Spurs-16_5_2025-web.jpg\",\"width\":720,\"height\":405},{\"@type\":\"BreadcrumbList\",\"@id\":\"https:\/\/evertonfc.cz\/index.php\/2025\/05\/16\/everton-w-tottenham-w-11\/#breadcrumb\",\"itemListElement\":[{\"@type\":\"ListItem\",\"position\":1,\"name\":\"Home\",\"item\":\"https:\/\/evertonfc.cz\/\"},{\"@type\":\"ListItem\",\"position\":2,\"name\":\"Everton W &#8211; Tottenham W 1:1\"}]},{\"@type\":\"WebSite\",\"@id\":\"https:\/\/evertonfc.cz\/#website\",\"url\":\"https:\/\/evertonfc.cz\/\",\"name\":\"Official Czech &amp; Slovak Everton Supporters&#039; Club\",\"description\":\"\",\"publisher\":{\"@id\":\"https:\/\/evertonfc.cz\/#organization\"},\"potentialAction\":[{\"@type\":\"SearchAction\",\"target\":{\"@type\":\"EntryPoint\",\"urlTemplate\":\"https:\/\/evertonfc.cz\/?s={search_term_string}\"},\"query-input\":{\"@type\":\"PropertyValueSpecification\",\"valueRequired\":true,\"valueName\":\"search_term_string\"}}],\"inLanguage\":\"cs\"},{\"@type\":\"Organization\",\"@id\":\"https:\/\/evertonfc.cz\/#organization\",\"name\":\"Official Czech & Slovak Everton Supporters' Club\",\"url\":\"https:\/\/evertonfc.cz\/\",\"logo\":{\"@type\":\"ImageObject\",\"inLanguage\":\"cs\",\"@id\":\"https:\/\/evertonfc.cz\/#\/schema\/logo\/image\/\",\"url\":\"https:\/\/evertonfc.cz\/wp-content\/uploads\/2019\/05\/logo.png\",\"contentUrl\":\"https:\/\/evertonfc.cz\/wp-content\/uploads\/2019\/05\/logo.png\",\"width\":112,\"height\":112,\"caption\":\"Official Czech & Slovak Everton Supporters' Club\"},\"image\":{\"@id\":\"https:\/\/evertonfc.cz\/#\/schema\/logo\/image\/\"},\"sameAs\":[\"https:\/\/www.facebook.com\/everton.fans.cz.sk\"]},{\"@type\":\"Person\",\"@id\":\"https:\/\/evertonfc.cz\/#\/schema\/person\/e9a24a80a32efa1344dd2c4e5882185c\",\"name\":\"Karamela\",\"url\":\"https:\/\/evertonfc.cz\/index.php\/author\/karamela\/\"}]}<\/script>\n<!-- \/ Yoast SEO plugin. -->","yoast_head_json":{"title":"Everton W - Tottenham W 1:1 - Official Czech &amp; Slovak Everton Supporters&#039; Club","robots":{"index":"index","follow":"follow","max-snippet":"max-snippet:-1","max-image-preview":"max-image-preview:large","max-video-preview":"max-video-preview:-1"},"canonical":"https:\/\/evertonfc.cz\/index.php\/2025\/05\/16\/everton-w-tottenham-w-11\/","og_locale":"cs_CZ","og_type":"article","og_title":"Everton W - Tottenham W 1:1 - Official Czech &amp; Slovak Everton Supporters&#039; Club","og_description":"Posledn\u00ed tanec sez\u00f3ny a mo\u017en\u00e1 i rozlou\u010den\u00ed s Walton Hall Park p\u0159inesl rem\u00edzu se Spurs a zafixoval tak na\u0161e 8. m\u00edsto v kone\u010dn\u00e9 tabulce WSL.","og_url":"https:\/\/evertonfc.cz\/index.php\/2025\/05\/16\/everton-w-tottenham-w-11\/","og_site_name":"Official Czech &amp; Slovak Everton Supporters&#039; Club","article_publisher":"https:\/\/www.facebook.com\/everton.fans.cz.sk","article_published_time":"2025-05-16T20:14:26+00:00","article_modified_time":"2025-05-17T16:35:40+00:00","og_image":[{"width":720,"height":405,"url":"https:\/\/evertonfc.cz\/wp-content\/uploads\/2025\/05\/Payne-vs-Spurs-16_5_2025-web.jpg","type":"image\/jpeg"}],"author":"Karamela","twitter_card":"summary_large_image","twitter_misc":{"Napsal(a)":"Karamela","Odhadovan\u00e1 doba \u010dten\u00ed":"4 minuty"},"schema":{"@context":"https:\/\/schema.org","@graph":[{"@type":"Article","@id":"https:\/\/evertonfc.cz\/index.php\/2025\/05\/16\/everton-w-tottenham-w-11\/#article","isPartOf":{"@id":"https:\/\/evertonfc.cz\/index.php\/2025\/05\/16\/everton-w-tottenham-w-11\/"},"author":{"name":"Karamela","@id":"https:\/\/evertonfc.cz\/#\/schema\/person\/e9a24a80a32efa1344dd2c4e5882185c"},"headline":"Everton W &#8211; Tottenham W 1:1","datePublished":"2025-05-16T20:14:26+00:00","dateModified":"2025-05-17T16:35:40+00:00","mainEntityOfPage":{"@id":"https:\/\/evertonfc.cz\/index.php\/2025\/05\/16\/everton-w-tottenham-w-11\/"},"wordCount":731,"commentCount":3,"publisher":{"@id":"https:\/\/evertonfc.cz\/#organization"},"image":{"@id":"https:\/\/evertonfc.cz\/index.php\/2025\/05\/16\/everton-w-tottenham-w-11\/#primaryimage"},"thumbnailUrl":"https:\/\/evertonfc.cz\/wp-content\/uploads\/2025\/05\/Payne-vs-Spurs-16_5_2025-web.jpg","articleSection":["Everton Women"],"inLanguage":"cs","potentialAction":[{"@type":"CommentAction","name":"Comment","target":["https:\/\/evertonfc.cz\/index.php\/2025\/05\/16\/everton-w-tottenham-w-11\/#respond"]}]},{"@type":"WebPage","@id":"https:\/\/evertonfc.cz\/index.php\/2025\/05\/16\/everton-w-tottenham-w-11\/","url":"https:\/\/evertonfc.cz\/index.php\/2025\/05\/16\/everton-w-tottenham-w-11\/","name":"Everton W - Tottenham W 1:1 - Official Czech &amp; Slovak Everton Supporters&#039; Club","isPartOf":{"@id":"https:\/\/evertonfc.cz\/#website"},"primaryImageOfPage":{"@id":"https:\/\/evertonfc.cz\/index.php\/2025\/05\/16\/everton-w-tottenham-w-11\/#primaryimage"},"image":{"@id":"https:\/\/evertonfc.cz\/index.php\/2025\/05\/16\/everton-w-tottenham-w-11\/#primaryimage"},"thumbnailUrl":"https:\/\/evertonfc.cz\/wp-content\/uploads\/2025\/05\/Payne-vs-Spurs-16_5_2025-web.jpg","datePublished":"2025-05-16T20:14:26+00:00","dateModified":"2025-05-17T16:35:40+00:00","breadcrumb":{"@id":"https:\/\/evertonfc.cz\/index.php\/2025\/05\/16\/everton-w-tottenham-w-11\/#breadcrumb"},"inLanguage":"cs","potentialAction":[{"@type":"ReadAction","target":["https:\/\/evertonfc.cz\/index.php\/2025\/05\/16\/everton-w-tottenham-w-11\/"]}]},{"@type":"ImageObject","inLanguage":"cs","@id":"https:\/\/evertonfc.cz\/index.php\/2025\/05\/16\/everton-w-tottenham-w-11\/#primaryimage","url":"https:\/\/evertonfc.cz\/wp-content\/uploads\/2025\/05\/Payne-vs-Spurs-16_5_2025-web.jpg","contentUrl":"https:\/\/evertonfc.cz\/wp-content\/uploads\/2025\/05\/Payne-vs-Spurs-16_5_2025-web.jpg","width":720,"height":405},{"@type":"BreadcrumbList","@id":"https:\/\/evertonfc.cz\/index.php\/2025\/05\/16\/everton-w-tottenham-w-11\/#breadcrumb","itemListElement":[{"@type":"ListItem","position":1,"name":"Home","item":"https:\/\/evertonfc.cz\/"},{"@type":"ListItem","position":2,"name":"Everton W &#8211; Tottenham W 1:1"}]},{"@type":"WebSite","@id":"https:\/\/evertonfc.cz\/#website","url":"https:\/\/evertonfc.cz\/","name":"Official Czech &amp; Slovak Everton Supporters&#039; Club","description":"","publisher":{"@id":"https:\/\/evertonfc.cz\/#organization"},"potentialAction":[{"@type":"SearchAction","target":{"@type":"EntryPoint","urlTemplate":"https:\/\/evertonfc.cz\/?s={search_term_string}"},"query-input":{"@type":"PropertyValueSpecification","valueRequired":true,"valueName":"search_term_string"}}],"inLanguage":"cs"},{"@type":"Organization","@id":"https:\/\/evertonfc.cz\/#organization","name":"Official Czech & Slovak Everton Supporters' Club","url":"https:\/\/evertonfc.cz\/","logo":{"@type":"ImageObject","inLanguage":"cs","@id":"https:\/\/evertonfc.cz\/#\/schema\/logo\/image\/","url":"https:\/\/evertonfc.cz\/wp-content\/uploads\/2019\/05\/logo.png","contentUrl":"https:\/\/evertonfc.cz\/wp-content\/uploads\/2019\/05\/logo.png","width":112,"height":112,"caption":"Official Czech & Slovak Everton Supporters' Club"},"image":{"@id":"https:\/\/evertonfc.cz\/#\/schema\/logo\/image\/"},"sameAs":["https:\/\/www.facebook.com\/everton.fans.cz.sk"]},{"@type":"Person","@id":"https:\/\/evertonfc.cz\/#\/schema\/person\/e9a24a80a32efa1344dd2c4e5882185c","name":"Karamela","url":"https:\/\/evertonfc.cz\/index.php\/author\/karamela\/"}]}},"_links":{"self":[{"href":"https:\/\/evertonfc.cz\/index.php\/wp-json\/wp\/v2\/posts\/26743"}],"collection":[{"href":"https:\/\/evertonfc.cz\/index.php\/wp-json\/wp\/v2\/posts"}],"about":[{"href":"https:\/\/evertonfc.cz\/index.php\/wp-json\/wp\/v2\/types\/post"}],"author":[{"embeddable":true,"href":"https:\/\/evertonfc.cz\/index.php\/wp-json\/wp\/v2\/users\/26"}],"replies":[{"embeddable":true,"href":"https:\/\/evertonfc.cz\/index.php\/wp-json\/wp\/v2\/comments?post=26743"}],"version-history":[{"count":3,"href":"https:\/\/evertonfc.cz\/index.php\/wp-json\/wp\/v2\/posts\/26743\/revisions"}],"predecessor-version":[{"id":26751,"href":"https:\/\/evertonfc.cz\/index.php\/wp-json\/wp\/v2\/posts\/26743\/revisions\/26751"}],"wp:featuredmedia":[{"embeddable":true,"href":"https:\/\/evertonfc.cz\/index.php\/wp-json\/wp\/v2\/media\/26744"}],"wp:attachment":[{"href":"https:\/\/evertonfc.cz\/index.php\/wp-json\/wp\/v2\/media?parent=26743"}],"wp:term":[{"taxonomy":"category","embeddable":true,"href":"https:\/\/evertonfc.cz\/index.php\/wp-json\/wp\/v2\/categories?post=26743"},{"taxonomy":"post_tag","embeddable":true,"href":"https:\/\/evertonfc.cz\/index.php\/wp-json\/wp\/v2\/tags?post=26743"}],"curies":[{"name":"wp","href":"https:\/\/api.w.org\/{rel}","templated":true}]}}