{"id":26779,"date":"2025-05-24T10:42:59","date_gmt":"2025-05-24T08:42:59","guid":{"rendered":"https:\/\/evertonfc.cz\/?p=26779"},"modified":"2025-05-26T10:07:06","modified_gmt":"2025-05-26T08:07:06","slug":"spomienky-na-goodison-park","status":"publish","type":"post","link":"https:\/\/evertonfc.cz\/index.php\/2025\/05\/24\/spomienky-na-goodison-park\/","title":{"rendered":"Spomienky na Goodison Park"},"content":{"rendered":"<h4>Grand Oldy Lady bude nav\u017edy v n\u00e1s \u2014 je to kus domova, kus identity. Toto s\u00fa na\u0161e spomienky, odkazy a tich\u00e9 rozl\u00fa\u010dky s miestom, kde Everton \u017eil najhlasnej\u0161ie.<\/h4>\n<p><em>Ako predseda n\u00e1\u0161ho skromn\u00e9ho fanklubu, a redaktor, ktor\u00fd pri\u0161iel s t\u00fdmto n\u00e1padom na rozl\u00fa\u010dkov\u00fd \u010dl\u00e1nok, mus\u00edm za\u010da\u0165 nie\u010do, \u010do desa\u0165tis\u00edce \u013eud\u00ed nevedelo poriadne vstreba\u0165 ani na\u017eivo, priamo na mieste. Nie to e\u0161te da\u0165 to na papier.\u00a0Pre mnoh\u00fdch nezaujat\u00fdch je to absurdn\u00e9. Ako sa m\u00f4\u017eeme l\u00fa\u010di\u0165 s\u00a0nejakou starou b\u00fadou, kde sme boli len p\u00e1rkr\u00e1t za \u017eivot, niektor\u00ed mo\u017eno len raz, ako ja napr\u00edklad. Je to \u010dudn\u00e9. Rovnako ako fandenie klubu, ktor\u00fd je vzdialen\u00fd od m\u00f4jho domu 1 530 kilometrov vzdu\u0161nou \u010diarou.<\/em><\/p>\n<p><em>Poklad\u00e1m to za \u00fachylku na\u0161ej mysle, ktor\u00e1 sa pri vedom\u00ed pominute\u013enosti sna\u017e\u00ed n\u00e1js\u0165 zrnko zmyslu pre seba, aby sa \u00faplne nezbl\u00e1znila. A tak h\u013ead\u00e1 \u00fatechu, h\u013ead\u00e1 domov, kde sa strat\u00ed be\u017en\u00fdm starostiam a existen\u010dn\u00fdm ot\u00e1zkam. Spolo\u010dnos\u0165 ostatn\u00fdch s rovnak\u00fdm probl\u00e9mom. Zrazu sa nenazd\u00e1te, a tvor\u00edte komunitu. A ten pocit spolupatri\u010dnosti, ak ste mali to \u0161\u0165astie za\u017ei\u0165 ho na\u017eivo, si nesiete hlboko v sebe.<\/em><\/p>\n<p><em>A Goodison predstavuje miesto, kde tl\u010die to srdce na\u0161ej komunity. Tam sa svet na dev\u00e4\u0165desiat min\u00fat scvrk\u00e1va do modrobielej ve\u010dnosti. Mal som to \u0161\u0165astie, a e\u0161te st\u00e1le m\u00e1m dlh o tom nap\u00edsa\u0165 poriadny v\u00fdjazdov\u00fd report&#8230;<\/em><\/p>\n<hr \/>\n<h4><em>Javor, redaktor:<\/em><\/h4>\n<p>Byl jsem po\u017e\u00e1d\u00e1n o stru\u010dnou osobn\u00ed vzpom\u00ednku na Goodison Park. Nu\u017ee, zde je m\u016fj podotek. Asi nep\u0159ekvap\u00ed, \u017ee prvn\u00ed dojem je &#8222;Wow, tohle je fakt velk\u00fd&#8220;. L\u00edb\u00ed se ten py\u0161n\u00fd n\u00e1pis &#8222;home of Everton&#8220;. Kdy\u017e jsem vystoupal na sv\u00e9 m\u00edsto p\u0159ed utk\u00e1n\u00edm proti Arsenalu, tak jsem se podivil kolektivn\u00edm skl\u00e1p\u011bn\u00fdm seda\u010dk\u00e1m. O dva dny pozd\u011bji jsem si p\u0159i n\u00e1sledn\u00e9 prohl\u00eddce stadionu v\u0161iml, \u017ee to celkov\u011b nen\u00ed h\u0159i\u0161t\u011b pro 21. stolet\u00ed. Proto je z mnoha d\u016fvod\u016f dob\u0159e, \u017ee se Karamelky st\u011bhuj\u00ed do nov\u00e9ho. \u017de bude i nad\u00e1le Goodison Park slou\u017eit fotbalu, by\u0165 se sn\u00ed\u017eenou kapacitou? To je nejlep\u0161\u00ed mo\u017en\u00e9 \u0159e\u0161en\u00ed, do \u010dtvrti Walton fotbalov\u00fd stadion pat\u0159\u00ed.<\/p>\n<h4><em>Tom, anglick\u00fd fan\u00fa\u0161ik na Slovensku:<\/em><\/h4>\n<p data-start=\"139\" data-end=\"541\">Najlep\u0161\u00ed moment na Goodisone je pre m\u0148a Rooneyho prv\u00fd g\u00f3l v Premier League v poslednej min\u00fate proti Arsenalu \u2014 skoro spadol cel\u00fd \u0161tadi\u00f3n. A potom v\u00ed\u0165azstvo nad Newcastlom, ktor\u00fdm sme si prakticky potvrdili 4. miesto v lige a skon\u010dili nad Liverpoolom, \u010do znamenalo kvalifik\u00e1ciu do Ligy majstrov. Ke\u010f dal g\u00f3l Cahill, lietali ruky a nohy v\u0161ade. Mal som modriny po cel\u00fdch noh\u00e1ch a netu\u0161\u00edm od koho alebo z \u010doho.<\/p>\n<p data-start=\"543\" data-end=\"836\">Z\u00e1pas, ktor\u00fd by som najrad\u0161ej za\u017eil na Goodisone je bu\u010f Bayern v \u201985, alebo Fiorentina 2008 (ak si spr\u00e1vne pam\u00e4t\u00e1m). Pozeral som to v telke potom, \u010do som bol na odvete v Taliansku \u2014 hrozn\u00fd z\u00e1pas, hrozn\u00e9 po\u010dasie. St\u00e1le si mysl\u00edm, \u017ee by sme t\u00fa s\u00fa\u0165a\u017e vyhrali, keby sme t\u00fa noc zvl\u00e1dli penalty.<\/p>\n<p data-start=\"838\" data-end=\"1251\">Najvtipnej\u0161\u00ed moment je \u0165a\u017eko vybra\u0165 len jeden, ale raz niekto zakri\u010dal na Massima Maccaroneho z Middlesbroughu, ke\u010f dal g\u00f3l: <em data-start=\"967\" data-end=\"997\">\u201eDo riti, ty syrov\u00fd kret\u00e9n!\u201c<\/em> (v angli\u010dtine to bol vtip spojen\u00fd s cestovinami &#8222;macaroni&#8220;, tak\u017ee to v sloven\u010dine asi nevyznie tak dobre). Scouseri maj\u00fa fakt r\u00fdchly a origin\u00e1lny humor. Ako mi raz povedal jeden m\u00fadry kr\u010dm\u00e1r, prav\u00fd Evertonian: <em data-start=\"1208\" data-end=\"1251\">\u201eZafarbil som si \u010derven\u00fd ke\u010dup na modro.\u201c<\/em><\/p>\n<p data-start=\"1253\" data-end=\"1308\">Kr\u00e1sne dni, kr\u00e1sne spomienky. Goodison n\u00e1m bude ch\u00fdba\u0165.<\/p>\n<p><iframe loading=\"lazy\" title=\"Access Goodison: The Finale \ud83d\ude22\ud83d\udc99 | Emotional last day at Goodison Park\" width=\"1140\" height=\"641\" src=\"https:\/\/www.youtube.com\/embed\/JzIABsetuBE?feature=oembed\" frameborder=\"0\" allow=\"accelerometer; autoplay; clipboard-write; encrypted-media; gyroscope; picture-in-picture; web-share\" referrerpolicy=\"strict-origin-when-cross-origin\" allowfullscreen><\/iframe><\/p>\n<h4><em><strong>Rob:<\/strong><\/em><\/h4>\n<p>Po\u010das mojich (bez m\u00e1la) 5 rokoch str\u00e1ven\u00fdch na ostrovoch som mal t\u00fa \u010des\u0165 nav\u0161t\u00edvi\u0165 Godison Park celkovo 7-kr\u00e1t. Pam\u00e4tn\u00fd dom\u00e1ci z\u00e1pas v GP je pre m\u0148a ur\u010dite ten \u00faplne prv\u00fd. P\u00edsal sa 13. apr\u00edl 2013 a doma sme priv\u00edtali QPR. V tom obdob\u00ed bol z\u00e1pas proti s\u00faperovi tohoto rangu povinnou jazdou, a tak to aj vyzeralo na ihrisku. Atmosf\u00e9ra bola u\u017e od Z-Cars par\u00e1dna, \u013eudia sediaci na okolo sa mi prihov\u00e1rali napriek tomu, \u017ee som bol pre nich nov\u00e1 tv\u00e1r, a u\u017e pred \u00favodn\u00fdm v\u00fdkopom som si potriasol rukou so v\u0161etk\u00fdmi sediacimi naokolo.<\/p>\n<p>Darmo, ten rodinn\u00fd charakter klubu sa nezaprel. Prv\u00fd dojem by bol. Potom to klasicky ut\u00edchlo, a o\u017eilo op\u00e4\u0165 a\u017e ke\u010f to zakr\u00fatil nebezpe\u010dne z rohu (ako v\u017edy) Leighton Baines. Z\u00e1pas skon\u010dil 2:0 po g\u00f3loch Gibsona a Anichebeho. Z\u00e1\u017eitok vidie\u0165 hr\u00e1\u010dov ako Baines, Osman, Pienaar \u010di Mirallas. Tim Howard s \u010dist\u00fdm kontom a v\u0161ade na okolo \u0161irok\u00e9 \u00fasmevy. Ver\u00edm, \u017ee tak\u00e9to a vari aj silnej\u0161ie momenty n\u00e1s \u010dakaj\u00fa na novom \u0161tadi\u00f3ne. Pri rozl\u00fa\u010dke s nie\u010d\u00edm hmotn\u00fdm mi m\u00e1lokedy ujde slza, ale rozl\u00fa\u010dka s na\u0161\u00edm domovom pri mojich spomienkach ma zlomila. Osobne sa ve\u013emi te\u0161\u00edm a ver\u00edm, \u017ee sa tam po takmer 8 ro\u010dnej odmlke dostanem op\u00e4\u0165 ( i ke\u010f na inej adrese) aj osobne.<\/p>\n<h4><em>Zdenko:<\/em><\/h4>\n<p>Moja prv\u00e1 a posledn\u00e1 n\u00e1v\u0161teva Goodisonu bola a\u017e v z\u00e1vere\u010dnej sez\u00f3ne a hovor\u00edm, \u017ee ni\u010d \u0165a\u017e\u0161ie ako dosta\u0165 l\u00edstky som e\u0161te neza\u017eil. Fand\u00edm Evertonu celkom kr\u00e1tko, bude tomu tohto roku 12 rokov a som r\u00e1d, \u017ee som tento legend\u00e1rny \u0161tadi\u00f3n stihol, aj ke\u010f na posledn\u00fa chv\u00ed\u013eu. Atmosf\u00e9ru bolo c\u00edti\u0165 u\u017e na Walton Lane, \u010d\u00edm som bol bli\u017e\u0161ie ku &#8222;The Grand Old Lady&#8220;. Pre m\u0148a to bol splnen\u00fd sen a z\u00e1\u017eitok, ktor\u00fd si budem pam\u00e4ta\u0165 dokonca \u017eivota.<\/p>\n<h4><em>Fip, redaktor:<\/em><\/h4>\n<p>Na GP jsem se vydal v dubnu 2023. Trochu jsem zpanika\u0159il, bylo mi 40, nikdy jsem tam nebyl a za chvilku bude po stadionu. Tak\u017ee se slo\u017eila cel\u00e1 rodina a let\u011bl jsem. Tabulkov\u011b jsme na tom byli b\u00eddn\u011b a NUFC naho\u0159e. Byla to ta sez\u00f3na Lampardova z\u00e1zraku, kdy fanou\u0161ci schov\u00e1vali m\u00ed\u010de pod dres, bab\u010da fl\u00e1kla soupe\u0159ova hr\u00e1\u010de a takov\u00fd v\u011bci. Frank to m\u00e1 v CV, ale my v\u0161ichni v\u00edme. P\u0159ed utk\u00e1n\u00edm se v\u00edtal autobus sv\u011btlicemi, ale z\u00e1pas moc nevy\u0161el. Byl to ve\u010dern\u00ed z\u00e1pas, bylo pochmurno. Ale nebyl jsem n\u011bjak smutnej, neum\u00edm to popsat. Sp\u00ed\u0161 v transu. Ten sta\u0159i\u010dkej stadion souzn\u011bl s t\u00edm davem lid\u00ed, na nejvy\u0161\u0161\u00ed m\u00edru napjatejch a soust\u0159ed\u011bnejch na jednu v\u011bc.<\/p>\n<p>Nabyl jsem z toho pocit, \u017ee a\u0165 to dopadne jakkoliv, Everton, Goodison, tohle prost\u011b nezmiz\u00ed. Z\u00e1kon zachov\u00e1n\u00ed energie nebo co. Dalo mi to vyrovnanost a v\u00edru, \u017ee to prost\u011b dopadne dob\u0159e. Ale jsem r\u00e1d, \u017ee Goodison z\u016fstane, i kdy\u017e m\u011b napad\u00e1 n\u011bkolik d\u016fvod\u016f proti. Zase ale ta mo\u017enost, jet se tam je\u0161t\u011b pod\u00edvat, to m\u011b l\u00e1k\u00e1.<\/p>\n<h4><em><strong>Luk\u00e1\u0161:<\/strong><\/em><\/h4>\n<p>Do Goodison Parku som sa dostal prv\u00fdkr\u00e1t v roku 2016. Jeho n\u00e1v\u0161teva ma utvrdila v tom, \u017ee podporujem pre m\u0148a spr\u00e1vny klub. Nav\u0161t\u00edvil som desiatky \u0161tadi\u00f3nov, no v \u017eiadnom tak ned\u00fdchala hist\u00f3ria a trad\u00edcia. Pocit by\u0165 na mieste, kde sa toho to\u013eko odohralo, a kde sa p\u00edsala futbalov\u00e1 hist\u00f3ria, je na nezaplatenie. Poh\u013ead na trib\u00fanu Gwladys Street End, na v\u00e1\u0161niv\u00fdch Evertonians, ale aj okolit\u00e9 puby pred z\u00e1pasom. V\u0161etko malo svoje \u010daro.<\/p>\n<p><iframe loading=\"lazy\" title=\"Goodison Park&#039;s &#039;End Of An Era&#039; Ceremony \ud83d\udc99\" width=\"1140\" height=\"641\" src=\"https:\/\/www.youtube.com\/embed\/jklIOyCEl30?feature=oembed\" frameborder=\"0\" allow=\"accelerometer; autoplay; clipboard-write; encrypted-media; gyroscope; picture-in-picture; web-share\" referrerpolicy=\"strict-origin-when-cross-origin\" allowfullscreen><\/iframe><\/p>\n<h4><em>Piwetr:<\/em><\/h4>\n<p>Jsem fanou\u0161ek od roku cca 2004, kdy jsem tomu postupn\u011b propadal v\u00edc a v\u00edc, a\u017e jsme roku 2014 zav\u00edtali s p\u0159\u00edtelkyn\u00ed do Liverpoolu na dovolenou, a samoz\u0159ejm\u011b se za\u0161li pod\u00edvat ke stadionu. U\u017e to pro m\u011b byl neuv\u011b\u0159iteln\u00fd z\u00e1\u017eitek, na\u010de\u017e p\u0159\u00edtelkyn\u011b vyt\u00e1hla z batohu dva l\u00edstky na z\u00edt\u0159ej\u0161\u00ed z\u00e1pas proti Arsenalu, bylo po mn\u011b. Co\u017e mi nejv\u00edce utkv\u011blo v pam\u011bti ze stadionu byly \u00fazk\u00e9 vstupy, star\u00e9 jednoduch\u00e9 seda\u010dky, pro na\u0161ince neuv\u011b\u0159iteln\u011b hnusn\u00e9 pivo Chang bez p\u011bny a\u017e po okraj a masov\u00fd kol\u00e1\u010d, kter\u00fd nejsp\u00ed\u0161 u\u017e n\u011bkdo jedl. Ale hlavn\u011b elektrizuj\u00edc\u00ed atmosf\u00e9ra pln\u00e9ho stadionu, par\u00e1dn\u00ed v\u00fdkon, v\u00fdhra 3:0. Za Arsenal nastoupil Rosick\u00fd. Jsem moc r\u00e1d, \u017ee jsem to mohl z\u00e1\u017eit a stejn\u011b tak se t\u011b\u0161\u00edm na n\u00e1v\u0161t\u011bvu nov\u00e9ho stadionu.<\/p>\n<h4><em>Eja z Bratislavy:<\/em><\/h4>\n<p>Bolo mi c\u0165ou, a to v\u010faka vtedy len 7 ro\u010dn\u00e9mu synovi, ve\u013ek\u00e9mu fan\u00fa\u0161ikovi Evertonu FC (konkr\u00e9tne od druh\u00e9ho pr\u00edchodu Wayna Rooneyho v sez\u00f3ne 2016\/2017) prenikn\u00fa\u0165 do t\u00fa\u017eby jedn\u00e9ho d\u0148a spozna\u0165 \u0161tadi\u00f3n Goodison Park v Liverpoole. Podarilo sa po rokoch &#8211; kr\u00e1sna modr\u00e1, pod \u0161tadi\u00f3nom star\u00e9 sprchy futbalistov, historick\u00e9 fotografie, trofeje, seda\u010dky, ktor\u00e9 mali volakedy aj svojich &#8222;majite\u013eov&#8220; pod\u013ea mena, drevo pou\u017eit\u00e9 na \u010dasti \u0161tadi\u00f3na. Hist\u00f3riu c\u00edti\u0165 v\u0161ade. Ako \u017eena m\u00f4\u017eem potvrdi\u0165, \u017ee so \u0161armom historick\u00e9ho n\u00e1dychu sa v \u0148om c\u00edti \u010dlovek naozaj skvele.<\/p>\n<p>Zo z\u00e1\u017eitku prehliadky \u0161tadi\u00f3na a prezent\u00e1ciou doslova &#8222;chodiacej encyklop\u00e9die&#8220; p\u00e1na fam\u00f3zneho sprievodcu postupne my\u0161lienkami premost\u00edm k pr\u00edpravn\u00e9mu z\u00e1pasu medzi Evertonom a AS R\u00edm. Pred v\u00fdkopom fanshop praskal vo \u0161v\u00edkoch. Atmosf\u00e9ra neopakovate\u013en\u00e1, \u013eudia od batoliat a\u017e po seniorov hrdo, srdcom a s v\u010fakou sledovali z\u00e1pas. A po\u010das neho \u010dlovek nec\u00edtil preplnen\u00fd \u0161tadi\u00f3n opit\u00fdch &#8222;fan\u00fa\u0161ikov&#8220;. Je to pastva pre o\u010di sledova\u0165 cel\u00e9 rodiny fandi\u0165, a pastva pre u\u0161i po\u010d\u00fava\u0165 t\u00f3ny Spirit Of The Blues. V\u010faka Goodison park za to, \u017ee som \u0164a mala \u010des\u0165 spozna\u0165!<\/p>\n<h4><strong><em>Ri\u010di, redaktor:<\/em><br \/>\n<\/strong><\/h4>\n<p>Everton p\u0159ich\u00e1z\u00ed o kus sv\u00e9 identity. Jen t\u011b\u017eko lze v n\u011bkolika \u0159\u00e1dc\u00edch vystihnout, jak d\u016fle\u017eit\u00fdm st\u0159edobodem byl Goodison Park nejen pro klub, ale i pro cel\u00e9 m\u011bsto a anglick\u00fd fotbal. Kdy\u017e si \u010dtu nebo pou\u0161t\u00edm archivn\u00ed z\u00e1znamy, jak Dixie Dean zavr\u0161il svou 60-g\u00f3lovou sez\u00f3nu, jak jsme oto\u010dili semifin\u00e1le Poh\u00e1ru v\u00edt\u011bz\u016f poh\u00e1r\u016f proti Bayernu, nebo jak jsme slavili ligov\u00e9 tituly, naskakuje mi hus\u00ed k\u016f\u017ee.<\/p>\n<p>A p\u0159i osobn\u00ed n\u00e1v\u0161t\u011bv\u011b si \u010dlov\u011bk naplno uv\u011bdom\u00ed, \u017ee pro mnoh\u00e9 Evertonians znamenalo tohle m\u00edsto n\u011bco v\u00edc. Vid\u011bt generace otc\u016f, syn\u016f a vnuk\u016f, jak spolu ka\u017ed\u00fd druh\u00fd t\u00fdden usedaj\u00ed na tribuny, nebo \u010d\u00edst o kluc\u00edch, kte\u0159\u00ed se z fanou\u0161k\u016f stali klubov\u00fdmi legendami, dalece p\u0159esahuje hranice fotbalu. Goodison Park vdechoval Evertonu \u017eivot, v posledn\u00edch letech ho p\u0159i n\u011bm dr\u017eel, ale hlavn\u011b po 133 let formoval jeho identitu.<\/p>\n<p>Osobn\u011b mohu jen litovat, \u017ee nejsiln\u011bj\u0161\u00ed momenty m\u00e9 fanou\u0161kovsk\u00e9 \u00e9ry byly spojeny p\u0159edev\u0161\u00edm se z\u00e1pasy, kdy jsme na Goodisonu dvakr\u00e1t zachr\u00e1nili ligovou p\u0159\u00edslu\u0161nost (Crystal Palace a Bournemouth). \u017d\u00e1dn\u00fd Bayern jsem na\u017eivo neza\u017eil, i kdy\u017e Fiorentina k tomu m\u011bla p\u0159ed sedmn\u00e1cti lety velmi bl\u00edzko. P\u0159esto i roky tr\u00e1pen\u00ed a dek\u00e1dy \u010dasto naivn\u00edch projekt\u016f nov\u00e9ho stadionu nakonec p\u0159inesly pevn\u00fd z\u00e1klad a n\u00e1dech nad\u011bje do budoucna.<\/p>\n<p>Ztr\u00e1c\u00edme sice kus identity, ale jako klub jsme nejsiln\u011bj\u0161\u00ed za dlouh\u00e1 l\u00e9ta a st\u011bhujeme se na jeden z nejlep\u0161\u00edch stadion\u016f v Anglii. D\u00edky za v\u0161echny vzpom\u00ednky, Goodisone.<\/p>\n<p><iframe loading=\"lazy\" title=\"&quot;Thank you, Goodison Park!&quot; | Messages to the Grand Old Lady from Ancelotti, Stallone, Comer + more\" width=\"1140\" height=\"641\" src=\"https:\/\/www.youtube.com\/embed\/BSgUQbvibtA?feature=oembed\" frameborder=\"0\" allow=\"accelerometer; autoplay; clipboard-write; encrypted-media; gyroscope; picture-in-picture; web-share\" referrerpolicy=\"strict-origin-when-cross-origin\" allowfullscreen><\/iframe><\/p>\n<h4><em>Everton1878:<\/em><\/h4>\n<p>Poh\u013ead na Goodison park v TV v roku 1988, bol prv\u00fd podnet ktor\u00fd ma viedol k za\u013e\u00fabeniu sa do Evertonu.<br \/>\nZvl\u00e1\u0161tne a jedine\u010dne vyzeraj\u00faci Goodison Park so zalomenou hlavnou trib\u00fanou kv\u00f4li lomeniu ulice Goodison Road a z\u00e1stavbe rodinn\u00fdch domov, ktor\u00e9 Everton eticky nikdy nechcel b\u00fara\u0165, a z druhej stany nedostavan\u00e1 trib\u00fana. Tak\u00fd pr\u00e1zdny priestor pravo od trib\u00fany. N\u00e1sledne som zistil, \u017ee ten priestor sme tam ako prv\u00ed (a jedny z m\u00e1la) venovali postaveniu kostola, v ktorom sa okrem in\u00e9ho starali o chudobn\u00fdch, aj pred z\u00e1pasmi (polievka, \u010daj, ohriatie sa v zime). Everton z toho mohol ma\u0165 vy\u0161\u0161ie pr\u00edjmy, zmestili by sa tam tis\u00edce miest, ale Everton konal s vedom\u00edm, \u017ee s\u00fa aj d\u00f4le\u017eitej\u0161ie veci v \u017eivote ako futbal, ktor\u00e9 n\u00e1s presahuj\u00fa.<\/p>\n<p>Zvl\u00e1\u0161tna trib\u00fana Gwladys Street End, ktor\u00e1 vyzerala v 80. rokoch ako klietka pre div\u00e9 zvierat\u00e1 v zoo, a Evertonians tam besneli po g\u00f3loch a vlnami sa valili na plot. Jedine\u010dne Gwladys vyzerala aj 60. a 70. rokoch, ke\u010f sa tam hrali z\u00e1pasy Majstrovstiev sveta vo futbale s Pel\u00e9m a Eus\u00e9biom, \u010di ke\u010f tam Bob Latchford strelil 30 g\u00f3lov za sez\u00f3nu a vyhral 10 000 libier za tento m\u00ed\u013enik v \u010dase, ke\u010f padalo v anglickom futbale pram\u00e1lo g\u00f3lov.<\/p>\n<p>Druh\u00fdm podnetom pre zamilovanie sa do Evertonu a Goodison Parku bola hist\u00f3ria, ktor\u00fa som si postupne na\u010d\u00edtal. Nebudem v\u00e1s za\u0165a\u017eova\u0165 podrobnos\u0165ami, do\u010d\u00edtate sa ich napr. tu:<\/p>\n<h4><span style=\"font-size: 12pt;\"><strong><a href=\"https:\/\/www.toffeeweb.com\/club\/goodison\/gp-history.asp\" target=\"_blank\" rel=\"noopener\">Toffeeweb<\/a> \/ <a href=\"https:\/\/www.theguardian.com\/football\/2025\/may\/14\/riots-royals-and-legends-goodison-park-firsts-and-memorable-moments\" target=\"_blank\" rel=\"noopener\">The Guardian<\/a> \/ <a href=\"https:\/\/www.evertonfc.com\/club\/history\/everton-firsts\">EvertonFC.com<\/a><\/strong><\/span><\/h4>\n<p>O to viac ma fascinovala trib\u00fana Bullens Road zo star\u00fdmi dreven\u00fdmi schodmi a sedadlami, \u010das\u0165 z nich pam\u00e4t\u00e1 e\u0161te 60 ligov\u00fdch g\u00f3lov Dixie Deana. Fascinovalo ma, \u010do dal Goodison ako prv\u00fd svetov\u00e9mu futbalu \u2013 je to prv\u00fd riadny futbalov\u00fd \u0161tadi\u00f3n na svete (zo \u0161at\u0148ami, kancel\u00e1riami pre vedenie, postaven\u00fd \u00fa\u010delovo pre futbal, dovtedy to boli ihrisk\u00e1 pre viacer\u00e9 \u0161porty resp. nemali ani z\u00e1kladn\u00e9 vybavenie, hr\u00e1\u010di sa museli prezlieka\u0165 v okolit\u00fdch kr\u010dm\u00e1ch a prech\u00e1dza\u0165 na \u0161tadi\u00f3n cez ulicu).<\/p>\n<p>Prv\u00fd \u0161tadi\u00f3n, kde zavesili siete na br\u00e1ny, dali umel\u00e9 osvetlenie na trib\u00fany, prv\u00fdkr\u00e1t tu dali ozvu\u010denie pre fan\u00fa\u0161ikov, prv\u00fd raz sa tu za\u010dali pred\u00e1va\u0165 z\u00e1pasov\u00e9 programy, dali sa ve\u013ek\u00e9 hodiny pre div\u00e1kov, prv\u00fdkr\u00e1t sa tu dali kryt\u00e9 lavi\u010dky pre n\u00e1hradn\u00edkov a tr\u00e9nerov, prv\u00fd s dreven\u00fdmi lavicami pre fan\u00fa\u0161ikov, prv\u00fd s trojitou trib\u00fanou a s dvojit\u00fdmi trib\u00fanami zo v\u0161etk\u00fdch str\u00e1n at\u010f. Je tam rozsypan\u00fd popol Dixie Deana, s\u00fa tam pochovan\u00e9 tis\u00edce Evertonians.<\/p>\n<p>V neposlednom rade, Goodison bol s\u00fa\u010das\u0165ou m\u00f4jho \u017eivota od mojich 16-tich. Aj v \u0165a\u017ek\u00fdch chv\u00ed\u013each, ke\u010f bola moja mama chor\u00e1 na nevylie\u010dite\u013en\u00fa chorobu, aj ke\u010f som pozeral z\u00e1pasy s mojimi novonaroden\u00fdmi de\u0165mi, kol\u00edsaj\u00fac ich v perinke. A osobitn\u00e9 z\u00e1\u017eitky som mal, ke\u010f som bol osobne na \u0148om na z\u00e1pase, prv\u00fdkr\u00e1t v auguste 2006 na z\u00e1pas s Watfordom.Vtedy hviezdil Andy Johnson. Alebo na jednom z najlep\u0161\u00edch derby poslednej doby v roku 2013, ktor\u00e9 skon\u010dilo 3:3 a hviezdil Lukaku.<\/p>\n<h4><em>duch.abum:<\/em><\/h4>\n<p>Na Goodison Parku som bol dvakr\u00e1t. Ten hor\u0161\u00ed pr\u00edpad bol posledn\u00fd z\u00e1pas sez\u00f3ny 2014\/2015, EFC &#8211; Spurs 0:1. N\u00e1m u\u017e o ni\u010d ne\u0161lo, ale Spurs mohli presko\u010di\u0165 v tabu\u013eke LFC. Atmosf\u00e9ra slab\u00e1, najsilnej\u0161\u00ed ohlas na trib\u00fanach nastal, ke\u010f hl\u00e1sate\u013e ozn\u00e1mil, \u017ee Liverpool v s\u00fabe\u017enom z\u00e1pase prehr\u00e1va. Na\u0161\u0165astie som za\u017eil aj opa\u010dn\u00fd z\u00e1\u017eitok. Dom\u00e1ci z\u00e1pas ligy UEFA proti Wolfsburgu 4:1. Sedel som na bo\u010dnej trib\u00fane v spodn\u00fdch radoch p\u00e1r metrov od ihriska. Najviac mi utkvel druh\u00fd g\u00f3l, pri ktorom nahr\u00e1val Baines Colemanovi. V \u0161estn\u00e1stke. \u013dav\u00fd bek prav\u00e9mu. Kedy naposledy ste videli v EFC, \u017ee by sa krajn\u00ed bekovia v\u00f4bec stretli vo v\u00e1pne? Tento z\u00e1pas mal v\u0161etko, \u010do m\u00f4\u017eete chcie\u0165. Hral aj Lukaku, Howard, striedal Osman. Po\u010dkajte, usu\u0161\u00edm slzu, aby som videl na monitor&#8230;<\/p>\n<p>Ver\u00edm, \u017ee atmosf\u00e9ra bude skvel\u00e1 aj v Bramley-Moore. Ale u\u017e nikdy neza\u017eijete pred z\u00e1pasom t\u00fa modr\u00fa em\u00f3ciu v pri\u013eahl\u00fdch uli\u010dk\u00e1ch s typick\u00fdmi radov\u00fdmi domami. Za to slzu ron\u00edm a nehanb\u00edm sa za to.<\/p>\n<p style=\"text-align: right;\"><span style=\"font-size: 8pt;\">(fotozdroj: Everton FC)<\/span><\/p>\n","protected":false},"excerpt":{"rendered":"<p>Grand Oldy Lady bude nav\u017edy v n\u00e1s \u2014 je to kus domova, kus identity. Toto s\u00fa na\u0161e spomienky, odkazy a tich\u00e9 rozl\u00fa\u010dky s miestom, kde Everton \u017eil najhlasnej\u0161ie.<\/p>\n","protected":false},"author":1,"featured_media":26791,"comment_status":"open","ping_status":"closed","sticky":false,"template":"","format":"standard","meta":{"_eb_attr":"","_monsterinsights_skip_tracking":false,"_monsterinsights_sitenote_active":false,"_monsterinsights_sitenote_note":"","_monsterinsights_sitenote_category":0,"footnotes":""},"categories":[39],"tags":[],"yoast_head":"<!-- This site is optimized with the Yoast SEO plugin v23.4 - https:\/\/yoast.com\/wordpress\/plugins\/seo\/ -->\n<title>Spomienky na Goodison Park - Official Czech &amp; Slovak Everton Supporters&#039; Club<\/title>\n<meta name=\"robots\" content=\"index, follow, max-snippet:-1, max-image-preview:large, max-video-preview:-1\" \/>\n<link rel=\"canonical\" href=\"https:\/\/evertonfc.cz\/index.php\/2025\/05\/24\/spomienky-na-goodison-park\/\" \/>\n<meta property=\"og:locale\" content=\"cs_CZ\" \/>\n<meta property=\"og:type\" content=\"article\" \/>\n<meta property=\"og:title\" content=\"Spomienky na Goodison Park - Official Czech &amp; Slovak Everton Supporters&#039; Club\" \/>\n<meta property=\"og:description\" content=\"Grand Oldy Lady bude nav\u017edy v n\u00e1s \u2014 je to kus domova, kus identity. Toto s\u00fa na\u0161e spomienky, odkazy a tich\u00e9 rozl\u00fa\u010dky s miestom, kde Everton \u017eil najhlasnej\u0161ie.\" \/>\n<meta property=\"og:url\" content=\"https:\/\/evertonfc.cz\/index.php\/2025\/05\/24\/spomienky-na-goodison-park\/\" \/>\n<meta property=\"og:site_name\" content=\"Official Czech &amp; Slovak Everton Supporters&#039; Club\" \/>\n<meta property=\"article:publisher\" content=\"https:\/\/www.facebook.com\/everton.fans.cz.sk\" \/>\n<meta property=\"article:published_time\" content=\"2025-05-24T08:42:59+00:00\" \/>\n<meta property=\"article:modified_time\" content=\"2025-05-26T08:07:06+00:00\" \/>\n<meta property=\"og:image\" content=\"https:\/\/evertonfc.cz\/wp-content\/uploads\/2025\/05\/Everton-Southampton-Farewwell-18-5-2025.jpg\" \/>\n\t<meta property=\"og:image:width\" content=\"720\" \/>\n\t<meta property=\"og:image:height\" content=\"405\" \/>\n\t<meta property=\"og:image:type\" content=\"image\/jpeg\" \/>\n<meta name=\"author\" content=\"BlueBlooded\" \/>\n<meta name=\"twitter:card\" content=\"summary_large_image\" \/>\n<meta name=\"twitter:label1\" content=\"Napsal(a)\" \/>\n\t<meta name=\"twitter:data1\" content=\"BlueBlooded\" \/>\n\t<meta name=\"twitter:label2\" content=\"Odhadovan\u00e1 doba \u010dten\u00ed\" \/>\n\t<meta name=\"twitter:data2\" content=\"12 minut\" \/>\n<script type=\"application\/ld+json\" class=\"yoast-schema-graph\">{\"@context\":\"https:\/\/schema.org\",\"@graph\":[{\"@type\":\"Article\",\"@id\":\"https:\/\/evertonfc.cz\/index.php\/2025\/05\/24\/spomienky-na-goodison-park\/#article\",\"isPartOf\":{\"@id\":\"https:\/\/evertonfc.cz\/index.php\/2025\/05\/24\/spomienky-na-goodison-park\/\"},\"author\":{\"name\":\"BlueBlooded\",\"@id\":\"https:\/\/evertonfc.cz\/#\/schema\/person\/d4493b8cbea51532597fbc4685698916\"},\"headline\":\"Spomienky na Goodison Park\",\"datePublished\":\"2025-05-24T08:42:59+00:00\",\"dateModified\":\"2025-05-26T08:07:06+00:00\",\"mainEntityOfPage\":{\"@id\":\"https:\/\/evertonfc.cz\/index.php\/2025\/05\/24\/spomienky-na-goodison-park\/\"},\"wordCount\":2768,\"commentCount\":0,\"publisher\":{\"@id\":\"https:\/\/evertonfc.cz\/#organization\"},\"image\":{\"@id\":\"https:\/\/evertonfc.cz\/index.php\/2025\/05\/24\/spomienky-na-goodison-park\/#primaryimage\"},\"thumbnailUrl\":\"https:\/\/evertonfc.cz\/wp-content\/uploads\/2025\/05\/Everton-Southampton-Farewwell-18-5-2025.jpg\",\"articleSection\":[\"Blog\"],\"inLanguage\":\"cs\",\"potentialAction\":[{\"@type\":\"CommentAction\",\"name\":\"Comment\",\"target\":[\"https:\/\/evertonfc.cz\/index.php\/2025\/05\/24\/spomienky-na-goodison-park\/#respond\"]}]},{\"@type\":\"WebPage\",\"@id\":\"https:\/\/evertonfc.cz\/index.php\/2025\/05\/24\/spomienky-na-goodison-park\/\",\"url\":\"https:\/\/evertonfc.cz\/index.php\/2025\/05\/24\/spomienky-na-goodison-park\/\",\"name\":\"Spomienky na Goodison Park - Official Czech &amp; Slovak Everton Supporters&#039; Club\",\"isPartOf\":{\"@id\":\"https:\/\/evertonfc.cz\/#website\"},\"primaryImageOfPage\":{\"@id\":\"https:\/\/evertonfc.cz\/index.php\/2025\/05\/24\/spomienky-na-goodison-park\/#primaryimage\"},\"image\":{\"@id\":\"https:\/\/evertonfc.cz\/index.php\/2025\/05\/24\/spomienky-na-goodison-park\/#primaryimage\"},\"thumbnailUrl\":\"https:\/\/evertonfc.cz\/wp-content\/uploads\/2025\/05\/Everton-Southampton-Farewwell-18-5-2025.jpg\",\"datePublished\":\"2025-05-24T08:42:59+00:00\",\"dateModified\":\"2025-05-26T08:07:06+00:00\",\"breadcrumb\":{\"@id\":\"https:\/\/evertonfc.cz\/index.php\/2025\/05\/24\/spomienky-na-goodison-park\/#breadcrumb\"},\"inLanguage\":\"cs\",\"potentialAction\":[{\"@type\":\"ReadAction\",\"target\":[\"https:\/\/evertonfc.cz\/index.php\/2025\/05\/24\/spomienky-na-goodison-park\/\"]}]},{\"@type\":\"ImageObject\",\"inLanguage\":\"cs\",\"@id\":\"https:\/\/evertonfc.cz\/index.php\/2025\/05\/24\/spomienky-na-goodison-park\/#primaryimage\",\"url\":\"https:\/\/evertonfc.cz\/wp-content\/uploads\/2025\/05\/Everton-Southampton-Farewwell-18-5-2025.jpg\",\"contentUrl\":\"https:\/\/evertonfc.cz\/wp-content\/uploads\/2025\/05\/Everton-Southampton-Farewwell-18-5-2025.jpg\",\"width\":720,\"height\":405},{\"@type\":\"BreadcrumbList\",\"@id\":\"https:\/\/evertonfc.cz\/index.php\/2025\/05\/24\/spomienky-na-goodison-park\/#breadcrumb\",\"itemListElement\":[{\"@type\":\"ListItem\",\"position\":1,\"name\":\"Home\",\"item\":\"https:\/\/evertonfc.cz\/\"},{\"@type\":\"ListItem\",\"position\":2,\"name\":\"Spomienky na Goodison Park\"}]},{\"@type\":\"WebSite\",\"@id\":\"https:\/\/evertonfc.cz\/#website\",\"url\":\"https:\/\/evertonfc.cz\/\",\"name\":\"Official Czech &amp; Slovak Everton Supporters&#039; Club\",\"description\":\"\",\"publisher\":{\"@id\":\"https:\/\/evertonfc.cz\/#organization\"},\"potentialAction\":[{\"@type\":\"SearchAction\",\"target\":{\"@type\":\"EntryPoint\",\"urlTemplate\":\"https:\/\/evertonfc.cz\/?s={search_term_string}\"},\"query-input\":{\"@type\":\"PropertyValueSpecification\",\"valueRequired\":true,\"valueName\":\"search_term_string\"}}],\"inLanguage\":\"cs\"},{\"@type\":\"Organization\",\"@id\":\"https:\/\/evertonfc.cz\/#organization\",\"name\":\"Official Czech & Slovak Everton Supporters' Club\",\"url\":\"https:\/\/evertonfc.cz\/\",\"logo\":{\"@type\":\"ImageObject\",\"inLanguage\":\"cs\",\"@id\":\"https:\/\/evertonfc.cz\/#\/schema\/logo\/image\/\",\"url\":\"https:\/\/evertonfc.cz\/wp-content\/uploads\/2019\/05\/logo.png\",\"contentUrl\":\"https:\/\/evertonfc.cz\/wp-content\/uploads\/2019\/05\/logo.png\",\"width\":112,\"height\":112,\"caption\":\"Official Czech & Slovak Everton Supporters' Club\"},\"image\":{\"@id\":\"https:\/\/evertonfc.cz\/#\/schema\/logo\/image\/\"},\"sameAs\":[\"https:\/\/www.facebook.com\/everton.fans.cz.sk\"]},{\"@type\":\"Person\",\"@id\":\"https:\/\/evertonfc.cz\/#\/schema\/person\/d4493b8cbea51532597fbc4685698916\",\"name\":\"BlueBlooded\",\"url\":\"https:\/\/evertonfc.cz\/index.php\/author\/admin\/\"}]}<\/script>\n<!-- \/ Yoast SEO plugin. -->","yoast_head_json":{"title":"Spomienky na Goodison Park - Official Czech &amp; Slovak Everton Supporters&#039; Club","robots":{"index":"index","follow":"follow","max-snippet":"max-snippet:-1","max-image-preview":"max-image-preview:large","max-video-preview":"max-video-preview:-1"},"canonical":"https:\/\/evertonfc.cz\/index.php\/2025\/05\/24\/spomienky-na-goodison-park\/","og_locale":"cs_CZ","og_type":"article","og_title":"Spomienky na Goodison Park - Official Czech &amp; Slovak Everton Supporters&#039; Club","og_description":"Grand Oldy Lady bude nav\u017edy v n\u00e1s \u2014 je to kus domova, kus identity. Toto s\u00fa na\u0161e spomienky, odkazy a tich\u00e9 rozl\u00fa\u010dky s miestom, kde Everton \u017eil najhlasnej\u0161ie.","og_url":"https:\/\/evertonfc.cz\/index.php\/2025\/05\/24\/spomienky-na-goodison-park\/","og_site_name":"Official Czech &amp; Slovak Everton Supporters&#039; Club","article_publisher":"https:\/\/www.facebook.com\/everton.fans.cz.sk","article_published_time":"2025-05-24T08:42:59+00:00","article_modified_time":"2025-05-26T08:07:06+00:00","og_image":[{"width":720,"height":405,"url":"https:\/\/evertonfc.cz\/wp-content\/uploads\/2025\/05\/Everton-Southampton-Farewwell-18-5-2025.jpg","type":"image\/jpeg"}],"author":"BlueBlooded","twitter_card":"summary_large_image","twitter_misc":{"Napsal(a)":"BlueBlooded","Odhadovan\u00e1 doba \u010dten\u00ed":"12 minut"},"schema":{"@context":"https:\/\/schema.org","@graph":[{"@type":"Article","@id":"https:\/\/evertonfc.cz\/index.php\/2025\/05\/24\/spomienky-na-goodison-park\/#article","isPartOf":{"@id":"https:\/\/evertonfc.cz\/index.php\/2025\/05\/24\/spomienky-na-goodison-park\/"},"author":{"name":"BlueBlooded","@id":"https:\/\/evertonfc.cz\/#\/schema\/person\/d4493b8cbea51532597fbc4685698916"},"headline":"Spomienky na Goodison Park","datePublished":"2025-05-24T08:42:59+00:00","dateModified":"2025-05-26T08:07:06+00:00","mainEntityOfPage":{"@id":"https:\/\/evertonfc.cz\/index.php\/2025\/05\/24\/spomienky-na-goodison-park\/"},"wordCount":2768,"commentCount":0,"publisher":{"@id":"https:\/\/evertonfc.cz\/#organization"},"image":{"@id":"https:\/\/evertonfc.cz\/index.php\/2025\/05\/24\/spomienky-na-goodison-park\/#primaryimage"},"thumbnailUrl":"https:\/\/evertonfc.cz\/wp-content\/uploads\/2025\/05\/Everton-Southampton-Farewwell-18-5-2025.jpg","articleSection":["Blog"],"inLanguage":"cs","potentialAction":[{"@type":"CommentAction","name":"Comment","target":["https:\/\/evertonfc.cz\/index.php\/2025\/05\/24\/spomienky-na-goodison-park\/#respond"]}]},{"@type":"WebPage","@id":"https:\/\/evertonfc.cz\/index.php\/2025\/05\/24\/spomienky-na-goodison-park\/","url":"https:\/\/evertonfc.cz\/index.php\/2025\/05\/24\/spomienky-na-goodison-park\/","name":"Spomienky na Goodison Park - Official Czech &amp; Slovak Everton Supporters&#039; Club","isPartOf":{"@id":"https:\/\/evertonfc.cz\/#website"},"primaryImageOfPage":{"@id":"https:\/\/evertonfc.cz\/index.php\/2025\/05\/24\/spomienky-na-goodison-park\/#primaryimage"},"image":{"@id":"https:\/\/evertonfc.cz\/index.php\/2025\/05\/24\/spomienky-na-goodison-park\/#primaryimage"},"thumbnailUrl":"https:\/\/evertonfc.cz\/wp-content\/uploads\/2025\/05\/Everton-Southampton-Farewwell-18-5-2025.jpg","datePublished":"2025-05-24T08:42:59+00:00","dateModified":"2025-05-26T08:07:06+00:00","breadcrumb":{"@id":"https:\/\/evertonfc.cz\/index.php\/2025\/05\/24\/spomienky-na-goodison-park\/#breadcrumb"},"inLanguage":"cs","potentialAction":[{"@type":"ReadAction","target":["https:\/\/evertonfc.cz\/index.php\/2025\/05\/24\/spomienky-na-goodison-park\/"]}]},{"@type":"ImageObject","inLanguage":"cs","@id":"https:\/\/evertonfc.cz\/index.php\/2025\/05\/24\/spomienky-na-goodison-park\/#primaryimage","url":"https:\/\/evertonfc.cz\/wp-content\/uploads\/2025\/05\/Everton-Southampton-Farewwell-18-5-2025.jpg","contentUrl":"https:\/\/evertonfc.cz\/wp-content\/uploads\/2025\/05\/Everton-Southampton-Farewwell-18-5-2025.jpg","width":720,"height":405},{"@type":"BreadcrumbList","@id":"https:\/\/evertonfc.cz\/index.php\/2025\/05\/24\/spomienky-na-goodison-park\/#breadcrumb","itemListElement":[{"@type":"ListItem","position":1,"name":"Home","item":"https:\/\/evertonfc.cz\/"},{"@type":"ListItem","position":2,"name":"Spomienky na Goodison Park"}]},{"@type":"WebSite","@id":"https:\/\/evertonfc.cz\/#website","url":"https:\/\/evertonfc.cz\/","name":"Official Czech &amp; Slovak Everton Supporters&#039; Club","description":"","publisher":{"@id":"https:\/\/evertonfc.cz\/#organization"},"potentialAction":[{"@type":"SearchAction","target":{"@type":"EntryPoint","urlTemplate":"https:\/\/evertonfc.cz\/?s={search_term_string}"},"query-input":{"@type":"PropertyValueSpecification","valueRequired":true,"valueName":"search_term_string"}}],"inLanguage":"cs"},{"@type":"Organization","@id":"https:\/\/evertonfc.cz\/#organization","name":"Official Czech & Slovak Everton Supporters' Club","url":"https:\/\/evertonfc.cz\/","logo":{"@type":"ImageObject","inLanguage":"cs","@id":"https:\/\/evertonfc.cz\/#\/schema\/logo\/image\/","url":"https:\/\/evertonfc.cz\/wp-content\/uploads\/2019\/05\/logo.png","contentUrl":"https:\/\/evertonfc.cz\/wp-content\/uploads\/2019\/05\/logo.png","width":112,"height":112,"caption":"Official Czech & Slovak Everton Supporters' Club"},"image":{"@id":"https:\/\/evertonfc.cz\/#\/schema\/logo\/image\/"},"sameAs":["https:\/\/www.facebook.com\/everton.fans.cz.sk"]},{"@type":"Person","@id":"https:\/\/evertonfc.cz\/#\/schema\/person\/d4493b8cbea51532597fbc4685698916","name":"BlueBlooded","url":"https:\/\/evertonfc.cz\/index.php\/author\/admin\/"}]}},"_links":{"self":[{"href":"https:\/\/evertonfc.cz\/index.php\/wp-json\/wp\/v2\/posts\/26779"}],"collection":[{"href":"https:\/\/evertonfc.cz\/index.php\/wp-json\/wp\/v2\/posts"}],"about":[{"href":"https:\/\/evertonfc.cz\/index.php\/wp-json\/wp\/v2\/types\/post"}],"author":[{"embeddable":true,"href":"https:\/\/evertonfc.cz\/index.php\/wp-json\/wp\/v2\/users\/1"}],"replies":[{"embeddable":true,"href":"https:\/\/evertonfc.cz\/index.php\/wp-json\/wp\/v2\/comments?post=26779"}],"version-history":[{"count":11,"href":"https:\/\/evertonfc.cz\/index.php\/wp-json\/wp\/v2\/posts\/26779\/revisions"}],"predecessor-version":[{"id":26794,"href":"https:\/\/evertonfc.cz\/index.php\/wp-json\/wp\/v2\/posts\/26779\/revisions\/26794"}],"wp:featuredmedia":[{"embeddable":true,"href":"https:\/\/evertonfc.cz\/index.php\/wp-json\/wp\/v2\/media\/26791"}],"wp:attachment":[{"href":"https:\/\/evertonfc.cz\/index.php\/wp-json\/wp\/v2\/media?parent=26779"}],"wp:term":[{"taxonomy":"category","embeddable":true,"href":"https:\/\/evertonfc.cz\/index.php\/wp-json\/wp\/v2\/categories?post=26779"},{"taxonomy":"post_tag","embeddable":true,"href":"https:\/\/evertonfc.cz\/index.php\/wp-json\/wp\/v2\/tags?post=26779"}],"curies":[{"name":"wp","href":"https:\/\/api.w.org\/{rel}","templated":true}]}}