{"id":26789,"date":"2025-05-24T12:06:25","date_gmt":"2025-05-24T10:06:25","guid":{"rendered":"https:\/\/evertonfc.cz\/?p=26789"},"modified":"2025-05-24T20:41:52","modified_gmt":"2025-05-24T18:41:52","slug":"navstevnost-wsl-24-25","status":"publish","type":"post","link":"https:\/\/evertonfc.cz\/index.php\/2025\/05\/24\/navstevnost-wsl-24-25\/","title":{"rendered":"N\u00e1v\u0161t\u011bvnost WSL 24\/25 &#8211; hra \u010d\u00edsel m\u00e1miv\u00e1"},"content":{"rendered":"<h4>Goodison Park se rozlou\u010dil s mu\u017esk\u00fdm t\u00fdmem a od nov\u00e9 sez\u00f3ny se stane domovem na\u0161ich fotbalistek. Kone\u010dn\u011b tak budou z\u00e1pasy \u017eensk\u00e9ho t\u00fdmu p\u0159\u00edstupn\u011b opravdu velk\u00e9mu po\u010dtu div\u00e1k\u016f. Ale kolik lid\u00ed vlastn\u011b na stadi\u00f3ny WSL chod\u00ed?<\/h4>\n<p>Na ot\u00e1zku z \u00favodu lze pom\u011brn\u011b lakonicky odpov\u011bd\u011bt: m\u00e1lo. V pr\u00e1v\u011b skon\u010den\u00e9 sez\u00f3n\u011b 2024\/2025 byla pr\u016fm\u011brn\u00e1 n\u00e1v\u0161t\u011bvnost z\u00e1pasu Premier League 40 408 div\u00e1k\u016f. V p\u0159\u00edpad\u011b WSL \u0161lo o 6 814 div\u00e1k\u016f (co\u017e je prakticky identick\u00e9 s n\u00e1v\u0161t\u011bvnost\u00ed \u010desk\u00e9 prvn\u00ed ligy mu\u017esk\u00e9ho fotbalu, kter\u00e1 byla v pr\u016fm\u011bru 6 521 du\u0161\u00ed). Pokud se pod\u00edv\u00e1me na \u010d\u00edsla z WSL bl\u00ed\u017ee, je z\u0159ejm\u00e9, \u017ee n\u00e1v\u0161t\u011bvnost byla rozlo\u017eena velmi nerovnom\u011brn\u011b s nejvy\u0161\u0161\u00edm pr\u016fm\u011brem z\u00e1pas\u016f Arsenalu, kter\u00fd byl 19 156 lid\u00ed a nejmen\u0161\u00ed pr\u016fm\u011brnou\u00a0 n\u00e1v\u0161t\u011bvnost\u00ed 2 102 div\u00e1k\u016f, kter\u00e1 pat\u0159\u00ed Eagles (Everton je na 9. m\u00edst\u011b s 3 722 div\u00e1ky. Na polovinu dom\u00e1c\u00edch z\u00e1pas\u016f Toffees p\u0159i\u0161lo ov\u0161em m\u00e9n\u011b ne\u017e 1000 fanou\u0161k\u016f).<\/p>\n<p>Na druh\u00e9m m\u00edst\u011b v \u017eeb\u0159\u00ed\u010dku n\u00e1v\u0161t\u011bvnosti je MUTD s\u00a0 9 150 div\u00e1k\u016f, tedy rozd\u00edl oproti Arsenalu o jednu p\u0159\u00ed\u010dku v\u00fd\u0161 je v\u00edce ne\u017e dvojn\u00e1sobn\u00fd. Chelsea letos z\u00edskala tripple a mu\u017esk\u00fd t\u00fdm posouval term\u00edny n\u011bkter\u00fdch sv\u00fdch z\u00e1pas\u016f, aby tyto nekolidovaly se z\u00e1pasy \u017een. P\u0159esto byla pr\u016fm\u011brn\u00e1 n\u00e1v\u0161t\u011bvnost z\u00e1pas\u016f Blues 9 082 lid\u00ed. Arsenal tak\u00e9 dr\u017e\u00ed leto\u0161n\u00ed rekord v maxim\u00e1ln\u00edm po\u010dtu div\u00e1k\u016f, kdy jeho \u00fanorov\u00fd dom\u00e1c\u00ed z\u00e1pas se Spurs sledovalo na stadi\u00f3nu 56 784 fanou\u0161k\u016f (sk\u00f3re nakonec bylo 5:0).<\/p>\n<p>Arsenal pat\u0159\u00ed dlouhodob\u011b mezi t\u00fdmy, kter\u00fd na sv\u00e9 z\u00e1pasy p\u0159il\u00e1k\u00e1 nejv\u00edce div\u00e1k\u016f. Dr\u017e\u00ed i historick\u00fd rekord s 60 160 div\u00e1ky z \u00fanora 2024, kdy hostil Manchester United (3:1). Na opa\u010dn\u00e9m konci je tak\u00e9 rekordn\u00edch 105 div\u00e1k\u016f z dubna 2012, kdy do Liverpoolu zav\u00edtala Bristol Academy (1:4). Pr\u016fm\u011brn\u00e1 n\u00e1v\u0161t\u011bvnost z\u00e1pas\u016f WSL se sice v\u00fdrazn\u011b, ale n\u00e1razov\u011b zvedla po v\u00edt\u011bzstv\u00ed Lionesses na Euru 2022. Od t\u00e9 doby v\u0161ak setrvale kles\u00e1.<\/p>\n<p>Mohlo by se zd\u00e1t, \u017ee p\u0159\u00ed\u010dinu mohou b\u00fdt i mr\u0148av\u00e9 stadiony, na kter\u00fdch se z\u00e1pasy WSL hraj\u00ed.\u00a0Nap\u0159\u00edklad takov\u00fd Walton Hall Park m\u00e1 kapacitu 2 200 div\u00e1k\u016f, z toho 500 sed\u00edc\u00edch. To je srovnateln\u00e9 se stadionem FC Hlu\u010d\u00edn s 2 380 m\u00edsty. Nicm\u00e9n\u011b ani z\u00e1pasy \u017een Aston Villy a Leicesteru, kter\u00e9 hraj\u00ed dom\u00e1c\u00ed z\u00e1pasy v\u00fdhradn\u011b na stadi\u00f3nech sv\u00fdch mu\u017esk\u00fdch prot\u011bj\u0161k\u016f nevynikaj\u00ed vysokou n\u00e1v\u0161t\u011bvnost\u00ed (Villans doma pr\u016fm\u011brn\u011b 3 420, Foxes 2 827 p\u0159ihl\u00ed\u017eej\u00edc\u00edch).<\/p>\n<p>P\u0159edpokl\u00e1d\u00e1 se, \u017ee p\u0159\u00edpadn\u00fd \u00fasp\u011bch reprezentantek Albionu na letn\u00edm Euru by z\u00e1jem o WSL mohl op\u011bt zvednout. Zda to tak opravdu bude je ov\u0161em nejist\u00e9. V ka\u017ed\u00e9m p\u0159\u00edpad\u011b my pokra\u010dujeme na Goodison Park. V\u011b\u0159me, \u017ee div\u00e1ci nedostanou v ochozech Grand Old Lady mezi 39 572 sedadly separa\u010dn\u00ed \u00fazkost. <span style=\"color: #0000ff;\"><strong>COYBG!<\/strong><\/span><\/p>\n<p>Pro celkov\u00fd p\u0159ehled p\u0159ikl\u00e1d\u00e1m tabulku. P\u0159esn\u00e9 \u00fadaje se dle r\u016fzn\u00fdch zdroj\u016f li\u0161\u00ed, ale v \u0159\u00e1dech souhlas\u00ed a poskytuj\u00ed v\u00edcem\u00e9n\u011b shodn\u00fd celkov\u00fd obraz.<\/p>\n<table style=\"border-collapse: collapse; width: 100.19%; height: 487px;\">\n<tbody>\n<tr style=\"height: 41px;\">\n<td style=\"width: 25%; height: 41px;\"><strong>T\u00fdm<\/strong><\/td>\n<td style=\"width: 30.1073%; height: 41px;\"><strong>Pr\u016fm\u011brn\u00e1 n\u00e1v\u0161t\u011bvnost<\/strong><\/td>\n<td style=\"width: 21.0269%; height: 41px;\"><strong>Dom\u00e1c\u00ed z\u00e1pasy<\/strong><\/td>\n<td style=\"width: 25.0108%; height: 41px;\"><strong>Venkovn\u00ed z\u00e1pasy<\/strong><\/td>\n<\/tr>\n<tr style=\"height: 41px;\">\n<td style=\"width: 25%; height: 41px;\">Arsenal<\/td>\n<td style=\"width: 30.1073%; height: 41px;\">19 156<\/td>\n<td style=\"width: 21.0269%; height: 41px;\">28 808<\/td>\n<td style=\"width: 25.0108%; height: 41px;\">9 504<\/td>\n<\/tr>\n<tr style=\"height: 41px;\">\n<td style=\"width: 25%; height: 41px;\">MUTD<\/td>\n<td style=\"width: 30.1073%; height: 41px;\">9 150<\/td>\n<td style=\"width: 21.0269%; height: 41px;\">7 390<\/td>\n<td style=\"width: 25.0108%; height: 41px;\">10 910<\/td>\n<\/tr>\n<tr style=\"height: 41px;\">\n<td style=\"width: 25%; height: 41px;\">Chelsea<\/td>\n<td style=\"width: 30.1073%; height: 41px;\">9 082<\/td>\n<td style=\"width: 21.0269%; height: 41px;\">9 373<\/td>\n<td style=\"width: 25.0108%; height: 41px;\">8 792<\/td>\n<\/tr>\n<tr style=\"height: 41px;\">\n<td style=\"width: 25%; height: 41px;\">MCFC<\/td>\n<td style=\"width: 30.1073%; height: 41px;\">9 001<\/td>\n<td style=\"width: 21.0269%; height: 41px;\">6 536<\/td>\n<td style=\"width: 25.0108%; height: 41px;\">11 465<\/td>\n<\/tr>\n<tr style=\"height: 41px;\">\n<td style=\"width: 25%; height: 41px;\">LFC<\/td>\n<td style=\"width: 30.1073%; height: 41px;\">7 523<\/td>\n<td style=\"width: 21.0269%; height: 41px;\">6 753<\/td>\n<td style=\"width: 25.0108%; height: 41px;\">8 292<\/td>\n<\/tr>\n<tr style=\"height: 41px;\">\n<td style=\"width: 25%; height: 41px;\">Tottenham<\/td>\n<td style=\"width: 30.1073%; height: 41px;\">6 758<\/td>\n<td style=\"width: 21.0269%; height: 41px;\">5 338<\/td>\n<td style=\"width: 25.0108%; height: 41px;\">8 177<\/td>\n<\/tr>\n<tr style=\"height: 41px;\">\n<td style=\"width: 25%; height: 41px;\">Aston Villa<\/td>\n<td style=\"width: 30.1073%; height: 41px;\">4 159<\/td>\n<td style=\"width: 21.0269%; height: 41px;\">3 420<\/td>\n<td style=\"width: 25.0108%; height: 41px;\">4 897<\/td>\n<\/tr>\n<tr style=\"height: 41px;\">\n<td style=\"width: 25%; height: 41px;\">BHA<\/td>\n<td style=\"width: 30.1073%; height: 41px;\">3 787<\/td>\n<td style=\"width: 21.0269%; height: 41px;\">3 647<\/td>\n<td style=\"width: 25.0108%; height: 41px;\">3 928<\/td>\n<\/tr>\n<tr style=\"height: 41px;\">\n<td style=\"width: 25%; height: 41px;\">Everton<\/td>\n<td style=\"width: 30.1073%; height: 41px;\">3 722<\/td>\n<td style=\"width: 21.0269%; height: 41px;\">1 956<\/td>\n<td style=\"width: 25.0108%; height: 41px;\">5 488<\/td>\n<\/tr>\n<tr style=\"height: 41px;\">\n<td style=\"width: 25%; height: 41px;\">Leicester<\/td>\n<td style=\"width: 30.1073%; height: 41px;\">2 680<\/td>\n<td style=\"width: 21.0269%; height: 41px;\">2 827<\/td>\n<td style=\"width: 25.0108%; height: 41px;\">2 533<\/td>\n<\/tr>\n<tr style=\"height: 16px;\">\n<td style=\"width: 25%; height: 16px;\">West Ham<\/td>\n<td style=\"width: 30.1073%; height: 16px;\">2 547<\/td>\n<td style=\"width: 21.0269%; height: 16px;\">1 838<\/td>\n<td style=\"width: 25.0108%; height: 16px;\">3 256<\/td>\n<\/tr>\n<tr style=\"height: 20px;\">\n<td style=\"width: 25%; height: 20px;\">Crystal Palace<\/td>\n<td style=\"width: 30.1073%; height: 20px;\">2 102<\/td>\n<td style=\"width: 21.0269%; height: 20px;\">1 779<\/td>\n<td style=\"width: 25.0108%; height: 20px;\">2 424<\/td>\n<\/tr>\n<\/tbody>\n<\/table>\n<p style=\"text-align: right;\"><span style=\"font-size: 8pt;\"><em>Zdroje: BBC, Wikipedia, worldfootball.net, footballwebpages.co.uk, fotografie: BBC<\/em><\/span><\/p>\n","protected":false},"excerpt":{"rendered":"<p>Goodison Park se rozlou\u010dil s mu\u017esk\u00fdm t\u00fdmem a od nov\u00e9 sez\u00f3ny se stane domovem na\u0161ich fotbalistek. Kone\u010dn\u011b tak budou z\u00e1pasy \u017eensk\u00e9ho t\u00fdmu p\u0159\u00edstupn\u011b opravdu velk\u00e9mu po\u010dtu div\u00e1k\u016f. Ale kolik lid\u00ed vlastn\u011b na stadi\u00f3ny WSL chod\u00ed?<\/p>\n","protected":false},"author":26,"featured_media":26799,"comment_status":"open","ping_status":"closed","sticky":false,"template":"","format":"standard","meta":{"_eb_attr":"","_monsterinsights_skip_tracking":false,"_monsterinsights_sitenote_active":false,"_monsterinsights_sitenote_note":"","_monsterinsights_sitenote_category":0,"footnotes":""},"categories":[110],"tags":[],"yoast_head":"<!-- This site is optimized with the Yoast SEO plugin v23.4 - https:\/\/yoast.com\/wordpress\/plugins\/seo\/ -->\n<title>N\u00e1v\u0161t\u011bvnost WSL 24\/25 - hra \u010d\u00edsel m\u00e1miv\u00e1 - Official Czech &amp; Slovak Everton Supporters&#039; Club<\/title>\n<meta name=\"robots\" content=\"index, follow, max-snippet:-1, max-image-preview:large, max-video-preview:-1\" \/>\n<link rel=\"canonical\" href=\"https:\/\/evertonfc.cz\/index.php\/2025\/05\/24\/navstevnost-wsl-24-25\/\" \/>\n<meta property=\"og:locale\" content=\"cs_CZ\" \/>\n<meta property=\"og:type\" content=\"article\" \/>\n<meta property=\"og:title\" content=\"N\u00e1v\u0161t\u011bvnost WSL 24\/25 - hra \u010d\u00edsel m\u00e1miv\u00e1 - Official Czech &amp; Slovak Everton Supporters&#039; Club\" \/>\n<meta property=\"og:description\" content=\"Goodison Park se rozlou\u010dil s mu\u017esk\u00fdm t\u00fdmem a od nov\u00e9 sez\u00f3ny se stane domovem na\u0161ich fotbalistek. Kone\u010dn\u011b tak budou z\u00e1pasy \u017eensk\u00e9ho t\u00fdmu p\u0159\u00edstupn\u011b opravdu velk\u00e9mu po\u010dtu div\u00e1k\u016f. Ale kolik lid\u00ed vlastn\u011b na stadi\u00f3ny WSL chod\u00ed?\" \/>\n<meta property=\"og:url\" content=\"https:\/\/evertonfc.cz\/index.php\/2025\/05\/24\/navstevnost-wsl-24-25\/\" \/>\n<meta property=\"og:site_name\" content=\"Official Czech &amp; Slovak Everton Supporters&#039; Club\" \/>\n<meta property=\"article:publisher\" content=\"https:\/\/www.facebook.com\/everton.fans.cz.sk\" \/>\n<meta property=\"article:published_time\" content=\"2025-05-24T10:06:25+00:00\" \/>\n<meta property=\"article:modified_time\" content=\"2025-05-24T18:41:52+00:00\" \/>\n<meta property=\"og:image\" content=\"https:\/\/evertonfc.cz\/wp-content\/uploads\/2025\/05\/Everton-fan-web-24_05_2025.jpg\" \/>\n\t<meta property=\"og:image:width\" content=\"720\" \/>\n\t<meta property=\"og:image:height\" content=\"405\" \/>\n\t<meta property=\"og:image:type\" content=\"image\/jpeg\" \/>\n<meta name=\"author\" content=\"Karamela\" \/>\n<meta name=\"twitter:card\" content=\"summary_large_image\" \/>\n<meta name=\"twitter:label1\" content=\"Napsal(a)\" \/>\n\t<meta name=\"twitter:data1\" content=\"Karamela\" \/>\n\t<meta name=\"twitter:label2\" content=\"Odhadovan\u00e1 doba \u010dten\u00ed\" \/>\n\t<meta name=\"twitter:data2\" content=\"4 minuty\" \/>\n<script type=\"application\/ld+json\" class=\"yoast-schema-graph\">{\"@context\":\"https:\/\/schema.org\",\"@graph\":[{\"@type\":\"Article\",\"@id\":\"https:\/\/evertonfc.cz\/index.php\/2025\/05\/24\/navstevnost-wsl-24-25\/#article\",\"isPartOf\":{\"@id\":\"https:\/\/evertonfc.cz\/index.php\/2025\/05\/24\/navstevnost-wsl-24-25\/\"},\"author\":{\"name\":\"Karamela\",\"@id\":\"https:\/\/evertonfc.cz\/#\/schema\/person\/e9a24a80a32efa1344dd2c4e5882185c\"},\"headline\":\"N\u00e1v\u0161t\u011bvnost WSL 24\/25 &#8211; hra \u010d\u00edsel m\u00e1miv\u00e1\",\"datePublished\":\"2025-05-24T10:06:25+00:00\",\"dateModified\":\"2025-05-24T18:41:52+00:00\",\"mainEntityOfPage\":{\"@id\":\"https:\/\/evertonfc.cz\/index.php\/2025\/05\/24\/navstevnost-wsl-24-25\/\"},\"wordCount\":622,\"commentCount\":7,\"publisher\":{\"@id\":\"https:\/\/evertonfc.cz\/#organization\"},\"image\":{\"@id\":\"https:\/\/evertonfc.cz\/index.php\/2025\/05\/24\/navstevnost-wsl-24-25\/#primaryimage\"},\"thumbnailUrl\":\"https:\/\/evertonfc.cz\/wp-content\/uploads\/2025\/05\/Everton-fan-web-24_05_2025.jpg\",\"articleSection\":[\"Everton Women\"],\"inLanguage\":\"cs\",\"potentialAction\":[{\"@type\":\"CommentAction\",\"name\":\"Comment\",\"target\":[\"https:\/\/evertonfc.cz\/index.php\/2025\/05\/24\/navstevnost-wsl-24-25\/#respond\"]}]},{\"@type\":\"WebPage\",\"@id\":\"https:\/\/evertonfc.cz\/index.php\/2025\/05\/24\/navstevnost-wsl-24-25\/\",\"url\":\"https:\/\/evertonfc.cz\/index.php\/2025\/05\/24\/navstevnost-wsl-24-25\/\",\"name\":\"N\u00e1v\u0161t\u011bvnost WSL 24\/25 - hra \u010d\u00edsel m\u00e1miv\u00e1 - Official Czech &amp; Slovak Everton Supporters&#039; Club\",\"isPartOf\":{\"@id\":\"https:\/\/evertonfc.cz\/#website\"},\"primaryImageOfPage\":{\"@id\":\"https:\/\/evertonfc.cz\/index.php\/2025\/05\/24\/navstevnost-wsl-24-25\/#primaryimage\"},\"image\":{\"@id\":\"https:\/\/evertonfc.cz\/index.php\/2025\/05\/24\/navstevnost-wsl-24-25\/#primaryimage\"},\"thumbnailUrl\":\"https:\/\/evertonfc.cz\/wp-content\/uploads\/2025\/05\/Everton-fan-web-24_05_2025.jpg\",\"datePublished\":\"2025-05-24T10:06:25+00:00\",\"dateModified\":\"2025-05-24T18:41:52+00:00\",\"breadcrumb\":{\"@id\":\"https:\/\/evertonfc.cz\/index.php\/2025\/05\/24\/navstevnost-wsl-24-25\/#breadcrumb\"},\"inLanguage\":\"cs\",\"potentialAction\":[{\"@type\":\"ReadAction\",\"target\":[\"https:\/\/evertonfc.cz\/index.php\/2025\/05\/24\/navstevnost-wsl-24-25\/\"]}]},{\"@type\":\"ImageObject\",\"inLanguage\":\"cs\",\"@id\":\"https:\/\/evertonfc.cz\/index.php\/2025\/05\/24\/navstevnost-wsl-24-25\/#primaryimage\",\"url\":\"https:\/\/evertonfc.cz\/wp-content\/uploads\/2025\/05\/Everton-fan-web-24_05_2025.jpg\",\"contentUrl\":\"https:\/\/evertonfc.cz\/wp-content\/uploads\/2025\/05\/Everton-fan-web-24_05_2025.jpg\",\"width\":720,\"height\":405},{\"@type\":\"BreadcrumbList\",\"@id\":\"https:\/\/evertonfc.cz\/index.php\/2025\/05\/24\/navstevnost-wsl-24-25\/#breadcrumb\",\"itemListElement\":[{\"@type\":\"ListItem\",\"position\":1,\"name\":\"Home\",\"item\":\"https:\/\/evertonfc.cz\/\"},{\"@type\":\"ListItem\",\"position\":2,\"name\":\"N\u00e1v\u0161t\u011bvnost WSL 24\/25 &#8211; hra \u010d\u00edsel m\u00e1miv\u00e1\"}]},{\"@type\":\"WebSite\",\"@id\":\"https:\/\/evertonfc.cz\/#website\",\"url\":\"https:\/\/evertonfc.cz\/\",\"name\":\"Official Czech &amp; Slovak Everton Supporters&#039; Club\",\"description\":\"\",\"publisher\":{\"@id\":\"https:\/\/evertonfc.cz\/#organization\"},\"potentialAction\":[{\"@type\":\"SearchAction\",\"target\":{\"@type\":\"EntryPoint\",\"urlTemplate\":\"https:\/\/evertonfc.cz\/?s={search_term_string}\"},\"query-input\":{\"@type\":\"PropertyValueSpecification\",\"valueRequired\":true,\"valueName\":\"search_term_string\"}}],\"inLanguage\":\"cs\"},{\"@type\":\"Organization\",\"@id\":\"https:\/\/evertonfc.cz\/#organization\",\"name\":\"Official Czech & Slovak Everton Supporters' Club\",\"url\":\"https:\/\/evertonfc.cz\/\",\"logo\":{\"@type\":\"ImageObject\",\"inLanguage\":\"cs\",\"@id\":\"https:\/\/evertonfc.cz\/#\/schema\/logo\/image\/\",\"url\":\"https:\/\/evertonfc.cz\/wp-content\/uploads\/2019\/05\/logo.png\",\"contentUrl\":\"https:\/\/evertonfc.cz\/wp-content\/uploads\/2019\/05\/logo.png\",\"width\":112,\"height\":112,\"caption\":\"Official Czech & Slovak Everton Supporters' Club\"},\"image\":{\"@id\":\"https:\/\/evertonfc.cz\/#\/schema\/logo\/image\/\"},\"sameAs\":[\"https:\/\/www.facebook.com\/everton.fans.cz.sk\"]},{\"@type\":\"Person\",\"@id\":\"https:\/\/evertonfc.cz\/#\/schema\/person\/e9a24a80a32efa1344dd2c4e5882185c\",\"name\":\"Karamela\",\"url\":\"https:\/\/evertonfc.cz\/index.php\/author\/karamela\/\"}]}<\/script>\n<!-- \/ Yoast SEO plugin. -->","yoast_head_json":{"title":"N\u00e1v\u0161t\u011bvnost WSL 24\/25 - hra \u010d\u00edsel m\u00e1miv\u00e1 - Official Czech &amp; Slovak Everton Supporters&#039; Club","robots":{"index":"index","follow":"follow","max-snippet":"max-snippet:-1","max-image-preview":"max-image-preview:large","max-video-preview":"max-video-preview:-1"},"canonical":"https:\/\/evertonfc.cz\/index.php\/2025\/05\/24\/navstevnost-wsl-24-25\/","og_locale":"cs_CZ","og_type":"article","og_title":"N\u00e1v\u0161t\u011bvnost WSL 24\/25 - hra \u010d\u00edsel m\u00e1miv\u00e1 - Official Czech &amp; Slovak Everton Supporters&#039; Club","og_description":"Goodison Park se rozlou\u010dil s mu\u017esk\u00fdm t\u00fdmem a od nov\u00e9 sez\u00f3ny se stane domovem na\u0161ich fotbalistek. Kone\u010dn\u011b tak budou z\u00e1pasy \u017eensk\u00e9ho t\u00fdmu p\u0159\u00edstupn\u011b opravdu velk\u00e9mu po\u010dtu div\u00e1k\u016f. Ale kolik lid\u00ed vlastn\u011b na stadi\u00f3ny WSL chod\u00ed?","og_url":"https:\/\/evertonfc.cz\/index.php\/2025\/05\/24\/navstevnost-wsl-24-25\/","og_site_name":"Official Czech &amp; Slovak Everton Supporters&#039; Club","article_publisher":"https:\/\/www.facebook.com\/everton.fans.cz.sk","article_published_time":"2025-05-24T10:06:25+00:00","article_modified_time":"2025-05-24T18:41:52+00:00","og_image":[{"width":720,"height":405,"url":"https:\/\/evertonfc.cz\/wp-content\/uploads\/2025\/05\/Everton-fan-web-24_05_2025.jpg","type":"image\/jpeg"}],"author":"Karamela","twitter_card":"summary_large_image","twitter_misc":{"Napsal(a)":"Karamela","Odhadovan\u00e1 doba \u010dten\u00ed":"4 minuty"},"schema":{"@context":"https:\/\/schema.org","@graph":[{"@type":"Article","@id":"https:\/\/evertonfc.cz\/index.php\/2025\/05\/24\/navstevnost-wsl-24-25\/#article","isPartOf":{"@id":"https:\/\/evertonfc.cz\/index.php\/2025\/05\/24\/navstevnost-wsl-24-25\/"},"author":{"name":"Karamela","@id":"https:\/\/evertonfc.cz\/#\/schema\/person\/e9a24a80a32efa1344dd2c4e5882185c"},"headline":"N\u00e1v\u0161t\u011bvnost WSL 24\/25 &#8211; hra \u010d\u00edsel m\u00e1miv\u00e1","datePublished":"2025-05-24T10:06:25+00:00","dateModified":"2025-05-24T18:41:52+00:00","mainEntityOfPage":{"@id":"https:\/\/evertonfc.cz\/index.php\/2025\/05\/24\/navstevnost-wsl-24-25\/"},"wordCount":622,"commentCount":7,"publisher":{"@id":"https:\/\/evertonfc.cz\/#organization"},"image":{"@id":"https:\/\/evertonfc.cz\/index.php\/2025\/05\/24\/navstevnost-wsl-24-25\/#primaryimage"},"thumbnailUrl":"https:\/\/evertonfc.cz\/wp-content\/uploads\/2025\/05\/Everton-fan-web-24_05_2025.jpg","articleSection":["Everton Women"],"inLanguage":"cs","potentialAction":[{"@type":"CommentAction","name":"Comment","target":["https:\/\/evertonfc.cz\/index.php\/2025\/05\/24\/navstevnost-wsl-24-25\/#respond"]}]},{"@type":"WebPage","@id":"https:\/\/evertonfc.cz\/index.php\/2025\/05\/24\/navstevnost-wsl-24-25\/","url":"https:\/\/evertonfc.cz\/index.php\/2025\/05\/24\/navstevnost-wsl-24-25\/","name":"N\u00e1v\u0161t\u011bvnost WSL 24\/25 - hra \u010d\u00edsel m\u00e1miv\u00e1 - Official Czech &amp; Slovak Everton Supporters&#039; Club","isPartOf":{"@id":"https:\/\/evertonfc.cz\/#website"},"primaryImageOfPage":{"@id":"https:\/\/evertonfc.cz\/index.php\/2025\/05\/24\/navstevnost-wsl-24-25\/#primaryimage"},"image":{"@id":"https:\/\/evertonfc.cz\/index.php\/2025\/05\/24\/navstevnost-wsl-24-25\/#primaryimage"},"thumbnailUrl":"https:\/\/evertonfc.cz\/wp-content\/uploads\/2025\/05\/Everton-fan-web-24_05_2025.jpg","datePublished":"2025-05-24T10:06:25+00:00","dateModified":"2025-05-24T18:41:52+00:00","breadcrumb":{"@id":"https:\/\/evertonfc.cz\/index.php\/2025\/05\/24\/navstevnost-wsl-24-25\/#breadcrumb"},"inLanguage":"cs","potentialAction":[{"@type":"ReadAction","target":["https:\/\/evertonfc.cz\/index.php\/2025\/05\/24\/navstevnost-wsl-24-25\/"]}]},{"@type":"ImageObject","inLanguage":"cs","@id":"https:\/\/evertonfc.cz\/index.php\/2025\/05\/24\/navstevnost-wsl-24-25\/#primaryimage","url":"https:\/\/evertonfc.cz\/wp-content\/uploads\/2025\/05\/Everton-fan-web-24_05_2025.jpg","contentUrl":"https:\/\/evertonfc.cz\/wp-content\/uploads\/2025\/05\/Everton-fan-web-24_05_2025.jpg","width":720,"height":405},{"@type":"BreadcrumbList","@id":"https:\/\/evertonfc.cz\/index.php\/2025\/05\/24\/navstevnost-wsl-24-25\/#breadcrumb","itemListElement":[{"@type":"ListItem","position":1,"name":"Home","item":"https:\/\/evertonfc.cz\/"},{"@type":"ListItem","position":2,"name":"N\u00e1v\u0161t\u011bvnost WSL 24\/25 &#8211; hra \u010d\u00edsel m\u00e1miv\u00e1"}]},{"@type":"WebSite","@id":"https:\/\/evertonfc.cz\/#website","url":"https:\/\/evertonfc.cz\/","name":"Official Czech &amp; Slovak Everton Supporters&#039; Club","description":"","publisher":{"@id":"https:\/\/evertonfc.cz\/#organization"},"potentialAction":[{"@type":"SearchAction","target":{"@type":"EntryPoint","urlTemplate":"https:\/\/evertonfc.cz\/?s={search_term_string}"},"query-input":{"@type":"PropertyValueSpecification","valueRequired":true,"valueName":"search_term_string"}}],"inLanguage":"cs"},{"@type":"Organization","@id":"https:\/\/evertonfc.cz\/#organization","name":"Official Czech & Slovak Everton Supporters' Club","url":"https:\/\/evertonfc.cz\/","logo":{"@type":"ImageObject","inLanguage":"cs","@id":"https:\/\/evertonfc.cz\/#\/schema\/logo\/image\/","url":"https:\/\/evertonfc.cz\/wp-content\/uploads\/2019\/05\/logo.png","contentUrl":"https:\/\/evertonfc.cz\/wp-content\/uploads\/2019\/05\/logo.png","width":112,"height":112,"caption":"Official Czech & Slovak Everton Supporters' Club"},"image":{"@id":"https:\/\/evertonfc.cz\/#\/schema\/logo\/image\/"},"sameAs":["https:\/\/www.facebook.com\/everton.fans.cz.sk"]},{"@type":"Person","@id":"https:\/\/evertonfc.cz\/#\/schema\/person\/e9a24a80a32efa1344dd2c4e5882185c","name":"Karamela","url":"https:\/\/evertonfc.cz\/index.php\/author\/karamela\/"}]}},"_links":{"self":[{"href":"https:\/\/evertonfc.cz\/index.php\/wp-json\/wp\/v2\/posts\/26789"}],"collection":[{"href":"https:\/\/evertonfc.cz\/index.php\/wp-json\/wp\/v2\/posts"}],"about":[{"href":"https:\/\/evertonfc.cz\/index.php\/wp-json\/wp\/v2\/types\/post"}],"author":[{"embeddable":true,"href":"https:\/\/evertonfc.cz\/index.php\/wp-json\/wp\/v2\/users\/26"}],"replies":[{"embeddable":true,"href":"https:\/\/evertonfc.cz\/index.php\/wp-json\/wp\/v2\/comments?post=26789"}],"version-history":[{"count":11,"href":"https:\/\/evertonfc.cz\/index.php\/wp-json\/wp\/v2\/posts\/26789\/revisions"}],"predecessor-version":[{"id":26807,"href":"https:\/\/evertonfc.cz\/index.php\/wp-json\/wp\/v2\/posts\/26789\/revisions\/26807"}],"wp:featuredmedia":[{"embeddable":true,"href":"https:\/\/evertonfc.cz\/index.php\/wp-json\/wp\/v2\/media\/26799"}],"wp:attachment":[{"href":"https:\/\/evertonfc.cz\/index.php\/wp-json\/wp\/v2\/media?parent=26789"}],"wp:term":[{"taxonomy":"category","embeddable":true,"href":"https:\/\/evertonfc.cz\/index.php\/wp-json\/wp\/v2\/categories?post=26789"},{"taxonomy":"post_tag","embeddable":true,"href":"https:\/\/evertonfc.cz\/index.php\/wp-json\/wp\/v2\/tags?post=26789"}],"curies":[{"name":"wp","href":"https:\/\/api.w.org\/{rel}","templated":true}]}}