{"id":2679,"date":"2010-03-29T21:23:26","date_gmt":"2010-03-29T19:23:26","guid":{"rendered":"http:\/\/evertonfc.cz\/?p=2679"},"modified":"2019-02-09T21:25:55","modified_gmt":"2019-02-09T20:25:55","slug":"howard-budouci-konkurenci-vita","status":"publish","type":"post","link":"https:\/\/evertonfc.cz\/index.php\/2010\/03\/29\/howard-budouci-konkurenci-vita\/","title":{"rendered":"Howard budouc\u00ed konkurenci v\u00edt\u00e1"},"content":{"rendered":"<h4>Doposud mohl b\u00fdt v klidu, jeho pozici jasn\u00e9 brank\u00e1\u0159sk\u00e9 jedni\u010dky nikdo v\u00e1\u017en\u011b neohro\u017eoval. V l\u00e9t\u011b se v\u0161ak Howard do\u010dk\u00e1 nov\u00e9 konkurence, tu nicm\u00e9n\u011b brank\u00e1\u0159 jen kvituje.<\/h4>\n<p>Neohrozitelnou jedni\u010dkou mezi t\u0159emi ty\u010demi je Howard ji\u017e \u010dty\u0159i sezony. A\u0165 u\u017e b\u011bhem prvotn\u00edho hostov\u00e1n\u00ed, nebo ji\u017e n\u00e1sledn\u00e9ho trval\u00e9ho p\u016fsoben\u00ed na Goodison Parku, do branky n\u00e1hradn\u00edky pustil jen z\u0159\u00eddkakdy. Po skon\u010den\u00ed sezony ov\u0161em p\u0159ich\u00e1z\u00ed za velkou \u0161anc\u00ed nadan\u00fd slovensk\u00fd g\u00f3lman J\u00e1n Mucha, a ten ji\u017e nyn\u00ed mo\u017en\u00e1 sp\u0159\u00e1d\u00e1 pl\u00e1ny jak Ameri\u010dana z br\u00e1ny vystrnadit. Howard se ale na nov\u00e9ho kolegu t\u011b\u0161\u00ed, novou konkurenci jen v\u00edt\u00e1.<\/p>\n<p><em>\u201eUr\u010dit\u011b na to nemysl\u00edm v negativn\u00edm slova smyslu,&#8220;\u00a0pop\u00edr\u00e1 rod\u00e1k z New Jersey.\u00a0&#8222;Je dob\u0159e, \u017ee se do\u010dk\u00e1m dal\u0161\u00ed konkurence. Mana\u017eer ji\u017e p\u0159ivedl n\u011bkolik brank\u00e1\u0159\u016f a jen pokra\u010dujeme v tom, aby se ka\u017ed\u00fd sna\u017eil o m\u00edsto bojovat. J\u00e1n bude konkurenc\u00ed, ale bude tak\u00e9 fantastickou t\u00fdmovou posilou. A\u0165 se n\u00e1m to l\u00edb\u00ed nebo ne, jako profesion\u00e1lov\u00e9 mus\u00edte o m\u00edsto bojovat, abyste mohli hr\u00e1t na \u0161pici. Pokud tomu tak nebude, brzy se ocitnete na spodku, a to nikdo z n\u00e1s nechce.\u201c<\/em><\/p>\n<p>V r\u00e1mci Premier League do br\u00e1ny Howard nikoho jin\u00e9ho nepustil ji\u017e p\u011bkn\u00fdch p\u00e1r sezon. Zm\u011bnit se to mohlo minul\u00fd t\u00fdden, kdy si brank\u00e1\u0159 ze z\u00e1pasu s Manchesterem City odnesl n\u011bkolik bolav\u00fdch \u0161r\u00e1m\u016f a nechyb\u011blo mnoho, a zbytek duelu mohl odchytat Carlo Nash. Jenom\u017ee Howard s velk\u00fdm sebezap\u0159en\u00edm utk\u00e1n\u00ed dohr\u00e1l a Nash zah\u0159\u00edval lavi\u010dku i v sobotu proti Wolverhamptonu, a\u010dkoliv v\u00fdkopy od br\u00e1ny rad\u011bji obstar\u00e1val Phil Jagielka. Veter\u00e1n Nash tak na svoji \u0161anci zachytat si za Toffees v Premier League st\u00e1le marn\u011b \u010dek\u00e1, v\u00e1\u017en\u011bj\u0161\u00ed zran\u011bn\u00ed se Howardovi zat\u00edm vyh\u00fdbaj\u00ed, by\u0165 p\u0159izn\u00e1v\u00e1, \u017ee zcela fit je\u0161t\u011b nen\u00ed.<\/p>\n<p><em>\u201ePobol\u00edv\u00e1 m\u011b v podstat\u011b v\u0161echno, ale p\u0159ev\u00e1\u017en\u011b jde o stehno. M\u00e1m nata\u017een\u00fd sval, a to pro brank\u00e1\u0159e p\u0159edstavuje velk\u00fd limit, proto\u017ee mus\u00edte prov\u00e1d\u011bt v\u00fdkopy dlouh\u00e9 60, 70 metr\u016f. Ale na\u0161t\u011bst\u00ed jsme to zvl\u00e1dli a udr\u017eeli jsme dal\u0161\u00ed \u010dist\u00e9 konto. Kluci odvedli v obran\u011b neuv\u011b\u0159itelnou pr\u00e1ci. Nejen tento t\u00fdden, ale celkov\u011b posledn\u00ed dobou.<\/em><\/p>\n<p><em>Nezme\u0161k\u00e1n\u00ed ani jednoho z\u00e1pasu kv\u016fli zran\u011bn\u00ed hraje roli. Ale zran\u011bn\u00ed se g\u00f3lman\u016fm st\u00e1vaj\u00ed. N\u011bkter\u00e9 z nich v\u00e1s mohou udr\u017eet n\u011bjakou dobu mimo hru, ale v\u017edy mysl\u00edm na to, \u017ee chci b\u00fdt fotbalistou, na kter\u00e9ho je spoleh ka\u017edi\u010dkou minutu a je d\u016fle\u017eit\u00e9, \u017ee spoluhr\u00e1\u010di to c\u00edt\u00ed podobn\u011b.\u201c<\/em><\/p>\n<p>V minul\u00e9m kl\u00e1n\u00ed proti Wolves sice Howard \u010dastokr\u00e1t zasahovat nemusel, av\u0161ak ani p\u0159ev\u00e1\u017en\u00fd tlak Evertonu k d\u016fle\u017eit\u00e9mu v\u00edt\u011bzstv\u00ed nevedl. Blues nedok\u00e1zali prom\u011bnit v\u00edcero jasn\u00fdch \u0161anc\u00ed a z Molineux Stadium si odvezli jen bod. Howard p\u0159izn\u00e1v\u00e1, \u017ee po z\u00e1v\u011bre\u010dn\u00e9m hvizdu m\u011bl sm\u00ed\u0161en\u00e9 pocity.<\/p>\n<p><em>\u201eV\u011bd\u011bli jsme, \u017ee to nejsp\u00ed\u0161 nebude pro oko nejlep\u0161\u00ed z\u00e1pas. Ale nakonec jsme hr\u00e1li jsme dobr\u00fd fotbal, i p\u0159esto, \u017ee h\u0159i\u0161t\u011b nebylo v dobr\u00e9m stavu a soupe\u0159 odoln\u011b bojoval. Chyb\u011bly n\u00e1m fin\u00e1ln\u00ed p\u0159ihr\u00e1vky a klid v zakon\u010den\u00ed, ale celkov\u011b jsme podali dobr\u00fd v\u00fdkon. Mo\u017en\u00e1 jsme doplatili na fale\u0161n\u00fd pocit bezpe\u010d\u00ed, kter\u00fd jsme na\u0161li v tom, \u017ee jsme do z\u00e1pasu vstoupili skv\u011ble a mysleli jsme si, \u017ee zb\u00fdvaj\u00edc\u00edch osmdes\u00e1t minut bude stejn\u00fdch. Tak to ale nen\u00ed a kdy\u017e si vypracov\u00e1v\u00e1te \u0161ance, mus\u00edte je prom\u011b\u0148ovat.<\/em><\/p>\n<p><em>Je to dal\u0161\u00ed z\u00edskan\u00fd bod, ale pokud n\u011bkte\u0159\u00ed z va\u0161ich rival\u016f prohraj\u00ed, nasko\u010d\u00ed v\u00e1m &#8222;m\u011bli jsme m\u00edt o dva v\u00edc&#8220;. Ale byl to dobr\u00fd, dlouh\u00fd t\u00fdden, \u00fasp\u011b\u0161n\u011b jsme nav\u00e1zali na z\u00e1pas s Boltonem. Pokud se pod\u00edv\u00e1te na tabulku od prvn\u00edho do osm\u00e9ho m\u00edsto, nikdo z t\u011bch t\u00fdm\u016f si nem\u016f\u017ee dovolit nad\u00e1le ztr\u00e1cet. A\u0165 u\u017e jde o Ligu Mistr\u016f nebo Evropskou ligu, ka\u017edou zb\u00fdvaj\u00edc\u00ed minutu sezony, mus\u00edte bojovat.\u201c<\/em><\/p>\n","protected":false},"excerpt":{"rendered":"<p>Doposud mohl b\u00fdt v klidu, jeho pozici jasn\u00e9 brank\u00e1\u0159sk\u00e9 jedni\u010dky nikdo v\u00e1\u017en\u011b neohro\u017eoval. V l\u00e9t\u011b se v\u0161ak Howard do\u010dk\u00e1 nov\u00e9&hellip;<\/p>\n","protected":false},"author":6,"featured_media":1312,"comment_status":"open","ping_status":"closed","sticky":false,"template":"","format":"standard","meta":{"_eb_attr":"","_monsterinsights_skip_tracking":false,"_monsterinsights_sitenote_active":false,"_monsterinsights_sitenote_note":"","_monsterinsights_sitenote_category":0,"footnotes":""},"categories":[1],"tags":[],"yoast_head":"<!-- This site is optimized with the Yoast SEO plugin v23.4 - https:\/\/yoast.com\/wordpress\/plugins\/seo\/ -->\n<title>Howard budouc\u00ed konkurenci v\u00edt\u00e1 - Official Czech &amp; Slovak Everton Supporters&#039; Club<\/title>\n<meta name=\"robots\" content=\"index, follow, max-snippet:-1, max-image-preview:large, max-video-preview:-1\" \/>\n<link rel=\"canonical\" href=\"https:\/\/evertonfc.cz\/index.php\/2010\/03\/29\/howard-budouci-konkurenci-vita\/\" \/>\n<meta property=\"og:locale\" content=\"cs_CZ\" \/>\n<meta property=\"og:type\" content=\"article\" \/>\n<meta property=\"og:title\" content=\"Howard budouc\u00ed konkurenci v\u00edt\u00e1 - Official Czech &amp; Slovak Everton Supporters&#039; Club\" \/>\n<meta property=\"og:description\" content=\"Doposud mohl b\u00fdt v klidu, jeho pozici jasn\u00e9 brank\u00e1\u0159sk\u00e9 jedni\u010dky nikdo v\u00e1\u017en\u011b neohro\u017eoval. V l\u00e9t\u011b se v\u0161ak Howard do\u010dk\u00e1 nov\u00e9&hellip;\" \/>\n<meta property=\"og:url\" content=\"https:\/\/evertonfc.cz\/index.php\/2010\/03\/29\/howard-budouci-konkurenci-vita\/\" \/>\n<meta property=\"og:site_name\" content=\"Official Czech &amp; Slovak Everton Supporters&#039; Club\" \/>\n<meta property=\"article:publisher\" content=\"https:\/\/www.facebook.com\/everton.fans.cz.sk\" \/>\n<meta property=\"article:published_time\" content=\"2010-03-29T19:23:26+00:00\" \/>\n<meta property=\"article:modified_time\" content=\"2019-02-09T20:25:55+00:00\" \/>\n<meta property=\"og:image\" content=\"https:\/\/evertonfc.cz\/wp-content\/uploads\/2019\/01\/interview.jpg\" \/>\n\t<meta property=\"og:image:width\" content=\"720\" \/>\n\t<meta property=\"og:image:height\" content=\"405\" \/>\n\t<meta property=\"og:image:type\" content=\"image\/jpeg\" \/>\n<meta name=\"author\" content=\"Ri\u010di\" \/>\n<meta name=\"twitter:card\" content=\"summary_large_image\" \/>\n<meta name=\"twitter:creator\" content=\"@rbrejsa\" \/>\n<meta name=\"twitter:label1\" content=\"Napsal(a)\" \/>\n\t<meta name=\"twitter:data1\" content=\"Ri\u010di\" \/>\n\t<meta name=\"twitter:label2\" content=\"Odhadovan\u00e1 doba \u010dten\u00ed\" \/>\n\t<meta name=\"twitter:data2\" content=\"4 minuty\" \/>\n<script type=\"application\/ld+json\" class=\"yoast-schema-graph\">{\"@context\":\"https:\/\/schema.org\",\"@graph\":[{\"@type\":\"Article\",\"@id\":\"https:\/\/evertonfc.cz\/index.php\/2010\/03\/29\/howard-budouci-konkurenci-vita\/#article\",\"isPartOf\":{\"@id\":\"https:\/\/evertonfc.cz\/index.php\/2010\/03\/29\/howard-budouci-konkurenci-vita\/\"},\"author\":{\"name\":\"Ri\u010di\",\"@id\":\"https:\/\/evertonfc.cz\/#\/schema\/person\/f7a5daedb2ffee98480bc70e191aaef1\"},\"headline\":\"Howard budouc\u00ed konkurenci v\u00edt\u00e1\",\"datePublished\":\"2010-03-29T19:23:26+00:00\",\"dateModified\":\"2019-02-09T20:25:55+00:00\",\"mainEntityOfPage\":{\"@id\":\"https:\/\/evertonfc.cz\/index.php\/2010\/03\/29\/howard-budouci-konkurenci-vita\/\"},\"wordCount\":774,\"commentCount\":0,\"publisher\":{\"@id\":\"https:\/\/evertonfc.cz\/#organization\"},\"image\":{\"@id\":\"https:\/\/evertonfc.cz\/index.php\/2010\/03\/29\/howard-budouci-konkurenci-vita\/#primaryimage\"},\"thumbnailUrl\":\"https:\/\/evertonfc.cz\/wp-content\/uploads\/2019\/01\/interview.jpg\",\"articleSection\":[\"Rozhovory\"],\"inLanguage\":\"cs\",\"potentialAction\":[{\"@type\":\"CommentAction\",\"name\":\"Comment\",\"target\":[\"https:\/\/evertonfc.cz\/index.php\/2010\/03\/29\/howard-budouci-konkurenci-vita\/#respond\"]}]},{\"@type\":\"WebPage\",\"@id\":\"https:\/\/evertonfc.cz\/index.php\/2010\/03\/29\/howard-budouci-konkurenci-vita\/\",\"url\":\"https:\/\/evertonfc.cz\/index.php\/2010\/03\/29\/howard-budouci-konkurenci-vita\/\",\"name\":\"Howard budouc\u00ed konkurenci v\u00edt\u00e1 - Official Czech &amp; Slovak Everton Supporters&#039; Club\",\"isPartOf\":{\"@id\":\"https:\/\/evertonfc.cz\/#website\"},\"primaryImageOfPage\":{\"@id\":\"https:\/\/evertonfc.cz\/index.php\/2010\/03\/29\/howard-budouci-konkurenci-vita\/#primaryimage\"},\"image\":{\"@id\":\"https:\/\/evertonfc.cz\/index.php\/2010\/03\/29\/howard-budouci-konkurenci-vita\/#primaryimage\"},\"thumbnailUrl\":\"https:\/\/evertonfc.cz\/wp-content\/uploads\/2019\/01\/interview.jpg\",\"datePublished\":\"2010-03-29T19:23:26+00:00\",\"dateModified\":\"2019-02-09T20:25:55+00:00\",\"breadcrumb\":{\"@id\":\"https:\/\/evertonfc.cz\/index.php\/2010\/03\/29\/howard-budouci-konkurenci-vita\/#breadcrumb\"},\"inLanguage\":\"cs\",\"potentialAction\":[{\"@type\":\"ReadAction\",\"target\":[\"https:\/\/evertonfc.cz\/index.php\/2010\/03\/29\/howard-budouci-konkurenci-vita\/\"]}]},{\"@type\":\"ImageObject\",\"inLanguage\":\"cs\",\"@id\":\"https:\/\/evertonfc.cz\/index.php\/2010\/03\/29\/howard-budouci-konkurenci-vita\/#primaryimage\",\"url\":\"https:\/\/evertonfc.cz\/wp-content\/uploads\/2019\/01\/interview.jpg\",\"contentUrl\":\"https:\/\/evertonfc.cz\/wp-content\/uploads\/2019\/01\/interview.jpg\",\"width\":720,\"height\":405},{\"@type\":\"BreadcrumbList\",\"@id\":\"https:\/\/evertonfc.cz\/index.php\/2010\/03\/29\/howard-budouci-konkurenci-vita\/#breadcrumb\",\"itemListElement\":[{\"@type\":\"ListItem\",\"position\":1,\"name\":\"Home\",\"item\":\"https:\/\/evertonfc.cz\/\"},{\"@type\":\"ListItem\",\"position\":2,\"name\":\"Howard budouc\u00ed konkurenci v\u00edt\u00e1\"}]},{\"@type\":\"WebSite\",\"@id\":\"https:\/\/evertonfc.cz\/#website\",\"url\":\"https:\/\/evertonfc.cz\/\",\"name\":\"Official Czech &amp; Slovak Everton Supporters&#039; Club\",\"description\":\"\",\"publisher\":{\"@id\":\"https:\/\/evertonfc.cz\/#organization\"},\"potentialAction\":[{\"@type\":\"SearchAction\",\"target\":{\"@type\":\"EntryPoint\",\"urlTemplate\":\"https:\/\/evertonfc.cz\/?s={search_term_string}\"},\"query-input\":{\"@type\":\"PropertyValueSpecification\",\"valueRequired\":true,\"valueName\":\"search_term_string\"}}],\"inLanguage\":\"cs\"},{\"@type\":\"Organization\",\"@id\":\"https:\/\/evertonfc.cz\/#organization\",\"name\":\"Official Czech & Slovak Everton Supporters' Club\",\"url\":\"https:\/\/evertonfc.cz\/\",\"logo\":{\"@type\":\"ImageObject\",\"inLanguage\":\"cs\",\"@id\":\"https:\/\/evertonfc.cz\/#\/schema\/logo\/image\/\",\"url\":\"https:\/\/evertonfc.cz\/wp-content\/uploads\/2019\/05\/logo.png\",\"contentUrl\":\"https:\/\/evertonfc.cz\/wp-content\/uploads\/2019\/05\/logo.png\",\"width\":112,\"height\":112,\"caption\":\"Official Czech & Slovak Everton Supporters' Club\"},\"image\":{\"@id\":\"https:\/\/evertonfc.cz\/#\/schema\/logo\/image\/\"},\"sameAs\":[\"https:\/\/www.facebook.com\/everton.fans.cz.sk\"]},{\"@type\":\"Person\",\"@id\":\"https:\/\/evertonfc.cz\/#\/schema\/person\/f7a5daedb2ffee98480bc70e191aaef1\",\"name\":\"Ri\u010di\",\"sameAs\":[\"https:\/\/x.com\/rbrejsa\"],\"url\":\"https:\/\/evertonfc.cz\/index.php\/author\/rici\/\"}]}<\/script>\n<!-- \/ Yoast SEO plugin. -->","yoast_head_json":{"title":"Howard budouc\u00ed konkurenci v\u00edt\u00e1 - Official Czech &amp; Slovak Everton Supporters&#039; Club","robots":{"index":"index","follow":"follow","max-snippet":"max-snippet:-1","max-image-preview":"max-image-preview:large","max-video-preview":"max-video-preview:-1"},"canonical":"https:\/\/evertonfc.cz\/index.php\/2010\/03\/29\/howard-budouci-konkurenci-vita\/","og_locale":"cs_CZ","og_type":"article","og_title":"Howard budouc\u00ed konkurenci v\u00edt\u00e1 - Official Czech &amp; Slovak Everton Supporters&#039; Club","og_description":"Doposud mohl b\u00fdt v klidu, jeho pozici jasn\u00e9 brank\u00e1\u0159sk\u00e9 jedni\u010dky nikdo v\u00e1\u017en\u011b neohro\u017eoval. V l\u00e9t\u011b se v\u0161ak Howard do\u010dk\u00e1 nov\u00e9&hellip;","og_url":"https:\/\/evertonfc.cz\/index.php\/2010\/03\/29\/howard-budouci-konkurenci-vita\/","og_site_name":"Official Czech &amp; Slovak Everton Supporters&#039; Club","article_publisher":"https:\/\/www.facebook.com\/everton.fans.cz.sk","article_published_time":"2010-03-29T19:23:26+00:00","article_modified_time":"2019-02-09T20:25:55+00:00","og_image":[{"width":720,"height":405,"url":"https:\/\/evertonfc.cz\/wp-content\/uploads\/2019\/01\/interview.jpg","type":"image\/jpeg"}],"author":"Ri\u010di","twitter_card":"summary_large_image","twitter_creator":"@rbrejsa","twitter_misc":{"Napsal(a)":"Ri\u010di","Odhadovan\u00e1 doba \u010dten\u00ed":"4 minuty"},"schema":{"@context":"https:\/\/schema.org","@graph":[{"@type":"Article","@id":"https:\/\/evertonfc.cz\/index.php\/2010\/03\/29\/howard-budouci-konkurenci-vita\/#article","isPartOf":{"@id":"https:\/\/evertonfc.cz\/index.php\/2010\/03\/29\/howard-budouci-konkurenci-vita\/"},"author":{"name":"Ri\u010di","@id":"https:\/\/evertonfc.cz\/#\/schema\/person\/f7a5daedb2ffee98480bc70e191aaef1"},"headline":"Howard budouc\u00ed konkurenci v\u00edt\u00e1","datePublished":"2010-03-29T19:23:26+00:00","dateModified":"2019-02-09T20:25:55+00:00","mainEntityOfPage":{"@id":"https:\/\/evertonfc.cz\/index.php\/2010\/03\/29\/howard-budouci-konkurenci-vita\/"},"wordCount":774,"commentCount":0,"publisher":{"@id":"https:\/\/evertonfc.cz\/#organization"},"image":{"@id":"https:\/\/evertonfc.cz\/index.php\/2010\/03\/29\/howard-budouci-konkurenci-vita\/#primaryimage"},"thumbnailUrl":"https:\/\/evertonfc.cz\/wp-content\/uploads\/2019\/01\/interview.jpg","articleSection":["Rozhovory"],"inLanguage":"cs","potentialAction":[{"@type":"CommentAction","name":"Comment","target":["https:\/\/evertonfc.cz\/index.php\/2010\/03\/29\/howard-budouci-konkurenci-vita\/#respond"]}]},{"@type":"WebPage","@id":"https:\/\/evertonfc.cz\/index.php\/2010\/03\/29\/howard-budouci-konkurenci-vita\/","url":"https:\/\/evertonfc.cz\/index.php\/2010\/03\/29\/howard-budouci-konkurenci-vita\/","name":"Howard budouc\u00ed konkurenci v\u00edt\u00e1 - Official Czech &amp; Slovak Everton Supporters&#039; Club","isPartOf":{"@id":"https:\/\/evertonfc.cz\/#website"},"primaryImageOfPage":{"@id":"https:\/\/evertonfc.cz\/index.php\/2010\/03\/29\/howard-budouci-konkurenci-vita\/#primaryimage"},"image":{"@id":"https:\/\/evertonfc.cz\/index.php\/2010\/03\/29\/howard-budouci-konkurenci-vita\/#primaryimage"},"thumbnailUrl":"https:\/\/evertonfc.cz\/wp-content\/uploads\/2019\/01\/interview.jpg","datePublished":"2010-03-29T19:23:26+00:00","dateModified":"2019-02-09T20:25:55+00:00","breadcrumb":{"@id":"https:\/\/evertonfc.cz\/index.php\/2010\/03\/29\/howard-budouci-konkurenci-vita\/#breadcrumb"},"inLanguage":"cs","potentialAction":[{"@type":"ReadAction","target":["https:\/\/evertonfc.cz\/index.php\/2010\/03\/29\/howard-budouci-konkurenci-vita\/"]}]},{"@type":"ImageObject","inLanguage":"cs","@id":"https:\/\/evertonfc.cz\/index.php\/2010\/03\/29\/howard-budouci-konkurenci-vita\/#primaryimage","url":"https:\/\/evertonfc.cz\/wp-content\/uploads\/2019\/01\/interview.jpg","contentUrl":"https:\/\/evertonfc.cz\/wp-content\/uploads\/2019\/01\/interview.jpg","width":720,"height":405},{"@type":"BreadcrumbList","@id":"https:\/\/evertonfc.cz\/index.php\/2010\/03\/29\/howard-budouci-konkurenci-vita\/#breadcrumb","itemListElement":[{"@type":"ListItem","position":1,"name":"Home","item":"https:\/\/evertonfc.cz\/"},{"@type":"ListItem","position":2,"name":"Howard budouc\u00ed konkurenci v\u00edt\u00e1"}]},{"@type":"WebSite","@id":"https:\/\/evertonfc.cz\/#website","url":"https:\/\/evertonfc.cz\/","name":"Official Czech &amp; Slovak Everton Supporters&#039; Club","description":"","publisher":{"@id":"https:\/\/evertonfc.cz\/#organization"},"potentialAction":[{"@type":"SearchAction","target":{"@type":"EntryPoint","urlTemplate":"https:\/\/evertonfc.cz\/?s={search_term_string}"},"query-input":{"@type":"PropertyValueSpecification","valueRequired":true,"valueName":"search_term_string"}}],"inLanguage":"cs"},{"@type":"Organization","@id":"https:\/\/evertonfc.cz\/#organization","name":"Official Czech & Slovak Everton Supporters' Club","url":"https:\/\/evertonfc.cz\/","logo":{"@type":"ImageObject","inLanguage":"cs","@id":"https:\/\/evertonfc.cz\/#\/schema\/logo\/image\/","url":"https:\/\/evertonfc.cz\/wp-content\/uploads\/2019\/05\/logo.png","contentUrl":"https:\/\/evertonfc.cz\/wp-content\/uploads\/2019\/05\/logo.png","width":112,"height":112,"caption":"Official Czech & Slovak Everton Supporters' Club"},"image":{"@id":"https:\/\/evertonfc.cz\/#\/schema\/logo\/image\/"},"sameAs":["https:\/\/www.facebook.com\/everton.fans.cz.sk"]},{"@type":"Person","@id":"https:\/\/evertonfc.cz\/#\/schema\/person\/f7a5daedb2ffee98480bc70e191aaef1","name":"Ri\u010di","sameAs":["https:\/\/x.com\/rbrejsa"],"url":"https:\/\/evertonfc.cz\/index.php\/author\/rici\/"}]}},"_links":{"self":[{"href":"https:\/\/evertonfc.cz\/index.php\/wp-json\/wp\/v2\/posts\/2679"}],"collection":[{"href":"https:\/\/evertonfc.cz\/index.php\/wp-json\/wp\/v2\/posts"}],"about":[{"href":"https:\/\/evertonfc.cz\/index.php\/wp-json\/wp\/v2\/types\/post"}],"author":[{"embeddable":true,"href":"https:\/\/evertonfc.cz\/index.php\/wp-json\/wp\/v2\/users\/6"}],"replies":[{"embeddable":true,"href":"https:\/\/evertonfc.cz\/index.php\/wp-json\/wp\/v2\/comments?post=2679"}],"version-history":[{"count":1,"href":"https:\/\/evertonfc.cz\/index.php\/wp-json\/wp\/v2\/posts\/2679\/revisions"}],"predecessor-version":[{"id":2683,"href":"https:\/\/evertonfc.cz\/index.php\/wp-json\/wp\/v2\/posts\/2679\/revisions\/2683"}],"wp:featuredmedia":[{"embeddable":true,"href":"https:\/\/evertonfc.cz\/index.php\/wp-json\/wp\/v2\/media\/1312"}],"wp:attachment":[{"href":"https:\/\/evertonfc.cz\/index.php\/wp-json\/wp\/v2\/media?parent=2679"}],"wp:term":[{"taxonomy":"category","embeddable":true,"href":"https:\/\/evertonfc.cz\/index.php\/wp-json\/wp\/v2\/categories?post=2679"},{"taxonomy":"post_tag","embeddable":true,"href":"https:\/\/evertonfc.cz\/index.php\/wp-json\/wp\/v2\/tags?post=2679"}],"curies":[{"name":"wp","href":"https:\/\/api.w.org\/{rel}","templated":true}]}}