{"id":2680,"date":"2017-08-10T21:23:43","date_gmt":"2017-08-10T19:23:43","guid":{"rendered":"http:\/\/evertonfc.cz\/?p=2680"},"modified":"2024-11-02T13:47:17","modified_gmt":"2024-11-02T12:47:17","slug":"preview-everton-stoke-city-8","status":"publish","type":"post","link":"https:\/\/evertonfc.cz\/index.php\/2017\/08\/10\/preview-everton-stoke-city-8\/","title":{"rendered":"Preview: Everton &#8211; Stoke City"},"content":{"rendered":"<h4 id=\"NewsPostDetailSummary\">P\u0159\u00ed\u0161t\u00ed zast\u00e1vka PL vlaku ze Stoke on Trent: Lime Street!<\/h4>\n<div id=\"NewsPostDetailContent\">\n<p>P\u0159\u00edpravn\u00e9 z\u00e1pasy u konce, a tak je t\u0159eba za\u010d\u00edt druhou srpnovou sobotu tradi\u010dn\u011b. Jak? P\u0159ece ligov\u00fdm z\u00e1pasem, kter\u00fd m\u00e1 v\u00fdkop ve t\u0159i odpoledne.<\/p>\n<p>Sobotn\u00ed soupe\u0159 provedl v k\u00e1dru celkem zem\u011bt\u0159esen\u00ed, z r\u016fzn\u00fdch d\u016fvod\u016f ode\u0161lo 10 hr\u00e1\u010d\u016f a dvojice Telford-Sweeney byla posl\u00e1na do Bristolu na hostov\u00e1n\u00ed do konce sezony. Zn\u00e1m\u011bj\u0161\u00ed jm\u00e9na, kter\u00e1 Hrn\u010d\u00ed\u0159e opustila? Nap\u0159. Arnautovi\u0107,\u00a0Bardsley, Given, Walters \u010di Whelan. Ale veden\u00ed nelenilo a p\u0159ivedlo schopn\u00e9 n\u00e1hrady. Ze Schalke p\u0159i\u0161el Choupo-Mouting, zdarma Fletcher z WBA a st\u0159ed obrany byl vyztu\u017een Zoumou z Chelsea, kter\u00fd p\u0159i\u0161el na ro\u010dn\u00ed hostov\u00e1n\u00ed. M\u011bl by se ve Stoke rozehr\u00e1t po v\u00e1\u017en\u00e9m zran\u011bn\u00ed kolena. Novou posilou je tak\u00e9 Indi Martins, ten podepsal dnes (v p\u00e1tek 11. 8.), v lo\u0148sk\u00e9 sezon\u011b ve Stoke hostoval.<\/p>\n<p>Ambice klubu, kter\u00e9mu je v\u011bnov\u00e1na tato str\u00e1nka, jsou v\u0161eobecn\u011b zn\u00e1m\u00e9. Posily i oslaby takt\u00e9\u017e. Poj\u010fme se tedy v\u011bnovat tomu, co je nov\u00e9ho nap\u0159. u smluvn\u00edho rebela Barkleyho. Jak to s n\u00edm tedy je? No, p\u0159inejmen\u0161\u00edm zvl\u00e1\u0161tn\u011b. A\u010d se Koeman netajil v bl\u00edzk\u00e9 minulosti jeho &#8222;stoprocentn\u00edm odchodem&#8220;, tak klub nedostal na n\u011bj \u017e\u00e1dnou nab\u00eddku. Pro za\u010d\u00e1tek sez\u00f3ny tedy z\u016fst\u00e1v\u00e1 hr\u00e1\u010dem Evertonu a po operaci t\u0159\u00edsel ji\u017e tr\u00e9nuje se spoluhr\u00e1\u010di.<\/p>\n<p>Do z\u00e1pasu ale je\u0161t\u011b nezas\u00e1hne, stejn\u011b jako McCarthy a dlouhodob\u00ed marodi Bolasie, Coleman a Mori. Irsk\u00fd obr\u00e1nce ale ji\u017e za\u010dal s lehk\u00fdm tr\u00e9ninkem!<\/p>\n<p>S\u00e1ga Sigurdova syna? Jedn\u00e1n\u00ed prob\u00edhaj\u00ed a ry\u0161av\u00fd Nizozemec pop\u0159el, \u017ee probl\u00e9mem je cena (Telegraph v\u010dera napsal, \u017ee oba t\u00fdmy jsou zakop\u00e1ny na pozic\u00edch &#8222;45 mega a ani o flok v\u00edce&#8220; vs &#8222;Opravdu jen za 50 m\u00ed\u010d\u016f&#8220;). Hl\u00e1sn\u00e1 trouba LFC, tedy BBC, p\u00ed\u0161e cosi o kritick\u00e9 f\u00e1zi.<\/p>\n<p>Levonoh\u00fd stoper? Klub m\u00ed\u0159\u00ed vysoko, a\u017e k v\u00fd\u0161in\u00e1m LaLigy. Vyhl\u00e9dl si b\u00fdval\u00e9ho hr\u00e1\u010de Arsenalu Vermaelena. Jedn\u00e1n\u00ed pr\u00fd ji\u017e za\u010dala &#8211; a to je asi tak v\u0161e. Belgi\u010dan str\u00e1vil lo\u0148skou sezonu na hostov\u00e1n\u00ed v AS \u0158\u00edm a p\u0159estupu by se asi nebr\u00e1nil. Z\u0159ejm\u011b by mu to schv\u00e1lila i jeho anglick\u00e1 novoman\u017eelka. Uvid\u00edme, jak na to budou tv\u00e1\u0159it blaugranas, zvl\u00e1\u0161\u0165, kdy\u017e ho Baggies cht\u011bj\u00ed tak\u00e9.<\/p>\n<p>A kdo bude v sobotu v z\u00e1kladn\u00ed sestav\u011b p\u0159ed vyprodan\u00fdm Goodison Parkem ur\u010dit\u011b? Ti z v\u00e1s, kte\u0159\u00ed v duchu odpov\u011bd\u011bli, \u017ee Rooney, z\u00edsk\u00e1vaj\u00ed jednoho bludi\u0161\u0165\u00e1ka.<\/p>\n<p>Utk\u00e1n\u00ed vys\u00edl\u00e1 ze z\u00e1znamu od 20:30 stanice Digi sport 1.<\/p>\n<p>P. S. D\u011bkujeme mana\u017eerovi Chelsea Contemu za v\u00fdslovnou pochvalu!<\/p>\n<p><strong>Co:<\/strong> Everton FC &#8211; Stoke City FC, 1. kolo Premier League<br \/>\n<strong>Kdy:<\/strong> 12. 8. 2017 od 16:00 SE\u010c<br \/>\n<strong>Kde:<\/strong> Goodison Park, Liverpool<br \/>\n<strong>Rozhod\u010d\u00ed:<\/strong> Neil Swarbrick<\/p>\n<\/div>\n","protected":false},"excerpt":{"rendered":"<p>P\u0159\u00ed\u0161t\u00ed zast\u00e1vka PL vlaku ze Stoke on Trent: Lime Street! P\u0159\u00edpravn\u00e9 z\u00e1pasy u konce, a tak je t\u0159eba za\u010d\u00edt druhou&hellip;<\/p>\n","protected":false},"author":12,"featured_media":25543,"comment_status":"open","ping_status":"closed","sticky":false,"template":"","format":"standard","meta":{"_eb_attr":"","_monsterinsights_skip_tracking":false,"_monsterinsights_sitenote_active":false,"_monsterinsights_sitenote_note":"","_monsterinsights_sitenote_category":0,"footnotes":""},"categories":[4],"tags":[],"yoast_head":"<!-- This site is optimized with the Yoast SEO plugin v23.4 - https:\/\/yoast.com\/wordpress\/plugins\/seo\/ -->\n<title>Preview: Everton - Stoke City - Official Czech &amp; Slovak Everton Supporters&#039; Club<\/title>\n<meta name=\"robots\" content=\"index, follow, max-snippet:-1, max-image-preview:large, max-video-preview:-1\" \/>\n<link rel=\"canonical\" href=\"https:\/\/evertonfc.cz\/index.php\/2017\/08\/10\/preview-everton-stoke-city-8\/\" \/>\n<meta property=\"og:locale\" content=\"cs_CZ\" \/>\n<meta property=\"og:type\" content=\"article\" \/>\n<meta property=\"og:title\" content=\"Preview: Everton - Stoke City - Official Czech &amp; Slovak Everton Supporters&#039; Club\" \/>\n<meta property=\"og:description\" content=\"P\u0159\u00ed\u0161t\u00ed zast\u00e1vka PL vlaku ze Stoke on Trent: Lime Street! P\u0159\u00edpravn\u00e9 z\u00e1pasy u konce, a tak je t\u0159eba za\u010d\u00edt druhou&hellip;\" \/>\n<meta property=\"og:url\" content=\"https:\/\/evertonfc.cz\/index.php\/2017\/08\/10\/preview-everton-stoke-city-8\/\" \/>\n<meta property=\"og:site_name\" content=\"Official Czech &amp; Slovak Everton Supporters&#039; Club\" \/>\n<meta property=\"article:publisher\" content=\"https:\/\/www.facebook.com\/everton.fans.cz.sk\" \/>\n<meta property=\"article:published_time\" content=\"2017-08-10T19:23:43+00:00\" \/>\n<meta property=\"article:modified_time\" content=\"2024-11-02T12:47:17+00:00\" \/>\n<meta property=\"og:image\" content=\"https:\/\/evertonfc.cz\/wp-content\/uploads\/2024\/11\/Everton-VS-Stoke-City.png\" \/>\n\t<meta property=\"og:image:width\" content=\"720\" \/>\n\t<meta property=\"og:image:height\" content=\"405\" \/>\n\t<meta property=\"og:image:type\" content=\"image\/png\" \/>\n<meta name=\"author\" content=\"Javor\" \/>\n<meta name=\"twitter:card\" content=\"summary_large_image\" \/>\n<meta name=\"twitter:creator\" content=\"@LoudinJan\" \/>\n<meta name=\"twitter:label1\" content=\"Napsal(a)\" \/>\n\t<meta name=\"twitter:data1\" content=\"Javor\" \/>\n\t<meta name=\"twitter:label2\" content=\"Odhadovan\u00e1 doba \u010dten\u00ed\" \/>\n\t<meta name=\"twitter:data2\" content=\"3 minuty\" \/>\n<script type=\"application\/ld+json\" class=\"yoast-schema-graph\">{\"@context\":\"https:\/\/schema.org\",\"@graph\":[{\"@type\":\"Article\",\"@id\":\"https:\/\/evertonfc.cz\/index.php\/2017\/08\/10\/preview-everton-stoke-city-8\/#article\",\"isPartOf\":{\"@id\":\"https:\/\/evertonfc.cz\/index.php\/2017\/08\/10\/preview-everton-stoke-city-8\/\"},\"author\":{\"name\":\"Javor\",\"@id\":\"https:\/\/evertonfc.cz\/#\/schema\/person\/b30daf6a5852f4811f8207a17ec1bf78\"},\"headline\":\"Preview: Everton &#8211; Stoke City\",\"datePublished\":\"2017-08-10T19:23:43+00:00\",\"dateModified\":\"2024-11-02T12:47:17+00:00\",\"mainEntityOfPage\":{\"@id\":\"https:\/\/evertonfc.cz\/index.php\/2017\/08\/10\/preview-everton-stoke-city-8\/\"},\"wordCount\":515,\"commentCount\":0,\"publisher\":{\"@id\":\"https:\/\/evertonfc.cz\/#organization\"},\"image\":{\"@id\":\"https:\/\/evertonfc.cz\/index.php\/2017\/08\/10\/preview-everton-stoke-city-8\/#primaryimage\"},\"thumbnailUrl\":\"https:\/\/evertonfc.cz\/wp-content\/uploads\/2024\/11\/Everton-VS-Stoke-City.png\",\"articleSection\":[\"Z\u00e1pasy\"],\"inLanguage\":\"cs\",\"potentialAction\":[{\"@type\":\"CommentAction\",\"name\":\"Comment\",\"target\":[\"https:\/\/evertonfc.cz\/index.php\/2017\/08\/10\/preview-everton-stoke-city-8\/#respond\"]}]},{\"@type\":\"WebPage\",\"@id\":\"https:\/\/evertonfc.cz\/index.php\/2017\/08\/10\/preview-everton-stoke-city-8\/\",\"url\":\"https:\/\/evertonfc.cz\/index.php\/2017\/08\/10\/preview-everton-stoke-city-8\/\",\"name\":\"Preview: Everton - Stoke City - Official Czech &amp; Slovak Everton Supporters&#039; Club\",\"isPartOf\":{\"@id\":\"https:\/\/evertonfc.cz\/#website\"},\"primaryImageOfPage\":{\"@id\":\"https:\/\/evertonfc.cz\/index.php\/2017\/08\/10\/preview-everton-stoke-city-8\/#primaryimage\"},\"image\":{\"@id\":\"https:\/\/evertonfc.cz\/index.php\/2017\/08\/10\/preview-everton-stoke-city-8\/#primaryimage\"},\"thumbnailUrl\":\"https:\/\/evertonfc.cz\/wp-content\/uploads\/2024\/11\/Everton-VS-Stoke-City.png\",\"datePublished\":\"2017-08-10T19:23:43+00:00\",\"dateModified\":\"2024-11-02T12:47:17+00:00\",\"breadcrumb\":{\"@id\":\"https:\/\/evertonfc.cz\/index.php\/2017\/08\/10\/preview-everton-stoke-city-8\/#breadcrumb\"},\"inLanguage\":\"cs\",\"potentialAction\":[{\"@type\":\"ReadAction\",\"target\":[\"https:\/\/evertonfc.cz\/index.php\/2017\/08\/10\/preview-everton-stoke-city-8\/\"]}]},{\"@type\":\"ImageObject\",\"inLanguage\":\"cs\",\"@id\":\"https:\/\/evertonfc.cz\/index.php\/2017\/08\/10\/preview-everton-stoke-city-8\/#primaryimage\",\"url\":\"https:\/\/evertonfc.cz\/wp-content\/uploads\/2024\/11\/Everton-VS-Stoke-City.png\",\"contentUrl\":\"https:\/\/evertonfc.cz\/wp-content\/uploads\/2024\/11\/Everton-VS-Stoke-City.png\",\"width\":720,\"height\":405},{\"@type\":\"BreadcrumbList\",\"@id\":\"https:\/\/evertonfc.cz\/index.php\/2017\/08\/10\/preview-everton-stoke-city-8\/#breadcrumb\",\"itemListElement\":[{\"@type\":\"ListItem\",\"position\":1,\"name\":\"Home\",\"item\":\"https:\/\/evertonfc.cz\/\"},{\"@type\":\"ListItem\",\"position\":2,\"name\":\"Preview: Everton &#8211; Stoke City\"}]},{\"@type\":\"WebSite\",\"@id\":\"https:\/\/evertonfc.cz\/#website\",\"url\":\"https:\/\/evertonfc.cz\/\",\"name\":\"Official Czech &amp; Slovak Everton Supporters&#039; Club\",\"description\":\"\",\"publisher\":{\"@id\":\"https:\/\/evertonfc.cz\/#organization\"},\"potentialAction\":[{\"@type\":\"SearchAction\",\"target\":{\"@type\":\"EntryPoint\",\"urlTemplate\":\"https:\/\/evertonfc.cz\/?s={search_term_string}\"},\"query-input\":{\"@type\":\"PropertyValueSpecification\",\"valueRequired\":true,\"valueName\":\"search_term_string\"}}],\"inLanguage\":\"cs\"},{\"@type\":\"Organization\",\"@id\":\"https:\/\/evertonfc.cz\/#organization\",\"name\":\"Official Czech & Slovak Everton Supporters' Club\",\"url\":\"https:\/\/evertonfc.cz\/\",\"logo\":{\"@type\":\"ImageObject\",\"inLanguage\":\"cs\",\"@id\":\"https:\/\/evertonfc.cz\/#\/schema\/logo\/image\/\",\"url\":\"https:\/\/evertonfc.cz\/wp-content\/uploads\/2019\/05\/logo.png\",\"contentUrl\":\"https:\/\/evertonfc.cz\/wp-content\/uploads\/2019\/05\/logo.png\",\"width\":112,\"height\":112,\"caption\":\"Official Czech & Slovak Everton Supporters' Club\"},\"image\":{\"@id\":\"https:\/\/evertonfc.cz\/#\/schema\/logo\/image\/\"},\"sameAs\":[\"https:\/\/www.facebook.com\/everton.fans.cz.sk\"]},{\"@type\":\"Person\",\"@id\":\"https:\/\/evertonfc.cz\/#\/schema\/person\/b30daf6a5852f4811f8207a17ec1bf78\",\"name\":\"Javor\",\"sameAs\":[\"https:\/\/x.com\/LoudinJan\"],\"url\":\"https:\/\/evertonfc.cz\/index.php\/author\/javor\/\"}]}<\/script>\n<!-- \/ Yoast SEO plugin. -->","yoast_head_json":{"title":"Preview: Everton - Stoke City - Official Czech &amp; Slovak Everton Supporters&#039; Club","robots":{"index":"index","follow":"follow","max-snippet":"max-snippet:-1","max-image-preview":"max-image-preview:large","max-video-preview":"max-video-preview:-1"},"canonical":"https:\/\/evertonfc.cz\/index.php\/2017\/08\/10\/preview-everton-stoke-city-8\/","og_locale":"cs_CZ","og_type":"article","og_title":"Preview: Everton - Stoke City - Official Czech &amp; Slovak Everton Supporters&#039; Club","og_description":"P\u0159\u00ed\u0161t\u00ed zast\u00e1vka PL vlaku ze Stoke on Trent: Lime Street! P\u0159\u00edpravn\u00e9 z\u00e1pasy u konce, a tak je t\u0159eba za\u010d\u00edt druhou&hellip;","og_url":"https:\/\/evertonfc.cz\/index.php\/2017\/08\/10\/preview-everton-stoke-city-8\/","og_site_name":"Official Czech &amp; Slovak Everton Supporters&#039; Club","article_publisher":"https:\/\/www.facebook.com\/everton.fans.cz.sk","article_published_time":"2017-08-10T19:23:43+00:00","article_modified_time":"2024-11-02T12:47:17+00:00","og_image":[{"width":720,"height":405,"url":"https:\/\/evertonfc.cz\/wp-content\/uploads\/2024\/11\/Everton-VS-Stoke-City.png","type":"image\/png"}],"author":"Javor","twitter_card":"summary_large_image","twitter_creator":"@LoudinJan","twitter_misc":{"Napsal(a)":"Javor","Odhadovan\u00e1 doba \u010dten\u00ed":"3 minuty"},"schema":{"@context":"https:\/\/schema.org","@graph":[{"@type":"Article","@id":"https:\/\/evertonfc.cz\/index.php\/2017\/08\/10\/preview-everton-stoke-city-8\/#article","isPartOf":{"@id":"https:\/\/evertonfc.cz\/index.php\/2017\/08\/10\/preview-everton-stoke-city-8\/"},"author":{"name":"Javor","@id":"https:\/\/evertonfc.cz\/#\/schema\/person\/b30daf6a5852f4811f8207a17ec1bf78"},"headline":"Preview: Everton &#8211; Stoke City","datePublished":"2017-08-10T19:23:43+00:00","dateModified":"2024-11-02T12:47:17+00:00","mainEntityOfPage":{"@id":"https:\/\/evertonfc.cz\/index.php\/2017\/08\/10\/preview-everton-stoke-city-8\/"},"wordCount":515,"commentCount":0,"publisher":{"@id":"https:\/\/evertonfc.cz\/#organization"},"image":{"@id":"https:\/\/evertonfc.cz\/index.php\/2017\/08\/10\/preview-everton-stoke-city-8\/#primaryimage"},"thumbnailUrl":"https:\/\/evertonfc.cz\/wp-content\/uploads\/2024\/11\/Everton-VS-Stoke-City.png","articleSection":["Z\u00e1pasy"],"inLanguage":"cs","potentialAction":[{"@type":"CommentAction","name":"Comment","target":["https:\/\/evertonfc.cz\/index.php\/2017\/08\/10\/preview-everton-stoke-city-8\/#respond"]}]},{"@type":"WebPage","@id":"https:\/\/evertonfc.cz\/index.php\/2017\/08\/10\/preview-everton-stoke-city-8\/","url":"https:\/\/evertonfc.cz\/index.php\/2017\/08\/10\/preview-everton-stoke-city-8\/","name":"Preview: Everton - Stoke City - Official Czech &amp; Slovak Everton Supporters&#039; Club","isPartOf":{"@id":"https:\/\/evertonfc.cz\/#website"},"primaryImageOfPage":{"@id":"https:\/\/evertonfc.cz\/index.php\/2017\/08\/10\/preview-everton-stoke-city-8\/#primaryimage"},"image":{"@id":"https:\/\/evertonfc.cz\/index.php\/2017\/08\/10\/preview-everton-stoke-city-8\/#primaryimage"},"thumbnailUrl":"https:\/\/evertonfc.cz\/wp-content\/uploads\/2024\/11\/Everton-VS-Stoke-City.png","datePublished":"2017-08-10T19:23:43+00:00","dateModified":"2024-11-02T12:47:17+00:00","breadcrumb":{"@id":"https:\/\/evertonfc.cz\/index.php\/2017\/08\/10\/preview-everton-stoke-city-8\/#breadcrumb"},"inLanguage":"cs","potentialAction":[{"@type":"ReadAction","target":["https:\/\/evertonfc.cz\/index.php\/2017\/08\/10\/preview-everton-stoke-city-8\/"]}]},{"@type":"ImageObject","inLanguage":"cs","@id":"https:\/\/evertonfc.cz\/index.php\/2017\/08\/10\/preview-everton-stoke-city-8\/#primaryimage","url":"https:\/\/evertonfc.cz\/wp-content\/uploads\/2024\/11\/Everton-VS-Stoke-City.png","contentUrl":"https:\/\/evertonfc.cz\/wp-content\/uploads\/2024\/11\/Everton-VS-Stoke-City.png","width":720,"height":405},{"@type":"BreadcrumbList","@id":"https:\/\/evertonfc.cz\/index.php\/2017\/08\/10\/preview-everton-stoke-city-8\/#breadcrumb","itemListElement":[{"@type":"ListItem","position":1,"name":"Home","item":"https:\/\/evertonfc.cz\/"},{"@type":"ListItem","position":2,"name":"Preview: Everton &#8211; Stoke City"}]},{"@type":"WebSite","@id":"https:\/\/evertonfc.cz\/#website","url":"https:\/\/evertonfc.cz\/","name":"Official Czech &amp; Slovak Everton Supporters&#039; Club","description":"","publisher":{"@id":"https:\/\/evertonfc.cz\/#organization"},"potentialAction":[{"@type":"SearchAction","target":{"@type":"EntryPoint","urlTemplate":"https:\/\/evertonfc.cz\/?s={search_term_string}"},"query-input":{"@type":"PropertyValueSpecification","valueRequired":true,"valueName":"search_term_string"}}],"inLanguage":"cs"},{"@type":"Organization","@id":"https:\/\/evertonfc.cz\/#organization","name":"Official Czech & Slovak Everton Supporters' Club","url":"https:\/\/evertonfc.cz\/","logo":{"@type":"ImageObject","inLanguage":"cs","@id":"https:\/\/evertonfc.cz\/#\/schema\/logo\/image\/","url":"https:\/\/evertonfc.cz\/wp-content\/uploads\/2019\/05\/logo.png","contentUrl":"https:\/\/evertonfc.cz\/wp-content\/uploads\/2019\/05\/logo.png","width":112,"height":112,"caption":"Official Czech & Slovak Everton Supporters' Club"},"image":{"@id":"https:\/\/evertonfc.cz\/#\/schema\/logo\/image\/"},"sameAs":["https:\/\/www.facebook.com\/everton.fans.cz.sk"]},{"@type":"Person","@id":"https:\/\/evertonfc.cz\/#\/schema\/person\/b30daf6a5852f4811f8207a17ec1bf78","name":"Javor","sameAs":["https:\/\/x.com\/LoudinJan"],"url":"https:\/\/evertonfc.cz\/index.php\/author\/javor\/"}]}},"_links":{"self":[{"href":"https:\/\/evertonfc.cz\/index.php\/wp-json\/wp\/v2\/posts\/2680"}],"collection":[{"href":"https:\/\/evertonfc.cz\/index.php\/wp-json\/wp\/v2\/posts"}],"about":[{"href":"https:\/\/evertonfc.cz\/index.php\/wp-json\/wp\/v2\/types\/post"}],"author":[{"embeddable":true,"href":"https:\/\/evertonfc.cz\/index.php\/wp-json\/wp\/v2\/users\/12"}],"replies":[{"embeddable":true,"href":"https:\/\/evertonfc.cz\/index.php\/wp-json\/wp\/v2\/comments?post=2680"}],"version-history":[{"count":3,"href":"https:\/\/evertonfc.cz\/index.php\/wp-json\/wp\/v2\/posts\/2680\/revisions"}],"predecessor-version":[{"id":25547,"href":"https:\/\/evertonfc.cz\/index.php\/wp-json\/wp\/v2\/posts\/2680\/revisions\/25547"}],"wp:featuredmedia":[{"embeddable":true,"href":"https:\/\/evertonfc.cz\/index.php\/wp-json\/wp\/v2\/media\/25543"}],"wp:attachment":[{"href":"https:\/\/evertonfc.cz\/index.php\/wp-json\/wp\/v2\/media?parent=2680"}],"wp:term":[{"taxonomy":"category","embeddable":true,"href":"https:\/\/evertonfc.cz\/index.php\/wp-json\/wp\/v2\/categories?post=2680"},{"taxonomy":"post_tag","embeddable":true,"href":"https:\/\/evertonfc.cz\/index.php\/wp-json\/wp\/v2\/tags?post=2680"}],"curies":[{"name":"wp","href":"https:\/\/api.w.org\/{rel}","templated":true}]}}