{"id":26826,"date":"2025-05-27T10:50:43","date_gmt":"2025-05-27T08:50:43","guid":{"rendered":"https:\/\/evertonfc.cz\/?p=26826"},"modified":"2025-05-27T10:50:43","modified_gmt":"2025-05-27T08:50:43","slug":"newcastle-united-everton-01-2","status":"publish","type":"post","link":"https:\/\/evertonfc.cz\/index.php\/2025\/05\/27\/newcastle-united-everton-01-2\/","title":{"rendered":"Newcastle United \u2013 Everton 0:1"},"content":{"rendered":"<h4>Karamelky se na\u017eraly, ale Straky z\u016fstaly v\u00a0CL. Moyes udr\u017eel fokus a Everton uzav\u00edr\u00e1 sez\u00f3nu 3 v\u00fdhrami v\u00a0\u0159ad\u011b. Dom\u00e1c\u00ed i p\u0159es por\u00e1\u017eku udr\u017eeli vstupenku do milion\u00e1\u0159sk\u00e9 sout\u011b\u017ee.<\/h4>\n<p>Everton p\u0159ekvapiv\u011b nevypustil posledn\u00ed duel a zasko\u010dil favorita, kter\u00e9mu \u0161lo o hodn\u011b. Za to Toffees se mohl v\u00a0klidu dohr\u00e1t, 13. flek mu nikdo sebrat nemohl. P\u0159esto se zada\u0159ilo. Snad tomu pomohla aktu\u00e1ln\u00ed forma a absence tlaku povinnosti, zvl\u00e1\u0161tn\u00ed motivaci m\u011bl kapit\u00e1n t\u00fdmu, odchovanec lok\u00e1ln\u00edho rivala. Tak\u00e9 n\u00e1\u0161 mana\u017eer n\u011bjakou dobu str\u00e1vil s Mackems. Sunderland nav\u00edc slav\u00ed postup po letech mezi elitu, odkud vypadli p\u0159es 8 lety pod veden\u00edm pr\u00e1v\u011b Moyese.<\/p>\n<h4>Prvn\u00ed polo\u010das<\/h4>\n<p>Dom\u00e1c\u00ed patrn\u011b ne\u010dekali takov\u00fd vzdor. Hned od za\u010d\u00e1tku narazili na kompaktn\u00ed a disciplinovanou obranu Evertonu. T\u00e9 chyb\u011bli oba hlavn\u00ed zad\u00e1ci, p\u0159esto dok\u00e1zali soupe\u0159i \u010delit v\u00edce ne\u017e d\u016fstojn\u011b. Gordon p\u0159est\u0159elil z\u00a0p\u0159\u00edm\u00e1ku. P\u00e1r roh\u016f se poda\u0159ilo odvr\u00e1tit.<\/p>\n<p>Everton se dop\u0159edu rozj\u00ed\u017ed\u011bl pomaleji, Garner v\u00e1hal s\u00a0centrem, Ndiaye st\u0159ela byla zablokov\u00e1na. Pope se ale musel n\u00e1sledn\u011b vyt\u00e1hnout proti ran\u00e1m Alcaraze a Garnera. Souboj o jedni\u010dku Anglie pak gradoval v\u00fdborn\u00fdm dvojz\u00e1sahem Pickforda proti Tonalimu a dor\u00e1\u017ece Isaka. Dvakr\u00e1t pak musel zasahovat po roz\u00edch proti Botmanovi. Nejv\u011bt\u0161\u00ed \u0161anci Evertonu v\u00a0polo\u010dase m\u011bl Alcaraz po centru Mykolenka. I tady se Pope vyt\u00e1hl.<\/p>\n<h4>Druh\u00fd polo\u010das<\/h4>\n<p>N\u011bco se stalo s\u00a0pravidly ohledn\u011b hran\u00ed rukou, proto\u017ee podobn\u011b jako p\u0159ed t\u00fddnem Mykolenkova ani Burnova ruka po centru Harrisona se nep\u00edskala. N\u00e1sledn\u011b p\u00e1lil op\u011bt sebev\u011bdom\u011b Alcaraz, ale Pope op\u011bt zasahoval. Dal\u0161\u00ed tit\u00e1nsk\u00fd v\u00fdkon Gueyeho zapo\u010dal brejk, centr Mykolenka mezi obr\u00e1nce doplachtil na hlavu Alcaraze, kter\u00fd ji um\u00edstil perfektn\u011b k\u00a0ty\u010di \u2013 <strong>0:1<\/strong>.<\/p>\n<p>Zoufal\u00ed dom\u00e1c\u00ed za\u010dali tla\u010dit alespo\u0148 na vyrovn\u00e1n\u00ed, Moyes prost\u0159\u00eddal ofenz\u00edvu za v\u00edce dozadu mysl\u00edc\u00ed Doucour\u00e9ho a McNeila. Naopak Howe povolal dal\u0161\u00ed 2 \u00fato\u010dn\u00edky ve Wilsonovi a Osulovi. Jejich \u0161ance p\u0159i\u0161la, ale ani Trippier\u016fv p\u0159\u00edm\u00fd kop, aniSch\u00e4r, ani Guimaraes s\u00a0Osulou si na Pickforda se skv\u011blou obranou nep\u0159i\u0161li.<\/p>\n<p>S\u00e9rie \u017elut\u00fdch karet, dokonce pro Moyese za projevy nespokojenosti, m\u016f\u017eeme pova\u017eovat za d\u016fkaz sve\u0159eposti Evertonu. Kdy\u017e se poda\u0159ilo p\u0159e\u017e\u00edt i nastaven\u00ed, i dom\u00e1c\u00ed u\u017e v\u011bd\u011bli, \u017ee Ligu mistr\u016f jim zachra\u0148uj\u00ed Red Devils ve spolupr\u00e1ci s\u00a0rozhod\u010d\u00edmi, nastala v\u0161eobecn\u00e1 \u00faleva z\u00a0konce sez\u00f3ny. Everton u\u0161t\u011bd\u0159il Toons jejich 12 por\u00e1\u017eku v\u00a0sez\u00f3n\u011b a p\u00e1d na 5. m\u00edsto. Everton se stejn\u00fdm po\u010dtem por\u00e1\u017eek bude ji\u017e nav\u017edy, kon\u010d\u00ed t\u0159in\u00e1ct\u00fd.<\/p>\n<p style=\"text-align: right;\"><span style=\"font-size: 8pt;\">Fotozdroj: skysports.com<\/span><\/p>\n<p><strong>Branka<\/strong>: 65\u2018 Alcaraz<\/p>\n<p><strong>\u017dlut\u00e9<\/strong> <strong>karty<\/strong>: 38\u2018 Sch\u00e4r \u2013 24\u2018 Gueye, 77\u2018 Young, 81\u2018 Moyes, 81\u2018 Mykolenko, 82\u2018 Garner<\/p>\n<p><strong>Dr\u017een\u00ed<\/strong> <strong>m\u00ed\u010de<\/strong>: 66% &#8211; 34% <strong>St\u0159ely\/na branku<\/strong>: 17\/6 \u2013 14\/6 <strong>Rohy<\/strong>: 12 \u2013 3 <strong>xG<\/strong>: 1,27 \u2013 0,90<\/p>\n<p><strong>Newcastle<\/strong> <strong>United<\/strong>: Pope \u2013 Sch\u00e4r, Botman (63\u2018 Trippier), Burn \u2013 Murphy (70\u2018 Wilson), Guimaraes, Tonali, Livramento \u2013 Barnes (83\u2018 Osula), ISak, Gordon (46\u2018 Willock)<\/p>\n<p><strong>Everton<\/strong>: Pickford \u2013 Young, O\u2019Brien, Keane, Mykolenko \u2013 Gueye, Garner \u2013 Ndiaye, Alcaraz (76\u2018 Doucour\u00e9), Harrison (76\u2018 McNeil) \u2013 Beto (88\u2018 Calvert-Lewin)<\/p>\n<p><strong>Rozhod\u010d\u00ed<\/strong>: T. Harrington <strong>Div\u00e1k\u016f<\/strong>: 52 221<\/p>\n","protected":false},"excerpt":{"rendered":"<p>Karamelky se na\u017eraly, ale Straky z\u016fstaly v\u00a0CL. Moyes udr\u017eel fokus a Everton uzav\u00edr\u00e1 sez\u00f3nu 3 v\u00fdhrami v\u00a0\u0159ad\u011b. Dom\u00e1c\u00ed i p\u0159es por\u00e1\u017eku udr\u017eeli vstupenku do milion\u00e1\u0159sk\u00e9 sout\u011b\u017ee.<\/p>\n","protected":false},"author":10,"featured_media":26824,"comment_status":"open","ping_status":"closed","sticky":false,"template":"","format":"standard","meta":{"_eb_attr":"","_monsterinsights_skip_tracking":false,"_monsterinsights_sitenote_active":false,"_monsterinsights_sitenote_note":"","_monsterinsights_sitenote_category":0,"footnotes":""},"categories":[4],"tags":[],"yoast_head":"<!-- This site is optimized with the Yoast SEO plugin v23.4 - https:\/\/yoast.com\/wordpress\/plugins\/seo\/ -->\n<title>Newcastle United \u2013 Everton 0:1 - Official Czech &amp; Slovak Everton Supporters&#039; Club<\/title>\n<meta name=\"robots\" content=\"index, follow, max-snippet:-1, max-image-preview:large, max-video-preview:-1\" \/>\n<link rel=\"canonical\" href=\"https:\/\/evertonfc.cz\/index.php\/2025\/05\/27\/newcastle-united-everton-01-2\/\" \/>\n<meta property=\"og:locale\" content=\"cs_CZ\" \/>\n<meta property=\"og:type\" content=\"article\" \/>\n<meta property=\"og:title\" content=\"Newcastle United \u2013 Everton 0:1 - Official Czech &amp; Slovak Everton Supporters&#039; Club\" \/>\n<meta property=\"og:description\" content=\"Karamelky se na\u017eraly, ale Straky z\u016fstaly v\u00a0CL. Moyes udr\u017eel fokus a Everton uzav\u00edr\u00e1 sez\u00f3nu 3 v\u00fdhrami v\u00a0\u0159ad\u011b. Dom\u00e1c\u00ed i p\u0159es por\u00e1\u017eku udr\u017eeli vstupenku do milion\u00e1\u0159sk\u00e9 sout\u011b\u017ee.\" \/>\n<meta property=\"og:url\" content=\"https:\/\/evertonfc.cz\/index.php\/2025\/05\/27\/newcastle-united-everton-01-2\/\" \/>\n<meta property=\"og:site_name\" content=\"Official Czech &amp; Slovak Everton Supporters&#039; Club\" \/>\n<meta property=\"article:publisher\" content=\"https:\/\/www.facebook.com\/everton.fans.cz.sk\" \/>\n<meta property=\"article:published_time\" content=\"2025-05-27T08:50:43+00:00\" \/>\n<meta property=\"og:image\" content=\"https:\/\/evertonfc.cz\/wp-content\/uploads\/2025\/05\/nufc_may25.jpg\" \/>\n\t<meta property=\"og:image:width\" content=\"720\" \/>\n\t<meta property=\"og:image:height\" content=\"405\" \/>\n\t<meta property=\"og:image:type\" content=\"image\/jpeg\" \/>\n<meta name=\"author\" content=\"Fip\" \/>\n<meta name=\"twitter:card\" content=\"summary_large_image\" \/>\n<meta name=\"twitter:label1\" content=\"Napsal(a)\" \/>\n\t<meta name=\"twitter:data1\" content=\"Fip\" \/>\n\t<meta name=\"twitter:label2\" content=\"Odhadovan\u00e1 doba \u010dten\u00ed\" \/>\n\t<meta name=\"twitter:data2\" content=\"3 minuty\" \/>\n<script type=\"application\/ld+json\" class=\"yoast-schema-graph\">{\"@context\":\"https:\/\/schema.org\",\"@graph\":[{\"@type\":\"Article\",\"@id\":\"https:\/\/evertonfc.cz\/index.php\/2025\/05\/27\/newcastle-united-everton-01-2\/#article\",\"isPartOf\":{\"@id\":\"https:\/\/evertonfc.cz\/index.php\/2025\/05\/27\/newcastle-united-everton-01-2\/\"},\"author\":{\"name\":\"Fip\",\"@id\":\"https:\/\/evertonfc.cz\/#\/schema\/person\/35904009755e8eaa0dc1a5f5f0419002\"},\"headline\":\"Newcastle United \u2013 Everton 0:1\",\"datePublished\":\"2025-05-27T08:50:43+00:00\",\"dateModified\":\"2025-05-27T08:50:43+00:00\",\"mainEntityOfPage\":{\"@id\":\"https:\/\/evertonfc.cz\/index.php\/2025\/05\/27\/newcastle-united-everton-01-2\/\"},\"wordCount\":560,\"commentCount\":4,\"publisher\":{\"@id\":\"https:\/\/evertonfc.cz\/#organization\"},\"image\":{\"@id\":\"https:\/\/evertonfc.cz\/index.php\/2025\/05\/27\/newcastle-united-everton-01-2\/#primaryimage\"},\"thumbnailUrl\":\"https:\/\/evertonfc.cz\/wp-content\/uploads\/2025\/05\/nufc_may25.jpg\",\"articleSection\":[\"Z\u00e1pasy\"],\"inLanguage\":\"cs\",\"potentialAction\":[{\"@type\":\"CommentAction\",\"name\":\"Comment\",\"target\":[\"https:\/\/evertonfc.cz\/index.php\/2025\/05\/27\/newcastle-united-everton-01-2\/#respond\"]}]},{\"@type\":\"WebPage\",\"@id\":\"https:\/\/evertonfc.cz\/index.php\/2025\/05\/27\/newcastle-united-everton-01-2\/\",\"url\":\"https:\/\/evertonfc.cz\/index.php\/2025\/05\/27\/newcastle-united-everton-01-2\/\",\"name\":\"Newcastle United \u2013 Everton 0:1 - Official Czech &amp; Slovak Everton Supporters&#039; Club\",\"isPartOf\":{\"@id\":\"https:\/\/evertonfc.cz\/#website\"},\"primaryImageOfPage\":{\"@id\":\"https:\/\/evertonfc.cz\/index.php\/2025\/05\/27\/newcastle-united-everton-01-2\/#primaryimage\"},\"image\":{\"@id\":\"https:\/\/evertonfc.cz\/index.php\/2025\/05\/27\/newcastle-united-everton-01-2\/#primaryimage\"},\"thumbnailUrl\":\"https:\/\/evertonfc.cz\/wp-content\/uploads\/2025\/05\/nufc_may25.jpg\",\"datePublished\":\"2025-05-27T08:50:43+00:00\",\"dateModified\":\"2025-05-27T08:50:43+00:00\",\"breadcrumb\":{\"@id\":\"https:\/\/evertonfc.cz\/index.php\/2025\/05\/27\/newcastle-united-everton-01-2\/#breadcrumb\"},\"inLanguage\":\"cs\",\"potentialAction\":[{\"@type\":\"ReadAction\",\"target\":[\"https:\/\/evertonfc.cz\/index.php\/2025\/05\/27\/newcastle-united-everton-01-2\/\"]}]},{\"@type\":\"ImageObject\",\"inLanguage\":\"cs\",\"@id\":\"https:\/\/evertonfc.cz\/index.php\/2025\/05\/27\/newcastle-united-everton-01-2\/#primaryimage\",\"url\":\"https:\/\/evertonfc.cz\/wp-content\/uploads\/2025\/05\/nufc_may25.jpg\",\"contentUrl\":\"https:\/\/evertonfc.cz\/wp-content\/uploads\/2025\/05\/nufc_may25.jpg\",\"width\":720,\"height\":405},{\"@type\":\"BreadcrumbList\",\"@id\":\"https:\/\/evertonfc.cz\/index.php\/2025\/05\/27\/newcastle-united-everton-01-2\/#breadcrumb\",\"itemListElement\":[{\"@type\":\"ListItem\",\"position\":1,\"name\":\"Home\",\"item\":\"https:\/\/evertonfc.cz\/\"},{\"@type\":\"ListItem\",\"position\":2,\"name\":\"Newcastle United \u2013 Everton 0:1\"}]},{\"@type\":\"WebSite\",\"@id\":\"https:\/\/evertonfc.cz\/#website\",\"url\":\"https:\/\/evertonfc.cz\/\",\"name\":\"Official Czech &amp; Slovak Everton Supporters&#039; Club\",\"description\":\"\",\"publisher\":{\"@id\":\"https:\/\/evertonfc.cz\/#organization\"},\"potentialAction\":[{\"@type\":\"SearchAction\",\"target\":{\"@type\":\"EntryPoint\",\"urlTemplate\":\"https:\/\/evertonfc.cz\/?s={search_term_string}\"},\"query-input\":{\"@type\":\"PropertyValueSpecification\",\"valueRequired\":true,\"valueName\":\"search_term_string\"}}],\"inLanguage\":\"cs\"},{\"@type\":\"Organization\",\"@id\":\"https:\/\/evertonfc.cz\/#organization\",\"name\":\"Official Czech & Slovak Everton Supporters' Club\",\"url\":\"https:\/\/evertonfc.cz\/\",\"logo\":{\"@type\":\"ImageObject\",\"inLanguage\":\"cs\",\"@id\":\"https:\/\/evertonfc.cz\/#\/schema\/logo\/image\/\",\"url\":\"https:\/\/evertonfc.cz\/wp-content\/uploads\/2019\/05\/logo.png\",\"contentUrl\":\"https:\/\/evertonfc.cz\/wp-content\/uploads\/2019\/05\/logo.png\",\"width\":112,\"height\":112,\"caption\":\"Official Czech & Slovak Everton Supporters' Club\"},\"image\":{\"@id\":\"https:\/\/evertonfc.cz\/#\/schema\/logo\/image\/\"},\"sameAs\":[\"https:\/\/www.facebook.com\/everton.fans.cz.sk\"]},{\"@type\":\"Person\",\"@id\":\"https:\/\/evertonfc.cz\/#\/schema\/person\/35904009755e8eaa0dc1a5f5f0419002\",\"name\":\"Fip\",\"url\":\"https:\/\/evertonfc.cz\/index.php\/author\/fip\/\"}]}<\/script>\n<!-- \/ Yoast SEO plugin. -->","yoast_head_json":{"title":"Newcastle United \u2013 Everton 0:1 - Official Czech &amp; Slovak Everton Supporters&#039; Club","robots":{"index":"index","follow":"follow","max-snippet":"max-snippet:-1","max-image-preview":"max-image-preview:large","max-video-preview":"max-video-preview:-1"},"canonical":"https:\/\/evertonfc.cz\/index.php\/2025\/05\/27\/newcastle-united-everton-01-2\/","og_locale":"cs_CZ","og_type":"article","og_title":"Newcastle United \u2013 Everton 0:1 - Official Czech &amp; Slovak Everton Supporters&#039; Club","og_description":"Karamelky se na\u017eraly, ale Straky z\u016fstaly v\u00a0CL. Moyes udr\u017eel fokus a Everton uzav\u00edr\u00e1 sez\u00f3nu 3 v\u00fdhrami v\u00a0\u0159ad\u011b. Dom\u00e1c\u00ed i p\u0159es por\u00e1\u017eku udr\u017eeli vstupenku do milion\u00e1\u0159sk\u00e9 sout\u011b\u017ee.","og_url":"https:\/\/evertonfc.cz\/index.php\/2025\/05\/27\/newcastle-united-everton-01-2\/","og_site_name":"Official Czech &amp; Slovak Everton Supporters&#039; Club","article_publisher":"https:\/\/www.facebook.com\/everton.fans.cz.sk","article_published_time":"2025-05-27T08:50:43+00:00","og_image":[{"width":720,"height":405,"url":"https:\/\/evertonfc.cz\/wp-content\/uploads\/2025\/05\/nufc_may25.jpg","type":"image\/jpeg"}],"author":"Fip","twitter_card":"summary_large_image","twitter_misc":{"Napsal(a)":"Fip","Odhadovan\u00e1 doba \u010dten\u00ed":"3 minuty"},"schema":{"@context":"https:\/\/schema.org","@graph":[{"@type":"Article","@id":"https:\/\/evertonfc.cz\/index.php\/2025\/05\/27\/newcastle-united-everton-01-2\/#article","isPartOf":{"@id":"https:\/\/evertonfc.cz\/index.php\/2025\/05\/27\/newcastle-united-everton-01-2\/"},"author":{"name":"Fip","@id":"https:\/\/evertonfc.cz\/#\/schema\/person\/35904009755e8eaa0dc1a5f5f0419002"},"headline":"Newcastle United \u2013 Everton 0:1","datePublished":"2025-05-27T08:50:43+00:00","dateModified":"2025-05-27T08:50:43+00:00","mainEntityOfPage":{"@id":"https:\/\/evertonfc.cz\/index.php\/2025\/05\/27\/newcastle-united-everton-01-2\/"},"wordCount":560,"commentCount":4,"publisher":{"@id":"https:\/\/evertonfc.cz\/#organization"},"image":{"@id":"https:\/\/evertonfc.cz\/index.php\/2025\/05\/27\/newcastle-united-everton-01-2\/#primaryimage"},"thumbnailUrl":"https:\/\/evertonfc.cz\/wp-content\/uploads\/2025\/05\/nufc_may25.jpg","articleSection":["Z\u00e1pasy"],"inLanguage":"cs","potentialAction":[{"@type":"CommentAction","name":"Comment","target":["https:\/\/evertonfc.cz\/index.php\/2025\/05\/27\/newcastle-united-everton-01-2\/#respond"]}]},{"@type":"WebPage","@id":"https:\/\/evertonfc.cz\/index.php\/2025\/05\/27\/newcastle-united-everton-01-2\/","url":"https:\/\/evertonfc.cz\/index.php\/2025\/05\/27\/newcastle-united-everton-01-2\/","name":"Newcastle United \u2013 Everton 0:1 - Official Czech &amp; Slovak Everton Supporters&#039; Club","isPartOf":{"@id":"https:\/\/evertonfc.cz\/#website"},"primaryImageOfPage":{"@id":"https:\/\/evertonfc.cz\/index.php\/2025\/05\/27\/newcastle-united-everton-01-2\/#primaryimage"},"image":{"@id":"https:\/\/evertonfc.cz\/index.php\/2025\/05\/27\/newcastle-united-everton-01-2\/#primaryimage"},"thumbnailUrl":"https:\/\/evertonfc.cz\/wp-content\/uploads\/2025\/05\/nufc_may25.jpg","datePublished":"2025-05-27T08:50:43+00:00","dateModified":"2025-05-27T08:50:43+00:00","breadcrumb":{"@id":"https:\/\/evertonfc.cz\/index.php\/2025\/05\/27\/newcastle-united-everton-01-2\/#breadcrumb"},"inLanguage":"cs","potentialAction":[{"@type":"ReadAction","target":["https:\/\/evertonfc.cz\/index.php\/2025\/05\/27\/newcastle-united-everton-01-2\/"]}]},{"@type":"ImageObject","inLanguage":"cs","@id":"https:\/\/evertonfc.cz\/index.php\/2025\/05\/27\/newcastle-united-everton-01-2\/#primaryimage","url":"https:\/\/evertonfc.cz\/wp-content\/uploads\/2025\/05\/nufc_may25.jpg","contentUrl":"https:\/\/evertonfc.cz\/wp-content\/uploads\/2025\/05\/nufc_may25.jpg","width":720,"height":405},{"@type":"BreadcrumbList","@id":"https:\/\/evertonfc.cz\/index.php\/2025\/05\/27\/newcastle-united-everton-01-2\/#breadcrumb","itemListElement":[{"@type":"ListItem","position":1,"name":"Home","item":"https:\/\/evertonfc.cz\/"},{"@type":"ListItem","position":2,"name":"Newcastle United \u2013 Everton 0:1"}]},{"@type":"WebSite","@id":"https:\/\/evertonfc.cz\/#website","url":"https:\/\/evertonfc.cz\/","name":"Official Czech &amp; Slovak Everton Supporters&#039; Club","description":"","publisher":{"@id":"https:\/\/evertonfc.cz\/#organization"},"potentialAction":[{"@type":"SearchAction","target":{"@type":"EntryPoint","urlTemplate":"https:\/\/evertonfc.cz\/?s={search_term_string}"},"query-input":{"@type":"PropertyValueSpecification","valueRequired":true,"valueName":"search_term_string"}}],"inLanguage":"cs"},{"@type":"Organization","@id":"https:\/\/evertonfc.cz\/#organization","name":"Official Czech & Slovak Everton Supporters' Club","url":"https:\/\/evertonfc.cz\/","logo":{"@type":"ImageObject","inLanguage":"cs","@id":"https:\/\/evertonfc.cz\/#\/schema\/logo\/image\/","url":"https:\/\/evertonfc.cz\/wp-content\/uploads\/2019\/05\/logo.png","contentUrl":"https:\/\/evertonfc.cz\/wp-content\/uploads\/2019\/05\/logo.png","width":112,"height":112,"caption":"Official Czech & Slovak Everton Supporters' Club"},"image":{"@id":"https:\/\/evertonfc.cz\/#\/schema\/logo\/image\/"},"sameAs":["https:\/\/www.facebook.com\/everton.fans.cz.sk"]},{"@type":"Person","@id":"https:\/\/evertonfc.cz\/#\/schema\/person\/35904009755e8eaa0dc1a5f5f0419002","name":"Fip","url":"https:\/\/evertonfc.cz\/index.php\/author\/fip\/"}]}},"_links":{"self":[{"href":"https:\/\/evertonfc.cz\/index.php\/wp-json\/wp\/v2\/posts\/26826"}],"collection":[{"href":"https:\/\/evertonfc.cz\/index.php\/wp-json\/wp\/v2\/posts"}],"about":[{"href":"https:\/\/evertonfc.cz\/index.php\/wp-json\/wp\/v2\/types\/post"}],"author":[{"embeddable":true,"href":"https:\/\/evertonfc.cz\/index.php\/wp-json\/wp\/v2\/users\/10"}],"replies":[{"embeddable":true,"href":"https:\/\/evertonfc.cz\/index.php\/wp-json\/wp\/v2\/comments?post=26826"}],"version-history":[{"count":1,"href":"https:\/\/evertonfc.cz\/index.php\/wp-json\/wp\/v2\/posts\/26826\/revisions"}],"predecessor-version":[{"id":26827,"href":"https:\/\/evertonfc.cz\/index.php\/wp-json\/wp\/v2\/posts\/26826\/revisions\/26827"}],"wp:featuredmedia":[{"embeddable":true,"href":"https:\/\/evertonfc.cz\/index.php\/wp-json\/wp\/v2\/media\/26824"}],"wp:attachment":[{"href":"https:\/\/evertonfc.cz\/index.php\/wp-json\/wp\/v2\/media?parent=26826"}],"wp:term":[{"taxonomy":"category","embeddable":true,"href":"https:\/\/evertonfc.cz\/index.php\/wp-json\/wp\/v2\/categories?post=26826"},{"taxonomy":"post_tag","embeddable":true,"href":"https:\/\/evertonfc.cz\/index.php\/wp-json\/wp\/v2\/tags?post=26826"}],"curies":[{"name":"wp","href":"https:\/\/api.w.org\/{rel}","templated":true}]}}