{"id":26838,"date":"2025-09-02T21:18:51","date_gmt":"2025-09-02T19:18:51","guid":{"rendered":"https:\/\/evertonfc.cz\/?p=26838"},"modified":"2025-10-13T11:03:29","modified_gmt":"2025-10-13T09:03:29","slug":"prestupove-leto-2025","status":"publish","type":"post","link":"https:\/\/evertonfc.cz\/index.php\/2025\/09\/02\/prestupove-leto-2025\/","title":{"rendered":"P\u0159estupov\u00e9 l\u00e9to 2025"},"content":{"rendered":"<h4>Po letech finan\u010dn\u00edch omezen\u00ed a prodej\u016f opor pro\u017eil Everton l\u00e9to ve znamen\u00ed p\u0159estavby mu\u017esk\u00e9ho a \u017eensk\u00e9ho k\u00e1dru s c\u00edlem znovu b\u00fdt konkurenceschopn\u00fd.<\/h4>\n<hr \/>\n<h4 style=\"text-align: center;\"><strong>Potvrzen\u00e9 p\u0159estupy \u2013 mu\u017ei<\/strong><\/h4>\n<h4>P\u0159\u00edchody<\/h4>\n<ul>\n<li><strong>Harry Tyrer<\/strong> (Blackpool \u2013 n\u00e1vrat z hostov\u00e1n\u00ed) <sup>30. 06.<\/sup><\/li>\n<li><strong>Elijah Campbell<\/strong> (Ross County \u2013 n\u00e1vrat z hostov\u00e1n\u00ed) <sup>30. 06.<\/sup><\/li>\n<li><a href=\"https:\/\/evertonfc.cz\/index.php\/news\/everton-koupil-alcaraze\/\"><strong>Carlos Alcaraz <\/strong>(CR Flamengo \u2013 p\u0159estup, \u00a312,6+2,5m)<\/a> <sup>01. 07.<\/sup><\/li>\n<li><a href=\"https:\/\/evertonfc.cz\/index.php\/2025\/07\/09\/everton-koupil-thierna-barryho\/\"><strong>Thierno Barry<\/strong> (Villarreal \u2013 p\u0159estup, \u00a327,5+4m)<\/a> <sup>09. 07.<\/sup><\/li>\n<li><a href=\"https:\/\/evertonfc.cz\/index.php\/2025\/07\/15\/posila-do-brany-mark-travers\/\"><strong>Mark Travers<\/strong> (Bournemouth \u2013 p\u0159estup, \u00a34+1m)<\/a> <sup>15. 07.<\/sup><\/li>\n<li><a href=\"https:\/\/evertonfc.cz\/index.php\/2025\/07\/29\/dalsi-posilou-mladik-aznou\/\"><strong>Adam Aznou<\/strong> (Bayern Mnichov \u2013 p\u0159estup, \u00a38+2,5m)<\/a> <sup>29. 07.<\/sup><\/li>\n<li><a href=\"https:\/\/evertonfc.cz\/index.php\/2025\/08\/07\/dewsbury-hall-zakotvil-v-nasich-docich\/\"><strong>Kiernan Dewsbury-Hall<\/strong> (Chelsea \u2013 p\u0159estup, \u00a324+4m)<\/a> <sup>06. 08.<\/sup><\/li>\n<li><a href=\"https:\/\/evertonfc.cz\/index.php\/2025\/08\/12\/jack-realish-in-the-house\/\"><strong>Jack Grealish<\/strong> (Manchester City \u2013 hostov\u00e1n\u00ed, \u00a312m)<\/a> <sup>11. 08.<\/sup><\/li>\n<li><a href=\"https:\/\/evertonfc.cz\/index.php\/2025\/08\/15\/brankarskou-ekipu-rozsiruje-king\/\"><strong>Tom King<\/strong> (Wolverhampton Wanderers \u2013 p\u0159estup, nezve\u0159ejn\u011bn\u00e1 \u010d\u00e1stka)<\/a> <sup>15. 08.<\/sup><\/li>\n<li><a href=\"https:\/\/evertonfc.cz\/index.php\/2025\/08\/25\/teenager-dibling-konecne-v-modrem\/\"><strong>Tyler Dibling<\/strong> (Southampton \u2013 p\u0159estup, \u00a335+5m)<\/a> <sup>25. 08.<\/sup><\/li>\n<li><a href=\"https:\/\/evertonfc.cz\/index.php\/2025\/09\/01\/deadline-day-vykouzlil-posilu-merlin-rohl\/\"><strong>Merlin R\u00f6hl<\/strong> (SC Freiburg \u2013 hostov\u00e1n\u00ed, \u00a31,7m)<\/a> <sup>01. 09.<\/sup><\/li>\n<li style=\"list-style-type: none;\"><\/li>\n<\/ul>\n<h4>Odchody<\/h4>\n<ul>\n<li><strong>Armando Broja<\/strong> (Chelsea \u2013 konec hostov\u00e1n\u00ed) <sup>30. 06.<\/sup><\/li>\n<li><strong>Jack Harrison<\/strong> (Leeds United \u2013 konec hostov\u00e1n\u00ed) <sup>30. 06<\/sup><\/li>\n<li><strong>Jesper Lindstr\u00f8m<\/strong> (SSC Neapol \u2013 konec hostov\u00e1n\u00ed) <sup>30. 06.<\/sup><\/li>\n<li><strong>Orel Mangala<\/strong> (Olympique Lyon \u2013 konec hostov\u00e1n\u00ed) <sup>30. 06.<\/sup><\/li>\n<li><strong>Abdoulaye Doucour\u00e9<\/strong> (NEOM SC \u2013 voln\u00fd hr\u00e1\u010d) <sup>01. 07.<\/sup><\/li>\n<li><a href=\"https:\/\/evertonfc.cz\/index.php\/2025\/06\/29\/calvert-lewin-odchazi-z-evertonu\/\"><strong>Dominic Calvert-Lewin<\/strong> (Leeds United \u2013 voln\u00fd hr\u00e1\u010d)<\/a> <sup>01. 07.<\/sup><\/li>\n<li><strong>Asmir Begovi\u0107<\/strong> (Leicester City \u2013 voln\u00fd hr\u00e1\u010d) <sup>01. 07.<\/sup><\/li>\n<li><strong>Jo\u00e3o Virg\u00ednia<\/strong> (Sporting CP \u2013 voln\u00fd hr\u00e1\u010d) <sup>01. 07.<\/sup><\/li>\n<li><strong>Ashley Young<\/strong> (Ipswich Town \u2013 voln\u00fd hr\u00e1\u010d) <sup>01. 07.<\/sup><\/li>\n<li><strong>Mason Holgate<\/strong> (Al-Gharafa \u2013 voln\u00fd hr\u00e1\u010d) <sup>01. 07.<\/sup><\/li>\n<li><a href=\"https:\/\/evertonfc.cz\/index.php\/news\/maupay-prestupuje-do-marseille\/\"><strong>Neal Maupay <\/strong>(Olympique Marseille \u2013 p\u0159estup, \u00a36+4m)<\/a> <sup>01. 07.<\/sup><\/li>\n<li><a href=\"https:\/\/evertonfc.cz\/index.php\/news\/metcalfe-do-bradfordu\/\"><strong>Jenson Metcalfe <\/strong>(Bradford City \u2013 p\u0159estup, nezve\u0159ejn\u011bn\u00e1 \u010d\u00e1stka)<\/a> <sup>24. 07.<\/sup><\/li>\n<li><a href=\"https:\/\/evertonfc.cz\/index.php\/news\/mladici-se-vydali-na-hostovani\/\"><strong>Francis Okoronkwo <\/strong>(Lincoln City \u2013 hostov\u00e1n\u00ed)<\/a> <sup>18. 08.<\/sup><\/li>\n<li><a href=\"https:\/\/evertonfc.cz\/index.php\/news\/mladici-se-vydali-na-hostovani\/\"><strong>Martin Sherif <\/strong>(Rotherham United \u2013 hostov\u00e1n\u00ed)<\/a> <sup>18. 08.<\/sup><\/li>\n<li><a href=\"https:\/\/evertonfc.cz\/index.php\/news\/heath-hostuje-v-league-two\/\"><strong>Isaac Heath <\/strong>(Accrington Stanley \u2013 hostov\u00e1n\u00ed)<\/a> <sup>01. 09.<\/sup><\/li>\n<li><a href=\"https:\/\/evertonfc.cz\/index.php\/news\/onyango-se-vratil-do-stockportu\/\"><strong>Tyler Onyango <\/strong>(Stockport County \u2013 hostov\u00e1n\u00ed)<\/a> <sup>01. 09.<\/sup><\/li>\n<li><a href=\"https:\/\/evertonfc.cz\/index.php\/2025\/09\/01\/chermiti-zkusi-stesti-ve-skotsku\/\"><strong>Youssef Chermiti <\/strong>(Rangers \u2013 p\u0159estup, \u00a38+2m)<\/a> <sup>01. 09.<\/sup><\/li>\n<li><a href=\"https:\/\/evertonfc.cz\/index.php\/news\/armstrong-opet-na-hostovani\/\"><strong>Harrison Armstrong <\/strong>(Preston North End \u2013 hostov\u00e1n\u00ed)<\/a> <sup>01. 09.<\/sup><\/li>\n<\/ul>\n<hr \/>\n<h4 style=\"text-align: center;\"><strong>Potvrzen\u00e9 p\u0159estupy \u2013 \u017eeny<\/strong><\/h4>\n<h4>P\u0159\u00edchody<\/h4>\n<ul>\n<li><a href=\"https:\/\/evertonfc.cz\/index.php\/2025\/07\/04\/prichazi-rosa-van-gool\/\"><strong>Rosa van Gool<\/strong> (Ajax \u2013 voln\u00e1 hr\u00e1\u010dka) <\/a><sup>01. 07.<\/sup><\/li>\n<li><a href=\"https:\/\/evertonfc.cz\/index.php\/2025\/07\/05\/prichazi-ornella-vignola\/\"><strong>Ornella Vignola<\/strong> (Granada \u2013 voln\u00e1 hr\u00e1\u010dka)<\/a> <sup>04. 07.<\/sup><\/li>\n<li><a href=\"https:\/\/evertonfc.cz\/index.php\/2025\/07\/14\/prichazi-rion-ishikawa\/\"><strong>Rion Ishikawa<\/strong> (Urawa Red Diamonds \u2013 p\u0159estup, nezve\u0159ejn\u011bn\u00e1 \u010d\u00e1stka)<\/a> <sup>07. 07.<\/sup><\/li>\n<li><a href=\"https:\/\/evertonfc.cz\/index.php\/2025\/07\/15\/prichazi-hikaru-kitagawa\/\"><strong>Hikaru Kitagawa<\/strong> (BK H\u00e4cken \u2013 p\u0159estup, nezve\u0159ejn\u011bn\u00e1 \u010d\u00e1stka)<\/a> <sup>09. 07.<\/sup><\/li>\n<li><a href=\"https:\/\/evertonfc.cz\/index.php\/2025\/07\/17\/prichazi-yuka-momiki\/\"><strong>Yuka Momiki<\/strong> (Leicester City \u2013 voln\u00e1 hra\u010dka)<\/a> <sup>11. 07.<\/sup><\/li>\n<li><a href=\"https:\/\/evertonfc.cz\/index.php\/2025\/07\/18\/prichazi-katie-robinson\/\"><strong>Katie Robinson<\/strong> (Aston Villa \u2013 hostov\u00e1n\u00ed)<\/a> <sup>16. 07.<\/sup><\/li>\n<li><a href=\"https:\/\/evertonfc.cz\/index.php\/news\/fernandez-se-vraci\/\"><strong>Martina Fernand\u00e9z<\/strong> (Barcelona \u2013 p\u0159estup, nezve\u0159ejn\u011bn\u00e1 \u010d\u00e1stka)<\/a> <sup>18. 07.<\/sup><\/li>\n<li><a href=\"https:\/\/evertonfc.cz\/index.php\/2025\/07\/27\/prichazi-mayumi-maz-pacheco\/\"><strong>Mayumi Maz Pacheco<\/strong> (Aston Villa \u2013 voln\u00e1 hra\u010dka) <\/a><sup>22. 07.<\/sup><\/li>\n<li><a href=\"https:\/\/evertonfc.cz\/index.php\/2025\/09\/03\/prichazi-ruby-mace\/\"><strong>Ruby Mace <\/strong>(Leicester City\u00a0\u2013 p\u0159estup, nezve\u0159ejn\u011bn\u00e1 \u010d\u00e1stka)<\/a> <sup>03. 09.<\/sup><\/li>\n<li><strong>Katie Startup<\/strong> (Manchester City &#8211; hostov\u00e1n\u00ed)28.9.<\/li>\n<li><strong>Izzy Hobson<\/strong> (Nottingham Forest \u2013 n\u00e1vrat z hostov\u00e1n\u00ed) <sup>04. 10.<\/sup><\/li>\n<\/ul>\n<p><span style=\"color: #000000; font-family: inherit; font-size: 18px; font-weight: bold; letter-spacing: -0.02em;\">Odchody<\/span><\/p>\n<ul>\n<li><strong>Emma Watson<\/strong> (Manchester United \u2013 konec hostov\u00e1n\u00ed) <sup>30. 06.<\/sup><\/li>\n<li><strong>Louna Ribadeira<\/strong> (Chelsea \u2013 konec hostov\u00e1n\u00ed) <sup>30. 06.<\/sup><\/li>\n<li><strong>Maren Mjelde<\/strong> (Arna-Bj\u00f8rnar \u2013 voln\u00e1 hr\u00e1\u010dka) <sup>01.07.<\/sup><\/li>\n<li><a href=\"https:\/\/evertonfc.cz\/index.php\/news\/vanhavermaet-a-payne-odchazi\/\"><strong>Justine Vanhaevermaet<\/strong> (Crystal Palace \u2013 voln\u00e1 hr\u00e1\u010dka)<\/a> <sup>01. 07.<\/sup><\/li>\n<li><a href=\"https:\/\/evertonfc.cz\/index.php\/news\/vanhavermaet-a-payne-odchazi\/\"><strong>Heather Payne<\/strong> (Leicester City \u2013 voln\u00e1 hr\u00e1\u010dka)<\/a> <sup>01. 07.<\/sup><\/li>\n<li><strong>Rikke Madsen<\/strong> (HB K\u00f8ge \u2013 voln\u00e1 hr\u00e1\u010dka) <sup>01. 07.<\/sup><\/li>\n<li><strong>Lauren Thomas<\/strong> (Sheffield United\u00a0\u2013 voln\u00e1 hr\u00e1\u010dka) <sup>01. 07.<\/sup><\/li>\n<li><a href=\"https:\/\/evertonfc.cz\/index.php\/news\/odchazi-sara-holmgaard\/\"><strong>Sara Holmgaard<\/strong> (Real Madrid \u2013 voln\u00e1 hr\u00e1\u010dka)<\/a> <sup>01. 07.<\/sup><\/li>\n<li><strong>Karoline Olesen<\/strong> (Malm\u00f6 FF \u2013 voln\u00e1 hr\u00e1\u010dka) <sup>01. 07.<\/sup><\/li>\n<li><strong>In\u00eas Pereira<\/strong> (Deportivo de La Coru\u00f1a \u2013 hostov\u00e1n\u00ed) <sup>01. 07.<\/sup><\/li>\n<li><a href=\"https:\/\/evertonfc.cz\/index.php\/news\/odchazi-veatriki-sarri\/\"><strong>Veatriki Sarri<\/strong> (Birmingham City \u2013 p\u0159estup, nezve\u0159ejn\u011bn\u00e1 \u010d\u00e1stka)<\/a> <sup>16. 07.<\/sup><\/li>\n<li><strong>Melissa Lawley<\/strong> (Burnley \u2013 hostov\u00e1n\u00ed) <sup>24. 07.<\/sup><\/li>\n<li><strong>Izzy Hobson<\/strong> (Nottingham Forest \u2013 hostov\u00e1n\u00ed) <sup>04. 09.<\/sup><\/li>\n<li><a href=\"https:\/\/evertonfc.cz\/index.php\/news\/gabarro-prodlouzila\/\"><strong>Inma Gabarro<\/strong> (Sevilla &#8211; hostov\u00e1n\u00ed)<\/a> <sup>11. 09.<\/sup><\/li>\n<\/ul>\n<p style=\"text-align: right;\"><span style=\"font-size: 8pt;\">(fotozdroj: Football Fancast)<\/span><\/p>\n","protected":false},"excerpt":{"rendered":"<p>Po letech finan\u010dn\u00edch omezen\u00ed a prodej\u016f opor pro\u017eil Everton l\u00e9to ve znamen\u00ed p\u0159estavby mu\u017esk\u00e9ho a \u017eensk\u00e9ho k\u00e1dru s c\u00edlem znovu b\u00fdt konkurenceschopn\u00fd.<\/p>\n","protected":false},"author":6,"featured_media":26875,"comment_status":"open","ping_status":"closed","sticky":false,"template":"","format":"standard","meta":{"_eb_attr":"","_monsterinsights_skip_tracking":false,"_monsterinsights_sitenote_active":false,"_monsterinsights_sitenote_note":"","_monsterinsights_sitenote_category":0,"footnotes":""},"categories":[110,41],"tags":[],"yoast_head":"<!-- This site is optimized with the Yoast SEO plugin v23.4 - https:\/\/yoast.com\/wordpress\/plugins\/seo\/ -->\n<title>P\u0159estupov\u00e9 l\u00e9to 2025 - Official Czech &amp; Slovak Everton Supporters&#039; Club<\/title>\n<meta name=\"description\" content=\"Po letech finan\u010dn\u00edch omezen\u00ed a prodej\u016f opor pro\u017eil Everton l\u00e9to ve znamen\u00ed p\u0159estavby mu\u017esk\u00e9ho a \u017eensk\u00e9ho k\u00e1dru s c\u00edlem znovu b\u00fdt konkurenceschopn\u00fd.\" \/>\n<meta name=\"robots\" content=\"index, follow, max-snippet:-1, max-image-preview:large, max-video-preview:-1\" \/>\n<link rel=\"canonical\" href=\"https:\/\/evertonfc.cz\/index.php\/2025\/09\/02\/prestupove-leto-2025\/\" \/>\n<meta property=\"og:locale\" content=\"cs_CZ\" \/>\n<meta property=\"og:type\" content=\"article\" \/>\n<meta property=\"og:title\" content=\"P\u0159estupov\u00e9 l\u00e9to 2025 - Official Czech &amp; Slovak Everton Supporters&#039; Club\" \/>\n<meta property=\"og:description\" content=\"Po letech finan\u010dn\u00edch omezen\u00ed a prodej\u016f opor pro\u017eil Everton l\u00e9to ve znamen\u00ed p\u0159estavby mu\u017esk\u00e9ho a \u017eensk\u00e9ho k\u00e1dru s c\u00edlem znovu b\u00fdt konkurenceschopn\u00fd.\" \/>\n<meta property=\"og:url\" content=\"https:\/\/evertonfc.cz\/index.php\/2025\/09\/02\/prestupove-leto-2025\/\" \/>\n<meta property=\"og:site_name\" content=\"Official Czech &amp; Slovak Everton Supporters&#039; Club\" \/>\n<meta property=\"article:publisher\" content=\"https:\/\/www.facebook.com\/everton.fans.cz.sk\" \/>\n<meta property=\"article:published_time\" content=\"2025-09-02T19:18:51+00:00\" \/>\n<meta property=\"article:modified_time\" content=\"2025-10-13T09:03:29+00:00\" \/>\n<meta property=\"og:image\" content=\"https:\/\/evertonfc.cz\/wp-content\/uploads\/2025\/06\/Moyes-Alcaraz-footballfanscast-3-6-2025.jpg\" \/>\n\t<meta property=\"og:image:width\" content=\"720\" \/>\n\t<meta property=\"og:image:height\" content=\"405\" \/>\n\t<meta property=\"og:image:type\" content=\"image\/jpeg\" \/>\n<meta name=\"author\" content=\"Ri\u010di\" \/>\n<meta name=\"twitter:card\" content=\"summary_large_image\" \/>\n<meta name=\"twitter:creator\" content=\"@rbrejsa\" \/>\n<meta name=\"twitter:label1\" content=\"Napsal(a)\" \/>\n\t<meta name=\"twitter:data1\" content=\"Ri\u010di\" \/>\n\t<meta name=\"twitter:label2\" content=\"Odhadovan\u00e1 doba \u010dten\u00ed\" \/>\n\t<meta name=\"twitter:data2\" content=\"3 minuty\" \/>\n<script type=\"application\/ld+json\" class=\"yoast-schema-graph\">{\"@context\":\"https:\/\/schema.org\",\"@graph\":[{\"@type\":\"Article\",\"@id\":\"https:\/\/evertonfc.cz\/index.php\/2025\/09\/02\/prestupove-leto-2025\/#article\",\"isPartOf\":{\"@id\":\"https:\/\/evertonfc.cz\/index.php\/2025\/09\/02\/prestupove-leto-2025\/\"},\"author\":{\"name\":\"Ri\u010di\",\"@id\":\"https:\/\/evertonfc.cz\/#\/schema\/person\/f7a5daedb2ffee98480bc70e191aaef1\"},\"headline\":\"P\u0159estupov\u00e9 l\u00e9to 2025\",\"datePublished\":\"2025-09-02T19:18:51+00:00\",\"dateModified\":\"2025-10-13T09:03:29+00:00\",\"mainEntityOfPage\":{\"@id\":\"https:\/\/evertonfc.cz\/index.php\/2025\/09\/02\/prestupove-leto-2025\/\"},\"wordCount\":446,\"commentCount\":257,\"publisher\":{\"@id\":\"https:\/\/evertonfc.cz\/#organization\"},\"image\":{\"@id\":\"https:\/\/evertonfc.cz\/index.php\/2025\/09\/02\/prestupove-leto-2025\/#primaryimage\"},\"thumbnailUrl\":\"https:\/\/evertonfc.cz\/wp-content\/uploads\/2025\/06\/Moyes-Alcaraz-footballfanscast-3-6-2025.jpg\",\"articleSection\":[\"Everton Women\",\"P\u0159estupy\"],\"inLanguage\":\"cs\",\"potentialAction\":[{\"@type\":\"CommentAction\",\"name\":\"Comment\",\"target\":[\"https:\/\/evertonfc.cz\/index.php\/2025\/09\/02\/prestupove-leto-2025\/#respond\"]}]},{\"@type\":\"WebPage\",\"@id\":\"https:\/\/evertonfc.cz\/index.php\/2025\/09\/02\/prestupove-leto-2025\/\",\"url\":\"https:\/\/evertonfc.cz\/index.php\/2025\/09\/02\/prestupove-leto-2025\/\",\"name\":\"P\u0159estupov\u00e9 l\u00e9to 2025 - Official Czech &amp; Slovak Everton Supporters&#039; Club\",\"isPartOf\":{\"@id\":\"https:\/\/evertonfc.cz\/#website\"},\"primaryImageOfPage\":{\"@id\":\"https:\/\/evertonfc.cz\/index.php\/2025\/09\/02\/prestupove-leto-2025\/#primaryimage\"},\"image\":{\"@id\":\"https:\/\/evertonfc.cz\/index.php\/2025\/09\/02\/prestupove-leto-2025\/#primaryimage\"},\"thumbnailUrl\":\"https:\/\/evertonfc.cz\/wp-content\/uploads\/2025\/06\/Moyes-Alcaraz-footballfanscast-3-6-2025.jpg\",\"datePublished\":\"2025-09-02T19:18:51+00:00\",\"dateModified\":\"2025-10-13T09:03:29+00:00\",\"description\":\"Po letech finan\u010dn\u00edch omezen\u00ed a prodej\u016f opor pro\u017eil Everton l\u00e9to ve znamen\u00ed p\u0159estavby mu\u017esk\u00e9ho a \u017eensk\u00e9ho k\u00e1dru s c\u00edlem znovu b\u00fdt konkurenceschopn\u00fd.\",\"breadcrumb\":{\"@id\":\"https:\/\/evertonfc.cz\/index.php\/2025\/09\/02\/prestupove-leto-2025\/#breadcrumb\"},\"inLanguage\":\"cs\",\"potentialAction\":[{\"@type\":\"ReadAction\",\"target\":[\"https:\/\/evertonfc.cz\/index.php\/2025\/09\/02\/prestupove-leto-2025\/\"]}]},{\"@type\":\"ImageObject\",\"inLanguage\":\"cs\",\"@id\":\"https:\/\/evertonfc.cz\/index.php\/2025\/09\/02\/prestupove-leto-2025\/#primaryimage\",\"url\":\"https:\/\/evertonfc.cz\/wp-content\/uploads\/2025\/06\/Moyes-Alcaraz-footballfanscast-3-6-2025.jpg\",\"contentUrl\":\"https:\/\/evertonfc.cz\/wp-content\/uploads\/2025\/06\/Moyes-Alcaraz-footballfanscast-3-6-2025.jpg\",\"width\":720,\"height\":405},{\"@type\":\"BreadcrumbList\",\"@id\":\"https:\/\/evertonfc.cz\/index.php\/2025\/09\/02\/prestupove-leto-2025\/#breadcrumb\",\"itemListElement\":[{\"@type\":\"ListItem\",\"position\":1,\"name\":\"Home\",\"item\":\"https:\/\/evertonfc.cz\/\"},{\"@type\":\"ListItem\",\"position\":2,\"name\":\"P\u0159estupov\u00e9 l\u00e9to 2025\"}]},{\"@type\":\"WebSite\",\"@id\":\"https:\/\/evertonfc.cz\/#website\",\"url\":\"https:\/\/evertonfc.cz\/\",\"name\":\"Official Czech &amp; Slovak Everton Supporters&#039; Club\",\"description\":\"\",\"publisher\":{\"@id\":\"https:\/\/evertonfc.cz\/#organization\"},\"potentialAction\":[{\"@type\":\"SearchAction\",\"target\":{\"@type\":\"EntryPoint\",\"urlTemplate\":\"https:\/\/evertonfc.cz\/?s={search_term_string}\"},\"query-input\":{\"@type\":\"PropertyValueSpecification\",\"valueRequired\":true,\"valueName\":\"search_term_string\"}}],\"inLanguage\":\"cs\"},{\"@type\":\"Organization\",\"@id\":\"https:\/\/evertonfc.cz\/#organization\",\"name\":\"Official Czech & Slovak Everton Supporters' Club\",\"url\":\"https:\/\/evertonfc.cz\/\",\"logo\":{\"@type\":\"ImageObject\",\"inLanguage\":\"cs\",\"@id\":\"https:\/\/evertonfc.cz\/#\/schema\/logo\/image\/\",\"url\":\"https:\/\/evertonfc.cz\/wp-content\/uploads\/2019\/05\/logo.png\",\"contentUrl\":\"https:\/\/evertonfc.cz\/wp-content\/uploads\/2019\/05\/logo.png\",\"width\":112,\"height\":112,\"caption\":\"Official Czech & Slovak Everton Supporters' Club\"},\"image\":{\"@id\":\"https:\/\/evertonfc.cz\/#\/schema\/logo\/image\/\"},\"sameAs\":[\"https:\/\/www.facebook.com\/everton.fans.cz.sk\"]},{\"@type\":\"Person\",\"@id\":\"https:\/\/evertonfc.cz\/#\/schema\/person\/f7a5daedb2ffee98480bc70e191aaef1\",\"name\":\"Ri\u010di\",\"sameAs\":[\"https:\/\/x.com\/rbrejsa\"],\"url\":\"https:\/\/evertonfc.cz\/index.php\/author\/rici\/\"}]}<\/script>\n<!-- \/ Yoast SEO plugin. -->","yoast_head_json":{"title":"P\u0159estupov\u00e9 l\u00e9to 2025 - Official Czech &amp; Slovak Everton Supporters&#039; Club","description":"Po letech finan\u010dn\u00edch omezen\u00ed a prodej\u016f opor pro\u017eil Everton l\u00e9to ve znamen\u00ed p\u0159estavby mu\u017esk\u00e9ho a \u017eensk\u00e9ho k\u00e1dru s c\u00edlem znovu b\u00fdt konkurenceschopn\u00fd.","robots":{"index":"index","follow":"follow","max-snippet":"max-snippet:-1","max-image-preview":"max-image-preview:large","max-video-preview":"max-video-preview:-1"},"canonical":"https:\/\/evertonfc.cz\/index.php\/2025\/09\/02\/prestupove-leto-2025\/","og_locale":"cs_CZ","og_type":"article","og_title":"P\u0159estupov\u00e9 l\u00e9to 2025 - Official Czech &amp; Slovak Everton Supporters&#039; Club","og_description":"Po letech finan\u010dn\u00edch omezen\u00ed a prodej\u016f opor pro\u017eil Everton l\u00e9to ve znamen\u00ed p\u0159estavby mu\u017esk\u00e9ho a \u017eensk\u00e9ho k\u00e1dru s c\u00edlem znovu b\u00fdt konkurenceschopn\u00fd.","og_url":"https:\/\/evertonfc.cz\/index.php\/2025\/09\/02\/prestupove-leto-2025\/","og_site_name":"Official Czech &amp; Slovak Everton Supporters&#039; Club","article_publisher":"https:\/\/www.facebook.com\/everton.fans.cz.sk","article_published_time":"2025-09-02T19:18:51+00:00","article_modified_time":"2025-10-13T09:03:29+00:00","og_image":[{"width":720,"height":405,"url":"https:\/\/evertonfc.cz\/wp-content\/uploads\/2025\/06\/Moyes-Alcaraz-footballfanscast-3-6-2025.jpg","type":"image\/jpeg"}],"author":"Ri\u010di","twitter_card":"summary_large_image","twitter_creator":"@rbrejsa","twitter_misc":{"Napsal(a)":"Ri\u010di","Odhadovan\u00e1 doba \u010dten\u00ed":"3 minuty"},"schema":{"@context":"https:\/\/schema.org","@graph":[{"@type":"Article","@id":"https:\/\/evertonfc.cz\/index.php\/2025\/09\/02\/prestupove-leto-2025\/#article","isPartOf":{"@id":"https:\/\/evertonfc.cz\/index.php\/2025\/09\/02\/prestupove-leto-2025\/"},"author":{"name":"Ri\u010di","@id":"https:\/\/evertonfc.cz\/#\/schema\/person\/f7a5daedb2ffee98480bc70e191aaef1"},"headline":"P\u0159estupov\u00e9 l\u00e9to 2025","datePublished":"2025-09-02T19:18:51+00:00","dateModified":"2025-10-13T09:03:29+00:00","mainEntityOfPage":{"@id":"https:\/\/evertonfc.cz\/index.php\/2025\/09\/02\/prestupove-leto-2025\/"},"wordCount":446,"commentCount":257,"publisher":{"@id":"https:\/\/evertonfc.cz\/#organization"},"image":{"@id":"https:\/\/evertonfc.cz\/index.php\/2025\/09\/02\/prestupove-leto-2025\/#primaryimage"},"thumbnailUrl":"https:\/\/evertonfc.cz\/wp-content\/uploads\/2025\/06\/Moyes-Alcaraz-footballfanscast-3-6-2025.jpg","articleSection":["Everton Women","P\u0159estupy"],"inLanguage":"cs","potentialAction":[{"@type":"CommentAction","name":"Comment","target":["https:\/\/evertonfc.cz\/index.php\/2025\/09\/02\/prestupove-leto-2025\/#respond"]}]},{"@type":"WebPage","@id":"https:\/\/evertonfc.cz\/index.php\/2025\/09\/02\/prestupove-leto-2025\/","url":"https:\/\/evertonfc.cz\/index.php\/2025\/09\/02\/prestupove-leto-2025\/","name":"P\u0159estupov\u00e9 l\u00e9to 2025 - Official Czech &amp; Slovak Everton Supporters&#039; Club","isPartOf":{"@id":"https:\/\/evertonfc.cz\/#website"},"primaryImageOfPage":{"@id":"https:\/\/evertonfc.cz\/index.php\/2025\/09\/02\/prestupove-leto-2025\/#primaryimage"},"image":{"@id":"https:\/\/evertonfc.cz\/index.php\/2025\/09\/02\/prestupove-leto-2025\/#primaryimage"},"thumbnailUrl":"https:\/\/evertonfc.cz\/wp-content\/uploads\/2025\/06\/Moyes-Alcaraz-footballfanscast-3-6-2025.jpg","datePublished":"2025-09-02T19:18:51+00:00","dateModified":"2025-10-13T09:03:29+00:00","description":"Po letech finan\u010dn\u00edch omezen\u00ed a prodej\u016f opor pro\u017eil Everton l\u00e9to ve znamen\u00ed p\u0159estavby mu\u017esk\u00e9ho a \u017eensk\u00e9ho k\u00e1dru s c\u00edlem znovu b\u00fdt konkurenceschopn\u00fd.","breadcrumb":{"@id":"https:\/\/evertonfc.cz\/index.php\/2025\/09\/02\/prestupove-leto-2025\/#breadcrumb"},"inLanguage":"cs","potentialAction":[{"@type":"ReadAction","target":["https:\/\/evertonfc.cz\/index.php\/2025\/09\/02\/prestupove-leto-2025\/"]}]},{"@type":"ImageObject","inLanguage":"cs","@id":"https:\/\/evertonfc.cz\/index.php\/2025\/09\/02\/prestupove-leto-2025\/#primaryimage","url":"https:\/\/evertonfc.cz\/wp-content\/uploads\/2025\/06\/Moyes-Alcaraz-footballfanscast-3-6-2025.jpg","contentUrl":"https:\/\/evertonfc.cz\/wp-content\/uploads\/2025\/06\/Moyes-Alcaraz-footballfanscast-3-6-2025.jpg","width":720,"height":405},{"@type":"BreadcrumbList","@id":"https:\/\/evertonfc.cz\/index.php\/2025\/09\/02\/prestupove-leto-2025\/#breadcrumb","itemListElement":[{"@type":"ListItem","position":1,"name":"Home","item":"https:\/\/evertonfc.cz\/"},{"@type":"ListItem","position":2,"name":"P\u0159estupov\u00e9 l\u00e9to 2025"}]},{"@type":"WebSite","@id":"https:\/\/evertonfc.cz\/#website","url":"https:\/\/evertonfc.cz\/","name":"Official Czech &amp; Slovak Everton Supporters&#039; Club","description":"","publisher":{"@id":"https:\/\/evertonfc.cz\/#organization"},"potentialAction":[{"@type":"SearchAction","target":{"@type":"EntryPoint","urlTemplate":"https:\/\/evertonfc.cz\/?s={search_term_string}"},"query-input":{"@type":"PropertyValueSpecification","valueRequired":true,"valueName":"search_term_string"}}],"inLanguage":"cs"},{"@type":"Organization","@id":"https:\/\/evertonfc.cz\/#organization","name":"Official Czech & Slovak Everton Supporters' Club","url":"https:\/\/evertonfc.cz\/","logo":{"@type":"ImageObject","inLanguage":"cs","@id":"https:\/\/evertonfc.cz\/#\/schema\/logo\/image\/","url":"https:\/\/evertonfc.cz\/wp-content\/uploads\/2019\/05\/logo.png","contentUrl":"https:\/\/evertonfc.cz\/wp-content\/uploads\/2019\/05\/logo.png","width":112,"height":112,"caption":"Official Czech & Slovak Everton Supporters' Club"},"image":{"@id":"https:\/\/evertonfc.cz\/#\/schema\/logo\/image\/"},"sameAs":["https:\/\/www.facebook.com\/everton.fans.cz.sk"]},{"@type":"Person","@id":"https:\/\/evertonfc.cz\/#\/schema\/person\/f7a5daedb2ffee98480bc70e191aaef1","name":"Ri\u010di","sameAs":["https:\/\/x.com\/rbrejsa"],"url":"https:\/\/evertonfc.cz\/index.php\/author\/rici\/"}]}},"_links":{"self":[{"href":"https:\/\/evertonfc.cz\/index.php\/wp-json\/wp\/v2\/posts\/26838"}],"collection":[{"href":"https:\/\/evertonfc.cz\/index.php\/wp-json\/wp\/v2\/posts"}],"about":[{"href":"https:\/\/evertonfc.cz\/index.php\/wp-json\/wp\/v2\/types\/post"}],"author":[{"embeddable":true,"href":"https:\/\/evertonfc.cz\/index.php\/wp-json\/wp\/v2\/users\/6"}],"replies":[{"embeddable":true,"href":"https:\/\/evertonfc.cz\/index.php\/wp-json\/wp\/v2\/comments?post=26838"}],"version-history":[{"count":68,"href":"https:\/\/evertonfc.cz\/index.php\/wp-json\/wp\/v2\/posts\/26838\/revisions"}],"predecessor-version":[{"id":27715,"href":"https:\/\/evertonfc.cz\/index.php\/wp-json\/wp\/v2\/posts\/26838\/revisions\/27715"}],"wp:featuredmedia":[{"embeddable":true,"href":"https:\/\/evertonfc.cz\/index.php\/wp-json\/wp\/v2\/media\/26875"}],"wp:attachment":[{"href":"https:\/\/evertonfc.cz\/index.php\/wp-json\/wp\/v2\/media?parent=26838"}],"wp:term":[{"taxonomy":"category","embeddable":true,"href":"https:\/\/evertonfc.cz\/index.php\/wp-json\/wp\/v2\/categories?post=26838"},{"taxonomy":"post_tag","embeddable":true,"href":"https:\/\/evertonfc.cz\/index.php\/wp-json\/wp\/v2\/tags?post=26838"}],"curies":[{"name":"wp","href":"https:\/\/api.w.org\/{rel}","templated":true}]}}