{"id":2685,"date":"2017-08-05T21:27:02","date_gmt":"2017-08-05T19:27:02","guid":{"rendered":"http:\/\/evertonfc.cz\/?p=2685"},"modified":"2019-02-09T21:29:05","modified_gmt":"2019-02-09T20:29:05","slug":"friendly-preview-everton-sevilla","status":"publish","type":"post","link":"https:\/\/evertonfc.cz\/index.php\/2017\/08\/05\/friendly-preview-everton-sevilla\/","title":{"rendered":"Friendly Preview: Everton &#8211; Sevilla"},"content":{"rendered":"<h4 id=\"NewsPostDetailSummary\">V gener\u00e1lce na Premier League Everton v\u00a0ned\u011bln\u00edm odpoledni p\u0159iv\u00edt\u00e1 Sevillu, \u010dtvrt\u00fd t\u00fdm lo\u0148sk\u00e9 \u0161pan\u011blsk\u00e9 ligy a trojn\u00e1sobn\u00e9ho v\u00edt\u011bze Evropsk\u00e9 ligy v\u00a0letech 2014 a\u017e 2016.<\/h4>\n<div id=\"NewsPostDetailContent\">\n<p>Toffees zvl\u00e1dli n\u00e1strahy t\u0159et\u00edho p\u0159edkola Evropsk\u00e9 ligy a po dvou jednobrankov\u00fdch v\u00fdhr\u00e1ch nad Ru\u017eomberokem se o postup do z\u00e1kladn\u00ed skupiny st\u0159etnou s Hajdukem Split.<\/p>\n<p>Je\u0161t\u011b p\u0159ed souboje s Chorvaty ale bude na sout\u011b\u017en\u00edm programu Premier League, kter\u00e1 pro Everton za\u010dne v sobotu 12. srpna dom\u00e1c\u00edm kl\u00e1n\u00edm se Stoke City. P\u0159\u00e1telsk\u00e9 utk\u00e1n\u00ed se Sevillou m\u00e1 je\u0161t\u011b v\u00edce poodhalit, jak pokra\u010duj\u00ed p\u0159\u00edpravy na ostr\u00fd start ligov\u00e9 sez\u00f3ny.<\/p>\n<p>Po dvojz\u00e1pase s Ru\u017eomberokem se nej\u010dast\u011bji kritizovalo pomal\u00e9 tempo hry. Je pravda, \u017ee p\u0159\u00edmo\u010darost chyb\u011bla, ov\u0161em nakolik to bylo vinou absence schopnost\u00ed hr\u00e1\u010d\u016f s mana\u017eerem a nakolik za to mohla taktika, nelze s\u00a0p\u0159esnost\u00ed ur\u010dit. A\u010d osobn\u011b bych se p\u0159iklonil k\u00a0taktick\u00fdm d\u016fvod\u016fm.<\/p>\n<p>Proto\u017ee se jedn\u00e1 o gener\u00e1lku, nelze \u010dekat, \u017ee se oproti duelu pod Tatrami v\u00fdrazn\u011b obm\u011bn\u00ed sestava. Ur\u010dit\u011b se ale dostane aspo\u0148 na p\u00e1r hr\u00e1\u010d\u016f, kte\u0159\u00ed do p\u0159edkola Evropsk\u00e9 ligy nezas\u00e1hli, respektive zas\u00e1hli pouze na p\u00e1r minut \u2013 Holgate, Kenny, Be\u0161i\u0107, McCarthy, Barry, Lennon, Lookman.<\/p>\n<p>Sevilla loni skon\u010dila na \u010dtvrt\u00e9m m\u00edst\u011b \u0161pan\u011blsk\u00e9 La Ligy a dokr\u00e1\u010dela do osmifin\u00e1le Ligy mistr\u016f, kde ji vy\u0159adil Leicester City. V p\u0159edch\u00e1zej\u00edc\u00edch sez\u00f3n\u00e1ch dos\u00e1hla na unik\u00e1tn\u00ed z\u00e1pis, kdy\u017e t\u0159ikr\u00e1t za sebou ovl\u00e1dla Evropskou ligu.<\/p>\n<p>Prvn\u00ed sout\u011b\u017en\u00ed z\u00e1pas odehraje 16. srpna na p\u016fd\u011b istanbulsk\u00e9ho Basaksehiru v r\u00e1mci z\u00e1v\u011bre\u010dn\u00e9ho p\u0159edkola Ligy mistr\u016f a t\u0159i dny nato vstoup\u00ed do La Ligy.<\/p>\n<p>Andalusan\u00e9 si p\u0159es l\u00e9to proch\u00e1z\u00ed zna\u010dn\u00fdmi zm\u011bnami. Eduardo Berizza nahradil na tren\u00e9rsk\u00e9m postu Jorgeho Sampaoliho, jen\u017e po roce v klubu p\u0159ijal nab\u00eddku v\u00e9st argentinskou reprezentaci. Je\u0161t\u011b v\u011bt\u0161\u00ed probl\u00e9mem v\u0161ak m\u016f\u017ee b\u00fdt odchod sportovn\u00edho \u0159editele Monchiho, str\u016fjce sevillsk\u00e9ho \u00fasp\u011bchu, kter\u00fd proslul v\u00fdborn\u00fdch \u010dichem na hr\u00e1\u010de. Jeho dal\u0161\u00edm p\u016fsobi\u0161t\u011bm se stalo \u0159\u00edmsk\u00e9 AS.<\/p>\n<\/div>\n<p>Sevillu rovn\u011b\u017e opustil krajn\u00ed z\u00e1lo\u017en\u00edk a opora posledn\u00edch let Vitolo, za 36 milion\u016f eur zam\u00ed\u0159il do Atl\u00e9tica Madrid. Inkasovan\u00e9 pen\u00edze a navrch dal\u0161\u00ed z\u00a0rozpo\u010dtu byly minuty na koupi Simona Kjaera (Fenerbahce), S\u00e9bastiena Corchii (Lille), \u00c9vera Banegy (Inter Mil\u00e1n), Guida Pizarra (Tigres),\u00a0Luise Muriela (Sampdoria), Jes\u00fase Navase a Nolita (oba Manchester City).<\/p>\n<p>Krom\u011b posil si pozornost \u017e\u00e1daj\u00ed tahouni lo\u0148sk\u00e9ho mu\u017estva jako jsou branka\u0159 Rico, st\u0159edopola\u0159 N&#8217;Zonzi a \u00fato\u010dn\u00edk Ben Yedder.<\/p>\n<p>Los Rojiblancos (\u010derveno-b\u00edl\u00ed) nep\u0159icestovali do Anglie jen ke st\u0159etnut\u00ed na Merseyside. V sobotu podlehli Southamptonu 0:2, p\u0159i\u010dem\u017e tren\u00e9r Berizza nasadil do polo\u010das\u016f t\u00e9m\u011b\u0159 dv\u011b rozd\u00edln\u00e9 jeden\u00e1ctky. Podobn\u00fd tah se p\u0159edpokl\u00e1d\u00e1 i na Goodison Parku.<\/p>\n<p>Sta\u0159i\u010dk\u00fd domov Evertonu letos slav\u00ed 125. narozeniny. K t\u00e9to p\u0159\u00edle\u017eitosti bude b\u011bhem sez\u00f3ny po\u0159\u00e1d\u00e1no mnoho doprovodn\u00fdch akc\u00ed a jedna takov\u00e1 je v pl\u00e1nu u\u017e v ned\u011bli. Blues nastoup\u00ed ve speci\u00e1ln\u00edch dresech.<\/p>\n<p>Utk\u00e1n\u00ed vys\u00edl\u00e1 p\u0159\u00edm\u00fdm p\u0159enosem stanice O2 Fotbal.<\/p>\n<p><strong>Co:<\/strong> Everton FC &#8211; Sevilla FC, p\u0159\u00e1telsk\u00e9 utk\u00e1n\u00ed<br \/>\n<strong>Kdy:<\/strong> 6. 8. 2017 od 16:00 SE\u010c<br \/>\n<strong>Kde:<\/strong> Goodison Park, Liverpool (kapacita: 40\u00a0221)<\/p>\n","protected":false},"excerpt":{"rendered":"<p>V gener\u00e1lce na Premier League Everton v\u00a0ned\u011bln\u00edm odpoledni p\u0159iv\u00edt\u00e1 Sevillu, \u010dtvrt\u00fd t\u00fdm lo\u0148sk\u00e9 \u0161pan\u011blsk\u00e9 ligy a trojn\u00e1sobn\u00e9ho v\u00edt\u011bze Evropsk\u00e9 ligy&hellip;<\/p>\n","protected":false},"author":6,"featured_media":1314,"comment_status":"open","ping_status":"closed","sticky":false,"template":"","format":"standard","meta":{"_eb_attr":"","_monsterinsights_skip_tracking":false,"_monsterinsights_sitenote_active":false,"_monsterinsights_sitenote_note":"","_monsterinsights_sitenote_category":0,"footnotes":""},"categories":[4],"tags":[],"yoast_head":"<!-- This site is optimized with the Yoast SEO plugin v23.4 - https:\/\/yoast.com\/wordpress\/plugins\/seo\/ -->\n<title>Friendly Preview: Everton - Sevilla - Official Czech &amp; Slovak Everton Supporters&#039; Club<\/title>\n<meta name=\"robots\" content=\"index, follow, max-snippet:-1, max-image-preview:large, max-video-preview:-1\" \/>\n<link rel=\"canonical\" href=\"https:\/\/evertonfc.cz\/index.php\/2017\/08\/05\/friendly-preview-everton-sevilla\/\" \/>\n<meta property=\"og:locale\" content=\"cs_CZ\" \/>\n<meta property=\"og:type\" content=\"article\" \/>\n<meta property=\"og:title\" content=\"Friendly Preview: Everton - Sevilla - Official Czech &amp; Slovak Everton Supporters&#039; Club\" \/>\n<meta property=\"og:description\" content=\"V gener\u00e1lce na Premier League Everton v\u00a0ned\u011bln\u00edm odpoledni p\u0159iv\u00edt\u00e1 Sevillu, \u010dtvrt\u00fd t\u00fdm lo\u0148sk\u00e9 \u0161pan\u011blsk\u00e9 ligy a trojn\u00e1sobn\u00e9ho v\u00edt\u011bze Evropsk\u00e9 ligy&hellip;\" \/>\n<meta property=\"og:url\" content=\"https:\/\/evertonfc.cz\/index.php\/2017\/08\/05\/friendly-preview-everton-sevilla\/\" \/>\n<meta property=\"og:site_name\" content=\"Official Czech &amp; Slovak Everton Supporters&#039; Club\" \/>\n<meta property=\"article:publisher\" content=\"https:\/\/www.facebook.com\/everton.fans.cz.sk\" \/>\n<meta property=\"article:published_time\" content=\"2017-08-05T19:27:02+00:00\" \/>\n<meta property=\"article:modified_time\" content=\"2019-02-09T20:29:05+00:00\" \/>\n<meta property=\"og:image\" content=\"https:\/\/evertonfc.cz\/wp-content\/uploads\/2019\/01\/preview.jpg\" \/>\n\t<meta property=\"og:image:width\" content=\"720\" \/>\n\t<meta property=\"og:image:height\" content=\"405\" \/>\n\t<meta property=\"og:image:type\" content=\"image\/jpeg\" \/>\n<meta name=\"author\" content=\"Ri\u010di\" \/>\n<meta name=\"twitter:card\" content=\"summary_large_image\" \/>\n<meta name=\"twitter:creator\" content=\"@rbrejsa\" \/>\n<meta name=\"twitter:label1\" content=\"Napsal(a)\" \/>\n\t<meta name=\"twitter:data1\" content=\"Ri\u010di\" \/>\n\t<meta name=\"twitter:label2\" content=\"Odhadovan\u00e1 doba \u010dten\u00ed\" \/>\n\t<meta name=\"twitter:data2\" content=\"3 minuty\" \/>\n<script type=\"application\/ld+json\" class=\"yoast-schema-graph\">{\"@context\":\"https:\/\/schema.org\",\"@graph\":[{\"@type\":\"Article\",\"@id\":\"https:\/\/evertonfc.cz\/index.php\/2017\/08\/05\/friendly-preview-everton-sevilla\/#article\",\"isPartOf\":{\"@id\":\"https:\/\/evertonfc.cz\/index.php\/2017\/08\/05\/friendly-preview-everton-sevilla\/\"},\"author\":{\"name\":\"Ri\u010di\",\"@id\":\"https:\/\/evertonfc.cz\/#\/schema\/person\/f7a5daedb2ffee98480bc70e191aaef1\"},\"headline\":\"Friendly Preview: Everton &#8211; Sevilla\",\"datePublished\":\"2017-08-05T19:27:02+00:00\",\"dateModified\":\"2019-02-09T20:29:05+00:00\",\"mainEntityOfPage\":{\"@id\":\"https:\/\/evertonfc.cz\/index.php\/2017\/08\/05\/friendly-preview-everton-sevilla\/\"},\"wordCount\":615,\"commentCount\":0,\"publisher\":{\"@id\":\"https:\/\/evertonfc.cz\/#organization\"},\"image\":{\"@id\":\"https:\/\/evertonfc.cz\/index.php\/2017\/08\/05\/friendly-preview-everton-sevilla\/#primaryimage\"},\"thumbnailUrl\":\"https:\/\/evertonfc.cz\/wp-content\/uploads\/2019\/01\/preview.jpg\",\"articleSection\":[\"Z\u00e1pasy\"],\"inLanguage\":\"cs\",\"potentialAction\":[{\"@type\":\"CommentAction\",\"name\":\"Comment\",\"target\":[\"https:\/\/evertonfc.cz\/index.php\/2017\/08\/05\/friendly-preview-everton-sevilla\/#respond\"]}]},{\"@type\":\"WebPage\",\"@id\":\"https:\/\/evertonfc.cz\/index.php\/2017\/08\/05\/friendly-preview-everton-sevilla\/\",\"url\":\"https:\/\/evertonfc.cz\/index.php\/2017\/08\/05\/friendly-preview-everton-sevilla\/\",\"name\":\"Friendly Preview: Everton - Sevilla - Official Czech &amp; Slovak Everton Supporters&#039; Club\",\"isPartOf\":{\"@id\":\"https:\/\/evertonfc.cz\/#website\"},\"primaryImageOfPage\":{\"@id\":\"https:\/\/evertonfc.cz\/index.php\/2017\/08\/05\/friendly-preview-everton-sevilla\/#primaryimage\"},\"image\":{\"@id\":\"https:\/\/evertonfc.cz\/index.php\/2017\/08\/05\/friendly-preview-everton-sevilla\/#primaryimage\"},\"thumbnailUrl\":\"https:\/\/evertonfc.cz\/wp-content\/uploads\/2019\/01\/preview.jpg\",\"datePublished\":\"2017-08-05T19:27:02+00:00\",\"dateModified\":\"2019-02-09T20:29:05+00:00\",\"breadcrumb\":{\"@id\":\"https:\/\/evertonfc.cz\/index.php\/2017\/08\/05\/friendly-preview-everton-sevilla\/#breadcrumb\"},\"inLanguage\":\"cs\",\"potentialAction\":[{\"@type\":\"ReadAction\",\"target\":[\"https:\/\/evertonfc.cz\/index.php\/2017\/08\/05\/friendly-preview-everton-sevilla\/\"]}]},{\"@type\":\"ImageObject\",\"inLanguage\":\"cs\",\"@id\":\"https:\/\/evertonfc.cz\/index.php\/2017\/08\/05\/friendly-preview-everton-sevilla\/#primaryimage\",\"url\":\"https:\/\/evertonfc.cz\/wp-content\/uploads\/2019\/01\/preview.jpg\",\"contentUrl\":\"https:\/\/evertonfc.cz\/wp-content\/uploads\/2019\/01\/preview.jpg\",\"width\":720,\"height\":405},{\"@type\":\"BreadcrumbList\",\"@id\":\"https:\/\/evertonfc.cz\/index.php\/2017\/08\/05\/friendly-preview-everton-sevilla\/#breadcrumb\",\"itemListElement\":[{\"@type\":\"ListItem\",\"position\":1,\"name\":\"Home\",\"item\":\"https:\/\/evertonfc.cz\/\"},{\"@type\":\"ListItem\",\"position\":2,\"name\":\"Friendly Preview: Everton &#8211; Sevilla\"}]},{\"@type\":\"WebSite\",\"@id\":\"https:\/\/evertonfc.cz\/#website\",\"url\":\"https:\/\/evertonfc.cz\/\",\"name\":\"Official Czech &amp; Slovak Everton Supporters&#039; Club\",\"description\":\"\",\"publisher\":{\"@id\":\"https:\/\/evertonfc.cz\/#organization\"},\"potentialAction\":[{\"@type\":\"SearchAction\",\"target\":{\"@type\":\"EntryPoint\",\"urlTemplate\":\"https:\/\/evertonfc.cz\/?s={search_term_string}\"},\"query-input\":{\"@type\":\"PropertyValueSpecification\",\"valueRequired\":true,\"valueName\":\"search_term_string\"}}],\"inLanguage\":\"cs\"},{\"@type\":\"Organization\",\"@id\":\"https:\/\/evertonfc.cz\/#organization\",\"name\":\"Official Czech & Slovak Everton Supporters' Club\",\"url\":\"https:\/\/evertonfc.cz\/\",\"logo\":{\"@type\":\"ImageObject\",\"inLanguage\":\"cs\",\"@id\":\"https:\/\/evertonfc.cz\/#\/schema\/logo\/image\/\",\"url\":\"https:\/\/evertonfc.cz\/wp-content\/uploads\/2019\/05\/logo.png\",\"contentUrl\":\"https:\/\/evertonfc.cz\/wp-content\/uploads\/2019\/05\/logo.png\",\"width\":112,\"height\":112,\"caption\":\"Official Czech & Slovak Everton Supporters' Club\"},\"image\":{\"@id\":\"https:\/\/evertonfc.cz\/#\/schema\/logo\/image\/\"},\"sameAs\":[\"https:\/\/www.facebook.com\/everton.fans.cz.sk\"]},{\"@type\":\"Person\",\"@id\":\"https:\/\/evertonfc.cz\/#\/schema\/person\/f7a5daedb2ffee98480bc70e191aaef1\",\"name\":\"Ri\u010di\",\"sameAs\":[\"https:\/\/x.com\/rbrejsa\"],\"url\":\"https:\/\/evertonfc.cz\/index.php\/author\/rici\/\"}]}<\/script>\n<!-- \/ Yoast SEO plugin. -->","yoast_head_json":{"title":"Friendly Preview: Everton - Sevilla - Official Czech &amp; Slovak Everton Supporters&#039; Club","robots":{"index":"index","follow":"follow","max-snippet":"max-snippet:-1","max-image-preview":"max-image-preview:large","max-video-preview":"max-video-preview:-1"},"canonical":"https:\/\/evertonfc.cz\/index.php\/2017\/08\/05\/friendly-preview-everton-sevilla\/","og_locale":"cs_CZ","og_type":"article","og_title":"Friendly Preview: Everton - Sevilla - Official Czech &amp; Slovak Everton Supporters&#039; Club","og_description":"V gener\u00e1lce na Premier League Everton v\u00a0ned\u011bln\u00edm odpoledni p\u0159iv\u00edt\u00e1 Sevillu, \u010dtvrt\u00fd t\u00fdm lo\u0148sk\u00e9 \u0161pan\u011blsk\u00e9 ligy a trojn\u00e1sobn\u00e9ho v\u00edt\u011bze Evropsk\u00e9 ligy&hellip;","og_url":"https:\/\/evertonfc.cz\/index.php\/2017\/08\/05\/friendly-preview-everton-sevilla\/","og_site_name":"Official Czech &amp; Slovak Everton Supporters&#039; Club","article_publisher":"https:\/\/www.facebook.com\/everton.fans.cz.sk","article_published_time":"2017-08-05T19:27:02+00:00","article_modified_time":"2019-02-09T20:29:05+00:00","og_image":[{"width":720,"height":405,"url":"https:\/\/evertonfc.cz\/wp-content\/uploads\/2019\/01\/preview.jpg","type":"image\/jpeg"}],"author":"Ri\u010di","twitter_card":"summary_large_image","twitter_creator":"@rbrejsa","twitter_misc":{"Napsal(a)":"Ri\u010di","Odhadovan\u00e1 doba \u010dten\u00ed":"3 minuty"},"schema":{"@context":"https:\/\/schema.org","@graph":[{"@type":"Article","@id":"https:\/\/evertonfc.cz\/index.php\/2017\/08\/05\/friendly-preview-everton-sevilla\/#article","isPartOf":{"@id":"https:\/\/evertonfc.cz\/index.php\/2017\/08\/05\/friendly-preview-everton-sevilla\/"},"author":{"name":"Ri\u010di","@id":"https:\/\/evertonfc.cz\/#\/schema\/person\/f7a5daedb2ffee98480bc70e191aaef1"},"headline":"Friendly Preview: Everton &#8211; Sevilla","datePublished":"2017-08-05T19:27:02+00:00","dateModified":"2019-02-09T20:29:05+00:00","mainEntityOfPage":{"@id":"https:\/\/evertonfc.cz\/index.php\/2017\/08\/05\/friendly-preview-everton-sevilla\/"},"wordCount":615,"commentCount":0,"publisher":{"@id":"https:\/\/evertonfc.cz\/#organization"},"image":{"@id":"https:\/\/evertonfc.cz\/index.php\/2017\/08\/05\/friendly-preview-everton-sevilla\/#primaryimage"},"thumbnailUrl":"https:\/\/evertonfc.cz\/wp-content\/uploads\/2019\/01\/preview.jpg","articleSection":["Z\u00e1pasy"],"inLanguage":"cs","potentialAction":[{"@type":"CommentAction","name":"Comment","target":["https:\/\/evertonfc.cz\/index.php\/2017\/08\/05\/friendly-preview-everton-sevilla\/#respond"]}]},{"@type":"WebPage","@id":"https:\/\/evertonfc.cz\/index.php\/2017\/08\/05\/friendly-preview-everton-sevilla\/","url":"https:\/\/evertonfc.cz\/index.php\/2017\/08\/05\/friendly-preview-everton-sevilla\/","name":"Friendly Preview: Everton - Sevilla - Official Czech &amp; Slovak Everton Supporters&#039; Club","isPartOf":{"@id":"https:\/\/evertonfc.cz\/#website"},"primaryImageOfPage":{"@id":"https:\/\/evertonfc.cz\/index.php\/2017\/08\/05\/friendly-preview-everton-sevilla\/#primaryimage"},"image":{"@id":"https:\/\/evertonfc.cz\/index.php\/2017\/08\/05\/friendly-preview-everton-sevilla\/#primaryimage"},"thumbnailUrl":"https:\/\/evertonfc.cz\/wp-content\/uploads\/2019\/01\/preview.jpg","datePublished":"2017-08-05T19:27:02+00:00","dateModified":"2019-02-09T20:29:05+00:00","breadcrumb":{"@id":"https:\/\/evertonfc.cz\/index.php\/2017\/08\/05\/friendly-preview-everton-sevilla\/#breadcrumb"},"inLanguage":"cs","potentialAction":[{"@type":"ReadAction","target":["https:\/\/evertonfc.cz\/index.php\/2017\/08\/05\/friendly-preview-everton-sevilla\/"]}]},{"@type":"ImageObject","inLanguage":"cs","@id":"https:\/\/evertonfc.cz\/index.php\/2017\/08\/05\/friendly-preview-everton-sevilla\/#primaryimage","url":"https:\/\/evertonfc.cz\/wp-content\/uploads\/2019\/01\/preview.jpg","contentUrl":"https:\/\/evertonfc.cz\/wp-content\/uploads\/2019\/01\/preview.jpg","width":720,"height":405},{"@type":"BreadcrumbList","@id":"https:\/\/evertonfc.cz\/index.php\/2017\/08\/05\/friendly-preview-everton-sevilla\/#breadcrumb","itemListElement":[{"@type":"ListItem","position":1,"name":"Home","item":"https:\/\/evertonfc.cz\/"},{"@type":"ListItem","position":2,"name":"Friendly Preview: Everton &#8211; Sevilla"}]},{"@type":"WebSite","@id":"https:\/\/evertonfc.cz\/#website","url":"https:\/\/evertonfc.cz\/","name":"Official Czech &amp; Slovak Everton Supporters&#039; Club","description":"","publisher":{"@id":"https:\/\/evertonfc.cz\/#organization"},"potentialAction":[{"@type":"SearchAction","target":{"@type":"EntryPoint","urlTemplate":"https:\/\/evertonfc.cz\/?s={search_term_string}"},"query-input":{"@type":"PropertyValueSpecification","valueRequired":true,"valueName":"search_term_string"}}],"inLanguage":"cs"},{"@type":"Organization","@id":"https:\/\/evertonfc.cz\/#organization","name":"Official Czech & Slovak Everton Supporters' Club","url":"https:\/\/evertonfc.cz\/","logo":{"@type":"ImageObject","inLanguage":"cs","@id":"https:\/\/evertonfc.cz\/#\/schema\/logo\/image\/","url":"https:\/\/evertonfc.cz\/wp-content\/uploads\/2019\/05\/logo.png","contentUrl":"https:\/\/evertonfc.cz\/wp-content\/uploads\/2019\/05\/logo.png","width":112,"height":112,"caption":"Official Czech & Slovak Everton Supporters' Club"},"image":{"@id":"https:\/\/evertonfc.cz\/#\/schema\/logo\/image\/"},"sameAs":["https:\/\/www.facebook.com\/everton.fans.cz.sk"]},{"@type":"Person","@id":"https:\/\/evertonfc.cz\/#\/schema\/person\/f7a5daedb2ffee98480bc70e191aaef1","name":"Ri\u010di","sameAs":["https:\/\/x.com\/rbrejsa"],"url":"https:\/\/evertonfc.cz\/index.php\/author\/rici\/"}]}},"_links":{"self":[{"href":"https:\/\/evertonfc.cz\/index.php\/wp-json\/wp\/v2\/posts\/2685"}],"collection":[{"href":"https:\/\/evertonfc.cz\/index.php\/wp-json\/wp\/v2\/posts"}],"about":[{"href":"https:\/\/evertonfc.cz\/index.php\/wp-json\/wp\/v2\/types\/post"}],"author":[{"embeddable":true,"href":"https:\/\/evertonfc.cz\/index.php\/wp-json\/wp\/v2\/users\/6"}],"replies":[{"embeddable":true,"href":"https:\/\/evertonfc.cz\/index.php\/wp-json\/wp\/v2\/comments?post=2685"}],"version-history":[{"count":1,"href":"https:\/\/evertonfc.cz\/index.php\/wp-json\/wp\/v2\/posts\/2685\/revisions"}],"predecessor-version":[{"id":2689,"href":"https:\/\/evertonfc.cz\/index.php\/wp-json\/wp\/v2\/posts\/2685\/revisions\/2689"}],"wp:featuredmedia":[{"embeddable":true,"href":"https:\/\/evertonfc.cz\/index.php\/wp-json\/wp\/v2\/media\/1314"}],"wp:attachment":[{"href":"https:\/\/evertonfc.cz\/index.php\/wp-json\/wp\/v2\/media?parent=2685"}],"wp:term":[{"taxonomy":"category","embeddable":true,"href":"https:\/\/evertonfc.cz\/index.php\/wp-json\/wp\/v2\/categories?post=2685"},{"taxonomy":"post_tag","embeddable":true,"href":"https:\/\/evertonfc.cz\/index.php\/wp-json\/wp\/v2\/tags?post=2685"}],"curies":[{"name":"wp","href":"https:\/\/api.w.org\/{rel}","templated":true}]}}