{"id":2688,"date":"2017-08-14T21:28:42","date_gmt":"2017-08-14T19:28:42","guid":{"rendered":"http:\/\/evertonfc.cz\/?p=2688"},"modified":"2019-02-09T22:01:27","modified_gmt":"2019-02-09T21:01:27","slug":"znama-je-uz-i-podoba-tretiho-dresu","status":"publish","type":"post","link":"https:\/\/evertonfc.cz\/index.php\/2017\/08\/14\/znama-je-uz-i-podoba-tretiho-dresu\/","title":{"rendered":"Zn\u00e1ma je u\u017e i podoba t\u0159et\u00edho dresu"},"content":{"rendered":"<h4>Je\u0161t\u011b p\u0159ed v\u00edkendov\u00fdm startem Premier League Everton odhalil podobu t\u0159et\u00edho dresu. Alternativn\u00ed souprava bude poprv\u00e9 otestov\u00e1na za t\u00fdden v ligov\u00e9m utk\u00e1n\u00ed na p\u016fd\u011b Manchesteru City.<\/h4>\n<p>Na prvn\u00ed pohled je viditeln\u00e1 z\u00e1\u0159iv\u011b \u017elut\u00e1, v n\u00ed\u017e se vyj\u00edmaj\u00ed loga sponzor\u016f, dvakr\u00e1t klubov\u00fd znak,\u00a0motiv Dixieho Deana v oblasti \u0161\u00edje a\u00a0horn\u00ed lem na triku a tak\u00e9 na \u0161tulpn\u00e1ch.<\/p>\n<p>Na pruhovan\u00e9m triku se mis\u00ed tmav\u011b modr\u00e1 s fialovou, trenky a \u0161tulpny jsou v tmav\u011b modr\u00e9.<\/p>\n<p><img loading=\"lazy\" decoding=\"async\" class=\"alignnone size-full wp-image-2692 aligncenter\" src=\"http:\/\/evertonfc.cz\/wp-content\/uploads\/2019\/02\/dres_treti.jpg\" alt=\"\" width=\"450\" height=\"309\" srcset=\"https:\/\/evertonfc.cz\/wp-content\/uploads\/2019\/02\/dres_treti.jpg 450w, https:\/\/evertonfc.cz\/wp-content\/uploads\/2019\/02\/dres_treti-300x206.jpg 300w\" sizes=\"(max-width: 450px) 100vw, 450px\" \/><\/p>\n<p style=\"text-align: center;\"><img loading=\"lazy\" decoding=\"async\" class=\"alignnone size-full wp-image-2690\" src=\"http:\/\/evertonfc.cz\/wp-content\/uploads\/2019\/02\/dcl_dres.jpg\" alt=\"\" width=\"450\" height=\"450\" srcset=\"https:\/\/evertonfc.cz\/wp-content\/uploads\/2019\/02\/dcl_dres.jpg 450w, https:\/\/evertonfc.cz\/wp-content\/uploads\/2019\/02\/dcl_dres-150x150.jpg 150w, https:\/\/evertonfc.cz\/wp-content\/uploads\/2019\/02\/dcl_dres-300x300.jpg 300w\" sizes=\"(max-width: 450px) 100vw, 450px\" \/><\/p>\n<p style=\"text-align: center;\"><img loading=\"lazy\" decoding=\"async\" class=\"alignnone size-full wp-image-2691\" src=\"http:\/\/evertonfc.cz\/wp-content\/uploads\/2019\/02\/dres.jpg\" alt=\"\" width=\"450\" height=\"450\" srcset=\"https:\/\/evertonfc.cz\/wp-content\/uploads\/2019\/02\/dres.jpg 450w, https:\/\/evertonfc.cz\/wp-content\/uploads\/2019\/02\/dres-150x150.jpg 150w, https:\/\/evertonfc.cz\/wp-content\/uploads\/2019\/02\/dres-300x300.jpg 300w\" sizes=\"(max-width: 450px) 100vw, 450px\" \/><\/p>\n<p style=\"text-align: center;\"><img loading=\"lazy\" decoding=\"async\" class=\"alignnone size-full wp-image-2694\" src=\"http:\/\/evertonfc.cz\/wp-content\/uploads\/2019\/02\/trenky.jpg\" alt=\"\" width=\"450\" height=\"450\" srcset=\"https:\/\/evertonfc.cz\/wp-content\/uploads\/2019\/02\/trenky.jpg 450w, https:\/\/evertonfc.cz\/wp-content\/uploads\/2019\/02\/trenky-150x150.jpg 150w, https:\/\/evertonfc.cz\/wp-content\/uploads\/2019\/02\/trenky-300x300.jpg 300w\" sizes=\"(max-width: 450px) 100vw, 450px\" \/><\/p>\n<p><img loading=\"lazy\" decoding=\"async\" class=\"alignnone size-full wp-image-2693 aligncenter\" src=\"http:\/\/evertonfc.cz\/wp-content\/uploads\/2019\/02\/stulpny.jpg\" alt=\"\" width=\"450\" height=\"450\" srcset=\"https:\/\/evertonfc.cz\/wp-content\/uploads\/2019\/02\/stulpny.jpg 450w, https:\/\/evertonfc.cz\/wp-content\/uploads\/2019\/02\/stulpny-150x150.jpg 150w, https:\/\/evertonfc.cz\/wp-content\/uploads\/2019\/02\/stulpny-300x300.jpg 300w\" sizes=\"(max-width: 450px) 100vw, 450px\" \/><\/p>\n","protected":false},"excerpt":{"rendered":"<p>Je\u0161t\u011b p\u0159ed v\u00edkendov\u00fdm startem Premier League Everton odhalil podobu t\u0159et\u00edho dresu. Alternativn\u00ed souprava bude poprv\u00e9 otestov\u00e1na za t\u00fdden v ligov\u00e9m&hellip;<\/p>\n","protected":false},"author":6,"featured_media":1313,"comment_status":"open","ping_status":"closed","sticky":false,"template":"","format":"standard","meta":{"_eb_attr":"","_monsterinsights_skip_tracking":false,"_monsterinsights_sitenote_active":false,"_monsterinsights_sitenote_note":"","_monsterinsights_sitenote_category":0,"footnotes":""},"categories":[42],"tags":[],"yoast_head":"<!-- This site is optimized with the Yoast SEO plugin v23.4 - https:\/\/yoast.com\/wordpress\/plugins\/seo\/ -->\n<title>Zn\u00e1ma je u\u017e i podoba t\u0159et\u00edho dresu - Official Czech &amp; Slovak Everton Supporters&#039; Club<\/title>\n<meta name=\"robots\" content=\"index, follow, max-snippet:-1, max-image-preview:large, max-video-preview:-1\" \/>\n<link rel=\"canonical\" href=\"https:\/\/evertonfc.cz\/index.php\/2017\/08\/14\/znama-je-uz-i-podoba-tretiho-dresu\/\" \/>\n<meta property=\"og:locale\" content=\"cs_CZ\" \/>\n<meta property=\"og:type\" content=\"article\" \/>\n<meta property=\"og:title\" content=\"Zn\u00e1ma je u\u017e i podoba t\u0159et\u00edho dresu - Official Czech &amp; Slovak Everton Supporters&#039; Club\" \/>\n<meta property=\"og:description\" content=\"Je\u0161t\u011b p\u0159ed v\u00edkendov\u00fdm startem Premier League Everton odhalil podobu t\u0159et\u00edho dresu. Alternativn\u00ed souprava bude poprv\u00e9 otestov\u00e1na za t\u00fdden v ligov\u00e9m&hellip;\" \/>\n<meta property=\"og:url\" content=\"https:\/\/evertonfc.cz\/index.php\/2017\/08\/14\/znama-je-uz-i-podoba-tretiho-dresu\/\" \/>\n<meta property=\"og:site_name\" content=\"Official Czech &amp; Slovak Everton Supporters&#039; Club\" \/>\n<meta property=\"article:publisher\" content=\"https:\/\/www.facebook.com\/everton.fans.cz.sk\" \/>\n<meta property=\"article:published_time\" content=\"2017-08-14T19:28:42+00:00\" \/>\n<meta property=\"article:modified_time\" content=\"2019-02-09T21:01:27+00:00\" \/>\n<meta property=\"og:image\" content=\"https:\/\/evertonfc.cz\/wp-content\/uploads\/2019\/01\/news.jpg\" \/>\n\t<meta property=\"og:image:width\" content=\"720\" \/>\n\t<meta property=\"og:image:height\" content=\"405\" \/>\n\t<meta property=\"og:image:type\" content=\"image\/jpeg\" \/>\n<meta name=\"author\" content=\"Ri\u010di\" \/>\n<meta name=\"twitter:card\" content=\"summary_large_image\" \/>\n<meta name=\"twitter:creator\" content=\"@rbrejsa\" \/>\n<meta name=\"twitter:label1\" content=\"Napsal(a)\" \/>\n\t<meta name=\"twitter:data1\" content=\"Ri\u010di\" \/>\n<script type=\"application\/ld+json\" class=\"yoast-schema-graph\">{\"@context\":\"https:\/\/schema.org\",\"@graph\":[{\"@type\":\"Article\",\"@id\":\"https:\/\/evertonfc.cz\/index.php\/2017\/08\/14\/znama-je-uz-i-podoba-tretiho-dresu\/#article\",\"isPartOf\":{\"@id\":\"https:\/\/evertonfc.cz\/index.php\/2017\/08\/14\/znama-je-uz-i-podoba-tretiho-dresu\/\"},\"author\":{\"name\":\"Ri\u010di\",\"@id\":\"https:\/\/evertonfc.cz\/#\/schema\/person\/f7a5daedb2ffee98480bc70e191aaef1\"},\"headline\":\"Zn\u00e1ma je u\u017e i podoba t\u0159et\u00edho dresu\",\"datePublished\":\"2017-08-14T19:28:42+00:00\",\"dateModified\":\"2019-02-09T21:01:27+00:00\",\"mainEntityOfPage\":{\"@id\":\"https:\/\/evertonfc.cz\/index.php\/2017\/08\/14\/znama-je-uz-i-podoba-tretiho-dresu\/\"},\"wordCount\":98,\"commentCount\":0,\"publisher\":{\"@id\":\"https:\/\/evertonfc.cz\/#organization\"},\"image\":{\"@id\":\"https:\/\/evertonfc.cz\/index.php\/2017\/08\/14\/znama-je-uz-i-podoba-tretiho-dresu\/#primaryimage\"},\"thumbnailUrl\":\"https:\/\/evertonfc.cz\/wp-content\/uploads\/2019\/01\/news.jpg\",\"articleSection\":[\"Aktuality\"],\"inLanguage\":\"cs\",\"potentialAction\":[{\"@type\":\"CommentAction\",\"name\":\"Comment\",\"target\":[\"https:\/\/evertonfc.cz\/index.php\/2017\/08\/14\/znama-je-uz-i-podoba-tretiho-dresu\/#respond\"]}]},{\"@type\":\"WebPage\",\"@id\":\"https:\/\/evertonfc.cz\/index.php\/2017\/08\/14\/znama-je-uz-i-podoba-tretiho-dresu\/\",\"url\":\"https:\/\/evertonfc.cz\/index.php\/2017\/08\/14\/znama-je-uz-i-podoba-tretiho-dresu\/\",\"name\":\"Zn\u00e1ma je u\u017e i podoba t\u0159et\u00edho dresu - Official Czech &amp; Slovak Everton Supporters&#039; Club\",\"isPartOf\":{\"@id\":\"https:\/\/evertonfc.cz\/#website\"},\"primaryImageOfPage\":{\"@id\":\"https:\/\/evertonfc.cz\/index.php\/2017\/08\/14\/znama-je-uz-i-podoba-tretiho-dresu\/#primaryimage\"},\"image\":{\"@id\":\"https:\/\/evertonfc.cz\/index.php\/2017\/08\/14\/znama-je-uz-i-podoba-tretiho-dresu\/#primaryimage\"},\"thumbnailUrl\":\"https:\/\/evertonfc.cz\/wp-content\/uploads\/2019\/01\/news.jpg\",\"datePublished\":\"2017-08-14T19:28:42+00:00\",\"dateModified\":\"2019-02-09T21:01:27+00:00\",\"breadcrumb\":{\"@id\":\"https:\/\/evertonfc.cz\/index.php\/2017\/08\/14\/znama-je-uz-i-podoba-tretiho-dresu\/#breadcrumb\"},\"inLanguage\":\"cs\",\"potentialAction\":[{\"@type\":\"ReadAction\",\"target\":[\"https:\/\/evertonfc.cz\/index.php\/2017\/08\/14\/znama-je-uz-i-podoba-tretiho-dresu\/\"]}]},{\"@type\":\"ImageObject\",\"inLanguage\":\"cs\",\"@id\":\"https:\/\/evertonfc.cz\/index.php\/2017\/08\/14\/znama-je-uz-i-podoba-tretiho-dresu\/#primaryimage\",\"url\":\"https:\/\/evertonfc.cz\/wp-content\/uploads\/2019\/01\/news.jpg\",\"contentUrl\":\"https:\/\/evertonfc.cz\/wp-content\/uploads\/2019\/01\/news.jpg\",\"width\":720,\"height\":405},{\"@type\":\"BreadcrumbList\",\"@id\":\"https:\/\/evertonfc.cz\/index.php\/2017\/08\/14\/znama-je-uz-i-podoba-tretiho-dresu\/#breadcrumb\",\"itemListElement\":[{\"@type\":\"ListItem\",\"position\":1,\"name\":\"Home\",\"item\":\"https:\/\/evertonfc.cz\/\"},{\"@type\":\"ListItem\",\"position\":2,\"name\":\"Zn\u00e1ma je u\u017e i podoba t\u0159et\u00edho dresu\"}]},{\"@type\":\"WebSite\",\"@id\":\"https:\/\/evertonfc.cz\/#website\",\"url\":\"https:\/\/evertonfc.cz\/\",\"name\":\"Official Czech &amp; Slovak Everton Supporters&#039; Club\",\"description\":\"\",\"publisher\":{\"@id\":\"https:\/\/evertonfc.cz\/#organization\"},\"potentialAction\":[{\"@type\":\"SearchAction\",\"target\":{\"@type\":\"EntryPoint\",\"urlTemplate\":\"https:\/\/evertonfc.cz\/?s={search_term_string}\"},\"query-input\":{\"@type\":\"PropertyValueSpecification\",\"valueRequired\":true,\"valueName\":\"search_term_string\"}}],\"inLanguage\":\"cs\"},{\"@type\":\"Organization\",\"@id\":\"https:\/\/evertonfc.cz\/#organization\",\"name\":\"Official Czech & Slovak Everton Supporters' Club\",\"url\":\"https:\/\/evertonfc.cz\/\",\"logo\":{\"@type\":\"ImageObject\",\"inLanguage\":\"cs\",\"@id\":\"https:\/\/evertonfc.cz\/#\/schema\/logo\/image\/\",\"url\":\"https:\/\/evertonfc.cz\/wp-content\/uploads\/2019\/05\/logo.png\",\"contentUrl\":\"https:\/\/evertonfc.cz\/wp-content\/uploads\/2019\/05\/logo.png\",\"width\":112,\"height\":112,\"caption\":\"Official Czech & Slovak Everton Supporters' Club\"},\"image\":{\"@id\":\"https:\/\/evertonfc.cz\/#\/schema\/logo\/image\/\"},\"sameAs\":[\"https:\/\/www.facebook.com\/everton.fans.cz.sk\"]},{\"@type\":\"Person\",\"@id\":\"https:\/\/evertonfc.cz\/#\/schema\/person\/f7a5daedb2ffee98480bc70e191aaef1\",\"name\":\"Ri\u010di\",\"sameAs\":[\"https:\/\/x.com\/rbrejsa\"],\"url\":\"https:\/\/evertonfc.cz\/index.php\/author\/rici\/\"}]}<\/script>\n<!-- \/ Yoast SEO plugin. -->","yoast_head_json":{"title":"Zn\u00e1ma je u\u017e i podoba t\u0159et\u00edho dresu - Official Czech &amp; Slovak Everton Supporters&#039; Club","robots":{"index":"index","follow":"follow","max-snippet":"max-snippet:-1","max-image-preview":"max-image-preview:large","max-video-preview":"max-video-preview:-1"},"canonical":"https:\/\/evertonfc.cz\/index.php\/2017\/08\/14\/znama-je-uz-i-podoba-tretiho-dresu\/","og_locale":"cs_CZ","og_type":"article","og_title":"Zn\u00e1ma je u\u017e i podoba t\u0159et\u00edho dresu - Official Czech &amp; Slovak Everton Supporters&#039; Club","og_description":"Je\u0161t\u011b p\u0159ed v\u00edkendov\u00fdm startem Premier League Everton odhalil podobu t\u0159et\u00edho dresu. Alternativn\u00ed souprava bude poprv\u00e9 otestov\u00e1na za t\u00fdden v ligov\u00e9m&hellip;","og_url":"https:\/\/evertonfc.cz\/index.php\/2017\/08\/14\/znama-je-uz-i-podoba-tretiho-dresu\/","og_site_name":"Official Czech &amp; Slovak Everton Supporters&#039; Club","article_publisher":"https:\/\/www.facebook.com\/everton.fans.cz.sk","article_published_time":"2017-08-14T19:28:42+00:00","article_modified_time":"2019-02-09T21:01:27+00:00","og_image":[{"width":720,"height":405,"url":"https:\/\/evertonfc.cz\/wp-content\/uploads\/2019\/01\/news.jpg","type":"image\/jpeg"}],"author":"Ri\u010di","twitter_card":"summary_large_image","twitter_creator":"@rbrejsa","twitter_misc":{"Napsal(a)":"Ri\u010di"},"schema":{"@context":"https:\/\/schema.org","@graph":[{"@type":"Article","@id":"https:\/\/evertonfc.cz\/index.php\/2017\/08\/14\/znama-je-uz-i-podoba-tretiho-dresu\/#article","isPartOf":{"@id":"https:\/\/evertonfc.cz\/index.php\/2017\/08\/14\/znama-je-uz-i-podoba-tretiho-dresu\/"},"author":{"name":"Ri\u010di","@id":"https:\/\/evertonfc.cz\/#\/schema\/person\/f7a5daedb2ffee98480bc70e191aaef1"},"headline":"Zn\u00e1ma je u\u017e i podoba t\u0159et\u00edho dresu","datePublished":"2017-08-14T19:28:42+00:00","dateModified":"2019-02-09T21:01:27+00:00","mainEntityOfPage":{"@id":"https:\/\/evertonfc.cz\/index.php\/2017\/08\/14\/znama-je-uz-i-podoba-tretiho-dresu\/"},"wordCount":98,"commentCount":0,"publisher":{"@id":"https:\/\/evertonfc.cz\/#organization"},"image":{"@id":"https:\/\/evertonfc.cz\/index.php\/2017\/08\/14\/znama-je-uz-i-podoba-tretiho-dresu\/#primaryimage"},"thumbnailUrl":"https:\/\/evertonfc.cz\/wp-content\/uploads\/2019\/01\/news.jpg","articleSection":["Aktuality"],"inLanguage":"cs","potentialAction":[{"@type":"CommentAction","name":"Comment","target":["https:\/\/evertonfc.cz\/index.php\/2017\/08\/14\/znama-je-uz-i-podoba-tretiho-dresu\/#respond"]}]},{"@type":"WebPage","@id":"https:\/\/evertonfc.cz\/index.php\/2017\/08\/14\/znama-je-uz-i-podoba-tretiho-dresu\/","url":"https:\/\/evertonfc.cz\/index.php\/2017\/08\/14\/znama-je-uz-i-podoba-tretiho-dresu\/","name":"Zn\u00e1ma je u\u017e i podoba t\u0159et\u00edho dresu - Official Czech &amp; Slovak Everton Supporters&#039; Club","isPartOf":{"@id":"https:\/\/evertonfc.cz\/#website"},"primaryImageOfPage":{"@id":"https:\/\/evertonfc.cz\/index.php\/2017\/08\/14\/znama-je-uz-i-podoba-tretiho-dresu\/#primaryimage"},"image":{"@id":"https:\/\/evertonfc.cz\/index.php\/2017\/08\/14\/znama-je-uz-i-podoba-tretiho-dresu\/#primaryimage"},"thumbnailUrl":"https:\/\/evertonfc.cz\/wp-content\/uploads\/2019\/01\/news.jpg","datePublished":"2017-08-14T19:28:42+00:00","dateModified":"2019-02-09T21:01:27+00:00","breadcrumb":{"@id":"https:\/\/evertonfc.cz\/index.php\/2017\/08\/14\/znama-je-uz-i-podoba-tretiho-dresu\/#breadcrumb"},"inLanguage":"cs","potentialAction":[{"@type":"ReadAction","target":["https:\/\/evertonfc.cz\/index.php\/2017\/08\/14\/znama-je-uz-i-podoba-tretiho-dresu\/"]}]},{"@type":"ImageObject","inLanguage":"cs","@id":"https:\/\/evertonfc.cz\/index.php\/2017\/08\/14\/znama-je-uz-i-podoba-tretiho-dresu\/#primaryimage","url":"https:\/\/evertonfc.cz\/wp-content\/uploads\/2019\/01\/news.jpg","contentUrl":"https:\/\/evertonfc.cz\/wp-content\/uploads\/2019\/01\/news.jpg","width":720,"height":405},{"@type":"BreadcrumbList","@id":"https:\/\/evertonfc.cz\/index.php\/2017\/08\/14\/znama-je-uz-i-podoba-tretiho-dresu\/#breadcrumb","itemListElement":[{"@type":"ListItem","position":1,"name":"Home","item":"https:\/\/evertonfc.cz\/"},{"@type":"ListItem","position":2,"name":"Zn\u00e1ma je u\u017e i podoba t\u0159et\u00edho dresu"}]},{"@type":"WebSite","@id":"https:\/\/evertonfc.cz\/#website","url":"https:\/\/evertonfc.cz\/","name":"Official Czech &amp; Slovak Everton Supporters&#039; Club","description":"","publisher":{"@id":"https:\/\/evertonfc.cz\/#organization"},"potentialAction":[{"@type":"SearchAction","target":{"@type":"EntryPoint","urlTemplate":"https:\/\/evertonfc.cz\/?s={search_term_string}"},"query-input":{"@type":"PropertyValueSpecification","valueRequired":true,"valueName":"search_term_string"}}],"inLanguage":"cs"},{"@type":"Organization","@id":"https:\/\/evertonfc.cz\/#organization","name":"Official Czech & Slovak Everton Supporters' Club","url":"https:\/\/evertonfc.cz\/","logo":{"@type":"ImageObject","inLanguage":"cs","@id":"https:\/\/evertonfc.cz\/#\/schema\/logo\/image\/","url":"https:\/\/evertonfc.cz\/wp-content\/uploads\/2019\/05\/logo.png","contentUrl":"https:\/\/evertonfc.cz\/wp-content\/uploads\/2019\/05\/logo.png","width":112,"height":112,"caption":"Official Czech & Slovak Everton Supporters' Club"},"image":{"@id":"https:\/\/evertonfc.cz\/#\/schema\/logo\/image\/"},"sameAs":["https:\/\/www.facebook.com\/everton.fans.cz.sk"]},{"@type":"Person","@id":"https:\/\/evertonfc.cz\/#\/schema\/person\/f7a5daedb2ffee98480bc70e191aaef1","name":"Ri\u010di","sameAs":["https:\/\/x.com\/rbrejsa"],"url":"https:\/\/evertonfc.cz\/index.php\/author\/rici\/"}]}},"_links":{"self":[{"href":"https:\/\/evertonfc.cz\/index.php\/wp-json\/wp\/v2\/posts\/2688"}],"collection":[{"href":"https:\/\/evertonfc.cz\/index.php\/wp-json\/wp\/v2\/posts"}],"about":[{"href":"https:\/\/evertonfc.cz\/index.php\/wp-json\/wp\/v2\/types\/post"}],"author":[{"embeddable":true,"href":"https:\/\/evertonfc.cz\/index.php\/wp-json\/wp\/v2\/users\/6"}],"replies":[{"embeddable":true,"href":"https:\/\/evertonfc.cz\/index.php\/wp-json\/wp\/v2\/comments?post=2688"}],"version-history":[{"count":3,"href":"https:\/\/evertonfc.cz\/index.php\/wp-json\/wp\/v2\/posts\/2688\/revisions"}],"predecessor-version":[{"id":2719,"href":"https:\/\/evertonfc.cz\/index.php\/wp-json\/wp\/v2\/posts\/2688\/revisions\/2719"}],"wp:featuredmedia":[{"embeddable":true,"href":"https:\/\/evertonfc.cz\/index.php\/wp-json\/wp\/v2\/media\/1313"}],"wp:attachment":[{"href":"https:\/\/evertonfc.cz\/index.php\/wp-json\/wp\/v2\/media?parent=2688"}],"wp:term":[{"taxonomy":"category","embeddable":true,"href":"https:\/\/evertonfc.cz\/index.php\/wp-json\/wp\/v2\/categories?post=2688"},{"taxonomy":"post_tag","embeddable":true,"href":"https:\/\/evertonfc.cz\/index.php\/wp-json\/wp\/v2\/tags?post=2688"}],"curies":[{"name":"wp","href":"https:\/\/api.w.org\/{rel}","templated":true}]}}