{"id":26889,"date":"2025-06-16T22:19:50","date_gmt":"2025-06-16T20:19:50","guid":{"rendered":"https:\/\/evertonfc.cz\/?p=26889"},"modified":"2025-06-17T10:56:27","modified_gmt":"2025-06-17T08:56:27","slug":"vice-klubu-ve-wsl-od-2026-27","status":"publish","type":"post","link":"https:\/\/evertonfc.cz\/index.php\/2025\/06\/16\/vice-klubu-ve-wsl-od-2026-27\/","title":{"rendered":"V\u00edce klub\u016f ve WSL od 2026\/27"},"content":{"rendered":"<h4>Od sez\u00f3ny 2026\/2027 se roz\u0161\u00ed\u0159\u00ed po\u010det klub\u016f hraj\u00edc\u00edch nejvy\u0161\u0161\u00ed \u017eenskou sout\u011b\u017e Women Super League z 12 na 14.<\/h4>\n<p>Uvedenou zm\u011bnu odsouhlasil WSL Football a odhlasovaly samotn\u00e9 kluby. V prvn\u00ed sez\u00f3n\u011b postoup\u00ed z WSL 2 (d\u0159\u00edve Championship) prvn\u00ed dva kluby. T\u0159et\u00ed klub WSL 2 sehraje bar\u00e1\u017e s posledn\u00edm klubem WSL. P\u016fvodn\u00ed n\u00e1vrh po\u010d\u00edtal prvn\u00ed sez\u00f3nu jen s jedn\u00edm postupuj\u00edc\u00edm do WSL a stopnut\u00edm sestupu. Tento n\u00e1vrh ale nebyla nakonec p\u0159ijat\u00fd. V dal\u0161\u00edch sez\u00f3n\u00e1ch\u00a0 p\u0159\u00edmo postoup\u00ed prvn\u00ed klub z WSL 2 a sestoup\u00ed posledn\u00ed klub z WSL. P\u0159edposledn\u00ed klub z WSL a druh\u00fd klub z WSL 2 \u010dek\u00e1 bar\u00e1\u017eov\u00e9 kl\u00e1n\u00ed.<\/p>\n<p>Podobn\u00fdm zp\u016fsobem se zm\u011bn\u00ed postup\/ sestup i v\u00a0 ni\u017e\u0161\u00edch sout\u011b\u017e\u00edch National League Premier Division North a National League Premier Division South. O\u010dek\u00e1v\u00e1 se, \u017ee uveden\u00e9 zm\u011bny mimo jin\u00e9 vytvo\u0159\u00ed v\u011bt\u0161\u00ed tlak na kluby na\u0161eho kalibru, kter\u00e9 spokojen\u011b vegetuj\u00ed uprost\u0159ed tabulky. Tedy kluby, kter\u00e9 maj\u00ed k boji o ligov\u00e9 vav\u0159\u00edny bezpe\u010dn\u011b daleko, ale z\u00e1rove\u0148 nejsou \u00fapln\u011b\u00a0 beznad\u011bjn\u011b nejhor\u0161\u00ed. Jde o prvn\u00ed z \u0159ady zm\u011bn v organizaci anglick\u00e9ho \u017eensk\u00e9ho fotbalu. Cel\u00e9 z\u00e1le\u017eitosti v\u011bnujeme p\u0159es l\u00e9to nejsp\u00ed\u0161e samostatn\u00fd \u010dl\u00e1nek. <span style=\"color: #0000ff;\"><strong>COYBG!<\/strong><\/span><\/p>\n<p style=\"text-align: right;\"><span style=\"font-size: 8pt;\">(zdroj: bbc.com)<\/span><\/p>\n","protected":false},"excerpt":{"rendered":"<p>Od sez\u00f3ny 2026\/2027 se roz\u0161\u00ed\u0159\u00ed po\u010det klub\u016f hraj\u00edc\u00edch nejvy\u0161\u0161\u00ed \u017eenskou sout\u011b\u017e Women Super League z 12 na 14.<\/p>\n","protected":false},"author":26,"featured_media":26890,"comment_status":"open","ping_status":"closed","sticky":false,"template":"","format":"standard","meta":{"_eb_attr":"","_monsterinsights_skip_tracking":false,"_monsterinsights_sitenote_active":false,"_monsterinsights_sitenote_note":"","_monsterinsights_sitenote_category":0,"footnotes":""},"categories":[110],"tags":[],"yoast_head":"<!-- This site is optimized with the Yoast SEO plugin v23.4 - https:\/\/yoast.com\/wordpress\/plugins\/seo\/ -->\n<title>V\u00edce klub\u016f ve WSL od 2026\/27 - Official Czech &amp; Slovak Everton Supporters&#039; Club<\/title>\n<meta name=\"robots\" content=\"index, follow, max-snippet:-1, max-image-preview:large, max-video-preview:-1\" \/>\n<link rel=\"canonical\" href=\"https:\/\/evertonfc.cz\/index.php\/2025\/06\/16\/vice-klubu-ve-wsl-od-2026-27\/\" \/>\n<meta property=\"og:locale\" content=\"cs_CZ\" \/>\n<meta property=\"og:type\" content=\"article\" \/>\n<meta property=\"og:title\" content=\"V\u00edce klub\u016f ve WSL od 2026\/27 - Official Czech &amp; Slovak Everton Supporters&#039; Club\" \/>\n<meta property=\"og:description\" content=\"Od sez\u00f3ny 2026\/2027 se roz\u0161\u00ed\u0159\u00ed po\u010det klub\u016f hraj\u00edc\u00edch nejvy\u0161\u0161\u00ed \u017eenskou sout\u011b\u017e Women Super League z 12 na 14.\" \/>\n<meta property=\"og:url\" content=\"https:\/\/evertonfc.cz\/index.php\/2025\/06\/16\/vice-klubu-ve-wsl-od-2026-27\/\" \/>\n<meta property=\"og:site_name\" content=\"Official Czech &amp; Slovak Everton Supporters&#039; Club\" \/>\n<meta property=\"article:publisher\" content=\"https:\/\/www.facebook.com\/everton.fans.cz.sk\" \/>\n<meta property=\"article:published_time\" content=\"2025-06-16T20:19:50+00:00\" \/>\n<meta property=\"article:modified_time\" content=\"2025-06-17T08:56:27+00:00\" \/>\n<meta property=\"og:image\" content=\"https:\/\/evertonfc.cz\/wp-content\/uploads\/2025\/06\/Everton-women.webp\" \/>\n\t<meta property=\"og:image:width\" content=\"678\" \/>\n\t<meta property=\"og:image:height\" content=\"381\" \/>\n\t<meta property=\"og:image:type\" content=\"image\/webp\" \/>\n<meta name=\"author\" content=\"Karamela\" \/>\n<meta name=\"twitter:card\" content=\"summary_large_image\" \/>\n<meta name=\"twitter:label1\" content=\"Napsal(a)\" \/>\n\t<meta name=\"twitter:data1\" content=\"Karamela\" \/>\n\t<meta name=\"twitter:label2\" content=\"Odhadovan\u00e1 doba \u010dten\u00ed\" \/>\n\t<meta name=\"twitter:data2\" content=\"2 minuty\" \/>\n<script type=\"application\/ld+json\" class=\"yoast-schema-graph\">{\"@context\":\"https:\/\/schema.org\",\"@graph\":[{\"@type\":\"Article\",\"@id\":\"https:\/\/evertonfc.cz\/index.php\/2025\/06\/16\/vice-klubu-ve-wsl-od-2026-27\/#article\",\"isPartOf\":{\"@id\":\"https:\/\/evertonfc.cz\/index.php\/2025\/06\/16\/vice-klubu-ve-wsl-od-2026-27\/\"},\"author\":{\"name\":\"Karamela\",\"@id\":\"https:\/\/evertonfc.cz\/#\/schema\/person\/e9a24a80a32efa1344dd2c4e5882185c\"},\"headline\":\"V\u00edce klub\u016f ve WSL od 2026\/27\",\"datePublished\":\"2025-06-16T20:19:50+00:00\",\"dateModified\":\"2025-06-17T08:56:27+00:00\",\"mainEntityOfPage\":{\"@id\":\"https:\/\/evertonfc.cz\/index.php\/2025\/06\/16\/vice-klubu-ve-wsl-od-2026-27\/\"},\"wordCount\":228,\"commentCount\":0,\"publisher\":{\"@id\":\"https:\/\/evertonfc.cz\/#organization\"},\"image\":{\"@id\":\"https:\/\/evertonfc.cz\/index.php\/2025\/06\/16\/vice-klubu-ve-wsl-od-2026-27\/#primaryimage\"},\"thumbnailUrl\":\"https:\/\/evertonfc.cz\/wp-content\/uploads\/2025\/06\/Everton-women.webp\",\"articleSection\":[\"Everton Women\"],\"inLanguage\":\"cs\",\"potentialAction\":[{\"@type\":\"CommentAction\",\"name\":\"Comment\",\"target\":[\"https:\/\/evertonfc.cz\/index.php\/2025\/06\/16\/vice-klubu-ve-wsl-od-2026-27\/#respond\"]}]},{\"@type\":\"WebPage\",\"@id\":\"https:\/\/evertonfc.cz\/index.php\/2025\/06\/16\/vice-klubu-ve-wsl-od-2026-27\/\",\"url\":\"https:\/\/evertonfc.cz\/index.php\/2025\/06\/16\/vice-klubu-ve-wsl-od-2026-27\/\",\"name\":\"V\u00edce klub\u016f ve WSL od 2026\/27 - Official Czech &amp; Slovak Everton Supporters&#039; Club\",\"isPartOf\":{\"@id\":\"https:\/\/evertonfc.cz\/#website\"},\"primaryImageOfPage\":{\"@id\":\"https:\/\/evertonfc.cz\/index.php\/2025\/06\/16\/vice-klubu-ve-wsl-od-2026-27\/#primaryimage\"},\"image\":{\"@id\":\"https:\/\/evertonfc.cz\/index.php\/2025\/06\/16\/vice-klubu-ve-wsl-od-2026-27\/#primaryimage\"},\"thumbnailUrl\":\"https:\/\/evertonfc.cz\/wp-content\/uploads\/2025\/06\/Everton-women.webp\",\"datePublished\":\"2025-06-16T20:19:50+00:00\",\"dateModified\":\"2025-06-17T08:56:27+00:00\",\"breadcrumb\":{\"@id\":\"https:\/\/evertonfc.cz\/index.php\/2025\/06\/16\/vice-klubu-ve-wsl-od-2026-27\/#breadcrumb\"},\"inLanguage\":\"cs\",\"potentialAction\":[{\"@type\":\"ReadAction\",\"target\":[\"https:\/\/evertonfc.cz\/index.php\/2025\/06\/16\/vice-klubu-ve-wsl-od-2026-27\/\"]}]},{\"@type\":\"ImageObject\",\"inLanguage\":\"cs\",\"@id\":\"https:\/\/evertonfc.cz\/index.php\/2025\/06\/16\/vice-klubu-ve-wsl-od-2026-27\/#primaryimage\",\"url\":\"https:\/\/evertonfc.cz\/wp-content\/uploads\/2025\/06\/Everton-women.webp\",\"contentUrl\":\"https:\/\/evertonfc.cz\/wp-content\/uploads\/2025\/06\/Everton-women.webp\",\"width\":678,\"height\":381},{\"@type\":\"BreadcrumbList\",\"@id\":\"https:\/\/evertonfc.cz\/index.php\/2025\/06\/16\/vice-klubu-ve-wsl-od-2026-27\/#breadcrumb\",\"itemListElement\":[{\"@type\":\"ListItem\",\"position\":1,\"name\":\"Home\",\"item\":\"https:\/\/evertonfc.cz\/\"},{\"@type\":\"ListItem\",\"position\":2,\"name\":\"V\u00edce klub\u016f ve WSL od 2026\/27\"}]},{\"@type\":\"WebSite\",\"@id\":\"https:\/\/evertonfc.cz\/#website\",\"url\":\"https:\/\/evertonfc.cz\/\",\"name\":\"Official Czech &amp; Slovak Everton Supporters&#039; Club\",\"description\":\"\",\"publisher\":{\"@id\":\"https:\/\/evertonfc.cz\/#organization\"},\"potentialAction\":[{\"@type\":\"SearchAction\",\"target\":{\"@type\":\"EntryPoint\",\"urlTemplate\":\"https:\/\/evertonfc.cz\/?s={search_term_string}\"},\"query-input\":{\"@type\":\"PropertyValueSpecification\",\"valueRequired\":true,\"valueName\":\"search_term_string\"}}],\"inLanguage\":\"cs\"},{\"@type\":\"Organization\",\"@id\":\"https:\/\/evertonfc.cz\/#organization\",\"name\":\"Official Czech & Slovak Everton Supporters' Club\",\"url\":\"https:\/\/evertonfc.cz\/\",\"logo\":{\"@type\":\"ImageObject\",\"inLanguage\":\"cs\",\"@id\":\"https:\/\/evertonfc.cz\/#\/schema\/logo\/image\/\",\"url\":\"https:\/\/evertonfc.cz\/wp-content\/uploads\/2019\/05\/logo.png\",\"contentUrl\":\"https:\/\/evertonfc.cz\/wp-content\/uploads\/2019\/05\/logo.png\",\"width\":112,\"height\":112,\"caption\":\"Official Czech & Slovak Everton Supporters' Club\"},\"image\":{\"@id\":\"https:\/\/evertonfc.cz\/#\/schema\/logo\/image\/\"},\"sameAs\":[\"https:\/\/www.facebook.com\/everton.fans.cz.sk\"]},{\"@type\":\"Person\",\"@id\":\"https:\/\/evertonfc.cz\/#\/schema\/person\/e9a24a80a32efa1344dd2c4e5882185c\",\"name\":\"Karamela\",\"url\":\"https:\/\/evertonfc.cz\/index.php\/author\/karamela\/\"}]}<\/script>\n<!-- \/ Yoast SEO plugin. -->","yoast_head_json":{"title":"V\u00edce klub\u016f ve WSL od 2026\/27 - Official Czech &amp; Slovak Everton Supporters&#039; Club","robots":{"index":"index","follow":"follow","max-snippet":"max-snippet:-1","max-image-preview":"max-image-preview:large","max-video-preview":"max-video-preview:-1"},"canonical":"https:\/\/evertonfc.cz\/index.php\/2025\/06\/16\/vice-klubu-ve-wsl-od-2026-27\/","og_locale":"cs_CZ","og_type":"article","og_title":"V\u00edce klub\u016f ve WSL od 2026\/27 - Official Czech &amp; Slovak Everton Supporters&#039; Club","og_description":"Od sez\u00f3ny 2026\/2027 se roz\u0161\u00ed\u0159\u00ed po\u010det klub\u016f hraj\u00edc\u00edch nejvy\u0161\u0161\u00ed \u017eenskou sout\u011b\u017e Women Super League z 12 na 14.","og_url":"https:\/\/evertonfc.cz\/index.php\/2025\/06\/16\/vice-klubu-ve-wsl-od-2026-27\/","og_site_name":"Official Czech &amp; Slovak Everton Supporters&#039; Club","article_publisher":"https:\/\/www.facebook.com\/everton.fans.cz.sk","article_published_time":"2025-06-16T20:19:50+00:00","article_modified_time":"2025-06-17T08:56:27+00:00","og_image":[{"width":678,"height":381,"url":"https:\/\/evertonfc.cz\/wp-content\/uploads\/2025\/06\/Everton-women.webp","type":"image\/webp"}],"author":"Karamela","twitter_card":"summary_large_image","twitter_misc":{"Napsal(a)":"Karamela","Odhadovan\u00e1 doba \u010dten\u00ed":"2 minuty"},"schema":{"@context":"https:\/\/schema.org","@graph":[{"@type":"Article","@id":"https:\/\/evertonfc.cz\/index.php\/2025\/06\/16\/vice-klubu-ve-wsl-od-2026-27\/#article","isPartOf":{"@id":"https:\/\/evertonfc.cz\/index.php\/2025\/06\/16\/vice-klubu-ve-wsl-od-2026-27\/"},"author":{"name":"Karamela","@id":"https:\/\/evertonfc.cz\/#\/schema\/person\/e9a24a80a32efa1344dd2c4e5882185c"},"headline":"V\u00edce klub\u016f ve WSL od 2026\/27","datePublished":"2025-06-16T20:19:50+00:00","dateModified":"2025-06-17T08:56:27+00:00","mainEntityOfPage":{"@id":"https:\/\/evertonfc.cz\/index.php\/2025\/06\/16\/vice-klubu-ve-wsl-od-2026-27\/"},"wordCount":228,"commentCount":0,"publisher":{"@id":"https:\/\/evertonfc.cz\/#organization"},"image":{"@id":"https:\/\/evertonfc.cz\/index.php\/2025\/06\/16\/vice-klubu-ve-wsl-od-2026-27\/#primaryimage"},"thumbnailUrl":"https:\/\/evertonfc.cz\/wp-content\/uploads\/2025\/06\/Everton-women.webp","articleSection":["Everton Women"],"inLanguage":"cs","potentialAction":[{"@type":"CommentAction","name":"Comment","target":["https:\/\/evertonfc.cz\/index.php\/2025\/06\/16\/vice-klubu-ve-wsl-od-2026-27\/#respond"]}]},{"@type":"WebPage","@id":"https:\/\/evertonfc.cz\/index.php\/2025\/06\/16\/vice-klubu-ve-wsl-od-2026-27\/","url":"https:\/\/evertonfc.cz\/index.php\/2025\/06\/16\/vice-klubu-ve-wsl-od-2026-27\/","name":"V\u00edce klub\u016f ve WSL od 2026\/27 - Official Czech &amp; Slovak Everton Supporters&#039; Club","isPartOf":{"@id":"https:\/\/evertonfc.cz\/#website"},"primaryImageOfPage":{"@id":"https:\/\/evertonfc.cz\/index.php\/2025\/06\/16\/vice-klubu-ve-wsl-od-2026-27\/#primaryimage"},"image":{"@id":"https:\/\/evertonfc.cz\/index.php\/2025\/06\/16\/vice-klubu-ve-wsl-od-2026-27\/#primaryimage"},"thumbnailUrl":"https:\/\/evertonfc.cz\/wp-content\/uploads\/2025\/06\/Everton-women.webp","datePublished":"2025-06-16T20:19:50+00:00","dateModified":"2025-06-17T08:56:27+00:00","breadcrumb":{"@id":"https:\/\/evertonfc.cz\/index.php\/2025\/06\/16\/vice-klubu-ve-wsl-od-2026-27\/#breadcrumb"},"inLanguage":"cs","potentialAction":[{"@type":"ReadAction","target":["https:\/\/evertonfc.cz\/index.php\/2025\/06\/16\/vice-klubu-ve-wsl-od-2026-27\/"]}]},{"@type":"ImageObject","inLanguage":"cs","@id":"https:\/\/evertonfc.cz\/index.php\/2025\/06\/16\/vice-klubu-ve-wsl-od-2026-27\/#primaryimage","url":"https:\/\/evertonfc.cz\/wp-content\/uploads\/2025\/06\/Everton-women.webp","contentUrl":"https:\/\/evertonfc.cz\/wp-content\/uploads\/2025\/06\/Everton-women.webp","width":678,"height":381},{"@type":"BreadcrumbList","@id":"https:\/\/evertonfc.cz\/index.php\/2025\/06\/16\/vice-klubu-ve-wsl-od-2026-27\/#breadcrumb","itemListElement":[{"@type":"ListItem","position":1,"name":"Home","item":"https:\/\/evertonfc.cz\/"},{"@type":"ListItem","position":2,"name":"V\u00edce klub\u016f ve WSL od 2026\/27"}]},{"@type":"WebSite","@id":"https:\/\/evertonfc.cz\/#website","url":"https:\/\/evertonfc.cz\/","name":"Official Czech &amp; Slovak Everton Supporters&#039; Club","description":"","publisher":{"@id":"https:\/\/evertonfc.cz\/#organization"},"potentialAction":[{"@type":"SearchAction","target":{"@type":"EntryPoint","urlTemplate":"https:\/\/evertonfc.cz\/?s={search_term_string}"},"query-input":{"@type":"PropertyValueSpecification","valueRequired":true,"valueName":"search_term_string"}}],"inLanguage":"cs"},{"@type":"Organization","@id":"https:\/\/evertonfc.cz\/#organization","name":"Official Czech & Slovak Everton Supporters' Club","url":"https:\/\/evertonfc.cz\/","logo":{"@type":"ImageObject","inLanguage":"cs","@id":"https:\/\/evertonfc.cz\/#\/schema\/logo\/image\/","url":"https:\/\/evertonfc.cz\/wp-content\/uploads\/2019\/05\/logo.png","contentUrl":"https:\/\/evertonfc.cz\/wp-content\/uploads\/2019\/05\/logo.png","width":112,"height":112,"caption":"Official Czech & Slovak Everton Supporters' Club"},"image":{"@id":"https:\/\/evertonfc.cz\/#\/schema\/logo\/image\/"},"sameAs":["https:\/\/www.facebook.com\/everton.fans.cz.sk"]},{"@type":"Person","@id":"https:\/\/evertonfc.cz\/#\/schema\/person\/e9a24a80a32efa1344dd2c4e5882185c","name":"Karamela","url":"https:\/\/evertonfc.cz\/index.php\/author\/karamela\/"}]}},"_links":{"self":[{"href":"https:\/\/evertonfc.cz\/index.php\/wp-json\/wp\/v2\/posts\/26889"}],"collection":[{"href":"https:\/\/evertonfc.cz\/index.php\/wp-json\/wp\/v2\/posts"}],"about":[{"href":"https:\/\/evertonfc.cz\/index.php\/wp-json\/wp\/v2\/types\/post"}],"author":[{"embeddable":true,"href":"https:\/\/evertonfc.cz\/index.php\/wp-json\/wp\/v2\/users\/26"}],"replies":[{"embeddable":true,"href":"https:\/\/evertonfc.cz\/index.php\/wp-json\/wp\/v2\/comments?post=26889"}],"version-history":[{"count":5,"href":"https:\/\/evertonfc.cz\/index.php\/wp-json\/wp\/v2\/posts\/26889\/revisions"}],"predecessor-version":[{"id":26895,"href":"https:\/\/evertonfc.cz\/index.php\/wp-json\/wp\/v2\/posts\/26889\/revisions\/26895"}],"wp:featuredmedia":[{"embeddable":true,"href":"https:\/\/evertonfc.cz\/index.php\/wp-json\/wp\/v2\/media\/26890"}],"wp:attachment":[{"href":"https:\/\/evertonfc.cz\/index.php\/wp-json\/wp\/v2\/media?parent=26889"}],"wp:term":[{"taxonomy":"category","embeddable":true,"href":"https:\/\/evertonfc.cz\/index.php\/wp-json\/wp\/v2\/categories?post=26889"},{"taxonomy":"post_tag","embeddable":true,"href":"https:\/\/evertonfc.cz\/index.php\/wp-json\/wp\/v2\/tags?post=26889"}],"curies":[{"name":"wp","href":"https:\/\/api.w.org\/{rel}","templated":true}]}}