{"id":26942,"date":"2025-06-29T19:10:47","date_gmt":"2025-06-29T17:10:47","guid":{"rendered":"https:\/\/evertonfc.cz\/?p=26942"},"modified":"2025-08-18T17:23:01","modified_gmt":"2025-08-18T15:23:01","slug":"calvert-lewin-odchazi-z-evertonu","status":"publish","type":"post","link":"https:\/\/evertonfc.cz\/index.php\/2025\/06\/29\/calvert-lewin-odchazi-z-evertonu\/","title":{"rendered":"Calvert-Lewin odch\u00e1z\u00ed z Evertonu"},"content":{"rendered":"<h4>Po dlouh\u00fdch dev\u00edti letech se s Evertonem lou\u010d\u00ed \u00fato\u010dn\u00edk Dominic Calvert-Lewin, kter\u00fd se s klubem nedohodl na nov\u00e9 smlouv\u011b a odejde jako voln\u00fd hr\u00e1\u010d.<\/h4>\n<p>Osmadvacetilet\u00fd \u00fato\u010dn\u00edk p\u0159i\u0161el na Goodison Park v l\u00e9t\u011b 2016 ze Sheffieldu United za 1,5 milionu liber. Debut v prvn\u00edm t\u00fdmu Toffees si odbyl u\u017e na podzim t\u00e9ho\u017e roku a od sez\u00f3ny 2017\/18 pat\u0159il mezi stabiln\u00ed \u010dleny z\u00e1kladn\u00ed sestavy. P\u016fvodn\u011b sice nastupoval jako k\u0159\u00eddeln\u00edk, nebo dokonce wing-back, postupn\u011b se v\u0161ak etabloval na hrotu \u00fatoku.<\/p>\n<p>Sv\u00e9 nejlep\u0161\u00ed obdob\u00ed za\u017eil mezi lety 2019 a 2021, kdy nejprve vst\u0159elil 15 sout\u011b\u017en\u00edch branek za sez\u00f3nu, aby n\u00e1sleduj\u00edc\u00ed ro\u010dn\u00edk zaznamenal dokonce 21 g\u00f3l\u016f. Od t\u00e9 doby ale jeho kari\u00e9ru za\u010dala brzdit \u010dast\u00e1 zran\u011bn\u00ed, kter\u00e1 doprov\u00e1zely i psychick\u00e9 pot\u00ed\u017ee, je\u017e pozd\u011bji s\u00e1m p\u0159iznal.<\/p>\n<p>Jeho st\u0159eleck\u00e1 forma ustoupila a u\u017e se mu nepoda\u0159ilo p\u0159ekonat dvoucifern\u00fd po\u010det branek v jedn\u00e9 sez\u00f3n\u011b. P\u0159esto v ro\u010dn\u00edc\u00edch 2021\/22 a 2022\/23 vst\u0159elil n\u011bkolik kl\u00ed\u010dov\u00fdch g\u00f3l\u016f v boji o z\u00e1chranu \u2013 zejm\u00e9na v\u00edt\u011bznou trefu proti Crystal Palace v kv\u011btnu 2022, kter\u00e1 Evertonu definitivn\u011b zajistila setrv\u00e1n\u00ed v Premier League.<\/p>\n<p>V posledn\u00edch letech se netajil p\u0159\u00e1n\u00edm vyzkou\u0161et si nov\u00e9 anga\u017em\u00e1. V l\u00e9t\u011b 2024 m\u011bl bl\u00edzko k p\u0159estupu do Newcastlu, ten ale nakonec ztroskotal na jeho platov\u00fdch po\u017eadavc\u00edch. Ani Everton pod nov\u00fdm veden\u00edm u\u017e nen\u00ed ochoten hr\u00e1\u010de p\u0159epl\u00e1cet, finan\u010dn\u00ed str\u00e1nka ale z\u0159ejm\u011b nebyla jedin\u00fdm d\u016fvodem, pro\u010d Calvert-Lewin nyn\u00ed odch\u00e1z\u00ed.<\/p>\n<p><em>\u201eNebyla to volba, kter\u00e1 by se d\u011blala snadno. Rozhodli jsme se k tomu spole\u010dn\u011b s rodinou po dlouh\u00e9m zva\u017eov\u00e1n\u00ed. C\u00edt\u00edme, \u017ee nastal spr\u00e1vn\u00fd \u010das na novou v\u00fdzvu. Moje pouto k Evertonu ale z\u016fstane nav\u017edy siln\u00e9. Everton byl m\u00fdm domovem od 19 let. Je to m\u00edsto, kde ve mn\u011b vid\u011bli potenci\u00e1l, pomohli mi r\u016fst a formovalo m\u011b to jako hr\u00e1\u010de i \u010dlov\u011bka,\u201c <\/em>prozradil 11n\u00e1sobn\u00fd anglick\u00fd reprezentant.<\/p>\n<p>B\u011bhem dev\u00edti let odehr\u00e1l Calvert-Lewin za Toffees 273 sout\u011b\u017en\u00edch utk\u00e1n\u00ed, ve kter\u00fdch nast\u0159\u00edlel 71 branek. V Premier League sk\u00f3roval 57kr\u00e1t, co\u017e ho \u0159ad\u00ed na t\u0159et\u00ed m\u00edsto klubov\u00e9 historick\u00e9 tabulky st\u0159elc\u016f za Romela Lukaka (68) a Duncana Fergusona (60).<\/p>\n<p>Na odchodu, by\u0165 jen formou hostov\u00e1n\u00ed, je tak\u00e9 21let\u00fd \u00fato\u010dn\u00edk Youssef Chermiti, kter\u00fd by m\u011bl sb\u00edrat hern\u00ed zku\u0161enosti v druholigov\u00e9m Stoke City. Toffees naopak usiluj\u00ed o p\u0159\u00edchod 22let\u00e9ho \u00fato\u010dn\u00edka Thierna Barryho z Villarrealu. \u0160pan\u011blsk\u00fd klub v\u0161ak zat\u00edm nehodl\u00e1 slevit z v\u00fdkupn\u00ed klauzule ve v\u00fd\u0161i 34 milion\u016f liber. O tom, zda se p\u0159estup uskute\u010dn\u00ed, by m\u011bly rozhodnout n\u00e1sleduj\u00edc\u00ed dny.<\/p>\n<p><em>Aktualizov\u00e1no 15. 8. 2025: Calvert-Lewin jako voln\u00fd hr\u00e1\u010d podepsal t\u0159\u00edletou smlouvu s Leedsem United, nov\u00e1\u010dkem Premier League.<\/em><\/p>\n","protected":false},"excerpt":{"rendered":"<p>Po dlouh\u00fdch dev\u00edti letech se s Evertonem lou\u010d\u00ed \u00fato\u010dn\u00edk Dominic Calvert-Lewin, kter\u00fd se s klubem nedohodl na nov\u00e9 smlouv\u011b a odejde jako voln\u00fd hr\u00e1\u010d.<\/p>\n","protected":false},"author":6,"featured_media":26945,"comment_status":"open","ping_status":"closed","sticky":false,"template":"","format":"standard","meta":{"_eb_attr":"","_monsterinsights_skip_tracking":false,"_monsterinsights_sitenote_active":false,"_monsterinsights_sitenote_note":"","_monsterinsights_sitenote_category":0,"footnotes":""},"categories":[41],"tags":[],"yoast_head":"<!-- This site is optimized with the Yoast SEO plugin v23.4 - https:\/\/yoast.com\/wordpress\/plugins\/seo\/ -->\n<title>Calvert-Lewin odch\u00e1z\u00ed z Evertonu - Official Czech &amp; Slovak Everton Supporters&#039; Club<\/title>\n<meta name=\"description\" content=\"Po dlouh\u00fdch dev\u00edti letech se s Evertonem lou\u010d\u00ed \u00fato\u010dn\u00edk Dominic Calvert-Lewin, kter\u00fd se s klubem nedohodl na nov\u00e9 smlouv\u011b a odejde jako voln\u00fd hr\u00e1\u010d.\" \/>\n<meta name=\"robots\" content=\"index, follow, max-snippet:-1, max-image-preview:large, max-video-preview:-1\" \/>\n<link rel=\"canonical\" href=\"https:\/\/evertonfc.cz\/index.php\/2025\/06\/29\/calvert-lewin-odchazi-z-evertonu\/\" \/>\n<meta property=\"og:locale\" content=\"cs_CZ\" \/>\n<meta property=\"og:type\" content=\"article\" \/>\n<meta property=\"og:title\" content=\"Calvert-Lewin odch\u00e1z\u00ed z Evertonu - Official Czech &amp; Slovak Everton Supporters&#039; Club\" \/>\n<meta property=\"og:description\" content=\"Po dlouh\u00fdch dev\u00edti letech se s Evertonem lou\u010d\u00ed \u00fato\u010dn\u00edk Dominic Calvert-Lewin, kter\u00fd se s klubem nedohodl na nov\u00e9 smlouv\u011b a odejde jako voln\u00fd hr\u00e1\u010d.\" \/>\n<meta property=\"og:url\" content=\"https:\/\/evertonfc.cz\/index.php\/2025\/06\/29\/calvert-lewin-odchazi-z-evertonu\/\" \/>\n<meta property=\"og:site_name\" content=\"Official Czech &amp; Slovak Everton Supporters&#039; Club\" \/>\n<meta property=\"article:publisher\" content=\"https:\/\/www.facebook.com\/everton.fans.cz.sk\" \/>\n<meta property=\"article:published_time\" content=\"2025-06-29T17:10:47+00:00\" \/>\n<meta property=\"article:modified_time\" content=\"2025-08-18T15:23:01+00:00\" \/>\n<meta property=\"og:image\" content=\"https:\/\/evertonfc.cz\/wp-content\/uploads\/2025\/06\/dcl_29_6_2025.jpg\" \/>\n\t<meta property=\"og:image:width\" content=\"720\" \/>\n\t<meta property=\"og:image:height\" content=\"405\" \/>\n\t<meta property=\"og:image:type\" content=\"image\/jpeg\" \/>\n<meta name=\"author\" content=\"Ri\u010di\" \/>\n<meta name=\"twitter:card\" content=\"summary_large_image\" \/>\n<meta name=\"twitter:creator\" content=\"@rbrejsa\" \/>\n<meta name=\"twitter:label1\" content=\"Napsal(a)\" \/>\n\t<meta name=\"twitter:data1\" content=\"Ri\u010di\" \/>\n\t<meta name=\"twitter:label2\" content=\"Odhadovan\u00e1 doba \u010dten\u00ed\" \/>\n\t<meta name=\"twitter:data2\" content=\"3 minuty\" \/>\n<script type=\"application\/ld+json\" class=\"yoast-schema-graph\">{\"@context\":\"https:\/\/schema.org\",\"@graph\":[{\"@type\":\"Article\",\"@id\":\"https:\/\/evertonfc.cz\/index.php\/2025\/06\/29\/calvert-lewin-odchazi-z-evertonu\/#article\",\"isPartOf\":{\"@id\":\"https:\/\/evertonfc.cz\/index.php\/2025\/06\/29\/calvert-lewin-odchazi-z-evertonu\/\"},\"author\":{\"name\":\"Ri\u010di\",\"@id\":\"https:\/\/evertonfc.cz\/#\/schema\/person\/f7a5daedb2ffee98480bc70e191aaef1\"},\"headline\":\"Calvert-Lewin odch\u00e1z\u00ed z Evertonu\",\"datePublished\":\"2025-06-29T17:10:47+00:00\",\"dateModified\":\"2025-08-18T15:23:01+00:00\",\"mainEntityOfPage\":{\"@id\":\"https:\/\/evertonfc.cz\/index.php\/2025\/06\/29\/calvert-lewin-odchazi-z-evertonu\/\"},\"wordCount\":514,\"commentCount\":4,\"publisher\":{\"@id\":\"https:\/\/evertonfc.cz\/#organization\"},\"image\":{\"@id\":\"https:\/\/evertonfc.cz\/index.php\/2025\/06\/29\/calvert-lewin-odchazi-z-evertonu\/#primaryimage\"},\"thumbnailUrl\":\"https:\/\/evertonfc.cz\/wp-content\/uploads\/2025\/06\/dcl_29_6_2025.jpg\",\"articleSection\":[\"P\u0159estupy\"],\"inLanguage\":\"cs\",\"potentialAction\":[{\"@type\":\"CommentAction\",\"name\":\"Comment\",\"target\":[\"https:\/\/evertonfc.cz\/index.php\/2025\/06\/29\/calvert-lewin-odchazi-z-evertonu\/#respond\"]}]},{\"@type\":\"WebPage\",\"@id\":\"https:\/\/evertonfc.cz\/index.php\/2025\/06\/29\/calvert-lewin-odchazi-z-evertonu\/\",\"url\":\"https:\/\/evertonfc.cz\/index.php\/2025\/06\/29\/calvert-lewin-odchazi-z-evertonu\/\",\"name\":\"Calvert-Lewin odch\u00e1z\u00ed z Evertonu - Official Czech &amp; Slovak Everton Supporters&#039; Club\",\"isPartOf\":{\"@id\":\"https:\/\/evertonfc.cz\/#website\"},\"primaryImageOfPage\":{\"@id\":\"https:\/\/evertonfc.cz\/index.php\/2025\/06\/29\/calvert-lewin-odchazi-z-evertonu\/#primaryimage\"},\"image\":{\"@id\":\"https:\/\/evertonfc.cz\/index.php\/2025\/06\/29\/calvert-lewin-odchazi-z-evertonu\/#primaryimage\"},\"thumbnailUrl\":\"https:\/\/evertonfc.cz\/wp-content\/uploads\/2025\/06\/dcl_29_6_2025.jpg\",\"datePublished\":\"2025-06-29T17:10:47+00:00\",\"dateModified\":\"2025-08-18T15:23:01+00:00\",\"description\":\"Po dlouh\u00fdch dev\u00edti letech se s Evertonem lou\u010d\u00ed \u00fato\u010dn\u00edk Dominic Calvert-Lewin, kter\u00fd se s klubem nedohodl na nov\u00e9 smlouv\u011b a odejde jako voln\u00fd hr\u00e1\u010d.\",\"breadcrumb\":{\"@id\":\"https:\/\/evertonfc.cz\/index.php\/2025\/06\/29\/calvert-lewin-odchazi-z-evertonu\/#breadcrumb\"},\"inLanguage\":\"cs\",\"potentialAction\":[{\"@type\":\"ReadAction\",\"target\":[\"https:\/\/evertonfc.cz\/index.php\/2025\/06\/29\/calvert-lewin-odchazi-z-evertonu\/\"]}]},{\"@type\":\"ImageObject\",\"inLanguage\":\"cs\",\"@id\":\"https:\/\/evertonfc.cz\/index.php\/2025\/06\/29\/calvert-lewin-odchazi-z-evertonu\/#primaryimage\",\"url\":\"https:\/\/evertonfc.cz\/wp-content\/uploads\/2025\/06\/dcl_29_6_2025.jpg\",\"contentUrl\":\"https:\/\/evertonfc.cz\/wp-content\/uploads\/2025\/06\/dcl_29_6_2025.jpg\",\"width\":720,\"height\":405},{\"@type\":\"BreadcrumbList\",\"@id\":\"https:\/\/evertonfc.cz\/index.php\/2025\/06\/29\/calvert-lewin-odchazi-z-evertonu\/#breadcrumb\",\"itemListElement\":[{\"@type\":\"ListItem\",\"position\":1,\"name\":\"Home\",\"item\":\"https:\/\/evertonfc.cz\/\"},{\"@type\":\"ListItem\",\"position\":2,\"name\":\"Calvert-Lewin odch\u00e1z\u00ed z Evertonu\"}]},{\"@type\":\"WebSite\",\"@id\":\"https:\/\/evertonfc.cz\/#website\",\"url\":\"https:\/\/evertonfc.cz\/\",\"name\":\"Official Czech &amp; Slovak Everton Supporters&#039; Club\",\"description\":\"\",\"publisher\":{\"@id\":\"https:\/\/evertonfc.cz\/#organization\"},\"potentialAction\":[{\"@type\":\"SearchAction\",\"target\":{\"@type\":\"EntryPoint\",\"urlTemplate\":\"https:\/\/evertonfc.cz\/?s={search_term_string}\"},\"query-input\":{\"@type\":\"PropertyValueSpecification\",\"valueRequired\":true,\"valueName\":\"search_term_string\"}}],\"inLanguage\":\"cs\"},{\"@type\":\"Organization\",\"@id\":\"https:\/\/evertonfc.cz\/#organization\",\"name\":\"Official Czech & Slovak Everton Supporters' Club\",\"url\":\"https:\/\/evertonfc.cz\/\",\"logo\":{\"@type\":\"ImageObject\",\"inLanguage\":\"cs\",\"@id\":\"https:\/\/evertonfc.cz\/#\/schema\/logo\/image\/\",\"url\":\"https:\/\/evertonfc.cz\/wp-content\/uploads\/2019\/05\/logo.png\",\"contentUrl\":\"https:\/\/evertonfc.cz\/wp-content\/uploads\/2019\/05\/logo.png\",\"width\":112,\"height\":112,\"caption\":\"Official Czech & Slovak Everton Supporters' Club\"},\"image\":{\"@id\":\"https:\/\/evertonfc.cz\/#\/schema\/logo\/image\/\"},\"sameAs\":[\"https:\/\/www.facebook.com\/everton.fans.cz.sk\"]},{\"@type\":\"Person\",\"@id\":\"https:\/\/evertonfc.cz\/#\/schema\/person\/f7a5daedb2ffee98480bc70e191aaef1\",\"name\":\"Ri\u010di\",\"sameAs\":[\"https:\/\/x.com\/rbrejsa\"],\"url\":\"https:\/\/evertonfc.cz\/index.php\/author\/rici\/\"}]}<\/script>\n<!-- \/ Yoast SEO plugin. -->","yoast_head_json":{"title":"Calvert-Lewin odch\u00e1z\u00ed z Evertonu - Official Czech &amp; Slovak Everton Supporters&#039; Club","description":"Po dlouh\u00fdch dev\u00edti letech se s Evertonem lou\u010d\u00ed \u00fato\u010dn\u00edk Dominic Calvert-Lewin, kter\u00fd se s klubem nedohodl na nov\u00e9 smlouv\u011b a odejde jako voln\u00fd hr\u00e1\u010d.","robots":{"index":"index","follow":"follow","max-snippet":"max-snippet:-1","max-image-preview":"max-image-preview:large","max-video-preview":"max-video-preview:-1"},"canonical":"https:\/\/evertonfc.cz\/index.php\/2025\/06\/29\/calvert-lewin-odchazi-z-evertonu\/","og_locale":"cs_CZ","og_type":"article","og_title":"Calvert-Lewin odch\u00e1z\u00ed z Evertonu - Official Czech &amp; Slovak Everton Supporters&#039; Club","og_description":"Po dlouh\u00fdch dev\u00edti letech se s Evertonem lou\u010d\u00ed \u00fato\u010dn\u00edk Dominic Calvert-Lewin, kter\u00fd se s klubem nedohodl na nov\u00e9 smlouv\u011b a odejde jako voln\u00fd hr\u00e1\u010d.","og_url":"https:\/\/evertonfc.cz\/index.php\/2025\/06\/29\/calvert-lewin-odchazi-z-evertonu\/","og_site_name":"Official Czech &amp; Slovak Everton Supporters&#039; Club","article_publisher":"https:\/\/www.facebook.com\/everton.fans.cz.sk","article_published_time":"2025-06-29T17:10:47+00:00","article_modified_time":"2025-08-18T15:23:01+00:00","og_image":[{"width":720,"height":405,"url":"https:\/\/evertonfc.cz\/wp-content\/uploads\/2025\/06\/dcl_29_6_2025.jpg","type":"image\/jpeg"}],"author":"Ri\u010di","twitter_card":"summary_large_image","twitter_creator":"@rbrejsa","twitter_misc":{"Napsal(a)":"Ri\u010di","Odhadovan\u00e1 doba \u010dten\u00ed":"3 minuty"},"schema":{"@context":"https:\/\/schema.org","@graph":[{"@type":"Article","@id":"https:\/\/evertonfc.cz\/index.php\/2025\/06\/29\/calvert-lewin-odchazi-z-evertonu\/#article","isPartOf":{"@id":"https:\/\/evertonfc.cz\/index.php\/2025\/06\/29\/calvert-lewin-odchazi-z-evertonu\/"},"author":{"name":"Ri\u010di","@id":"https:\/\/evertonfc.cz\/#\/schema\/person\/f7a5daedb2ffee98480bc70e191aaef1"},"headline":"Calvert-Lewin odch\u00e1z\u00ed z Evertonu","datePublished":"2025-06-29T17:10:47+00:00","dateModified":"2025-08-18T15:23:01+00:00","mainEntityOfPage":{"@id":"https:\/\/evertonfc.cz\/index.php\/2025\/06\/29\/calvert-lewin-odchazi-z-evertonu\/"},"wordCount":514,"commentCount":4,"publisher":{"@id":"https:\/\/evertonfc.cz\/#organization"},"image":{"@id":"https:\/\/evertonfc.cz\/index.php\/2025\/06\/29\/calvert-lewin-odchazi-z-evertonu\/#primaryimage"},"thumbnailUrl":"https:\/\/evertonfc.cz\/wp-content\/uploads\/2025\/06\/dcl_29_6_2025.jpg","articleSection":["P\u0159estupy"],"inLanguage":"cs","potentialAction":[{"@type":"CommentAction","name":"Comment","target":["https:\/\/evertonfc.cz\/index.php\/2025\/06\/29\/calvert-lewin-odchazi-z-evertonu\/#respond"]}]},{"@type":"WebPage","@id":"https:\/\/evertonfc.cz\/index.php\/2025\/06\/29\/calvert-lewin-odchazi-z-evertonu\/","url":"https:\/\/evertonfc.cz\/index.php\/2025\/06\/29\/calvert-lewin-odchazi-z-evertonu\/","name":"Calvert-Lewin odch\u00e1z\u00ed z Evertonu - Official Czech &amp; Slovak Everton Supporters&#039; Club","isPartOf":{"@id":"https:\/\/evertonfc.cz\/#website"},"primaryImageOfPage":{"@id":"https:\/\/evertonfc.cz\/index.php\/2025\/06\/29\/calvert-lewin-odchazi-z-evertonu\/#primaryimage"},"image":{"@id":"https:\/\/evertonfc.cz\/index.php\/2025\/06\/29\/calvert-lewin-odchazi-z-evertonu\/#primaryimage"},"thumbnailUrl":"https:\/\/evertonfc.cz\/wp-content\/uploads\/2025\/06\/dcl_29_6_2025.jpg","datePublished":"2025-06-29T17:10:47+00:00","dateModified":"2025-08-18T15:23:01+00:00","description":"Po dlouh\u00fdch dev\u00edti letech se s Evertonem lou\u010d\u00ed \u00fato\u010dn\u00edk Dominic Calvert-Lewin, kter\u00fd se s klubem nedohodl na nov\u00e9 smlouv\u011b a odejde jako voln\u00fd hr\u00e1\u010d.","breadcrumb":{"@id":"https:\/\/evertonfc.cz\/index.php\/2025\/06\/29\/calvert-lewin-odchazi-z-evertonu\/#breadcrumb"},"inLanguage":"cs","potentialAction":[{"@type":"ReadAction","target":["https:\/\/evertonfc.cz\/index.php\/2025\/06\/29\/calvert-lewin-odchazi-z-evertonu\/"]}]},{"@type":"ImageObject","inLanguage":"cs","@id":"https:\/\/evertonfc.cz\/index.php\/2025\/06\/29\/calvert-lewin-odchazi-z-evertonu\/#primaryimage","url":"https:\/\/evertonfc.cz\/wp-content\/uploads\/2025\/06\/dcl_29_6_2025.jpg","contentUrl":"https:\/\/evertonfc.cz\/wp-content\/uploads\/2025\/06\/dcl_29_6_2025.jpg","width":720,"height":405},{"@type":"BreadcrumbList","@id":"https:\/\/evertonfc.cz\/index.php\/2025\/06\/29\/calvert-lewin-odchazi-z-evertonu\/#breadcrumb","itemListElement":[{"@type":"ListItem","position":1,"name":"Home","item":"https:\/\/evertonfc.cz\/"},{"@type":"ListItem","position":2,"name":"Calvert-Lewin odch\u00e1z\u00ed z Evertonu"}]},{"@type":"WebSite","@id":"https:\/\/evertonfc.cz\/#website","url":"https:\/\/evertonfc.cz\/","name":"Official Czech &amp; Slovak Everton Supporters&#039; Club","description":"","publisher":{"@id":"https:\/\/evertonfc.cz\/#organization"},"potentialAction":[{"@type":"SearchAction","target":{"@type":"EntryPoint","urlTemplate":"https:\/\/evertonfc.cz\/?s={search_term_string}"},"query-input":{"@type":"PropertyValueSpecification","valueRequired":true,"valueName":"search_term_string"}}],"inLanguage":"cs"},{"@type":"Organization","@id":"https:\/\/evertonfc.cz\/#organization","name":"Official Czech & Slovak Everton Supporters' Club","url":"https:\/\/evertonfc.cz\/","logo":{"@type":"ImageObject","inLanguage":"cs","@id":"https:\/\/evertonfc.cz\/#\/schema\/logo\/image\/","url":"https:\/\/evertonfc.cz\/wp-content\/uploads\/2019\/05\/logo.png","contentUrl":"https:\/\/evertonfc.cz\/wp-content\/uploads\/2019\/05\/logo.png","width":112,"height":112,"caption":"Official Czech & Slovak Everton Supporters' Club"},"image":{"@id":"https:\/\/evertonfc.cz\/#\/schema\/logo\/image\/"},"sameAs":["https:\/\/www.facebook.com\/everton.fans.cz.sk"]},{"@type":"Person","@id":"https:\/\/evertonfc.cz\/#\/schema\/person\/f7a5daedb2ffee98480bc70e191aaef1","name":"Ri\u010di","sameAs":["https:\/\/x.com\/rbrejsa"],"url":"https:\/\/evertonfc.cz\/index.php\/author\/rici\/"}]}},"_links":{"self":[{"href":"https:\/\/evertonfc.cz\/index.php\/wp-json\/wp\/v2\/posts\/26942"}],"collection":[{"href":"https:\/\/evertonfc.cz\/index.php\/wp-json\/wp\/v2\/posts"}],"about":[{"href":"https:\/\/evertonfc.cz\/index.php\/wp-json\/wp\/v2\/types\/post"}],"author":[{"embeddable":true,"href":"https:\/\/evertonfc.cz\/index.php\/wp-json\/wp\/v2\/users\/6"}],"replies":[{"embeddable":true,"href":"https:\/\/evertonfc.cz\/index.php\/wp-json\/wp\/v2\/comments?post=26942"}],"version-history":[{"count":6,"href":"https:\/\/evertonfc.cz\/index.php\/wp-json\/wp\/v2\/posts\/26942\/revisions"}],"predecessor-version":[{"id":27278,"href":"https:\/\/evertonfc.cz\/index.php\/wp-json\/wp\/v2\/posts\/26942\/revisions\/27278"}],"wp:featuredmedia":[{"embeddable":true,"href":"https:\/\/evertonfc.cz\/index.php\/wp-json\/wp\/v2\/media\/26945"}],"wp:attachment":[{"href":"https:\/\/evertonfc.cz\/index.php\/wp-json\/wp\/v2\/media?parent=26942"}],"wp:term":[{"taxonomy":"category","embeddable":true,"href":"https:\/\/evertonfc.cz\/index.php\/wp-json\/wp\/v2\/categories?post=26942"},{"taxonomy":"post_tag","embeddable":true,"href":"https:\/\/evertonfc.cz\/index.php\/wp-json\/wp\/v2\/tags?post=26942"}],"curies":[{"name":"wp","href":"https:\/\/api.w.org\/{rel}","templated":true}]}}