{"id":26987,"date":"2025-07-05T09:12:38","date_gmt":"2025-07-05T07:12:38","guid":{"rendered":"https:\/\/evertonfc.cz\/?p=26987"},"modified":"2025-07-16T08:52:20","modified_gmt":"2025-07-16T06:52:20","slug":"prichazi-ornella-vignola","status":"publish","type":"post","link":"https:\/\/evertonfc.cz\/index.php\/2025\/07\/05\/prichazi-ornella-vignola\/","title":{"rendered":"P\u0159ich\u00e1z\u00ed Ornella Vignola"},"content":{"rendered":"<h4>Tak\u00e9 druh\u00e1 \u017eensk\u00e1 posila leto\u0161n\u00edho l\u00e9ta je s\u00e1zkou na perspektivn\u00ed ml\u00e1d\u00ed. Z Granady jsme p\u0159il\u00e1kaly dvacetiletou \u00fato\u010dnici Ornellu Vignolu.<\/h4>\n<p>Ornella Mar\u00eda Vignola Cabot, jak zn\u00ed pln\u00e9 jm\u00e9no t\u00e9to hr\u00e1\u010dky je roda\u010dka z uruguaysk\u00e9ho Montevidea. Nic\u00e9n\u011b ji\u017e d\u011btstv\u00ed pro\u017eila ve \u0160pan\u011blsku, konkr\u00e9tn\u011b v Benalm\u00e1den\u011b. \u0160pan\u011blsko tak\u00e9 reprezentovala ve v\u00fdb\u011brech U19 a U21, v sou\u010dasnosti je v sestav\u011b reprezentace U23. Jej\u00ed prvn\u00ed fotbalov\u00e9 kroky jsou spojeny s M\u00e1lagou. Z\u00e1hy ji zl\u00e1kala Barcelona, za jej\u00ed\u017e prvn\u00ed t\u00fdm debutovala v 16 letech. S Barcelonou si tak\u00e9 zahr\u00e1la Ligu mistr\u016f. Po dvou letech p\u0159estoupila do Sevilly a pak velmi rychle do Alav\u00e9s. Zde se ov\u0161em zdr\u017eela necel\u00fd rok, na\u010de\u017e v roce 2023 podepsala smlouvu s Granadou. Granada je zat\u00edm nejv\u00fdrazn\u011bj\u0161\u00edm m\u00edstem jej\u00ed kari\u00e9ry.<\/p>\n<p>Odehr\u00e1la za ni 63 z\u00e1pas\u016f ve kter\u00fdch zaznamenala 8 g\u00f3l\u016f. Zejm\u00e9na posledn\u00ed sez\u00f3na Ornelle vy\u0161la nanejv\u00fd\u0161 upokojiv\u011b a Granda nab\u00eddla hr\u00e1\u010dce novou smlouvu. Tu ov\u0161em Vignola odm\u00edtla a zam\u00ed\u0159ila do WSL, kde podlehla l\u00e1k\u00e1n\u00ed Evertonu. L\u00e1k\u00e1n\u00ed bylo uleh\u010deno p\u0159\u00edzniv\u00fdmi referencemi o Toffees od Immy Gabarro a Toni Payne. Brian Soerensen v Ornelle vid\u00ed p\u0159\u00edmo\u010darou \u00fato\u010dnici neboj\u00edc\u00ed se odpov\u011bdnosti a pova\u017euje j\u00ed za velk\u00fd p\u0159\u00edslib do budoucna. Vyj\u00e1d\u0159il se, \u017ee ji\u017e figuruje v pl\u00e1nech jeho sestavy pro p\u0159\u00ed\u0161t\u00ed sez\u00f3nu. Jsme tedy plni o\u010dek\u00e1v\u00e1n\u00ed a na\u0161\u00ed posile p\u0159ejeme v jej\u00edm nov\u00e9m p\u016fsobi\u0161ti jen to nejlep\u0161\u00ed. <span style=\"color: #0000ff;\"><strong>COYBG!<\/strong><\/span><\/p>\n<p style=\"text-align: right;\"><span style=\"font-size: 8pt;\"><em>Zdroj: elobservador.com<\/em><\/span><\/p>\n","protected":false},"excerpt":{"rendered":"<p>Tak\u00e9 druh\u00e1 \u017eensk\u00e1 posila leto\u0161n\u00edho l\u00e9ta je s\u00e1zkou na perspektivn\u00ed ml\u00e1d\u00ed. Z Granady jsme p\u0159il\u00e1kaly dvacetiletou \u00fato\u010dnici Ornellu Vignolu.<\/p>\n","protected":false},"author":26,"featured_media":26988,"comment_status":"open","ping_status":"closed","sticky":false,"template":"","format":"standard","meta":{"_eb_attr":"","_monsterinsights_skip_tracking":false,"_monsterinsights_sitenote_active":false,"_monsterinsights_sitenote_note":"","_monsterinsights_sitenote_category":0,"footnotes":""},"categories":[4],"tags":[],"yoast_head":"<!-- This site is optimized with the Yoast SEO plugin v23.4 - https:\/\/yoast.com\/wordpress\/plugins\/seo\/ -->\n<title>P\u0159ich\u00e1z\u00ed Ornella Vignola - Official Czech &amp; Slovak Everton Supporters&#039; Club<\/title>\n<meta name=\"robots\" content=\"index, follow, max-snippet:-1, max-image-preview:large, max-video-preview:-1\" \/>\n<link rel=\"canonical\" href=\"https:\/\/evertonfc.cz\/index.php\/2025\/07\/05\/prichazi-ornella-vignola\/\" \/>\n<meta property=\"og:locale\" content=\"cs_CZ\" \/>\n<meta property=\"og:type\" content=\"article\" \/>\n<meta property=\"og:title\" content=\"P\u0159ich\u00e1z\u00ed Ornella Vignola - Official Czech &amp; Slovak Everton Supporters&#039; Club\" \/>\n<meta property=\"og:description\" content=\"Tak\u00e9 druh\u00e1 \u017eensk\u00e1 posila leto\u0161n\u00edho l\u00e9ta je s\u00e1zkou na perspektivn\u00ed ml\u00e1d\u00ed. Z Granady jsme p\u0159il\u00e1kaly dvacetiletou \u00fato\u010dnici Ornellu Vignolu.\" \/>\n<meta property=\"og:url\" content=\"https:\/\/evertonfc.cz\/index.php\/2025\/07\/05\/prichazi-ornella-vignola\/\" \/>\n<meta property=\"og:site_name\" content=\"Official Czech &amp; Slovak Everton Supporters&#039; Club\" \/>\n<meta property=\"article:publisher\" content=\"https:\/\/www.facebook.com\/everton.fans.cz.sk\" \/>\n<meta property=\"article:published_time\" content=\"2025-07-05T07:12:38+00:00\" \/>\n<meta property=\"article:modified_time\" content=\"2025-07-16T06:52:20+00:00\" \/>\n<meta property=\"og:image\" content=\"https:\/\/evertonfc.cz\/wp-content\/uploads\/2025\/07\/ornella-vignola.jpg\" \/>\n\t<meta property=\"og:image:width\" content=\"720\" \/>\n\t<meta property=\"og:image:height\" content=\"405\" \/>\n\t<meta property=\"og:image:type\" content=\"image\/jpeg\" \/>\n<meta name=\"author\" content=\"Karamela\" \/>\n<meta name=\"twitter:card\" content=\"summary_large_image\" \/>\n<meta name=\"twitter:label1\" content=\"Napsal(a)\" \/>\n\t<meta name=\"twitter:data1\" content=\"Karamela\" \/>\n\t<meta name=\"twitter:label2\" content=\"Odhadovan\u00e1 doba \u010dten\u00ed\" \/>\n\t<meta name=\"twitter:data2\" content=\"2 minuty\" \/>\n<script type=\"application\/ld+json\" class=\"yoast-schema-graph\">{\"@context\":\"https:\/\/schema.org\",\"@graph\":[{\"@type\":\"Article\",\"@id\":\"https:\/\/evertonfc.cz\/index.php\/2025\/07\/05\/prichazi-ornella-vignola\/#article\",\"isPartOf\":{\"@id\":\"https:\/\/evertonfc.cz\/index.php\/2025\/07\/05\/prichazi-ornella-vignola\/\"},\"author\":{\"name\":\"Karamela\",\"@id\":\"https:\/\/evertonfc.cz\/#\/schema\/person\/e9a24a80a32efa1344dd2c4e5882185c\"},\"headline\":\"P\u0159ich\u00e1z\u00ed Ornella Vignola\",\"datePublished\":\"2025-07-05T07:12:38+00:00\",\"dateModified\":\"2025-07-16T06:52:20+00:00\",\"mainEntityOfPage\":{\"@id\":\"https:\/\/evertonfc.cz\/index.php\/2025\/07\/05\/prichazi-ornella-vignola\/\"},\"wordCount\":295,\"commentCount\":0,\"publisher\":{\"@id\":\"https:\/\/evertonfc.cz\/#organization\"},\"image\":{\"@id\":\"https:\/\/evertonfc.cz\/index.php\/2025\/07\/05\/prichazi-ornella-vignola\/#primaryimage\"},\"thumbnailUrl\":\"https:\/\/evertonfc.cz\/wp-content\/uploads\/2025\/07\/ornella-vignola.jpg\",\"articleSection\":[\"Z\u00e1pasy\"],\"inLanguage\":\"cs\",\"potentialAction\":[{\"@type\":\"CommentAction\",\"name\":\"Comment\",\"target\":[\"https:\/\/evertonfc.cz\/index.php\/2025\/07\/05\/prichazi-ornella-vignola\/#respond\"]}]},{\"@type\":\"WebPage\",\"@id\":\"https:\/\/evertonfc.cz\/index.php\/2025\/07\/05\/prichazi-ornella-vignola\/\",\"url\":\"https:\/\/evertonfc.cz\/index.php\/2025\/07\/05\/prichazi-ornella-vignola\/\",\"name\":\"P\u0159ich\u00e1z\u00ed Ornella Vignola - Official Czech &amp; Slovak Everton Supporters&#039; Club\",\"isPartOf\":{\"@id\":\"https:\/\/evertonfc.cz\/#website\"},\"primaryImageOfPage\":{\"@id\":\"https:\/\/evertonfc.cz\/index.php\/2025\/07\/05\/prichazi-ornella-vignola\/#primaryimage\"},\"image\":{\"@id\":\"https:\/\/evertonfc.cz\/index.php\/2025\/07\/05\/prichazi-ornella-vignola\/#primaryimage\"},\"thumbnailUrl\":\"https:\/\/evertonfc.cz\/wp-content\/uploads\/2025\/07\/ornella-vignola.jpg\",\"datePublished\":\"2025-07-05T07:12:38+00:00\",\"dateModified\":\"2025-07-16T06:52:20+00:00\",\"breadcrumb\":{\"@id\":\"https:\/\/evertonfc.cz\/index.php\/2025\/07\/05\/prichazi-ornella-vignola\/#breadcrumb\"},\"inLanguage\":\"cs\",\"potentialAction\":[{\"@type\":\"ReadAction\",\"target\":[\"https:\/\/evertonfc.cz\/index.php\/2025\/07\/05\/prichazi-ornella-vignola\/\"]}]},{\"@type\":\"ImageObject\",\"inLanguage\":\"cs\",\"@id\":\"https:\/\/evertonfc.cz\/index.php\/2025\/07\/05\/prichazi-ornella-vignola\/#primaryimage\",\"url\":\"https:\/\/evertonfc.cz\/wp-content\/uploads\/2025\/07\/ornella-vignola.jpg\",\"contentUrl\":\"https:\/\/evertonfc.cz\/wp-content\/uploads\/2025\/07\/ornella-vignola.jpg\",\"width\":720,\"height\":405},{\"@type\":\"BreadcrumbList\",\"@id\":\"https:\/\/evertonfc.cz\/index.php\/2025\/07\/05\/prichazi-ornella-vignola\/#breadcrumb\",\"itemListElement\":[{\"@type\":\"ListItem\",\"position\":1,\"name\":\"Home\",\"item\":\"https:\/\/evertonfc.cz\/\"},{\"@type\":\"ListItem\",\"position\":2,\"name\":\"P\u0159ich\u00e1z\u00ed Ornella Vignola\"}]},{\"@type\":\"WebSite\",\"@id\":\"https:\/\/evertonfc.cz\/#website\",\"url\":\"https:\/\/evertonfc.cz\/\",\"name\":\"Official Czech &amp; Slovak Everton Supporters&#039; Club\",\"description\":\"\",\"publisher\":{\"@id\":\"https:\/\/evertonfc.cz\/#organization\"},\"potentialAction\":[{\"@type\":\"SearchAction\",\"target\":{\"@type\":\"EntryPoint\",\"urlTemplate\":\"https:\/\/evertonfc.cz\/?s={search_term_string}\"},\"query-input\":{\"@type\":\"PropertyValueSpecification\",\"valueRequired\":true,\"valueName\":\"search_term_string\"}}],\"inLanguage\":\"cs\"},{\"@type\":\"Organization\",\"@id\":\"https:\/\/evertonfc.cz\/#organization\",\"name\":\"Official Czech & Slovak Everton Supporters' Club\",\"url\":\"https:\/\/evertonfc.cz\/\",\"logo\":{\"@type\":\"ImageObject\",\"inLanguage\":\"cs\",\"@id\":\"https:\/\/evertonfc.cz\/#\/schema\/logo\/image\/\",\"url\":\"https:\/\/evertonfc.cz\/wp-content\/uploads\/2019\/05\/logo.png\",\"contentUrl\":\"https:\/\/evertonfc.cz\/wp-content\/uploads\/2019\/05\/logo.png\",\"width\":112,\"height\":112,\"caption\":\"Official Czech & Slovak Everton Supporters' Club\"},\"image\":{\"@id\":\"https:\/\/evertonfc.cz\/#\/schema\/logo\/image\/\"},\"sameAs\":[\"https:\/\/www.facebook.com\/everton.fans.cz.sk\"]},{\"@type\":\"Person\",\"@id\":\"https:\/\/evertonfc.cz\/#\/schema\/person\/e9a24a80a32efa1344dd2c4e5882185c\",\"name\":\"Karamela\",\"url\":\"https:\/\/evertonfc.cz\/index.php\/author\/karamela\/\"}]}<\/script>\n<!-- \/ Yoast SEO plugin. -->","yoast_head_json":{"title":"P\u0159ich\u00e1z\u00ed Ornella Vignola - Official Czech &amp; Slovak Everton Supporters&#039; Club","robots":{"index":"index","follow":"follow","max-snippet":"max-snippet:-1","max-image-preview":"max-image-preview:large","max-video-preview":"max-video-preview:-1"},"canonical":"https:\/\/evertonfc.cz\/index.php\/2025\/07\/05\/prichazi-ornella-vignola\/","og_locale":"cs_CZ","og_type":"article","og_title":"P\u0159ich\u00e1z\u00ed Ornella Vignola - Official Czech &amp; Slovak Everton Supporters&#039; Club","og_description":"Tak\u00e9 druh\u00e1 \u017eensk\u00e1 posila leto\u0161n\u00edho l\u00e9ta je s\u00e1zkou na perspektivn\u00ed ml\u00e1d\u00ed. Z Granady jsme p\u0159il\u00e1kaly dvacetiletou \u00fato\u010dnici Ornellu Vignolu.","og_url":"https:\/\/evertonfc.cz\/index.php\/2025\/07\/05\/prichazi-ornella-vignola\/","og_site_name":"Official Czech &amp; Slovak Everton Supporters&#039; Club","article_publisher":"https:\/\/www.facebook.com\/everton.fans.cz.sk","article_published_time":"2025-07-05T07:12:38+00:00","article_modified_time":"2025-07-16T06:52:20+00:00","og_image":[{"width":720,"height":405,"url":"https:\/\/evertonfc.cz\/wp-content\/uploads\/2025\/07\/ornella-vignola.jpg","type":"image\/jpeg"}],"author":"Karamela","twitter_card":"summary_large_image","twitter_misc":{"Napsal(a)":"Karamela","Odhadovan\u00e1 doba \u010dten\u00ed":"2 minuty"},"schema":{"@context":"https:\/\/schema.org","@graph":[{"@type":"Article","@id":"https:\/\/evertonfc.cz\/index.php\/2025\/07\/05\/prichazi-ornella-vignola\/#article","isPartOf":{"@id":"https:\/\/evertonfc.cz\/index.php\/2025\/07\/05\/prichazi-ornella-vignola\/"},"author":{"name":"Karamela","@id":"https:\/\/evertonfc.cz\/#\/schema\/person\/e9a24a80a32efa1344dd2c4e5882185c"},"headline":"P\u0159ich\u00e1z\u00ed Ornella Vignola","datePublished":"2025-07-05T07:12:38+00:00","dateModified":"2025-07-16T06:52:20+00:00","mainEntityOfPage":{"@id":"https:\/\/evertonfc.cz\/index.php\/2025\/07\/05\/prichazi-ornella-vignola\/"},"wordCount":295,"commentCount":0,"publisher":{"@id":"https:\/\/evertonfc.cz\/#organization"},"image":{"@id":"https:\/\/evertonfc.cz\/index.php\/2025\/07\/05\/prichazi-ornella-vignola\/#primaryimage"},"thumbnailUrl":"https:\/\/evertonfc.cz\/wp-content\/uploads\/2025\/07\/ornella-vignola.jpg","articleSection":["Z\u00e1pasy"],"inLanguage":"cs","potentialAction":[{"@type":"CommentAction","name":"Comment","target":["https:\/\/evertonfc.cz\/index.php\/2025\/07\/05\/prichazi-ornella-vignola\/#respond"]}]},{"@type":"WebPage","@id":"https:\/\/evertonfc.cz\/index.php\/2025\/07\/05\/prichazi-ornella-vignola\/","url":"https:\/\/evertonfc.cz\/index.php\/2025\/07\/05\/prichazi-ornella-vignola\/","name":"P\u0159ich\u00e1z\u00ed Ornella Vignola - Official Czech &amp; Slovak Everton Supporters&#039; Club","isPartOf":{"@id":"https:\/\/evertonfc.cz\/#website"},"primaryImageOfPage":{"@id":"https:\/\/evertonfc.cz\/index.php\/2025\/07\/05\/prichazi-ornella-vignola\/#primaryimage"},"image":{"@id":"https:\/\/evertonfc.cz\/index.php\/2025\/07\/05\/prichazi-ornella-vignola\/#primaryimage"},"thumbnailUrl":"https:\/\/evertonfc.cz\/wp-content\/uploads\/2025\/07\/ornella-vignola.jpg","datePublished":"2025-07-05T07:12:38+00:00","dateModified":"2025-07-16T06:52:20+00:00","breadcrumb":{"@id":"https:\/\/evertonfc.cz\/index.php\/2025\/07\/05\/prichazi-ornella-vignola\/#breadcrumb"},"inLanguage":"cs","potentialAction":[{"@type":"ReadAction","target":["https:\/\/evertonfc.cz\/index.php\/2025\/07\/05\/prichazi-ornella-vignola\/"]}]},{"@type":"ImageObject","inLanguage":"cs","@id":"https:\/\/evertonfc.cz\/index.php\/2025\/07\/05\/prichazi-ornella-vignola\/#primaryimage","url":"https:\/\/evertonfc.cz\/wp-content\/uploads\/2025\/07\/ornella-vignola.jpg","contentUrl":"https:\/\/evertonfc.cz\/wp-content\/uploads\/2025\/07\/ornella-vignola.jpg","width":720,"height":405},{"@type":"BreadcrumbList","@id":"https:\/\/evertonfc.cz\/index.php\/2025\/07\/05\/prichazi-ornella-vignola\/#breadcrumb","itemListElement":[{"@type":"ListItem","position":1,"name":"Home","item":"https:\/\/evertonfc.cz\/"},{"@type":"ListItem","position":2,"name":"P\u0159ich\u00e1z\u00ed Ornella Vignola"}]},{"@type":"WebSite","@id":"https:\/\/evertonfc.cz\/#website","url":"https:\/\/evertonfc.cz\/","name":"Official Czech &amp; Slovak Everton Supporters&#039; Club","description":"","publisher":{"@id":"https:\/\/evertonfc.cz\/#organization"},"potentialAction":[{"@type":"SearchAction","target":{"@type":"EntryPoint","urlTemplate":"https:\/\/evertonfc.cz\/?s={search_term_string}"},"query-input":{"@type":"PropertyValueSpecification","valueRequired":true,"valueName":"search_term_string"}}],"inLanguage":"cs"},{"@type":"Organization","@id":"https:\/\/evertonfc.cz\/#organization","name":"Official Czech & Slovak Everton Supporters' Club","url":"https:\/\/evertonfc.cz\/","logo":{"@type":"ImageObject","inLanguage":"cs","@id":"https:\/\/evertonfc.cz\/#\/schema\/logo\/image\/","url":"https:\/\/evertonfc.cz\/wp-content\/uploads\/2019\/05\/logo.png","contentUrl":"https:\/\/evertonfc.cz\/wp-content\/uploads\/2019\/05\/logo.png","width":112,"height":112,"caption":"Official Czech & Slovak Everton Supporters' Club"},"image":{"@id":"https:\/\/evertonfc.cz\/#\/schema\/logo\/image\/"},"sameAs":["https:\/\/www.facebook.com\/everton.fans.cz.sk"]},{"@type":"Person","@id":"https:\/\/evertonfc.cz\/#\/schema\/person\/e9a24a80a32efa1344dd2c4e5882185c","name":"Karamela","url":"https:\/\/evertonfc.cz\/index.php\/author\/karamela\/"}]}},"_links":{"self":[{"href":"https:\/\/evertonfc.cz\/index.php\/wp-json\/wp\/v2\/posts\/26987"}],"collection":[{"href":"https:\/\/evertonfc.cz\/index.php\/wp-json\/wp\/v2\/posts"}],"about":[{"href":"https:\/\/evertonfc.cz\/index.php\/wp-json\/wp\/v2\/types\/post"}],"author":[{"embeddable":true,"href":"https:\/\/evertonfc.cz\/index.php\/wp-json\/wp\/v2\/users\/26"}],"replies":[{"embeddable":true,"href":"https:\/\/evertonfc.cz\/index.php\/wp-json\/wp\/v2\/comments?post=26987"}],"version-history":[{"count":7,"href":"https:\/\/evertonfc.cz\/index.php\/wp-json\/wp\/v2\/posts\/26987\/revisions"}],"predecessor-version":[{"id":27054,"href":"https:\/\/evertonfc.cz\/index.php\/wp-json\/wp\/v2\/posts\/26987\/revisions\/27054"}],"wp:featuredmedia":[{"embeddable":true,"href":"https:\/\/evertonfc.cz\/index.php\/wp-json\/wp\/v2\/media\/26988"}],"wp:attachment":[{"href":"https:\/\/evertonfc.cz\/index.php\/wp-json\/wp\/v2\/media?parent=26987"}],"wp:term":[{"taxonomy":"category","embeddable":true,"href":"https:\/\/evertonfc.cz\/index.php\/wp-json\/wp\/v2\/categories?post=26987"},{"taxonomy":"post_tag","embeddable":true,"href":"https:\/\/evertonfc.cz\/index.php\/wp-json\/wp\/v2\/tags?post=26987"}],"curies":[{"name":"wp","href":"https:\/\/api.w.org\/{rel}","templated":true}]}}