{"id":27024,"date":"2025-07-14T21:28:33","date_gmt":"2025-07-14T19:28:33","guid":{"rendered":"https:\/\/evertonfc.cz\/?p=27024"},"modified":"2025-07-16T08:51:57","modified_gmt":"2025-07-16T06:51:57","slug":"prichazi-rion-ishikawa","status":"publish","type":"post","link":"https:\/\/evertonfc.cz\/index.php\/2025\/07\/14\/prichazi-rion-ishikawa\/","title":{"rendered":"P\u0159ich\u00e1z\u00ed Rion Ishikawa"},"content":{"rendered":"<h4>Z oblasti japonsk\u00e9ho t\u011b\u017ek\u00e9ho stroj\u00edrenstv\u00ed k n\u00e1m dorazila Rion Ishikawa.<\/h4>\n<p>Dvaadvacetilet\u00e1 st\u0159edn\u00ed obr\u00e1nkyn\u011b Rion Ishikawa se stala t\u0159et\u00ed leto\u0161n\u00ed posilou na\u0161eho \u017eensk\u00e9ho t\u00fdmu. P\u0159ich\u00e1z\u00ed z Urawa Red Diamonds (ze sponzorsk\u00fdch d\u016fvod\u016f Mitsubishi Heavy Industries Urawa Red Diamonds), klubu hraj\u00edc\u00edho na p\u0159edn\u00edch p\u0159\u00ed\u010dk\u00e1ch japonsk\u00e9 prvn\u00ed ligy. Red Diamonds byl prvn\u00edm profesion\u00e1ln\u00edm klubem, kter\u00e9mu se Ishikawa upsala. Mezi roky 2022-2025 za n\u011bj odehr\u00e1la 61 z\u00e1pas\u016f a zaznamenala jeden g\u00f3l. Inspirac\u00ed pro dr\u00e1hu fotbalistky bylo jak pro Rion, tak pro jej\u00ed star\u0161\u00ed sestru v\u00edt\u011bzstv\u00ed Japonska na sv\u011btov\u00e9m \u0161ampion\u00e1tu v roce 2011 (\u0161lo o v\u016fbec prvn\u00ed asijsk\u00fd fotbalov\u00fd t\u00fdm, kter\u00fd z\u00edskal titul mistr\u016f sv\u011bta).<\/p>\n<p>Rion je rovn\u011b\u017e sou\u010d\u00e1st\u00ed japonsk\u00e9 reprezentace, se kterou se \u00fa\u010dastnila i olympijsk\u00fdch her v Pa\u0159\u00ed\u017ei v roce 2024. Spole\u010dn\u011b s na\u0161\u00ed Honokou Hayashi byla sou\u010d\u00e1st\u00ed v\u00edt\u011bzn\u00e9ho t\u00fdmu na turnaji SheBelives Cup ve Spojen\u00fdch st\u00e1tech v \u00fanoru 2025. P\u0159estup do Evertonu je pro Ishikawu spln\u011bn\u00fdm sn\u011bm a adaptace na jin\u00fd styl hry se neob\u00e1v\u00e1: shled\u00e1v\u00e1 zna\u010dnou podobnost mezi hrou Japonska a Evertonu (pokud m\u00e1 pravdu, tak je s podivem, \u017ee Japonky pat\u0159\u00ed do \u0161ir\u0161\u00ed sv\u011btov\u00e9 \u0161pi\u010dky, co\u017e se o n\u00e1s ani p\u0159i nejlep\u0161\u00ed v\u016fli \u0159\u00edci ned\u00e1). Brian Soerensen je p\u0159esv\u011bd\u010den, \u017ee Ishikawa je p\u0159esn\u011b t\u00fdm prav\u00fdm \u010dl\u00e1nkem k vyztu\u017een\u00ed na\u0161\u00ed pro\u0159\u00eddl\u00e9 obrany a v\u00fdborn\u011b tak zapad\u00e1 do jeho pl\u00e1n\u016f pro p\u0159\u00ed\u0161t\u00ed sez\u00f3ny. A na to se opravdu t\u011b\u0161\u00edme. <span style=\"color: #0000ff;\"><strong>COYBG!<\/strong><\/span><\/p>\n<p style=\"text-align: right;\"><span style=\"font-size: 8pt;\"><em>Zdroj fotografie: www.scmp.com<\/em><\/span><\/p>\n","protected":false},"excerpt":{"rendered":"<p>Z oblasti japonsk\u00e9ho t\u011b\u017ek\u00e9ho stroj\u00edrenstv\u00ed k n\u00e1m dorazila Rion Ishikawa.<\/p>\n","protected":false},"author":26,"featured_media":27025,"comment_status":"open","ping_status":"closed","sticky":false,"template":"","format":"standard","meta":{"_eb_attr":"","_monsterinsights_skip_tracking":false,"_monsterinsights_sitenote_active":false,"_monsterinsights_sitenote_note":"","_monsterinsights_sitenote_category":0,"footnotes":""},"categories":[110],"tags":[],"yoast_head":"<!-- This site is optimized with the Yoast SEO plugin v23.4 - https:\/\/yoast.com\/wordpress\/plugins\/seo\/ -->\n<title>P\u0159ich\u00e1z\u00ed Rion Ishikawa - Official Czech &amp; Slovak Everton Supporters&#039; Club<\/title>\n<meta name=\"robots\" content=\"index, follow, max-snippet:-1, max-image-preview:large, max-video-preview:-1\" \/>\n<link rel=\"canonical\" href=\"https:\/\/evertonfc.cz\/index.php\/2025\/07\/14\/prichazi-rion-ishikawa\/\" \/>\n<meta property=\"og:locale\" content=\"cs_CZ\" \/>\n<meta property=\"og:type\" content=\"article\" \/>\n<meta property=\"og:title\" content=\"P\u0159ich\u00e1z\u00ed Rion Ishikawa - Official Czech &amp; Slovak Everton Supporters&#039; Club\" \/>\n<meta property=\"og:description\" content=\"Z oblasti japonsk\u00e9ho t\u011b\u017ek\u00e9ho stroj\u00edrenstv\u00ed k n\u00e1m dorazila Rion Ishikawa.\" \/>\n<meta property=\"og:url\" content=\"https:\/\/evertonfc.cz\/index.php\/2025\/07\/14\/prichazi-rion-ishikawa\/\" \/>\n<meta property=\"og:site_name\" content=\"Official Czech &amp; Slovak Everton Supporters&#039; Club\" \/>\n<meta property=\"article:publisher\" content=\"https:\/\/www.facebook.com\/everton.fans.cz.sk\" \/>\n<meta property=\"article:published_time\" content=\"2025-07-14T19:28:33+00:00\" \/>\n<meta property=\"article:modified_time\" content=\"2025-07-16T06:51:57+00:00\" \/>\n<meta property=\"og:image\" content=\"https:\/\/evertonfc.cz\/wp-content\/uploads\/2025\/07\/Ishikawa-web-14_07_2025.jpeg\" \/>\n\t<meta property=\"og:image:width\" content=\"1020\" \/>\n\t<meta property=\"og:image:height\" content=\"574\" \/>\n\t<meta property=\"og:image:type\" content=\"image\/jpeg\" \/>\n<meta name=\"author\" content=\"Karamela\" \/>\n<meta name=\"twitter:card\" content=\"summary_large_image\" \/>\n<meta name=\"twitter:label1\" content=\"Napsal(a)\" \/>\n\t<meta name=\"twitter:data1\" content=\"Karamela\" \/>\n\t<meta name=\"twitter:label2\" content=\"Odhadovan\u00e1 doba \u010dten\u00ed\" \/>\n\t<meta name=\"twitter:data2\" content=\"2 minuty\" \/>\n<script type=\"application\/ld+json\" class=\"yoast-schema-graph\">{\"@context\":\"https:\/\/schema.org\",\"@graph\":[{\"@type\":\"Article\",\"@id\":\"https:\/\/evertonfc.cz\/index.php\/2025\/07\/14\/prichazi-rion-ishikawa\/#article\",\"isPartOf\":{\"@id\":\"https:\/\/evertonfc.cz\/index.php\/2025\/07\/14\/prichazi-rion-ishikawa\/\"},\"author\":{\"name\":\"Karamela\",\"@id\":\"https:\/\/evertonfc.cz\/#\/schema\/person\/e9a24a80a32efa1344dd2c4e5882185c\"},\"headline\":\"P\u0159ich\u00e1z\u00ed Rion Ishikawa\",\"datePublished\":\"2025-07-14T19:28:33+00:00\",\"dateModified\":\"2025-07-16T06:51:57+00:00\",\"mainEntityOfPage\":{\"@id\":\"https:\/\/evertonfc.cz\/index.php\/2025\/07\/14\/prichazi-rion-ishikawa\/\"},\"wordCount\":301,\"commentCount\":0,\"publisher\":{\"@id\":\"https:\/\/evertonfc.cz\/#organization\"},\"image\":{\"@id\":\"https:\/\/evertonfc.cz\/index.php\/2025\/07\/14\/prichazi-rion-ishikawa\/#primaryimage\"},\"thumbnailUrl\":\"https:\/\/evertonfc.cz\/wp-content\/uploads\/2025\/07\/Ishikawa-web-14_07_2025.jpeg\",\"articleSection\":[\"Everton Women\"],\"inLanguage\":\"cs\",\"potentialAction\":[{\"@type\":\"CommentAction\",\"name\":\"Comment\",\"target\":[\"https:\/\/evertonfc.cz\/index.php\/2025\/07\/14\/prichazi-rion-ishikawa\/#respond\"]}]},{\"@type\":\"WebPage\",\"@id\":\"https:\/\/evertonfc.cz\/index.php\/2025\/07\/14\/prichazi-rion-ishikawa\/\",\"url\":\"https:\/\/evertonfc.cz\/index.php\/2025\/07\/14\/prichazi-rion-ishikawa\/\",\"name\":\"P\u0159ich\u00e1z\u00ed Rion Ishikawa - Official Czech &amp; Slovak Everton Supporters&#039; Club\",\"isPartOf\":{\"@id\":\"https:\/\/evertonfc.cz\/#website\"},\"primaryImageOfPage\":{\"@id\":\"https:\/\/evertonfc.cz\/index.php\/2025\/07\/14\/prichazi-rion-ishikawa\/#primaryimage\"},\"image\":{\"@id\":\"https:\/\/evertonfc.cz\/index.php\/2025\/07\/14\/prichazi-rion-ishikawa\/#primaryimage\"},\"thumbnailUrl\":\"https:\/\/evertonfc.cz\/wp-content\/uploads\/2025\/07\/Ishikawa-web-14_07_2025.jpeg\",\"datePublished\":\"2025-07-14T19:28:33+00:00\",\"dateModified\":\"2025-07-16T06:51:57+00:00\",\"breadcrumb\":{\"@id\":\"https:\/\/evertonfc.cz\/index.php\/2025\/07\/14\/prichazi-rion-ishikawa\/#breadcrumb\"},\"inLanguage\":\"cs\",\"potentialAction\":[{\"@type\":\"ReadAction\",\"target\":[\"https:\/\/evertonfc.cz\/index.php\/2025\/07\/14\/prichazi-rion-ishikawa\/\"]}]},{\"@type\":\"ImageObject\",\"inLanguage\":\"cs\",\"@id\":\"https:\/\/evertonfc.cz\/index.php\/2025\/07\/14\/prichazi-rion-ishikawa\/#primaryimage\",\"url\":\"https:\/\/evertonfc.cz\/wp-content\/uploads\/2025\/07\/Ishikawa-web-14_07_2025.jpeg\",\"contentUrl\":\"https:\/\/evertonfc.cz\/wp-content\/uploads\/2025\/07\/Ishikawa-web-14_07_2025.jpeg\",\"width\":1020,\"height\":574},{\"@type\":\"BreadcrumbList\",\"@id\":\"https:\/\/evertonfc.cz\/index.php\/2025\/07\/14\/prichazi-rion-ishikawa\/#breadcrumb\",\"itemListElement\":[{\"@type\":\"ListItem\",\"position\":1,\"name\":\"Home\",\"item\":\"https:\/\/evertonfc.cz\/\"},{\"@type\":\"ListItem\",\"position\":2,\"name\":\"P\u0159ich\u00e1z\u00ed Rion Ishikawa\"}]},{\"@type\":\"WebSite\",\"@id\":\"https:\/\/evertonfc.cz\/#website\",\"url\":\"https:\/\/evertonfc.cz\/\",\"name\":\"Official Czech &amp; Slovak Everton Supporters&#039; Club\",\"description\":\"\",\"publisher\":{\"@id\":\"https:\/\/evertonfc.cz\/#organization\"},\"potentialAction\":[{\"@type\":\"SearchAction\",\"target\":{\"@type\":\"EntryPoint\",\"urlTemplate\":\"https:\/\/evertonfc.cz\/?s={search_term_string}\"},\"query-input\":{\"@type\":\"PropertyValueSpecification\",\"valueRequired\":true,\"valueName\":\"search_term_string\"}}],\"inLanguage\":\"cs\"},{\"@type\":\"Organization\",\"@id\":\"https:\/\/evertonfc.cz\/#organization\",\"name\":\"Official Czech & Slovak Everton Supporters' Club\",\"url\":\"https:\/\/evertonfc.cz\/\",\"logo\":{\"@type\":\"ImageObject\",\"inLanguage\":\"cs\",\"@id\":\"https:\/\/evertonfc.cz\/#\/schema\/logo\/image\/\",\"url\":\"https:\/\/evertonfc.cz\/wp-content\/uploads\/2019\/05\/logo.png\",\"contentUrl\":\"https:\/\/evertonfc.cz\/wp-content\/uploads\/2019\/05\/logo.png\",\"width\":112,\"height\":112,\"caption\":\"Official Czech & Slovak Everton Supporters' Club\"},\"image\":{\"@id\":\"https:\/\/evertonfc.cz\/#\/schema\/logo\/image\/\"},\"sameAs\":[\"https:\/\/www.facebook.com\/everton.fans.cz.sk\"]},{\"@type\":\"Person\",\"@id\":\"https:\/\/evertonfc.cz\/#\/schema\/person\/e9a24a80a32efa1344dd2c4e5882185c\",\"name\":\"Karamela\",\"url\":\"https:\/\/evertonfc.cz\/index.php\/author\/karamela\/\"}]}<\/script>\n<!-- \/ Yoast SEO plugin. -->","yoast_head_json":{"title":"P\u0159ich\u00e1z\u00ed Rion Ishikawa - Official Czech &amp; Slovak Everton Supporters&#039; Club","robots":{"index":"index","follow":"follow","max-snippet":"max-snippet:-1","max-image-preview":"max-image-preview:large","max-video-preview":"max-video-preview:-1"},"canonical":"https:\/\/evertonfc.cz\/index.php\/2025\/07\/14\/prichazi-rion-ishikawa\/","og_locale":"cs_CZ","og_type":"article","og_title":"P\u0159ich\u00e1z\u00ed Rion Ishikawa - Official Czech &amp; Slovak Everton Supporters&#039; Club","og_description":"Z oblasti japonsk\u00e9ho t\u011b\u017ek\u00e9ho stroj\u00edrenstv\u00ed k n\u00e1m dorazila Rion Ishikawa.","og_url":"https:\/\/evertonfc.cz\/index.php\/2025\/07\/14\/prichazi-rion-ishikawa\/","og_site_name":"Official Czech &amp; Slovak Everton Supporters&#039; Club","article_publisher":"https:\/\/www.facebook.com\/everton.fans.cz.sk","article_published_time":"2025-07-14T19:28:33+00:00","article_modified_time":"2025-07-16T06:51:57+00:00","og_image":[{"width":1020,"height":574,"url":"https:\/\/evertonfc.cz\/wp-content\/uploads\/2025\/07\/Ishikawa-web-14_07_2025.jpeg","type":"image\/jpeg"}],"author":"Karamela","twitter_card":"summary_large_image","twitter_misc":{"Napsal(a)":"Karamela","Odhadovan\u00e1 doba \u010dten\u00ed":"2 minuty"},"schema":{"@context":"https:\/\/schema.org","@graph":[{"@type":"Article","@id":"https:\/\/evertonfc.cz\/index.php\/2025\/07\/14\/prichazi-rion-ishikawa\/#article","isPartOf":{"@id":"https:\/\/evertonfc.cz\/index.php\/2025\/07\/14\/prichazi-rion-ishikawa\/"},"author":{"name":"Karamela","@id":"https:\/\/evertonfc.cz\/#\/schema\/person\/e9a24a80a32efa1344dd2c4e5882185c"},"headline":"P\u0159ich\u00e1z\u00ed Rion Ishikawa","datePublished":"2025-07-14T19:28:33+00:00","dateModified":"2025-07-16T06:51:57+00:00","mainEntityOfPage":{"@id":"https:\/\/evertonfc.cz\/index.php\/2025\/07\/14\/prichazi-rion-ishikawa\/"},"wordCount":301,"commentCount":0,"publisher":{"@id":"https:\/\/evertonfc.cz\/#organization"},"image":{"@id":"https:\/\/evertonfc.cz\/index.php\/2025\/07\/14\/prichazi-rion-ishikawa\/#primaryimage"},"thumbnailUrl":"https:\/\/evertonfc.cz\/wp-content\/uploads\/2025\/07\/Ishikawa-web-14_07_2025.jpeg","articleSection":["Everton Women"],"inLanguage":"cs","potentialAction":[{"@type":"CommentAction","name":"Comment","target":["https:\/\/evertonfc.cz\/index.php\/2025\/07\/14\/prichazi-rion-ishikawa\/#respond"]}]},{"@type":"WebPage","@id":"https:\/\/evertonfc.cz\/index.php\/2025\/07\/14\/prichazi-rion-ishikawa\/","url":"https:\/\/evertonfc.cz\/index.php\/2025\/07\/14\/prichazi-rion-ishikawa\/","name":"P\u0159ich\u00e1z\u00ed Rion Ishikawa - Official Czech &amp; Slovak Everton Supporters&#039; Club","isPartOf":{"@id":"https:\/\/evertonfc.cz\/#website"},"primaryImageOfPage":{"@id":"https:\/\/evertonfc.cz\/index.php\/2025\/07\/14\/prichazi-rion-ishikawa\/#primaryimage"},"image":{"@id":"https:\/\/evertonfc.cz\/index.php\/2025\/07\/14\/prichazi-rion-ishikawa\/#primaryimage"},"thumbnailUrl":"https:\/\/evertonfc.cz\/wp-content\/uploads\/2025\/07\/Ishikawa-web-14_07_2025.jpeg","datePublished":"2025-07-14T19:28:33+00:00","dateModified":"2025-07-16T06:51:57+00:00","breadcrumb":{"@id":"https:\/\/evertonfc.cz\/index.php\/2025\/07\/14\/prichazi-rion-ishikawa\/#breadcrumb"},"inLanguage":"cs","potentialAction":[{"@type":"ReadAction","target":["https:\/\/evertonfc.cz\/index.php\/2025\/07\/14\/prichazi-rion-ishikawa\/"]}]},{"@type":"ImageObject","inLanguage":"cs","@id":"https:\/\/evertonfc.cz\/index.php\/2025\/07\/14\/prichazi-rion-ishikawa\/#primaryimage","url":"https:\/\/evertonfc.cz\/wp-content\/uploads\/2025\/07\/Ishikawa-web-14_07_2025.jpeg","contentUrl":"https:\/\/evertonfc.cz\/wp-content\/uploads\/2025\/07\/Ishikawa-web-14_07_2025.jpeg","width":1020,"height":574},{"@type":"BreadcrumbList","@id":"https:\/\/evertonfc.cz\/index.php\/2025\/07\/14\/prichazi-rion-ishikawa\/#breadcrumb","itemListElement":[{"@type":"ListItem","position":1,"name":"Home","item":"https:\/\/evertonfc.cz\/"},{"@type":"ListItem","position":2,"name":"P\u0159ich\u00e1z\u00ed Rion Ishikawa"}]},{"@type":"WebSite","@id":"https:\/\/evertonfc.cz\/#website","url":"https:\/\/evertonfc.cz\/","name":"Official Czech &amp; Slovak Everton Supporters&#039; Club","description":"","publisher":{"@id":"https:\/\/evertonfc.cz\/#organization"},"potentialAction":[{"@type":"SearchAction","target":{"@type":"EntryPoint","urlTemplate":"https:\/\/evertonfc.cz\/?s={search_term_string}"},"query-input":{"@type":"PropertyValueSpecification","valueRequired":true,"valueName":"search_term_string"}}],"inLanguage":"cs"},{"@type":"Organization","@id":"https:\/\/evertonfc.cz\/#organization","name":"Official Czech & Slovak Everton Supporters' Club","url":"https:\/\/evertonfc.cz\/","logo":{"@type":"ImageObject","inLanguage":"cs","@id":"https:\/\/evertonfc.cz\/#\/schema\/logo\/image\/","url":"https:\/\/evertonfc.cz\/wp-content\/uploads\/2019\/05\/logo.png","contentUrl":"https:\/\/evertonfc.cz\/wp-content\/uploads\/2019\/05\/logo.png","width":112,"height":112,"caption":"Official Czech & Slovak Everton Supporters' Club"},"image":{"@id":"https:\/\/evertonfc.cz\/#\/schema\/logo\/image\/"},"sameAs":["https:\/\/www.facebook.com\/everton.fans.cz.sk"]},{"@type":"Person","@id":"https:\/\/evertonfc.cz\/#\/schema\/person\/e9a24a80a32efa1344dd2c4e5882185c","name":"Karamela","url":"https:\/\/evertonfc.cz\/index.php\/author\/karamela\/"}]}},"_links":{"self":[{"href":"https:\/\/evertonfc.cz\/index.php\/wp-json\/wp\/v2\/posts\/27024"}],"collection":[{"href":"https:\/\/evertonfc.cz\/index.php\/wp-json\/wp\/v2\/posts"}],"about":[{"href":"https:\/\/evertonfc.cz\/index.php\/wp-json\/wp\/v2\/types\/post"}],"author":[{"embeddable":true,"href":"https:\/\/evertonfc.cz\/index.php\/wp-json\/wp\/v2\/users\/26"}],"replies":[{"embeddable":true,"href":"https:\/\/evertonfc.cz\/index.php\/wp-json\/wp\/v2\/comments?post=27024"}],"version-history":[{"count":4,"href":"https:\/\/evertonfc.cz\/index.php\/wp-json\/wp\/v2\/posts\/27024\/revisions"}],"predecessor-version":[{"id":27053,"href":"https:\/\/evertonfc.cz\/index.php\/wp-json\/wp\/v2\/posts\/27024\/revisions\/27053"}],"wp:featuredmedia":[{"embeddable":true,"href":"https:\/\/evertonfc.cz\/index.php\/wp-json\/wp\/v2\/media\/27025"}],"wp:attachment":[{"href":"https:\/\/evertonfc.cz\/index.php\/wp-json\/wp\/v2\/media?parent=27024"}],"wp:term":[{"taxonomy":"category","embeddable":true,"href":"https:\/\/evertonfc.cz\/index.php\/wp-json\/wp\/v2\/categories?post=27024"},{"taxonomy":"post_tag","embeddable":true,"href":"https:\/\/evertonfc.cz\/index.php\/wp-json\/wp\/v2\/tags?post=27024"}],"curies":[{"name":"wp","href":"https:\/\/api.w.org\/{rel}","templated":true}]}}