{"id":27028,"date":"2025-07-15T13:17:08","date_gmt":"2025-07-15T11:17:08","guid":{"rendered":"https:\/\/evertonfc.cz\/?p=27028"},"modified":"2025-07-15T13:21:13","modified_gmt":"2025-07-15T11:21:13","slug":"posila-do-brany-mark-travers","status":"publish","type":"post","link":"https:\/\/evertonfc.cz\/index.php\/2025\/07\/15\/posila-do-brany-mark-travers\/","title":{"rendered":"Posila do br\u00e1ny: Mark Travers"},"content":{"rendered":"<h4>Everton se pozvolna rozj\u00ed\u017ed\u00ed na p\u0159estupov\u00e9m trhu a z Bournemouthu p\u0159ivedl novou posilu mezi t\u0159i ty\u010de.<\/h4>\n<p>Mark Travers se stal po Carlosi Alcarazovi a Thiernu Barrym t\u0159et\u00ed letn\u00ed akvizic\u00ed. Za p\u0159estup pos\u00edl\u00e1 Everton na ji\u017en\u00ed pob\u0159e\u017e\u00ed Anglie \u010dty\u0159i miliony liber, dal\u0161\u00ed milion m\u016f\u017ee p\u0159ib\u00fdt v z\u00e1vislosti na v\u00fdkonnostn\u00ed bonusy.<\/p>\n<p>26let\u00fd irsk\u00fd g\u00f3lman bude kvalitn\u00ed n\u00e1hradou za neot\u0159esitelnou jedni\u010dku Jordanem Pickfordem. Z\u00e1rove\u0148 by m\u011bl p\u0159edstavovat zlep\u0161en\u00ed oproti dvojici Joao Virg\u00ednia a Asmir Begovi\u0107, kte\u0159\u00ed Angli\u010danovi kryli z\u00e1da a\u017e do konce minul\u00e9 sezony a po vypr\u0161en\u00ed smluv klub opustili.<\/p>\n<p>T\u0159et\u00edm a posledn\u00edm brank\u00e1\u0159em v k\u00e1dru Toffees se zku\u0161enostmi z dosp\u011bl\u00e9ho fotbalu je 23let\u00fd Harry Tyrer. V uplynul\u00e9 sezon\u011b pod\u00e1val solidn\u00ed v\u00fdkony na hostov\u00e1n\u00ed ve t\u0159etiligov\u00e9m Blackpoolu a o\u010dek\u00e1v\u00e1 se, \u017ee brzy zam\u00ed\u0159\u00ed na dal\u0161\u00ed kr\u00e1tkodob\u00e9 anga\u017em\u00e1 do ni\u017e\u0161\u00ed sout\u011b\u017ee.<\/p>\n<p>Travers (191 cm) za\u010d\u00ednal kari\u00e9ru v irsk\u00fdch provin\u010dn\u00edch klubech Confey, Lucan United a Cherry Orchard. N\u00e1sledn\u011b kr\u00e1tce p\u016fsobil v Shamrock Rovers, odkud si ho jako sedmn\u00e1ctilet\u00e9ho v roce 2016 vyt\u00e1hl Bournemouth.<\/p>\n<p>Prvn\u00ed zku\u0161enosti nasb\u00edral na hostov\u00e1n\u00ed v poloprofesion\u00e1ln\u00edm Weymouthu, kde se uvedl netradi\u010dn\u011b \u2013 p\u0159i debutu sk\u00f3roval n\u00e1kopem z vlastn\u00ed poloviny. V letech 2018 a\u017e 2021 nastupoval za Bournemouth v Premier League i Championshipu jen velmi sporadicky, v\u00edc prostoru dostal a\u017e na p\u016flro\u010dn\u00edm hostov\u00e1n\u00ed ve t\u0159etiligov\u00e9m Swindonu.<\/p>\n<p>Pravou \u0161anci dostal v sezon\u011b 2021\/22, kdy po odchodu Asmira Begovi\u0107e odchytal cel\u00fd ro\u010dn\u00edk v Championshipu a pomohl Cherries k postupu mezi anglickou elitu. V n\u00e1sleduj\u00edc\u00ed sezon\u011b si p\u0159ipsal 12 sout\u011b\u017en\u00edch start\u016f, ale postupn\u011b byl odsunut do role dvojky \u2013 nejprve za Netem a v pozd\u011bj\u0161\u00edch letech i za Kepou. Rad\u011bji se tak vr\u00e1til do Championshipu, kde nejprve na podzim 2023 hostoval ve Stoke a n\u00e1sledn\u011b b\u011bhem leto\u0161n\u00edho jara v Middlesbrough. Na obou \u0161tac\u00edch zanechal velmi dobr\u00fd dojem.<\/p>\n<p>Fanou\u0161ci Evertonu si ho mohou pamatovat ze z\u00e1chran\u00e1\u0159sk\u00e9ho utk\u00e1n\u00ed v kv\u011btnu 2023, kdy na Goodison Parku dlouho odol\u00e1val dom\u00e1c\u00edm \u00fato\u010dn\u00edk\u016fm a inkasoval a\u017e po voleji Abdoulaye Doucour\u00e9ho, kter\u00fd z\u00e1rove\u0148 definitivn\u011b zajistil Toffees z\u00e1chranu v Premier League.<\/p>\n<p>Za Bournemouth odchytal b\u011bhem dev\u00edti let 84 sout\u011b\u017en\u00edch z\u00e1pas\u016f a \u010dty\u0159ikr\u00e1t nastoupil za irskou reprezentaci. Everton v n\u011bm z\u00edsk\u00e1v\u00e1 spolehlivou brank\u00e1\u0159skou dvojku za velmi rozumnou cenu. Spokojenost s p\u0159estupem podle zvyklost\u00ed neskr\u00fdval ani s\u00e1m Travers, kter\u00fd v nov\u00e9m p\u016fsobi\u0161ti podepsal smlouvu na \u010dty\u0159i roky: <em>\u201eM\u00e1m obrovskou radost, \u017ee m\u016f\u017eu b\u00fdt sou\u010d\u00e1st\u00ed Evertonu. U\u017e p\u0159i p\u0159\u00edchodu c\u00edt\u00edte, jak velk\u00fd klub to je a jak siln\u00e1 je jeho historie. Na ka\u017ed\u00e9m kroku to dokazuj\u00ed fanou\u0161ci, nov\u00fd stadion i sm\u011br, kter\u00fdm se klub ub\u00edr\u00e1.\u201c\u00a0<\/em><\/p>\n<p>Nyn\u00ed se v\u0161ak Everton mus\u00ed soust\u0159edit na pos\u00edlen\u00ed dal\u0161\u00edch kl\u00ed\u010dov\u00fdch post\u016f, p\u0159edev\u0161\u00edm ve st\u0159edu a na prav\u00e9 stran\u011b z\u00e1lohy.<\/p>\n<p style=\"text-align: right;\"><span style=\"font-size: 8pt;\">(fotozdroj: evertonfc.com)<\/span><\/p>\n","protected":false},"excerpt":{"rendered":"<p>Everton se pozvolna rozj\u00ed\u017ed\u00ed na p\u0159estupov\u00e9m trhu a z Bournemouthu p\u0159ivedl novou posilu mezi t\u0159i ty\u010de.<\/p>\n","protected":false},"author":6,"featured_media":27036,"comment_status":"open","ping_status":"closed","sticky":false,"template":"","format":"standard","meta":{"_eb_attr":"","_monsterinsights_skip_tracking":false,"_monsterinsights_sitenote_active":false,"_monsterinsights_sitenote_note":"","_monsterinsights_sitenote_category":0,"footnotes":""},"categories":[41],"tags":[],"yoast_head":"<!-- This site is optimized with the Yoast SEO plugin v23.4 - https:\/\/yoast.com\/wordpress\/plugins\/seo\/ -->\n<title>Posila do br\u00e1ny: Mark Travers - Official Czech &amp; Slovak Everton Supporters&#039; Club<\/title>\n<meta name=\"description\" content=\"Everton se pozvolna rozj\u00ed\u017ed\u00ed na p\u0159estupov\u00e9m trhu a z Bournemouthu p\u0159ivedl novou posilu mezi t\u0159i ty\u010de.\" \/>\n<meta name=\"robots\" content=\"index, follow, max-snippet:-1, max-image-preview:large, max-video-preview:-1\" \/>\n<link rel=\"canonical\" href=\"https:\/\/evertonfc.cz\/index.php\/2025\/07\/15\/posila-do-brany-mark-travers\/\" \/>\n<meta property=\"og:locale\" content=\"cs_CZ\" \/>\n<meta property=\"og:type\" content=\"article\" \/>\n<meta property=\"og:title\" content=\"Posila do br\u00e1ny: Mark Travers - Official Czech &amp; Slovak Everton Supporters&#039; Club\" \/>\n<meta property=\"og:description\" content=\"Everton se pozvolna rozj\u00ed\u017ed\u00ed na p\u0159estupov\u00e9m trhu a z Bournemouthu p\u0159ivedl novou posilu mezi t\u0159i ty\u010de.\" \/>\n<meta property=\"og:url\" content=\"https:\/\/evertonfc.cz\/index.php\/2025\/07\/15\/posila-do-brany-mark-travers\/\" \/>\n<meta property=\"og:site_name\" content=\"Official Czech &amp; Slovak Everton Supporters&#039; Club\" \/>\n<meta property=\"article:publisher\" content=\"https:\/\/www.facebook.com\/everton.fans.cz.sk\" \/>\n<meta property=\"article:published_time\" content=\"2025-07-15T11:17:08+00:00\" \/>\n<meta property=\"article:modified_time\" content=\"2025-07-15T11:21:13+00:00\" \/>\n<meta property=\"og:image\" content=\"https:\/\/evertonfc.cz\/wp-content\/uploads\/2025\/07\/travers_15_7_2025.jpg\" \/>\n\t<meta property=\"og:image:width\" content=\"720\" \/>\n\t<meta property=\"og:image:height\" content=\"405\" \/>\n\t<meta property=\"og:image:type\" content=\"image\/jpeg\" \/>\n<meta name=\"author\" content=\"Ri\u010di\" \/>\n<meta name=\"twitter:card\" content=\"summary_large_image\" \/>\n<meta name=\"twitter:creator\" content=\"@rbrejsa\" \/>\n<meta name=\"twitter:label1\" content=\"Napsal(a)\" \/>\n\t<meta name=\"twitter:data1\" content=\"Ri\u010di\" \/>\n\t<meta name=\"twitter:label2\" content=\"Odhadovan\u00e1 doba \u010dten\u00ed\" \/>\n\t<meta name=\"twitter:data2\" content=\"3 minuty\" \/>\n<script type=\"application\/ld+json\" class=\"yoast-schema-graph\">{\"@context\":\"https:\/\/schema.org\",\"@graph\":[{\"@type\":\"Article\",\"@id\":\"https:\/\/evertonfc.cz\/index.php\/2025\/07\/15\/posila-do-brany-mark-travers\/#article\",\"isPartOf\":{\"@id\":\"https:\/\/evertonfc.cz\/index.php\/2025\/07\/15\/posila-do-brany-mark-travers\/\"},\"author\":{\"name\":\"Ri\u010di\",\"@id\":\"https:\/\/evertonfc.cz\/#\/schema\/person\/f7a5daedb2ffee98480bc70e191aaef1\"},\"headline\":\"Posila do br\u00e1ny: Mark Travers\",\"datePublished\":\"2025-07-15T11:17:08+00:00\",\"dateModified\":\"2025-07-15T11:21:13+00:00\",\"mainEntityOfPage\":{\"@id\":\"https:\/\/evertonfc.cz\/index.php\/2025\/07\/15\/posila-do-brany-mark-travers\/\"},\"wordCount\":564,\"commentCount\":7,\"publisher\":{\"@id\":\"https:\/\/evertonfc.cz\/#organization\"},\"image\":{\"@id\":\"https:\/\/evertonfc.cz\/index.php\/2025\/07\/15\/posila-do-brany-mark-travers\/#primaryimage\"},\"thumbnailUrl\":\"https:\/\/evertonfc.cz\/wp-content\/uploads\/2025\/07\/travers_15_7_2025.jpg\",\"articleSection\":[\"P\u0159estupy\"],\"inLanguage\":\"cs\",\"potentialAction\":[{\"@type\":\"CommentAction\",\"name\":\"Comment\",\"target\":[\"https:\/\/evertonfc.cz\/index.php\/2025\/07\/15\/posila-do-brany-mark-travers\/#respond\"]}]},{\"@type\":\"WebPage\",\"@id\":\"https:\/\/evertonfc.cz\/index.php\/2025\/07\/15\/posila-do-brany-mark-travers\/\",\"url\":\"https:\/\/evertonfc.cz\/index.php\/2025\/07\/15\/posila-do-brany-mark-travers\/\",\"name\":\"Posila do br\u00e1ny: Mark Travers - Official Czech &amp; Slovak Everton Supporters&#039; Club\",\"isPartOf\":{\"@id\":\"https:\/\/evertonfc.cz\/#website\"},\"primaryImageOfPage\":{\"@id\":\"https:\/\/evertonfc.cz\/index.php\/2025\/07\/15\/posila-do-brany-mark-travers\/#primaryimage\"},\"image\":{\"@id\":\"https:\/\/evertonfc.cz\/index.php\/2025\/07\/15\/posila-do-brany-mark-travers\/#primaryimage\"},\"thumbnailUrl\":\"https:\/\/evertonfc.cz\/wp-content\/uploads\/2025\/07\/travers_15_7_2025.jpg\",\"datePublished\":\"2025-07-15T11:17:08+00:00\",\"dateModified\":\"2025-07-15T11:21:13+00:00\",\"description\":\"Everton se pozvolna rozj\u00ed\u017ed\u00ed na p\u0159estupov\u00e9m trhu a z Bournemouthu p\u0159ivedl novou posilu mezi t\u0159i ty\u010de.\",\"breadcrumb\":{\"@id\":\"https:\/\/evertonfc.cz\/index.php\/2025\/07\/15\/posila-do-brany-mark-travers\/#breadcrumb\"},\"inLanguage\":\"cs\",\"potentialAction\":[{\"@type\":\"ReadAction\",\"target\":[\"https:\/\/evertonfc.cz\/index.php\/2025\/07\/15\/posila-do-brany-mark-travers\/\"]}]},{\"@type\":\"ImageObject\",\"inLanguage\":\"cs\",\"@id\":\"https:\/\/evertonfc.cz\/index.php\/2025\/07\/15\/posila-do-brany-mark-travers\/#primaryimage\",\"url\":\"https:\/\/evertonfc.cz\/wp-content\/uploads\/2025\/07\/travers_15_7_2025.jpg\",\"contentUrl\":\"https:\/\/evertonfc.cz\/wp-content\/uploads\/2025\/07\/travers_15_7_2025.jpg\",\"width\":720,\"height\":405},{\"@type\":\"BreadcrumbList\",\"@id\":\"https:\/\/evertonfc.cz\/index.php\/2025\/07\/15\/posila-do-brany-mark-travers\/#breadcrumb\",\"itemListElement\":[{\"@type\":\"ListItem\",\"position\":1,\"name\":\"Home\",\"item\":\"https:\/\/evertonfc.cz\/\"},{\"@type\":\"ListItem\",\"position\":2,\"name\":\"Posila do br\u00e1ny: Mark Travers\"}]},{\"@type\":\"WebSite\",\"@id\":\"https:\/\/evertonfc.cz\/#website\",\"url\":\"https:\/\/evertonfc.cz\/\",\"name\":\"Official Czech &amp; Slovak Everton Supporters&#039; Club\",\"description\":\"\",\"publisher\":{\"@id\":\"https:\/\/evertonfc.cz\/#organization\"},\"potentialAction\":[{\"@type\":\"SearchAction\",\"target\":{\"@type\":\"EntryPoint\",\"urlTemplate\":\"https:\/\/evertonfc.cz\/?s={search_term_string}\"},\"query-input\":{\"@type\":\"PropertyValueSpecification\",\"valueRequired\":true,\"valueName\":\"search_term_string\"}}],\"inLanguage\":\"cs\"},{\"@type\":\"Organization\",\"@id\":\"https:\/\/evertonfc.cz\/#organization\",\"name\":\"Official Czech & Slovak Everton Supporters' Club\",\"url\":\"https:\/\/evertonfc.cz\/\",\"logo\":{\"@type\":\"ImageObject\",\"inLanguage\":\"cs\",\"@id\":\"https:\/\/evertonfc.cz\/#\/schema\/logo\/image\/\",\"url\":\"https:\/\/evertonfc.cz\/wp-content\/uploads\/2019\/05\/logo.png\",\"contentUrl\":\"https:\/\/evertonfc.cz\/wp-content\/uploads\/2019\/05\/logo.png\",\"width\":112,\"height\":112,\"caption\":\"Official Czech & Slovak Everton Supporters' Club\"},\"image\":{\"@id\":\"https:\/\/evertonfc.cz\/#\/schema\/logo\/image\/\"},\"sameAs\":[\"https:\/\/www.facebook.com\/everton.fans.cz.sk\"]},{\"@type\":\"Person\",\"@id\":\"https:\/\/evertonfc.cz\/#\/schema\/person\/f7a5daedb2ffee98480bc70e191aaef1\",\"name\":\"Ri\u010di\",\"sameAs\":[\"https:\/\/x.com\/rbrejsa\"],\"url\":\"https:\/\/evertonfc.cz\/index.php\/author\/rici\/\"}]}<\/script>\n<!-- \/ Yoast SEO plugin. -->","yoast_head_json":{"title":"Posila do br\u00e1ny: Mark Travers - Official Czech &amp; Slovak Everton Supporters&#039; Club","description":"Everton se pozvolna rozj\u00ed\u017ed\u00ed na p\u0159estupov\u00e9m trhu a z Bournemouthu p\u0159ivedl novou posilu mezi t\u0159i ty\u010de.","robots":{"index":"index","follow":"follow","max-snippet":"max-snippet:-1","max-image-preview":"max-image-preview:large","max-video-preview":"max-video-preview:-1"},"canonical":"https:\/\/evertonfc.cz\/index.php\/2025\/07\/15\/posila-do-brany-mark-travers\/","og_locale":"cs_CZ","og_type":"article","og_title":"Posila do br\u00e1ny: Mark Travers - Official Czech &amp; Slovak Everton Supporters&#039; Club","og_description":"Everton se pozvolna rozj\u00ed\u017ed\u00ed na p\u0159estupov\u00e9m trhu a z Bournemouthu p\u0159ivedl novou posilu mezi t\u0159i ty\u010de.","og_url":"https:\/\/evertonfc.cz\/index.php\/2025\/07\/15\/posila-do-brany-mark-travers\/","og_site_name":"Official Czech &amp; Slovak Everton Supporters&#039; Club","article_publisher":"https:\/\/www.facebook.com\/everton.fans.cz.sk","article_published_time":"2025-07-15T11:17:08+00:00","article_modified_time":"2025-07-15T11:21:13+00:00","og_image":[{"width":720,"height":405,"url":"https:\/\/evertonfc.cz\/wp-content\/uploads\/2025\/07\/travers_15_7_2025.jpg","type":"image\/jpeg"}],"author":"Ri\u010di","twitter_card":"summary_large_image","twitter_creator":"@rbrejsa","twitter_misc":{"Napsal(a)":"Ri\u010di","Odhadovan\u00e1 doba \u010dten\u00ed":"3 minuty"},"schema":{"@context":"https:\/\/schema.org","@graph":[{"@type":"Article","@id":"https:\/\/evertonfc.cz\/index.php\/2025\/07\/15\/posila-do-brany-mark-travers\/#article","isPartOf":{"@id":"https:\/\/evertonfc.cz\/index.php\/2025\/07\/15\/posila-do-brany-mark-travers\/"},"author":{"name":"Ri\u010di","@id":"https:\/\/evertonfc.cz\/#\/schema\/person\/f7a5daedb2ffee98480bc70e191aaef1"},"headline":"Posila do br\u00e1ny: Mark Travers","datePublished":"2025-07-15T11:17:08+00:00","dateModified":"2025-07-15T11:21:13+00:00","mainEntityOfPage":{"@id":"https:\/\/evertonfc.cz\/index.php\/2025\/07\/15\/posila-do-brany-mark-travers\/"},"wordCount":564,"commentCount":7,"publisher":{"@id":"https:\/\/evertonfc.cz\/#organization"},"image":{"@id":"https:\/\/evertonfc.cz\/index.php\/2025\/07\/15\/posila-do-brany-mark-travers\/#primaryimage"},"thumbnailUrl":"https:\/\/evertonfc.cz\/wp-content\/uploads\/2025\/07\/travers_15_7_2025.jpg","articleSection":["P\u0159estupy"],"inLanguage":"cs","potentialAction":[{"@type":"CommentAction","name":"Comment","target":["https:\/\/evertonfc.cz\/index.php\/2025\/07\/15\/posila-do-brany-mark-travers\/#respond"]}]},{"@type":"WebPage","@id":"https:\/\/evertonfc.cz\/index.php\/2025\/07\/15\/posila-do-brany-mark-travers\/","url":"https:\/\/evertonfc.cz\/index.php\/2025\/07\/15\/posila-do-brany-mark-travers\/","name":"Posila do br\u00e1ny: Mark Travers - Official Czech &amp; Slovak Everton Supporters&#039; Club","isPartOf":{"@id":"https:\/\/evertonfc.cz\/#website"},"primaryImageOfPage":{"@id":"https:\/\/evertonfc.cz\/index.php\/2025\/07\/15\/posila-do-brany-mark-travers\/#primaryimage"},"image":{"@id":"https:\/\/evertonfc.cz\/index.php\/2025\/07\/15\/posila-do-brany-mark-travers\/#primaryimage"},"thumbnailUrl":"https:\/\/evertonfc.cz\/wp-content\/uploads\/2025\/07\/travers_15_7_2025.jpg","datePublished":"2025-07-15T11:17:08+00:00","dateModified":"2025-07-15T11:21:13+00:00","description":"Everton se pozvolna rozj\u00ed\u017ed\u00ed na p\u0159estupov\u00e9m trhu a z Bournemouthu p\u0159ivedl novou posilu mezi t\u0159i ty\u010de.","breadcrumb":{"@id":"https:\/\/evertonfc.cz\/index.php\/2025\/07\/15\/posila-do-brany-mark-travers\/#breadcrumb"},"inLanguage":"cs","potentialAction":[{"@type":"ReadAction","target":["https:\/\/evertonfc.cz\/index.php\/2025\/07\/15\/posila-do-brany-mark-travers\/"]}]},{"@type":"ImageObject","inLanguage":"cs","@id":"https:\/\/evertonfc.cz\/index.php\/2025\/07\/15\/posila-do-brany-mark-travers\/#primaryimage","url":"https:\/\/evertonfc.cz\/wp-content\/uploads\/2025\/07\/travers_15_7_2025.jpg","contentUrl":"https:\/\/evertonfc.cz\/wp-content\/uploads\/2025\/07\/travers_15_7_2025.jpg","width":720,"height":405},{"@type":"BreadcrumbList","@id":"https:\/\/evertonfc.cz\/index.php\/2025\/07\/15\/posila-do-brany-mark-travers\/#breadcrumb","itemListElement":[{"@type":"ListItem","position":1,"name":"Home","item":"https:\/\/evertonfc.cz\/"},{"@type":"ListItem","position":2,"name":"Posila do br\u00e1ny: Mark Travers"}]},{"@type":"WebSite","@id":"https:\/\/evertonfc.cz\/#website","url":"https:\/\/evertonfc.cz\/","name":"Official Czech &amp; Slovak Everton Supporters&#039; Club","description":"","publisher":{"@id":"https:\/\/evertonfc.cz\/#organization"},"potentialAction":[{"@type":"SearchAction","target":{"@type":"EntryPoint","urlTemplate":"https:\/\/evertonfc.cz\/?s={search_term_string}"},"query-input":{"@type":"PropertyValueSpecification","valueRequired":true,"valueName":"search_term_string"}}],"inLanguage":"cs"},{"@type":"Organization","@id":"https:\/\/evertonfc.cz\/#organization","name":"Official Czech & Slovak Everton Supporters' Club","url":"https:\/\/evertonfc.cz\/","logo":{"@type":"ImageObject","inLanguage":"cs","@id":"https:\/\/evertonfc.cz\/#\/schema\/logo\/image\/","url":"https:\/\/evertonfc.cz\/wp-content\/uploads\/2019\/05\/logo.png","contentUrl":"https:\/\/evertonfc.cz\/wp-content\/uploads\/2019\/05\/logo.png","width":112,"height":112,"caption":"Official Czech & Slovak Everton Supporters' Club"},"image":{"@id":"https:\/\/evertonfc.cz\/#\/schema\/logo\/image\/"},"sameAs":["https:\/\/www.facebook.com\/everton.fans.cz.sk"]},{"@type":"Person","@id":"https:\/\/evertonfc.cz\/#\/schema\/person\/f7a5daedb2ffee98480bc70e191aaef1","name":"Ri\u010di","sameAs":["https:\/\/x.com\/rbrejsa"],"url":"https:\/\/evertonfc.cz\/index.php\/author\/rici\/"}]}},"_links":{"self":[{"href":"https:\/\/evertonfc.cz\/index.php\/wp-json\/wp\/v2\/posts\/27028"}],"collection":[{"href":"https:\/\/evertonfc.cz\/index.php\/wp-json\/wp\/v2\/posts"}],"about":[{"href":"https:\/\/evertonfc.cz\/index.php\/wp-json\/wp\/v2\/types\/post"}],"author":[{"embeddable":true,"href":"https:\/\/evertonfc.cz\/index.php\/wp-json\/wp\/v2\/users\/6"}],"replies":[{"embeddable":true,"href":"https:\/\/evertonfc.cz\/index.php\/wp-json\/wp\/v2\/comments?post=27028"}],"version-history":[{"count":6,"href":"https:\/\/evertonfc.cz\/index.php\/wp-json\/wp\/v2\/posts\/27028\/revisions"}],"predecessor-version":[{"id":27041,"href":"https:\/\/evertonfc.cz\/index.php\/wp-json\/wp\/v2\/posts\/27028\/revisions\/27041"}],"wp:featuredmedia":[{"embeddable":true,"href":"https:\/\/evertonfc.cz\/index.php\/wp-json\/wp\/v2\/media\/27036"}],"wp:attachment":[{"href":"https:\/\/evertonfc.cz\/index.php\/wp-json\/wp\/v2\/media?parent=27028"}],"wp:term":[{"taxonomy":"category","embeddable":true,"href":"https:\/\/evertonfc.cz\/index.php\/wp-json\/wp\/v2\/categories?post=27028"},{"taxonomy":"post_tag","embeddable":true,"href":"https:\/\/evertonfc.cz\/index.php\/wp-json\/wp\/v2\/tags?post=27028"}],"curies":[{"name":"wp","href":"https:\/\/api.w.org\/{rel}","templated":true}]}}