{"id":27045,"date":"2025-07-15T18:28:58","date_gmt":"2025-07-15T16:28:58","guid":{"rendered":"https:\/\/evertonfc.cz\/?p=27045"},"modified":"2025-07-16T12:02:14","modified_gmt":"2025-07-16T10:02:14","slug":"prichazi-hikaru-kitagawa","status":"publish","type":"post","link":"https:\/\/evertonfc.cz\/index.php\/2025\/07\/15\/prichazi-hikaru-kitagawa\/","title":{"rendered":"P\u0159ich\u00e1z\u00ed Hikaru Kitagawa"},"content":{"rendered":"<h4>Na\u0161\u00ed \u010dtvrtou leto\u0161n\u00ed posilou se stala obr\u00e1nkyn\u011b Hikaru Kitagawa.<\/h4>\n<p>Z G\u00f6teborgu, p\u0159esn\u011bji z BK H\u00e4cken jsme p\u0159ivedli zku\u0161enou 28 letou japonskou reprezentantku Hikaru Kitagawa. Hikaru za\u010d\u00ednala s fotbalem ve Fuku\u0161im\u011b a v 15 letech zam\u00ed\u0159ila za velk\u00fdm fotbalem do Urawa Red Diamonds. Prvn\u00ed rok V Uraw\u011b nastupovala pravideln\u011b v z\u00e1kladn\u00ed sestav\u011b, ale pak se jej\u00ed hern\u00ed vyt\u00ed\u017een\u00ed sn\u00ed\u017eilo a pokud cht\u011bla\u00a0 pokra\u010dovat ve sv\u00e9m fotbalov\u00e9m v\u00fdvoji, tak nezbylo, ne\u017e si hledat anga\u017em\u00e1 jinde. P\u0159es Niiagatu (76 z\u00e1pas\u016f b\u011bhem p\u011bti let) a Kobe (jeden rok, 22 z\u00e1pas\u016f) ji fotbalov\u00fd osud p\u0159ivedl v roce 2024 do \u0161v\u00e9dsk\u00e9ho BK H\u00e4cken, kde se stala prvn\u00ed Japonkou nastupuj\u00edc\u00ed za tento t\u00fdm. Za BK H\u00e4cken nastoupila ke 13 z\u00e1pas\u016fm z\u00e1pas\u016fm a dal\u0161\u00ed ji\u017e nep\u0159id\u00e1, proto\u017ee j\u00ed zl\u00e1kala mo\u017enost hr\u00e1t v Anglii a nav\u00edc v barv\u00e1ch Evertonu. Krom\u011b klubov\u00e9ho fotbalu je Kitagawa i stabiln\u00ed sou\u010d\u00e1st\u00ed japonsk\u00e9 reprezentace, se kterou zv\u00edt\u011bzila v SheBelieves Cup a zahr\u00e1la si i na olympi\u00e1d\u011b v Pa\u0159\u00ed\u017ei v roce 2024.<\/p>\n<p>Hikaru p\u016fvodn\u011b nastupovala na pozici prav\u00e9ho beka, ale z\u00e1hy se p\u0159e\u0161kolila na beka lev\u00e9ho, kter\u00fd\u017eto post bude velmi pravd\u011bpodobn\u011b zast\u00e1vat i u n\u00e1s. Brian Soerensen j\u00ed hodnot\u00ed velmi pozitivn\u011b, nev\u00e1hal ji ozna\u010dit za &#8222;jednu z deseti nejlep\u0161\u00edch lev\u00fdch obr\u00e1nky\u0148 na sv\u011bt\u011b&#8220;. V rozhodov\u00e1n\u00ed o p\u0159estupu tak\u00e9 tentokr\u00e1t pomohly dobr\u00e9 reference, kter\u00e9 sv\u00e9 kolegyni z reprezentace o na\u0161em klubu poskytla Hayashi. V\u011b\u0159\u00edme, \u017ee ani jedna strana nebude s p\u0159estupu zklaman\u00e1 a t\u011b\u0161\u00edme se, a\u017e na\u0161\u00ed novou posilu uvid\u00edme v kr\u00e1lovsk\u00e9 modr\u00e9 na anglick\u00fdch pa\u017eitech. <strong><span style=\"color: #0000ff;\">COYBG!\u00a0<\/span><\/strong><\/p>\n<p style=\"text-align: right;\"><span style=\"font-size: 8pt;\"><em>Zdroj fotografie: Getty Images<\/em><\/span><\/p>\n","protected":false},"excerpt":{"rendered":"<p>Na\u0161\u00ed \u010dtvrtou leto\u0161n\u00ed posilou se stala obr\u00e1nkyn\u011b Hikaru Kitagawa.<\/p>\n","protected":false},"author":26,"featured_media":27050,"comment_status":"open","ping_status":"closed","sticky":false,"template":"","format":"standard","meta":{"_eb_attr":"","_monsterinsights_skip_tracking":false,"_monsterinsights_sitenote_active":false,"_monsterinsights_sitenote_note":"","_monsterinsights_sitenote_category":0,"footnotes":""},"categories":[110],"tags":[],"yoast_head":"<!-- This site is optimized with the Yoast SEO plugin v23.4 - https:\/\/yoast.com\/wordpress\/plugins\/seo\/ -->\n<title>P\u0159ich\u00e1z\u00ed Hikaru Kitagawa - Official Czech &amp; Slovak Everton Supporters&#039; Club<\/title>\n<meta name=\"description\" content=\"Na\u0161\u00ed \u010dtvrtou leto\u0161n\u00ed posilou se stala obr\u00e1nkyn\u011b Hikaru Kitagawa.\" \/>\n<meta name=\"robots\" content=\"index, follow, max-snippet:-1, max-image-preview:large, max-video-preview:-1\" \/>\n<link rel=\"canonical\" href=\"https:\/\/evertonfc.cz\/index.php\/2025\/07\/15\/prichazi-hikaru-kitagawa\/\" \/>\n<meta property=\"og:locale\" content=\"cs_CZ\" \/>\n<meta property=\"og:type\" content=\"article\" \/>\n<meta property=\"og:title\" content=\"P\u0159ich\u00e1z\u00ed Hikaru Kitagawa - Official Czech &amp; Slovak Everton Supporters&#039; Club\" \/>\n<meta property=\"og:description\" content=\"Na\u0161\u00ed \u010dtvrtou leto\u0161n\u00ed posilou se stala obr\u00e1nkyn\u011b Hikaru Kitagawa.\" \/>\n<meta property=\"og:url\" content=\"https:\/\/evertonfc.cz\/index.php\/2025\/07\/15\/prichazi-hikaru-kitagawa\/\" \/>\n<meta property=\"og:site_name\" content=\"Official Czech &amp; Slovak Everton Supporters&#039; Club\" \/>\n<meta property=\"article:publisher\" content=\"https:\/\/www.facebook.com\/everton.fans.cz.sk\" \/>\n<meta property=\"article:published_time\" content=\"2025-07-15T16:28:58+00:00\" \/>\n<meta property=\"article:modified_time\" content=\"2025-07-16T10:02:14+00:00\" \/>\n<meta property=\"og:image\" content=\"https:\/\/evertonfc.cz\/wp-content\/uploads\/2025\/07\/Kitagawa-15_07_2025-web.jpg\" \/>\n\t<meta property=\"og:image:width\" content=\"720\" \/>\n\t<meta property=\"og:image:height\" content=\"405\" \/>\n\t<meta property=\"og:image:type\" content=\"image\/jpeg\" \/>\n<meta name=\"author\" content=\"Karamela\" \/>\n<meta name=\"twitter:card\" content=\"summary_large_image\" \/>\n<meta name=\"twitter:label1\" content=\"Napsal(a)\" \/>\n\t<meta name=\"twitter:data1\" content=\"Karamela\" \/>\n\t<meta name=\"twitter:label2\" content=\"Odhadovan\u00e1 doba \u010dten\u00ed\" \/>\n\t<meta name=\"twitter:data2\" content=\"2 minuty\" \/>\n<script type=\"application\/ld+json\" class=\"yoast-schema-graph\">{\"@context\":\"https:\/\/schema.org\",\"@graph\":[{\"@type\":\"Article\",\"@id\":\"https:\/\/evertonfc.cz\/index.php\/2025\/07\/15\/prichazi-hikaru-kitagawa\/#article\",\"isPartOf\":{\"@id\":\"https:\/\/evertonfc.cz\/index.php\/2025\/07\/15\/prichazi-hikaru-kitagawa\/\"},\"author\":{\"name\":\"Karamela\",\"@id\":\"https:\/\/evertonfc.cz\/#\/schema\/person\/e9a24a80a32efa1344dd2c4e5882185c\"},\"headline\":\"P\u0159ich\u00e1z\u00ed Hikaru Kitagawa\",\"datePublished\":\"2025-07-15T16:28:58+00:00\",\"dateModified\":\"2025-07-16T10:02:14+00:00\",\"mainEntityOfPage\":{\"@id\":\"https:\/\/evertonfc.cz\/index.php\/2025\/07\/15\/prichazi-hikaru-kitagawa\/\"},\"wordCount\":321,\"commentCount\":3,\"publisher\":{\"@id\":\"https:\/\/evertonfc.cz\/#organization\"},\"image\":{\"@id\":\"https:\/\/evertonfc.cz\/index.php\/2025\/07\/15\/prichazi-hikaru-kitagawa\/#primaryimage\"},\"thumbnailUrl\":\"https:\/\/evertonfc.cz\/wp-content\/uploads\/2025\/07\/Kitagawa-15_07_2025-web.jpg\",\"articleSection\":[\"Everton Women\"],\"inLanguage\":\"cs\",\"potentialAction\":[{\"@type\":\"CommentAction\",\"name\":\"Comment\",\"target\":[\"https:\/\/evertonfc.cz\/index.php\/2025\/07\/15\/prichazi-hikaru-kitagawa\/#respond\"]}]},{\"@type\":\"WebPage\",\"@id\":\"https:\/\/evertonfc.cz\/index.php\/2025\/07\/15\/prichazi-hikaru-kitagawa\/\",\"url\":\"https:\/\/evertonfc.cz\/index.php\/2025\/07\/15\/prichazi-hikaru-kitagawa\/\",\"name\":\"P\u0159ich\u00e1z\u00ed Hikaru Kitagawa - Official Czech &amp; Slovak Everton Supporters&#039; Club\",\"isPartOf\":{\"@id\":\"https:\/\/evertonfc.cz\/#website\"},\"primaryImageOfPage\":{\"@id\":\"https:\/\/evertonfc.cz\/index.php\/2025\/07\/15\/prichazi-hikaru-kitagawa\/#primaryimage\"},\"image\":{\"@id\":\"https:\/\/evertonfc.cz\/index.php\/2025\/07\/15\/prichazi-hikaru-kitagawa\/#primaryimage\"},\"thumbnailUrl\":\"https:\/\/evertonfc.cz\/wp-content\/uploads\/2025\/07\/Kitagawa-15_07_2025-web.jpg\",\"datePublished\":\"2025-07-15T16:28:58+00:00\",\"dateModified\":\"2025-07-16T10:02:14+00:00\",\"description\":\"Na\u0161\u00ed \u010dtvrtou leto\u0161n\u00ed posilou se stala obr\u00e1nkyn\u011b Hikaru Kitagawa.\",\"breadcrumb\":{\"@id\":\"https:\/\/evertonfc.cz\/index.php\/2025\/07\/15\/prichazi-hikaru-kitagawa\/#breadcrumb\"},\"inLanguage\":\"cs\",\"potentialAction\":[{\"@type\":\"ReadAction\",\"target\":[\"https:\/\/evertonfc.cz\/index.php\/2025\/07\/15\/prichazi-hikaru-kitagawa\/\"]}]},{\"@type\":\"ImageObject\",\"inLanguage\":\"cs\",\"@id\":\"https:\/\/evertonfc.cz\/index.php\/2025\/07\/15\/prichazi-hikaru-kitagawa\/#primaryimage\",\"url\":\"https:\/\/evertonfc.cz\/wp-content\/uploads\/2025\/07\/Kitagawa-15_07_2025-web.jpg\",\"contentUrl\":\"https:\/\/evertonfc.cz\/wp-content\/uploads\/2025\/07\/Kitagawa-15_07_2025-web.jpg\",\"width\":720,\"height\":405},{\"@type\":\"BreadcrumbList\",\"@id\":\"https:\/\/evertonfc.cz\/index.php\/2025\/07\/15\/prichazi-hikaru-kitagawa\/#breadcrumb\",\"itemListElement\":[{\"@type\":\"ListItem\",\"position\":1,\"name\":\"Home\",\"item\":\"https:\/\/evertonfc.cz\/\"},{\"@type\":\"ListItem\",\"position\":2,\"name\":\"P\u0159ich\u00e1z\u00ed Hikaru Kitagawa\"}]},{\"@type\":\"WebSite\",\"@id\":\"https:\/\/evertonfc.cz\/#website\",\"url\":\"https:\/\/evertonfc.cz\/\",\"name\":\"Official Czech &amp; Slovak Everton Supporters&#039; Club\",\"description\":\"\",\"publisher\":{\"@id\":\"https:\/\/evertonfc.cz\/#organization\"},\"potentialAction\":[{\"@type\":\"SearchAction\",\"target\":{\"@type\":\"EntryPoint\",\"urlTemplate\":\"https:\/\/evertonfc.cz\/?s={search_term_string}\"},\"query-input\":{\"@type\":\"PropertyValueSpecification\",\"valueRequired\":true,\"valueName\":\"search_term_string\"}}],\"inLanguage\":\"cs\"},{\"@type\":\"Organization\",\"@id\":\"https:\/\/evertonfc.cz\/#organization\",\"name\":\"Official Czech & Slovak Everton Supporters' Club\",\"url\":\"https:\/\/evertonfc.cz\/\",\"logo\":{\"@type\":\"ImageObject\",\"inLanguage\":\"cs\",\"@id\":\"https:\/\/evertonfc.cz\/#\/schema\/logo\/image\/\",\"url\":\"https:\/\/evertonfc.cz\/wp-content\/uploads\/2019\/05\/logo.png\",\"contentUrl\":\"https:\/\/evertonfc.cz\/wp-content\/uploads\/2019\/05\/logo.png\",\"width\":112,\"height\":112,\"caption\":\"Official Czech & Slovak Everton Supporters' Club\"},\"image\":{\"@id\":\"https:\/\/evertonfc.cz\/#\/schema\/logo\/image\/\"},\"sameAs\":[\"https:\/\/www.facebook.com\/everton.fans.cz.sk\"]},{\"@type\":\"Person\",\"@id\":\"https:\/\/evertonfc.cz\/#\/schema\/person\/e9a24a80a32efa1344dd2c4e5882185c\",\"name\":\"Karamela\",\"url\":\"https:\/\/evertonfc.cz\/index.php\/author\/karamela\/\"}]}<\/script>\n<!-- \/ Yoast SEO plugin. -->","yoast_head_json":{"title":"P\u0159ich\u00e1z\u00ed Hikaru Kitagawa - Official Czech &amp; Slovak Everton Supporters&#039; Club","description":"Na\u0161\u00ed \u010dtvrtou leto\u0161n\u00ed posilou se stala obr\u00e1nkyn\u011b Hikaru Kitagawa.","robots":{"index":"index","follow":"follow","max-snippet":"max-snippet:-1","max-image-preview":"max-image-preview:large","max-video-preview":"max-video-preview:-1"},"canonical":"https:\/\/evertonfc.cz\/index.php\/2025\/07\/15\/prichazi-hikaru-kitagawa\/","og_locale":"cs_CZ","og_type":"article","og_title":"P\u0159ich\u00e1z\u00ed Hikaru Kitagawa - Official Czech &amp; Slovak Everton Supporters&#039; Club","og_description":"Na\u0161\u00ed \u010dtvrtou leto\u0161n\u00ed posilou se stala obr\u00e1nkyn\u011b Hikaru Kitagawa.","og_url":"https:\/\/evertonfc.cz\/index.php\/2025\/07\/15\/prichazi-hikaru-kitagawa\/","og_site_name":"Official Czech &amp; Slovak Everton Supporters&#039; Club","article_publisher":"https:\/\/www.facebook.com\/everton.fans.cz.sk","article_published_time":"2025-07-15T16:28:58+00:00","article_modified_time":"2025-07-16T10:02:14+00:00","og_image":[{"width":720,"height":405,"url":"https:\/\/evertonfc.cz\/wp-content\/uploads\/2025\/07\/Kitagawa-15_07_2025-web.jpg","type":"image\/jpeg"}],"author":"Karamela","twitter_card":"summary_large_image","twitter_misc":{"Napsal(a)":"Karamela","Odhadovan\u00e1 doba \u010dten\u00ed":"2 minuty"},"schema":{"@context":"https:\/\/schema.org","@graph":[{"@type":"Article","@id":"https:\/\/evertonfc.cz\/index.php\/2025\/07\/15\/prichazi-hikaru-kitagawa\/#article","isPartOf":{"@id":"https:\/\/evertonfc.cz\/index.php\/2025\/07\/15\/prichazi-hikaru-kitagawa\/"},"author":{"name":"Karamela","@id":"https:\/\/evertonfc.cz\/#\/schema\/person\/e9a24a80a32efa1344dd2c4e5882185c"},"headline":"P\u0159ich\u00e1z\u00ed Hikaru Kitagawa","datePublished":"2025-07-15T16:28:58+00:00","dateModified":"2025-07-16T10:02:14+00:00","mainEntityOfPage":{"@id":"https:\/\/evertonfc.cz\/index.php\/2025\/07\/15\/prichazi-hikaru-kitagawa\/"},"wordCount":321,"commentCount":3,"publisher":{"@id":"https:\/\/evertonfc.cz\/#organization"},"image":{"@id":"https:\/\/evertonfc.cz\/index.php\/2025\/07\/15\/prichazi-hikaru-kitagawa\/#primaryimage"},"thumbnailUrl":"https:\/\/evertonfc.cz\/wp-content\/uploads\/2025\/07\/Kitagawa-15_07_2025-web.jpg","articleSection":["Everton Women"],"inLanguage":"cs","potentialAction":[{"@type":"CommentAction","name":"Comment","target":["https:\/\/evertonfc.cz\/index.php\/2025\/07\/15\/prichazi-hikaru-kitagawa\/#respond"]}]},{"@type":"WebPage","@id":"https:\/\/evertonfc.cz\/index.php\/2025\/07\/15\/prichazi-hikaru-kitagawa\/","url":"https:\/\/evertonfc.cz\/index.php\/2025\/07\/15\/prichazi-hikaru-kitagawa\/","name":"P\u0159ich\u00e1z\u00ed Hikaru Kitagawa - Official Czech &amp; Slovak Everton Supporters&#039; Club","isPartOf":{"@id":"https:\/\/evertonfc.cz\/#website"},"primaryImageOfPage":{"@id":"https:\/\/evertonfc.cz\/index.php\/2025\/07\/15\/prichazi-hikaru-kitagawa\/#primaryimage"},"image":{"@id":"https:\/\/evertonfc.cz\/index.php\/2025\/07\/15\/prichazi-hikaru-kitagawa\/#primaryimage"},"thumbnailUrl":"https:\/\/evertonfc.cz\/wp-content\/uploads\/2025\/07\/Kitagawa-15_07_2025-web.jpg","datePublished":"2025-07-15T16:28:58+00:00","dateModified":"2025-07-16T10:02:14+00:00","description":"Na\u0161\u00ed \u010dtvrtou leto\u0161n\u00ed posilou se stala obr\u00e1nkyn\u011b Hikaru Kitagawa.","breadcrumb":{"@id":"https:\/\/evertonfc.cz\/index.php\/2025\/07\/15\/prichazi-hikaru-kitagawa\/#breadcrumb"},"inLanguage":"cs","potentialAction":[{"@type":"ReadAction","target":["https:\/\/evertonfc.cz\/index.php\/2025\/07\/15\/prichazi-hikaru-kitagawa\/"]}]},{"@type":"ImageObject","inLanguage":"cs","@id":"https:\/\/evertonfc.cz\/index.php\/2025\/07\/15\/prichazi-hikaru-kitagawa\/#primaryimage","url":"https:\/\/evertonfc.cz\/wp-content\/uploads\/2025\/07\/Kitagawa-15_07_2025-web.jpg","contentUrl":"https:\/\/evertonfc.cz\/wp-content\/uploads\/2025\/07\/Kitagawa-15_07_2025-web.jpg","width":720,"height":405},{"@type":"BreadcrumbList","@id":"https:\/\/evertonfc.cz\/index.php\/2025\/07\/15\/prichazi-hikaru-kitagawa\/#breadcrumb","itemListElement":[{"@type":"ListItem","position":1,"name":"Home","item":"https:\/\/evertonfc.cz\/"},{"@type":"ListItem","position":2,"name":"P\u0159ich\u00e1z\u00ed Hikaru Kitagawa"}]},{"@type":"WebSite","@id":"https:\/\/evertonfc.cz\/#website","url":"https:\/\/evertonfc.cz\/","name":"Official Czech &amp; Slovak Everton Supporters&#039; Club","description":"","publisher":{"@id":"https:\/\/evertonfc.cz\/#organization"},"potentialAction":[{"@type":"SearchAction","target":{"@type":"EntryPoint","urlTemplate":"https:\/\/evertonfc.cz\/?s={search_term_string}"},"query-input":{"@type":"PropertyValueSpecification","valueRequired":true,"valueName":"search_term_string"}}],"inLanguage":"cs"},{"@type":"Organization","@id":"https:\/\/evertonfc.cz\/#organization","name":"Official Czech & Slovak Everton Supporters' Club","url":"https:\/\/evertonfc.cz\/","logo":{"@type":"ImageObject","inLanguage":"cs","@id":"https:\/\/evertonfc.cz\/#\/schema\/logo\/image\/","url":"https:\/\/evertonfc.cz\/wp-content\/uploads\/2019\/05\/logo.png","contentUrl":"https:\/\/evertonfc.cz\/wp-content\/uploads\/2019\/05\/logo.png","width":112,"height":112,"caption":"Official Czech & Slovak Everton Supporters' Club"},"image":{"@id":"https:\/\/evertonfc.cz\/#\/schema\/logo\/image\/"},"sameAs":["https:\/\/www.facebook.com\/everton.fans.cz.sk"]},{"@type":"Person","@id":"https:\/\/evertonfc.cz\/#\/schema\/person\/e9a24a80a32efa1344dd2c4e5882185c","name":"Karamela","url":"https:\/\/evertonfc.cz\/index.php\/author\/karamela\/"}]}},"_links":{"self":[{"href":"https:\/\/evertonfc.cz\/index.php\/wp-json\/wp\/v2\/posts\/27045"}],"collection":[{"href":"https:\/\/evertonfc.cz\/index.php\/wp-json\/wp\/v2\/posts"}],"about":[{"href":"https:\/\/evertonfc.cz\/index.php\/wp-json\/wp\/v2\/types\/post"}],"author":[{"embeddable":true,"href":"https:\/\/evertonfc.cz\/index.php\/wp-json\/wp\/v2\/users\/26"}],"replies":[{"embeddable":true,"href":"https:\/\/evertonfc.cz\/index.php\/wp-json\/wp\/v2\/comments?post=27045"}],"version-history":[{"count":6,"href":"https:\/\/evertonfc.cz\/index.php\/wp-json\/wp\/v2\/posts\/27045\/revisions"}],"predecessor-version":[{"id":27055,"href":"https:\/\/evertonfc.cz\/index.php\/wp-json\/wp\/v2\/posts\/27045\/revisions\/27055"}],"wp:featuredmedia":[{"embeddable":true,"href":"https:\/\/evertonfc.cz\/index.php\/wp-json\/wp\/v2\/media\/27050"}],"wp:attachment":[{"href":"https:\/\/evertonfc.cz\/index.php\/wp-json\/wp\/v2\/media?parent=27045"}],"wp:term":[{"taxonomy":"category","embeddable":true,"href":"https:\/\/evertonfc.cz\/index.php\/wp-json\/wp\/v2\/categories?post=27045"},{"taxonomy":"post_tag","embeddable":true,"href":"https:\/\/evertonfc.cz\/index.php\/wp-json\/wp\/v2\/tags?post=27045"}],"curies":[{"name":"wp","href":"https:\/\/api.w.org\/{rel}","templated":true}]}}