{"id":27147,"date":"2025-07-28T12:52:42","date_gmt":"2025-07-28T10:52:42","guid":{"rendered":"https:\/\/evertonfc.cz\/?p=27147"},"modified":"2025-07-28T12:54:46","modified_gmt":"2025-07-28T10:54:46","slug":"priprava-everton-bournemouth-03","status":"publish","type":"post","link":"https:\/\/evertonfc.cz\/index.php\/2025\/07\/28\/priprava-everton-bournemouth-03\/","title":{"rendered":"Pr\u00edprava: Everton \u2013 Bournemouth 0:3"},"content":{"rendered":"<h4>Letn\u00e9 tr\u00e1penie na tr\u00e1vniku aj mimo neho pokra\u010duje. V otv\u00e1racom z\u00e1pase americkej letnej s\u00e9rie Premier League prehral po tr\u00e1pnych chyb\u00e1ch v obrane. Karamelky mali v prvom pol\u010dase navrch, no po zmene str\u00e1n inkasovali trikr\u00e1t.<\/h4>\n<p>Na ihrisku sa pritom objavila zn\u00e1ma z\u00e1kladn\u00e1 zostava bez v\u00fdraznej\u0161\u00edch nov\u00fdch tv\u00e1r\u00ed. David Moyes zaradil do z\u00e1kladu mlad\u00edka Tima Iroegbunama, inak stavil na osved\u010den\u00e9 men\u00e1. Na hrote \u00fatoku nast\u00fapil Beto, zatia\u013e \u010do Thierno Barry \u010dakal na \u0161ancu z lavi\u010dky. Everton mal pod\u013ea pravidiel Premier League na s\u00fapiske len 9 n\u00e1hradn\u00edkov, zatia\u013e \u010do Iraola vyu\u017eil v\u0161etk\u00fdch 14 hr\u00e1\u010dov z\u00a0jeho v\u00fdpravy.<\/p>\n<p>Z\u00e1pas otvorili Cherries \u00fatokmi po \u013eavej strane, ktor\u00ed \u010dasto vyrie\u0161il McNeil vzorn\u00fdm br\u00e1nen\u00edm. Alcaraz ho potom nesk\u00f4r v\u00fdborne na\u0161iel dlh\u00fdm pasom, no jeho n\u00e1sledn\u00fd center bol nepresn\u00fd a zakon\u010den\u00fd faulom na Gueyeho. Beto si na \u010fal\u0161\u00ed McNeilov center nabehol neskoro, a o nie\u010do nesk\u00f4r p\u00e1lil Ndiaye ved\u013ea.<\/p>\n<p>Everton ukazoval slu\u0161n\u00fa kombin\u00e1ciu, no nedok\u00e1zal ju zakon\u010di\u0165. Beto si dobre pokryl loptu a prihral Alcarazovi, ktor\u00e9ho pokus bol te\u010dovan\u00fd na roh. McNeil ho s\u00edce rozohral, ale Petrovic loptu stiahol do n\u00e1ru\u010dia. Na druhej strane sa osmelil Traor\u00e9, Alcaraz odpovedal \u010fal\u0161\u00edm pokusom, no op\u00e4\u0165 ne\u00faspe\u0161ne.<\/p>\n<p>Ndiaye \u010dasto pekne prenikal, no nie v\u017edy mu Beto stihol nabehn\u00fa\u0165. Alcaraz e\u0161te v z\u00e1vere pol\u010dasu v\u00fdborne vysunul Beta, ale Petrovic skvele zasiahol. Prv\u00fd pol\u010das ukon\u010dil rohov\u00fd kop McNeila, ktor\u00fd preletel v\u0161etk\u00fdm.<\/p>\n<h4><strong>Energia a\u00a0koncentr\u00e1cia ostali v \u0161atni<\/strong><\/h4>\n<p>Po prest\u00e1vke pokra\u010doval Everton v nezmenenej zostave. Garner vybojoval roh, ale tri pokusy v r\u00fdchlom slede (Garner, Beto, Alcaraz) mierili mimo. Ndiaye spadol v \u0161estn\u00e1stke, no penalta sa nep\u00edskala. Po hodine hry otvoril sk\u00f3re striedaj\u00faci Billing po vydarenom sign\u00e1le, ktor\u00fdm prestrelil Pickforda \u2013 <strong>0:1<\/strong>.<\/p>\n<p>Alcaraz n\u00e1sledne stratil loptu, Ouattara vyu\u017eil chybu v\u00a0Pattersonovom br\u00e1nen\u00ed vo v\u00e1pne a strelou od \u017erde zv\u00fd\u0161il na <strong>0:2<\/strong>. Po mas\u00edvnom striedan\u00ed Bournemouthu pri\u0161la \u010fal\u0161ia rana. O&#8217;Brien poslal mizern\u00fa mal\u00fa domov, ktor\u00fa Adu-Adjei potrestal tret\u00edm g\u00f3lom \u2013 <strong>0:3<\/strong>. Moyes reagoval trojit\u00fdm striedan\u00edm, no hra Evertonu sa nerozbehla.<\/p>\n<p>Barry s\u00edce pre\u0161iel cez Mephama, ktor\u00fd za faul videl \u017elt\u00fa, ale g\u00f3l nepridal. Bournemouth mal viac s\u00edl a lep\u0161ie \u010d\u00edtal hru. Rees-Ditton e\u0161te preveril Pickforda, no ten jeho tvrd\u00fd pokus kryl. Z\u00e1ver sledoval len unaven\u00fd Evertonu, ktor\u00fd doplatil na defenz\u00edvne chyby a slab\u00fa lavi\u010dku. The Cheries vyu\u017eili \u0161irok\u00fa rot\u00e1ciu a odniesli si zasl\u00fa\u017een\u00fa v\u00fdhru.<\/p>\n<p>Ot\u00e1zne je, ako sa na to pozera\u0165. Je to st\u00e1le pr\u00edprava, ale&#8230; repta\u0165 na zranenia a\u00a0u\u017e aj tak nekompletn\u00fa zostavu nekompletn\u00e9ho a\u00a0slab\u00e9ho k\u00e1dra, alebo panik\u00e1ri\u0165 nad prestupovou neaktivitou zrejme naj\u0165a\u017e\u0161ieho okna za posledn\u00e9 roky? Moyes po z\u00e1pase povedal, \u017ee zh\u00e1\u0148a e\u0161te minim\u00e1lne 5 a\u017e 6 hr\u00e1\u010dov. Ale situ\u00e1cia je tak\u00e1, \u017ee top kvalita jednoducho nechce pr\u00eds\u0165 ani na nov\u00fd \u0161tadi\u00f3n. Zameranie preto asi p\u00f4jde sk\u00f4r smerom mlad\u0161ej perspekt\u00edvy. No my potrebujeme aspo\u0148 z\u00e1kladn\u00e9 po\u010dty ako tak priemern\u00fdch futbalistov.<\/p>\n<p style=\"text-align: right;\"><span style=\"font-size: 8pt;\">(fotozdroj: Everton FC)<\/span><\/p>\n<p><strong>Everton:\u00a0<\/strong>Pickford\u00a0\u2013 Patterson, O\u2019Brien, Mykolenko\u00a0\u2013 Alcaraz, Gueye (85&#8242; Onyango), Garner, Iroegbunam (75&#8242; Chermiti), McNeil\u00a0\u2013 Ndiaye (75&#8242; Armstrong), Beto (75&#8242; Barry)<\/p>\n<p><em>Lavi\u010dka:\u00a0<\/em>Travers (GK), Tyrer, Thomas, Heath, Clarke<\/p>\n<p><strong>Bournemouth:\u00a0<\/strong>Petrovic (46&#8242; Neto)\u00a0\u2013 Smith (82&#8242; Soler), Senesi (66&#8242; Zabarnyi), Hill (82&#8242; Araoujo), Truffert (82&#8242; Mepham)\u00a0\u2013 Brooks (82&#8242; Rees-Dottin), Tavernier (82&#8242; Faivre), Traore (66&#8242; Scott); Winterburn (46&#8242; Billing),\u00a0Ouattara Dango (66&#8242; Semenyo) \u2013 Evanilson (66&#8242; Adu-Adjei)<\/p>\n<p><em>Lavi\u010dka:\u00a0<\/em>Dennis, Paulsen,\u00a0Philip, William<\/p>\n<p><strong>Div\u00e1ci:<\/strong>\u00a010,000 \/ 82,566 kapacita (MetLife Stadium)<\/p>\n<p><iframe loading=\"lazy\" title=\"EVERTON 0-3 BOURNEMOUTH | Premier League Summer Series in New Jersey\" width=\"1140\" height=\"641\" src=\"https:\/\/www.youtube.com\/embed\/jSDzM1qHaZE?feature=oembed\" frameborder=\"0\" allow=\"accelerometer; autoplay; clipboard-write; encrypted-media; gyroscope; picture-in-picture; web-share\" referrerpolicy=\"strict-origin-when-cross-origin\" allowfullscreen><\/iframe><\/p>\n","protected":false},"excerpt":{"rendered":"<p>Letn\u00e9 tr\u00e1penie na tr\u00e1vniku aj mimo neho pokra\u010duje. V otv\u00e1racom z\u00e1pase americkej letnej s\u00e9rie Premier League prehral po tr\u00e1pnych chyb\u00e1ch v\u00a0obrane. Karamelky mali v prvom pol\u010dase navrch, no po zmene str\u00e1n inkasovali trikr\u00e1t.<\/p>\n","protected":false},"author":1,"featured_media":27148,"comment_status":"open","ping_status":"closed","sticky":false,"template":"","format":"standard","meta":{"_eb_attr":"","_monsterinsights_skip_tracking":false,"_monsterinsights_sitenote_active":false,"_monsterinsights_sitenote_note":"","_monsterinsights_sitenote_category":0,"footnotes":""},"categories":[4],"tags":[],"yoast_head":"<!-- This site is optimized with the Yoast SEO plugin v23.4 - https:\/\/yoast.com\/wordpress\/plugins\/seo\/ -->\n<title>Pr\u00edprava: Everton \u2013 Bournemouth 0:3 - Official Czech &amp; Slovak Everton Supporters&#039; Club<\/title>\n<meta name=\"robots\" content=\"index, follow, max-snippet:-1, max-image-preview:large, max-video-preview:-1\" \/>\n<link rel=\"canonical\" href=\"https:\/\/evertonfc.cz\/index.php\/2025\/07\/28\/priprava-everton-bournemouth-03\/\" \/>\n<meta property=\"og:locale\" content=\"cs_CZ\" \/>\n<meta property=\"og:type\" content=\"article\" \/>\n<meta property=\"og:title\" content=\"Pr\u00edprava: Everton \u2013 Bournemouth 0:3 - Official Czech &amp; Slovak Everton Supporters&#039; Club\" \/>\n<meta property=\"og:description\" content=\"Letn\u00e9 tr\u00e1penie na tr\u00e1vniku aj mimo neho pokra\u010duje. V otv\u00e1racom z\u00e1pase americkej letnej s\u00e9rie Premier League prehral po tr\u00e1pnych chyb\u00e1ch v\u00a0obrane. Karamelky mali v prvom pol\u010dase navrch, no po zmene str\u00e1n inkasovali trikr\u00e1t.\" \/>\n<meta property=\"og:url\" content=\"https:\/\/evertonfc.cz\/index.php\/2025\/07\/28\/priprava-everton-bournemouth-03\/\" \/>\n<meta property=\"og:site_name\" content=\"Official Czech &amp; Slovak Everton Supporters&#039; Club\" \/>\n<meta property=\"article:publisher\" content=\"https:\/\/www.facebook.com\/everton.fans.cz.sk\" \/>\n<meta property=\"article:published_time\" content=\"2025-07-28T10:52:42+00:00\" \/>\n<meta property=\"article:modified_time\" content=\"2025-07-28T10:54:46+00:00\" \/>\n<meta property=\"og:image\" content=\"https:\/\/evertonfc.cz\/wp-content\/uploads\/2025\/07\/Everton-0-3-Bournemouth-PL-Summer-Series-by-Everton-FC-26-7-2025.jpg\" \/>\n\t<meta property=\"og:image:width\" content=\"720\" \/>\n\t<meta property=\"og:image:height\" content=\"405\" \/>\n\t<meta property=\"og:image:type\" content=\"image\/jpeg\" \/>\n<meta name=\"author\" content=\"BlueBlooded\" \/>\n<meta name=\"twitter:card\" content=\"summary_large_image\" \/>\n<meta name=\"twitter:label1\" content=\"Napsal(a)\" \/>\n\t<meta name=\"twitter:data1\" content=\"BlueBlooded\" \/>\n\t<meta name=\"twitter:label2\" content=\"Odhadovan\u00e1 doba \u010dten\u00ed\" \/>\n\t<meta name=\"twitter:data2\" content=\"4 minuty\" \/>\n<script type=\"application\/ld+json\" class=\"yoast-schema-graph\">{\"@context\":\"https:\/\/schema.org\",\"@graph\":[{\"@type\":\"Article\",\"@id\":\"https:\/\/evertonfc.cz\/index.php\/2025\/07\/28\/priprava-everton-bournemouth-03\/#article\",\"isPartOf\":{\"@id\":\"https:\/\/evertonfc.cz\/index.php\/2025\/07\/28\/priprava-everton-bournemouth-03\/\"},\"author\":{\"name\":\"BlueBlooded\",\"@id\":\"https:\/\/evertonfc.cz\/#\/schema\/person\/d4493b8cbea51532597fbc4685698916\"},\"headline\":\"Pr\u00edprava: Everton \u2013 Bournemouth 0:3\",\"datePublished\":\"2025-07-28T10:52:42+00:00\",\"dateModified\":\"2025-07-28T10:54:46+00:00\",\"mainEntityOfPage\":{\"@id\":\"https:\/\/evertonfc.cz\/index.php\/2025\/07\/28\/priprava-everton-bournemouth-03\/\"},\"wordCount\":656,\"commentCount\":1,\"publisher\":{\"@id\":\"https:\/\/evertonfc.cz\/#organization\"},\"image\":{\"@id\":\"https:\/\/evertonfc.cz\/index.php\/2025\/07\/28\/priprava-everton-bournemouth-03\/#primaryimage\"},\"thumbnailUrl\":\"https:\/\/evertonfc.cz\/wp-content\/uploads\/2025\/07\/Everton-0-3-Bournemouth-PL-Summer-Series-by-Everton-FC-26-7-2025.jpg\",\"articleSection\":[\"Z\u00e1pasy\"],\"inLanguage\":\"cs\",\"potentialAction\":[{\"@type\":\"CommentAction\",\"name\":\"Comment\",\"target\":[\"https:\/\/evertonfc.cz\/index.php\/2025\/07\/28\/priprava-everton-bournemouth-03\/#respond\"]}]},{\"@type\":\"WebPage\",\"@id\":\"https:\/\/evertonfc.cz\/index.php\/2025\/07\/28\/priprava-everton-bournemouth-03\/\",\"url\":\"https:\/\/evertonfc.cz\/index.php\/2025\/07\/28\/priprava-everton-bournemouth-03\/\",\"name\":\"Pr\u00edprava: Everton \u2013 Bournemouth 0:3 - Official Czech &amp; Slovak Everton Supporters&#039; Club\",\"isPartOf\":{\"@id\":\"https:\/\/evertonfc.cz\/#website\"},\"primaryImageOfPage\":{\"@id\":\"https:\/\/evertonfc.cz\/index.php\/2025\/07\/28\/priprava-everton-bournemouth-03\/#primaryimage\"},\"image\":{\"@id\":\"https:\/\/evertonfc.cz\/index.php\/2025\/07\/28\/priprava-everton-bournemouth-03\/#primaryimage\"},\"thumbnailUrl\":\"https:\/\/evertonfc.cz\/wp-content\/uploads\/2025\/07\/Everton-0-3-Bournemouth-PL-Summer-Series-by-Everton-FC-26-7-2025.jpg\",\"datePublished\":\"2025-07-28T10:52:42+00:00\",\"dateModified\":\"2025-07-28T10:54:46+00:00\",\"breadcrumb\":{\"@id\":\"https:\/\/evertonfc.cz\/index.php\/2025\/07\/28\/priprava-everton-bournemouth-03\/#breadcrumb\"},\"inLanguage\":\"cs\",\"potentialAction\":[{\"@type\":\"ReadAction\",\"target\":[\"https:\/\/evertonfc.cz\/index.php\/2025\/07\/28\/priprava-everton-bournemouth-03\/\"]}]},{\"@type\":\"ImageObject\",\"inLanguage\":\"cs\",\"@id\":\"https:\/\/evertonfc.cz\/index.php\/2025\/07\/28\/priprava-everton-bournemouth-03\/#primaryimage\",\"url\":\"https:\/\/evertonfc.cz\/wp-content\/uploads\/2025\/07\/Everton-0-3-Bournemouth-PL-Summer-Series-by-Everton-FC-26-7-2025.jpg\",\"contentUrl\":\"https:\/\/evertonfc.cz\/wp-content\/uploads\/2025\/07\/Everton-0-3-Bournemouth-PL-Summer-Series-by-Everton-FC-26-7-2025.jpg\",\"width\":720,\"height\":405},{\"@type\":\"BreadcrumbList\",\"@id\":\"https:\/\/evertonfc.cz\/index.php\/2025\/07\/28\/priprava-everton-bournemouth-03\/#breadcrumb\",\"itemListElement\":[{\"@type\":\"ListItem\",\"position\":1,\"name\":\"Home\",\"item\":\"https:\/\/evertonfc.cz\/\"},{\"@type\":\"ListItem\",\"position\":2,\"name\":\"Pr\u00edprava: Everton \u2013 Bournemouth 0:3\"}]},{\"@type\":\"WebSite\",\"@id\":\"https:\/\/evertonfc.cz\/#website\",\"url\":\"https:\/\/evertonfc.cz\/\",\"name\":\"Official Czech &amp; Slovak Everton Supporters&#039; Club\",\"description\":\"\",\"publisher\":{\"@id\":\"https:\/\/evertonfc.cz\/#organization\"},\"potentialAction\":[{\"@type\":\"SearchAction\",\"target\":{\"@type\":\"EntryPoint\",\"urlTemplate\":\"https:\/\/evertonfc.cz\/?s={search_term_string}\"},\"query-input\":{\"@type\":\"PropertyValueSpecification\",\"valueRequired\":true,\"valueName\":\"search_term_string\"}}],\"inLanguage\":\"cs\"},{\"@type\":\"Organization\",\"@id\":\"https:\/\/evertonfc.cz\/#organization\",\"name\":\"Official Czech & Slovak Everton Supporters' Club\",\"url\":\"https:\/\/evertonfc.cz\/\",\"logo\":{\"@type\":\"ImageObject\",\"inLanguage\":\"cs\",\"@id\":\"https:\/\/evertonfc.cz\/#\/schema\/logo\/image\/\",\"url\":\"https:\/\/evertonfc.cz\/wp-content\/uploads\/2019\/05\/logo.png\",\"contentUrl\":\"https:\/\/evertonfc.cz\/wp-content\/uploads\/2019\/05\/logo.png\",\"width\":112,\"height\":112,\"caption\":\"Official Czech & Slovak Everton Supporters' Club\"},\"image\":{\"@id\":\"https:\/\/evertonfc.cz\/#\/schema\/logo\/image\/\"},\"sameAs\":[\"https:\/\/www.facebook.com\/everton.fans.cz.sk\"]},{\"@type\":\"Person\",\"@id\":\"https:\/\/evertonfc.cz\/#\/schema\/person\/d4493b8cbea51532597fbc4685698916\",\"name\":\"BlueBlooded\",\"url\":\"https:\/\/evertonfc.cz\/index.php\/author\/admin\/\"}]}<\/script>\n<!-- \/ Yoast SEO plugin. -->","yoast_head_json":{"title":"Pr\u00edprava: Everton \u2013 Bournemouth 0:3 - Official Czech &amp; Slovak Everton Supporters&#039; Club","robots":{"index":"index","follow":"follow","max-snippet":"max-snippet:-1","max-image-preview":"max-image-preview:large","max-video-preview":"max-video-preview:-1"},"canonical":"https:\/\/evertonfc.cz\/index.php\/2025\/07\/28\/priprava-everton-bournemouth-03\/","og_locale":"cs_CZ","og_type":"article","og_title":"Pr\u00edprava: Everton \u2013 Bournemouth 0:3 - Official Czech &amp; Slovak Everton Supporters&#039; Club","og_description":"Letn\u00e9 tr\u00e1penie na tr\u00e1vniku aj mimo neho pokra\u010duje. V otv\u00e1racom z\u00e1pase americkej letnej s\u00e9rie Premier League prehral po tr\u00e1pnych chyb\u00e1ch v\u00a0obrane. Karamelky mali v prvom pol\u010dase navrch, no po zmene str\u00e1n inkasovali trikr\u00e1t.","og_url":"https:\/\/evertonfc.cz\/index.php\/2025\/07\/28\/priprava-everton-bournemouth-03\/","og_site_name":"Official Czech &amp; Slovak Everton Supporters&#039; Club","article_publisher":"https:\/\/www.facebook.com\/everton.fans.cz.sk","article_published_time":"2025-07-28T10:52:42+00:00","article_modified_time":"2025-07-28T10:54:46+00:00","og_image":[{"width":720,"height":405,"url":"https:\/\/evertonfc.cz\/wp-content\/uploads\/2025\/07\/Everton-0-3-Bournemouth-PL-Summer-Series-by-Everton-FC-26-7-2025.jpg","type":"image\/jpeg"}],"author":"BlueBlooded","twitter_card":"summary_large_image","twitter_misc":{"Napsal(a)":"BlueBlooded","Odhadovan\u00e1 doba \u010dten\u00ed":"4 minuty"},"schema":{"@context":"https:\/\/schema.org","@graph":[{"@type":"Article","@id":"https:\/\/evertonfc.cz\/index.php\/2025\/07\/28\/priprava-everton-bournemouth-03\/#article","isPartOf":{"@id":"https:\/\/evertonfc.cz\/index.php\/2025\/07\/28\/priprava-everton-bournemouth-03\/"},"author":{"name":"BlueBlooded","@id":"https:\/\/evertonfc.cz\/#\/schema\/person\/d4493b8cbea51532597fbc4685698916"},"headline":"Pr\u00edprava: Everton \u2013 Bournemouth 0:3","datePublished":"2025-07-28T10:52:42+00:00","dateModified":"2025-07-28T10:54:46+00:00","mainEntityOfPage":{"@id":"https:\/\/evertonfc.cz\/index.php\/2025\/07\/28\/priprava-everton-bournemouth-03\/"},"wordCount":656,"commentCount":1,"publisher":{"@id":"https:\/\/evertonfc.cz\/#organization"},"image":{"@id":"https:\/\/evertonfc.cz\/index.php\/2025\/07\/28\/priprava-everton-bournemouth-03\/#primaryimage"},"thumbnailUrl":"https:\/\/evertonfc.cz\/wp-content\/uploads\/2025\/07\/Everton-0-3-Bournemouth-PL-Summer-Series-by-Everton-FC-26-7-2025.jpg","articleSection":["Z\u00e1pasy"],"inLanguage":"cs","potentialAction":[{"@type":"CommentAction","name":"Comment","target":["https:\/\/evertonfc.cz\/index.php\/2025\/07\/28\/priprava-everton-bournemouth-03\/#respond"]}]},{"@type":"WebPage","@id":"https:\/\/evertonfc.cz\/index.php\/2025\/07\/28\/priprava-everton-bournemouth-03\/","url":"https:\/\/evertonfc.cz\/index.php\/2025\/07\/28\/priprava-everton-bournemouth-03\/","name":"Pr\u00edprava: Everton \u2013 Bournemouth 0:3 - Official Czech &amp; Slovak Everton Supporters&#039; Club","isPartOf":{"@id":"https:\/\/evertonfc.cz\/#website"},"primaryImageOfPage":{"@id":"https:\/\/evertonfc.cz\/index.php\/2025\/07\/28\/priprava-everton-bournemouth-03\/#primaryimage"},"image":{"@id":"https:\/\/evertonfc.cz\/index.php\/2025\/07\/28\/priprava-everton-bournemouth-03\/#primaryimage"},"thumbnailUrl":"https:\/\/evertonfc.cz\/wp-content\/uploads\/2025\/07\/Everton-0-3-Bournemouth-PL-Summer-Series-by-Everton-FC-26-7-2025.jpg","datePublished":"2025-07-28T10:52:42+00:00","dateModified":"2025-07-28T10:54:46+00:00","breadcrumb":{"@id":"https:\/\/evertonfc.cz\/index.php\/2025\/07\/28\/priprava-everton-bournemouth-03\/#breadcrumb"},"inLanguage":"cs","potentialAction":[{"@type":"ReadAction","target":["https:\/\/evertonfc.cz\/index.php\/2025\/07\/28\/priprava-everton-bournemouth-03\/"]}]},{"@type":"ImageObject","inLanguage":"cs","@id":"https:\/\/evertonfc.cz\/index.php\/2025\/07\/28\/priprava-everton-bournemouth-03\/#primaryimage","url":"https:\/\/evertonfc.cz\/wp-content\/uploads\/2025\/07\/Everton-0-3-Bournemouth-PL-Summer-Series-by-Everton-FC-26-7-2025.jpg","contentUrl":"https:\/\/evertonfc.cz\/wp-content\/uploads\/2025\/07\/Everton-0-3-Bournemouth-PL-Summer-Series-by-Everton-FC-26-7-2025.jpg","width":720,"height":405},{"@type":"BreadcrumbList","@id":"https:\/\/evertonfc.cz\/index.php\/2025\/07\/28\/priprava-everton-bournemouth-03\/#breadcrumb","itemListElement":[{"@type":"ListItem","position":1,"name":"Home","item":"https:\/\/evertonfc.cz\/"},{"@type":"ListItem","position":2,"name":"Pr\u00edprava: Everton \u2013 Bournemouth 0:3"}]},{"@type":"WebSite","@id":"https:\/\/evertonfc.cz\/#website","url":"https:\/\/evertonfc.cz\/","name":"Official Czech &amp; Slovak Everton Supporters&#039; Club","description":"","publisher":{"@id":"https:\/\/evertonfc.cz\/#organization"},"potentialAction":[{"@type":"SearchAction","target":{"@type":"EntryPoint","urlTemplate":"https:\/\/evertonfc.cz\/?s={search_term_string}"},"query-input":{"@type":"PropertyValueSpecification","valueRequired":true,"valueName":"search_term_string"}}],"inLanguage":"cs"},{"@type":"Organization","@id":"https:\/\/evertonfc.cz\/#organization","name":"Official Czech & Slovak Everton Supporters' Club","url":"https:\/\/evertonfc.cz\/","logo":{"@type":"ImageObject","inLanguage":"cs","@id":"https:\/\/evertonfc.cz\/#\/schema\/logo\/image\/","url":"https:\/\/evertonfc.cz\/wp-content\/uploads\/2019\/05\/logo.png","contentUrl":"https:\/\/evertonfc.cz\/wp-content\/uploads\/2019\/05\/logo.png","width":112,"height":112,"caption":"Official Czech & Slovak Everton Supporters' Club"},"image":{"@id":"https:\/\/evertonfc.cz\/#\/schema\/logo\/image\/"},"sameAs":["https:\/\/www.facebook.com\/everton.fans.cz.sk"]},{"@type":"Person","@id":"https:\/\/evertonfc.cz\/#\/schema\/person\/d4493b8cbea51532597fbc4685698916","name":"BlueBlooded","url":"https:\/\/evertonfc.cz\/index.php\/author\/admin\/"}]}},"_links":{"self":[{"href":"https:\/\/evertonfc.cz\/index.php\/wp-json\/wp\/v2\/posts\/27147"}],"collection":[{"href":"https:\/\/evertonfc.cz\/index.php\/wp-json\/wp\/v2\/posts"}],"about":[{"href":"https:\/\/evertonfc.cz\/index.php\/wp-json\/wp\/v2\/types\/post"}],"author":[{"embeddable":true,"href":"https:\/\/evertonfc.cz\/index.php\/wp-json\/wp\/v2\/users\/1"}],"replies":[{"embeddable":true,"href":"https:\/\/evertonfc.cz\/index.php\/wp-json\/wp\/v2\/comments?post=27147"}],"version-history":[{"count":3,"href":"https:\/\/evertonfc.cz\/index.php\/wp-json\/wp\/v2\/posts\/27147\/revisions"}],"predecessor-version":[{"id":27151,"href":"https:\/\/evertonfc.cz\/index.php\/wp-json\/wp\/v2\/posts\/27147\/revisions\/27151"}],"wp:featuredmedia":[{"embeddable":true,"href":"https:\/\/evertonfc.cz\/index.php\/wp-json\/wp\/v2\/media\/27148"}],"wp:attachment":[{"href":"https:\/\/evertonfc.cz\/index.php\/wp-json\/wp\/v2\/media?parent=27147"}],"wp:term":[{"taxonomy":"category","embeddable":true,"href":"https:\/\/evertonfc.cz\/index.php\/wp-json\/wp\/v2\/categories?post=27147"},{"taxonomy":"post_tag","embeddable":true,"href":"https:\/\/evertonfc.cz\/index.php\/wp-json\/wp\/v2\/tags?post=27147"}],"curies":[{"name":"wp","href":"https:\/\/api.w.org\/{rel}","templated":true}]}}