{"id":27154,"date":"2025-07-29T23:46:18","date_gmt":"2025-07-29T21:46:18","guid":{"rendered":"https:\/\/evertonfc.cz\/?p=27154"},"modified":"2025-07-30T08:29:38","modified_gmt":"2025-07-30T06:29:38","slug":"dalsi-posilou-mladik-aznou","status":"publish","type":"post","link":"https:\/\/evertonfc.cz\/index.php\/2025\/07\/29\/dalsi-posilou-mladik-aznou\/","title":{"rendered":"Dal\u0161\u00ed posilou mlad\u00edk Aznou"},"content":{"rendered":"<h4>Kdy\u017e vy posilu z\u00a0Bayeru, tak my \u2013 z\u00a0Bayernu. Z\u00a0Bavorska p\u0159ich\u00e1z\u00ed velk\u00fd p\u0159\u00edslib do budoucna, konkurence pro Mykolenka a \u201csnad\u201c nov\u00fd Baines \u2013 marock\u00fd teenager Adam Aznou.<\/h4>\n<p>Ofici\u00e1ln\u00ed \u010d\u00e1stka nebyla zve\u0159ejn\u011bna, ale mluv\u00ed se o \u010d\u00e1stce 9 milion\u016f eur, to je za 19let\u00e9ho lev\u00e9ho beka na za\u010d\u00e1tku kari\u00e9ry docela ranec. Ale Adama prov\u00e1z\u00ed znamenit\u00e1 pov\u011bst a Bayern se s\u00a0n\u00edm necht\u011bl rozlou\u010dit lacino.<\/p>\n<p>Narodil se v Barcelon\u011b, vyr\u016fstal v La Masii, ale u\u017e v mlad\u0161\u00edm dorostu ho v roce 2022 p\u0159et\u00e1hl pr\u00e1v\u011b Bayern. Postupn\u011b se \u0161kr\u00e1bal na v\u00fdslun\u00ed. Na podzim byl kapit\u00e1nem v\u00fdb\u011bru U19 a v 5 z\u00e1pasech nasb\u00edral solidn\u00edch 2+2.<\/p>\n<p>Do Bundesligy nakoukl na podzim 2024 na 25 minutek, ale dostat se p\u0159es Daviese a Gurreira by nedok\u00e1zal asi ani Myko. Na ja\u0159e hostoval ve Valladolidu, kde b\u011bhem 13 z\u00e1pas\u016f pod\u00edlel na t\u00fdmov\u00e9m zisku jednoho jedin\u00e9ho bodu. Valladolid to jel dost na \u201eBud\u011bjice\u201c.<\/p>\n<p>Opa\u010dnou zku\u0161enost m\u00e1 z\u00a0podzimn\u00edch intermezz v\u00a0marock\u00e9 reprezentaci, kde byl u 3 v\u00fdher v\u00a0kvalifikaci. Po n\u00e1vratu stihnul je\u0161t\u011b 8 minut na letn\u00ed fotbalov\u00e9 \u0161kole, zl\u00fdmi jazyky zvanou Mistrovstv\u00ed sv\u011bta klub\u016f. To nazna\u010duje, \u017ee Bayern s\u00a0n\u00edm pravd\u011bpodobn\u011b po\u010d\u00edtal.<\/p>\n<p>V n\u011bkter\u00fdch klubech se p\u0159i p\u0159edstaven\u00ed nov\u00fdch posil na \u017eongluje s m\u00ed\u010dem, u n\u00e1s bych \u010dekal, \u017ee bude metat centry do v\u00e1pna, ale nic takov\u00e9ho jsem nevid\u011bl. B\u011bhem kr\u00e1tk\u00e9ho interview ho tazatel dost mo\u0159il, ale nakonec si m\u016f\u017eeme od\u0161krtnout v\u0161e podstatn\u00e9. Moyesova vize, nov\u00fd stadion a tak d\u00e1l. Jeho p\u0159ednosti jsou dribling a v\u016fbec m\u00e1 sp\u00ed\u0161e ofenzivn\u00ed n\u00e1pl\u0148. Tak\u017ee, t\u011b\u0161\u00edme se, Adame!<\/p>\n","protected":false},"excerpt":{"rendered":"<p>Kdy\u017e vy posilu z\u00a0Bayeru, tak my \u2013 z\u00a0Bayernu. Z\u00a0Bavorska p\u0159ich\u00e1z\u00ed velk\u00fd p\u0159\u00edslib do budoucna, konkurence pro Mykolenka a \u201csnad\u201c nov\u00fd Baines \u2013 marock\u00fd teenager Adam Aznou.<\/p>\n","protected":false},"author":10,"featured_media":27155,"comment_status":"open","ping_status":"closed","sticky":false,"template":"","format":"standard","meta":{"_eb_attr":"","_monsterinsights_skip_tracking":false,"_monsterinsights_sitenote_active":false,"_monsterinsights_sitenote_note":"","_monsterinsights_sitenote_category":0,"footnotes":""},"categories":[4],"tags":[],"yoast_head":"<!-- This site is optimized with the Yoast SEO plugin v23.4 - https:\/\/yoast.com\/wordpress\/plugins\/seo\/ -->\n<title>Dal\u0161\u00ed posilou mlad\u00edk Aznou - Official Czech &amp; Slovak Everton Supporters&#039; Club<\/title>\n<meta name=\"robots\" content=\"index, follow, max-snippet:-1, max-image-preview:large, max-video-preview:-1\" \/>\n<link rel=\"canonical\" href=\"https:\/\/evertonfc.cz\/index.php\/2025\/07\/29\/dalsi-posilou-mladik-aznou\/\" \/>\n<meta property=\"og:locale\" content=\"cs_CZ\" \/>\n<meta property=\"og:type\" content=\"article\" \/>\n<meta property=\"og:title\" content=\"Dal\u0161\u00ed posilou mlad\u00edk Aznou - Official Czech &amp; Slovak Everton Supporters&#039; Club\" \/>\n<meta property=\"og:description\" content=\"Kdy\u017e vy posilu z\u00a0Bayeru, tak my \u2013 z\u00a0Bayernu. Z\u00a0Bavorska p\u0159ich\u00e1z\u00ed velk\u00fd p\u0159\u00edslib do budoucna, konkurence pro Mykolenka a \u201csnad\u201c nov\u00fd Baines \u2013 marock\u00fd teenager Adam Aznou.\" \/>\n<meta property=\"og:url\" content=\"https:\/\/evertonfc.cz\/index.php\/2025\/07\/29\/dalsi-posilou-mladik-aznou\/\" \/>\n<meta property=\"og:site_name\" content=\"Official Czech &amp; Slovak Everton Supporters&#039; Club\" \/>\n<meta property=\"article:publisher\" content=\"https:\/\/www.facebook.com\/everton.fans.cz.sk\" \/>\n<meta property=\"article:published_time\" content=\"2025-07-29T21:46:18+00:00\" \/>\n<meta property=\"article:modified_time\" content=\"2025-07-30T06:29:38+00:00\" \/>\n<meta property=\"og:image\" content=\"https:\/\/evertonfc.cz\/wp-content\/uploads\/2025\/07\/aznou.jpg\" \/>\n\t<meta property=\"og:image:width\" content=\"720\" \/>\n\t<meta property=\"og:image:height\" content=\"405\" \/>\n\t<meta property=\"og:image:type\" content=\"image\/jpeg\" \/>\n<meta name=\"author\" content=\"Fip\" \/>\n<meta name=\"twitter:card\" content=\"summary_large_image\" \/>\n<meta name=\"twitter:label1\" content=\"Napsal(a)\" \/>\n\t<meta name=\"twitter:data1\" content=\"Fip\" \/>\n\t<meta name=\"twitter:label2\" content=\"Odhadovan\u00e1 doba \u010dten\u00ed\" \/>\n\t<meta name=\"twitter:data2\" content=\"2 minuty\" \/>\n<script type=\"application\/ld+json\" class=\"yoast-schema-graph\">{\"@context\":\"https:\/\/schema.org\",\"@graph\":[{\"@type\":\"Article\",\"@id\":\"https:\/\/evertonfc.cz\/index.php\/2025\/07\/29\/dalsi-posilou-mladik-aznou\/#article\",\"isPartOf\":{\"@id\":\"https:\/\/evertonfc.cz\/index.php\/2025\/07\/29\/dalsi-posilou-mladik-aznou\/\"},\"author\":{\"name\":\"Fip\",\"@id\":\"https:\/\/evertonfc.cz\/#\/schema\/person\/35904009755e8eaa0dc1a5f5f0419002\"},\"headline\":\"Dal\u0161\u00ed posilou mlad\u00edk Aznou\",\"datePublished\":\"2025-07-29T21:46:18+00:00\",\"dateModified\":\"2025-07-30T06:29:38+00:00\",\"mainEntityOfPage\":{\"@id\":\"https:\/\/evertonfc.cz\/index.php\/2025\/07\/29\/dalsi-posilou-mladik-aznou\/\"},\"wordCount\":316,\"commentCount\":6,\"publisher\":{\"@id\":\"https:\/\/evertonfc.cz\/#organization\"},\"image\":{\"@id\":\"https:\/\/evertonfc.cz\/index.php\/2025\/07\/29\/dalsi-posilou-mladik-aznou\/#primaryimage\"},\"thumbnailUrl\":\"https:\/\/evertonfc.cz\/wp-content\/uploads\/2025\/07\/aznou.jpg\",\"articleSection\":[\"Z\u00e1pasy\"],\"inLanguage\":\"cs\",\"potentialAction\":[{\"@type\":\"CommentAction\",\"name\":\"Comment\",\"target\":[\"https:\/\/evertonfc.cz\/index.php\/2025\/07\/29\/dalsi-posilou-mladik-aznou\/#respond\"]}]},{\"@type\":\"WebPage\",\"@id\":\"https:\/\/evertonfc.cz\/index.php\/2025\/07\/29\/dalsi-posilou-mladik-aznou\/\",\"url\":\"https:\/\/evertonfc.cz\/index.php\/2025\/07\/29\/dalsi-posilou-mladik-aznou\/\",\"name\":\"Dal\u0161\u00ed posilou mlad\u00edk Aznou - Official Czech &amp; Slovak Everton Supporters&#039; Club\",\"isPartOf\":{\"@id\":\"https:\/\/evertonfc.cz\/#website\"},\"primaryImageOfPage\":{\"@id\":\"https:\/\/evertonfc.cz\/index.php\/2025\/07\/29\/dalsi-posilou-mladik-aznou\/#primaryimage\"},\"image\":{\"@id\":\"https:\/\/evertonfc.cz\/index.php\/2025\/07\/29\/dalsi-posilou-mladik-aznou\/#primaryimage\"},\"thumbnailUrl\":\"https:\/\/evertonfc.cz\/wp-content\/uploads\/2025\/07\/aznou.jpg\",\"datePublished\":\"2025-07-29T21:46:18+00:00\",\"dateModified\":\"2025-07-30T06:29:38+00:00\",\"breadcrumb\":{\"@id\":\"https:\/\/evertonfc.cz\/index.php\/2025\/07\/29\/dalsi-posilou-mladik-aznou\/#breadcrumb\"},\"inLanguage\":\"cs\",\"potentialAction\":[{\"@type\":\"ReadAction\",\"target\":[\"https:\/\/evertonfc.cz\/index.php\/2025\/07\/29\/dalsi-posilou-mladik-aznou\/\"]}]},{\"@type\":\"ImageObject\",\"inLanguage\":\"cs\",\"@id\":\"https:\/\/evertonfc.cz\/index.php\/2025\/07\/29\/dalsi-posilou-mladik-aznou\/#primaryimage\",\"url\":\"https:\/\/evertonfc.cz\/wp-content\/uploads\/2025\/07\/aznou.jpg\",\"contentUrl\":\"https:\/\/evertonfc.cz\/wp-content\/uploads\/2025\/07\/aznou.jpg\",\"width\":720,\"height\":405},{\"@type\":\"BreadcrumbList\",\"@id\":\"https:\/\/evertonfc.cz\/index.php\/2025\/07\/29\/dalsi-posilou-mladik-aznou\/#breadcrumb\",\"itemListElement\":[{\"@type\":\"ListItem\",\"position\":1,\"name\":\"Home\",\"item\":\"https:\/\/evertonfc.cz\/\"},{\"@type\":\"ListItem\",\"position\":2,\"name\":\"Dal\u0161\u00ed posilou mlad\u00edk Aznou\"}]},{\"@type\":\"WebSite\",\"@id\":\"https:\/\/evertonfc.cz\/#website\",\"url\":\"https:\/\/evertonfc.cz\/\",\"name\":\"Official Czech &amp; Slovak Everton Supporters&#039; Club\",\"description\":\"\",\"publisher\":{\"@id\":\"https:\/\/evertonfc.cz\/#organization\"},\"potentialAction\":[{\"@type\":\"SearchAction\",\"target\":{\"@type\":\"EntryPoint\",\"urlTemplate\":\"https:\/\/evertonfc.cz\/?s={search_term_string}\"},\"query-input\":{\"@type\":\"PropertyValueSpecification\",\"valueRequired\":true,\"valueName\":\"search_term_string\"}}],\"inLanguage\":\"cs\"},{\"@type\":\"Organization\",\"@id\":\"https:\/\/evertonfc.cz\/#organization\",\"name\":\"Official Czech & Slovak Everton Supporters' Club\",\"url\":\"https:\/\/evertonfc.cz\/\",\"logo\":{\"@type\":\"ImageObject\",\"inLanguage\":\"cs\",\"@id\":\"https:\/\/evertonfc.cz\/#\/schema\/logo\/image\/\",\"url\":\"https:\/\/evertonfc.cz\/wp-content\/uploads\/2019\/05\/logo.png\",\"contentUrl\":\"https:\/\/evertonfc.cz\/wp-content\/uploads\/2019\/05\/logo.png\",\"width\":112,\"height\":112,\"caption\":\"Official Czech & Slovak Everton Supporters' Club\"},\"image\":{\"@id\":\"https:\/\/evertonfc.cz\/#\/schema\/logo\/image\/\"},\"sameAs\":[\"https:\/\/www.facebook.com\/everton.fans.cz.sk\"]},{\"@type\":\"Person\",\"@id\":\"https:\/\/evertonfc.cz\/#\/schema\/person\/35904009755e8eaa0dc1a5f5f0419002\",\"name\":\"Fip\",\"url\":\"https:\/\/evertonfc.cz\/index.php\/author\/fip\/\"}]}<\/script>\n<!-- \/ Yoast SEO plugin. -->","yoast_head_json":{"title":"Dal\u0161\u00ed posilou mlad\u00edk Aznou - Official Czech &amp; Slovak Everton Supporters&#039; Club","robots":{"index":"index","follow":"follow","max-snippet":"max-snippet:-1","max-image-preview":"max-image-preview:large","max-video-preview":"max-video-preview:-1"},"canonical":"https:\/\/evertonfc.cz\/index.php\/2025\/07\/29\/dalsi-posilou-mladik-aznou\/","og_locale":"cs_CZ","og_type":"article","og_title":"Dal\u0161\u00ed posilou mlad\u00edk Aznou - Official Czech &amp; Slovak Everton Supporters&#039; Club","og_description":"Kdy\u017e vy posilu z\u00a0Bayeru, tak my \u2013 z\u00a0Bayernu. Z\u00a0Bavorska p\u0159ich\u00e1z\u00ed velk\u00fd p\u0159\u00edslib do budoucna, konkurence pro Mykolenka a \u201csnad\u201c nov\u00fd Baines \u2013 marock\u00fd teenager Adam Aznou.","og_url":"https:\/\/evertonfc.cz\/index.php\/2025\/07\/29\/dalsi-posilou-mladik-aznou\/","og_site_name":"Official Czech &amp; Slovak Everton Supporters&#039; Club","article_publisher":"https:\/\/www.facebook.com\/everton.fans.cz.sk","article_published_time":"2025-07-29T21:46:18+00:00","article_modified_time":"2025-07-30T06:29:38+00:00","og_image":[{"width":720,"height":405,"url":"https:\/\/evertonfc.cz\/wp-content\/uploads\/2025\/07\/aznou.jpg","type":"image\/jpeg"}],"author":"Fip","twitter_card":"summary_large_image","twitter_misc":{"Napsal(a)":"Fip","Odhadovan\u00e1 doba \u010dten\u00ed":"2 minuty"},"schema":{"@context":"https:\/\/schema.org","@graph":[{"@type":"Article","@id":"https:\/\/evertonfc.cz\/index.php\/2025\/07\/29\/dalsi-posilou-mladik-aznou\/#article","isPartOf":{"@id":"https:\/\/evertonfc.cz\/index.php\/2025\/07\/29\/dalsi-posilou-mladik-aznou\/"},"author":{"name":"Fip","@id":"https:\/\/evertonfc.cz\/#\/schema\/person\/35904009755e8eaa0dc1a5f5f0419002"},"headline":"Dal\u0161\u00ed posilou mlad\u00edk Aznou","datePublished":"2025-07-29T21:46:18+00:00","dateModified":"2025-07-30T06:29:38+00:00","mainEntityOfPage":{"@id":"https:\/\/evertonfc.cz\/index.php\/2025\/07\/29\/dalsi-posilou-mladik-aznou\/"},"wordCount":316,"commentCount":6,"publisher":{"@id":"https:\/\/evertonfc.cz\/#organization"},"image":{"@id":"https:\/\/evertonfc.cz\/index.php\/2025\/07\/29\/dalsi-posilou-mladik-aznou\/#primaryimage"},"thumbnailUrl":"https:\/\/evertonfc.cz\/wp-content\/uploads\/2025\/07\/aznou.jpg","articleSection":["Z\u00e1pasy"],"inLanguage":"cs","potentialAction":[{"@type":"CommentAction","name":"Comment","target":["https:\/\/evertonfc.cz\/index.php\/2025\/07\/29\/dalsi-posilou-mladik-aznou\/#respond"]}]},{"@type":"WebPage","@id":"https:\/\/evertonfc.cz\/index.php\/2025\/07\/29\/dalsi-posilou-mladik-aznou\/","url":"https:\/\/evertonfc.cz\/index.php\/2025\/07\/29\/dalsi-posilou-mladik-aznou\/","name":"Dal\u0161\u00ed posilou mlad\u00edk Aznou - Official Czech &amp; Slovak Everton Supporters&#039; Club","isPartOf":{"@id":"https:\/\/evertonfc.cz\/#website"},"primaryImageOfPage":{"@id":"https:\/\/evertonfc.cz\/index.php\/2025\/07\/29\/dalsi-posilou-mladik-aznou\/#primaryimage"},"image":{"@id":"https:\/\/evertonfc.cz\/index.php\/2025\/07\/29\/dalsi-posilou-mladik-aznou\/#primaryimage"},"thumbnailUrl":"https:\/\/evertonfc.cz\/wp-content\/uploads\/2025\/07\/aznou.jpg","datePublished":"2025-07-29T21:46:18+00:00","dateModified":"2025-07-30T06:29:38+00:00","breadcrumb":{"@id":"https:\/\/evertonfc.cz\/index.php\/2025\/07\/29\/dalsi-posilou-mladik-aznou\/#breadcrumb"},"inLanguage":"cs","potentialAction":[{"@type":"ReadAction","target":["https:\/\/evertonfc.cz\/index.php\/2025\/07\/29\/dalsi-posilou-mladik-aznou\/"]}]},{"@type":"ImageObject","inLanguage":"cs","@id":"https:\/\/evertonfc.cz\/index.php\/2025\/07\/29\/dalsi-posilou-mladik-aznou\/#primaryimage","url":"https:\/\/evertonfc.cz\/wp-content\/uploads\/2025\/07\/aznou.jpg","contentUrl":"https:\/\/evertonfc.cz\/wp-content\/uploads\/2025\/07\/aznou.jpg","width":720,"height":405},{"@type":"BreadcrumbList","@id":"https:\/\/evertonfc.cz\/index.php\/2025\/07\/29\/dalsi-posilou-mladik-aznou\/#breadcrumb","itemListElement":[{"@type":"ListItem","position":1,"name":"Home","item":"https:\/\/evertonfc.cz\/"},{"@type":"ListItem","position":2,"name":"Dal\u0161\u00ed posilou mlad\u00edk Aznou"}]},{"@type":"WebSite","@id":"https:\/\/evertonfc.cz\/#website","url":"https:\/\/evertonfc.cz\/","name":"Official Czech &amp; Slovak Everton Supporters&#039; Club","description":"","publisher":{"@id":"https:\/\/evertonfc.cz\/#organization"},"potentialAction":[{"@type":"SearchAction","target":{"@type":"EntryPoint","urlTemplate":"https:\/\/evertonfc.cz\/?s={search_term_string}"},"query-input":{"@type":"PropertyValueSpecification","valueRequired":true,"valueName":"search_term_string"}}],"inLanguage":"cs"},{"@type":"Organization","@id":"https:\/\/evertonfc.cz\/#organization","name":"Official Czech & Slovak Everton Supporters' Club","url":"https:\/\/evertonfc.cz\/","logo":{"@type":"ImageObject","inLanguage":"cs","@id":"https:\/\/evertonfc.cz\/#\/schema\/logo\/image\/","url":"https:\/\/evertonfc.cz\/wp-content\/uploads\/2019\/05\/logo.png","contentUrl":"https:\/\/evertonfc.cz\/wp-content\/uploads\/2019\/05\/logo.png","width":112,"height":112,"caption":"Official Czech & Slovak Everton Supporters' Club"},"image":{"@id":"https:\/\/evertonfc.cz\/#\/schema\/logo\/image\/"},"sameAs":["https:\/\/www.facebook.com\/everton.fans.cz.sk"]},{"@type":"Person","@id":"https:\/\/evertonfc.cz\/#\/schema\/person\/35904009755e8eaa0dc1a5f5f0419002","name":"Fip","url":"https:\/\/evertonfc.cz\/index.php\/author\/fip\/"}]}},"_links":{"self":[{"href":"https:\/\/evertonfc.cz\/index.php\/wp-json\/wp\/v2\/posts\/27154"}],"collection":[{"href":"https:\/\/evertonfc.cz\/index.php\/wp-json\/wp\/v2\/posts"}],"about":[{"href":"https:\/\/evertonfc.cz\/index.php\/wp-json\/wp\/v2\/types\/post"}],"author":[{"embeddable":true,"href":"https:\/\/evertonfc.cz\/index.php\/wp-json\/wp\/v2\/users\/10"}],"replies":[{"embeddable":true,"href":"https:\/\/evertonfc.cz\/index.php\/wp-json\/wp\/v2\/comments?post=27154"}],"version-history":[{"count":2,"href":"https:\/\/evertonfc.cz\/index.php\/wp-json\/wp\/v2\/posts\/27154\/revisions"}],"predecessor-version":[{"id":27159,"href":"https:\/\/evertonfc.cz\/index.php\/wp-json\/wp\/v2\/posts\/27154\/revisions\/27159"}],"wp:featuredmedia":[{"embeddable":true,"href":"https:\/\/evertonfc.cz\/index.php\/wp-json\/wp\/v2\/media\/27155"}],"wp:attachment":[{"href":"https:\/\/evertonfc.cz\/index.php\/wp-json\/wp\/v2\/media?parent=27154"}],"wp:term":[{"taxonomy":"category","embeddable":true,"href":"https:\/\/evertonfc.cz\/index.php\/wp-json\/wp\/v2\/categories?post=27154"},{"taxonomy":"post_tag","embeddable":true,"href":"https:\/\/evertonfc.cz\/index.php\/wp-json\/wp\/v2\/tags?post=27154"}],"curies":[{"name":"wp","href":"https:\/\/api.w.org\/{rel}","templated":true}]}}