{"id":27163,"date":"2025-07-31T12:49:14","date_gmt":"2025-07-31T10:49:14","guid":{"rendered":"https:\/\/evertonfc.cz\/?p=27163"},"modified":"2025-07-31T12:49:14","modified_gmt":"2025-07-31T10:49:14","slug":"priprava-west-ham-united-everton-21","status":"publish","type":"post","link":"https:\/\/evertonfc.cz\/index.php\/2025\/07\/31\/priprava-west-ham-united-everton-21\/","title":{"rendered":"Pr\u00edprava: West Ham United \u2013 Everton 2:1"},"content":{"rendered":"<h4>EFC vst\u00fapilo do druh\u00e9ho z\u00e1pasu Summer Series n\u00e1dejne. Napokon v\u0161ak dve chyby v defenz\u00edve rozhodli o prehre 1:2 na \u0161tadi\u00f3ne Soldier Field v americkom Chicagu.<\/h4>\n<p>Duel sa odohral v stredu ve\u010der 30. j\u00fala, s v\u00fdkopom o 00:30 n\u00e1\u0161ho \u010dasu (17:30 popoludn\u00ed miestneho). Everton nast\u00fapil v novom vonkaj\u0161om drese a \u010delil b\u00fdval\u00e9mu klubu tr\u00e9nera Davida Moyesa. Do t\u00edmu sa \u010derstvo pripojil nov\u00fd hr\u00e1\u010d Adam Aznou, ktor\u00fd sa pripojil k\u00a0turn\u00e9 po USA, no v tomto z\u00e1pase e\u0161te nefiguroval.<\/p>\n<p>Slab\u00e1 \u0161\u00edrka k\u00e1dra op\u00e4\u0165 obmedzila mo\u017enosti rot\u00e1cie. Karamelky nast\u00fapili s minim\u00e1lnymi zmenami. Zranen\u00fd Jarrad Branthwaite je st\u00e1le na Finch Farm, James Tarkowski sa po dlhej absencii vr\u00e1til do zostavy aspo\u0148 na lavi\u010dku. Michael Keane sa po absencii v minulom z\u00e1pase vr\u00e1til do z\u00e1kladu a vytvoril dvojicu s Jakeom O\u2019Brienom, pri\u010dom na krajoch obrany nast\u00fapili Nathan Patterson a Vitalij Mykolenko.<\/p>\n<h4><strong>1.pol\u010das<\/strong><\/h4>\n<p>V \u00favode musel Mark Travers zachra\u0148ova\u0165 situ\u00e1ciu po riskantnej malej domov od Keanea. McNeil n\u00e1sledne vystrelil mimo po zisku lopty, Beto bol na\u010dapan\u00fd v ofsajde a kombin\u00e1cia Ndiaye \u2013 McNeil skon\u010dila pred\u010dasne.<\/p>\n<p>V 17. min\u00fate pri\u0161la n\u00e1dej. Harrison Armstrong zachytil zl\u00fa prihr\u00e1vku, pre\u0161printoval stredom po\u013ea a\u017e k \u0161estn\u00e1stke a prihral do druhej vlny Idrissovi Gueyemu. Jeho pr\u00edzemn\u00e1 strela pre\u0161la pod brank\u00e1rom \u2013 <strong>1:0<\/strong> pre Everton!<\/p>\n<p>West Ham reagoval tlakom. Paquet\u00e1 prihral Ward-Prowseovi, ktor\u00e9ho pokus z priameho kopu len tesne minul br\u00e1nu. Po faule Mykolenka sa na Traversovi vybehnutom do vzduchu lopta odrazila priamo k Paquetovi, ktor\u00fd pohodlne dorazil do siete \u2013 vyrovnan\u00e9 <strong>1:1<\/strong>. Prv\u00fd pol\u010das zakon\u010dil hlavi\u010dkou nad Beto, ktor\u00fd sa sna\u017eil zu\u017eitkova\u0165 O\u2019Brienov prudk\u00fd center. Everton do kab\u00edn odch\u00e1dzal so zmie\u0161an\u00fdmi pocitmi.<\/p>\n<h4><strong>2.pol\u010das<\/strong><\/h4>\n<p>Do druh\u00e9ho pol\u010dasu Moyes po dlhom \u010dase urobil a\u017e tri zmeny, zatia\u013e \u010do West Ham \u00faplne preto\u010dil zostavu. McNeil poslal dlh\u00fa prihr\u00e1vku pr\u00edli\u0161 \u010faleko pred Barryho, Keane p\u00f4sobil neisto, O\u2019Brien zle odhlavi\u010dkoval mal\u00fa domov a Everton pokra\u010doval v k\u0155\u010dovitom dr\u017ean\u00ed lopty. Alcaraz kombinoval s Barrym, ale strela \u0161la vysoko nad.<\/p>\n<p>Armstrong zle spracoval loptu a daroval ju Bowenovi. McNeil sa pok\u00fasil o center, Barry sa k nemu nedostal. Po centri Garnerovej \u0161tandardky sa lopta odrazila k Alcarazovi, no ten prestrelil aj ochrann\u00fa sie\u0165. V 64. min\u00fate pri\u0161la k\u013e\u00fa\u010dov\u00e1 chyba. Po nedorozumen\u00ed v strede po\u013ea Paquet\u00e1 prebral loptu a Niklas F\u00fcllkrug bez v\u00e4\u010d\u0161ieho tlaku zakon\u010dil presne k ty\u010di \u2013 <strong>1:2<\/strong>. Travers sa m\u00e1rne na\u0165ahoval.<\/p>\n<p>Po ochladzovacej prest\u00e1vke pri\u0161iel na tr\u00e1vnik Tarkowski namiesto Gueyeho. Barry a Chermiti sa sna\u017eili presadi\u0165 v strede \u00fatoku, ale Paquet\u00e1 im loptu vypichol. Mykolenkov center nezu\u017eitkoval ani Barry, ani Alcaraz. Ward-Prowse na\u0161iel Wan-Bissaku, ktor\u00e9ho strela z uhla skon\u010dila v bo\u010dnej sieti. V z\u00e1vere mal \u0161ancu vyrovna\u0165 Keane po centri z rohu, no nedok\u00e1zal dobre zakon\u010di\u0165 zbl\u00edzka. Everton vtedy tla\u010dil na vyrovanie.<\/p>\n<p>O\u2019Brien nesk\u00f4r poslal kr\u00e1sny prudk\u00fd center po zemi, ktor\u00fd Barry tesne minul. V nadstavenom \u010dase e\u0161te musel Travers chyta\u0165 nebezpe\u010dn\u00fd pokus striedaj\u00faceho Orforda. Z posledn\u00e9ho rohu Heath centroval presne, no Barry bol tesne br\u00e1nen\u00fd. Garner napokon dostal \u017elt\u00fa kartu za tvrd\u00fd z\u00e1krok na Guilherma, \u010do bol koniec z\u00e1pasu.<\/p>\n<h4><strong>Slab\u00fd v\u00fdsledok, slab\u00fd dojem<\/strong><\/h4>\n<p>Proti viac-menej dobre zn\u00e1mej zostave West Hamu sme premrhali vedenie, t\u00edm op\u00e4\u0165 nezvl\u00e1dol udr\u017ea\u0165 koncentr\u00e1ciu a v z\u00e1vere len m\u00e1rne h\u013eadal iskru. Obrana p\u00f4sobila neiste, \u00fatok bol bezzub\u00fd, a slab\u00e1 lavi\u010dka v\u00fdrazne obmedzovala mo\u017enosti Moyesa. No trestuhodn\u00e9 ignorovanie mladu\u010dk\u00e9ho Clarkea sa neodp\u00fa\u0161\u0165a.<\/p>\n<p>\u0160k\u00f3t op\u00e4\u0165 ni\u010d neprikr\u00e1\u0161\u013eoval ani vo svojom poz\u00e1pasovom hodnoten\u00ed. Presne pomenoval, kde sa Everton moment\u00e1lne nach\u00e1dza v ot\u00e1zke budovania t\u00edmu a fyzickej pripravenosti \u2013 s mimoriadne \u00fazkym k\u00e1drom, ktor\u00fd m\u00e1 k\u00a0dispoz\u00edcii. Priznal, \u017ee jeho t\u00edm nebol dostato\u010dne efekt\u00edvny v \u00fato\u010dnej tretine ihriska a z\u00e1rove\u0148 znova vyjadril frustr\u00e1ciu z nedostato\u010dnej prestupovej aktivity klubu, ktor\u00e1 sa zahr\u00e1va so seri\u00f3znym pr\u00edstupom k\u00a0ostr\u00e9mu \u0161tartu ligy. Ten je na pl\u00e1ne za menej ako tri t\u00fd\u017edne!<\/p>\n<blockquote><p><span style=\"font-size: 12pt;\"><em>\u201eNie som t\u00fdm nejako zvl\u00e1\u0161\u0165 znepokojen\u00fd, preto\u017ee jednoducho nem\u00e1m hr\u00e1\u010dov, ktor\u00fdch potrebujem a chcem. Tento v\u00fdjazd do USA nebol nikdy o tom, \u017ee sem pr\u00eddeme a vyhr\u00e1me. K\u00fdm sa n\u00e1m nevr\u00e1tia kvalitn\u00ed hr\u00e1\u010di a neposiln\u00edme k\u00e1der, v\u017edy sa budeme tr\u00e1pi\u0165 \u2013 nech u\u017e hr\u00e1me proti komuko\u013evek. <\/em><em>Vedeli sme e\u0161te pred cestou, \u017ee to budeme ma\u0165 naozaj \u0165a\u017ek\u00e9. Chceli sme ma\u0165 nov\u00fdch hr\u00e1\u010dov pripraven\u00fdch ove\u013ea sk\u00f4r \u2013 obzvl\u00e1\u0161\u0165 na tento v\u00fdjazd. Vedel som, \u017ee budeme neuverite\u013ene oslaben\u00ed.\u201c<\/em><\/span><\/p><\/blockquote>\n<p style=\"text-align: right;\"><span style=\"font-size: 8pt;\">(fotozdroj: Everton FC)<\/span><\/p>\n<p><strong>West Ham United: <\/strong>Foderingham \u2013 Walker-Peters (46&#8242; Wan-Bissaka), Casey (46&#8242; Fullkrug), Kilman (46&#8242; Aguerd), Mavropanos (85&#8242; Scarles) \u2013 Diouf (46&#8242; Guilherme), Potts (46&#8242; Todibo), Ward-Prowse (46&#8242; Rodriguez) \u2013 Irving (61&#8242; Soucek), Paquesta (90&#8242; Orford), Marshall (46&#8242; Bowen)<\/p>\n<p><em>Lavi\u010dka:<\/em>\u00a0Areola (GK), Cornet, Kante, Golambeckis, Fearon<\/p>\n<p><strong>Everton: <\/strong>Travers \u2013 Patterson (46&#8242; Alcaraz), O&#8217;Brien, Keane, Mykolenko \u2013 Gana (69&#8242; Tarkowski), Iroegbunam (46&#8242; Garner), Armstrong \u2013 McNeil (80&#8242; Heath), Beto (46&#8242; Barry), Ndiaye (70&#8242; Chermiti)<\/p>\n<p><em>Lavi\u010dka: <\/em>Pickford (GK), Tyrer, Thomas, Onyango, Clarke<\/p>\n<p><strong>Div\u00e1ci:<\/strong> 61,500 kapacita (Soldier Field)<\/p>\n<p><iframe loading=\"lazy\" title=\"EVERTON 1-2 WEST HAM | Premier League Summer Series at Soldier Field, Chicago\" width=\"1140\" height=\"641\" src=\"https:\/\/www.youtube.com\/embed\/x0MWzcvZy0E?feature=oembed\" frameborder=\"0\" allow=\"accelerometer; autoplay; clipboard-write; encrypted-media; gyroscope; picture-in-picture; web-share\" referrerpolicy=\"strict-origin-when-cross-origin\" allowfullscreen><\/iframe><\/p>\n","protected":false},"excerpt":{"rendered":"<p>EFC vst\u00fapilo do druh\u00e9ho z\u00e1pasu Summer Series n\u00e1dejne. Napokon v\u0161ak dve chyby v defenz\u00edve rozhodli o prehre 1:2 na \u0161tadi\u00f3ne Soldier Field v americkom Chicagu.<\/p>\n","protected":false},"author":1,"featured_media":27164,"comment_status":"open","ping_status":"closed","sticky":false,"template":"","format":"standard","meta":{"_eb_attr":"","_monsterinsights_skip_tracking":false,"_monsterinsights_sitenote_active":false,"_monsterinsights_sitenote_note":"","_monsterinsights_sitenote_category":0,"footnotes":""},"categories":[4],"tags":[],"yoast_head":"<!-- This site is optimized with the Yoast SEO plugin v23.4 - https:\/\/yoast.com\/wordpress\/plugins\/seo\/ -->\n<title>Pr\u00edprava: West Ham United \u2013 Everton 2:1 - Official Czech &amp; Slovak Everton Supporters&#039; Club<\/title>\n<meta name=\"robots\" content=\"index, follow, max-snippet:-1, max-image-preview:large, max-video-preview:-1\" \/>\n<link rel=\"canonical\" href=\"https:\/\/evertonfc.cz\/index.php\/2025\/07\/31\/priprava-west-ham-united-everton-21\/\" \/>\n<meta property=\"og:locale\" content=\"cs_CZ\" \/>\n<meta property=\"og:type\" content=\"article\" \/>\n<meta property=\"og:title\" content=\"Pr\u00edprava: West Ham United \u2013 Everton 2:1 - Official Czech &amp; Slovak Everton Supporters&#039; Club\" \/>\n<meta property=\"og:description\" content=\"EFC vst\u00fapilo do druh\u00e9ho z\u00e1pasu Summer Series n\u00e1dejne. Napokon v\u0161ak dve chyby v defenz\u00edve rozhodli o prehre 1:2 na \u0161tadi\u00f3ne Soldier Field v americkom Chicagu.\" \/>\n<meta property=\"og:url\" content=\"https:\/\/evertonfc.cz\/index.php\/2025\/07\/31\/priprava-west-ham-united-everton-21\/\" \/>\n<meta property=\"og:site_name\" content=\"Official Czech &amp; Slovak Everton Supporters&#039; Club\" \/>\n<meta property=\"article:publisher\" content=\"https:\/\/www.facebook.com\/everton.fans.cz.sk\" \/>\n<meta property=\"article:published_time\" content=\"2025-07-31T10:49:14+00:00\" \/>\n<meta property=\"og:image\" content=\"https:\/\/evertonfc.cz\/wp-content\/uploads\/2025\/07\/West-Ham-2-1-Everton-by-Everton-FC-30-7-2025.jpg\" \/>\n\t<meta property=\"og:image:width\" content=\"720\" \/>\n\t<meta property=\"og:image:height\" content=\"405\" \/>\n\t<meta property=\"og:image:type\" content=\"image\/jpeg\" \/>\n<meta name=\"author\" content=\"BlueBlooded\" \/>\n<meta name=\"twitter:card\" content=\"summary_large_image\" \/>\n<meta name=\"twitter:label1\" content=\"Napsal(a)\" \/>\n\t<meta name=\"twitter:data1\" content=\"BlueBlooded\" \/>\n\t<meta name=\"twitter:label2\" content=\"Odhadovan\u00e1 doba \u010dten\u00ed\" \/>\n\t<meta name=\"twitter:data2\" content=\"4 minuty\" \/>\n<script type=\"application\/ld+json\" class=\"yoast-schema-graph\">{\"@context\":\"https:\/\/schema.org\",\"@graph\":[{\"@type\":\"Article\",\"@id\":\"https:\/\/evertonfc.cz\/index.php\/2025\/07\/31\/priprava-west-ham-united-everton-21\/#article\",\"isPartOf\":{\"@id\":\"https:\/\/evertonfc.cz\/index.php\/2025\/07\/31\/priprava-west-ham-united-everton-21\/\"},\"author\":{\"name\":\"BlueBlooded\",\"@id\":\"https:\/\/evertonfc.cz\/#\/schema\/person\/d4493b8cbea51532597fbc4685698916\"},\"headline\":\"Pr\u00edprava: West Ham United \u2013 Everton 2:1\",\"datePublished\":\"2025-07-31T10:49:14+00:00\",\"dateModified\":\"2025-07-31T10:49:14+00:00\",\"mainEntityOfPage\":{\"@id\":\"https:\/\/evertonfc.cz\/index.php\/2025\/07\/31\/priprava-west-ham-united-everton-21\/\"},\"wordCount\":933,\"commentCount\":7,\"publisher\":{\"@id\":\"https:\/\/evertonfc.cz\/#organization\"},\"image\":{\"@id\":\"https:\/\/evertonfc.cz\/index.php\/2025\/07\/31\/priprava-west-ham-united-everton-21\/#primaryimage\"},\"thumbnailUrl\":\"https:\/\/evertonfc.cz\/wp-content\/uploads\/2025\/07\/West-Ham-2-1-Everton-by-Everton-FC-30-7-2025.jpg\",\"articleSection\":[\"Z\u00e1pasy\"],\"inLanguage\":\"cs\",\"potentialAction\":[{\"@type\":\"CommentAction\",\"name\":\"Comment\",\"target\":[\"https:\/\/evertonfc.cz\/index.php\/2025\/07\/31\/priprava-west-ham-united-everton-21\/#respond\"]}]},{\"@type\":\"WebPage\",\"@id\":\"https:\/\/evertonfc.cz\/index.php\/2025\/07\/31\/priprava-west-ham-united-everton-21\/\",\"url\":\"https:\/\/evertonfc.cz\/index.php\/2025\/07\/31\/priprava-west-ham-united-everton-21\/\",\"name\":\"Pr\u00edprava: West Ham United \u2013 Everton 2:1 - Official Czech &amp; Slovak Everton Supporters&#039; Club\",\"isPartOf\":{\"@id\":\"https:\/\/evertonfc.cz\/#website\"},\"primaryImageOfPage\":{\"@id\":\"https:\/\/evertonfc.cz\/index.php\/2025\/07\/31\/priprava-west-ham-united-everton-21\/#primaryimage\"},\"image\":{\"@id\":\"https:\/\/evertonfc.cz\/index.php\/2025\/07\/31\/priprava-west-ham-united-everton-21\/#primaryimage\"},\"thumbnailUrl\":\"https:\/\/evertonfc.cz\/wp-content\/uploads\/2025\/07\/West-Ham-2-1-Everton-by-Everton-FC-30-7-2025.jpg\",\"datePublished\":\"2025-07-31T10:49:14+00:00\",\"dateModified\":\"2025-07-31T10:49:14+00:00\",\"breadcrumb\":{\"@id\":\"https:\/\/evertonfc.cz\/index.php\/2025\/07\/31\/priprava-west-ham-united-everton-21\/#breadcrumb\"},\"inLanguage\":\"cs\",\"potentialAction\":[{\"@type\":\"ReadAction\",\"target\":[\"https:\/\/evertonfc.cz\/index.php\/2025\/07\/31\/priprava-west-ham-united-everton-21\/\"]}]},{\"@type\":\"ImageObject\",\"inLanguage\":\"cs\",\"@id\":\"https:\/\/evertonfc.cz\/index.php\/2025\/07\/31\/priprava-west-ham-united-everton-21\/#primaryimage\",\"url\":\"https:\/\/evertonfc.cz\/wp-content\/uploads\/2025\/07\/West-Ham-2-1-Everton-by-Everton-FC-30-7-2025.jpg\",\"contentUrl\":\"https:\/\/evertonfc.cz\/wp-content\/uploads\/2025\/07\/West-Ham-2-1-Everton-by-Everton-FC-30-7-2025.jpg\",\"width\":720,\"height\":405},{\"@type\":\"BreadcrumbList\",\"@id\":\"https:\/\/evertonfc.cz\/index.php\/2025\/07\/31\/priprava-west-ham-united-everton-21\/#breadcrumb\",\"itemListElement\":[{\"@type\":\"ListItem\",\"position\":1,\"name\":\"Home\",\"item\":\"https:\/\/evertonfc.cz\/\"},{\"@type\":\"ListItem\",\"position\":2,\"name\":\"Pr\u00edprava: West Ham United \u2013 Everton 2:1\"}]},{\"@type\":\"WebSite\",\"@id\":\"https:\/\/evertonfc.cz\/#website\",\"url\":\"https:\/\/evertonfc.cz\/\",\"name\":\"Official Czech &amp; Slovak Everton Supporters&#039; Club\",\"description\":\"\",\"publisher\":{\"@id\":\"https:\/\/evertonfc.cz\/#organization\"},\"potentialAction\":[{\"@type\":\"SearchAction\",\"target\":{\"@type\":\"EntryPoint\",\"urlTemplate\":\"https:\/\/evertonfc.cz\/?s={search_term_string}\"},\"query-input\":{\"@type\":\"PropertyValueSpecification\",\"valueRequired\":true,\"valueName\":\"search_term_string\"}}],\"inLanguage\":\"cs\"},{\"@type\":\"Organization\",\"@id\":\"https:\/\/evertonfc.cz\/#organization\",\"name\":\"Official Czech & Slovak Everton Supporters' Club\",\"url\":\"https:\/\/evertonfc.cz\/\",\"logo\":{\"@type\":\"ImageObject\",\"inLanguage\":\"cs\",\"@id\":\"https:\/\/evertonfc.cz\/#\/schema\/logo\/image\/\",\"url\":\"https:\/\/evertonfc.cz\/wp-content\/uploads\/2019\/05\/logo.png\",\"contentUrl\":\"https:\/\/evertonfc.cz\/wp-content\/uploads\/2019\/05\/logo.png\",\"width\":112,\"height\":112,\"caption\":\"Official Czech & Slovak Everton Supporters' Club\"},\"image\":{\"@id\":\"https:\/\/evertonfc.cz\/#\/schema\/logo\/image\/\"},\"sameAs\":[\"https:\/\/www.facebook.com\/everton.fans.cz.sk\"]},{\"@type\":\"Person\",\"@id\":\"https:\/\/evertonfc.cz\/#\/schema\/person\/d4493b8cbea51532597fbc4685698916\",\"name\":\"BlueBlooded\",\"url\":\"https:\/\/evertonfc.cz\/index.php\/author\/admin\/\"}]}<\/script>\n<!-- \/ Yoast SEO plugin. -->","yoast_head_json":{"title":"Pr\u00edprava: West Ham United \u2013 Everton 2:1 - Official Czech &amp; Slovak Everton Supporters&#039; Club","robots":{"index":"index","follow":"follow","max-snippet":"max-snippet:-1","max-image-preview":"max-image-preview:large","max-video-preview":"max-video-preview:-1"},"canonical":"https:\/\/evertonfc.cz\/index.php\/2025\/07\/31\/priprava-west-ham-united-everton-21\/","og_locale":"cs_CZ","og_type":"article","og_title":"Pr\u00edprava: West Ham United \u2013 Everton 2:1 - Official Czech &amp; Slovak Everton Supporters&#039; Club","og_description":"EFC vst\u00fapilo do druh\u00e9ho z\u00e1pasu Summer Series n\u00e1dejne. Napokon v\u0161ak dve chyby v defenz\u00edve rozhodli o prehre 1:2 na \u0161tadi\u00f3ne Soldier Field v americkom Chicagu.","og_url":"https:\/\/evertonfc.cz\/index.php\/2025\/07\/31\/priprava-west-ham-united-everton-21\/","og_site_name":"Official Czech &amp; Slovak Everton Supporters&#039; Club","article_publisher":"https:\/\/www.facebook.com\/everton.fans.cz.sk","article_published_time":"2025-07-31T10:49:14+00:00","og_image":[{"width":720,"height":405,"url":"https:\/\/evertonfc.cz\/wp-content\/uploads\/2025\/07\/West-Ham-2-1-Everton-by-Everton-FC-30-7-2025.jpg","type":"image\/jpeg"}],"author":"BlueBlooded","twitter_card":"summary_large_image","twitter_misc":{"Napsal(a)":"BlueBlooded","Odhadovan\u00e1 doba \u010dten\u00ed":"4 minuty"},"schema":{"@context":"https:\/\/schema.org","@graph":[{"@type":"Article","@id":"https:\/\/evertonfc.cz\/index.php\/2025\/07\/31\/priprava-west-ham-united-everton-21\/#article","isPartOf":{"@id":"https:\/\/evertonfc.cz\/index.php\/2025\/07\/31\/priprava-west-ham-united-everton-21\/"},"author":{"name":"BlueBlooded","@id":"https:\/\/evertonfc.cz\/#\/schema\/person\/d4493b8cbea51532597fbc4685698916"},"headline":"Pr\u00edprava: West Ham United \u2013 Everton 2:1","datePublished":"2025-07-31T10:49:14+00:00","dateModified":"2025-07-31T10:49:14+00:00","mainEntityOfPage":{"@id":"https:\/\/evertonfc.cz\/index.php\/2025\/07\/31\/priprava-west-ham-united-everton-21\/"},"wordCount":933,"commentCount":7,"publisher":{"@id":"https:\/\/evertonfc.cz\/#organization"},"image":{"@id":"https:\/\/evertonfc.cz\/index.php\/2025\/07\/31\/priprava-west-ham-united-everton-21\/#primaryimage"},"thumbnailUrl":"https:\/\/evertonfc.cz\/wp-content\/uploads\/2025\/07\/West-Ham-2-1-Everton-by-Everton-FC-30-7-2025.jpg","articleSection":["Z\u00e1pasy"],"inLanguage":"cs","potentialAction":[{"@type":"CommentAction","name":"Comment","target":["https:\/\/evertonfc.cz\/index.php\/2025\/07\/31\/priprava-west-ham-united-everton-21\/#respond"]}]},{"@type":"WebPage","@id":"https:\/\/evertonfc.cz\/index.php\/2025\/07\/31\/priprava-west-ham-united-everton-21\/","url":"https:\/\/evertonfc.cz\/index.php\/2025\/07\/31\/priprava-west-ham-united-everton-21\/","name":"Pr\u00edprava: West Ham United \u2013 Everton 2:1 - Official Czech &amp; Slovak Everton Supporters&#039; Club","isPartOf":{"@id":"https:\/\/evertonfc.cz\/#website"},"primaryImageOfPage":{"@id":"https:\/\/evertonfc.cz\/index.php\/2025\/07\/31\/priprava-west-ham-united-everton-21\/#primaryimage"},"image":{"@id":"https:\/\/evertonfc.cz\/index.php\/2025\/07\/31\/priprava-west-ham-united-everton-21\/#primaryimage"},"thumbnailUrl":"https:\/\/evertonfc.cz\/wp-content\/uploads\/2025\/07\/West-Ham-2-1-Everton-by-Everton-FC-30-7-2025.jpg","datePublished":"2025-07-31T10:49:14+00:00","dateModified":"2025-07-31T10:49:14+00:00","breadcrumb":{"@id":"https:\/\/evertonfc.cz\/index.php\/2025\/07\/31\/priprava-west-ham-united-everton-21\/#breadcrumb"},"inLanguage":"cs","potentialAction":[{"@type":"ReadAction","target":["https:\/\/evertonfc.cz\/index.php\/2025\/07\/31\/priprava-west-ham-united-everton-21\/"]}]},{"@type":"ImageObject","inLanguage":"cs","@id":"https:\/\/evertonfc.cz\/index.php\/2025\/07\/31\/priprava-west-ham-united-everton-21\/#primaryimage","url":"https:\/\/evertonfc.cz\/wp-content\/uploads\/2025\/07\/West-Ham-2-1-Everton-by-Everton-FC-30-7-2025.jpg","contentUrl":"https:\/\/evertonfc.cz\/wp-content\/uploads\/2025\/07\/West-Ham-2-1-Everton-by-Everton-FC-30-7-2025.jpg","width":720,"height":405},{"@type":"BreadcrumbList","@id":"https:\/\/evertonfc.cz\/index.php\/2025\/07\/31\/priprava-west-ham-united-everton-21\/#breadcrumb","itemListElement":[{"@type":"ListItem","position":1,"name":"Home","item":"https:\/\/evertonfc.cz\/"},{"@type":"ListItem","position":2,"name":"Pr\u00edprava: West Ham United \u2013 Everton 2:1"}]},{"@type":"WebSite","@id":"https:\/\/evertonfc.cz\/#website","url":"https:\/\/evertonfc.cz\/","name":"Official Czech &amp; Slovak Everton Supporters&#039; Club","description":"","publisher":{"@id":"https:\/\/evertonfc.cz\/#organization"},"potentialAction":[{"@type":"SearchAction","target":{"@type":"EntryPoint","urlTemplate":"https:\/\/evertonfc.cz\/?s={search_term_string}"},"query-input":{"@type":"PropertyValueSpecification","valueRequired":true,"valueName":"search_term_string"}}],"inLanguage":"cs"},{"@type":"Organization","@id":"https:\/\/evertonfc.cz\/#organization","name":"Official Czech & Slovak Everton Supporters' Club","url":"https:\/\/evertonfc.cz\/","logo":{"@type":"ImageObject","inLanguage":"cs","@id":"https:\/\/evertonfc.cz\/#\/schema\/logo\/image\/","url":"https:\/\/evertonfc.cz\/wp-content\/uploads\/2019\/05\/logo.png","contentUrl":"https:\/\/evertonfc.cz\/wp-content\/uploads\/2019\/05\/logo.png","width":112,"height":112,"caption":"Official Czech & Slovak Everton Supporters' Club"},"image":{"@id":"https:\/\/evertonfc.cz\/#\/schema\/logo\/image\/"},"sameAs":["https:\/\/www.facebook.com\/everton.fans.cz.sk"]},{"@type":"Person","@id":"https:\/\/evertonfc.cz\/#\/schema\/person\/d4493b8cbea51532597fbc4685698916","name":"BlueBlooded","url":"https:\/\/evertonfc.cz\/index.php\/author\/admin\/"}]}},"_links":{"self":[{"href":"https:\/\/evertonfc.cz\/index.php\/wp-json\/wp\/v2\/posts\/27163"}],"collection":[{"href":"https:\/\/evertonfc.cz\/index.php\/wp-json\/wp\/v2\/posts"}],"about":[{"href":"https:\/\/evertonfc.cz\/index.php\/wp-json\/wp\/v2\/types\/post"}],"author":[{"embeddable":true,"href":"https:\/\/evertonfc.cz\/index.php\/wp-json\/wp\/v2\/users\/1"}],"replies":[{"embeddable":true,"href":"https:\/\/evertonfc.cz\/index.php\/wp-json\/wp\/v2\/comments?post=27163"}],"version-history":[{"count":2,"href":"https:\/\/evertonfc.cz\/index.php\/wp-json\/wp\/v2\/posts\/27163\/revisions"}],"predecessor-version":[{"id":27166,"href":"https:\/\/evertonfc.cz\/index.php\/wp-json\/wp\/v2\/posts\/27163\/revisions\/27166"}],"wp:featuredmedia":[{"embeddable":true,"href":"https:\/\/evertonfc.cz\/index.php\/wp-json\/wp\/v2\/media\/27164"}],"wp:attachment":[{"href":"https:\/\/evertonfc.cz\/index.php\/wp-json\/wp\/v2\/media?parent=27163"}],"wp:term":[{"taxonomy":"category","embeddable":true,"href":"https:\/\/evertonfc.cz\/index.php\/wp-json\/wp\/v2\/categories?post=27163"},{"taxonomy":"post_tag","embeddable":true,"href":"https:\/\/evertonfc.cz\/index.php\/wp-json\/wp\/v2\/tags?post=27163"}],"curies":[{"name":"wp","href":"https:\/\/api.w.org\/{rel}","templated":true}]}}