{"id":27210,"date":"2025-08-12T19:27:23","date_gmt":"2025-08-12T17:27:23","guid":{"rendered":"https:\/\/evertonfc.cz\/?p=27210"},"modified":"2025-08-13T08:06:18","modified_gmt":"2025-08-13T06:06:18","slug":"jack-realish-in-the-house","status":"publish","type":"post","link":"https:\/\/evertonfc.cz\/index.php\/2025\/08\/12\/jack-realish-in-the-house\/","title":{"rendered":"Jack Grealish in the house!"},"content":{"rendered":"<h4>To, co se zpo\u010d\u00e1tku jevilo jako bl\u00e1zniv\u00fd v\u00fdk\u0159ik bulv\u00e1ru, se zm\u011bnilo v realitu. Hv\u011bzdn\u00fd Jack Grealish bude nosit dres Evertonu.<\/h4>\n<p>29let\u00fd ofenzivn\u00ed z\u00e1lo\u017en\u00edk p\u0159ich\u00e1z\u00ed z Manchesteru City na ro\u010dn\u00ed hostov\u00e1n\u00ed. Podle neofici\u00e1ln\u00edch zdroj\u016f vyjde Everton na 12 milion\u016f liber, z \u010deho\u017e se pokryje 75 procent jeho t\u00fddenn\u00ed mzdy ve v\u00fd\u0161i 300 tis\u00edc liber. Dal\u0161\u00ed poplatky klub platit nebude.<\/p>\n<p>V ot\u00e1zce, zda si Citizens do smlouvy o hostov\u00e1n\u00ed za\u0159adili i opci na p\u0159estup v hodnot\u011b 50 milion\u016f liber, se novin\u00e1\u0159i (BBC versus Athletic) neshodnou. I kdyby to ale byla pravda, je m\u00e1lo pravd\u011bpodobn\u00e9, \u017ee by ji Toffees po skon\u010den\u00ed bl\u00ed\u017e\u00edc\u00ed se sez\u00f3ny vyu\u017eili. Grealish m\u00e1 toti\u017e na Etihad Stadium smlouvu pouze do roku 2027.<\/p>\n<p data-start=\"0\" data-end=\"354\"><em>\u201eJsem nad\u0161en\u00fd, \u017ee jsem se upsal Evertonu. Moc to pro m\u011b znamen\u00e1,\u201c<\/em> prozradila \u0161est\u00e1 letn\u00ed posila Evertonu, <em>\u201ep\u0159ich\u00e1z\u00edm do skv\u011bl\u00e9ho klubu se skv\u011bl\u00fdmi fanou\u0161ky. Jakmile jsem mluvil s mana\u017eerem Moyesem, v\u011bd\u011bl jsem, \u017ee je to p\u0159esn\u011b ten klub, za kter\u00fd chci hr\u00e1t. Na soci\u00e1ln\u00edch s\u00edt\u00edch m\u011b doslova zaplavily zpr\u00e1vy od fanou\u0161k\u016f a i tato podpora p\u0159isp\u011bla k m\u00e9mu rozhodnut\u00ed vybrat si pr\u00e1v\u011b Everton.<\/em><\/p>\n<p data-start=\"356\" data-end=\"476\" data-is-last-node=\"\" data-is-only-node=\"\"><em>Cht\u011bl bych v\u0161em fanou\u0161k\u016fm pod\u011bkovat za projevenou n\u00e1klonnost. Douf\u00e1m a pevn\u011b v\u011b\u0159\u00edm, \u017ee ji brzy splat\u00edm v\u00fdkony na h\u0159i\u0161ti.\u201c<\/em><\/p>\n<p>Jak se vlastn\u011b rekordn\u00ed, d\u0159\u00edve sto milionov\u00fd rod\u00e1k z Birminghamu ocitl na Merseyside? Po p\u0159estupu z Aston Villy do Manchesteru City v l\u00e9t\u011b 2021, kde se vy\u0161vihl mezi elitu Premier League, pro\u017eil v nov\u00e9m p\u016fsobi\u0161ti dv\u011b snov\u00e9 sez\u00f3ny. Vrcholem byl ro\u010dn\u00edk 2022\/23, kdy z lev\u00e9ho k\u0159\u00eddla jako kl\u00ed\u010dov\u00e1 opora pomohl City z\u00edskat vysn\u011bn\u00fd treble \u2013 ligov\u00fd titul, FA Cup a kone\u010dn\u011b i Ligu mistr\u016f.<\/p>\n<p>O rok pozd\u011bji sice se City obh\u00e1jil dom\u00e1c\u00ed titul, ale des\u00edtka na jeho z\u00e1dech u\u017e nem\u011bla nedotknuteln\u00e9 m\u00edsto. P\u0159\u00edze\u0148 Pepa Guardioly pomalu sl\u00e1bla a v lo\u0148sk\u00e9 nevyda\u0159en\u00e9 sez\u00f3n\u011b petrodolarov\u00e9ho giganta se Grealish na h\u0159i\u0161ti objevoval sp\u00ed\u0161e epizodn\u011b. V Premier League nasb\u00edral jen n\u011bco m\u00e1lo p\u0159es 700 minut. V z\u00e1v\u011bru ro\u010dn\u00edku dokonce vypadl ze z\u00e1pasov\u00e9 nominace a z\u016fstal bez letenky na mistrovstv\u00ed sv\u011bta klub\u016f.<\/p>\n<p>V prob\u00edhaj\u00edc\u00edm l\u00e9t\u011b ho City nab\u00edzelo k prodeji, jen\u017ee \u017e\u00e1dn\u00fd klub nebyl ochoten p\u0159istoupit na kombinaci vysok\u00e9 mzdy a p\u0159estupov\u00e9ho poplatku. Kdy\u017e se za\u010dalo mluvit o hostov\u00e1n\u00ed, ve h\u0159e bylo n\u011bkolik z\u00e1jemc\u016f. Nakonec si Grealish, trochu p\u0159ekvapiv\u011b, vybral Everton.<\/p>\n<p>D\u016fvod\u016f je v\u0161ak hned n\u011bkolik: nemus\u00ed se st\u011bhovat daleko od sv\u00e9 milovan\u00e9 rodiny, m\u00e1 t\u00e9m\u011b\u0159 jist\u00e9 m\u00edsto v z\u00e1kladn\u00ed sestav\u011b a l\u00e1k\u00e1 ho ambici\u00f3zn\u00ed projekt spojen\u00fd s nov\u00fdm stadionem. I proto obl\u00e9kne dres Evertonu s \u010d\u00edslem 18, kter\u00e9 na Goodison Parku d\u0159\u00edve nosili jeho obl\u00edben\u00ed angli\u010dt\u00ed velik\u00e1ni Paul Gascoigne a Wayne Rooney, a pokus\u00ed se znovu nastartovat stagnuj\u00edc\u00ed kari\u00e9ru, vr\u00e1tit se do reprezentace a vybojovat si \u00fa\u010dast na mistrovstv\u00ed sv\u011bta 2026 v Severn\u00ed Americe.<\/p>\n<p data-start=\"40\" data-end=\"226\">B\u011bhem \u010dty\u0159 let odehr\u00e1l za City 157 sout\u011b\u017en\u00edch z\u00e1pas\u016f, ve kter\u00fdch vst\u0159elil 17 branek a p\u0159ipsal si 23 asistenc\u00ed. Za Albion nastoupil od roku 2020 do 39 utk\u00e1n\u00ed a vst\u0159elil v nich \u010dty\u0159i g\u00f3ly.<\/p>\n<h4 data-start=\"40\" data-end=\"226\">Romantika, nebo pragmatismus?<\/h4>\n<p>Na Grealishovo anga\u017em\u00e1 se d\u00e1 pohl\u00ed\u017eet ze dvou \u00fahl\u016f. Bu\u010f se nech\u00e1me un\u00e9st fotbalovou romantikou a zasn\u00edme se, co m\u016f\u017ee hr\u00e1\u010d sv\u011btov\u00e9 t\u0159\u00eddy vykouzlit v kr\u00e1lovsky modr\u00e9m dresu na nov\u00e9m impozantn\u00edm stadionu. P\u0159ekon\u00e1 m\u00ed\u010dovou poezii Jamese Rodr\u00edgueze, kterou kv\u016fli celosv\u011btov\u00e9 pandemii mohlo na\u017eivo obdivovat jen p\u00e1r tis\u00edc \u0161\u0165astlivc\u016f? Bezpochyby ano, v\u017edy\u0165 je to hv\u011bzdn\u00e9 d\u00edt\u011b anglick\u00e9ho fotbalu.<\/p>\n<p>Anebo se p\u0159iklon\u00edme k pragmatick\u00e9mu, mo\u017en\u00e1 a\u017e skepti\u010dt\u011bj\u0161\u00edmu pohledu. 12 milion\u016f liber za ro\u010dn\u00ed hostov\u00e1n\u00ed nen\u00ed zrovna drobn\u00e1 polo\u017eka pro klub, kter\u00fd se teprve ned\u00e1vno vzpamatoval z finan\u010dn\u00edch pot\u00ed\u017e\u00ed a bodov\u00fdch odpo\u010dt\u016f. Pot\u0159ebuje Everton opravdu dal\u0161\u00ed lev\u00e9 k\u0159\u00eddlo a des\u00edtku? Otazn\u00edkem z\u016fst\u00e1v\u00e1 i Grealishova fyzick\u00e1 p\u0159ipravenost, naposledy odehr\u00e1l z\u00e1pas v dubnu. A nen\u00ed radno za\u010d\u00ednat s pochybami o jeho \u017eivotospr\u00e1v\u011b.<\/p>\n<p>Vyberte si svou stranu. Odpov\u011b\u010f p\u0159inese n\u00e1sleduj\u00edc\u00edch deset m\u011bs\u00edc\u016f.<\/p>\n","protected":false},"excerpt":{"rendered":"<p>To, co se zpo\u010d\u00e1tku jevilo jako bl\u00e1zniv\u00fd v\u00fdk\u0159ik bulv\u00e1ru, se zm\u011bnilo v realitu. Hv\u011bzdn\u00fd Jack Grealish bude nosit dres Evertonu.<\/p>\n","protected":false},"author":6,"featured_media":27215,"comment_status":"open","ping_status":"closed","sticky":false,"template":"","format":"standard","meta":{"_eb_attr":"","_monsterinsights_skip_tracking":false,"_monsterinsights_sitenote_active":false,"_monsterinsights_sitenote_note":"","_monsterinsights_sitenote_category":0,"footnotes":""},"categories":[41],"tags":[],"yoast_head":"<!-- This site is optimized with the Yoast SEO plugin v23.4 - https:\/\/yoast.com\/wordpress\/plugins\/seo\/ -->\n<title>Jack Grealish in the house! - Official Czech &amp; Slovak Everton Supporters&#039; Club<\/title>\n<meta name=\"description\" content=\"To, co se zpo\u010d\u00e1tku jevilo jako bl\u00e1zniv\u00fd v\u00fdk\u0159ik bulv\u00e1ru, se zm\u011bnilo v realitu. Hv\u011bzdn\u00fd Jack Grealish bude nosit dres Evertonu.\" \/>\n<meta name=\"robots\" content=\"index, follow, max-snippet:-1, max-image-preview:large, max-video-preview:-1\" \/>\n<link rel=\"canonical\" href=\"https:\/\/evertonfc.cz\/index.php\/2025\/08\/12\/jack-realish-in-the-house\/\" \/>\n<meta property=\"og:locale\" content=\"cs_CZ\" \/>\n<meta property=\"og:type\" content=\"article\" \/>\n<meta property=\"og:title\" content=\"Jack Grealish in the house! - Official Czech &amp; Slovak Everton Supporters&#039; Club\" \/>\n<meta property=\"og:description\" content=\"To, co se zpo\u010d\u00e1tku jevilo jako bl\u00e1zniv\u00fd v\u00fdk\u0159ik bulv\u00e1ru, se zm\u011bnilo v realitu. Hv\u011bzdn\u00fd Jack Grealish bude nosit dres Evertonu.\" \/>\n<meta property=\"og:url\" content=\"https:\/\/evertonfc.cz\/index.php\/2025\/08\/12\/jack-realish-in-the-house\/\" \/>\n<meta property=\"og:site_name\" content=\"Official Czech &amp; Slovak Everton Supporters&#039; Club\" \/>\n<meta property=\"article:publisher\" content=\"https:\/\/www.facebook.com\/everton.fans.cz.sk\" \/>\n<meta property=\"article:published_time\" content=\"2025-08-12T17:27:23+00:00\" \/>\n<meta property=\"article:modified_time\" content=\"2025-08-13T06:06:18+00:00\" \/>\n<meta property=\"og:image\" content=\"https:\/\/evertonfc.cz\/wp-content\/uploads\/2025\/08\/grealish_11_8_2025.jpg\" \/>\n\t<meta property=\"og:image:width\" content=\"720\" \/>\n\t<meta property=\"og:image:height\" content=\"405\" \/>\n\t<meta property=\"og:image:type\" content=\"image\/jpeg\" \/>\n<meta name=\"author\" content=\"Ri\u010di\" \/>\n<meta name=\"twitter:card\" content=\"summary_large_image\" \/>\n<meta name=\"twitter:creator\" content=\"@rbrejsa\" \/>\n<meta name=\"twitter:label1\" content=\"Napsal(a)\" \/>\n\t<meta name=\"twitter:data1\" content=\"Ri\u010di\" \/>\n\t<meta name=\"twitter:label2\" content=\"Odhadovan\u00e1 doba \u010dten\u00ed\" \/>\n\t<meta name=\"twitter:data2\" content=\"4 minuty\" \/>\n<script type=\"application\/ld+json\" class=\"yoast-schema-graph\">{\"@context\":\"https:\/\/schema.org\",\"@graph\":[{\"@type\":\"Article\",\"@id\":\"https:\/\/evertonfc.cz\/index.php\/2025\/08\/12\/jack-realish-in-the-house\/#article\",\"isPartOf\":{\"@id\":\"https:\/\/evertonfc.cz\/index.php\/2025\/08\/12\/jack-realish-in-the-house\/\"},\"author\":{\"name\":\"Ri\u010di\",\"@id\":\"https:\/\/evertonfc.cz\/#\/schema\/person\/f7a5daedb2ffee98480bc70e191aaef1\"},\"headline\":\"Jack Grealish in the house!\",\"datePublished\":\"2025-08-12T17:27:23+00:00\",\"dateModified\":\"2025-08-13T06:06:18+00:00\",\"mainEntityOfPage\":{\"@id\":\"https:\/\/evertonfc.cz\/index.php\/2025\/08\/12\/jack-realish-in-the-house\/\"},\"wordCount\":799,\"commentCount\":5,\"publisher\":{\"@id\":\"https:\/\/evertonfc.cz\/#organization\"},\"image\":{\"@id\":\"https:\/\/evertonfc.cz\/index.php\/2025\/08\/12\/jack-realish-in-the-house\/#primaryimage\"},\"thumbnailUrl\":\"https:\/\/evertonfc.cz\/wp-content\/uploads\/2025\/08\/grealish_11_8_2025.jpg\",\"articleSection\":[\"P\u0159estupy\"],\"inLanguage\":\"cs\",\"potentialAction\":[{\"@type\":\"CommentAction\",\"name\":\"Comment\",\"target\":[\"https:\/\/evertonfc.cz\/index.php\/2025\/08\/12\/jack-realish-in-the-house\/#respond\"]}]},{\"@type\":\"WebPage\",\"@id\":\"https:\/\/evertonfc.cz\/index.php\/2025\/08\/12\/jack-realish-in-the-house\/\",\"url\":\"https:\/\/evertonfc.cz\/index.php\/2025\/08\/12\/jack-realish-in-the-house\/\",\"name\":\"Jack Grealish in the house! - Official Czech &amp; Slovak Everton Supporters&#039; Club\",\"isPartOf\":{\"@id\":\"https:\/\/evertonfc.cz\/#website\"},\"primaryImageOfPage\":{\"@id\":\"https:\/\/evertonfc.cz\/index.php\/2025\/08\/12\/jack-realish-in-the-house\/#primaryimage\"},\"image\":{\"@id\":\"https:\/\/evertonfc.cz\/index.php\/2025\/08\/12\/jack-realish-in-the-house\/#primaryimage\"},\"thumbnailUrl\":\"https:\/\/evertonfc.cz\/wp-content\/uploads\/2025\/08\/grealish_11_8_2025.jpg\",\"datePublished\":\"2025-08-12T17:27:23+00:00\",\"dateModified\":\"2025-08-13T06:06:18+00:00\",\"description\":\"To, co se zpo\u010d\u00e1tku jevilo jako bl\u00e1zniv\u00fd v\u00fdk\u0159ik bulv\u00e1ru, se zm\u011bnilo v realitu. Hv\u011bzdn\u00fd Jack Grealish bude nosit dres Evertonu.\",\"breadcrumb\":{\"@id\":\"https:\/\/evertonfc.cz\/index.php\/2025\/08\/12\/jack-realish-in-the-house\/#breadcrumb\"},\"inLanguage\":\"cs\",\"potentialAction\":[{\"@type\":\"ReadAction\",\"target\":[\"https:\/\/evertonfc.cz\/index.php\/2025\/08\/12\/jack-realish-in-the-house\/\"]}]},{\"@type\":\"ImageObject\",\"inLanguage\":\"cs\",\"@id\":\"https:\/\/evertonfc.cz\/index.php\/2025\/08\/12\/jack-realish-in-the-house\/#primaryimage\",\"url\":\"https:\/\/evertonfc.cz\/wp-content\/uploads\/2025\/08\/grealish_11_8_2025.jpg\",\"contentUrl\":\"https:\/\/evertonfc.cz\/wp-content\/uploads\/2025\/08\/grealish_11_8_2025.jpg\",\"width\":720,\"height\":405},{\"@type\":\"BreadcrumbList\",\"@id\":\"https:\/\/evertonfc.cz\/index.php\/2025\/08\/12\/jack-realish-in-the-house\/#breadcrumb\",\"itemListElement\":[{\"@type\":\"ListItem\",\"position\":1,\"name\":\"Home\",\"item\":\"https:\/\/evertonfc.cz\/\"},{\"@type\":\"ListItem\",\"position\":2,\"name\":\"Jack Grealish in the house!\"}]},{\"@type\":\"WebSite\",\"@id\":\"https:\/\/evertonfc.cz\/#website\",\"url\":\"https:\/\/evertonfc.cz\/\",\"name\":\"Official Czech &amp; Slovak Everton Supporters&#039; Club\",\"description\":\"\",\"publisher\":{\"@id\":\"https:\/\/evertonfc.cz\/#organization\"},\"potentialAction\":[{\"@type\":\"SearchAction\",\"target\":{\"@type\":\"EntryPoint\",\"urlTemplate\":\"https:\/\/evertonfc.cz\/?s={search_term_string}\"},\"query-input\":{\"@type\":\"PropertyValueSpecification\",\"valueRequired\":true,\"valueName\":\"search_term_string\"}}],\"inLanguage\":\"cs\"},{\"@type\":\"Organization\",\"@id\":\"https:\/\/evertonfc.cz\/#organization\",\"name\":\"Official Czech & Slovak Everton Supporters' Club\",\"url\":\"https:\/\/evertonfc.cz\/\",\"logo\":{\"@type\":\"ImageObject\",\"inLanguage\":\"cs\",\"@id\":\"https:\/\/evertonfc.cz\/#\/schema\/logo\/image\/\",\"url\":\"https:\/\/evertonfc.cz\/wp-content\/uploads\/2019\/05\/logo.png\",\"contentUrl\":\"https:\/\/evertonfc.cz\/wp-content\/uploads\/2019\/05\/logo.png\",\"width\":112,\"height\":112,\"caption\":\"Official Czech & Slovak Everton Supporters' Club\"},\"image\":{\"@id\":\"https:\/\/evertonfc.cz\/#\/schema\/logo\/image\/\"},\"sameAs\":[\"https:\/\/www.facebook.com\/everton.fans.cz.sk\"]},{\"@type\":\"Person\",\"@id\":\"https:\/\/evertonfc.cz\/#\/schema\/person\/f7a5daedb2ffee98480bc70e191aaef1\",\"name\":\"Ri\u010di\",\"sameAs\":[\"https:\/\/x.com\/rbrejsa\"],\"url\":\"https:\/\/evertonfc.cz\/index.php\/author\/rici\/\"}]}<\/script>\n<!-- \/ Yoast SEO plugin. -->","yoast_head_json":{"title":"Jack Grealish in the house! - Official Czech &amp; Slovak Everton Supporters&#039; Club","description":"To, co se zpo\u010d\u00e1tku jevilo jako bl\u00e1zniv\u00fd v\u00fdk\u0159ik bulv\u00e1ru, se zm\u011bnilo v realitu. Hv\u011bzdn\u00fd Jack Grealish bude nosit dres Evertonu.","robots":{"index":"index","follow":"follow","max-snippet":"max-snippet:-1","max-image-preview":"max-image-preview:large","max-video-preview":"max-video-preview:-1"},"canonical":"https:\/\/evertonfc.cz\/index.php\/2025\/08\/12\/jack-realish-in-the-house\/","og_locale":"cs_CZ","og_type":"article","og_title":"Jack Grealish in the house! - Official Czech &amp; Slovak Everton Supporters&#039; Club","og_description":"To, co se zpo\u010d\u00e1tku jevilo jako bl\u00e1zniv\u00fd v\u00fdk\u0159ik bulv\u00e1ru, se zm\u011bnilo v realitu. Hv\u011bzdn\u00fd Jack Grealish bude nosit dres Evertonu.","og_url":"https:\/\/evertonfc.cz\/index.php\/2025\/08\/12\/jack-realish-in-the-house\/","og_site_name":"Official Czech &amp; Slovak Everton Supporters&#039; Club","article_publisher":"https:\/\/www.facebook.com\/everton.fans.cz.sk","article_published_time":"2025-08-12T17:27:23+00:00","article_modified_time":"2025-08-13T06:06:18+00:00","og_image":[{"width":720,"height":405,"url":"https:\/\/evertonfc.cz\/wp-content\/uploads\/2025\/08\/grealish_11_8_2025.jpg","type":"image\/jpeg"}],"author":"Ri\u010di","twitter_card":"summary_large_image","twitter_creator":"@rbrejsa","twitter_misc":{"Napsal(a)":"Ri\u010di","Odhadovan\u00e1 doba \u010dten\u00ed":"4 minuty"},"schema":{"@context":"https:\/\/schema.org","@graph":[{"@type":"Article","@id":"https:\/\/evertonfc.cz\/index.php\/2025\/08\/12\/jack-realish-in-the-house\/#article","isPartOf":{"@id":"https:\/\/evertonfc.cz\/index.php\/2025\/08\/12\/jack-realish-in-the-house\/"},"author":{"name":"Ri\u010di","@id":"https:\/\/evertonfc.cz\/#\/schema\/person\/f7a5daedb2ffee98480bc70e191aaef1"},"headline":"Jack Grealish in the house!","datePublished":"2025-08-12T17:27:23+00:00","dateModified":"2025-08-13T06:06:18+00:00","mainEntityOfPage":{"@id":"https:\/\/evertonfc.cz\/index.php\/2025\/08\/12\/jack-realish-in-the-house\/"},"wordCount":799,"commentCount":5,"publisher":{"@id":"https:\/\/evertonfc.cz\/#organization"},"image":{"@id":"https:\/\/evertonfc.cz\/index.php\/2025\/08\/12\/jack-realish-in-the-house\/#primaryimage"},"thumbnailUrl":"https:\/\/evertonfc.cz\/wp-content\/uploads\/2025\/08\/grealish_11_8_2025.jpg","articleSection":["P\u0159estupy"],"inLanguage":"cs","potentialAction":[{"@type":"CommentAction","name":"Comment","target":["https:\/\/evertonfc.cz\/index.php\/2025\/08\/12\/jack-realish-in-the-house\/#respond"]}]},{"@type":"WebPage","@id":"https:\/\/evertonfc.cz\/index.php\/2025\/08\/12\/jack-realish-in-the-house\/","url":"https:\/\/evertonfc.cz\/index.php\/2025\/08\/12\/jack-realish-in-the-house\/","name":"Jack Grealish in the house! - Official Czech &amp; Slovak Everton Supporters&#039; Club","isPartOf":{"@id":"https:\/\/evertonfc.cz\/#website"},"primaryImageOfPage":{"@id":"https:\/\/evertonfc.cz\/index.php\/2025\/08\/12\/jack-realish-in-the-house\/#primaryimage"},"image":{"@id":"https:\/\/evertonfc.cz\/index.php\/2025\/08\/12\/jack-realish-in-the-house\/#primaryimage"},"thumbnailUrl":"https:\/\/evertonfc.cz\/wp-content\/uploads\/2025\/08\/grealish_11_8_2025.jpg","datePublished":"2025-08-12T17:27:23+00:00","dateModified":"2025-08-13T06:06:18+00:00","description":"To, co se zpo\u010d\u00e1tku jevilo jako bl\u00e1zniv\u00fd v\u00fdk\u0159ik bulv\u00e1ru, se zm\u011bnilo v realitu. Hv\u011bzdn\u00fd Jack Grealish bude nosit dres Evertonu.","breadcrumb":{"@id":"https:\/\/evertonfc.cz\/index.php\/2025\/08\/12\/jack-realish-in-the-house\/#breadcrumb"},"inLanguage":"cs","potentialAction":[{"@type":"ReadAction","target":["https:\/\/evertonfc.cz\/index.php\/2025\/08\/12\/jack-realish-in-the-house\/"]}]},{"@type":"ImageObject","inLanguage":"cs","@id":"https:\/\/evertonfc.cz\/index.php\/2025\/08\/12\/jack-realish-in-the-house\/#primaryimage","url":"https:\/\/evertonfc.cz\/wp-content\/uploads\/2025\/08\/grealish_11_8_2025.jpg","contentUrl":"https:\/\/evertonfc.cz\/wp-content\/uploads\/2025\/08\/grealish_11_8_2025.jpg","width":720,"height":405},{"@type":"BreadcrumbList","@id":"https:\/\/evertonfc.cz\/index.php\/2025\/08\/12\/jack-realish-in-the-house\/#breadcrumb","itemListElement":[{"@type":"ListItem","position":1,"name":"Home","item":"https:\/\/evertonfc.cz\/"},{"@type":"ListItem","position":2,"name":"Jack Grealish in the house!"}]},{"@type":"WebSite","@id":"https:\/\/evertonfc.cz\/#website","url":"https:\/\/evertonfc.cz\/","name":"Official Czech &amp; Slovak Everton Supporters&#039; Club","description":"","publisher":{"@id":"https:\/\/evertonfc.cz\/#organization"},"potentialAction":[{"@type":"SearchAction","target":{"@type":"EntryPoint","urlTemplate":"https:\/\/evertonfc.cz\/?s={search_term_string}"},"query-input":{"@type":"PropertyValueSpecification","valueRequired":true,"valueName":"search_term_string"}}],"inLanguage":"cs"},{"@type":"Organization","@id":"https:\/\/evertonfc.cz\/#organization","name":"Official Czech & Slovak Everton Supporters' Club","url":"https:\/\/evertonfc.cz\/","logo":{"@type":"ImageObject","inLanguage":"cs","@id":"https:\/\/evertonfc.cz\/#\/schema\/logo\/image\/","url":"https:\/\/evertonfc.cz\/wp-content\/uploads\/2019\/05\/logo.png","contentUrl":"https:\/\/evertonfc.cz\/wp-content\/uploads\/2019\/05\/logo.png","width":112,"height":112,"caption":"Official Czech & Slovak Everton Supporters' Club"},"image":{"@id":"https:\/\/evertonfc.cz\/#\/schema\/logo\/image\/"},"sameAs":["https:\/\/www.facebook.com\/everton.fans.cz.sk"]},{"@type":"Person","@id":"https:\/\/evertonfc.cz\/#\/schema\/person\/f7a5daedb2ffee98480bc70e191aaef1","name":"Ri\u010di","sameAs":["https:\/\/x.com\/rbrejsa"],"url":"https:\/\/evertonfc.cz\/index.php\/author\/rici\/"}]}},"_links":{"self":[{"href":"https:\/\/evertonfc.cz\/index.php\/wp-json\/wp\/v2\/posts\/27210"}],"collection":[{"href":"https:\/\/evertonfc.cz\/index.php\/wp-json\/wp\/v2\/posts"}],"about":[{"href":"https:\/\/evertonfc.cz\/index.php\/wp-json\/wp\/v2\/types\/post"}],"author":[{"embeddable":true,"href":"https:\/\/evertonfc.cz\/index.php\/wp-json\/wp\/v2\/users\/6"}],"replies":[{"embeddable":true,"href":"https:\/\/evertonfc.cz\/index.php\/wp-json\/wp\/v2\/comments?post=27210"}],"version-history":[{"count":15,"href":"https:\/\/evertonfc.cz\/index.php\/wp-json\/wp\/v2\/posts\/27210\/revisions"}],"predecessor-version":[{"id":27248,"href":"https:\/\/evertonfc.cz\/index.php\/wp-json\/wp\/v2\/posts\/27210\/revisions\/27248"}],"wp:featuredmedia":[{"embeddable":true,"href":"https:\/\/evertonfc.cz\/index.php\/wp-json\/wp\/v2\/media\/27215"}],"wp:attachment":[{"href":"https:\/\/evertonfc.cz\/index.php\/wp-json\/wp\/v2\/media?parent=27210"}],"wp:term":[{"taxonomy":"category","embeddable":true,"href":"https:\/\/evertonfc.cz\/index.php\/wp-json\/wp\/v2\/categories?post=27210"},{"taxonomy":"post_tag","embeddable":true,"href":"https:\/\/evertonfc.cz\/index.php\/wp-json\/wp\/v2\/tags?post=27210"}],"curies":[{"name":"wp","href":"https:\/\/api.w.org\/{rel}","templated":true}]}}