{"id":27258,"date":"2025-08-15T21:14:48","date_gmt":"2025-08-15T19:14:48","guid":{"rendered":"https:\/\/evertonfc.cz\/?p=27258"},"modified":"2025-08-15T21:21:10","modified_gmt":"2025-08-15T19:21:10","slug":"brankarskou-ekipu-rozsiruje-king","status":"publish","type":"post","link":"https:\/\/evertonfc.cz\/index.php\/2025\/08\/15\/brankarskou-ekipu-rozsiruje-king\/","title":{"rendered":"Brank\u00e1\u0159skou ekipu roz\u0161i\u0159uje King"},"content":{"rendered":"<h4 data-start=\"109\" data-end=\"227\">Prav\u00e9 k\u0159\u00eddlo? Ne. Prav\u00fd obr\u00e1nce? St\u0159edn\u00ed z\u00e1lo\u017en\u00edk? Ne. Rad\u011bji dal\u0161\u00ed brank\u00e1\u0159. Tak v\u00edtej, dr\u017eiteli Guinnessova sv\u011btov\u00e9ho rekordu.<\/h4>\n<p data-start=\"229\" data-end=\"428\">30let\u00fd Tom King p\u0159estupuje do Evertonu z Wolverhamptonu Wanderers za nezve\u0159ejn\u011bnou, by\u0165 zajist\u00e9 n\u00edzkou \u010d\u00e1stku v ni\u017e\u0161\u00edch jednotk\u00e1ch stovek tis\u00edc liber. Na Merseyside podepsal dvouletou smlouvu.<\/p>\n<p data-start=\"430\" data-end=\"644\">Vel\u0161sk\u00fd brank\u00e1\u0159 je ji\u017e sedmou posilou Toffees v leto\u0161n\u00edm l\u00e9t\u011b. Postupn\u011b modr\u00e9 \u0159ady roz\u0161\u00ed\u0159ili Carlos Alcaraz, Thierno Barry, Mark Travers, Adam Aznou, Kiernan Dewsbury-Hall a naposledy v tomto t\u00fddnu na hostov\u00e1n\u00ed Jack Grealish.<\/p>\n<p data-start=\"646\" data-end=\"822\">King by se mohl zd\u00e1t jako zbyte\u010dn\u00e1 posila. Faktem ale je, \u017ee m\u00edt t\u0159i seniorsk\u00e9 brank\u00e1\u0159e je v Premier League standardem, a mlad\u00fd Harry Tyrer je na odchodu do skotsk\u00fdch Hearts.<\/p>\n<p data-start=\"824\" data-end=\"1074\">Rod\u00e1k z Plymouthu za svou kari\u00e9ru nasb\u00edral mno\u017estv\u00ed zku\u0161enost\u00ed v klubech ni\u017e\u0161\u00edch anglick\u00fdch sout\u011b\u017e\u00ed. Byl kmenov\u00fdm hr\u00e1\u010dem Millwallu, Newportu County, Salfordu City, Northampton Townu a tak\u00e9 hostoval ve Wellingu United, Braintree Town, Stevenage a Wimbledonu.<\/p>\n<p>S fotbalem za\u010d\u00ednal jako chlapec v Manchesteru United, ov\u0161em v tom gibraltarsk\u00e9m. Mnohem pozd\u011bji, v roce 2021 b\u011bhem anga\u017em\u00e1 v Newportu, stanovil sv\u011btov\u00fd rekord v g\u00f3lu z nejdel\u0161\u00ed vzd\u00e1lenosti. Do s\u00edt\u011b Cheltenhamu Town se trefil p\u0159\u00edmo z odkopu od br\u00e1ny i d\u00edky odrazu m\u00ed\u010de od zem\u011b. Odborn\u00edci Guinnessovy knihy rekord\u016f vzd\u00e1lenost zm\u011b\u0159ili na 96,01 metru.<\/p>\n<p style=\"text-align: center;\"><iframe loading=\"lazy\" src=\"\/\/www.youtube.com\/embed\/Es3juxUeQXY?si=apezeAT7deJyicBS\" width=\"560\" height=\"314\" allowfullscreen=\"allowfullscreen\"><\/iframe><\/p>\n<p data-start=\"1399\" data-end=\"1724\">King si tak\u00e9 jednou zachytal za reprezentaci Walesu, v \u010dervnu 2024 debutoval v p\u0159\u00e1telsk\u00e9m utk\u00e1n\u00ed proti Gibraltaru. B\u011bhem dvoulet\u00e9ho p\u016fsoben\u00ed ve Wolverhamptonu plnil roli trojky a nasko\u010dil do jednoho z\u00e1pasu. V posledn\u00edm utk\u00e1n\u00ed lo\u0148sk\u00e9 sez\u00f3ny nastoupil na z\u00e1v\u011bre\u010dn\u00e9 \u010dty\u0159i minuty proti Brentfordu. Jinak byl chv\u00e1len jako dobr\u00fd charakter a obl\u00edben\u00e1 postava v kabin\u011b.<\/p>\n<p data-start=\"1399\" data-end=\"1724\">\u010casto b\u00fdv\u00e1 chv\u00e1len pro sv\u016fj dobr\u00fd charakter a pat\u0159\u00ed mezi obl\u00edben\u00e9 tv\u00e1\u0159e v kabin\u011b, kde sv\u00fdm p\u0159\u00edstupem p\u0159isp\u00edv\u00e1 k dobr\u00e9 atmosf\u00e9\u0159e. I takov\u00ed jsou pot\u0159eba.<\/p>\n<p data-start=\"1726\" data-end=\"2173\">Ve sv\u00e9m prvn\u00edm rozhovoru pro ofici\u00e1ln\u00ed web Evertonu prozradil: <em>\u201eVelmi m\u011b t\u011b\u0161\u00ed, \u017ee jsem se mohl st\u00e1t sou\u010d\u00e1st\u00ed klubu. M\u00e1me dva velmi dobr\u00e9 g\u00f3lmany v Jordanovi Pickfordovi a Marku Traversovi a nad\u011bjn\u00e9ho mlad\u00e9ho brank\u00e1\u0159e Harryho Tyrera. Moje pr\u00e1ce bude sna\u017eit se je vybi\u010dovat k co nejlep\u0161\u00edm v\u00fdkon\u016fm. Z\u00e1rove\u0148 je pro m\u011b obrovskou ct\u00ed, \u017ee se budu moct u\u010dit od anglick\u00e9 brank\u00e1\u0159sk\u00e9 jedni\u010dky. Samoz\u0159ejm\u011b se tak\u00e9 t\u011b\u0161\u00edm, a\u017e za\u017eiji z\u00e1pasovou atmosf\u00e9ru na nov\u00e9m stadionu.\u201c<\/em><\/p>\n","protected":false},"excerpt":{"rendered":"<p>Prav\u00e9 k\u0159\u00eddlo? Ne. Prav\u00fd obr\u00e1nce? St\u0159edn\u00ed z\u00e1lo\u017en\u00edk? Ne. Rad\u011bji dal\u0161\u00ed brank\u00e1\u0159. Tak v\u00edtej, dr\u017eiteli Guinnessova sv\u011btov\u00e9ho rekordu.<\/p>\n","protected":false},"author":6,"featured_media":27257,"comment_status":"open","ping_status":"closed","sticky":false,"template":"","format":"standard","meta":{"_eb_attr":"","_monsterinsights_skip_tracking":false,"_monsterinsights_sitenote_active":false,"_monsterinsights_sitenote_note":"","_monsterinsights_sitenote_category":0,"footnotes":""},"categories":[41],"tags":[],"yoast_head":"<!-- This site is optimized with the Yoast SEO plugin v23.4 - https:\/\/yoast.com\/wordpress\/plugins\/seo\/ -->\n<title>Brank\u00e1\u0159skou ekipu roz\u0161i\u0159uje King - Official Czech &amp; Slovak Everton Supporters&#039; Club<\/title>\n<meta name=\"description\" content=\"Prav\u00e9 k\u0159\u00eddlo? Ne. Prav\u00fd obr\u00e1nce? St\u0159edn\u00ed z\u00e1lo\u017en\u00edk? Ne. Rad\u011bji dal\u0161\u00ed brank\u00e1\u0159. Tak v\u00edtej, dr\u017eiteli Guinnessova sv\u011btov\u00e9ho rekordu.\" \/>\n<meta name=\"robots\" content=\"index, follow, max-snippet:-1, max-image-preview:large, max-video-preview:-1\" \/>\n<link rel=\"canonical\" href=\"https:\/\/evertonfc.cz\/index.php\/2025\/08\/15\/brankarskou-ekipu-rozsiruje-king\/\" \/>\n<meta property=\"og:locale\" content=\"cs_CZ\" \/>\n<meta property=\"og:type\" content=\"article\" \/>\n<meta property=\"og:title\" content=\"Brank\u00e1\u0159skou ekipu roz\u0161i\u0159uje King - Official Czech &amp; Slovak Everton Supporters&#039; Club\" \/>\n<meta property=\"og:description\" content=\"Prav\u00e9 k\u0159\u00eddlo? Ne. Prav\u00fd obr\u00e1nce? St\u0159edn\u00ed z\u00e1lo\u017en\u00edk? Ne. Rad\u011bji dal\u0161\u00ed brank\u00e1\u0159. Tak v\u00edtej, dr\u017eiteli Guinnessova sv\u011btov\u00e9ho rekordu.\" \/>\n<meta property=\"og:url\" content=\"https:\/\/evertonfc.cz\/index.php\/2025\/08\/15\/brankarskou-ekipu-rozsiruje-king\/\" \/>\n<meta property=\"og:site_name\" content=\"Official Czech &amp; Slovak Everton Supporters&#039; Club\" \/>\n<meta property=\"article:publisher\" content=\"https:\/\/www.facebook.com\/everton.fans.cz.sk\" \/>\n<meta property=\"article:published_time\" content=\"2025-08-15T19:14:48+00:00\" \/>\n<meta property=\"article:modified_time\" content=\"2025-08-15T19:21:10+00:00\" \/>\n<meta property=\"og:image\" content=\"https:\/\/evertonfc.cz\/wp-content\/uploads\/2025\/08\/king_14_8_2025.jpg\" \/>\n\t<meta property=\"og:image:width\" content=\"720\" \/>\n\t<meta property=\"og:image:height\" content=\"405\" \/>\n\t<meta property=\"og:image:type\" content=\"image\/jpeg\" \/>\n<meta name=\"author\" content=\"Ri\u010di\" \/>\n<meta name=\"twitter:card\" content=\"summary_large_image\" \/>\n<meta name=\"twitter:creator\" content=\"@rbrejsa\" \/>\n<meta name=\"twitter:label1\" content=\"Napsal(a)\" \/>\n\t<meta name=\"twitter:data1\" content=\"Ri\u010di\" \/>\n\t<meta name=\"twitter:label2\" content=\"Odhadovan\u00e1 doba \u010dten\u00ed\" \/>\n\t<meta name=\"twitter:data2\" content=\"3 minuty\" \/>\n<script type=\"application\/ld+json\" class=\"yoast-schema-graph\">{\"@context\":\"https:\/\/schema.org\",\"@graph\":[{\"@type\":\"Article\",\"@id\":\"https:\/\/evertonfc.cz\/index.php\/2025\/08\/15\/brankarskou-ekipu-rozsiruje-king\/#article\",\"isPartOf\":{\"@id\":\"https:\/\/evertonfc.cz\/index.php\/2025\/08\/15\/brankarskou-ekipu-rozsiruje-king\/\"},\"author\":{\"name\":\"Ri\u010di\",\"@id\":\"https:\/\/evertonfc.cz\/#\/schema\/person\/f7a5daedb2ffee98480bc70e191aaef1\"},\"headline\":\"Brank\u00e1\u0159skou ekipu roz\u0161i\u0159uje King\",\"datePublished\":\"2025-08-15T19:14:48+00:00\",\"dateModified\":\"2025-08-15T19:21:10+00:00\",\"mainEntityOfPage\":{\"@id\":\"https:\/\/evertonfc.cz\/index.php\/2025\/08\/15\/brankarskou-ekipu-rozsiruje-king\/\"},\"wordCount\":465,\"commentCount\":0,\"publisher\":{\"@id\":\"https:\/\/evertonfc.cz\/#organization\"},\"image\":{\"@id\":\"https:\/\/evertonfc.cz\/index.php\/2025\/08\/15\/brankarskou-ekipu-rozsiruje-king\/#primaryimage\"},\"thumbnailUrl\":\"https:\/\/evertonfc.cz\/wp-content\/uploads\/2025\/08\/king_14_8_2025.jpg\",\"articleSection\":[\"P\u0159estupy\"],\"inLanguage\":\"cs\",\"potentialAction\":[{\"@type\":\"CommentAction\",\"name\":\"Comment\",\"target\":[\"https:\/\/evertonfc.cz\/index.php\/2025\/08\/15\/brankarskou-ekipu-rozsiruje-king\/#respond\"]}]},{\"@type\":\"WebPage\",\"@id\":\"https:\/\/evertonfc.cz\/index.php\/2025\/08\/15\/brankarskou-ekipu-rozsiruje-king\/\",\"url\":\"https:\/\/evertonfc.cz\/index.php\/2025\/08\/15\/brankarskou-ekipu-rozsiruje-king\/\",\"name\":\"Brank\u00e1\u0159skou ekipu roz\u0161i\u0159uje King - Official Czech &amp; Slovak Everton Supporters&#039; Club\",\"isPartOf\":{\"@id\":\"https:\/\/evertonfc.cz\/#website\"},\"primaryImageOfPage\":{\"@id\":\"https:\/\/evertonfc.cz\/index.php\/2025\/08\/15\/brankarskou-ekipu-rozsiruje-king\/#primaryimage\"},\"image\":{\"@id\":\"https:\/\/evertonfc.cz\/index.php\/2025\/08\/15\/brankarskou-ekipu-rozsiruje-king\/#primaryimage\"},\"thumbnailUrl\":\"https:\/\/evertonfc.cz\/wp-content\/uploads\/2025\/08\/king_14_8_2025.jpg\",\"datePublished\":\"2025-08-15T19:14:48+00:00\",\"dateModified\":\"2025-08-15T19:21:10+00:00\",\"description\":\"Prav\u00e9 k\u0159\u00eddlo? Ne. Prav\u00fd obr\u00e1nce? St\u0159edn\u00ed z\u00e1lo\u017en\u00edk? Ne. Rad\u011bji dal\u0161\u00ed brank\u00e1\u0159. Tak v\u00edtej, dr\u017eiteli Guinnessova sv\u011btov\u00e9ho rekordu.\",\"breadcrumb\":{\"@id\":\"https:\/\/evertonfc.cz\/index.php\/2025\/08\/15\/brankarskou-ekipu-rozsiruje-king\/#breadcrumb\"},\"inLanguage\":\"cs\",\"potentialAction\":[{\"@type\":\"ReadAction\",\"target\":[\"https:\/\/evertonfc.cz\/index.php\/2025\/08\/15\/brankarskou-ekipu-rozsiruje-king\/\"]}]},{\"@type\":\"ImageObject\",\"inLanguage\":\"cs\",\"@id\":\"https:\/\/evertonfc.cz\/index.php\/2025\/08\/15\/brankarskou-ekipu-rozsiruje-king\/#primaryimage\",\"url\":\"https:\/\/evertonfc.cz\/wp-content\/uploads\/2025\/08\/king_14_8_2025.jpg\",\"contentUrl\":\"https:\/\/evertonfc.cz\/wp-content\/uploads\/2025\/08\/king_14_8_2025.jpg\",\"width\":720,\"height\":405},{\"@type\":\"BreadcrumbList\",\"@id\":\"https:\/\/evertonfc.cz\/index.php\/2025\/08\/15\/brankarskou-ekipu-rozsiruje-king\/#breadcrumb\",\"itemListElement\":[{\"@type\":\"ListItem\",\"position\":1,\"name\":\"Home\",\"item\":\"https:\/\/evertonfc.cz\/\"},{\"@type\":\"ListItem\",\"position\":2,\"name\":\"Brank\u00e1\u0159skou ekipu roz\u0161i\u0159uje King\"}]},{\"@type\":\"WebSite\",\"@id\":\"https:\/\/evertonfc.cz\/#website\",\"url\":\"https:\/\/evertonfc.cz\/\",\"name\":\"Official Czech &amp; Slovak Everton Supporters&#039; Club\",\"description\":\"\",\"publisher\":{\"@id\":\"https:\/\/evertonfc.cz\/#organization\"},\"potentialAction\":[{\"@type\":\"SearchAction\",\"target\":{\"@type\":\"EntryPoint\",\"urlTemplate\":\"https:\/\/evertonfc.cz\/?s={search_term_string}\"},\"query-input\":{\"@type\":\"PropertyValueSpecification\",\"valueRequired\":true,\"valueName\":\"search_term_string\"}}],\"inLanguage\":\"cs\"},{\"@type\":\"Organization\",\"@id\":\"https:\/\/evertonfc.cz\/#organization\",\"name\":\"Official Czech & Slovak Everton Supporters' Club\",\"url\":\"https:\/\/evertonfc.cz\/\",\"logo\":{\"@type\":\"ImageObject\",\"inLanguage\":\"cs\",\"@id\":\"https:\/\/evertonfc.cz\/#\/schema\/logo\/image\/\",\"url\":\"https:\/\/evertonfc.cz\/wp-content\/uploads\/2019\/05\/logo.png\",\"contentUrl\":\"https:\/\/evertonfc.cz\/wp-content\/uploads\/2019\/05\/logo.png\",\"width\":112,\"height\":112,\"caption\":\"Official Czech & Slovak Everton Supporters' Club\"},\"image\":{\"@id\":\"https:\/\/evertonfc.cz\/#\/schema\/logo\/image\/\"},\"sameAs\":[\"https:\/\/www.facebook.com\/everton.fans.cz.sk\"]},{\"@type\":\"Person\",\"@id\":\"https:\/\/evertonfc.cz\/#\/schema\/person\/f7a5daedb2ffee98480bc70e191aaef1\",\"name\":\"Ri\u010di\",\"sameAs\":[\"https:\/\/x.com\/rbrejsa\"],\"url\":\"https:\/\/evertonfc.cz\/index.php\/author\/rici\/\"}]}<\/script>\n<!-- \/ Yoast SEO plugin. -->","yoast_head_json":{"title":"Brank\u00e1\u0159skou ekipu roz\u0161i\u0159uje King - Official Czech &amp; Slovak Everton Supporters&#039; Club","description":"Prav\u00e9 k\u0159\u00eddlo? Ne. Prav\u00fd obr\u00e1nce? St\u0159edn\u00ed z\u00e1lo\u017en\u00edk? Ne. Rad\u011bji dal\u0161\u00ed brank\u00e1\u0159. Tak v\u00edtej, dr\u017eiteli Guinnessova sv\u011btov\u00e9ho rekordu.","robots":{"index":"index","follow":"follow","max-snippet":"max-snippet:-1","max-image-preview":"max-image-preview:large","max-video-preview":"max-video-preview:-1"},"canonical":"https:\/\/evertonfc.cz\/index.php\/2025\/08\/15\/brankarskou-ekipu-rozsiruje-king\/","og_locale":"cs_CZ","og_type":"article","og_title":"Brank\u00e1\u0159skou ekipu roz\u0161i\u0159uje King - Official Czech &amp; Slovak Everton Supporters&#039; Club","og_description":"Prav\u00e9 k\u0159\u00eddlo? Ne. Prav\u00fd obr\u00e1nce? St\u0159edn\u00ed z\u00e1lo\u017en\u00edk? Ne. Rad\u011bji dal\u0161\u00ed brank\u00e1\u0159. Tak v\u00edtej, dr\u017eiteli Guinnessova sv\u011btov\u00e9ho rekordu.","og_url":"https:\/\/evertonfc.cz\/index.php\/2025\/08\/15\/brankarskou-ekipu-rozsiruje-king\/","og_site_name":"Official Czech &amp; Slovak Everton Supporters&#039; Club","article_publisher":"https:\/\/www.facebook.com\/everton.fans.cz.sk","article_published_time":"2025-08-15T19:14:48+00:00","article_modified_time":"2025-08-15T19:21:10+00:00","og_image":[{"width":720,"height":405,"url":"https:\/\/evertonfc.cz\/wp-content\/uploads\/2025\/08\/king_14_8_2025.jpg","type":"image\/jpeg"}],"author":"Ri\u010di","twitter_card":"summary_large_image","twitter_creator":"@rbrejsa","twitter_misc":{"Napsal(a)":"Ri\u010di","Odhadovan\u00e1 doba \u010dten\u00ed":"3 minuty"},"schema":{"@context":"https:\/\/schema.org","@graph":[{"@type":"Article","@id":"https:\/\/evertonfc.cz\/index.php\/2025\/08\/15\/brankarskou-ekipu-rozsiruje-king\/#article","isPartOf":{"@id":"https:\/\/evertonfc.cz\/index.php\/2025\/08\/15\/brankarskou-ekipu-rozsiruje-king\/"},"author":{"name":"Ri\u010di","@id":"https:\/\/evertonfc.cz\/#\/schema\/person\/f7a5daedb2ffee98480bc70e191aaef1"},"headline":"Brank\u00e1\u0159skou ekipu roz\u0161i\u0159uje King","datePublished":"2025-08-15T19:14:48+00:00","dateModified":"2025-08-15T19:21:10+00:00","mainEntityOfPage":{"@id":"https:\/\/evertonfc.cz\/index.php\/2025\/08\/15\/brankarskou-ekipu-rozsiruje-king\/"},"wordCount":465,"commentCount":0,"publisher":{"@id":"https:\/\/evertonfc.cz\/#organization"},"image":{"@id":"https:\/\/evertonfc.cz\/index.php\/2025\/08\/15\/brankarskou-ekipu-rozsiruje-king\/#primaryimage"},"thumbnailUrl":"https:\/\/evertonfc.cz\/wp-content\/uploads\/2025\/08\/king_14_8_2025.jpg","articleSection":["P\u0159estupy"],"inLanguage":"cs","potentialAction":[{"@type":"CommentAction","name":"Comment","target":["https:\/\/evertonfc.cz\/index.php\/2025\/08\/15\/brankarskou-ekipu-rozsiruje-king\/#respond"]}]},{"@type":"WebPage","@id":"https:\/\/evertonfc.cz\/index.php\/2025\/08\/15\/brankarskou-ekipu-rozsiruje-king\/","url":"https:\/\/evertonfc.cz\/index.php\/2025\/08\/15\/brankarskou-ekipu-rozsiruje-king\/","name":"Brank\u00e1\u0159skou ekipu roz\u0161i\u0159uje King - Official Czech &amp; Slovak Everton Supporters&#039; Club","isPartOf":{"@id":"https:\/\/evertonfc.cz\/#website"},"primaryImageOfPage":{"@id":"https:\/\/evertonfc.cz\/index.php\/2025\/08\/15\/brankarskou-ekipu-rozsiruje-king\/#primaryimage"},"image":{"@id":"https:\/\/evertonfc.cz\/index.php\/2025\/08\/15\/brankarskou-ekipu-rozsiruje-king\/#primaryimage"},"thumbnailUrl":"https:\/\/evertonfc.cz\/wp-content\/uploads\/2025\/08\/king_14_8_2025.jpg","datePublished":"2025-08-15T19:14:48+00:00","dateModified":"2025-08-15T19:21:10+00:00","description":"Prav\u00e9 k\u0159\u00eddlo? Ne. Prav\u00fd obr\u00e1nce? St\u0159edn\u00ed z\u00e1lo\u017en\u00edk? Ne. Rad\u011bji dal\u0161\u00ed brank\u00e1\u0159. Tak v\u00edtej, dr\u017eiteli Guinnessova sv\u011btov\u00e9ho rekordu.","breadcrumb":{"@id":"https:\/\/evertonfc.cz\/index.php\/2025\/08\/15\/brankarskou-ekipu-rozsiruje-king\/#breadcrumb"},"inLanguage":"cs","potentialAction":[{"@type":"ReadAction","target":["https:\/\/evertonfc.cz\/index.php\/2025\/08\/15\/brankarskou-ekipu-rozsiruje-king\/"]}]},{"@type":"ImageObject","inLanguage":"cs","@id":"https:\/\/evertonfc.cz\/index.php\/2025\/08\/15\/brankarskou-ekipu-rozsiruje-king\/#primaryimage","url":"https:\/\/evertonfc.cz\/wp-content\/uploads\/2025\/08\/king_14_8_2025.jpg","contentUrl":"https:\/\/evertonfc.cz\/wp-content\/uploads\/2025\/08\/king_14_8_2025.jpg","width":720,"height":405},{"@type":"BreadcrumbList","@id":"https:\/\/evertonfc.cz\/index.php\/2025\/08\/15\/brankarskou-ekipu-rozsiruje-king\/#breadcrumb","itemListElement":[{"@type":"ListItem","position":1,"name":"Home","item":"https:\/\/evertonfc.cz\/"},{"@type":"ListItem","position":2,"name":"Brank\u00e1\u0159skou ekipu roz\u0161i\u0159uje King"}]},{"@type":"WebSite","@id":"https:\/\/evertonfc.cz\/#website","url":"https:\/\/evertonfc.cz\/","name":"Official Czech &amp; Slovak Everton Supporters&#039; Club","description":"","publisher":{"@id":"https:\/\/evertonfc.cz\/#organization"},"potentialAction":[{"@type":"SearchAction","target":{"@type":"EntryPoint","urlTemplate":"https:\/\/evertonfc.cz\/?s={search_term_string}"},"query-input":{"@type":"PropertyValueSpecification","valueRequired":true,"valueName":"search_term_string"}}],"inLanguage":"cs"},{"@type":"Organization","@id":"https:\/\/evertonfc.cz\/#organization","name":"Official Czech & Slovak Everton Supporters' Club","url":"https:\/\/evertonfc.cz\/","logo":{"@type":"ImageObject","inLanguage":"cs","@id":"https:\/\/evertonfc.cz\/#\/schema\/logo\/image\/","url":"https:\/\/evertonfc.cz\/wp-content\/uploads\/2019\/05\/logo.png","contentUrl":"https:\/\/evertonfc.cz\/wp-content\/uploads\/2019\/05\/logo.png","width":112,"height":112,"caption":"Official Czech & Slovak Everton Supporters' Club"},"image":{"@id":"https:\/\/evertonfc.cz\/#\/schema\/logo\/image\/"},"sameAs":["https:\/\/www.facebook.com\/everton.fans.cz.sk"]},{"@type":"Person","@id":"https:\/\/evertonfc.cz\/#\/schema\/person\/f7a5daedb2ffee98480bc70e191aaef1","name":"Ri\u010di","sameAs":["https:\/\/x.com\/rbrejsa"],"url":"https:\/\/evertonfc.cz\/index.php\/author\/rici\/"}]}},"_links":{"self":[{"href":"https:\/\/evertonfc.cz\/index.php\/wp-json\/wp\/v2\/posts\/27258"}],"collection":[{"href":"https:\/\/evertonfc.cz\/index.php\/wp-json\/wp\/v2\/posts"}],"about":[{"href":"https:\/\/evertonfc.cz\/index.php\/wp-json\/wp\/v2\/types\/post"}],"author":[{"embeddable":true,"href":"https:\/\/evertonfc.cz\/index.php\/wp-json\/wp\/v2\/users\/6"}],"replies":[{"embeddable":true,"href":"https:\/\/evertonfc.cz\/index.php\/wp-json\/wp\/v2\/comments?post=27258"}],"version-history":[{"count":3,"href":"https:\/\/evertonfc.cz\/index.php\/wp-json\/wp\/v2\/posts\/27258\/revisions"}],"predecessor-version":[{"id":27261,"href":"https:\/\/evertonfc.cz\/index.php\/wp-json\/wp\/v2\/posts\/27258\/revisions\/27261"}],"wp:featuredmedia":[{"embeddable":true,"href":"https:\/\/evertonfc.cz\/index.php\/wp-json\/wp\/v2\/media\/27257"}],"wp:attachment":[{"href":"https:\/\/evertonfc.cz\/index.php\/wp-json\/wp\/v2\/media?parent=27258"}],"wp:term":[{"taxonomy":"category","embeddable":true,"href":"https:\/\/evertonfc.cz\/index.php\/wp-json\/wp\/v2\/categories?post=27258"},{"taxonomy":"post_tag","embeddable":true,"href":"https:\/\/evertonfc.cz\/index.php\/wp-json\/wp\/v2\/tags?post=27258"}],"curies":[{"name":"wp","href":"https:\/\/api.w.org\/{rel}","templated":true}]}}