{"id":27269,"date":"2025-08-17T15:23:44","date_gmt":"2025-08-17T13:23:44","guid":{"rendered":"https:\/\/evertonfc.cz\/?p=27269"},"modified":"2025-08-17T19:19:31","modified_gmt":"2025-08-17T17:19:31","slug":"preview-leeds-everton-2","status":"publish","type":"post","link":"https:\/\/evertonfc.cz\/index.php\/2025\/08\/17\/preview-leeds-everton-2\/","title":{"rendered":"Preview: Leeds United &#8211; Everton"},"content":{"rendered":"<h4>Nov\u00e1 sez\u00f3na Premier League za\u010d\u00edn\u00e1 pond\u011bln\u00ed dohr\u00e1vkou na h\u0159i\u0161ti nov\u00e1\u010dka.<\/h4>\n<p>Everton nepro\u017eil dobrou p\u0159\u00edpravu. Porazil jen Port Vale, co\u017e bylo utk\u00e1n\u00ed hran\u00e9 doma za zav\u0159en\u00fdmi dve\u0159mi na nov\u00e9m stadionu, ve zbyl\u00fdch \u0161esti z\u00e1pasech uhr\u00e1l dv\u011b rem\u00edzy. Spousta hr\u00e1\u010d\u016f ode\u0161la, ale p\u0159i\u0161la i zaj\u00edmav\u00e1 jm\u00e9na (Barry, Dewsbury-Hall, na ro\u010dn\u00ed hostov\u00e1n\u00ed Grealish). Mana\u017eer Moyes si vysnil p\u0159\u00edchod 8-10 hr\u00e1\u010d\u016f. Na p\u00e1te\u010dn\u00ed p\u0159edz\u00e1pasov\u00e9 konferenci \u0159ekl, \u017ee je\u0161t\u011b pot\u0159ebuje p\u0159\u00edchod n\u011bkolika plejer\u016f, na p\u0159\u00edm\u00fd dotaz ohledn\u011b jejich po\u010dtu odpov\u011bd\u011bl, \u017ee v\u00edce ne\u017e \u010dty\u0159i. Probl\u00e9mem je v tomto sm\u011bru prav\u00e9 k\u0159\u00eddlo, Harrison a Lindstr\u00f8m se po celosez\u00f3nn\u00edm hostov\u00e1n\u00ed vr\u00e1tili do sv\u00fdch mate\u0159sk\u00fdch klub\u016f, a\u010d zl\u00e9 jazyky \u0159\u00edkaj\u00ed, \u017ee pora\u017een\u00fd ze z\u00edt\u0159ej\u0161\u00edho z\u00e1pasu si Harrisona nech\u00e1. (D\u00e1n byl mezit\u00edm posl\u00e1n na dal\u0161\u00ed hostov\u00e1n\u00ed do Wolfsburgu.) Samoz\u0159ejm\u011b tam mohou hr\u00e1t McNeil i Barry, ale ani pro jednoho to nen\u00ed hlavn\u00ed pozice.<\/p>\n<p>Leeds za\u017eil nejslavn\u011bj\u0161\u00ed obdob\u00ed v letech 1964 &#8211; 1974, kdy zvl\u00e1dl vyhr\u00e1t sv\u00e9 prvn\u00ed dva tituly a p\u011btkr\u00e1t skon\u010dil druh\u00fd.<\/p>\n<p>V Anglick\u00e9m poh\u00e1ru se ve stejn\u00e9m \u010dasov\u00e9m rozmez\u00ed dostal do fin\u00e1le \u010dty\u0159ikr\u00e1t, p\u0159i\u010dem\u017e vyhr\u00e1l jednou. T\u0159et\u00ed a zat\u00edm posledn\u00ed titul se v Yorkshiru slavil v roce 1992, kdy t\u00fdm kolem Strachana a Speeda p\u0159ekvapil celou Anglii. Lo\u0148sk\u00fd ro\u010dn\u00edk druh\u00e9 ligy vyhr\u00e1li, \u010dili postoupili p\u0159\u00edmo. Stadion Elland Road pou\u017e\u00edv\u00e1 klub za celou dobu sv\u00e9 existence od roku 1919.<\/p>\n<p>Whites maj\u00ed ve sv\u00e9m k\u00e1dru dal\u0161\u00ed 2 hr\u00e1\u010de, o kter\u00e9 Everton m\u011bl z\u00e1jem &#8211; jednu dobu byli s Karamelkami spojovan\u00ed Gnonto a Bamford. Zat\u00edmco na situaci italsk\u00e9ho \u00fato\u010dn\u00edka se nic nem\u011bn\u00ed, tak anglick\u00fd upadl v nemilost, mana\u017eer Farke v\u00fdslovn\u011b \u0159ekl, \u017ee nen\u00ed v jeho pl\u00e1nech pro tuto sez\u00f3nu. \u0158e\u0161en\u00ed? Hle, Calvert-Lewin! B\u00fdval\u00fd nositel evertonsk\u00e9ho \u010d\u00edsla 9 si tento t\u00fdden s Leedsem pl\u00e1cl a t\u011b\u0161\u00ed se, jak svou kari\u00e9ru o\u017eiv\u00ed v jeho dresu. Podpis pr\u00e1v\u011b s leto\u0161n\u00edm nov\u00e1\u010dkem pozdvihl nejedno obo\u010d\u00ed, zvl\u00e1\u0161\u0165, kdy\u017e odm\u00edtl st\u00e1t se nejl\u00e9pe placen\u00fdm hr\u00e1\u010dem Sunderlandu a dal ko\u0161em i t\u00fdm\u016fm, kter\u00e9 budou hr\u00e1t Ligu Mistr\u016f. Dal\u0161\u00edmi posilami jsou z\u00e1lo\u017en\u00edci Longstaff (Newcastle) a Stach (Hoffenheim), za kter\u00e9 Leeds celkov\u011b zaplatil 29 milion\u016f liber.<\/p>\n<p>Dom\u00e1c\u00ed zcela ur\u010dit\u011b budou postr\u00e1dat slovinsk\u00e9ho obr\u00e1nce (a jednu z letn\u00edch posil) Bijola, kter\u00fd si mus\u00ed odpykat jednoz\u00e1pasov\u00fd trest za vylou\u010den\u00ed proti Florencii v dresu Udine. Otazn\u00edk vis\u00ed nad \u00fa\u010dast\u00ed Bogleho a Bornauwa. Host\u016fm bude chyb\u011bt Branthwaite, \u00fa\u010dast trojice Armstrong &#8211; Mykolenko &#8211; Patterson je nejist\u00e1.<\/p>\n<p><strong>Co:\u00a0<\/strong>Leeds United FC &#8211; Everton FC, 1. kolo Premier League<br \/>\n<strong>Kdy:\u00a0<\/strong>18. srpna 2025 od 21:00<br \/>\n<strong>Kde: <\/strong>Elland Road \u2013 Beeston, Leeds LS11 0ES (kapacita: 37 645)<br \/>\n<strong>TV:\u00a0<\/strong>P\u0159\u00edm\u00fd p\u0159enos na stanici Canal+ Sport, komentuje \u0160tep\u00e1n H\u00e1jek<br \/>\n<strong>Rozhod\u010d\u00ed:\u00a0<\/strong>Chris Kavangh \u2013 Daniel Cook, Lee Betts\u00a0 <strong>\u010ctvrt\u00fd rozhod\u010d\u00ed:\u00a0<\/strong>Andrew Kitchen<br \/>\n<strong>Videorozhod\u010d\u00ed: <\/strong>John Brooks\u00a0<strong>Asistent videorozhod\u010d\u00edho:\u00a0<\/strong>Simon Bennett<\/p>\n","protected":false},"excerpt":{"rendered":"<p>Va\u0161e pravideln\u00e1 d\u00e1vka emoc\u00ed za\u010d\u00edn\u00e1.. ji\u017e v pond\u011bl\u00ed!<\/p>\n","protected":false},"author":12,"featured_media":13816,"comment_status":"open","ping_status":"closed","sticky":false,"template":"","format":"standard","meta":{"_eb_attr":"","_monsterinsights_skip_tracking":false,"_monsterinsights_sitenote_active":false,"_monsterinsights_sitenote_note":"","_monsterinsights_sitenote_category":0,"footnotes":""},"categories":[4],"tags":[],"yoast_head":"<!-- This site is optimized with the Yoast SEO plugin v23.4 - https:\/\/yoast.com\/wordpress\/plugins\/seo\/ -->\n<title>Preview: Leeds United - Everton - Official Czech &amp; Slovak Everton Supporters&#039; Club<\/title>\n<meta name=\"description\" content=\"Va\u0161e pravideln\u00e1 d\u00e1vka emoc\u00ed za\u010d\u00edn\u00e1.. ji\u017e v pond\u011bl\u00ed!\" \/>\n<meta name=\"robots\" content=\"index, follow, max-snippet:-1, max-image-preview:large, max-video-preview:-1\" \/>\n<link rel=\"canonical\" href=\"https:\/\/evertonfc.cz\/index.php\/2025\/08\/17\/preview-leeds-everton-2\/\" \/>\n<meta property=\"og:locale\" content=\"cs_CZ\" \/>\n<meta property=\"og:type\" content=\"article\" \/>\n<meta property=\"og:title\" content=\"Preview: Leeds United - Everton - Official Czech &amp; Slovak Everton Supporters&#039; Club\" \/>\n<meta property=\"og:description\" content=\"Va\u0161e pravideln\u00e1 d\u00e1vka emoc\u00ed za\u010d\u00edn\u00e1.. ji\u017e v pond\u011bl\u00ed!\" \/>\n<meta property=\"og:url\" content=\"https:\/\/evertonfc.cz\/index.php\/2025\/08\/17\/preview-leeds-everton-2\/\" \/>\n<meta property=\"og:site_name\" content=\"Official Czech &amp; Slovak Everton Supporters&#039; Club\" \/>\n<meta property=\"article:publisher\" content=\"https:\/\/www.facebook.com\/everton.fans.cz.sk\" \/>\n<meta property=\"article:published_time\" content=\"2025-08-17T13:23:44+00:00\" \/>\n<meta property=\"article:modified_time\" content=\"2025-08-17T17:19:31+00:00\" \/>\n<meta property=\"og:image\" content=\"https:\/\/evertonfc.cz\/wp-content\/uploads\/2021\/02\/Leeds-United-VS-Everton.jpg\" \/>\n\t<meta property=\"og:image:width\" content=\"720\" \/>\n\t<meta property=\"og:image:height\" content=\"405\" \/>\n\t<meta property=\"og:image:type\" content=\"image\/jpeg\" \/>\n<meta name=\"author\" content=\"Javor\" \/>\n<meta name=\"twitter:card\" content=\"summary_large_image\" \/>\n<meta name=\"twitter:creator\" content=\"@LoudinJan\" \/>\n<meta name=\"twitter:label1\" content=\"Napsal(a)\" \/>\n\t<meta name=\"twitter:data1\" content=\"Javor\" \/>\n\t<meta name=\"twitter:label2\" content=\"Odhadovan\u00e1 doba \u010dten\u00ed\" \/>\n\t<meta name=\"twitter:data2\" content=\"3 minuty\" \/>\n<script type=\"application\/ld+json\" class=\"yoast-schema-graph\">{\"@context\":\"https:\/\/schema.org\",\"@graph\":[{\"@type\":\"Article\",\"@id\":\"https:\/\/evertonfc.cz\/index.php\/2025\/08\/17\/preview-leeds-everton-2\/#article\",\"isPartOf\":{\"@id\":\"https:\/\/evertonfc.cz\/index.php\/2025\/08\/17\/preview-leeds-everton-2\/\"},\"author\":{\"name\":\"Javor\",\"@id\":\"https:\/\/evertonfc.cz\/#\/schema\/person\/b30daf6a5852f4811f8207a17ec1bf78\"},\"headline\":\"Preview: Leeds United &#8211; Everton\",\"datePublished\":\"2025-08-17T13:23:44+00:00\",\"dateModified\":\"2025-08-17T17:19:31+00:00\",\"mainEntityOfPage\":{\"@id\":\"https:\/\/evertonfc.cz\/index.php\/2025\/08\/17\/preview-leeds-everton-2\/\"},\"wordCount\":564,\"commentCount\":25,\"publisher\":{\"@id\":\"https:\/\/evertonfc.cz\/#organization\"},\"image\":{\"@id\":\"https:\/\/evertonfc.cz\/index.php\/2025\/08\/17\/preview-leeds-everton-2\/#primaryimage\"},\"thumbnailUrl\":\"https:\/\/evertonfc.cz\/wp-content\/uploads\/2021\/02\/Leeds-United-VS-Everton.jpg\",\"articleSection\":[\"Z\u00e1pasy\"],\"inLanguage\":\"cs\",\"potentialAction\":[{\"@type\":\"CommentAction\",\"name\":\"Comment\",\"target\":[\"https:\/\/evertonfc.cz\/index.php\/2025\/08\/17\/preview-leeds-everton-2\/#respond\"]}]},{\"@type\":\"WebPage\",\"@id\":\"https:\/\/evertonfc.cz\/index.php\/2025\/08\/17\/preview-leeds-everton-2\/\",\"url\":\"https:\/\/evertonfc.cz\/index.php\/2025\/08\/17\/preview-leeds-everton-2\/\",\"name\":\"Preview: Leeds United - Everton - Official Czech &amp; Slovak Everton Supporters&#039; Club\",\"isPartOf\":{\"@id\":\"https:\/\/evertonfc.cz\/#website\"},\"primaryImageOfPage\":{\"@id\":\"https:\/\/evertonfc.cz\/index.php\/2025\/08\/17\/preview-leeds-everton-2\/#primaryimage\"},\"image\":{\"@id\":\"https:\/\/evertonfc.cz\/index.php\/2025\/08\/17\/preview-leeds-everton-2\/#primaryimage\"},\"thumbnailUrl\":\"https:\/\/evertonfc.cz\/wp-content\/uploads\/2021\/02\/Leeds-United-VS-Everton.jpg\",\"datePublished\":\"2025-08-17T13:23:44+00:00\",\"dateModified\":\"2025-08-17T17:19:31+00:00\",\"description\":\"Va\u0161e pravideln\u00e1 d\u00e1vka emoc\u00ed za\u010d\u00edn\u00e1.. ji\u017e v pond\u011bl\u00ed!\",\"breadcrumb\":{\"@id\":\"https:\/\/evertonfc.cz\/index.php\/2025\/08\/17\/preview-leeds-everton-2\/#breadcrumb\"},\"inLanguage\":\"cs\",\"potentialAction\":[{\"@type\":\"ReadAction\",\"target\":[\"https:\/\/evertonfc.cz\/index.php\/2025\/08\/17\/preview-leeds-everton-2\/\"]}]},{\"@type\":\"ImageObject\",\"inLanguage\":\"cs\",\"@id\":\"https:\/\/evertonfc.cz\/index.php\/2025\/08\/17\/preview-leeds-everton-2\/#primaryimage\",\"url\":\"https:\/\/evertonfc.cz\/wp-content\/uploads\/2021\/02\/Leeds-United-VS-Everton.jpg\",\"contentUrl\":\"https:\/\/evertonfc.cz\/wp-content\/uploads\/2021\/02\/Leeds-United-VS-Everton.jpg\",\"width\":720,\"height\":405},{\"@type\":\"BreadcrumbList\",\"@id\":\"https:\/\/evertonfc.cz\/index.php\/2025\/08\/17\/preview-leeds-everton-2\/#breadcrumb\",\"itemListElement\":[{\"@type\":\"ListItem\",\"position\":1,\"name\":\"Home\",\"item\":\"https:\/\/evertonfc.cz\/\"},{\"@type\":\"ListItem\",\"position\":2,\"name\":\"Preview: Leeds United &#8211; Everton\"}]},{\"@type\":\"WebSite\",\"@id\":\"https:\/\/evertonfc.cz\/#website\",\"url\":\"https:\/\/evertonfc.cz\/\",\"name\":\"Official Czech &amp; Slovak Everton Supporters&#039; Club\",\"description\":\"\",\"publisher\":{\"@id\":\"https:\/\/evertonfc.cz\/#organization\"},\"potentialAction\":[{\"@type\":\"SearchAction\",\"target\":{\"@type\":\"EntryPoint\",\"urlTemplate\":\"https:\/\/evertonfc.cz\/?s={search_term_string}\"},\"query-input\":{\"@type\":\"PropertyValueSpecification\",\"valueRequired\":true,\"valueName\":\"search_term_string\"}}],\"inLanguage\":\"cs\"},{\"@type\":\"Organization\",\"@id\":\"https:\/\/evertonfc.cz\/#organization\",\"name\":\"Official Czech & Slovak Everton Supporters' Club\",\"url\":\"https:\/\/evertonfc.cz\/\",\"logo\":{\"@type\":\"ImageObject\",\"inLanguage\":\"cs\",\"@id\":\"https:\/\/evertonfc.cz\/#\/schema\/logo\/image\/\",\"url\":\"https:\/\/evertonfc.cz\/wp-content\/uploads\/2019\/05\/logo.png\",\"contentUrl\":\"https:\/\/evertonfc.cz\/wp-content\/uploads\/2019\/05\/logo.png\",\"width\":112,\"height\":112,\"caption\":\"Official Czech & Slovak Everton Supporters' Club\"},\"image\":{\"@id\":\"https:\/\/evertonfc.cz\/#\/schema\/logo\/image\/\"},\"sameAs\":[\"https:\/\/www.facebook.com\/everton.fans.cz.sk\"]},{\"@type\":\"Person\",\"@id\":\"https:\/\/evertonfc.cz\/#\/schema\/person\/b30daf6a5852f4811f8207a17ec1bf78\",\"name\":\"Javor\",\"sameAs\":[\"https:\/\/x.com\/LoudinJan\"],\"url\":\"https:\/\/evertonfc.cz\/index.php\/author\/javor\/\"}]}<\/script>\n<!-- \/ Yoast SEO plugin. -->","yoast_head_json":{"title":"Preview: Leeds United - Everton - Official Czech &amp; Slovak Everton Supporters&#039; Club","description":"Va\u0161e pravideln\u00e1 d\u00e1vka emoc\u00ed za\u010d\u00edn\u00e1.. ji\u017e v pond\u011bl\u00ed!","robots":{"index":"index","follow":"follow","max-snippet":"max-snippet:-1","max-image-preview":"max-image-preview:large","max-video-preview":"max-video-preview:-1"},"canonical":"https:\/\/evertonfc.cz\/index.php\/2025\/08\/17\/preview-leeds-everton-2\/","og_locale":"cs_CZ","og_type":"article","og_title":"Preview: Leeds United - Everton - Official Czech &amp; Slovak Everton Supporters&#039; Club","og_description":"Va\u0161e pravideln\u00e1 d\u00e1vka emoc\u00ed za\u010d\u00edn\u00e1.. ji\u017e v pond\u011bl\u00ed!","og_url":"https:\/\/evertonfc.cz\/index.php\/2025\/08\/17\/preview-leeds-everton-2\/","og_site_name":"Official Czech &amp; Slovak Everton Supporters&#039; Club","article_publisher":"https:\/\/www.facebook.com\/everton.fans.cz.sk","article_published_time":"2025-08-17T13:23:44+00:00","article_modified_time":"2025-08-17T17:19:31+00:00","og_image":[{"width":720,"height":405,"url":"https:\/\/evertonfc.cz\/wp-content\/uploads\/2021\/02\/Leeds-United-VS-Everton.jpg","type":"image\/jpeg"}],"author":"Javor","twitter_card":"summary_large_image","twitter_creator":"@LoudinJan","twitter_misc":{"Napsal(a)":"Javor","Odhadovan\u00e1 doba \u010dten\u00ed":"3 minuty"},"schema":{"@context":"https:\/\/schema.org","@graph":[{"@type":"Article","@id":"https:\/\/evertonfc.cz\/index.php\/2025\/08\/17\/preview-leeds-everton-2\/#article","isPartOf":{"@id":"https:\/\/evertonfc.cz\/index.php\/2025\/08\/17\/preview-leeds-everton-2\/"},"author":{"name":"Javor","@id":"https:\/\/evertonfc.cz\/#\/schema\/person\/b30daf6a5852f4811f8207a17ec1bf78"},"headline":"Preview: Leeds United &#8211; Everton","datePublished":"2025-08-17T13:23:44+00:00","dateModified":"2025-08-17T17:19:31+00:00","mainEntityOfPage":{"@id":"https:\/\/evertonfc.cz\/index.php\/2025\/08\/17\/preview-leeds-everton-2\/"},"wordCount":564,"commentCount":25,"publisher":{"@id":"https:\/\/evertonfc.cz\/#organization"},"image":{"@id":"https:\/\/evertonfc.cz\/index.php\/2025\/08\/17\/preview-leeds-everton-2\/#primaryimage"},"thumbnailUrl":"https:\/\/evertonfc.cz\/wp-content\/uploads\/2021\/02\/Leeds-United-VS-Everton.jpg","articleSection":["Z\u00e1pasy"],"inLanguage":"cs","potentialAction":[{"@type":"CommentAction","name":"Comment","target":["https:\/\/evertonfc.cz\/index.php\/2025\/08\/17\/preview-leeds-everton-2\/#respond"]}]},{"@type":"WebPage","@id":"https:\/\/evertonfc.cz\/index.php\/2025\/08\/17\/preview-leeds-everton-2\/","url":"https:\/\/evertonfc.cz\/index.php\/2025\/08\/17\/preview-leeds-everton-2\/","name":"Preview: Leeds United - Everton - Official Czech &amp; Slovak Everton Supporters&#039; Club","isPartOf":{"@id":"https:\/\/evertonfc.cz\/#website"},"primaryImageOfPage":{"@id":"https:\/\/evertonfc.cz\/index.php\/2025\/08\/17\/preview-leeds-everton-2\/#primaryimage"},"image":{"@id":"https:\/\/evertonfc.cz\/index.php\/2025\/08\/17\/preview-leeds-everton-2\/#primaryimage"},"thumbnailUrl":"https:\/\/evertonfc.cz\/wp-content\/uploads\/2021\/02\/Leeds-United-VS-Everton.jpg","datePublished":"2025-08-17T13:23:44+00:00","dateModified":"2025-08-17T17:19:31+00:00","description":"Va\u0161e pravideln\u00e1 d\u00e1vka emoc\u00ed za\u010d\u00edn\u00e1.. ji\u017e v pond\u011bl\u00ed!","breadcrumb":{"@id":"https:\/\/evertonfc.cz\/index.php\/2025\/08\/17\/preview-leeds-everton-2\/#breadcrumb"},"inLanguage":"cs","potentialAction":[{"@type":"ReadAction","target":["https:\/\/evertonfc.cz\/index.php\/2025\/08\/17\/preview-leeds-everton-2\/"]}]},{"@type":"ImageObject","inLanguage":"cs","@id":"https:\/\/evertonfc.cz\/index.php\/2025\/08\/17\/preview-leeds-everton-2\/#primaryimage","url":"https:\/\/evertonfc.cz\/wp-content\/uploads\/2021\/02\/Leeds-United-VS-Everton.jpg","contentUrl":"https:\/\/evertonfc.cz\/wp-content\/uploads\/2021\/02\/Leeds-United-VS-Everton.jpg","width":720,"height":405},{"@type":"BreadcrumbList","@id":"https:\/\/evertonfc.cz\/index.php\/2025\/08\/17\/preview-leeds-everton-2\/#breadcrumb","itemListElement":[{"@type":"ListItem","position":1,"name":"Home","item":"https:\/\/evertonfc.cz\/"},{"@type":"ListItem","position":2,"name":"Preview: Leeds United &#8211; Everton"}]},{"@type":"WebSite","@id":"https:\/\/evertonfc.cz\/#website","url":"https:\/\/evertonfc.cz\/","name":"Official Czech &amp; Slovak Everton Supporters&#039; Club","description":"","publisher":{"@id":"https:\/\/evertonfc.cz\/#organization"},"potentialAction":[{"@type":"SearchAction","target":{"@type":"EntryPoint","urlTemplate":"https:\/\/evertonfc.cz\/?s={search_term_string}"},"query-input":{"@type":"PropertyValueSpecification","valueRequired":true,"valueName":"search_term_string"}}],"inLanguage":"cs"},{"@type":"Organization","@id":"https:\/\/evertonfc.cz\/#organization","name":"Official Czech & Slovak Everton Supporters' Club","url":"https:\/\/evertonfc.cz\/","logo":{"@type":"ImageObject","inLanguage":"cs","@id":"https:\/\/evertonfc.cz\/#\/schema\/logo\/image\/","url":"https:\/\/evertonfc.cz\/wp-content\/uploads\/2019\/05\/logo.png","contentUrl":"https:\/\/evertonfc.cz\/wp-content\/uploads\/2019\/05\/logo.png","width":112,"height":112,"caption":"Official Czech & Slovak Everton Supporters' Club"},"image":{"@id":"https:\/\/evertonfc.cz\/#\/schema\/logo\/image\/"},"sameAs":["https:\/\/www.facebook.com\/everton.fans.cz.sk"]},{"@type":"Person","@id":"https:\/\/evertonfc.cz\/#\/schema\/person\/b30daf6a5852f4811f8207a17ec1bf78","name":"Javor","sameAs":["https:\/\/x.com\/LoudinJan"],"url":"https:\/\/evertonfc.cz\/index.php\/author\/javor\/"}]}},"_links":{"self":[{"href":"https:\/\/evertonfc.cz\/index.php\/wp-json\/wp\/v2\/posts\/27269"}],"collection":[{"href":"https:\/\/evertonfc.cz\/index.php\/wp-json\/wp\/v2\/posts"}],"about":[{"href":"https:\/\/evertonfc.cz\/index.php\/wp-json\/wp\/v2\/types\/post"}],"author":[{"embeddable":true,"href":"https:\/\/evertonfc.cz\/index.php\/wp-json\/wp\/v2\/users\/12"}],"replies":[{"embeddable":true,"href":"https:\/\/evertonfc.cz\/index.php\/wp-json\/wp\/v2\/comments?post=27269"}],"version-history":[{"count":7,"href":"https:\/\/evertonfc.cz\/index.php\/wp-json\/wp\/v2\/posts\/27269\/revisions"}],"predecessor-version":[{"id":27276,"href":"https:\/\/evertonfc.cz\/index.php\/wp-json\/wp\/v2\/posts\/27269\/revisions\/27276"}],"wp:featuredmedia":[{"embeddable":true,"href":"https:\/\/evertonfc.cz\/index.php\/wp-json\/wp\/v2\/media\/13816"}],"wp:attachment":[{"href":"https:\/\/evertonfc.cz\/index.php\/wp-json\/wp\/v2\/media?parent=27269"}],"wp:term":[{"taxonomy":"category","embeddable":true,"href":"https:\/\/evertonfc.cz\/index.php\/wp-json\/wp\/v2\/categories?post=27269"},{"taxonomy":"post_tag","embeddable":true,"href":"https:\/\/evertonfc.cz\/index.php\/wp-json\/wp\/v2\/tags?post=27269"}],"curies":[{"name":"wp","href":"https:\/\/api.w.org\/{rel}","templated":true}]}}