{"id":27280,"date":"2025-08-19T20:53:58","date_gmt":"2025-08-19T18:53:58","guid":{"rendered":"https:\/\/evertonfc.cz\/?p=27280"},"modified":"2025-08-20T17:23:51","modified_gmt":"2025-08-20T15:23:51","slug":"leeds-united-everton-1-0","status":"publish","type":"post","link":"https:\/\/evertonfc.cz\/index.php\/2025\/08\/19\/leeds-united-everton-1-0\/","title":{"rendered":"Leeds United &#8211; Everton 1:0"},"content":{"rendered":"<h4>Pravideln\u00e1 d\u00e1vka emoc\u00ed za\u010dala ji\u017e prvn\u00edm kolem. K\u00e1dr je st\u00e1le slab\u00fd, nekompletn\u00ed, co\u017e n\u00e1m bylo \u0161patn\u00fdm v\u00fdkonem bolestiv\u011b p\u0159ipomenuto.<\/h4>\n<p>V\u0161ichni t\u0159i hr\u00e1\u010di s otazn\u00edkem absentovali, Everton tak za\u010dal sez\u00f3nu s Garnerem na lev\u00e9 obran\u011b. Z nov\u00fdch posil v z\u00e1kladn\u00ed sestav\u011b za\u010dali Alcaraz a Dewsbury-Hall. Leeds poslal do z\u00e1kladn\u00ed sestavy Stacha, Calvert-Lewin k utk\u00e1n\u00ed nebyl nominovan\u00fd.<\/p>\n<p>Leeds byl cel\u00fd prvn\u00ed polo\u010das lep\u0161\u00ed a skoro po\u0159\u00e1d si udr\u017eoval tlak. Prvn\u00ed \u0161anci po p\u0159ihr\u00e1vce Gnonta zahodil Piroe. Dom\u00e1c\u00ed zahr\u00e1vali n\u011bkolik roh\u016f, ale vylo\u017eenou \u0161anci si nevytvo\u0159ili. Obrana si poradila i s centrem Stacha a se sklepnut\u00edm Tanaky. Dal\u0161\u00ed \u0161anci neprom\u011bnil op\u011bt Piroe, jeho r\u00e1nu srazil Tarkowski k Boglemu, kter\u00fd byl v ofsajdu. Postupem \u010dasu se host\u00e9 za\u010dali osm\u011blovat, k centru se dostal Ireogbunam, p\u0159ed br\u00e1nu se tla\u010dil Alacaraz, le\u010d nic z toho. Leeds odpov\u011bd\u011bl aktivitou Gnonta a Stacha, ale t\u00edm to haslo. Everton se za cel\u00fd prvn\u00ed polo\u010das nedostal ke st\u0159ele, jen se br\u00e1nil.<\/p>\n<p>Na za\u010d\u00e1tek druh\u00e9ho polo\u010dasu se nest\u0159\u00eddalo. Na st\u0159elu Gnonta odpov\u011bd\u011bl stejn\u00fdm zp\u016fsobem Gana, oba projektily byly ne\u0161kodn\u00e9. N\u00e1sledn\u011b v kr\u00e1tk\u00e9m rozestupu dostali \u017elut\u00e9 karty Alcaraz a Ireogbunam. A pr\u00e1v\u011b Ireogbunama vyst\u0159\u00eddal p\u0159i sv\u00e9m debutu za Everton Grealish. Dom\u00e1c\u00ed si st\u00e1le udr\u017eovali tlak, do v\u011bt\u0161\u00edch \u0161anc\u00ed je host\u00e9 nepou\u0161t\u011bli. V 76. minut\u011b se Everton dostal ke sv\u00e9 jedin\u00e9 \u0161anci za cel\u00fd z\u00e1pas. Dewsbury-Hall po samostatn\u00e9 akci posunul na Alcaraze, ale jeho st\u0159elu Perri vyrazil.<\/p>\n<p>N\u011bkolik minut po troj\u00edm st\u0159\u00edd\u00e1n\u00ed dom\u00e1c\u00edch se odehr\u00e1l moment, o kter\u00e9m se je\u0161t\u011b bude dlouho mluvit. Gana cht\u011bl m\u00ed\u010d z velk\u00e9ho v\u00e1pna odklidit zadovkou, ale netrefil ho. Ten se dostal ke Stachovi, po te\u010di Dewsburyho-Halla ud\u011blal n\u011bkolik krok\u016f k m\u00ed\u010di Tarkowski a dotkl se ho rukou, kterou m\u011bl u t\u011bla. Rozhod\u010d\u00ed na\u0159\u00eddil penaltu, kterou potvrdilo video. P\u0159inejmen\u0161\u00edm sporn\u00e1, k jej\u00edmu zahr\u00e1n\u00ed se postavil Nmecha. A\u010d Pickford uhodl stranu, tak p\u0159ece jen puml\u00ed\u010d do branky pro\u0161el &#8211; <strong>1:0!\u00a0<\/strong>Hned po brance p\u0159i\u0161el \u00fatok podpo\u0159it Barry, po centru Dewsburyho-Halla vznikla trma vrma, n\u00e1sledn\u011b Tarkowski zakon\u010dil mimo. A kdy\u017e nedostate\u010dn\u011b sklopen\u00fd n\u00e1rt zabr\u00e1nil Stachovi (nepochybn\u011b jednomu z nejlep\u0161\u00edch hr\u00e1\u010d\u016f z\u00e1pasu) trefit za\u0159\u00edzen\u00ed, tak se Leeds zaslou\u017een\u00e9, ale kontroverzn\u00ed v\u00fdhry do\u010dkal.<\/p>\n<p><strong>Branky:<\/strong>\u00a0<span data-source=\"lightstreamer\" data-grid=\"main\" data-item=\"item_1000952\" data-field=\"scorers\">84. Nmecha z penalty<\/span><\/p>\n<p><strong>Karty:<\/strong>\u00a0<span data-source=\"lightstreamer\" data-grid=\"main\" data-item=\"item_1000952\" data-field=\"cards\">56. Iroegbunam, 63. Alcaraz\u00a0<\/span><\/p>\n<p><strong>Leeds United:<\/strong>\u00a0<span data-source=\"lightstreamer\" data-grid=\"main\" data-item=\"item_1000952\" data-field=\"report1\">Perri \u2013 Bogle, Rodon, Struijk, Gudmundsson \u2013 Stach, Ampadu (78. Grujev) \u2013 D. James (78. Harrison), Tanaka (90+4. Longstaff), Gnonto (67. Aaronson) \u2013 Piroe (78. Nmecha)<\/span><\/p>\n<p><strong>Everton FC:<\/strong>\u00a0<span data-source=\"lightstreamer\" data-grid=\"main\" data-item=\"item_1000952\" data-field=\"report2\">Pickford \u2013 O&#8217;Brien, Keane, Tarkowski, Garner \u2013 Iroegbunam (71. Grealish), Gueye \u2013 Alcaraz (86. Barry), Ndiaye, Dewsbury-Hall \u2013 Beto<\/span><\/p>\n<p><strong>Rozhod\u010d\u00ed:\u00a0<\/strong>Chris Kavangh\u00a0 <strong>Div\u00e1ci:\u00a0<\/strong>36 820\u00a0 <strong>Mu\u017e z\u00e1pasu redakce: <\/strong>Ao Tanaka<\/p>\n","protected":false},"excerpt":{"rendered":"<p>Pravideln\u00e1 d\u00e1vka emoc\u00ed za\u010dala ji\u017e prvn\u00edm kolem. K\u00e1dr je st\u00e1le slab\u00fd, nekompletn\u00ed, co\u017e n\u00e1m bylo \u0161patn\u00fdm v\u00fdkonem bolestiv\u011b p\u0159ipomenuto.<\/p>\n","protected":false},"author":12,"featured_media":27284,"comment_status":"open","ping_status":"closed","sticky":false,"template":"","format":"standard","meta":{"_eb_attr":"","_monsterinsights_skip_tracking":false,"_monsterinsights_sitenote_active":false,"_monsterinsights_sitenote_note":"","_monsterinsights_sitenote_category":0,"footnotes":""},"categories":[4],"tags":[],"yoast_head":"<!-- This site is optimized with the Yoast SEO plugin v23.4 - https:\/\/yoast.com\/wordpress\/plugins\/seo\/ -->\n<title>Leeds United - Everton 1:0 - Official Czech &amp; Slovak Everton Supporters&#039; Club<\/title>\n<meta name=\"description\" content=\"K\u00e1dr je st\u00e1le slab\u00fd, nekompletn\u00ed, co\u017e n\u00e1m bylo \u0161patn\u00fdm v\u00fdkonem bolestiv\u011b p\u0159ipomenuto.\" \/>\n<meta name=\"robots\" content=\"index, follow, max-snippet:-1, max-image-preview:large, max-video-preview:-1\" \/>\n<link rel=\"canonical\" href=\"https:\/\/evertonfc.cz\/index.php\/2025\/08\/19\/leeds-united-everton-1-0\/\" \/>\n<meta property=\"og:locale\" content=\"cs_CZ\" \/>\n<meta property=\"og:type\" content=\"article\" \/>\n<meta property=\"og:title\" content=\"Leeds United - Everton 1:0 - Official Czech &amp; Slovak Everton Supporters&#039; Club\" \/>\n<meta property=\"og:description\" content=\"K\u00e1dr je st\u00e1le slab\u00fd, nekompletn\u00ed, co\u017e n\u00e1m bylo \u0161patn\u00fdm v\u00fdkonem bolestiv\u011b p\u0159ipomenuto.\" \/>\n<meta property=\"og:url\" content=\"https:\/\/evertonfc.cz\/index.php\/2025\/08\/19\/leeds-united-everton-1-0\/\" \/>\n<meta property=\"og:site_name\" content=\"Official Czech &amp; Slovak Everton Supporters&#039; Club\" \/>\n<meta property=\"article:publisher\" content=\"https:\/\/www.facebook.com\/everton.fans.cz.sk\" \/>\n<meta property=\"article:published_time\" content=\"2025-08-19T18:53:58+00:00\" \/>\n<meta property=\"article:modified_time\" content=\"2025-08-20T15:23:51+00:00\" \/>\n<meta property=\"og:image\" content=\"https:\/\/evertonfc.cz\/wp-content\/uploads\/2025\/08\/leeds_19_8_2025.jpg\" \/>\n\t<meta property=\"og:image:width\" content=\"720\" \/>\n\t<meta property=\"og:image:height\" content=\"405\" \/>\n\t<meta property=\"og:image:type\" content=\"image\/jpeg\" \/>\n<meta name=\"author\" content=\"Javor\" \/>\n<meta name=\"twitter:card\" content=\"summary_large_image\" \/>\n<meta name=\"twitter:creator\" content=\"@LoudinJan\" \/>\n<meta name=\"twitter:label1\" content=\"Napsal(a)\" \/>\n\t<meta name=\"twitter:data1\" content=\"Javor\" \/>\n\t<meta name=\"twitter:label2\" content=\"Odhadovan\u00e1 doba \u010dten\u00ed\" \/>\n\t<meta name=\"twitter:data2\" content=\"3 minuty\" \/>\n<script type=\"application\/ld+json\" class=\"yoast-schema-graph\">{\"@context\":\"https:\/\/schema.org\",\"@graph\":[{\"@type\":\"Article\",\"@id\":\"https:\/\/evertonfc.cz\/index.php\/2025\/08\/19\/leeds-united-everton-1-0\/#article\",\"isPartOf\":{\"@id\":\"https:\/\/evertonfc.cz\/index.php\/2025\/08\/19\/leeds-united-everton-1-0\/\"},\"author\":{\"name\":\"Javor\",\"@id\":\"https:\/\/evertonfc.cz\/#\/schema\/person\/b30daf6a5852f4811f8207a17ec1bf78\"},\"headline\":\"Leeds United &#8211; Everton 1:0\",\"datePublished\":\"2025-08-19T18:53:58+00:00\",\"dateModified\":\"2025-08-20T15:23:51+00:00\",\"mainEntityOfPage\":{\"@id\":\"https:\/\/evertonfc.cz\/index.php\/2025\/08\/19\/leeds-united-everton-1-0\/\"},\"wordCount\":505,\"commentCount\":17,\"publisher\":{\"@id\":\"https:\/\/evertonfc.cz\/#organization\"},\"image\":{\"@id\":\"https:\/\/evertonfc.cz\/index.php\/2025\/08\/19\/leeds-united-everton-1-0\/#primaryimage\"},\"thumbnailUrl\":\"https:\/\/evertonfc.cz\/wp-content\/uploads\/2025\/08\/leeds_19_8_2025.jpg\",\"articleSection\":[\"Z\u00e1pasy\"],\"inLanguage\":\"cs\",\"potentialAction\":[{\"@type\":\"CommentAction\",\"name\":\"Comment\",\"target\":[\"https:\/\/evertonfc.cz\/index.php\/2025\/08\/19\/leeds-united-everton-1-0\/#respond\"]}]},{\"@type\":\"WebPage\",\"@id\":\"https:\/\/evertonfc.cz\/index.php\/2025\/08\/19\/leeds-united-everton-1-0\/\",\"url\":\"https:\/\/evertonfc.cz\/index.php\/2025\/08\/19\/leeds-united-everton-1-0\/\",\"name\":\"Leeds United - Everton 1:0 - Official Czech &amp; Slovak Everton Supporters&#039; Club\",\"isPartOf\":{\"@id\":\"https:\/\/evertonfc.cz\/#website\"},\"primaryImageOfPage\":{\"@id\":\"https:\/\/evertonfc.cz\/index.php\/2025\/08\/19\/leeds-united-everton-1-0\/#primaryimage\"},\"image\":{\"@id\":\"https:\/\/evertonfc.cz\/index.php\/2025\/08\/19\/leeds-united-everton-1-0\/#primaryimage\"},\"thumbnailUrl\":\"https:\/\/evertonfc.cz\/wp-content\/uploads\/2025\/08\/leeds_19_8_2025.jpg\",\"datePublished\":\"2025-08-19T18:53:58+00:00\",\"dateModified\":\"2025-08-20T15:23:51+00:00\",\"description\":\"K\u00e1dr je st\u00e1le slab\u00fd, nekompletn\u00ed, co\u017e n\u00e1m bylo \u0161patn\u00fdm v\u00fdkonem bolestiv\u011b p\u0159ipomenuto.\",\"breadcrumb\":{\"@id\":\"https:\/\/evertonfc.cz\/index.php\/2025\/08\/19\/leeds-united-everton-1-0\/#breadcrumb\"},\"inLanguage\":\"cs\",\"potentialAction\":[{\"@type\":\"ReadAction\",\"target\":[\"https:\/\/evertonfc.cz\/index.php\/2025\/08\/19\/leeds-united-everton-1-0\/\"]}]},{\"@type\":\"ImageObject\",\"inLanguage\":\"cs\",\"@id\":\"https:\/\/evertonfc.cz\/index.php\/2025\/08\/19\/leeds-united-everton-1-0\/#primaryimage\",\"url\":\"https:\/\/evertonfc.cz\/wp-content\/uploads\/2025\/08\/leeds_19_8_2025.jpg\",\"contentUrl\":\"https:\/\/evertonfc.cz\/wp-content\/uploads\/2025\/08\/leeds_19_8_2025.jpg\",\"width\":720,\"height\":405},{\"@type\":\"BreadcrumbList\",\"@id\":\"https:\/\/evertonfc.cz\/index.php\/2025\/08\/19\/leeds-united-everton-1-0\/#breadcrumb\",\"itemListElement\":[{\"@type\":\"ListItem\",\"position\":1,\"name\":\"Home\",\"item\":\"https:\/\/evertonfc.cz\/\"},{\"@type\":\"ListItem\",\"position\":2,\"name\":\"Leeds United &#8211; Everton 1:0\"}]},{\"@type\":\"WebSite\",\"@id\":\"https:\/\/evertonfc.cz\/#website\",\"url\":\"https:\/\/evertonfc.cz\/\",\"name\":\"Official Czech &amp; Slovak Everton Supporters&#039; Club\",\"description\":\"\",\"publisher\":{\"@id\":\"https:\/\/evertonfc.cz\/#organization\"},\"potentialAction\":[{\"@type\":\"SearchAction\",\"target\":{\"@type\":\"EntryPoint\",\"urlTemplate\":\"https:\/\/evertonfc.cz\/?s={search_term_string}\"},\"query-input\":{\"@type\":\"PropertyValueSpecification\",\"valueRequired\":true,\"valueName\":\"search_term_string\"}}],\"inLanguage\":\"cs\"},{\"@type\":\"Organization\",\"@id\":\"https:\/\/evertonfc.cz\/#organization\",\"name\":\"Official Czech & Slovak Everton Supporters' Club\",\"url\":\"https:\/\/evertonfc.cz\/\",\"logo\":{\"@type\":\"ImageObject\",\"inLanguage\":\"cs\",\"@id\":\"https:\/\/evertonfc.cz\/#\/schema\/logo\/image\/\",\"url\":\"https:\/\/evertonfc.cz\/wp-content\/uploads\/2019\/05\/logo.png\",\"contentUrl\":\"https:\/\/evertonfc.cz\/wp-content\/uploads\/2019\/05\/logo.png\",\"width\":112,\"height\":112,\"caption\":\"Official Czech & Slovak Everton Supporters' Club\"},\"image\":{\"@id\":\"https:\/\/evertonfc.cz\/#\/schema\/logo\/image\/\"},\"sameAs\":[\"https:\/\/www.facebook.com\/everton.fans.cz.sk\"]},{\"@type\":\"Person\",\"@id\":\"https:\/\/evertonfc.cz\/#\/schema\/person\/b30daf6a5852f4811f8207a17ec1bf78\",\"name\":\"Javor\",\"sameAs\":[\"https:\/\/x.com\/LoudinJan\"],\"url\":\"https:\/\/evertonfc.cz\/index.php\/author\/javor\/\"}]}<\/script>\n<!-- \/ Yoast SEO plugin. -->","yoast_head_json":{"title":"Leeds United - Everton 1:0 - Official Czech &amp; Slovak Everton Supporters&#039; Club","description":"K\u00e1dr je st\u00e1le slab\u00fd, nekompletn\u00ed, co\u017e n\u00e1m bylo \u0161patn\u00fdm v\u00fdkonem bolestiv\u011b p\u0159ipomenuto.","robots":{"index":"index","follow":"follow","max-snippet":"max-snippet:-1","max-image-preview":"max-image-preview:large","max-video-preview":"max-video-preview:-1"},"canonical":"https:\/\/evertonfc.cz\/index.php\/2025\/08\/19\/leeds-united-everton-1-0\/","og_locale":"cs_CZ","og_type":"article","og_title":"Leeds United - Everton 1:0 - Official Czech &amp; Slovak Everton Supporters&#039; Club","og_description":"K\u00e1dr je st\u00e1le slab\u00fd, nekompletn\u00ed, co\u017e n\u00e1m bylo \u0161patn\u00fdm v\u00fdkonem bolestiv\u011b p\u0159ipomenuto.","og_url":"https:\/\/evertonfc.cz\/index.php\/2025\/08\/19\/leeds-united-everton-1-0\/","og_site_name":"Official Czech &amp; Slovak Everton Supporters&#039; Club","article_publisher":"https:\/\/www.facebook.com\/everton.fans.cz.sk","article_published_time":"2025-08-19T18:53:58+00:00","article_modified_time":"2025-08-20T15:23:51+00:00","og_image":[{"width":720,"height":405,"url":"https:\/\/evertonfc.cz\/wp-content\/uploads\/2025\/08\/leeds_19_8_2025.jpg","type":"image\/jpeg"}],"author":"Javor","twitter_card":"summary_large_image","twitter_creator":"@LoudinJan","twitter_misc":{"Napsal(a)":"Javor","Odhadovan\u00e1 doba \u010dten\u00ed":"3 minuty"},"schema":{"@context":"https:\/\/schema.org","@graph":[{"@type":"Article","@id":"https:\/\/evertonfc.cz\/index.php\/2025\/08\/19\/leeds-united-everton-1-0\/#article","isPartOf":{"@id":"https:\/\/evertonfc.cz\/index.php\/2025\/08\/19\/leeds-united-everton-1-0\/"},"author":{"name":"Javor","@id":"https:\/\/evertonfc.cz\/#\/schema\/person\/b30daf6a5852f4811f8207a17ec1bf78"},"headline":"Leeds United &#8211; Everton 1:0","datePublished":"2025-08-19T18:53:58+00:00","dateModified":"2025-08-20T15:23:51+00:00","mainEntityOfPage":{"@id":"https:\/\/evertonfc.cz\/index.php\/2025\/08\/19\/leeds-united-everton-1-0\/"},"wordCount":505,"commentCount":17,"publisher":{"@id":"https:\/\/evertonfc.cz\/#organization"},"image":{"@id":"https:\/\/evertonfc.cz\/index.php\/2025\/08\/19\/leeds-united-everton-1-0\/#primaryimage"},"thumbnailUrl":"https:\/\/evertonfc.cz\/wp-content\/uploads\/2025\/08\/leeds_19_8_2025.jpg","articleSection":["Z\u00e1pasy"],"inLanguage":"cs","potentialAction":[{"@type":"CommentAction","name":"Comment","target":["https:\/\/evertonfc.cz\/index.php\/2025\/08\/19\/leeds-united-everton-1-0\/#respond"]}]},{"@type":"WebPage","@id":"https:\/\/evertonfc.cz\/index.php\/2025\/08\/19\/leeds-united-everton-1-0\/","url":"https:\/\/evertonfc.cz\/index.php\/2025\/08\/19\/leeds-united-everton-1-0\/","name":"Leeds United - Everton 1:0 - Official Czech &amp; Slovak Everton Supporters&#039; Club","isPartOf":{"@id":"https:\/\/evertonfc.cz\/#website"},"primaryImageOfPage":{"@id":"https:\/\/evertonfc.cz\/index.php\/2025\/08\/19\/leeds-united-everton-1-0\/#primaryimage"},"image":{"@id":"https:\/\/evertonfc.cz\/index.php\/2025\/08\/19\/leeds-united-everton-1-0\/#primaryimage"},"thumbnailUrl":"https:\/\/evertonfc.cz\/wp-content\/uploads\/2025\/08\/leeds_19_8_2025.jpg","datePublished":"2025-08-19T18:53:58+00:00","dateModified":"2025-08-20T15:23:51+00:00","description":"K\u00e1dr je st\u00e1le slab\u00fd, nekompletn\u00ed, co\u017e n\u00e1m bylo \u0161patn\u00fdm v\u00fdkonem bolestiv\u011b p\u0159ipomenuto.","breadcrumb":{"@id":"https:\/\/evertonfc.cz\/index.php\/2025\/08\/19\/leeds-united-everton-1-0\/#breadcrumb"},"inLanguage":"cs","potentialAction":[{"@type":"ReadAction","target":["https:\/\/evertonfc.cz\/index.php\/2025\/08\/19\/leeds-united-everton-1-0\/"]}]},{"@type":"ImageObject","inLanguage":"cs","@id":"https:\/\/evertonfc.cz\/index.php\/2025\/08\/19\/leeds-united-everton-1-0\/#primaryimage","url":"https:\/\/evertonfc.cz\/wp-content\/uploads\/2025\/08\/leeds_19_8_2025.jpg","contentUrl":"https:\/\/evertonfc.cz\/wp-content\/uploads\/2025\/08\/leeds_19_8_2025.jpg","width":720,"height":405},{"@type":"BreadcrumbList","@id":"https:\/\/evertonfc.cz\/index.php\/2025\/08\/19\/leeds-united-everton-1-0\/#breadcrumb","itemListElement":[{"@type":"ListItem","position":1,"name":"Home","item":"https:\/\/evertonfc.cz\/"},{"@type":"ListItem","position":2,"name":"Leeds United &#8211; Everton 1:0"}]},{"@type":"WebSite","@id":"https:\/\/evertonfc.cz\/#website","url":"https:\/\/evertonfc.cz\/","name":"Official Czech &amp; Slovak Everton Supporters&#039; Club","description":"","publisher":{"@id":"https:\/\/evertonfc.cz\/#organization"},"potentialAction":[{"@type":"SearchAction","target":{"@type":"EntryPoint","urlTemplate":"https:\/\/evertonfc.cz\/?s={search_term_string}"},"query-input":{"@type":"PropertyValueSpecification","valueRequired":true,"valueName":"search_term_string"}}],"inLanguage":"cs"},{"@type":"Organization","@id":"https:\/\/evertonfc.cz\/#organization","name":"Official Czech & Slovak Everton Supporters' Club","url":"https:\/\/evertonfc.cz\/","logo":{"@type":"ImageObject","inLanguage":"cs","@id":"https:\/\/evertonfc.cz\/#\/schema\/logo\/image\/","url":"https:\/\/evertonfc.cz\/wp-content\/uploads\/2019\/05\/logo.png","contentUrl":"https:\/\/evertonfc.cz\/wp-content\/uploads\/2019\/05\/logo.png","width":112,"height":112,"caption":"Official Czech & Slovak Everton Supporters' Club"},"image":{"@id":"https:\/\/evertonfc.cz\/#\/schema\/logo\/image\/"},"sameAs":["https:\/\/www.facebook.com\/everton.fans.cz.sk"]},{"@type":"Person","@id":"https:\/\/evertonfc.cz\/#\/schema\/person\/b30daf6a5852f4811f8207a17ec1bf78","name":"Javor","sameAs":["https:\/\/x.com\/LoudinJan"],"url":"https:\/\/evertonfc.cz\/index.php\/author\/javor\/"}]}},"_links":{"self":[{"href":"https:\/\/evertonfc.cz\/index.php\/wp-json\/wp\/v2\/posts\/27280"}],"collection":[{"href":"https:\/\/evertonfc.cz\/index.php\/wp-json\/wp\/v2\/posts"}],"about":[{"href":"https:\/\/evertonfc.cz\/index.php\/wp-json\/wp\/v2\/types\/post"}],"author":[{"embeddable":true,"href":"https:\/\/evertonfc.cz\/index.php\/wp-json\/wp\/v2\/users\/12"}],"replies":[{"embeddable":true,"href":"https:\/\/evertonfc.cz\/index.php\/wp-json\/wp\/v2\/comments?post=27280"}],"version-history":[{"count":10,"href":"https:\/\/evertonfc.cz\/index.php\/wp-json\/wp\/v2\/posts\/27280\/revisions"}],"predecessor-version":[{"id":27292,"href":"https:\/\/evertonfc.cz\/index.php\/wp-json\/wp\/v2\/posts\/27280\/revisions\/27292"}],"wp:featuredmedia":[{"embeddable":true,"href":"https:\/\/evertonfc.cz\/index.php\/wp-json\/wp\/v2\/media\/27284"}],"wp:attachment":[{"href":"https:\/\/evertonfc.cz\/index.php\/wp-json\/wp\/v2\/media?parent=27280"}],"wp:term":[{"taxonomy":"category","embeddable":true,"href":"https:\/\/evertonfc.cz\/index.php\/wp-json\/wp\/v2\/categories?post=27280"},{"taxonomy":"post_tag","embeddable":true,"href":"https:\/\/evertonfc.cz\/index.php\/wp-json\/wp\/v2\/tags?post=27280"}],"curies":[{"name":"wp","href":"https:\/\/api.w.org\/{rel}","templated":true}]}}