{"id":27301,"date":"2025-08-24T10:53:11","date_gmt":"2025-08-24T08:53:11","guid":{"rendered":"https:\/\/evertonfc.cz\/?p=27301"},"modified":"2025-08-24T12:10:48","modified_gmt":"2025-08-24T10:10:48","slug":"preview-everton-brighton-hove-albion-7","status":"publish","type":"post","link":"https:\/\/evertonfc.cz\/index.php\/2025\/08\/24\/preview-everton-brighton-hove-albion-7\/","title":{"rendered":"Preview: Everton &#8211; Brighton &#038; Hove Albion"},"content":{"rendered":"<h4>\u0164uk, \u0165uk, kdo tam? Everton! Nov\u00fd domov, nov\u00e1 \u00e9ra, nov\u00e1 nad\u011bje. Hill Dickinson Stadium se otev\u00edr\u00e1.<\/h4>\n<p>Tam, kde se vody Mersey m\u00eds\u00ed se slan\u00fdmi vodami Irsk\u00e9ho mo\u0159e. Tam, kde tis\u00edce lid\u00ed zapo\u010dalo svou cestu za nov\u00fdm dobrodru\u017estv\u00edm. Dnes v doc\u00edch se vyd\u00e1v\u00e1 klub-muzeum na novou pou\u0165. Po letech str\u00e1d\u00e1n\u00ed se poda\u0159ilo vybudovat n\u011bco, co dostoj\u00ed klubov\u00e9mu mottu Nil Satis Nisi Optimum.<\/p>\n<p>Kdo z n\u00e1s v\u011b\u0159il, kdy\u017e v roce 2017 ozn\u00e1mil Bill Kenwright pl\u00e1ny na stavbu v Bramley Moore Docks? A najednou je tady. Novou kr\u00e1sku n\u011bjak\u00fd ten p\u00e1tek \u0161lehaj\u00ed z\u00e1padn\u00ed v\u011btry a n\u011bkolik testovac\u00edch z\u00e1pas\u016f prob\u011bhlo, a\u017e dnes je ten velk\u00fd den.<\/p>\n<h4>St\u011bhov\u00e1n\u00ed v\u00a0\u00e9\u0159e Premier League<\/h4>\n<p>Prvn\u00ed domov n\u00e1m vzal ne\u00faprosn\u00fd podnikatel, druh\u00fd jsme opustili s \u017ealem a s l\u00edtost\u00ed, ale s pot\u0159ebou posunout se. Nejsme prvn\u00ed, kdo balil kufry a Goodison Park n\u00e1m slou\u017eil velmi dlouho. Tak\u017ee u\u017e existuje 8 otv\u00edrac\u00edch z\u00e1pas\u016f.<\/p>\n<p>\u010cty\u0159ikr\u00e1t se poda\u0159ilo vyhr\u00e1t dom\u00e1c\u00edmu t\u00fdmu (Tottenham Stadium, Olympic Stadium, Pride Park, Riverside Stadium). Everton byl dokonce u toho, kdy\u017e se otv\u00edral Reebok Stadium a s\u00a0Boltonem se roze\u0161el v\u00a0roce 1997 bez branek. Tak\u00e9 t\u011b\u017ek\u00e9 v\u00e1hy Emirates a Etihad vid\u011bli na startu nerozhodn\u00fd v\u00fdsledek. St.Mary\u2019s v\u00a0roce 2001 otev\u0159eli por\u00e1\u017ekou a dlouho \u010dekali na prvn\u00ed v\u00fdhru dom\u00e1c\u00edho Southamptonu.<\/p>\n<p>Nepo\u010d\u00edtaj\u00ed se Brighton, kter\u00fd ale otv\u00edral Falmer Stadium p\u0159ed postupem, ani Leicester City a Sunderland, kte\u0159\u00ed Walkers Stadium, resp. Stadium of Light spustili a\u017e po sestupu v\u00a0roce 2002, resp. 1997.<\/p>\n<h4>Nov\u00e1 sez\u00f3na<\/h4>\n<p>Zapomenout na Leeds a na Kavanagha. Naj\u00edt n\u00e1hradu pro vyztu\u017een\u00ed obrany, je\u0161t\u011b ned\u00e1vno tak dob\u0159e vybetonovan\u00e9. David Moyes a jeho t\u00fdm hled\u00e1 odpov\u011bdi na ot\u00e1zky. Snad nov\u00e9 posily nebudou \u010d\u00edst jeho slova o hled\u00e1n\u00ed na ni\u017e\u0161\u00edch stup\u00ednc\u00edch \u017eeb\u0159\u00edku. Pokud m\u011b pam\u011b\u0165 ne\u0161\u00e1l\u00ed, n\u00e1\u0161 star\u00fd a nyn\u00ed\u00a0 pro\u0161ediv\u011bl\u00fd mana\u017eer pom\u011brn\u011b \u00fasp\u011b\u0161nou minulost v hled\u00e1n\u00ed mezi spadl\u00fdmi jablky pod stromem.<\/p>\n<p>Prvn\u00ed kolo neabsolvovali obr\u00e1nci Branthwaite, Patterson a Mykolenko. Na Hill Dickinson Stadium si tak u\u017eij\u00ed otev\u00edrac\u00ed z\u00e1pas jen z tribuny. Na lev\u00e9 stran\u011b se mo\u017en\u00e1 uzdrav\u00ed mlad\u00edk Aznou, zda-li mu Moyes projev\u00ed d\u016fv\u011bru, je ve hv\u011bzd\u00e1ch. Start do sez\u00f3ny se nevyda\u0159il st\u0159edov\u00e9 \u0159ad\u011b, kter\u00e1 \u010delila entuziasmu Peacocks z jedn\u00e9 strany a dlouh\u00fdm bal\u00f3n\u016fm nad hlavami z druh\u00e9 strany. Tak\u00e9 Beto si musel p\u0159ipadat jako pouh\u00fd pasa\u017e\u00e9r. Nastoup\u00edme ve stejn\u00e9m slo\u017een\u00ed nebo se David Moyes nech\u00e1 om\u00e1mit nov\u00fdmi kulisami a impozantn\u00edm hledi\u0161t\u011bm? Sp\u00ed\u0161e to prv\u00e9, neud\u011blal si v Premier League jm\u00e9no n\u011bjakou divo\u010dinou.<\/p>\n<h4>Rackov\u00e9 4.1<\/h4>\n<p>Fabian H\u00fcrzeler (\u010dtvrt\u00fd lodivod od postupu do EPL) na\u010d\u00edn\u00e1 druhou sez\u00f3nu na jihu Anglie, jak se u progresivn\u00edho klubu stalo zvykem, n\u011bkolik kus\u016f n\u00e1sledovalo v\u00e1ben\u00ed odjinud. A \u017ee to nebylo zadarmo, na to m\u016f\u017eete vz\u00edt jed (p\u00e1r teda bylo zadarmo, ale ti se vr\u00e1t\u00ed). Tak\u017ee pen\u011bz na nov\u00e9 zob\u00e1ky bylo dost.<\/p>\n<p>Investovalo se do ml\u00e1d\u00ed, jak jinak. \u0158eck\u00e1 omladina Kostoulas (35 milion\u016f eur) a Tzimas jako n\u00e1hrada Joaa Pedra? Tom Watson (19) si prohodil m\u00edsto s Adingrou v Sunderlandu a je\u0161t\u011b vzal do kufru 12 mega. Estupi\u0148anovu sk\u0159\u00ed\u0148ku a flek lev\u00e9ho beka zabere Maxim de Cuyper. Od st\u00e1rnouc\u00edch bek\u016f Dunka a Veltmana se budou u\u010dit Igor, Coppola a Boscagli. Nezd\u00e1 se v\u00e1m, jako by v tom byl ur\u010dit\u00fd \u0159\u00e1d? N\u011bkdo p\u0159esn\u011b a rychle \u0159\u00eddil n\u00e1borovou politiku, le pot\u0159eb zapl\u0148oval voln\u00e9 chl\u00edve\u010dky. Zvl\u00e1\u0161tn\u00ed.<\/p>\n<p>P\u0159\u00edprava byla skvostn\u00e1, 4 z 5, kdo to m\u011bl? Brighton vyb\u011bhl v lize na Amexu proti Fulhamu. N\u011bkolik slibn\u00fdch \u0161anc\u00ed nepro\u0161lo p\u0159es brank\u00e1\u0159e, prosadil se jen O\u2019Riley z penalty a v posledn\u00ed minut\u011b nastaven\u00ed ukradl t\u0159\u00edbodovou rybu Muniz. Sm\u016fla.<\/p>\n<h4>Bilance a zaj\u00edmavosti<\/h4>\n<p>B\u00fdvalo zvykem, \u017ee se n\u00e1m doma poda\u0159ilo Brighton p\u0159etla\u010dit. Od jejich postupu \u0161lo o 4 z\u00e1pasy v \u0159ad\u011b, \u0161\u0148\u016fru zakon\u010dilo covidov\u00e9 v\u00edt\u011bzstv\u00ed 4:2 dirigovan\u00e9 z lavi\u010dky Ancelottim a na h\u0159i\u0161ti Jamesem. N\u00e1sledovala 4 huben\u00e1 l\u00e9ta na Goodison Parku. Jen Dyche dok\u00e1zal neprohr\u00e1t. Ale naposledy padl na \u00favod minul\u00e9 sez\u00f3ny, kdy jsme za\u0159vali doma 0:3. P\u011bknou vzpom\u00ednku se Dycheovi poda\u0159ilo vytvo\u0159it v kv\u011btnu 2023. P\u0159i honb\u011b za z\u00e1chranou vyplenil Amex 5:1.<\/p>\n<p>Po odchodu DCL si na pozici prominentn\u00edho lovce Rack\u016f brous\u00ed zuby McNeil se 2 z\u00e1sahy. Snad v\u0161e prob\u011bhne v po\u0159\u00e1dku, v Liverpoolu m\u00e1 b\u00fdt dnes zata\u017eeno, slab\u00fd v\u00edtr, teploty okolo 23\u00b0C.<\/p>\n<h3 style=\"text-align: center;\"><span style=\"color: #3366ff;\"><em><strong>Come on you Blues !!!<\/strong><\/em><\/span><\/h3>\n<p><strong>Co<\/strong>: Everton FC\u00a0\u2013\u00a0Brighton &amp; Hove Albion FC, 2. kolo Premier League<br \/>\n<strong>Kdy<\/strong>: ned\u011ble 24. srpna 2025 od 15:00<br \/>\n<strong>Kde<\/strong>: Hill Dickinson Stadium \u2013 Bramley-Moore Dock, Regent Rd, Liverpool L5 9SR (kapacita: 52 769)<br \/>\n<strong>TV<\/strong>: od 14:55 na Canal+ Sport 4, komentuje Marek Sk\u00e1\u010dik<br \/>\n<strong>Rozhod\u010d\u00ed<\/strong>: Stuart Attwell <strong>Postrann\u00ed rozhod\u010d\u00ed<\/strong>: Constantine Hatzidakis, Nicholas Hopton<br \/>\n<strong>\u010ctvrt\u00fd<\/strong> <strong>rozhod\u010d\u00ed<\/strong>: Tom Nield <strong>Videorozhod\u010d\u00ed<\/strong>: James Bell <strong>Asistent<\/strong> <strong>VAR<\/strong>: Lee Betts<\/p>\n","protected":false},"excerpt":{"rendered":"<p>\u0164uk, \u0165uk, kdo tam? Everton! Nov\u00fd domov, nov\u00e1 \u00e9ra, nov\u00e1 nad\u011bje. Hill Dickinson Stadium se otev\u00edr\u00e1.<\/p>\n","protected":false},"author":10,"featured_media":27297,"comment_status":"open","ping_status":"closed","sticky":false,"template":"","format":"standard","meta":{"_eb_attr":"","_monsterinsights_skip_tracking":false,"_monsterinsights_sitenote_active":false,"_monsterinsights_sitenote_note":"","_monsterinsights_sitenote_category":0,"footnotes":""},"categories":[4],"tags":[],"yoast_head":"<!-- This site is optimized with the Yoast SEO plugin v23.4 - https:\/\/yoast.com\/wordpress\/plugins\/seo\/ -->\n<title>Preview: Everton - Brighton &amp; Hove Albion - Official Czech &amp; Slovak Everton Supporters&#039; Club<\/title>\n<meta name=\"robots\" content=\"index, follow, max-snippet:-1, max-image-preview:large, max-video-preview:-1\" \/>\n<link rel=\"canonical\" href=\"https:\/\/evertonfc.cz\/index.php\/2025\/08\/24\/preview-everton-brighton-hove-albion-7\/\" \/>\n<meta property=\"og:locale\" content=\"cs_CZ\" \/>\n<meta property=\"og:type\" content=\"article\" \/>\n<meta property=\"og:title\" content=\"Preview: Everton - Brighton &amp; Hove Albion - Official Czech &amp; Slovak Everton Supporters&#039; Club\" \/>\n<meta property=\"og:description\" content=\"\u0164uk, \u0165uk, kdo tam? Everton! Nov\u00fd domov, nov\u00e1 \u00e9ra, nov\u00e1 nad\u011bje. Hill Dickinson Stadium se otev\u00edr\u00e1.\" \/>\n<meta property=\"og:url\" content=\"https:\/\/evertonfc.cz\/index.php\/2025\/08\/24\/preview-everton-brighton-hove-albion-7\/\" \/>\n<meta property=\"og:site_name\" content=\"Official Czech &amp; Slovak Everton Supporters&#039; Club\" \/>\n<meta property=\"article:publisher\" content=\"https:\/\/www.facebook.com\/everton.fans.cz.sk\" \/>\n<meta property=\"article:published_time\" content=\"2025-08-24T08:53:11+00:00\" \/>\n<meta property=\"article:modified_time\" content=\"2025-08-24T10:10:48+00:00\" \/>\n<meta property=\"og:image\" content=\"https:\/\/evertonfc.cz\/wp-content\/uploads\/2025\/08\/Everton-BMD-Brighton.png\" \/>\n\t<meta property=\"og:image:width\" content=\"720\" \/>\n\t<meta property=\"og:image:height\" content=\"405\" \/>\n\t<meta property=\"og:image:type\" content=\"image\/png\" \/>\n<meta name=\"author\" content=\"Fip\" \/>\n<meta name=\"twitter:card\" content=\"summary_large_image\" \/>\n<meta name=\"twitter:label1\" content=\"Napsal(a)\" \/>\n\t<meta name=\"twitter:data1\" content=\"Fip\" \/>\n\t<meta name=\"twitter:label2\" content=\"Odhadovan\u00e1 doba \u010dten\u00ed\" \/>\n\t<meta name=\"twitter:data2\" content=\"5 minut\" \/>\n<script type=\"application\/ld+json\" class=\"yoast-schema-graph\">{\"@context\":\"https:\/\/schema.org\",\"@graph\":[{\"@type\":\"Article\",\"@id\":\"https:\/\/evertonfc.cz\/index.php\/2025\/08\/24\/preview-everton-brighton-hove-albion-7\/#article\",\"isPartOf\":{\"@id\":\"https:\/\/evertonfc.cz\/index.php\/2025\/08\/24\/preview-everton-brighton-hove-albion-7\/\"},\"author\":{\"name\":\"Fip\",\"@id\":\"https:\/\/evertonfc.cz\/#\/schema\/person\/35904009755e8eaa0dc1a5f5f0419002\"},\"headline\":\"Preview: Everton &#8211; Brighton &#038; Hove Albion\",\"datePublished\":\"2025-08-24T08:53:11+00:00\",\"dateModified\":\"2025-08-24T10:10:48+00:00\",\"mainEntityOfPage\":{\"@id\":\"https:\/\/evertonfc.cz\/index.php\/2025\/08\/24\/preview-everton-brighton-hove-albion-7\/\"},\"wordCount\":910,\"commentCount\":13,\"publisher\":{\"@id\":\"https:\/\/evertonfc.cz\/#organization\"},\"image\":{\"@id\":\"https:\/\/evertonfc.cz\/index.php\/2025\/08\/24\/preview-everton-brighton-hove-albion-7\/#primaryimage\"},\"thumbnailUrl\":\"https:\/\/evertonfc.cz\/wp-content\/uploads\/2025\/08\/Everton-BMD-Brighton.png\",\"articleSection\":[\"Z\u00e1pasy\"],\"inLanguage\":\"cs\",\"potentialAction\":[{\"@type\":\"CommentAction\",\"name\":\"Comment\",\"target\":[\"https:\/\/evertonfc.cz\/index.php\/2025\/08\/24\/preview-everton-brighton-hove-albion-7\/#respond\"]}]},{\"@type\":\"WebPage\",\"@id\":\"https:\/\/evertonfc.cz\/index.php\/2025\/08\/24\/preview-everton-brighton-hove-albion-7\/\",\"url\":\"https:\/\/evertonfc.cz\/index.php\/2025\/08\/24\/preview-everton-brighton-hove-albion-7\/\",\"name\":\"Preview: Everton - Brighton & Hove Albion - Official Czech &amp; Slovak Everton Supporters&#039; Club\",\"isPartOf\":{\"@id\":\"https:\/\/evertonfc.cz\/#website\"},\"primaryImageOfPage\":{\"@id\":\"https:\/\/evertonfc.cz\/index.php\/2025\/08\/24\/preview-everton-brighton-hove-albion-7\/#primaryimage\"},\"image\":{\"@id\":\"https:\/\/evertonfc.cz\/index.php\/2025\/08\/24\/preview-everton-brighton-hove-albion-7\/#primaryimage\"},\"thumbnailUrl\":\"https:\/\/evertonfc.cz\/wp-content\/uploads\/2025\/08\/Everton-BMD-Brighton.png\",\"datePublished\":\"2025-08-24T08:53:11+00:00\",\"dateModified\":\"2025-08-24T10:10:48+00:00\",\"breadcrumb\":{\"@id\":\"https:\/\/evertonfc.cz\/index.php\/2025\/08\/24\/preview-everton-brighton-hove-albion-7\/#breadcrumb\"},\"inLanguage\":\"cs\",\"potentialAction\":[{\"@type\":\"ReadAction\",\"target\":[\"https:\/\/evertonfc.cz\/index.php\/2025\/08\/24\/preview-everton-brighton-hove-albion-7\/\"]}]},{\"@type\":\"ImageObject\",\"inLanguage\":\"cs\",\"@id\":\"https:\/\/evertonfc.cz\/index.php\/2025\/08\/24\/preview-everton-brighton-hove-albion-7\/#primaryimage\",\"url\":\"https:\/\/evertonfc.cz\/wp-content\/uploads\/2025\/08\/Everton-BMD-Brighton.png\",\"contentUrl\":\"https:\/\/evertonfc.cz\/wp-content\/uploads\/2025\/08\/Everton-BMD-Brighton.png\",\"width\":720,\"height\":405},{\"@type\":\"BreadcrumbList\",\"@id\":\"https:\/\/evertonfc.cz\/index.php\/2025\/08\/24\/preview-everton-brighton-hove-albion-7\/#breadcrumb\",\"itemListElement\":[{\"@type\":\"ListItem\",\"position\":1,\"name\":\"Home\",\"item\":\"https:\/\/evertonfc.cz\/\"},{\"@type\":\"ListItem\",\"position\":2,\"name\":\"Preview: Everton &#8211; Brighton &#038; Hove Albion\"}]},{\"@type\":\"WebSite\",\"@id\":\"https:\/\/evertonfc.cz\/#website\",\"url\":\"https:\/\/evertonfc.cz\/\",\"name\":\"Official Czech &amp; Slovak Everton Supporters&#039; Club\",\"description\":\"\",\"publisher\":{\"@id\":\"https:\/\/evertonfc.cz\/#organization\"},\"potentialAction\":[{\"@type\":\"SearchAction\",\"target\":{\"@type\":\"EntryPoint\",\"urlTemplate\":\"https:\/\/evertonfc.cz\/?s={search_term_string}\"},\"query-input\":{\"@type\":\"PropertyValueSpecification\",\"valueRequired\":true,\"valueName\":\"search_term_string\"}}],\"inLanguage\":\"cs\"},{\"@type\":\"Organization\",\"@id\":\"https:\/\/evertonfc.cz\/#organization\",\"name\":\"Official Czech & Slovak Everton Supporters' Club\",\"url\":\"https:\/\/evertonfc.cz\/\",\"logo\":{\"@type\":\"ImageObject\",\"inLanguage\":\"cs\",\"@id\":\"https:\/\/evertonfc.cz\/#\/schema\/logo\/image\/\",\"url\":\"https:\/\/evertonfc.cz\/wp-content\/uploads\/2019\/05\/logo.png\",\"contentUrl\":\"https:\/\/evertonfc.cz\/wp-content\/uploads\/2019\/05\/logo.png\",\"width\":112,\"height\":112,\"caption\":\"Official Czech & Slovak Everton Supporters' Club\"},\"image\":{\"@id\":\"https:\/\/evertonfc.cz\/#\/schema\/logo\/image\/\"},\"sameAs\":[\"https:\/\/www.facebook.com\/everton.fans.cz.sk\"]},{\"@type\":\"Person\",\"@id\":\"https:\/\/evertonfc.cz\/#\/schema\/person\/35904009755e8eaa0dc1a5f5f0419002\",\"name\":\"Fip\",\"url\":\"https:\/\/evertonfc.cz\/index.php\/author\/fip\/\"}]}<\/script>\n<!-- \/ Yoast SEO plugin. -->","yoast_head_json":{"title":"Preview: Everton - Brighton & Hove Albion - Official Czech &amp; Slovak Everton Supporters&#039; Club","robots":{"index":"index","follow":"follow","max-snippet":"max-snippet:-1","max-image-preview":"max-image-preview:large","max-video-preview":"max-video-preview:-1"},"canonical":"https:\/\/evertonfc.cz\/index.php\/2025\/08\/24\/preview-everton-brighton-hove-albion-7\/","og_locale":"cs_CZ","og_type":"article","og_title":"Preview: Everton - Brighton & Hove Albion - Official Czech &amp; Slovak Everton Supporters&#039; Club","og_description":"\u0164uk, \u0165uk, kdo tam? Everton! Nov\u00fd domov, nov\u00e1 \u00e9ra, nov\u00e1 nad\u011bje. Hill Dickinson Stadium se otev\u00edr\u00e1.","og_url":"https:\/\/evertonfc.cz\/index.php\/2025\/08\/24\/preview-everton-brighton-hove-albion-7\/","og_site_name":"Official Czech &amp; Slovak Everton Supporters&#039; Club","article_publisher":"https:\/\/www.facebook.com\/everton.fans.cz.sk","article_published_time":"2025-08-24T08:53:11+00:00","article_modified_time":"2025-08-24T10:10:48+00:00","og_image":[{"width":720,"height":405,"url":"https:\/\/evertonfc.cz\/wp-content\/uploads\/2025\/08\/Everton-BMD-Brighton.png","type":"image\/png"}],"author":"Fip","twitter_card":"summary_large_image","twitter_misc":{"Napsal(a)":"Fip","Odhadovan\u00e1 doba \u010dten\u00ed":"5 minut"},"schema":{"@context":"https:\/\/schema.org","@graph":[{"@type":"Article","@id":"https:\/\/evertonfc.cz\/index.php\/2025\/08\/24\/preview-everton-brighton-hove-albion-7\/#article","isPartOf":{"@id":"https:\/\/evertonfc.cz\/index.php\/2025\/08\/24\/preview-everton-brighton-hove-albion-7\/"},"author":{"name":"Fip","@id":"https:\/\/evertonfc.cz\/#\/schema\/person\/35904009755e8eaa0dc1a5f5f0419002"},"headline":"Preview: Everton &#8211; Brighton &#038; Hove Albion","datePublished":"2025-08-24T08:53:11+00:00","dateModified":"2025-08-24T10:10:48+00:00","mainEntityOfPage":{"@id":"https:\/\/evertonfc.cz\/index.php\/2025\/08\/24\/preview-everton-brighton-hove-albion-7\/"},"wordCount":910,"commentCount":13,"publisher":{"@id":"https:\/\/evertonfc.cz\/#organization"},"image":{"@id":"https:\/\/evertonfc.cz\/index.php\/2025\/08\/24\/preview-everton-brighton-hove-albion-7\/#primaryimage"},"thumbnailUrl":"https:\/\/evertonfc.cz\/wp-content\/uploads\/2025\/08\/Everton-BMD-Brighton.png","articleSection":["Z\u00e1pasy"],"inLanguage":"cs","potentialAction":[{"@type":"CommentAction","name":"Comment","target":["https:\/\/evertonfc.cz\/index.php\/2025\/08\/24\/preview-everton-brighton-hove-albion-7\/#respond"]}]},{"@type":"WebPage","@id":"https:\/\/evertonfc.cz\/index.php\/2025\/08\/24\/preview-everton-brighton-hove-albion-7\/","url":"https:\/\/evertonfc.cz\/index.php\/2025\/08\/24\/preview-everton-brighton-hove-albion-7\/","name":"Preview: Everton - Brighton & Hove Albion - Official Czech &amp; Slovak Everton Supporters&#039; Club","isPartOf":{"@id":"https:\/\/evertonfc.cz\/#website"},"primaryImageOfPage":{"@id":"https:\/\/evertonfc.cz\/index.php\/2025\/08\/24\/preview-everton-brighton-hove-albion-7\/#primaryimage"},"image":{"@id":"https:\/\/evertonfc.cz\/index.php\/2025\/08\/24\/preview-everton-brighton-hove-albion-7\/#primaryimage"},"thumbnailUrl":"https:\/\/evertonfc.cz\/wp-content\/uploads\/2025\/08\/Everton-BMD-Brighton.png","datePublished":"2025-08-24T08:53:11+00:00","dateModified":"2025-08-24T10:10:48+00:00","breadcrumb":{"@id":"https:\/\/evertonfc.cz\/index.php\/2025\/08\/24\/preview-everton-brighton-hove-albion-7\/#breadcrumb"},"inLanguage":"cs","potentialAction":[{"@type":"ReadAction","target":["https:\/\/evertonfc.cz\/index.php\/2025\/08\/24\/preview-everton-brighton-hove-albion-7\/"]}]},{"@type":"ImageObject","inLanguage":"cs","@id":"https:\/\/evertonfc.cz\/index.php\/2025\/08\/24\/preview-everton-brighton-hove-albion-7\/#primaryimage","url":"https:\/\/evertonfc.cz\/wp-content\/uploads\/2025\/08\/Everton-BMD-Brighton.png","contentUrl":"https:\/\/evertonfc.cz\/wp-content\/uploads\/2025\/08\/Everton-BMD-Brighton.png","width":720,"height":405},{"@type":"BreadcrumbList","@id":"https:\/\/evertonfc.cz\/index.php\/2025\/08\/24\/preview-everton-brighton-hove-albion-7\/#breadcrumb","itemListElement":[{"@type":"ListItem","position":1,"name":"Home","item":"https:\/\/evertonfc.cz\/"},{"@type":"ListItem","position":2,"name":"Preview: Everton &#8211; Brighton &#038; Hove Albion"}]},{"@type":"WebSite","@id":"https:\/\/evertonfc.cz\/#website","url":"https:\/\/evertonfc.cz\/","name":"Official Czech &amp; Slovak Everton Supporters&#039; Club","description":"","publisher":{"@id":"https:\/\/evertonfc.cz\/#organization"},"potentialAction":[{"@type":"SearchAction","target":{"@type":"EntryPoint","urlTemplate":"https:\/\/evertonfc.cz\/?s={search_term_string}"},"query-input":{"@type":"PropertyValueSpecification","valueRequired":true,"valueName":"search_term_string"}}],"inLanguage":"cs"},{"@type":"Organization","@id":"https:\/\/evertonfc.cz\/#organization","name":"Official Czech & Slovak Everton Supporters' Club","url":"https:\/\/evertonfc.cz\/","logo":{"@type":"ImageObject","inLanguage":"cs","@id":"https:\/\/evertonfc.cz\/#\/schema\/logo\/image\/","url":"https:\/\/evertonfc.cz\/wp-content\/uploads\/2019\/05\/logo.png","contentUrl":"https:\/\/evertonfc.cz\/wp-content\/uploads\/2019\/05\/logo.png","width":112,"height":112,"caption":"Official Czech & Slovak Everton Supporters' Club"},"image":{"@id":"https:\/\/evertonfc.cz\/#\/schema\/logo\/image\/"},"sameAs":["https:\/\/www.facebook.com\/everton.fans.cz.sk"]},{"@type":"Person","@id":"https:\/\/evertonfc.cz\/#\/schema\/person\/35904009755e8eaa0dc1a5f5f0419002","name":"Fip","url":"https:\/\/evertonfc.cz\/index.php\/author\/fip\/"}]}},"_links":{"self":[{"href":"https:\/\/evertonfc.cz\/index.php\/wp-json\/wp\/v2\/posts\/27301"}],"collection":[{"href":"https:\/\/evertonfc.cz\/index.php\/wp-json\/wp\/v2\/posts"}],"about":[{"href":"https:\/\/evertonfc.cz\/index.php\/wp-json\/wp\/v2\/types\/post"}],"author":[{"embeddable":true,"href":"https:\/\/evertonfc.cz\/index.php\/wp-json\/wp\/v2\/users\/10"}],"replies":[{"embeddable":true,"href":"https:\/\/evertonfc.cz\/index.php\/wp-json\/wp\/v2\/comments?post=27301"}],"version-history":[{"count":6,"href":"https:\/\/evertonfc.cz\/index.php\/wp-json\/wp\/v2\/posts\/27301\/revisions"}],"predecessor-version":[{"id":27307,"href":"https:\/\/evertonfc.cz\/index.php\/wp-json\/wp\/v2\/posts\/27301\/revisions\/27307"}],"wp:featuredmedia":[{"embeddable":true,"href":"https:\/\/evertonfc.cz\/index.php\/wp-json\/wp\/v2\/media\/27297"}],"wp:attachment":[{"href":"https:\/\/evertonfc.cz\/index.php\/wp-json\/wp\/v2\/media?parent=27301"}],"wp:term":[{"taxonomy":"category","embeddable":true,"href":"https:\/\/evertonfc.cz\/index.php\/wp-json\/wp\/v2\/categories?post=27301"},{"taxonomy":"post_tag","embeddable":true,"href":"https:\/\/evertonfc.cz\/index.php\/wp-json\/wp\/v2\/tags?post=27301"}],"curies":[{"name":"wp","href":"https:\/\/api.w.org\/{rel}","templated":true}]}}