{"id":27311,"date":"2025-08-25T20:59:49","date_gmt":"2025-08-25T18:59:49","guid":{"rendered":"https:\/\/evertonfc.cz\/?p=27311"},"modified":"2025-08-25T21:13:00","modified_gmt":"2025-08-25T19:13:00","slug":"everton-brighton-hove-albion-20","status":"publish","type":"post","link":"https:\/\/evertonfc.cz\/index.php\/2025\/08\/25\/everton-brighton-hove-albion-20\/","title":{"rendered":"Everton \u2013 Brighton &#038; Hove Albion 2:0"},"content":{"rendered":"<h4>Karamelky otvorili nov\u00fd Hill Dickinson Stadium v\u00ed\u0165azstvom nad \u010cajkami v\u00a0prvom dom\u00e1com z\u00e1pase nov\u00e9ho ro\u010dn\u00edka Premier League. Oba g\u00f3ly vytvoril Jack Grealish, ktor\u00fd sa okam\u017eite uk\u00e1zal ako rozdielov\u00fd hr\u00e1\u010d.<\/h4>\n<p>Po tom, \u010do sa Evertonians na konci minulej sez\u00f3ny rozl\u00fa\u010dili s ikonick\u00fdm Goodison Parkom, prejavili rovnak\u00e9 em\u00f3cie aj pri tomto prvom s\u00fa\u0165a\u017enom z\u00e1pase na svojom \u00fa\u017easnom novom \u0161tadi\u00f3ne v\u00a0dokoch pri n\u00e1bre\u017e\u00ed. Bol to dlho o\u010dak\u00e1van\u00fd moment. Po rokoch zlyhan\u00fdch pokusov a komplik\u00e1ci\u00ed klub kone\u010dne predstavil modern\u00fd domov pri rieke Mersey. Architekt Dan Meis zachoval ducha Goodison Parku.<\/p>\n<p>Strm\u00e9 trib\u00fany a kompaktn\u00fd obd\u013a\u017enikov\u00fd tvar, ktor\u00fd vytvoril jedine\u010dn\u00fa a int\u00edmnu atmosf\u00e9ru pln\u00fa hluku fan\u00fa\u0161ikov. Takmer 52 000 sa ich z\u00fa\u010dastnilo tejto v\u00fdznamnej udalosti. Ale na rozdiel od Goodison Parku pred 133 rokmi, ke\u010f Horace Pike strelil prv\u00fd g\u00f3l za Nottingham Forest, osudom bolo, \u017ee otv\u00e1rac\u00ed g\u00f3l na Hill Dickinson Stadium patril Evertonu. Tr\u00e9ner David Moyes uk\u00e1zal svoju odvahu, ke\u010f do z\u00e1kladnej zostavy nasadil Grealisha aj Dewsbury-Halla, spolu s Barrym v \u00fatoku. Na lavi\u010dke zostali Beto, McNeil \u010di Alcaraz. Mlad\u00edk Aznou bol pripraven\u00fd ako n\u00e1hradn\u00edk, no z hry ho vyradilo zranenie pri rozcvi\u010dke.<\/p>\n<h4><strong>Prv\u00fd pol\u010das<\/strong><\/h4>\n<p>Brighton za\u010dal dr\u017ean\u00edm lopty, no Everton odpovedal akt\u00edvnou \u013eavou stranou. Iliman Ndiaye mal prv\u00fa pr\u00edle\u017eitos\u0165, ale zakon\u010dil slabo. Vz\u00e1p\u00e4t\u00ed pohrozil Mitoma, ktor\u00fd trafil brvno. Hostia boli nebezpe\u010dn\u00ed, no nepremenili ve\u013ek\u00fa \u0161ancu Welbecka pred pr\u00e1zdnou br\u00e1nou. Brighton odolal n\u00e1poru Toffees a sna\u017eil sa prevzia\u0165 iniciat\u00edvu. Dom\u00e1ci sa v\u0161ak dr\u017eali pevne a sna\u017eili sa budova\u0165 hru s v\u00e4\u010d\u0161ou rozvahou, ale bolo to dos\u0165 neist\u00e9.<\/p>\n<p>Everton sa sna\u017eil \u010do najviac zapoji\u0165 Grealisha na \u013eavej strane, ale Minteh si na neho neust\u00e1le d\u00e1val pozor a dostupoval ho. V 35. min pri\u0161iel historick\u00fd okamih. Ndiaye zalo\u017eil r\u00fdchlu akciu, posunul loptu na Dewsbury-Halla, ktor\u00fd na\u0161iel vo\u013en\u00e9ho Grealisha. Ten z \u013eavej strany poslal prudk\u00fd center, ktor\u00fd Ndiaye zakon\u010dil nechytate\u013ene. Prv\u00fd g\u00f3l Evertonu na novom \u0161tadi\u00f3ne a obrovsk\u00fd rachot z trib\u00fan! Do prest\u00e1vky mohol Brighton aj vyrovna\u0165, Pickford v\u0161ak skvel\u00fdm z\u00e1krokom zachr\u00e1nil po Tarkowsk\u00e9ho chybnej malej domov. Everton tak i\u0161iel do \u0161atne s veden\u00edm 1:0.<\/p>\n<h4><strong>Druh\u00fd pol\u010das<\/strong><\/h4>\n<p>Po zmene str\u00e1n mali modr\u00ed chv\u00ed\u013eu probl\u00e9my s Mintehom, ale op\u00e4\u0165 udreli v spr\u00e1vnej chv\u00edli. Po Grealishovej prihr\u00e1vke sa lopta dostala k Jamesovi Garnerovi, ktor\u00fd n\u00e1dhernou presnou a\u00a0prudkou strelou z dia\u013eky zv\u00fd\u0161il na 2:0. To u\u017e sa pomaly bl\u00ed\u017eila hodina hry a \u010das na nejak\u00e9 tiezmeny od Davida Moyesa. S\u013eubn\u00e9ho Barryho nahradil parn\u00edk Beto, a\u00a0na kr\u00eddlo sa dostal Alcaraz za Ndiayeho.<\/p>\n<p>Brighton sa ale nevzdal. Mitoma a Minteh neust\u00e1le hrozili, a\u017e pri\u0161la sporn\u00e1 situ\u00e1cia: po ruke Dewsbury-Halla odp\u00edskal rozhodca penaltu. Welbeck ju kopol slabo a Pickford sa stal hrdinom okamihu, ke\u010f ju chytil. Dopomohla k\u00a0tomu aj jeho tradi\u010dn\u00e1 pom\u00f4cka na f\u013ea\u0161ke s\u00a0vodou. Tento trik u\u017e kop\u00edruj\u00fa aj in\u00fd brank\u00e1ri v\u00a0lige.<\/p>\n<p>Pre k\u0155\u010de nesk\u00f4r striedal Iroegbunama McNeil, a\u00a0Alcaraz sa tak mohol posun\u00fa\u0165 do stredu. Najv\u00e4\u010d\u0161ie \u0161ance prida\u0165 tret\u00ed g\u00f3l mali aj McNeil aj Beto, no v obrovskej pr\u00edle\u017eitosti bu\u010f prestrelili alebo zakon\u010dili ned\u00f4sledne. Kr\u00e1tko pred koncom si u\u017eil standing ovation Grealish, ktor\u00fd pri odchode z ihriska zo\u017eal ve\u013ek\u00e9 ov\u00e1cie z trib\u00fan.<\/p>\n<h4 style=\"text-align: center;\"><strong>David Moyes po z\u00e1pase:<\/strong><\/h4>\n<blockquote><p><span style=\"font-size: 12pt;\"><em>\u201eBolo to v\u0161etko, \u010do sme si priali. Chceli sme dnes pozit\u00edvny v\u00fdsledok. Mali sme skvel\u00fa atmosf\u00e9ru, \u00fa\u017easn\u00fd nov\u00fd \u0161tadi\u00f3n. Sna\u017e\u00edm sa, d\u00fafajme, \u017ee ka\u017ed\u00e9mu d\u00e1m t\u00edm, ktor\u00fd si budeme m\u00f4c\u0165 s rados\u0165ou pozrie\u0165 a na ktor\u00fd budeme hrd\u00ed. Dnes sa k tomu pribl\u00ed\u017eili svojou snahou a nasaden\u00edm. Niektor\u00e9 aspekty boli ve\u013emi dobr\u00e9, ale in\u00e9 nie a\u017e tak\u00e9 dobr\u00e9. Celkovo som v\u0161ak s v\u00fdsledkom naozaj spokojn\u00fd.<\/em><\/span><\/p>\n<p><span style=\"font-size: 12pt;\"><em>Jack bol pripraven\u00fd. Nesna\u017eil sa ni\u010domu vyh\u00fdba\u0165. Nechcel od\u00eds\u0165 po 60 min\u00fatach \u2013 bez \u0161ance. Chce uk\u00e1za\u0165, \u017ee je to prav\u00fd hr\u00e1\u010d. Pravdepodobne m\u00e1 \u010do dokazova\u0165. Ja som mal v priebehu rokov \u010do dokazova\u0165 v r\u00f4znych obdobiach. Mysl\u00edm si, \u017ee niekedy je to pre v\u00e1s v\u00fdzva, ktor\u00fa mus\u00edte by\u0165 pripraven\u00ed prija\u0165. D\u00fafajme, \u017ee Jack je. No, d\u00fafam, \u017ee od neho uvid\u00edme e\u0161te viac a zv\u00fd\u0161ime o\u010dak\u00e1vania. Chceli sme z\u00edska\u0165 viac \u00fato\u010dn\u00fdch mo\u017enost\u00ed, \u013eud\u00ed, ktor\u00ed si vedia vytv\u00e1ra\u0165 \u0161ance.\u201c<\/em><\/span><\/p><\/blockquote>\n<h4><strong>Ako dobr\u00fd bol Grealish?<\/strong><\/h4>\n<p>Treba poveda\u0165, \u017ee tak\u00fd, ak\u00fd v\u017edy bol. David Moyes vyu\u017eil Grealisha podobne, ako to kedysi robil Guardiola v City. Proti Leedsu minul\u00fd t\u00fd\u017ede\u0148 si chodil po loptu hlb\u0161ie, ke\u010f kr\u00eddla boli stiahnut\u00e9, a naopak, ke\u010f krajn\u00ed obrancovia ost\u00e1vali \u0161iroko, s\u0165ahoval sa viac do stredu. Proti Brightonu cez v\u00edkend to v\u0161ak vyzeralo inak.<\/p>\n<p>Grealish spolu s Ndiayem hrali klasick\u00e9 kr\u00eddla, vysoko a \u0161iroko pri \u010diare. Tentoraz nebral hru na seba z h\u013abky, ako to zvykol robi\u0165 vo Ville. Dr\u017eal sa pri postrannej \u010diare a Everton pre\u0161ibane \u0165ahal Brighton na jednu stranu ihriska, aby potom prehodil loptu na opa\u010dn\u00e9 kr\u00eddlo, kde mal Grealish priestor \u00eds\u0165 do s\u00faboja jeden na jedn\u00e9ho.<\/p>\n<p>Niektor\u00ed hr\u00e1\u010di s\u00fa nato\u013eko nebezpe\u010dn\u00ed, \u017ee na seba automaticky s\u0165ahuj\u00fa viac protihr\u00e1\u010dov \u2013 a\u00a0na\u0161a 18-tka je presne ten pr\u00edpad. Ke\u010f dostane loptu v priestore, zatla\u010d\u00ed s\u00fapera sp\u00e4\u0165, vytiahne na seba dvoch-troch hr\u00e1\u010dov, a otvor\u00ed t\u00fdm miesto pre ostatn\u00fdch. Loptu potom vie s rozumom posun\u00fa\u0165 spoluhr\u00e1\u010dom, ktor\u00ed sa ocitn\u00fa vo\u013en\u00ed pr\u00e1ve v\u010faka jeho pohybu. A hoci to bol de\u0148, kedy Grealish uk\u00e1zal individu\u00e1lnu triedu, patr\u00ed kredit aj Moyesovi \u2013 pripravil pre\u0148ho rolu, ktor\u00e1 mu sadla a dok\u00e1zala z neho vytiahnu\u0165 to najlep\u0161ie.<\/p>\n<h4><strong>\u010co s\u00a0Iroegbunamom?<\/strong><\/h4>\n<p>Tim Iroegbunam nast\u00fapil op\u00e4\u0165 v strede po\u013ea ved\u013ea Idrissu Ganu Gueyeho. Proti Leedsu sa mu v pondelok ve\u013emi nedarilo. Everton prehral 0:1 a Tim vyzeral bezradne. \u017diadna poriadna defenz\u00edvna pomoc pre obranu, z duelov vyhral len tri zo siedmich, nezachytil ani jednu prihr\u00e1vku, spravil dva fauly a smerom dopredu nepon\u00fakol v\u00f4bec ni\u010d. Pravda, v ofenz\u00edve nefungoval prakticky nikto.<\/p>\n<p>Ale proti Brightonu to bol \u00faplne in\u00fd pr\u00edbeh. V\u010dera predviedol robotn\u00edcky, poctiv\u00fd v\u00fdkon, za ktor\u00fd si zasl\u00fa\u017ei re\u0161pekt. Uk\u00e1zal charakter a zrelos\u0165, ke\u010f dok\u00e1zal po nevydarenej premi\u00e9re oto\u010di\u0165 list. Po ved\u00facom g\u00f3le Evertonu v 23. min\u00fate bol k\u013e\u00fa\u010dov\u00fdm hr\u00e1\u010dom pri tom, aby Toffees neinkasovali e\u0161te pred pol\u010dasom.<\/p>\n<p>Brighton hral vtedy vpredu odv\u00e1\u017ene. V 32. min\u00fate, ke\u010f Minteh prenikol po pravej strane a pre\u0161iel cez Garnera, Gueyeho aj Keanea, bol to pr\u00e1ve Iroegbunam, kto sa hodil do strely Matta O\u2019Rileyho a zlikvidoval obrovsk\u00fa \u0161ancu host\u00ed. Okrem toho zachytil viacero d\u00f4le\u017eit\u00fdch prihr\u00e1vok v strede po\u013ea, ke\u010f sa Brighton sna\u017eil r\u00fdchlo prech\u00e1dza\u0165 cez Dunkove a Van Heckeho prihr\u00e1vky do \u00fatoku.<\/p>\n<p>A ne\u0161lo len o defenz\u00edvu. Uk\u00e1zal aj kvalitu na lopte. V 34. min\u00fate ho Grealish na\u0161iel vo\u013en\u00e9ho pred \u0161estn\u00e1stkou, Tim si elegantne poradil s tromi nap\u00e1daj\u00facimi hr\u00e1\u010dmi a vystrelil tesne ved\u013ea \u017erde. Cez druh\u00fd pol\u010das pokra\u010doval v podobnom duchu. V 49. min\u00fate pre\u0161iel cez dvoch hr\u00e1\u010dov a vybojoval priamy kop z nebezpe\u010dnej vzdialenosti. Dobre zvl\u00e1dal aj podr\u017ea\u0165 loptu. Dvakr\u00e1t si ju prevzal na vlastnej polovici a don\u00fatil Brighton faulova\u0165, \u010d\u00edm ubral tlak a sp\u00e1lil cenn\u00e9 sekundy.<\/p>\n<p>Hoci musel v 70. min\u00fate dole s k\u0155\u010dmi, z\u00e1pas ukon\u010dil so siedmimi vyhrat\u00fdmi s\u00fabojmi \u2013 druh\u00fd najlep\u0161\u00ed v t\u00edme spolu s\u00a0Gueyem. A so 100 % \u00faspe\u0161nos\u0165ou vo vzdu\u0161n\u00fdch s\u00fabojoch. Mal aj najviac zachyten\u00fdch prihr\u00e1vok a blokov spomedzi v\u0161etk\u00fdch hr\u00e1\u010dov (p\u00e4\u0165 dohromady) a vybojoval tri fauly, \u010do bolo najviac spolu s Dewsbury-Hallom.<\/p>\n<p>Samozrejme, st\u00e1le je \u010do zlep\u0161ova\u0165. Presnos\u0165 prihr\u00e1vok bola slab\u00e1 \u2013 len 55 %. \u010casto sa sna\u017eil o pr\u00edli\u0161 komplikovan\u00e9 rie\u0161enia a zbyto\u010dne str\u00e1cal lopty. Navy\u0161e si e\u0161te v prvom pol\u010dase zbyto\u010dne vyp\u00fdtal \u017elt\u00fa kartu \u2013 druh\u00fa v dvoch z\u00e1pasoch. Ale celkovo? Pre hr\u00e1\u010da, ktor\u00fd v prvom kole p\u00f4sobil ako najslab\u0161\u00ed \u010dl\u00e1nok v u\u017e aj tak utr\u00e1penom t\u00edme, to bola ve\u013ek\u00e1 odpove\u010f. V\u00fdkon, na ktor\u00fd m\u00f4\u017ee by\u0165 hrd\u00fd.<\/p>\n<h4><strong>Dynamit Pickford<\/strong><\/h4>\n<p>\u201ePickers\u201c op\u00e4\u0165 predviedol svoju brilantn\u00fa formu. V z\u00e1vere z\u00e1pasu sa vrhol na \u013eav\u00fa stranu a zne\u0161kodnil penaltu Dannyho Welbecka, \u010d\u00edm udr\u017eal \u010dist\u00e9 konto pri svojom prvom ofici\u00e1lnom \u0161tarte v novom \u0161tadi\u00f3ne. Bola to jeho \u00f4sma chyten\u00e1 penalta od momentu, \u010do prest\u00fapil do Evertonu v sez\u00f3ne 2017\/18.<\/p>\n<p>Viac zne\u0161kodnen\u00fdch pen\u00e1lt v Premier League medzi Angli\u010danmi maj\u00fa len David James (13), Rob Green (9) a Ben Foster (9). A to Jordan m\u00e1 e\u0161te len 31 rokov. Okrem toho predviedol skvel\u00fd z\u00e1krok proti Mattovi O\u2019Rileyovi, ktor\u00fd zmaril \u0161ancu Jamesa Tarkowsk\u00e9ho po bizarnom sp\u00e4tnom pase stredn\u00e9ho obrancu v z\u00e1vere prv\u00e9ho pol\u010dasu. Pickford jednoducho uk\u00e1zal, \u017ee v br\u00e1ne Evertonu je st\u00e1le absol\u00fatnou istotou.<\/p>\n<p style=\"text-align: right;\"><span style=\"font-size: 8pt;\">(fotozdroj: AFP)<\/span><\/p>\n<h3 style=\"text-align: center;\"><span style=\"color: #3366ff;\"><em><strong>Up The Toffees !!!<\/strong><\/em><\/span><\/h3>\n<p><strong>G\u00f3ly:<\/strong> 23\u00b4 Ndiaye (Grealish), 52\u00b4Garner (Grealish)<\/p>\n<p><strong>\u017dlt\u00e9 karty:<\/strong> 28\u00b4 de Cuyper, 40\u00b4 Wieffer, 63\u00b4 Garner, 89\u00b4 KDH, 90+1\u00b4 Kardioglu, 90+5\u00b4 Beto<\/p>\n<p><strong>Everton: <\/strong>Pickford \u2013 O\u2019Brien, Tarkowski, Keane, Garner \u2013 Gueye, Iroegbunam (71\u00b4 McNeil), Dewsbury-Hall \u2013 Ndiaye (64&#8242; Alcaraz), Barry (64&#8242; Beto), Grealish (90+4&#8242; Armstrong)<\/p>\n<p><strong>Brighton: <\/strong>Verbruggen \u2013 Wieffer (85\u00b4 Gruda), Dunk, Van Hecke, De Coyper (67&#8242; Kadioglu) \u2013 Baleba (46&#8242; Hinshellwood), Ayari (67&#8242; Gomez), O\u2019Riley \u2013 Mitoma, Minteh, Welbeck<\/p>\n<p><strong>Rozhodca:\u00a0<\/strong>S. Atwell<strong> Div\u00e1ci:<\/strong> 51 759 (Hill Dickinson Stadium) <strong>Hr\u00e1\u010d\u00a0z\u00e1pasu EFC: <\/strong>Jack Grealish<\/p>\n","protected":false},"excerpt":{"rendered":"<p>Karamelky otvorili nov\u00fd Hill Dickinson Stadium v\u00ed\u0165azstvom nad \u010cajkami v\u00a0prvom dom\u00e1com z\u00e1pase nov\u00e9ho ro\u010dn\u00edka Premier League. Oba g\u00f3ly vytvoril Jack Grealish, ktor\u00fd sa okam\u017eite uk\u00e1zal ako rozdielov\u00fd hr\u00e1\u010d.<\/p>\n","protected":false},"author":1,"featured_media":27312,"comment_status":"open","ping_status":"closed","sticky":false,"template":"","format":"standard","meta":{"_eb_attr":"","_monsterinsights_skip_tracking":false,"_monsterinsights_sitenote_active":false,"_monsterinsights_sitenote_note":"","_monsterinsights_sitenote_category":0,"footnotes":""},"categories":[4],"tags":[],"yoast_head":"<!-- This site is optimized with the Yoast SEO plugin v23.4 - https:\/\/yoast.com\/wordpress\/plugins\/seo\/ -->\n<title>Everton \u2013 Brighton &amp; Hove Albion 2:0 - Official Czech &amp; Slovak Everton Supporters&#039; Club<\/title>\n<meta name=\"robots\" content=\"index, follow, max-snippet:-1, max-image-preview:large, max-video-preview:-1\" \/>\n<link rel=\"canonical\" href=\"https:\/\/evertonfc.cz\/index.php\/2025\/08\/25\/everton-brighton-hove-albion-20\/\" \/>\n<meta property=\"og:locale\" content=\"cs_CZ\" \/>\n<meta property=\"og:type\" content=\"article\" \/>\n<meta property=\"og:title\" content=\"Everton \u2013 Brighton &amp; Hove Albion 2:0 - Official Czech &amp; Slovak Everton Supporters&#039; Club\" \/>\n<meta property=\"og:description\" content=\"Karamelky otvorili nov\u00fd Hill Dickinson Stadium v\u00ed\u0165azstvom nad \u010cajkami v\u00a0prvom dom\u00e1com z\u00e1pase nov\u00e9ho ro\u010dn\u00edka Premier League. Oba g\u00f3ly vytvoril Jack Grealish, ktor\u00fd sa okam\u017eite uk\u00e1zal ako rozdielov\u00fd hr\u00e1\u010d.\" \/>\n<meta property=\"og:url\" content=\"https:\/\/evertonfc.cz\/index.php\/2025\/08\/25\/everton-brighton-hove-albion-20\/\" \/>\n<meta property=\"og:site_name\" content=\"Official Czech &amp; Slovak Everton Supporters&#039; Club\" \/>\n<meta property=\"article:publisher\" content=\"https:\/\/www.facebook.com\/everton.fans.cz.sk\" \/>\n<meta property=\"article:published_time\" content=\"2025-08-25T18:59:49+00:00\" \/>\n<meta property=\"article:modified_time\" content=\"2025-08-25T19:13:00+00:00\" \/>\n<meta property=\"og:image\" content=\"https:\/\/evertonfc.cz\/wp-content\/uploads\/2025\/08\/Everton-2-0-Brighton-by-AFP-24-8-2025.jpg\" \/>\n\t<meta property=\"og:image:width\" content=\"720\" \/>\n\t<meta property=\"og:image:height\" content=\"405\" \/>\n\t<meta property=\"og:image:type\" content=\"image\/jpeg\" \/>\n<meta name=\"author\" content=\"BlueBlooded\" \/>\n<meta name=\"twitter:card\" content=\"summary_large_image\" \/>\n<meta name=\"twitter:label1\" content=\"Napsal(a)\" \/>\n\t<meta name=\"twitter:data1\" content=\"BlueBlooded\" \/>\n\t<meta name=\"twitter:label2\" content=\"Odhadovan\u00e1 doba \u010dten\u00ed\" \/>\n\t<meta name=\"twitter:data2\" content=\"7 minut\" \/>\n<script type=\"application\/ld+json\" class=\"yoast-schema-graph\">{\"@context\":\"https:\/\/schema.org\",\"@graph\":[{\"@type\":\"Article\",\"@id\":\"https:\/\/evertonfc.cz\/index.php\/2025\/08\/25\/everton-brighton-hove-albion-20\/#article\",\"isPartOf\":{\"@id\":\"https:\/\/evertonfc.cz\/index.php\/2025\/08\/25\/everton-brighton-hove-albion-20\/\"},\"author\":{\"name\":\"BlueBlooded\",\"@id\":\"https:\/\/evertonfc.cz\/#\/schema\/person\/d4493b8cbea51532597fbc4685698916\"},\"headline\":\"Everton \u2013 Brighton &#038; Hove Albion 2:0\",\"datePublished\":\"2025-08-25T18:59:49+00:00\",\"dateModified\":\"2025-08-25T19:13:00+00:00\",\"mainEntityOfPage\":{\"@id\":\"https:\/\/evertonfc.cz\/index.php\/2025\/08\/25\/everton-brighton-hove-albion-20\/\"},\"wordCount\":1695,\"commentCount\":2,\"publisher\":{\"@id\":\"https:\/\/evertonfc.cz\/#organization\"},\"image\":{\"@id\":\"https:\/\/evertonfc.cz\/index.php\/2025\/08\/25\/everton-brighton-hove-albion-20\/#primaryimage\"},\"thumbnailUrl\":\"https:\/\/evertonfc.cz\/wp-content\/uploads\/2025\/08\/Everton-2-0-Brighton-by-AFP-24-8-2025.jpg\",\"articleSection\":[\"Z\u00e1pasy\"],\"inLanguage\":\"cs\",\"potentialAction\":[{\"@type\":\"CommentAction\",\"name\":\"Comment\",\"target\":[\"https:\/\/evertonfc.cz\/index.php\/2025\/08\/25\/everton-brighton-hove-albion-20\/#respond\"]}]},{\"@type\":\"WebPage\",\"@id\":\"https:\/\/evertonfc.cz\/index.php\/2025\/08\/25\/everton-brighton-hove-albion-20\/\",\"url\":\"https:\/\/evertonfc.cz\/index.php\/2025\/08\/25\/everton-brighton-hove-albion-20\/\",\"name\":\"Everton \u2013 Brighton & Hove Albion 2:0 - Official Czech &amp; Slovak Everton Supporters&#039; Club\",\"isPartOf\":{\"@id\":\"https:\/\/evertonfc.cz\/#website\"},\"primaryImageOfPage\":{\"@id\":\"https:\/\/evertonfc.cz\/index.php\/2025\/08\/25\/everton-brighton-hove-albion-20\/#primaryimage\"},\"image\":{\"@id\":\"https:\/\/evertonfc.cz\/index.php\/2025\/08\/25\/everton-brighton-hove-albion-20\/#primaryimage\"},\"thumbnailUrl\":\"https:\/\/evertonfc.cz\/wp-content\/uploads\/2025\/08\/Everton-2-0-Brighton-by-AFP-24-8-2025.jpg\",\"datePublished\":\"2025-08-25T18:59:49+00:00\",\"dateModified\":\"2025-08-25T19:13:00+00:00\",\"breadcrumb\":{\"@id\":\"https:\/\/evertonfc.cz\/index.php\/2025\/08\/25\/everton-brighton-hove-albion-20\/#breadcrumb\"},\"inLanguage\":\"cs\",\"potentialAction\":[{\"@type\":\"ReadAction\",\"target\":[\"https:\/\/evertonfc.cz\/index.php\/2025\/08\/25\/everton-brighton-hove-albion-20\/\"]}]},{\"@type\":\"ImageObject\",\"inLanguage\":\"cs\",\"@id\":\"https:\/\/evertonfc.cz\/index.php\/2025\/08\/25\/everton-brighton-hove-albion-20\/#primaryimage\",\"url\":\"https:\/\/evertonfc.cz\/wp-content\/uploads\/2025\/08\/Everton-2-0-Brighton-by-AFP-24-8-2025.jpg\",\"contentUrl\":\"https:\/\/evertonfc.cz\/wp-content\/uploads\/2025\/08\/Everton-2-0-Brighton-by-AFP-24-8-2025.jpg\",\"width\":720,\"height\":405},{\"@type\":\"BreadcrumbList\",\"@id\":\"https:\/\/evertonfc.cz\/index.php\/2025\/08\/25\/everton-brighton-hove-albion-20\/#breadcrumb\",\"itemListElement\":[{\"@type\":\"ListItem\",\"position\":1,\"name\":\"Home\",\"item\":\"https:\/\/evertonfc.cz\/\"},{\"@type\":\"ListItem\",\"position\":2,\"name\":\"Everton \u2013 Brighton &#038; Hove Albion 2:0\"}]},{\"@type\":\"WebSite\",\"@id\":\"https:\/\/evertonfc.cz\/#website\",\"url\":\"https:\/\/evertonfc.cz\/\",\"name\":\"Official Czech &amp; Slovak Everton Supporters&#039; Club\",\"description\":\"\",\"publisher\":{\"@id\":\"https:\/\/evertonfc.cz\/#organization\"},\"potentialAction\":[{\"@type\":\"SearchAction\",\"target\":{\"@type\":\"EntryPoint\",\"urlTemplate\":\"https:\/\/evertonfc.cz\/?s={search_term_string}\"},\"query-input\":{\"@type\":\"PropertyValueSpecification\",\"valueRequired\":true,\"valueName\":\"search_term_string\"}}],\"inLanguage\":\"cs\"},{\"@type\":\"Organization\",\"@id\":\"https:\/\/evertonfc.cz\/#organization\",\"name\":\"Official Czech & Slovak Everton Supporters' Club\",\"url\":\"https:\/\/evertonfc.cz\/\",\"logo\":{\"@type\":\"ImageObject\",\"inLanguage\":\"cs\",\"@id\":\"https:\/\/evertonfc.cz\/#\/schema\/logo\/image\/\",\"url\":\"https:\/\/evertonfc.cz\/wp-content\/uploads\/2019\/05\/logo.png\",\"contentUrl\":\"https:\/\/evertonfc.cz\/wp-content\/uploads\/2019\/05\/logo.png\",\"width\":112,\"height\":112,\"caption\":\"Official Czech & Slovak Everton Supporters' Club\"},\"image\":{\"@id\":\"https:\/\/evertonfc.cz\/#\/schema\/logo\/image\/\"},\"sameAs\":[\"https:\/\/www.facebook.com\/everton.fans.cz.sk\"]},{\"@type\":\"Person\",\"@id\":\"https:\/\/evertonfc.cz\/#\/schema\/person\/d4493b8cbea51532597fbc4685698916\",\"name\":\"BlueBlooded\",\"url\":\"https:\/\/evertonfc.cz\/index.php\/author\/admin\/\"}]}<\/script>\n<!-- \/ Yoast SEO plugin. -->","yoast_head_json":{"title":"Everton \u2013 Brighton & Hove Albion 2:0 - Official Czech &amp; Slovak Everton Supporters&#039; Club","robots":{"index":"index","follow":"follow","max-snippet":"max-snippet:-1","max-image-preview":"max-image-preview:large","max-video-preview":"max-video-preview:-1"},"canonical":"https:\/\/evertonfc.cz\/index.php\/2025\/08\/25\/everton-brighton-hove-albion-20\/","og_locale":"cs_CZ","og_type":"article","og_title":"Everton \u2013 Brighton & Hove Albion 2:0 - Official Czech &amp; Slovak Everton Supporters&#039; Club","og_description":"Karamelky otvorili nov\u00fd Hill Dickinson Stadium v\u00ed\u0165azstvom nad \u010cajkami v\u00a0prvom dom\u00e1com z\u00e1pase nov\u00e9ho ro\u010dn\u00edka Premier League. Oba g\u00f3ly vytvoril Jack Grealish, ktor\u00fd sa okam\u017eite uk\u00e1zal ako rozdielov\u00fd hr\u00e1\u010d.","og_url":"https:\/\/evertonfc.cz\/index.php\/2025\/08\/25\/everton-brighton-hove-albion-20\/","og_site_name":"Official Czech &amp; Slovak Everton Supporters&#039; Club","article_publisher":"https:\/\/www.facebook.com\/everton.fans.cz.sk","article_published_time":"2025-08-25T18:59:49+00:00","article_modified_time":"2025-08-25T19:13:00+00:00","og_image":[{"width":720,"height":405,"url":"https:\/\/evertonfc.cz\/wp-content\/uploads\/2025\/08\/Everton-2-0-Brighton-by-AFP-24-8-2025.jpg","type":"image\/jpeg"}],"author":"BlueBlooded","twitter_card":"summary_large_image","twitter_misc":{"Napsal(a)":"BlueBlooded","Odhadovan\u00e1 doba \u010dten\u00ed":"7 minut"},"schema":{"@context":"https:\/\/schema.org","@graph":[{"@type":"Article","@id":"https:\/\/evertonfc.cz\/index.php\/2025\/08\/25\/everton-brighton-hove-albion-20\/#article","isPartOf":{"@id":"https:\/\/evertonfc.cz\/index.php\/2025\/08\/25\/everton-brighton-hove-albion-20\/"},"author":{"name":"BlueBlooded","@id":"https:\/\/evertonfc.cz\/#\/schema\/person\/d4493b8cbea51532597fbc4685698916"},"headline":"Everton \u2013 Brighton &#038; Hove Albion 2:0","datePublished":"2025-08-25T18:59:49+00:00","dateModified":"2025-08-25T19:13:00+00:00","mainEntityOfPage":{"@id":"https:\/\/evertonfc.cz\/index.php\/2025\/08\/25\/everton-brighton-hove-albion-20\/"},"wordCount":1695,"commentCount":2,"publisher":{"@id":"https:\/\/evertonfc.cz\/#organization"},"image":{"@id":"https:\/\/evertonfc.cz\/index.php\/2025\/08\/25\/everton-brighton-hove-albion-20\/#primaryimage"},"thumbnailUrl":"https:\/\/evertonfc.cz\/wp-content\/uploads\/2025\/08\/Everton-2-0-Brighton-by-AFP-24-8-2025.jpg","articleSection":["Z\u00e1pasy"],"inLanguage":"cs","potentialAction":[{"@type":"CommentAction","name":"Comment","target":["https:\/\/evertonfc.cz\/index.php\/2025\/08\/25\/everton-brighton-hove-albion-20\/#respond"]}]},{"@type":"WebPage","@id":"https:\/\/evertonfc.cz\/index.php\/2025\/08\/25\/everton-brighton-hove-albion-20\/","url":"https:\/\/evertonfc.cz\/index.php\/2025\/08\/25\/everton-brighton-hove-albion-20\/","name":"Everton \u2013 Brighton & Hove Albion 2:0 - Official Czech &amp; Slovak Everton Supporters&#039; Club","isPartOf":{"@id":"https:\/\/evertonfc.cz\/#website"},"primaryImageOfPage":{"@id":"https:\/\/evertonfc.cz\/index.php\/2025\/08\/25\/everton-brighton-hove-albion-20\/#primaryimage"},"image":{"@id":"https:\/\/evertonfc.cz\/index.php\/2025\/08\/25\/everton-brighton-hove-albion-20\/#primaryimage"},"thumbnailUrl":"https:\/\/evertonfc.cz\/wp-content\/uploads\/2025\/08\/Everton-2-0-Brighton-by-AFP-24-8-2025.jpg","datePublished":"2025-08-25T18:59:49+00:00","dateModified":"2025-08-25T19:13:00+00:00","breadcrumb":{"@id":"https:\/\/evertonfc.cz\/index.php\/2025\/08\/25\/everton-brighton-hove-albion-20\/#breadcrumb"},"inLanguage":"cs","potentialAction":[{"@type":"ReadAction","target":["https:\/\/evertonfc.cz\/index.php\/2025\/08\/25\/everton-brighton-hove-albion-20\/"]}]},{"@type":"ImageObject","inLanguage":"cs","@id":"https:\/\/evertonfc.cz\/index.php\/2025\/08\/25\/everton-brighton-hove-albion-20\/#primaryimage","url":"https:\/\/evertonfc.cz\/wp-content\/uploads\/2025\/08\/Everton-2-0-Brighton-by-AFP-24-8-2025.jpg","contentUrl":"https:\/\/evertonfc.cz\/wp-content\/uploads\/2025\/08\/Everton-2-0-Brighton-by-AFP-24-8-2025.jpg","width":720,"height":405},{"@type":"BreadcrumbList","@id":"https:\/\/evertonfc.cz\/index.php\/2025\/08\/25\/everton-brighton-hove-albion-20\/#breadcrumb","itemListElement":[{"@type":"ListItem","position":1,"name":"Home","item":"https:\/\/evertonfc.cz\/"},{"@type":"ListItem","position":2,"name":"Everton \u2013 Brighton &#038; Hove Albion 2:0"}]},{"@type":"WebSite","@id":"https:\/\/evertonfc.cz\/#website","url":"https:\/\/evertonfc.cz\/","name":"Official Czech &amp; Slovak Everton Supporters&#039; Club","description":"","publisher":{"@id":"https:\/\/evertonfc.cz\/#organization"},"potentialAction":[{"@type":"SearchAction","target":{"@type":"EntryPoint","urlTemplate":"https:\/\/evertonfc.cz\/?s={search_term_string}"},"query-input":{"@type":"PropertyValueSpecification","valueRequired":true,"valueName":"search_term_string"}}],"inLanguage":"cs"},{"@type":"Organization","@id":"https:\/\/evertonfc.cz\/#organization","name":"Official Czech & Slovak Everton Supporters' Club","url":"https:\/\/evertonfc.cz\/","logo":{"@type":"ImageObject","inLanguage":"cs","@id":"https:\/\/evertonfc.cz\/#\/schema\/logo\/image\/","url":"https:\/\/evertonfc.cz\/wp-content\/uploads\/2019\/05\/logo.png","contentUrl":"https:\/\/evertonfc.cz\/wp-content\/uploads\/2019\/05\/logo.png","width":112,"height":112,"caption":"Official Czech & Slovak Everton Supporters' Club"},"image":{"@id":"https:\/\/evertonfc.cz\/#\/schema\/logo\/image\/"},"sameAs":["https:\/\/www.facebook.com\/everton.fans.cz.sk"]},{"@type":"Person","@id":"https:\/\/evertonfc.cz\/#\/schema\/person\/d4493b8cbea51532597fbc4685698916","name":"BlueBlooded","url":"https:\/\/evertonfc.cz\/index.php\/author\/admin\/"}]}},"_links":{"self":[{"href":"https:\/\/evertonfc.cz\/index.php\/wp-json\/wp\/v2\/posts\/27311"}],"collection":[{"href":"https:\/\/evertonfc.cz\/index.php\/wp-json\/wp\/v2\/posts"}],"about":[{"href":"https:\/\/evertonfc.cz\/index.php\/wp-json\/wp\/v2\/types\/post"}],"author":[{"embeddable":true,"href":"https:\/\/evertonfc.cz\/index.php\/wp-json\/wp\/v2\/users\/1"}],"replies":[{"embeddable":true,"href":"https:\/\/evertonfc.cz\/index.php\/wp-json\/wp\/v2\/comments?post=27311"}],"version-history":[{"count":3,"href":"https:\/\/evertonfc.cz\/index.php\/wp-json\/wp\/v2\/posts\/27311\/revisions"}],"predecessor-version":[{"id":27315,"href":"https:\/\/evertonfc.cz\/index.php\/wp-json\/wp\/v2\/posts\/27311\/revisions\/27315"}],"wp:featuredmedia":[{"embeddable":true,"href":"https:\/\/evertonfc.cz\/index.php\/wp-json\/wp\/v2\/media\/27312"}],"wp:attachment":[{"href":"https:\/\/evertonfc.cz\/index.php\/wp-json\/wp\/v2\/media?parent=27311"}],"wp:term":[{"taxonomy":"category","embeddable":true,"href":"https:\/\/evertonfc.cz\/index.php\/wp-json\/wp\/v2\/categories?post=27311"},{"taxonomy":"post_tag","embeddable":true,"href":"https:\/\/evertonfc.cz\/index.php\/wp-json\/wp\/v2\/tags?post=27311"}],"curies":[{"name":"wp","href":"https:\/\/api.w.org\/{rel}","templated":true}]}}