{"id":27317,"date":"2025-08-25T22:11:55","date_gmt":"2025-08-25T20:11:55","guid":{"rendered":"https:\/\/evertonfc.cz\/?p=27317"},"modified":"2025-08-28T21:11:23","modified_gmt":"2025-08-28T19:11:23","slug":"teenager-dibling-konecne-v-modrem","status":"publish","type":"post","link":"https:\/\/evertonfc.cz\/index.php\/2025\/08\/25\/teenager-dibling-konecne-v-modrem\/","title":{"rendered":"Teenager Dibling kone\u010dn\u011b v modr\u00e9m"},"content":{"rendered":"<h4>Moyes vzt\u00e1hl ruku nad mo\u0159e a Friedkin hnal \u0161terlinky siln\u00fdm ji\u017en\u00edm v\u011btrem, kter\u00fd v\u00e1l po celou noc, a\u017e prom\u011bnil Diblinga v Evertoniana. Lajny byly rozpolceny.<\/h4>\n<p>Kdo v\u00ed, jestli d\u00e9le Moj\u017e\u00ed\u0161 vedl Izraelity pou\u0161t\u00ed, nebo Moyes \u010dekal na sv\u00e9 prav\u00e9 k\u0159\u00eddlo. Rad\u011bji se t\u011b\u0161me, \u017ee putov\u00e1n\u00ed je u konce \u2013 te\u010f u\u017e samoz\u0159ejm\u011b mysl\u00edme p\u0159estup drz\u00e9ho Angli\u010dana ze Southamptonu, kter\u00fd si sv\u00fdm driblingem podman\u00ed minim\u00e1ln\u011b Hill Dickinson Stadium, nejl\u00e9pe potom celou Premier League.<\/p>\n<p>Everton kupuje 19let\u00e9ho levonoh\u00e9ho k\u0159\u00eddeln\u00edka za 35 milion\u016f liber v z\u00e1kladu. Dal\u0161\u00edch p\u011bt milion\u016f liber je v\u00e1z\u00e1no na v\u00fdkonnostn\u00ed bonusy a Southampton si nav\u00edc vym\u00ednil klauzuli ve v\u00fd\u0161i 20 procent ze zisku z p\u0159\u00edpadn\u00e9ho dal\u0161\u00edho prodeje. \u010c\u00e1stky jsou, jak u\u017e to b\u00fdv\u00e1, neofici\u00e1ln\u00ed, ale potvrzen\u00e9 d\u016fv\u011bryhodn\u00fdmi novin\u00e1\u0159i.<\/p>\n<p>Na prvn\u00ed pohled se zd\u00e1, \u017ee jde o ohromnou sumu za mlad\u00edka, kter\u00fd m\u00e1 za sebou pouze jeden kompletn\u00ed ro\u010dn\u00edk v seniorsk\u00e9m fotbale. Toffees v\u0161ak kupuj\u00ed hr\u00e1\u010de s obrovsk\u00fdm potenci\u00e1lem, a dokonce je\u0161t\u011b levn\u011bji, ne\u017e se p\u016fvodn\u011b zd\u00e1lo. Southampton p\u0159ed dv\u011bma t\u00fddny odm\u00edtl nab\u00eddku Evertonu ve v\u00fd\u0161i 40 milion\u016f a bonusy po\u017eadoval o deset milion\u016f v\u00edce. Druholigov\u00fd klub ale posl\u00e9ze s\u00e1m Merseysiders oslovil a akceptoval ni\u017e\u0161\u00ed \u010d\u00e1stku.<\/p>\n<p>Kdo by tak\u00e9 cht\u011bl m\u00edt v k\u00e1dru ne\u0161\u0165astn\u00e9ho hr\u00e1\u010de bez milion\u016f za transfer na kont\u011b. Ne, \u017ee by Dibling trucoval \u2013 jako nap\u0159\u00edklad n\u00e1\u0161 star\u00fd zn\u00e1m\u00fd Anthony Gordon, kter\u00fd p\u0159ed rokem a p\u016fl odm\u00edtal tr\u00e9novat, aby ho Everton pustil do Newcastlu \u2013 ale rychle se bl\u00ed\u017e\u00edc\u00ed konec p\u0159estupov\u00e9ho okna \u010dasto m\u011bn\u00ed p\u016fvodn\u00ed pl\u00e1ny.<\/p>\n<p><!--StartFragment --><span class=\"cf0\">Tyler <\/span><span class=\"cf0\">Dibling<\/span><span class=\"cf0\"> bezesporu pat<\/span><span class=\"cf0\">\u0159<\/span><span class=\"cf1\">\u00ed mezi genera<\/span><span class=\"cf2\">\u010dn<\/span><span class=\"cf1\">\u00ed talenty anglick\u00e9ho fotbalu. V dresu Southamptonu debutoval jako <\/span><span class=\"cf0\">17let<\/span><span class=\"cf1\">\u00fd p<\/span><span class=\"cf2\">\u0159ed dv\u011bma roky ve druh<\/span><span class=\"cf1\">\u00e9 anglick\u00e9 lize a v lo<\/span><span class=\"cf2\">\u0148sk<\/span><span class=\"cf1\">\u00e9 sez\u00f3n<\/span><span class=\"cf2\">\u011b u\u017e zaujal cel<\/span><span class=\"cf1\">\u00e9 Ostrovy sv\u00fdm netypick\u00fdm, a<\/span><span class=\"cf0\">le<\/span><span class=\"cf2\"> velmi ladn<\/span><span class=\"cf1\">\u00fdm stylem.<\/span> U Saints sice mohl hr\u00e1t svobodn\u011b a bez v\u011bt\u0161\u00edho tlaku, i proto, \u017ee mu\u017estvo skon\u010dilo na posledn\u00edm m\u00edst\u011b Premier League. Bezesporu v\u0161ak p\u0159edv\u00e1d\u011bl nad\u011bjn\u00e9 a kvalitn\u00ed v\u00fdkony a ve sv\u00e9m pr\u016flomov\u00e9m ro\u010dn\u00edku odehr\u00e1l 38 sout\u011b\u017en\u00edch utk\u00e1n\u00ed, v nich\u017e vst\u0159elil \u010dty\u0159i branky a na dal\u0161\u00ed t\u0159i p\u0159ihr\u00e1l.<\/p>\n<p>Ve veden\u00ed m\u00ed\u010de a schopnosti obej\u00edt protihr\u00e1\u010de pat\u0159il k nejlep\u0161\u00edm hr\u00e1\u010d\u016fm ligy. Krom\u011b skv\u011bl\u00e9 techniky se op\u00edr\u00e1 i o velkou s\u00edlu v osobn\u00edch souboj\u00edch, a\u010dkoliv na prvn\u00ed pohled tak nep\u016fsob\u00ed. David Moyes nyn\u00ed douf\u00e1, \u017ee sv\u016fj nov\u00fd klenot vybrous\u00ed: <em>\u201eJsme velmi r\u00e1di, \u017ee se n\u00e1m poda\u0159ilo p\u0159iv\u00e9st Tylera. Je to velmi talentovan\u00fd mlad\u00edk s obrovsk\u00fdm potenci\u00e1lem. Dod\u00e1 n\u00e1m nov\u00e9 mo\u017enosti v ofenziv\u011b a z\u00e1rove\u0148 ho podpo\u0159\u00edme v jeho rozvoji.\u201c<\/em><\/p>\n<p>Everton ud\u011blal z Diblinga, s n\u00edm\u017e podepsal \u010dty\u0159letou smlouvu, svou nejdra\u017e\u0161\u00ed a z\u00e1rove\u0148 osmou letn\u00ed posilu. <em>\u201eJsem nad\u0161en\u00fd, \u017ee jsem p\u0159estoupil do Evertonu,\u201c<\/em> oblig\u00e1tn\u011b za\u010dal nov\u00fd nositel \u010d\u00edsla 20 na z\u00e1dech. <em>\u201eNepochybuji, \u017ee jsem si vybral spr\u00e1vn\u00fd klub, v n\u011bm\u017e rozvinu svou kari\u00e9ru. Everton je na vzestupu a m\u00e1 neuv\u011b\u0159iteln\u00e9 fanou\u0161ky. V lo\u0148sk\u00e9 sez\u00f3n\u011b jsem na h\u0159i\u0161ti za\u017eil posledn\u00ed z\u00e1pas na Goodison Parku a byl jsem ohromen atmosf\u00e9rou. T\u011b\u0161\u00edm se i na spolupr\u00e1ci s mana\u017eerem Davidem Moyesem a na to, \u017ee se budu moct u\u010dit od mnoha skv\u011bl\u00fdch hr\u00e1\u010d\u016f. Ur\u010dit\u011b mus\u00edm zm\u00ednit Jacka Grealishe a Ilimana Ndiayeho.\u201c<\/em><\/p>\n<p><em>Moj\u00ed nejv\u011bt\u0161\u00ed p\u0159ednost\u00ed je driblink. To je to, v \u010dem jsem nejlep\u0161\u00ed a \u010d\u00edm chci bavit fanou\u0161ky. Douf\u00e1m, \u017ee jim toho uk\u00e1\u017eu co nejv\u00edc,<\/em>\u201c uzav\u0159el anglick\u00fd ml\u00e1de\u017enick\u00fd reprezentant.<\/p>\n<p style=\"text-align: left;\"><span style=\"text-decoration: underline;\"><em>Viz tak\u00e9:<\/em><\/span><\/p>\n<ul>\n<li style=\"text-align: left;\"><a href=\"https:\/\/evertonfc.cz\/index.php\/soupiska\/tyler-jay-robert-dibling\/\" rel=\"noopener\"><strong>Soupiska \/ profil Diblinga<\/strong><\/a><\/li>\n<\/ul>\n","protected":false},"excerpt":{"rendered":"<p>Moyes vzt\u00e1hl ruku nad mo\u0159e a Friedkin hnal \u0161terlinky siln\u00fdm ji\u017en\u00edm v\u011btrem, kter\u00fd v\u00e1l po celou noc, a\u017e prom\u011bnil Diblinga v Evertoniana. Lajny byly rozpolceny.<\/p>\n","protected":false},"author":6,"featured_media":27316,"comment_status":"open","ping_status":"closed","sticky":false,"template":"","format":"standard","meta":{"_eb_attr":"","_monsterinsights_skip_tracking":false,"_monsterinsights_sitenote_active":false,"_monsterinsights_sitenote_note":"","_monsterinsights_sitenote_category":0,"footnotes":""},"categories":[41],"tags":[],"yoast_head":"<!-- This site is optimized with the Yoast SEO plugin v23.4 - https:\/\/yoast.com\/wordpress\/plugins\/seo\/ -->\n<title>Teenager Dibling kone\u010dn\u011b v modr\u00e9m - Official Czech &amp; Slovak Everton Supporters&#039; Club<\/title>\n<meta name=\"description\" content=\"Moyes vzt\u00e1hl ruku nad mo\u0159e a Friedkin hnal \u0161terlinky siln\u00fdm ji\u017en\u00edm v\u011btrem, kter\u00fd v\u00e1l po celou noc, a\u017e prom\u011bnil Diblinga v Evertoniana. Lajny byly rozpolceny.\" \/>\n<meta name=\"robots\" content=\"index, follow, max-snippet:-1, max-image-preview:large, max-video-preview:-1\" \/>\n<link rel=\"canonical\" href=\"https:\/\/evertonfc.cz\/index.php\/2025\/08\/25\/teenager-dibling-konecne-v-modrem\/\" \/>\n<meta property=\"og:locale\" content=\"cs_CZ\" \/>\n<meta property=\"og:type\" content=\"article\" \/>\n<meta property=\"og:title\" content=\"Teenager Dibling kone\u010dn\u011b v modr\u00e9m - Official Czech &amp; Slovak Everton Supporters&#039; Club\" \/>\n<meta property=\"og:description\" content=\"Moyes vzt\u00e1hl ruku nad mo\u0159e a Friedkin hnal \u0161terlinky siln\u00fdm ji\u017en\u00edm v\u011btrem, kter\u00fd v\u00e1l po celou noc, a\u017e prom\u011bnil Diblinga v Evertoniana. Lajny byly rozpolceny.\" \/>\n<meta property=\"og:url\" content=\"https:\/\/evertonfc.cz\/index.php\/2025\/08\/25\/teenager-dibling-konecne-v-modrem\/\" \/>\n<meta property=\"og:site_name\" content=\"Official Czech &amp; Slovak Everton Supporters&#039; Club\" \/>\n<meta property=\"article:publisher\" content=\"https:\/\/www.facebook.com\/everton.fans.cz.sk\" \/>\n<meta property=\"article:published_time\" content=\"2025-08-25T20:11:55+00:00\" \/>\n<meta property=\"article:modified_time\" content=\"2025-08-28T19:11:23+00:00\" \/>\n<meta property=\"og:image\" content=\"https:\/\/evertonfc.cz\/wp-content\/uploads\/2025\/08\/dibling_25_8_2025.jpeg\" \/>\n\t<meta property=\"og:image:width\" content=\"720\" \/>\n\t<meta property=\"og:image:height\" content=\"405\" \/>\n\t<meta property=\"og:image:type\" content=\"image\/jpeg\" \/>\n<meta name=\"author\" content=\"Ri\u010di\" \/>\n<meta name=\"twitter:card\" content=\"summary_large_image\" \/>\n<meta name=\"twitter:creator\" content=\"@rbrejsa\" \/>\n<meta name=\"twitter:label1\" content=\"Napsal(a)\" \/>\n\t<meta name=\"twitter:data1\" content=\"Ri\u010di\" \/>\n\t<meta name=\"twitter:label2\" content=\"Odhadovan\u00e1 doba \u010dten\u00ed\" \/>\n\t<meta name=\"twitter:data2\" content=\"4 minuty\" \/>\n<script type=\"application\/ld+json\" class=\"yoast-schema-graph\">{\"@context\":\"https:\/\/schema.org\",\"@graph\":[{\"@type\":\"Article\",\"@id\":\"https:\/\/evertonfc.cz\/index.php\/2025\/08\/25\/teenager-dibling-konecne-v-modrem\/#article\",\"isPartOf\":{\"@id\":\"https:\/\/evertonfc.cz\/index.php\/2025\/08\/25\/teenager-dibling-konecne-v-modrem\/\"},\"author\":{\"name\":\"Ri\u010di\",\"@id\":\"https:\/\/evertonfc.cz\/#\/schema\/person\/f7a5daedb2ffee98480bc70e191aaef1\"},\"headline\":\"Teenager Dibling kone\u010dn\u011b v modr\u00e9m\",\"datePublished\":\"2025-08-25T20:11:55+00:00\",\"dateModified\":\"2025-08-28T19:11:23+00:00\",\"mainEntityOfPage\":{\"@id\":\"https:\/\/evertonfc.cz\/index.php\/2025\/08\/25\/teenager-dibling-konecne-v-modrem\/\"},\"wordCount\":705,\"commentCount\":15,\"publisher\":{\"@id\":\"https:\/\/evertonfc.cz\/#organization\"},\"image\":{\"@id\":\"https:\/\/evertonfc.cz\/index.php\/2025\/08\/25\/teenager-dibling-konecne-v-modrem\/#primaryimage\"},\"thumbnailUrl\":\"https:\/\/evertonfc.cz\/wp-content\/uploads\/2025\/08\/dibling_25_8_2025.jpeg\",\"articleSection\":[\"P\u0159estupy\"],\"inLanguage\":\"cs\",\"potentialAction\":[{\"@type\":\"CommentAction\",\"name\":\"Comment\",\"target\":[\"https:\/\/evertonfc.cz\/index.php\/2025\/08\/25\/teenager-dibling-konecne-v-modrem\/#respond\"]}]},{\"@type\":\"WebPage\",\"@id\":\"https:\/\/evertonfc.cz\/index.php\/2025\/08\/25\/teenager-dibling-konecne-v-modrem\/\",\"url\":\"https:\/\/evertonfc.cz\/index.php\/2025\/08\/25\/teenager-dibling-konecne-v-modrem\/\",\"name\":\"Teenager Dibling kone\u010dn\u011b v modr\u00e9m - Official Czech &amp; Slovak Everton Supporters&#039; Club\",\"isPartOf\":{\"@id\":\"https:\/\/evertonfc.cz\/#website\"},\"primaryImageOfPage\":{\"@id\":\"https:\/\/evertonfc.cz\/index.php\/2025\/08\/25\/teenager-dibling-konecne-v-modrem\/#primaryimage\"},\"image\":{\"@id\":\"https:\/\/evertonfc.cz\/index.php\/2025\/08\/25\/teenager-dibling-konecne-v-modrem\/#primaryimage\"},\"thumbnailUrl\":\"https:\/\/evertonfc.cz\/wp-content\/uploads\/2025\/08\/dibling_25_8_2025.jpeg\",\"datePublished\":\"2025-08-25T20:11:55+00:00\",\"dateModified\":\"2025-08-28T19:11:23+00:00\",\"description\":\"Moyes vzt\u00e1hl ruku nad mo\u0159e a Friedkin hnal \u0161terlinky siln\u00fdm ji\u017en\u00edm v\u011btrem, kter\u00fd v\u00e1l po celou noc, a\u017e prom\u011bnil Diblinga v Evertoniana. Lajny byly rozpolceny.\",\"breadcrumb\":{\"@id\":\"https:\/\/evertonfc.cz\/index.php\/2025\/08\/25\/teenager-dibling-konecne-v-modrem\/#breadcrumb\"},\"inLanguage\":\"cs\",\"potentialAction\":[{\"@type\":\"ReadAction\",\"target\":[\"https:\/\/evertonfc.cz\/index.php\/2025\/08\/25\/teenager-dibling-konecne-v-modrem\/\"]}]},{\"@type\":\"ImageObject\",\"inLanguage\":\"cs\",\"@id\":\"https:\/\/evertonfc.cz\/index.php\/2025\/08\/25\/teenager-dibling-konecne-v-modrem\/#primaryimage\",\"url\":\"https:\/\/evertonfc.cz\/wp-content\/uploads\/2025\/08\/dibling_25_8_2025.jpeg\",\"contentUrl\":\"https:\/\/evertonfc.cz\/wp-content\/uploads\/2025\/08\/dibling_25_8_2025.jpeg\",\"width\":720,\"height\":405},{\"@type\":\"BreadcrumbList\",\"@id\":\"https:\/\/evertonfc.cz\/index.php\/2025\/08\/25\/teenager-dibling-konecne-v-modrem\/#breadcrumb\",\"itemListElement\":[{\"@type\":\"ListItem\",\"position\":1,\"name\":\"Home\",\"item\":\"https:\/\/evertonfc.cz\/\"},{\"@type\":\"ListItem\",\"position\":2,\"name\":\"Teenager Dibling kone\u010dn\u011b v modr\u00e9m\"}]},{\"@type\":\"WebSite\",\"@id\":\"https:\/\/evertonfc.cz\/#website\",\"url\":\"https:\/\/evertonfc.cz\/\",\"name\":\"Official Czech &amp; Slovak Everton Supporters&#039; Club\",\"description\":\"\",\"publisher\":{\"@id\":\"https:\/\/evertonfc.cz\/#organization\"},\"potentialAction\":[{\"@type\":\"SearchAction\",\"target\":{\"@type\":\"EntryPoint\",\"urlTemplate\":\"https:\/\/evertonfc.cz\/?s={search_term_string}\"},\"query-input\":{\"@type\":\"PropertyValueSpecification\",\"valueRequired\":true,\"valueName\":\"search_term_string\"}}],\"inLanguage\":\"cs\"},{\"@type\":\"Organization\",\"@id\":\"https:\/\/evertonfc.cz\/#organization\",\"name\":\"Official Czech & Slovak Everton Supporters' Club\",\"url\":\"https:\/\/evertonfc.cz\/\",\"logo\":{\"@type\":\"ImageObject\",\"inLanguage\":\"cs\",\"@id\":\"https:\/\/evertonfc.cz\/#\/schema\/logo\/image\/\",\"url\":\"https:\/\/evertonfc.cz\/wp-content\/uploads\/2019\/05\/logo.png\",\"contentUrl\":\"https:\/\/evertonfc.cz\/wp-content\/uploads\/2019\/05\/logo.png\",\"width\":112,\"height\":112,\"caption\":\"Official Czech & Slovak Everton Supporters' Club\"},\"image\":{\"@id\":\"https:\/\/evertonfc.cz\/#\/schema\/logo\/image\/\"},\"sameAs\":[\"https:\/\/www.facebook.com\/everton.fans.cz.sk\"]},{\"@type\":\"Person\",\"@id\":\"https:\/\/evertonfc.cz\/#\/schema\/person\/f7a5daedb2ffee98480bc70e191aaef1\",\"name\":\"Ri\u010di\",\"sameAs\":[\"https:\/\/x.com\/rbrejsa\"],\"url\":\"https:\/\/evertonfc.cz\/index.php\/author\/rici\/\"}]}<\/script>\n<!-- \/ Yoast SEO plugin. -->","yoast_head_json":{"title":"Teenager Dibling kone\u010dn\u011b v modr\u00e9m - Official Czech &amp; Slovak Everton Supporters&#039; Club","description":"Moyes vzt\u00e1hl ruku nad mo\u0159e a Friedkin hnal \u0161terlinky siln\u00fdm ji\u017en\u00edm v\u011btrem, kter\u00fd v\u00e1l po celou noc, a\u017e prom\u011bnil Diblinga v Evertoniana. Lajny byly rozpolceny.","robots":{"index":"index","follow":"follow","max-snippet":"max-snippet:-1","max-image-preview":"max-image-preview:large","max-video-preview":"max-video-preview:-1"},"canonical":"https:\/\/evertonfc.cz\/index.php\/2025\/08\/25\/teenager-dibling-konecne-v-modrem\/","og_locale":"cs_CZ","og_type":"article","og_title":"Teenager Dibling kone\u010dn\u011b v modr\u00e9m - Official Czech &amp; Slovak Everton Supporters&#039; Club","og_description":"Moyes vzt\u00e1hl ruku nad mo\u0159e a Friedkin hnal \u0161terlinky siln\u00fdm ji\u017en\u00edm v\u011btrem, kter\u00fd v\u00e1l po celou noc, a\u017e prom\u011bnil Diblinga v Evertoniana. Lajny byly rozpolceny.","og_url":"https:\/\/evertonfc.cz\/index.php\/2025\/08\/25\/teenager-dibling-konecne-v-modrem\/","og_site_name":"Official Czech &amp; Slovak Everton Supporters&#039; Club","article_publisher":"https:\/\/www.facebook.com\/everton.fans.cz.sk","article_published_time":"2025-08-25T20:11:55+00:00","article_modified_time":"2025-08-28T19:11:23+00:00","og_image":[{"width":720,"height":405,"url":"https:\/\/evertonfc.cz\/wp-content\/uploads\/2025\/08\/dibling_25_8_2025.jpeg","type":"image\/jpeg"}],"author":"Ri\u010di","twitter_card":"summary_large_image","twitter_creator":"@rbrejsa","twitter_misc":{"Napsal(a)":"Ri\u010di","Odhadovan\u00e1 doba \u010dten\u00ed":"4 minuty"},"schema":{"@context":"https:\/\/schema.org","@graph":[{"@type":"Article","@id":"https:\/\/evertonfc.cz\/index.php\/2025\/08\/25\/teenager-dibling-konecne-v-modrem\/#article","isPartOf":{"@id":"https:\/\/evertonfc.cz\/index.php\/2025\/08\/25\/teenager-dibling-konecne-v-modrem\/"},"author":{"name":"Ri\u010di","@id":"https:\/\/evertonfc.cz\/#\/schema\/person\/f7a5daedb2ffee98480bc70e191aaef1"},"headline":"Teenager Dibling kone\u010dn\u011b v modr\u00e9m","datePublished":"2025-08-25T20:11:55+00:00","dateModified":"2025-08-28T19:11:23+00:00","mainEntityOfPage":{"@id":"https:\/\/evertonfc.cz\/index.php\/2025\/08\/25\/teenager-dibling-konecne-v-modrem\/"},"wordCount":705,"commentCount":15,"publisher":{"@id":"https:\/\/evertonfc.cz\/#organization"},"image":{"@id":"https:\/\/evertonfc.cz\/index.php\/2025\/08\/25\/teenager-dibling-konecne-v-modrem\/#primaryimage"},"thumbnailUrl":"https:\/\/evertonfc.cz\/wp-content\/uploads\/2025\/08\/dibling_25_8_2025.jpeg","articleSection":["P\u0159estupy"],"inLanguage":"cs","potentialAction":[{"@type":"CommentAction","name":"Comment","target":["https:\/\/evertonfc.cz\/index.php\/2025\/08\/25\/teenager-dibling-konecne-v-modrem\/#respond"]}]},{"@type":"WebPage","@id":"https:\/\/evertonfc.cz\/index.php\/2025\/08\/25\/teenager-dibling-konecne-v-modrem\/","url":"https:\/\/evertonfc.cz\/index.php\/2025\/08\/25\/teenager-dibling-konecne-v-modrem\/","name":"Teenager Dibling kone\u010dn\u011b v modr\u00e9m - Official Czech &amp; Slovak Everton Supporters&#039; Club","isPartOf":{"@id":"https:\/\/evertonfc.cz\/#website"},"primaryImageOfPage":{"@id":"https:\/\/evertonfc.cz\/index.php\/2025\/08\/25\/teenager-dibling-konecne-v-modrem\/#primaryimage"},"image":{"@id":"https:\/\/evertonfc.cz\/index.php\/2025\/08\/25\/teenager-dibling-konecne-v-modrem\/#primaryimage"},"thumbnailUrl":"https:\/\/evertonfc.cz\/wp-content\/uploads\/2025\/08\/dibling_25_8_2025.jpeg","datePublished":"2025-08-25T20:11:55+00:00","dateModified":"2025-08-28T19:11:23+00:00","description":"Moyes vzt\u00e1hl ruku nad mo\u0159e a Friedkin hnal \u0161terlinky siln\u00fdm ji\u017en\u00edm v\u011btrem, kter\u00fd v\u00e1l po celou noc, a\u017e prom\u011bnil Diblinga v Evertoniana. Lajny byly rozpolceny.","breadcrumb":{"@id":"https:\/\/evertonfc.cz\/index.php\/2025\/08\/25\/teenager-dibling-konecne-v-modrem\/#breadcrumb"},"inLanguage":"cs","potentialAction":[{"@type":"ReadAction","target":["https:\/\/evertonfc.cz\/index.php\/2025\/08\/25\/teenager-dibling-konecne-v-modrem\/"]}]},{"@type":"ImageObject","inLanguage":"cs","@id":"https:\/\/evertonfc.cz\/index.php\/2025\/08\/25\/teenager-dibling-konecne-v-modrem\/#primaryimage","url":"https:\/\/evertonfc.cz\/wp-content\/uploads\/2025\/08\/dibling_25_8_2025.jpeg","contentUrl":"https:\/\/evertonfc.cz\/wp-content\/uploads\/2025\/08\/dibling_25_8_2025.jpeg","width":720,"height":405},{"@type":"BreadcrumbList","@id":"https:\/\/evertonfc.cz\/index.php\/2025\/08\/25\/teenager-dibling-konecne-v-modrem\/#breadcrumb","itemListElement":[{"@type":"ListItem","position":1,"name":"Home","item":"https:\/\/evertonfc.cz\/"},{"@type":"ListItem","position":2,"name":"Teenager Dibling kone\u010dn\u011b v modr\u00e9m"}]},{"@type":"WebSite","@id":"https:\/\/evertonfc.cz\/#website","url":"https:\/\/evertonfc.cz\/","name":"Official Czech &amp; Slovak Everton Supporters&#039; Club","description":"","publisher":{"@id":"https:\/\/evertonfc.cz\/#organization"},"potentialAction":[{"@type":"SearchAction","target":{"@type":"EntryPoint","urlTemplate":"https:\/\/evertonfc.cz\/?s={search_term_string}"},"query-input":{"@type":"PropertyValueSpecification","valueRequired":true,"valueName":"search_term_string"}}],"inLanguage":"cs"},{"@type":"Organization","@id":"https:\/\/evertonfc.cz\/#organization","name":"Official Czech & Slovak Everton Supporters' Club","url":"https:\/\/evertonfc.cz\/","logo":{"@type":"ImageObject","inLanguage":"cs","@id":"https:\/\/evertonfc.cz\/#\/schema\/logo\/image\/","url":"https:\/\/evertonfc.cz\/wp-content\/uploads\/2019\/05\/logo.png","contentUrl":"https:\/\/evertonfc.cz\/wp-content\/uploads\/2019\/05\/logo.png","width":112,"height":112,"caption":"Official Czech & Slovak Everton Supporters' Club"},"image":{"@id":"https:\/\/evertonfc.cz\/#\/schema\/logo\/image\/"},"sameAs":["https:\/\/www.facebook.com\/everton.fans.cz.sk"]},{"@type":"Person","@id":"https:\/\/evertonfc.cz\/#\/schema\/person\/f7a5daedb2ffee98480bc70e191aaef1","name":"Ri\u010di","sameAs":["https:\/\/x.com\/rbrejsa"],"url":"https:\/\/evertonfc.cz\/index.php\/author\/rici\/"}]}},"_links":{"self":[{"href":"https:\/\/evertonfc.cz\/index.php\/wp-json\/wp\/v2\/posts\/27317"}],"collection":[{"href":"https:\/\/evertonfc.cz\/index.php\/wp-json\/wp\/v2\/posts"}],"about":[{"href":"https:\/\/evertonfc.cz\/index.php\/wp-json\/wp\/v2\/types\/post"}],"author":[{"embeddable":true,"href":"https:\/\/evertonfc.cz\/index.php\/wp-json\/wp\/v2\/users\/6"}],"replies":[{"embeddable":true,"href":"https:\/\/evertonfc.cz\/index.php\/wp-json\/wp\/v2\/comments?post=27317"}],"version-history":[{"count":11,"href":"https:\/\/evertonfc.cz\/index.php\/wp-json\/wp\/v2\/posts\/27317\/revisions"}],"predecessor-version":[{"id":27369,"href":"https:\/\/evertonfc.cz\/index.php\/wp-json\/wp\/v2\/posts\/27317\/revisions\/27369"}],"wp:featuredmedia":[{"embeddable":true,"href":"https:\/\/evertonfc.cz\/index.php\/wp-json\/wp\/v2\/media\/27316"}],"wp:attachment":[{"href":"https:\/\/evertonfc.cz\/index.php\/wp-json\/wp\/v2\/media?parent=27317"}],"wp:term":[{"taxonomy":"category","embeddable":true,"href":"https:\/\/evertonfc.cz\/index.php\/wp-json\/wp\/v2\/categories?post=27317"},{"taxonomy":"post_tag","embeddable":true,"href":"https:\/\/evertonfc.cz\/index.php\/wp-json\/wp\/v2\/tags?post=27317"}],"curies":[{"name":"wp","href":"https:\/\/api.w.org\/{rel}","templated":true}]}}