{"id":27376,"date":"2025-08-31T10:52:22","date_gmt":"2025-08-31T08:52:22","guid":{"rendered":"https:\/\/evertonfc.cz\/?p=27376"},"modified":"2025-08-31T20:10:02","modified_gmt":"2025-08-31T18:10:02","slug":"wolverhampton-wanderers-everton-23","status":"publish","type":"post","link":"https:\/\/evertonfc.cz\/index.php\/2025\/08\/31\/wolverhampton-wanderers-everton-23\/","title":{"rendered":"Wolverhampton Wanderers &#8211; Everton 2:3"},"content":{"rendered":"<h4>To se v\u00e1m takhle na st\u0159edn\u00ed z\u00e1loze sejdou v t\u00fdmu sejdou 3 tvo\u0159iv\u00ed hr\u00e1\u010di. Brazilsk\u00e9 kombinace = 3 body = radost!<\/h4>\n<p>Uzdraven\u00fd Mykolenko byl zp\u011bt v z\u00e1kladn\u00ed sestav\u011b, na prav\u00e9 obran\u011b pokra\u010doval stoper O\u00b4Brien a Garner se vr\u00e1til na svou obvyklou pozici. Dibling a st\u0159ede\u010dn\u00ed hv\u011bzda Armstrong za\u010dali na lavi\u010dce. Tam za\u010dala i spar\u0165ansk\u00e1 posila z Girony, kter\u00e1 p\u0159i\u0161la hostovat na celou sez\u00f3nu.<\/p>\n<p>Everton za\u010dal aktivn\u011bji a byl za to brzy odm\u011bn\u011bn. Centr Mykolenka na\u0161el hlavu Grealishe, ta poslala m\u00ed\u010d na hlavu Beta &#8211; portugalsk\u00fd \u00fato\u010dn\u00edk rozvlnil tak\u00e9 hlavi\u010dkou s\u00ed\u0165 za S\u00e1\u00a0<strong>&#8211; 0:1! <\/strong>Hned za Betem byl Keane, ale nebyl t\u0159eba. Everton pokra\u010doval v tlaku, ale bez \u0161anc\u00ed. A tak se osm\u011blili dom\u00e1c\u00ed. Munetsi jen tak tak stihl m\u00ed\u010d na hrac\u00ed plo\u0161e, ale zvl\u00e1dl ho z prvn\u00ed poslat p\u0159ed brankou Pickforda. T\u011b\u017eko \u0159\u00edci, kam brank\u00e1\u0159 Evertonu b\u011b\u017eel, ale rozhodn\u011b to nebylo nejkrat\u0161\u00edm sm\u011brem k m\u00ed\u010di &#8211; Hwang Hi-\u010dchan p\u0159esprintoval Keanea a poslal m\u00ed\u010d do pr\u00e1zdn\u00e9 br\u00e1ny &#8211; <strong>1:1!<\/strong><\/p>\n<p>To ji\u017e m\u011bl na kont\u011b \u017elutou kartu Dewsbury-Hall za sta\u017een\u00ed protihr\u00e1\u010de, jin\u00e1 v utk\u00e1n\u00ed nebyla ud\u011blena. Everton se op\u011bt pustil do tlaku, aktivn\u00ed byl Grealish, ale svou velkou \u0161anci zo\u010di vo\u010di S\u00e1 neprom\u011bnil. Wolves se ale z tohoto varov\u00e1n\u00ed nepou\u010dili &#8211; a okam\u017eit\u011b za to pykali. Dewsbury-Hall zakombinoval s Grealishem, poslal p\u0159ihr\u00e1vku pod\u00e9l mal\u00e9ho v\u00e1pna, Ndiaye si k\u0159ikl, aby mu Beto pustil m\u00ed\u010d a s\u00e1m nem\u011bl probl\u00e9m trefit ze 6 metr\u016f pr\u00e1zdnou kysnu &#8211; <strong>1:2!\u00a0<\/strong>St\u0159elec p\u0159i g\u00f3lov\u00e9 oslav\u011b p\u0159edvedl vlka, to se dom\u00e1c\u00edm fand\u016fm nel\u00edbilo. Zbytek polo\u010dasu prob\u011bhl v klidu.<\/p>\n<p>Ndiaye otev\u0159el druh\u00fd polo\u010das brankou, ale ta kv\u016fli ofsajdu neplatila. A tak musel Everton sk\u00f3rovat v souladu s pravidly. Neust\u00e1le dom\u00e1c\u00edmi fandy vyp\u00edsk\u00e1van\u00fd Grealish (kv\u016fli sv\u00e9 minulosti hr\u00e1\u010de Aston Villy) \u010deskou uli\u010dkou na\u0161el Dewsburyho-Halla, kter\u00fd si p\u011bkn\u011b nab\u011bhl a jeho projektil skon\u010dil v bli\u017e\u0161\u00ed \u0161ibenici &#8211; <strong>1:3!\u00a0<\/strong>Asi se nen\u00ed co divit, \u017ee po inkasovan\u00e9 brance se dom\u00e1c\u00ed tla\u010dili dop\u0159edu. Bueno dokonce spadl ve v\u00e1pn\u011b Evertonu, ale Oliver na punt\u00edk neuk\u00e1zal. Ke sn\u00ed\u017een\u00ed se ale dostali. Wolfe poslal m\u00ed\u010d od \u010d\u00e1ry p\u0159ed branku, Keane s Mykolenkem se nedomluvili, kdo jak a co bude hr\u00e1t, co\u017e vy\u00fastilo ve snadn\u00e9 zakon\u010den\u00ed pro Gomese &#8211;\u00a0<strong>2:3!\u00a0<\/strong>Do konce z\u00e1pasu se host\u00e9 u\u017e skoro jen br\u00e1nili &#8211; a m\u011bli \u0161t\u011bst\u00ed. V 94. minut\u011b st\u0159elu Bellegarda vyrazil Pickford jen ke Gomesovi, kter\u00fd z oto\u010dky poslal m\u00ed\u010d vedle opravdu t\u011bsn\u011b. Pot\u00e9 si u\u017e jen p\u0159idal 2 minuty na sv\u00e9 konto Coleman &#8211; a byl konec.<\/p>\n<p>Sm\u011brem dop\u0159edu se na to dalo velmi d\u00edvat, krom\u011b zjevn\u011b a zaslou\u017een\u011b chv\u00e1len\u00e9 pozice se mus\u00edm kladn\u011b zm\u00ednit i o v\u00fdkonu Beta. Naopak hroz\u00edm prstem nad obranou, inkasovan\u00e9 branky byly jako p\u0159es kop\u00edr\u00e1k.<\/p>\n<p><strong>Branky:<\/strong>\u00a0<span data-source=\"lightstreamer\" data-grid=\"main\" data-item=\"item_1001030\" data-field=\"scorers\">21. Hwang Hi-\u010dchan, 79. R. Gomes \u2013 7. Beto, 33. Ndiaye, 55. Dewsbury-Hall<\/span><\/p>\n<p class=\"cards_item_1001030\"><strong>\u017dlut\u00e9 karty:<\/strong>\u00a0<span data-source=\"lightstreamer\" data-grid=\"main\" data-item=\"item_1001030\" data-field=\"cards\">16. Dewsbury-Hall<\/span><\/p>\n<p><strong>Wolverhampton Wanderers:<\/strong>\u00a0<span data-source=\"lightstreamer\" data-grid=\"main\" data-item=\"item_1001030\" data-field=\"report1\">S\u00e1 \u2013 S. Bueno, Agbadou, T. Gomes \u2013 Tchatchoua (64. R. Gomes), Andr\u00e9 (64. Bellegarde), J. Gomes, H. Bueno (75. Wolfe) \u2013 Munetsi, Hwang Hi-\u010dchan (75. Kalajd\u017ei\u0107), Arias (64. L\u00f3pez)<\/span><\/p>\n<p><strong>Everton:<\/strong>\u00a0<span data-source=\"lightstreamer\" data-grid=\"main\" data-item=\"item_1001030\" data-field=\"report2\">Pickford \u2013 O&#8217;Brien, Tarkowski, Keane, Mykolenko \u2013 Garner, Gueye (75. Iroegbunam) \u2013 Ndiaye (90+5. Coleman), Dewsbury-Hall, Grealish (88. Alcar\u00e1z) \u2013 Beto (75. Barry)<\/span><\/p>\n<div class=\"single-entry-summary\">\n<div class=\"wprt-container\">\n<p><strong>Rozhod\u010d\u00ed:<\/strong> Michael Oliver\u00a0 <strong>Div\u00e1ci:\u00a0<\/strong>30 271\u00a0 <strong>Mu\u017e z\u00e1pasu redakce:\u00a0<\/strong>Jack Grealish<\/p>\n<\/div>\n<\/div>\n","protected":false},"excerpt":{"rendered":"<p>To se v\u00e1m takhle na st\u0159edn\u00ed z\u00e1loze sejdou v t\u00fdmu sejdou 3 tvo\u0159iv\u00ed hr\u00e1\u010di. Brazilsk\u00e9 kombinace = 3 body = radost!<\/p>\n","protected":false},"author":12,"featured_media":27380,"comment_status":"open","ping_status":"closed","sticky":false,"template":"","format":"standard","meta":{"_eb_attr":"","_monsterinsights_skip_tracking":false,"_monsterinsights_sitenote_active":false,"_monsterinsights_sitenote_note":"","_monsterinsights_sitenote_category":0,"footnotes":""},"categories":[4],"tags":[],"yoast_head":"<!-- This site is optimized with the Yoast SEO plugin v23.4 - https:\/\/yoast.com\/wordpress\/plugins\/seo\/ -->\n<title>Wolverhampton Wanderers - Everton 2:3 - Official Czech &amp; Slovak Everton Supporters&#039; Club<\/title>\n<meta name=\"description\" content=\"Brazilsk\u00e9 kombinace = 3 body = radost\" \/>\n<meta name=\"robots\" content=\"index, follow, max-snippet:-1, max-image-preview:large, max-video-preview:-1\" \/>\n<link rel=\"canonical\" href=\"https:\/\/evertonfc.cz\/index.php\/2025\/08\/31\/wolverhampton-wanderers-everton-23\/\" \/>\n<meta property=\"og:locale\" content=\"cs_CZ\" \/>\n<meta property=\"og:type\" content=\"article\" \/>\n<meta property=\"og:title\" content=\"Wolverhampton Wanderers - Everton 2:3 - Official Czech &amp; Slovak Everton Supporters&#039; Club\" \/>\n<meta property=\"og:description\" content=\"Brazilsk\u00e9 kombinace = 3 body = radost\" \/>\n<meta property=\"og:url\" content=\"https:\/\/evertonfc.cz\/index.php\/2025\/08\/31\/wolverhampton-wanderers-everton-23\/\" \/>\n<meta property=\"og:site_name\" content=\"Official Czech &amp; Slovak Everton Supporters&#039; Club\" \/>\n<meta property=\"article:publisher\" content=\"https:\/\/www.facebook.com\/everton.fans.cz.sk\" \/>\n<meta property=\"article:published_time\" content=\"2025-08-31T08:52:22+00:00\" \/>\n<meta property=\"article:modified_time\" content=\"2025-08-31T18:10:02+00:00\" \/>\n<meta property=\"og:image\" content=\"https:\/\/evertonfc.cz\/wp-content\/uploads\/2025\/08\/Wolverhampton-2-3-Everton-by-Michael-Steel-Getty-Images-30-8-2025.jpg\" \/>\n\t<meta property=\"og:image:width\" content=\"720\" \/>\n\t<meta property=\"og:image:height\" content=\"405\" \/>\n\t<meta property=\"og:image:type\" content=\"image\/jpeg\" \/>\n<meta name=\"author\" content=\"Javor\" \/>\n<meta name=\"twitter:card\" content=\"summary_large_image\" \/>\n<meta name=\"twitter:creator\" content=\"@LoudinJan\" \/>\n<meta name=\"twitter:label1\" content=\"Napsal(a)\" \/>\n\t<meta name=\"twitter:data1\" content=\"Javor\" \/>\n\t<meta name=\"twitter:label2\" content=\"Odhadovan\u00e1 doba \u010dten\u00ed\" \/>\n\t<meta name=\"twitter:data2\" content=\"3 minuty\" \/>\n<script type=\"application\/ld+json\" class=\"yoast-schema-graph\">{\"@context\":\"https:\/\/schema.org\",\"@graph\":[{\"@type\":\"Article\",\"@id\":\"https:\/\/evertonfc.cz\/index.php\/2025\/08\/31\/wolverhampton-wanderers-everton-23\/#article\",\"isPartOf\":{\"@id\":\"https:\/\/evertonfc.cz\/index.php\/2025\/08\/31\/wolverhampton-wanderers-everton-23\/\"},\"author\":{\"name\":\"Javor\",\"@id\":\"https:\/\/evertonfc.cz\/#\/schema\/person\/b30daf6a5852f4811f8207a17ec1bf78\"},\"headline\":\"Wolverhampton Wanderers &#8211; Everton 2:3\",\"datePublished\":\"2025-08-31T08:52:22+00:00\",\"dateModified\":\"2025-08-31T18:10:02+00:00\",\"mainEntityOfPage\":{\"@id\":\"https:\/\/evertonfc.cz\/index.php\/2025\/08\/31\/wolverhampton-wanderers-everton-23\/\"},\"wordCount\":615,\"commentCount\":3,\"publisher\":{\"@id\":\"https:\/\/evertonfc.cz\/#organization\"},\"image\":{\"@id\":\"https:\/\/evertonfc.cz\/index.php\/2025\/08\/31\/wolverhampton-wanderers-everton-23\/#primaryimage\"},\"thumbnailUrl\":\"https:\/\/evertonfc.cz\/wp-content\/uploads\/2025\/08\/Wolverhampton-2-3-Everton-by-Michael-Steel-Getty-Images-30-8-2025.jpg\",\"articleSection\":[\"Z\u00e1pasy\"],\"inLanguage\":\"cs\",\"potentialAction\":[{\"@type\":\"CommentAction\",\"name\":\"Comment\",\"target\":[\"https:\/\/evertonfc.cz\/index.php\/2025\/08\/31\/wolverhampton-wanderers-everton-23\/#respond\"]}]},{\"@type\":\"WebPage\",\"@id\":\"https:\/\/evertonfc.cz\/index.php\/2025\/08\/31\/wolverhampton-wanderers-everton-23\/\",\"url\":\"https:\/\/evertonfc.cz\/index.php\/2025\/08\/31\/wolverhampton-wanderers-everton-23\/\",\"name\":\"Wolverhampton Wanderers - Everton 2:3 - Official Czech &amp; Slovak Everton Supporters&#039; Club\",\"isPartOf\":{\"@id\":\"https:\/\/evertonfc.cz\/#website\"},\"primaryImageOfPage\":{\"@id\":\"https:\/\/evertonfc.cz\/index.php\/2025\/08\/31\/wolverhampton-wanderers-everton-23\/#primaryimage\"},\"image\":{\"@id\":\"https:\/\/evertonfc.cz\/index.php\/2025\/08\/31\/wolverhampton-wanderers-everton-23\/#primaryimage\"},\"thumbnailUrl\":\"https:\/\/evertonfc.cz\/wp-content\/uploads\/2025\/08\/Wolverhampton-2-3-Everton-by-Michael-Steel-Getty-Images-30-8-2025.jpg\",\"datePublished\":\"2025-08-31T08:52:22+00:00\",\"dateModified\":\"2025-08-31T18:10:02+00:00\",\"description\":\"Brazilsk\u00e9 kombinace = 3 body = radost\",\"breadcrumb\":{\"@id\":\"https:\/\/evertonfc.cz\/index.php\/2025\/08\/31\/wolverhampton-wanderers-everton-23\/#breadcrumb\"},\"inLanguage\":\"cs\",\"potentialAction\":[{\"@type\":\"ReadAction\",\"target\":[\"https:\/\/evertonfc.cz\/index.php\/2025\/08\/31\/wolverhampton-wanderers-everton-23\/\"]}]},{\"@type\":\"ImageObject\",\"inLanguage\":\"cs\",\"@id\":\"https:\/\/evertonfc.cz\/index.php\/2025\/08\/31\/wolverhampton-wanderers-everton-23\/#primaryimage\",\"url\":\"https:\/\/evertonfc.cz\/wp-content\/uploads\/2025\/08\/Wolverhampton-2-3-Everton-by-Michael-Steel-Getty-Images-30-8-2025.jpg\",\"contentUrl\":\"https:\/\/evertonfc.cz\/wp-content\/uploads\/2025\/08\/Wolverhampton-2-3-Everton-by-Michael-Steel-Getty-Images-30-8-2025.jpg\",\"width\":720,\"height\":405},{\"@type\":\"BreadcrumbList\",\"@id\":\"https:\/\/evertonfc.cz\/index.php\/2025\/08\/31\/wolverhampton-wanderers-everton-23\/#breadcrumb\",\"itemListElement\":[{\"@type\":\"ListItem\",\"position\":1,\"name\":\"Home\",\"item\":\"https:\/\/evertonfc.cz\/\"},{\"@type\":\"ListItem\",\"position\":2,\"name\":\"Wolverhampton Wanderers &#8211; Everton 2:3\"}]},{\"@type\":\"WebSite\",\"@id\":\"https:\/\/evertonfc.cz\/#website\",\"url\":\"https:\/\/evertonfc.cz\/\",\"name\":\"Official Czech &amp; Slovak Everton Supporters&#039; Club\",\"description\":\"\",\"publisher\":{\"@id\":\"https:\/\/evertonfc.cz\/#organization\"},\"potentialAction\":[{\"@type\":\"SearchAction\",\"target\":{\"@type\":\"EntryPoint\",\"urlTemplate\":\"https:\/\/evertonfc.cz\/?s={search_term_string}\"},\"query-input\":{\"@type\":\"PropertyValueSpecification\",\"valueRequired\":true,\"valueName\":\"search_term_string\"}}],\"inLanguage\":\"cs\"},{\"@type\":\"Organization\",\"@id\":\"https:\/\/evertonfc.cz\/#organization\",\"name\":\"Official Czech & Slovak Everton Supporters' Club\",\"url\":\"https:\/\/evertonfc.cz\/\",\"logo\":{\"@type\":\"ImageObject\",\"inLanguage\":\"cs\",\"@id\":\"https:\/\/evertonfc.cz\/#\/schema\/logo\/image\/\",\"url\":\"https:\/\/evertonfc.cz\/wp-content\/uploads\/2019\/05\/logo.png\",\"contentUrl\":\"https:\/\/evertonfc.cz\/wp-content\/uploads\/2019\/05\/logo.png\",\"width\":112,\"height\":112,\"caption\":\"Official Czech & Slovak Everton Supporters' Club\"},\"image\":{\"@id\":\"https:\/\/evertonfc.cz\/#\/schema\/logo\/image\/\"},\"sameAs\":[\"https:\/\/www.facebook.com\/everton.fans.cz.sk\"]},{\"@type\":\"Person\",\"@id\":\"https:\/\/evertonfc.cz\/#\/schema\/person\/b30daf6a5852f4811f8207a17ec1bf78\",\"name\":\"Javor\",\"sameAs\":[\"https:\/\/x.com\/LoudinJan\"],\"url\":\"https:\/\/evertonfc.cz\/index.php\/author\/javor\/\"}]}<\/script>\n<!-- \/ Yoast SEO plugin. -->","yoast_head_json":{"title":"Wolverhampton Wanderers - Everton 2:3 - Official Czech &amp; Slovak Everton Supporters&#039; Club","description":"Brazilsk\u00e9 kombinace = 3 body = radost","robots":{"index":"index","follow":"follow","max-snippet":"max-snippet:-1","max-image-preview":"max-image-preview:large","max-video-preview":"max-video-preview:-1"},"canonical":"https:\/\/evertonfc.cz\/index.php\/2025\/08\/31\/wolverhampton-wanderers-everton-23\/","og_locale":"cs_CZ","og_type":"article","og_title":"Wolverhampton Wanderers - Everton 2:3 - Official Czech &amp; Slovak Everton Supporters&#039; Club","og_description":"Brazilsk\u00e9 kombinace = 3 body = radost","og_url":"https:\/\/evertonfc.cz\/index.php\/2025\/08\/31\/wolverhampton-wanderers-everton-23\/","og_site_name":"Official Czech &amp; Slovak Everton Supporters&#039; Club","article_publisher":"https:\/\/www.facebook.com\/everton.fans.cz.sk","article_published_time":"2025-08-31T08:52:22+00:00","article_modified_time":"2025-08-31T18:10:02+00:00","og_image":[{"width":720,"height":405,"url":"https:\/\/evertonfc.cz\/wp-content\/uploads\/2025\/08\/Wolverhampton-2-3-Everton-by-Michael-Steel-Getty-Images-30-8-2025.jpg","type":"image\/jpeg"}],"author":"Javor","twitter_card":"summary_large_image","twitter_creator":"@LoudinJan","twitter_misc":{"Napsal(a)":"Javor","Odhadovan\u00e1 doba \u010dten\u00ed":"3 minuty"},"schema":{"@context":"https:\/\/schema.org","@graph":[{"@type":"Article","@id":"https:\/\/evertonfc.cz\/index.php\/2025\/08\/31\/wolverhampton-wanderers-everton-23\/#article","isPartOf":{"@id":"https:\/\/evertonfc.cz\/index.php\/2025\/08\/31\/wolverhampton-wanderers-everton-23\/"},"author":{"name":"Javor","@id":"https:\/\/evertonfc.cz\/#\/schema\/person\/b30daf6a5852f4811f8207a17ec1bf78"},"headline":"Wolverhampton Wanderers &#8211; Everton 2:3","datePublished":"2025-08-31T08:52:22+00:00","dateModified":"2025-08-31T18:10:02+00:00","mainEntityOfPage":{"@id":"https:\/\/evertonfc.cz\/index.php\/2025\/08\/31\/wolverhampton-wanderers-everton-23\/"},"wordCount":615,"commentCount":3,"publisher":{"@id":"https:\/\/evertonfc.cz\/#organization"},"image":{"@id":"https:\/\/evertonfc.cz\/index.php\/2025\/08\/31\/wolverhampton-wanderers-everton-23\/#primaryimage"},"thumbnailUrl":"https:\/\/evertonfc.cz\/wp-content\/uploads\/2025\/08\/Wolverhampton-2-3-Everton-by-Michael-Steel-Getty-Images-30-8-2025.jpg","articleSection":["Z\u00e1pasy"],"inLanguage":"cs","potentialAction":[{"@type":"CommentAction","name":"Comment","target":["https:\/\/evertonfc.cz\/index.php\/2025\/08\/31\/wolverhampton-wanderers-everton-23\/#respond"]}]},{"@type":"WebPage","@id":"https:\/\/evertonfc.cz\/index.php\/2025\/08\/31\/wolverhampton-wanderers-everton-23\/","url":"https:\/\/evertonfc.cz\/index.php\/2025\/08\/31\/wolverhampton-wanderers-everton-23\/","name":"Wolverhampton Wanderers - Everton 2:3 - Official Czech &amp; Slovak Everton Supporters&#039; Club","isPartOf":{"@id":"https:\/\/evertonfc.cz\/#website"},"primaryImageOfPage":{"@id":"https:\/\/evertonfc.cz\/index.php\/2025\/08\/31\/wolverhampton-wanderers-everton-23\/#primaryimage"},"image":{"@id":"https:\/\/evertonfc.cz\/index.php\/2025\/08\/31\/wolverhampton-wanderers-everton-23\/#primaryimage"},"thumbnailUrl":"https:\/\/evertonfc.cz\/wp-content\/uploads\/2025\/08\/Wolverhampton-2-3-Everton-by-Michael-Steel-Getty-Images-30-8-2025.jpg","datePublished":"2025-08-31T08:52:22+00:00","dateModified":"2025-08-31T18:10:02+00:00","description":"Brazilsk\u00e9 kombinace = 3 body = radost","breadcrumb":{"@id":"https:\/\/evertonfc.cz\/index.php\/2025\/08\/31\/wolverhampton-wanderers-everton-23\/#breadcrumb"},"inLanguage":"cs","potentialAction":[{"@type":"ReadAction","target":["https:\/\/evertonfc.cz\/index.php\/2025\/08\/31\/wolverhampton-wanderers-everton-23\/"]}]},{"@type":"ImageObject","inLanguage":"cs","@id":"https:\/\/evertonfc.cz\/index.php\/2025\/08\/31\/wolverhampton-wanderers-everton-23\/#primaryimage","url":"https:\/\/evertonfc.cz\/wp-content\/uploads\/2025\/08\/Wolverhampton-2-3-Everton-by-Michael-Steel-Getty-Images-30-8-2025.jpg","contentUrl":"https:\/\/evertonfc.cz\/wp-content\/uploads\/2025\/08\/Wolverhampton-2-3-Everton-by-Michael-Steel-Getty-Images-30-8-2025.jpg","width":720,"height":405},{"@type":"BreadcrumbList","@id":"https:\/\/evertonfc.cz\/index.php\/2025\/08\/31\/wolverhampton-wanderers-everton-23\/#breadcrumb","itemListElement":[{"@type":"ListItem","position":1,"name":"Home","item":"https:\/\/evertonfc.cz\/"},{"@type":"ListItem","position":2,"name":"Wolverhampton Wanderers &#8211; Everton 2:3"}]},{"@type":"WebSite","@id":"https:\/\/evertonfc.cz\/#website","url":"https:\/\/evertonfc.cz\/","name":"Official Czech &amp; Slovak Everton Supporters&#039; Club","description":"","publisher":{"@id":"https:\/\/evertonfc.cz\/#organization"},"potentialAction":[{"@type":"SearchAction","target":{"@type":"EntryPoint","urlTemplate":"https:\/\/evertonfc.cz\/?s={search_term_string}"},"query-input":{"@type":"PropertyValueSpecification","valueRequired":true,"valueName":"search_term_string"}}],"inLanguage":"cs"},{"@type":"Organization","@id":"https:\/\/evertonfc.cz\/#organization","name":"Official Czech & Slovak Everton Supporters' Club","url":"https:\/\/evertonfc.cz\/","logo":{"@type":"ImageObject","inLanguage":"cs","@id":"https:\/\/evertonfc.cz\/#\/schema\/logo\/image\/","url":"https:\/\/evertonfc.cz\/wp-content\/uploads\/2019\/05\/logo.png","contentUrl":"https:\/\/evertonfc.cz\/wp-content\/uploads\/2019\/05\/logo.png","width":112,"height":112,"caption":"Official Czech & Slovak Everton Supporters' Club"},"image":{"@id":"https:\/\/evertonfc.cz\/#\/schema\/logo\/image\/"},"sameAs":["https:\/\/www.facebook.com\/everton.fans.cz.sk"]},{"@type":"Person","@id":"https:\/\/evertonfc.cz\/#\/schema\/person\/b30daf6a5852f4811f8207a17ec1bf78","name":"Javor","sameAs":["https:\/\/x.com\/LoudinJan"],"url":"https:\/\/evertonfc.cz\/index.php\/author\/javor\/"}]}},"_links":{"self":[{"href":"https:\/\/evertonfc.cz\/index.php\/wp-json\/wp\/v2\/posts\/27376"}],"collection":[{"href":"https:\/\/evertonfc.cz\/index.php\/wp-json\/wp\/v2\/posts"}],"about":[{"href":"https:\/\/evertonfc.cz\/index.php\/wp-json\/wp\/v2\/types\/post"}],"author":[{"embeddable":true,"href":"https:\/\/evertonfc.cz\/index.php\/wp-json\/wp\/v2\/users\/12"}],"replies":[{"embeddable":true,"href":"https:\/\/evertonfc.cz\/index.php\/wp-json\/wp\/v2\/comments?post=27376"}],"version-history":[{"count":6,"href":"https:\/\/evertonfc.cz\/index.php\/wp-json\/wp\/v2\/posts\/27376\/revisions"}],"predecessor-version":[{"id":27383,"href":"https:\/\/evertonfc.cz\/index.php\/wp-json\/wp\/v2\/posts\/27376\/revisions\/27383"}],"wp:featuredmedia":[{"embeddable":true,"href":"https:\/\/evertonfc.cz\/index.php\/wp-json\/wp\/v2\/media\/27380"}],"wp:attachment":[{"href":"https:\/\/evertonfc.cz\/index.php\/wp-json\/wp\/v2\/media?parent=27376"}],"wp:term":[{"taxonomy":"category","embeddable":true,"href":"https:\/\/evertonfc.cz\/index.php\/wp-json\/wp\/v2\/categories?post=27376"},{"taxonomy":"post_tag","embeddable":true,"href":"https:\/\/evertonfc.cz\/index.php\/wp-json\/wp\/v2\/tags?post=27376"}],"curies":[{"name":"wp","href":"https:\/\/api.w.org\/{rel}","templated":true}]}}