{"id":27387,"date":"2025-09-01T21:17:43","date_gmt":"2025-09-01T19:17:43","guid":{"rendered":"https:\/\/evertonfc.cz\/?p=27387"},"modified":"2025-09-01T21:17:43","modified_gmt":"2025-09-01T19:17:43","slug":"chermiti-zkusi-stesti-ve-skotsku","status":"publish","type":"post","link":"https:\/\/evertonfc.cz\/index.php\/2025\/09\/01\/chermiti-zkusi-stesti-ve-skotsku\/","title":{"rendered":"Chermiti zkus\u00ed \u0161t\u011bst\u00ed ve Skotsku"},"content":{"rendered":"<h4 data-start=\"140\" data-end=\"248\">Youssef Chermiti po dvou letech kon\u010d\u00ed svou snahu prosadit se v Evertonu a p\u0159estupuje do skotsk\u00fdch Rangers.<\/h4>\n<p data-start=\"250\" data-end=\"488\">21let\u00fd vyt\u00e1hl\u00fd \u00fato\u010dn\u00edk p\u0159i\u0161el na Goodison Park v l\u00e9t\u011b 2023 z lisabonsk\u00e9ho Sportingu za t\u00e9m\u011b\u0159 11 milion\u016f liber. Na mlad\u00edka, kter\u00fd debutoval v dresu portugalsk\u00e9ho velkoklubu jen p\u016fl roku p\u0159ed p\u0159estupem, \u0161lo o pom\u011brn\u011b vysokou \u010d\u00e1stku.<\/p>\n<p data-start=\"490\" data-end=\"854\">Riskantn\u00ed tah tehdej\u0161\u00edho sportovn\u00edho \u0159editele Toffees Kevina Thelwella nakonec nevy\u0161el. Chermiti b\u011bhem dvou let odehr\u00e1l za Everton 24 z\u00e1pas\u016f, v nich\u017e nast\u0159\u00e1dal jen 295 minut. Cel\u00fd z\u00e1pas str\u00e1vil na h\u0159i\u0161ti jen jednou, a to loni na ja\u0159e p\u0159i dom\u00e1c\u00ed ligov\u00e9 v\u00fdh\u0159e nad Brentfordem. Do statistik si nep\u0159ipsal ani jednu branku \u010di asistenci, pouze ob\u010das nazna\u010dil sv\u00e9 technick\u00e9 dovednosti. A to je velmi m\u00e1lo.<\/p>\n<p data-start=\"856\" data-end=\"1033\">Nutno ale dodat, \u017ee v\u011bt\u0161inu lo\u0148sk\u00e9 sezony vynechal kv\u016fli v\u00e1\u017en\u00e9mu zran\u011bn\u00ed chodidla a n\u00e1sledn\u00fdm svalov\u00fdm probl\u00e9m\u016fm. Po uzdraven\u00ed v\u0161ak nedostal po\u0159\u00e1dnou \u0161anci ani od nov\u00e9ho mana\u017eera Davida Moyese.<\/p>\n<p data-start=\"1035\" data-end=\"1406\">Do Rangers si rod\u00e1ka z Azorsk\u00fdch ostrov\u016f p\u0159iv\u00e1d\u00ed jeho zjevn\u00fd sympatizant Kevin Thelwell, kter\u00fd funkci sportovn\u00edho \u0159editele glasgowsk\u00e9ho klubu zast\u00e1v\u00e1 od l\u00e9ta 2025. Everton za p\u0159estup obdr\u017e\u00ed osm milion\u016f liber a dal\u0161\u00ed dva miliony m\u016f\u017ee z\u00edskat prost\u0159ednictv\u00edm v\u00fdkonnostn\u00edch bonus\u016f. Krom\u011b toho si Toffees zajistili i nespecifikovan\u00fd pod\u00edl ze zisku p\u0159i p\u0159\u00edpadn\u00e9m dal\u0161\u00edm prodeji.<\/p>\n<p data-start=\"1408\" data-end=\"1507\">Po Chermitiho odchodu z\u016fst\u00e1vaj\u00ed v k\u00e1dru Evertonu dva \u010distokrevn\u00ed hrotov\u00ed \u00fato\u010dn\u00edci \u2013 Beto a Barry.<\/p>\n","protected":false},"excerpt":{"rendered":"<p>Youssef Chermiti po dvou letech kon\u010d\u00ed svou snahu prosadit se v Evertonu a p\u0159estupuje do skotsk\u00fdch Rangers.<\/p>\n","protected":false},"author":6,"featured_media":27386,"comment_status":"open","ping_status":"closed","sticky":false,"template":"","format":"standard","meta":{"_eb_attr":"","_monsterinsights_skip_tracking":false,"_monsterinsights_sitenote_active":false,"_monsterinsights_sitenote_note":"","_monsterinsights_sitenote_category":0,"footnotes":""},"categories":[41],"tags":[],"yoast_head":"<!-- This site is optimized with the Yoast SEO plugin v23.4 - https:\/\/yoast.com\/wordpress\/plugins\/seo\/ -->\n<title>Chermiti zkus\u00ed \u0161t\u011bst\u00ed ve Skotsku - Official Czech &amp; Slovak Everton Supporters&#039; Club<\/title>\n<meta name=\"description\" content=\"Youssef Chermiti po dvou letech kon\u010d\u00ed svou snahu prosadit se v Evertonu a p\u0159estupuje do skotsk\u00fdch Rangers.\" \/>\n<meta name=\"robots\" content=\"index, follow, max-snippet:-1, max-image-preview:large, max-video-preview:-1\" \/>\n<link rel=\"canonical\" href=\"https:\/\/evertonfc.cz\/index.php\/2025\/09\/01\/chermiti-zkusi-stesti-ve-skotsku\/\" \/>\n<meta property=\"og:locale\" content=\"cs_CZ\" \/>\n<meta property=\"og:type\" content=\"article\" \/>\n<meta property=\"og:title\" content=\"Chermiti zkus\u00ed \u0161t\u011bst\u00ed ve Skotsku - Official Czech &amp; Slovak Everton Supporters&#039; Club\" \/>\n<meta property=\"og:description\" content=\"Youssef Chermiti po dvou letech kon\u010d\u00ed svou snahu prosadit se v Evertonu a p\u0159estupuje do skotsk\u00fdch Rangers.\" \/>\n<meta property=\"og:url\" content=\"https:\/\/evertonfc.cz\/index.php\/2025\/09\/01\/chermiti-zkusi-stesti-ve-skotsku\/\" \/>\n<meta property=\"og:site_name\" content=\"Official Czech &amp; Slovak Everton Supporters&#039; Club\" \/>\n<meta property=\"article:publisher\" content=\"https:\/\/www.facebook.com\/everton.fans.cz.sk\" \/>\n<meta property=\"article:published_time\" content=\"2025-09-01T19:17:43+00:00\" \/>\n<meta property=\"og:image\" content=\"https:\/\/evertonfc.cz\/wp-content\/uploads\/2025\/08\/chermiti_31_8_2025.jpg\" \/>\n\t<meta property=\"og:image:width\" content=\"720\" \/>\n\t<meta property=\"og:image:height\" content=\"405\" \/>\n\t<meta property=\"og:image:type\" content=\"image\/jpeg\" \/>\n<meta name=\"author\" content=\"Ri\u010di\" \/>\n<meta name=\"twitter:card\" content=\"summary_large_image\" \/>\n<meta name=\"twitter:creator\" content=\"@rbrejsa\" \/>\n<meta name=\"twitter:label1\" content=\"Napsal(a)\" \/>\n\t<meta name=\"twitter:data1\" content=\"Ri\u010di\" \/>\n\t<meta name=\"twitter:label2\" content=\"Odhadovan\u00e1 doba \u010dten\u00ed\" \/>\n\t<meta name=\"twitter:data2\" content=\"2 minuty\" \/>\n<script type=\"application\/ld+json\" class=\"yoast-schema-graph\">{\"@context\":\"https:\/\/schema.org\",\"@graph\":[{\"@type\":\"Article\",\"@id\":\"https:\/\/evertonfc.cz\/index.php\/2025\/09\/01\/chermiti-zkusi-stesti-ve-skotsku\/#article\",\"isPartOf\":{\"@id\":\"https:\/\/evertonfc.cz\/index.php\/2025\/09\/01\/chermiti-zkusi-stesti-ve-skotsku\/\"},\"author\":{\"name\":\"Ri\u010di\",\"@id\":\"https:\/\/evertonfc.cz\/#\/schema\/person\/f7a5daedb2ffee98480bc70e191aaef1\"},\"headline\":\"Chermiti zkus\u00ed \u0161t\u011bst\u00ed ve Skotsku\",\"datePublished\":\"2025-09-01T19:17:43+00:00\",\"dateModified\":\"2025-09-01T19:17:43+00:00\",\"mainEntityOfPage\":{\"@id\":\"https:\/\/evertonfc.cz\/index.php\/2025\/09\/01\/chermiti-zkusi-stesti-ve-skotsku\/\"},\"wordCount\":289,\"commentCount\":2,\"publisher\":{\"@id\":\"https:\/\/evertonfc.cz\/#organization\"},\"image\":{\"@id\":\"https:\/\/evertonfc.cz\/index.php\/2025\/09\/01\/chermiti-zkusi-stesti-ve-skotsku\/#primaryimage\"},\"thumbnailUrl\":\"https:\/\/evertonfc.cz\/wp-content\/uploads\/2025\/08\/chermiti_31_8_2025.jpg\",\"articleSection\":[\"P\u0159estupy\"],\"inLanguage\":\"cs\",\"potentialAction\":[{\"@type\":\"CommentAction\",\"name\":\"Comment\",\"target\":[\"https:\/\/evertonfc.cz\/index.php\/2025\/09\/01\/chermiti-zkusi-stesti-ve-skotsku\/#respond\"]}]},{\"@type\":\"WebPage\",\"@id\":\"https:\/\/evertonfc.cz\/index.php\/2025\/09\/01\/chermiti-zkusi-stesti-ve-skotsku\/\",\"url\":\"https:\/\/evertonfc.cz\/index.php\/2025\/09\/01\/chermiti-zkusi-stesti-ve-skotsku\/\",\"name\":\"Chermiti zkus\u00ed \u0161t\u011bst\u00ed ve Skotsku - Official Czech &amp; Slovak Everton Supporters&#039; Club\",\"isPartOf\":{\"@id\":\"https:\/\/evertonfc.cz\/#website\"},\"primaryImageOfPage\":{\"@id\":\"https:\/\/evertonfc.cz\/index.php\/2025\/09\/01\/chermiti-zkusi-stesti-ve-skotsku\/#primaryimage\"},\"image\":{\"@id\":\"https:\/\/evertonfc.cz\/index.php\/2025\/09\/01\/chermiti-zkusi-stesti-ve-skotsku\/#primaryimage\"},\"thumbnailUrl\":\"https:\/\/evertonfc.cz\/wp-content\/uploads\/2025\/08\/chermiti_31_8_2025.jpg\",\"datePublished\":\"2025-09-01T19:17:43+00:00\",\"dateModified\":\"2025-09-01T19:17:43+00:00\",\"description\":\"Youssef Chermiti po dvou letech kon\u010d\u00ed svou snahu prosadit se v Evertonu a p\u0159estupuje do skotsk\u00fdch Rangers.\",\"breadcrumb\":{\"@id\":\"https:\/\/evertonfc.cz\/index.php\/2025\/09\/01\/chermiti-zkusi-stesti-ve-skotsku\/#breadcrumb\"},\"inLanguage\":\"cs\",\"potentialAction\":[{\"@type\":\"ReadAction\",\"target\":[\"https:\/\/evertonfc.cz\/index.php\/2025\/09\/01\/chermiti-zkusi-stesti-ve-skotsku\/\"]}]},{\"@type\":\"ImageObject\",\"inLanguage\":\"cs\",\"@id\":\"https:\/\/evertonfc.cz\/index.php\/2025\/09\/01\/chermiti-zkusi-stesti-ve-skotsku\/#primaryimage\",\"url\":\"https:\/\/evertonfc.cz\/wp-content\/uploads\/2025\/08\/chermiti_31_8_2025.jpg\",\"contentUrl\":\"https:\/\/evertonfc.cz\/wp-content\/uploads\/2025\/08\/chermiti_31_8_2025.jpg\",\"width\":720,\"height\":405},{\"@type\":\"BreadcrumbList\",\"@id\":\"https:\/\/evertonfc.cz\/index.php\/2025\/09\/01\/chermiti-zkusi-stesti-ve-skotsku\/#breadcrumb\",\"itemListElement\":[{\"@type\":\"ListItem\",\"position\":1,\"name\":\"Home\",\"item\":\"https:\/\/evertonfc.cz\/\"},{\"@type\":\"ListItem\",\"position\":2,\"name\":\"Chermiti zkus\u00ed \u0161t\u011bst\u00ed ve Skotsku\"}]},{\"@type\":\"WebSite\",\"@id\":\"https:\/\/evertonfc.cz\/#website\",\"url\":\"https:\/\/evertonfc.cz\/\",\"name\":\"Official Czech &amp; Slovak Everton Supporters&#039; Club\",\"description\":\"\",\"publisher\":{\"@id\":\"https:\/\/evertonfc.cz\/#organization\"},\"potentialAction\":[{\"@type\":\"SearchAction\",\"target\":{\"@type\":\"EntryPoint\",\"urlTemplate\":\"https:\/\/evertonfc.cz\/?s={search_term_string}\"},\"query-input\":{\"@type\":\"PropertyValueSpecification\",\"valueRequired\":true,\"valueName\":\"search_term_string\"}}],\"inLanguage\":\"cs\"},{\"@type\":\"Organization\",\"@id\":\"https:\/\/evertonfc.cz\/#organization\",\"name\":\"Official Czech & Slovak Everton Supporters' Club\",\"url\":\"https:\/\/evertonfc.cz\/\",\"logo\":{\"@type\":\"ImageObject\",\"inLanguage\":\"cs\",\"@id\":\"https:\/\/evertonfc.cz\/#\/schema\/logo\/image\/\",\"url\":\"https:\/\/evertonfc.cz\/wp-content\/uploads\/2019\/05\/logo.png\",\"contentUrl\":\"https:\/\/evertonfc.cz\/wp-content\/uploads\/2019\/05\/logo.png\",\"width\":112,\"height\":112,\"caption\":\"Official Czech & Slovak Everton Supporters' Club\"},\"image\":{\"@id\":\"https:\/\/evertonfc.cz\/#\/schema\/logo\/image\/\"},\"sameAs\":[\"https:\/\/www.facebook.com\/everton.fans.cz.sk\"]},{\"@type\":\"Person\",\"@id\":\"https:\/\/evertonfc.cz\/#\/schema\/person\/f7a5daedb2ffee98480bc70e191aaef1\",\"name\":\"Ri\u010di\",\"sameAs\":[\"https:\/\/x.com\/rbrejsa\"],\"url\":\"https:\/\/evertonfc.cz\/index.php\/author\/rici\/\"}]}<\/script>\n<!-- \/ Yoast SEO plugin. -->","yoast_head_json":{"title":"Chermiti zkus\u00ed \u0161t\u011bst\u00ed ve Skotsku - Official Czech &amp; Slovak Everton Supporters&#039; Club","description":"Youssef Chermiti po dvou letech kon\u010d\u00ed svou snahu prosadit se v Evertonu a p\u0159estupuje do skotsk\u00fdch Rangers.","robots":{"index":"index","follow":"follow","max-snippet":"max-snippet:-1","max-image-preview":"max-image-preview:large","max-video-preview":"max-video-preview:-1"},"canonical":"https:\/\/evertonfc.cz\/index.php\/2025\/09\/01\/chermiti-zkusi-stesti-ve-skotsku\/","og_locale":"cs_CZ","og_type":"article","og_title":"Chermiti zkus\u00ed \u0161t\u011bst\u00ed ve Skotsku - Official Czech &amp; Slovak Everton Supporters&#039; Club","og_description":"Youssef Chermiti po dvou letech kon\u010d\u00ed svou snahu prosadit se v Evertonu a p\u0159estupuje do skotsk\u00fdch Rangers.","og_url":"https:\/\/evertonfc.cz\/index.php\/2025\/09\/01\/chermiti-zkusi-stesti-ve-skotsku\/","og_site_name":"Official Czech &amp; Slovak Everton Supporters&#039; Club","article_publisher":"https:\/\/www.facebook.com\/everton.fans.cz.sk","article_published_time":"2025-09-01T19:17:43+00:00","og_image":[{"width":720,"height":405,"url":"https:\/\/evertonfc.cz\/wp-content\/uploads\/2025\/08\/chermiti_31_8_2025.jpg","type":"image\/jpeg"}],"author":"Ri\u010di","twitter_card":"summary_large_image","twitter_creator":"@rbrejsa","twitter_misc":{"Napsal(a)":"Ri\u010di","Odhadovan\u00e1 doba \u010dten\u00ed":"2 minuty"},"schema":{"@context":"https:\/\/schema.org","@graph":[{"@type":"Article","@id":"https:\/\/evertonfc.cz\/index.php\/2025\/09\/01\/chermiti-zkusi-stesti-ve-skotsku\/#article","isPartOf":{"@id":"https:\/\/evertonfc.cz\/index.php\/2025\/09\/01\/chermiti-zkusi-stesti-ve-skotsku\/"},"author":{"name":"Ri\u010di","@id":"https:\/\/evertonfc.cz\/#\/schema\/person\/f7a5daedb2ffee98480bc70e191aaef1"},"headline":"Chermiti zkus\u00ed \u0161t\u011bst\u00ed ve Skotsku","datePublished":"2025-09-01T19:17:43+00:00","dateModified":"2025-09-01T19:17:43+00:00","mainEntityOfPage":{"@id":"https:\/\/evertonfc.cz\/index.php\/2025\/09\/01\/chermiti-zkusi-stesti-ve-skotsku\/"},"wordCount":289,"commentCount":2,"publisher":{"@id":"https:\/\/evertonfc.cz\/#organization"},"image":{"@id":"https:\/\/evertonfc.cz\/index.php\/2025\/09\/01\/chermiti-zkusi-stesti-ve-skotsku\/#primaryimage"},"thumbnailUrl":"https:\/\/evertonfc.cz\/wp-content\/uploads\/2025\/08\/chermiti_31_8_2025.jpg","articleSection":["P\u0159estupy"],"inLanguage":"cs","potentialAction":[{"@type":"CommentAction","name":"Comment","target":["https:\/\/evertonfc.cz\/index.php\/2025\/09\/01\/chermiti-zkusi-stesti-ve-skotsku\/#respond"]}]},{"@type":"WebPage","@id":"https:\/\/evertonfc.cz\/index.php\/2025\/09\/01\/chermiti-zkusi-stesti-ve-skotsku\/","url":"https:\/\/evertonfc.cz\/index.php\/2025\/09\/01\/chermiti-zkusi-stesti-ve-skotsku\/","name":"Chermiti zkus\u00ed \u0161t\u011bst\u00ed ve Skotsku - Official Czech &amp; Slovak Everton Supporters&#039; Club","isPartOf":{"@id":"https:\/\/evertonfc.cz\/#website"},"primaryImageOfPage":{"@id":"https:\/\/evertonfc.cz\/index.php\/2025\/09\/01\/chermiti-zkusi-stesti-ve-skotsku\/#primaryimage"},"image":{"@id":"https:\/\/evertonfc.cz\/index.php\/2025\/09\/01\/chermiti-zkusi-stesti-ve-skotsku\/#primaryimage"},"thumbnailUrl":"https:\/\/evertonfc.cz\/wp-content\/uploads\/2025\/08\/chermiti_31_8_2025.jpg","datePublished":"2025-09-01T19:17:43+00:00","dateModified":"2025-09-01T19:17:43+00:00","description":"Youssef Chermiti po dvou letech kon\u010d\u00ed svou snahu prosadit se v Evertonu a p\u0159estupuje do skotsk\u00fdch Rangers.","breadcrumb":{"@id":"https:\/\/evertonfc.cz\/index.php\/2025\/09\/01\/chermiti-zkusi-stesti-ve-skotsku\/#breadcrumb"},"inLanguage":"cs","potentialAction":[{"@type":"ReadAction","target":["https:\/\/evertonfc.cz\/index.php\/2025\/09\/01\/chermiti-zkusi-stesti-ve-skotsku\/"]}]},{"@type":"ImageObject","inLanguage":"cs","@id":"https:\/\/evertonfc.cz\/index.php\/2025\/09\/01\/chermiti-zkusi-stesti-ve-skotsku\/#primaryimage","url":"https:\/\/evertonfc.cz\/wp-content\/uploads\/2025\/08\/chermiti_31_8_2025.jpg","contentUrl":"https:\/\/evertonfc.cz\/wp-content\/uploads\/2025\/08\/chermiti_31_8_2025.jpg","width":720,"height":405},{"@type":"BreadcrumbList","@id":"https:\/\/evertonfc.cz\/index.php\/2025\/09\/01\/chermiti-zkusi-stesti-ve-skotsku\/#breadcrumb","itemListElement":[{"@type":"ListItem","position":1,"name":"Home","item":"https:\/\/evertonfc.cz\/"},{"@type":"ListItem","position":2,"name":"Chermiti zkus\u00ed \u0161t\u011bst\u00ed ve Skotsku"}]},{"@type":"WebSite","@id":"https:\/\/evertonfc.cz\/#website","url":"https:\/\/evertonfc.cz\/","name":"Official Czech &amp; Slovak Everton Supporters&#039; Club","description":"","publisher":{"@id":"https:\/\/evertonfc.cz\/#organization"},"potentialAction":[{"@type":"SearchAction","target":{"@type":"EntryPoint","urlTemplate":"https:\/\/evertonfc.cz\/?s={search_term_string}"},"query-input":{"@type":"PropertyValueSpecification","valueRequired":true,"valueName":"search_term_string"}}],"inLanguage":"cs"},{"@type":"Organization","@id":"https:\/\/evertonfc.cz\/#organization","name":"Official Czech & Slovak Everton Supporters' Club","url":"https:\/\/evertonfc.cz\/","logo":{"@type":"ImageObject","inLanguage":"cs","@id":"https:\/\/evertonfc.cz\/#\/schema\/logo\/image\/","url":"https:\/\/evertonfc.cz\/wp-content\/uploads\/2019\/05\/logo.png","contentUrl":"https:\/\/evertonfc.cz\/wp-content\/uploads\/2019\/05\/logo.png","width":112,"height":112,"caption":"Official Czech & Slovak Everton Supporters' Club"},"image":{"@id":"https:\/\/evertonfc.cz\/#\/schema\/logo\/image\/"},"sameAs":["https:\/\/www.facebook.com\/everton.fans.cz.sk"]},{"@type":"Person","@id":"https:\/\/evertonfc.cz\/#\/schema\/person\/f7a5daedb2ffee98480bc70e191aaef1","name":"Ri\u010di","sameAs":["https:\/\/x.com\/rbrejsa"],"url":"https:\/\/evertonfc.cz\/index.php\/author\/rici\/"}]}},"_links":{"self":[{"href":"https:\/\/evertonfc.cz\/index.php\/wp-json\/wp\/v2\/posts\/27387"}],"collection":[{"href":"https:\/\/evertonfc.cz\/index.php\/wp-json\/wp\/v2\/posts"}],"about":[{"href":"https:\/\/evertonfc.cz\/index.php\/wp-json\/wp\/v2\/types\/post"}],"author":[{"embeddable":true,"href":"https:\/\/evertonfc.cz\/index.php\/wp-json\/wp\/v2\/users\/6"}],"replies":[{"embeddable":true,"href":"https:\/\/evertonfc.cz\/index.php\/wp-json\/wp\/v2\/comments?post=27387"}],"version-history":[{"count":3,"href":"https:\/\/evertonfc.cz\/index.php\/wp-json\/wp\/v2\/posts\/27387\/revisions"}],"predecessor-version":[{"id":27395,"href":"https:\/\/evertonfc.cz\/index.php\/wp-json\/wp\/v2\/posts\/27387\/revisions\/27395"}],"wp:featuredmedia":[{"embeddable":true,"href":"https:\/\/evertonfc.cz\/index.php\/wp-json\/wp\/v2\/media\/27386"}],"wp:attachment":[{"href":"https:\/\/evertonfc.cz\/index.php\/wp-json\/wp\/v2\/media?parent=27387"}],"wp:term":[{"taxonomy":"category","embeddable":true,"href":"https:\/\/evertonfc.cz\/index.php\/wp-json\/wp\/v2\/categories?post=27387"},{"taxonomy":"post_tag","embeddable":true,"href":"https:\/\/evertonfc.cz\/index.php\/wp-json\/wp\/v2\/tags?post=27387"}],"curies":[{"name":"wp","href":"https:\/\/api.w.org\/{rel}","templated":true}]}}