{"id":27418,"date":"2025-09-01T22:15:58","date_gmt":"2025-09-01T20:15:58","guid":{"rendered":"https:\/\/evertonfc.cz\/?p=27418"},"modified":"2025-09-02T17:15:21","modified_gmt":"2025-09-02T15:15:21","slug":"deadline-day-vykouzlil-posilu-merlin-rohl","status":"publish","type":"post","link":"https:\/\/evertonfc.cz\/index.php\/2025\/09\/01\/deadline-day-vykouzlil-posilu-merlin-rohl\/","title":{"rendered":"Deadline Day vykouzlil posilu: Merlin R\u00f6hl"},"content":{"rendered":"<h4><em>\u201e\u010carod\u011bj nikdy nechod\u00ed pozd\u011b. Ani moc brzo. P\u0159ich\u00e1z\u00ed tehdy, kdy chce.\u201c<\/em> Tak tedy v\u00edtej, Merline.<\/h4>\n<p>23let\u00fd z\u00e1lo\u017en\u00edk p\u0159ich\u00e1z\u00ed z n\u011bmeck\u00e9ho Freiburgu na ro\u010dn\u00ed hostov\u00e1n\u00ed, za kter\u00e9 m\u00e1 Everton \u00fadajn\u011b zaplatit 1,7 milionu liber. To se ale velmi snadno m\u016f\u017ee zm\u011bnit v trval\u00fd p\u0159estup. Podle ofici\u00e1ln\u00edho webu n\u011bmeck\u00e9ho klubu se toti\u017e po sez\u00f3n\u011b automaticky aktivuje povinn\u00fd odkup ve v\u00fd\u0161i 17,4 milionu liber, pokud se Toffees udr\u017e\u00ed v Premier League.<\/p>\n<p data-start=\"45\" data-end=\"281\">Everton se cel\u00e9 l\u00e9to sna\u017eil p\u0159iv\u00e9st st\u0159edn\u00edho z\u00e1lo\u017en\u00edka. Neusp\u011bl v\u0161ak u zam\u011bstnavatel\u016f zku\u0161en\u00fdch harcovn\u00edk\u016f Johna McGinna a Tom\u00e1\u0161e Sou\u010dka, a proto v z\u00e1v\u011bru p\u0159estupov\u00e9ho okna obr\u00e1til svou pozornost k hr\u00e1\u010di, kter\u00e9ho dlouhodob\u011b sledoval.<\/p>\n<p data-start=\"283\" data-end=\"539\"><em>\u201eMerlin je reprezentantem N\u011bmecka do 21 let a fotbalista, kter\u00fd na\u0161\u00ed z\u00e1lo\u017en\u00ed \u0159ad\u011b dod\u00e1 nov\u00e9 kvality. V klubu jsme ho skautovali u\u017e del\u0161\u00ed dobu a t\u011b\u0161\u00edme se, jak u n\u00e1s rozvine sv\u016fj potenci\u00e1l,\u201c<\/em> uvedl mana\u017eer David Moyes p\u0159i p\u0159iv\u00edt\u00e1n\u00ed sv\u00e9 dev\u00e1t\u00e9 letn\u00ed posily.<\/p>\n<p data-start=\"283\" data-end=\"539\">R\u00f6hl se narodil v Postupimi, kde za\u010d\u00ednal s fotbalem v m\u00edstn\u00edm klubu SV Babelsberg 03. V 16 letech se, jist\u011b se slzou v oku, rozlou\u010dil s rodn\u00fdm v\u00fdchodn\u00edm N\u011bmeckem a zam\u00ed\u0159il do bavorsk\u00e9ho Ingolstadtu 04, v jeho\u017e dresu debutoval o dva roky pozd\u011bji ve t\u0159et\u00ed lize. V premi\u00e9rov\u00e9 sez\u00f3n\u011b hned slavil postup, na kter\u00fd brzy nav\u00e1zal p\u0159estupem do Bundesligy.<\/p>\n<p data-start=\"283\" data-end=\"539\">V l\u00e9t\u011b 2022 ode\u0161el za zhruba 2,5 milionu liber do SC Freiburgu. V nov\u00e9m p\u016fsobi\u0161ti se prvn\u00ed rok sp\u00ed\u0161e s\u017e\u00edval s prost\u0159ed\u00edm a stabiln\u011b za\u010dal nastupovat a\u017e v sez\u00f3n\u011b 2023\/24, kdy si zahr\u00e1l i Evropskou ligu. V uplynul\u00e9m ro\u010dn\u00edku pomohl \u201eBreisgausk\u00fdm Brazilc\u016fm\u201c (opravdu takov\u00e1 p\u0159ezd\u00edvka klubu existuje) k p\u00e1t\u00e9mu m\u00edstu, s\u00e1m ale c\u00edtil, \u017ee mohl p\u0159isp\u011bt v\u00edc.\u00a0Kv\u016fli zran\u011bn\u00edm nasko\u010dil jen do 19 ligov\u00fdch utk\u00e1n\u00ed. Po skon\u010den\u00ed klubov\u00e9 sez\u00f3ny je\u0161t\u011b reprezentoval N\u011bmecko na mistrovstv\u00ed Evropy do 21 let na Slovensku. Ve strhuj\u00edc\u00edm fin\u00e1le s Angli\u00ed, kter\u00e9 pro jeho dru\u017einu skon\u010dilo por\u00e1\u017ekou 2:3, oraz\u00edtkoval v samotn\u00e9m z\u00e1v\u011bru prodlou\u017een\u00ed b\u0159evno.<\/p>\n<p data-start=\"46\" data-end=\"386\">Za Freiburg odehr\u00e1l b\u011bhem t\u0159\u00ed let 60 sout\u011b\u017en\u00edch z\u00e1pas\u016f, v nich\u017e vst\u0159elil t\u0159i branky a p\u0159idal \u0161est asistenc\u00ed. D\u00edky sv\u00e9 univerz\u00e1lnosti zast\u00e1val r\u016fzn\u00e9 posty od z\u00e1skoku na lev\u00e9m beku a\u017e po podhrotovou \u010di k\u0159\u00eddeln\u00ed pozici. Nejl\u00e9pe se ale podle vlastn\u00edch slov c\u00edt\u00ed ve st\u0159edu pole, kde m\u016f\u017ee uplatnit svou techniku, p\u0159ehled a pracovitost.<\/p>\n<p data-start=\"388\" data-end=\"733\"><em>\u201eVn\u00edm\u00e1m se jako box to box z\u00e1lo\u017en\u00edk. S mana\u017eerem jsem m\u011bl dobr\u00fd rozhovor o tom, \u010d\u00edm bych mohl t\u00fdm obohatit a jak do n\u011bj zapadnout. Premier League by mi m\u011bla sed\u011bt. Jsem v\u0161estrann\u00fd a tvrd\u011b pracuji. Dob\u0159e v\u00edm, \u017ee pr\u00e1v\u011b tuhle vlastnost v\u00e1\u0161niv\u00ed fanou\u0161ci Evertonu ocen\u00ed,\u201c<\/em> p\u0159edstavil se 1,91 metru vysok\u00fd st\u0159edopola\u0159, kter\u00fd bude obl\u00e9kat modr\u00fd dres \u010d\u00edslem 34.<\/p>\n","protected":false},"excerpt":{"rendered":"<p>\u201e\u010carod\u011bj nikdy nechod\u00ed pozd\u011b. Ani moc brzo. P\u0159ich\u00e1z\u00ed tehdy, kdy chce.\u201c Tak tedy v\u00edtej, Merline.<\/p>\n","protected":false},"author":6,"featured_media":27424,"comment_status":"open","ping_status":"closed","sticky":false,"template":"","format":"standard","meta":{"_eb_attr":"","_monsterinsights_skip_tracking":false,"_monsterinsights_sitenote_active":false,"_monsterinsights_sitenote_note":"","_monsterinsights_sitenote_category":0,"footnotes":""},"categories":[41],"tags":[],"yoast_head":"<!-- This site is optimized with the Yoast SEO plugin v23.4 - https:\/\/yoast.com\/wordpress\/plugins\/seo\/ -->\n<title>Deadline Day vykouzlil posilu: Merlin R\u00f6hl - Official Czech &amp; Slovak Everton Supporters&#039; Club<\/title>\n<meta name=\"description\" content=\"\u201e\u010carod\u011bj nikdy nechod\u00ed pozd\u011b. Ani moc brzo. P\u0159ich\u00e1z\u00ed tehdy, kdy chce.\u201c Tak tedy v\u00edtej, Merline.\" \/>\n<meta name=\"robots\" content=\"index, follow, max-snippet:-1, max-image-preview:large, max-video-preview:-1\" \/>\n<link rel=\"canonical\" href=\"https:\/\/evertonfc.cz\/index.php\/2025\/09\/01\/deadline-day-vykouzlil-posilu-merlin-rohl\/\" \/>\n<meta property=\"og:locale\" content=\"cs_CZ\" \/>\n<meta property=\"og:type\" content=\"article\" \/>\n<meta property=\"og:title\" content=\"Deadline Day vykouzlil posilu: Merlin R\u00f6hl - Official Czech &amp; Slovak Everton Supporters&#039; Club\" \/>\n<meta property=\"og:description\" content=\"\u201e\u010carod\u011bj nikdy nechod\u00ed pozd\u011b. Ani moc brzo. P\u0159ich\u00e1z\u00ed tehdy, kdy chce.\u201c Tak tedy v\u00edtej, Merline.\" \/>\n<meta property=\"og:url\" content=\"https:\/\/evertonfc.cz\/index.php\/2025\/09\/01\/deadline-day-vykouzlil-posilu-merlin-rohl\/\" \/>\n<meta property=\"og:site_name\" content=\"Official Czech &amp; Slovak Everton Supporters&#039; Club\" \/>\n<meta property=\"article:publisher\" content=\"https:\/\/www.facebook.com\/everton.fans.cz.sk\" \/>\n<meta property=\"article:published_time\" content=\"2025-09-01T20:15:58+00:00\" \/>\n<meta property=\"article:modified_time\" content=\"2025-09-02T15:15:21+00:00\" \/>\n<meta property=\"og:image\" content=\"https:\/\/evertonfc.cz\/wp-content\/uploads\/2025\/09\/rohl_1_9_2025.jpeg\" \/>\n\t<meta property=\"og:image:width\" content=\"720\" \/>\n\t<meta property=\"og:image:height\" content=\"405\" \/>\n\t<meta property=\"og:image:type\" content=\"image\/jpeg\" \/>\n<meta name=\"author\" content=\"Ri\u010di\" \/>\n<meta name=\"twitter:card\" content=\"summary_large_image\" \/>\n<meta name=\"twitter:creator\" content=\"@rbrejsa\" \/>\n<meta name=\"twitter:label1\" content=\"Napsal(a)\" \/>\n\t<meta name=\"twitter:data1\" content=\"Ri\u010di\" \/>\n\t<meta name=\"twitter:label2\" content=\"Odhadovan\u00e1 doba \u010dten\u00ed\" \/>\n\t<meta name=\"twitter:data2\" content=\"3 minuty\" \/>\n<script type=\"application\/ld+json\" class=\"yoast-schema-graph\">{\"@context\":\"https:\/\/schema.org\",\"@graph\":[{\"@type\":\"Article\",\"@id\":\"https:\/\/evertonfc.cz\/index.php\/2025\/09\/01\/deadline-day-vykouzlil-posilu-merlin-rohl\/#article\",\"isPartOf\":{\"@id\":\"https:\/\/evertonfc.cz\/index.php\/2025\/09\/01\/deadline-day-vykouzlil-posilu-merlin-rohl\/\"},\"author\":{\"name\":\"Ri\u010di\",\"@id\":\"https:\/\/evertonfc.cz\/#\/schema\/person\/f7a5daedb2ffee98480bc70e191aaef1\"},\"headline\":\"Deadline Day vykouzlil posilu: Merlin R\u00f6hl\",\"datePublished\":\"2025-09-01T20:15:58+00:00\",\"dateModified\":\"2025-09-02T15:15:21+00:00\",\"mainEntityOfPage\":{\"@id\":\"https:\/\/evertonfc.cz\/index.php\/2025\/09\/01\/deadline-day-vykouzlil-posilu-merlin-rohl\/\"},\"wordCount\":571,\"commentCount\":3,\"publisher\":{\"@id\":\"https:\/\/evertonfc.cz\/#organization\"},\"image\":{\"@id\":\"https:\/\/evertonfc.cz\/index.php\/2025\/09\/01\/deadline-day-vykouzlil-posilu-merlin-rohl\/#primaryimage\"},\"thumbnailUrl\":\"https:\/\/evertonfc.cz\/wp-content\/uploads\/2025\/09\/rohl_1_9_2025.jpeg\",\"articleSection\":[\"P\u0159estupy\"],\"inLanguage\":\"cs\",\"potentialAction\":[{\"@type\":\"CommentAction\",\"name\":\"Comment\",\"target\":[\"https:\/\/evertonfc.cz\/index.php\/2025\/09\/01\/deadline-day-vykouzlil-posilu-merlin-rohl\/#respond\"]}]},{\"@type\":\"WebPage\",\"@id\":\"https:\/\/evertonfc.cz\/index.php\/2025\/09\/01\/deadline-day-vykouzlil-posilu-merlin-rohl\/\",\"url\":\"https:\/\/evertonfc.cz\/index.php\/2025\/09\/01\/deadline-day-vykouzlil-posilu-merlin-rohl\/\",\"name\":\"Deadline Day vykouzlil posilu: Merlin R\u00f6hl - Official Czech &amp; Slovak Everton Supporters&#039; Club\",\"isPartOf\":{\"@id\":\"https:\/\/evertonfc.cz\/#website\"},\"primaryImageOfPage\":{\"@id\":\"https:\/\/evertonfc.cz\/index.php\/2025\/09\/01\/deadline-day-vykouzlil-posilu-merlin-rohl\/#primaryimage\"},\"image\":{\"@id\":\"https:\/\/evertonfc.cz\/index.php\/2025\/09\/01\/deadline-day-vykouzlil-posilu-merlin-rohl\/#primaryimage\"},\"thumbnailUrl\":\"https:\/\/evertonfc.cz\/wp-content\/uploads\/2025\/09\/rohl_1_9_2025.jpeg\",\"datePublished\":\"2025-09-01T20:15:58+00:00\",\"dateModified\":\"2025-09-02T15:15:21+00:00\",\"description\":\"\u201e\u010carod\u011bj nikdy nechod\u00ed pozd\u011b. Ani moc brzo. P\u0159ich\u00e1z\u00ed tehdy, kdy chce.\u201c Tak tedy v\u00edtej, Merline.\",\"breadcrumb\":{\"@id\":\"https:\/\/evertonfc.cz\/index.php\/2025\/09\/01\/deadline-day-vykouzlil-posilu-merlin-rohl\/#breadcrumb\"},\"inLanguage\":\"cs\",\"potentialAction\":[{\"@type\":\"ReadAction\",\"target\":[\"https:\/\/evertonfc.cz\/index.php\/2025\/09\/01\/deadline-day-vykouzlil-posilu-merlin-rohl\/\"]}]},{\"@type\":\"ImageObject\",\"inLanguage\":\"cs\",\"@id\":\"https:\/\/evertonfc.cz\/index.php\/2025\/09\/01\/deadline-day-vykouzlil-posilu-merlin-rohl\/#primaryimage\",\"url\":\"https:\/\/evertonfc.cz\/wp-content\/uploads\/2025\/09\/rohl_1_9_2025.jpeg\",\"contentUrl\":\"https:\/\/evertonfc.cz\/wp-content\/uploads\/2025\/09\/rohl_1_9_2025.jpeg\",\"width\":720,\"height\":405},{\"@type\":\"BreadcrumbList\",\"@id\":\"https:\/\/evertonfc.cz\/index.php\/2025\/09\/01\/deadline-day-vykouzlil-posilu-merlin-rohl\/#breadcrumb\",\"itemListElement\":[{\"@type\":\"ListItem\",\"position\":1,\"name\":\"Home\",\"item\":\"https:\/\/evertonfc.cz\/\"},{\"@type\":\"ListItem\",\"position\":2,\"name\":\"Deadline Day vykouzlil posilu: Merlin R\u00f6hl\"}]},{\"@type\":\"WebSite\",\"@id\":\"https:\/\/evertonfc.cz\/#website\",\"url\":\"https:\/\/evertonfc.cz\/\",\"name\":\"Official Czech &amp; Slovak Everton Supporters&#039; Club\",\"description\":\"\",\"publisher\":{\"@id\":\"https:\/\/evertonfc.cz\/#organization\"},\"potentialAction\":[{\"@type\":\"SearchAction\",\"target\":{\"@type\":\"EntryPoint\",\"urlTemplate\":\"https:\/\/evertonfc.cz\/?s={search_term_string}\"},\"query-input\":{\"@type\":\"PropertyValueSpecification\",\"valueRequired\":true,\"valueName\":\"search_term_string\"}}],\"inLanguage\":\"cs\"},{\"@type\":\"Organization\",\"@id\":\"https:\/\/evertonfc.cz\/#organization\",\"name\":\"Official Czech & Slovak Everton Supporters' Club\",\"url\":\"https:\/\/evertonfc.cz\/\",\"logo\":{\"@type\":\"ImageObject\",\"inLanguage\":\"cs\",\"@id\":\"https:\/\/evertonfc.cz\/#\/schema\/logo\/image\/\",\"url\":\"https:\/\/evertonfc.cz\/wp-content\/uploads\/2019\/05\/logo.png\",\"contentUrl\":\"https:\/\/evertonfc.cz\/wp-content\/uploads\/2019\/05\/logo.png\",\"width\":112,\"height\":112,\"caption\":\"Official Czech & Slovak Everton Supporters' Club\"},\"image\":{\"@id\":\"https:\/\/evertonfc.cz\/#\/schema\/logo\/image\/\"},\"sameAs\":[\"https:\/\/www.facebook.com\/everton.fans.cz.sk\"]},{\"@type\":\"Person\",\"@id\":\"https:\/\/evertonfc.cz\/#\/schema\/person\/f7a5daedb2ffee98480bc70e191aaef1\",\"name\":\"Ri\u010di\",\"sameAs\":[\"https:\/\/x.com\/rbrejsa\"],\"url\":\"https:\/\/evertonfc.cz\/index.php\/author\/rici\/\"}]}<\/script>\n<!-- \/ Yoast SEO plugin. -->","yoast_head_json":{"title":"Deadline Day vykouzlil posilu: Merlin R\u00f6hl - Official Czech &amp; Slovak Everton Supporters&#039; Club","description":"\u201e\u010carod\u011bj nikdy nechod\u00ed pozd\u011b. Ani moc brzo. P\u0159ich\u00e1z\u00ed tehdy, kdy chce.\u201c Tak tedy v\u00edtej, Merline.","robots":{"index":"index","follow":"follow","max-snippet":"max-snippet:-1","max-image-preview":"max-image-preview:large","max-video-preview":"max-video-preview:-1"},"canonical":"https:\/\/evertonfc.cz\/index.php\/2025\/09\/01\/deadline-day-vykouzlil-posilu-merlin-rohl\/","og_locale":"cs_CZ","og_type":"article","og_title":"Deadline Day vykouzlil posilu: Merlin R\u00f6hl - Official Czech &amp; Slovak Everton Supporters&#039; Club","og_description":"\u201e\u010carod\u011bj nikdy nechod\u00ed pozd\u011b. Ani moc brzo. P\u0159ich\u00e1z\u00ed tehdy, kdy chce.\u201c Tak tedy v\u00edtej, Merline.","og_url":"https:\/\/evertonfc.cz\/index.php\/2025\/09\/01\/deadline-day-vykouzlil-posilu-merlin-rohl\/","og_site_name":"Official Czech &amp; Slovak Everton Supporters&#039; Club","article_publisher":"https:\/\/www.facebook.com\/everton.fans.cz.sk","article_published_time":"2025-09-01T20:15:58+00:00","article_modified_time":"2025-09-02T15:15:21+00:00","og_image":[{"width":720,"height":405,"url":"https:\/\/evertonfc.cz\/wp-content\/uploads\/2025\/09\/rohl_1_9_2025.jpeg","type":"image\/jpeg"}],"author":"Ri\u010di","twitter_card":"summary_large_image","twitter_creator":"@rbrejsa","twitter_misc":{"Napsal(a)":"Ri\u010di","Odhadovan\u00e1 doba \u010dten\u00ed":"3 minuty"},"schema":{"@context":"https:\/\/schema.org","@graph":[{"@type":"Article","@id":"https:\/\/evertonfc.cz\/index.php\/2025\/09\/01\/deadline-day-vykouzlil-posilu-merlin-rohl\/#article","isPartOf":{"@id":"https:\/\/evertonfc.cz\/index.php\/2025\/09\/01\/deadline-day-vykouzlil-posilu-merlin-rohl\/"},"author":{"name":"Ri\u010di","@id":"https:\/\/evertonfc.cz\/#\/schema\/person\/f7a5daedb2ffee98480bc70e191aaef1"},"headline":"Deadline Day vykouzlil posilu: Merlin R\u00f6hl","datePublished":"2025-09-01T20:15:58+00:00","dateModified":"2025-09-02T15:15:21+00:00","mainEntityOfPage":{"@id":"https:\/\/evertonfc.cz\/index.php\/2025\/09\/01\/deadline-day-vykouzlil-posilu-merlin-rohl\/"},"wordCount":571,"commentCount":3,"publisher":{"@id":"https:\/\/evertonfc.cz\/#organization"},"image":{"@id":"https:\/\/evertonfc.cz\/index.php\/2025\/09\/01\/deadline-day-vykouzlil-posilu-merlin-rohl\/#primaryimage"},"thumbnailUrl":"https:\/\/evertonfc.cz\/wp-content\/uploads\/2025\/09\/rohl_1_9_2025.jpeg","articleSection":["P\u0159estupy"],"inLanguage":"cs","potentialAction":[{"@type":"CommentAction","name":"Comment","target":["https:\/\/evertonfc.cz\/index.php\/2025\/09\/01\/deadline-day-vykouzlil-posilu-merlin-rohl\/#respond"]}]},{"@type":"WebPage","@id":"https:\/\/evertonfc.cz\/index.php\/2025\/09\/01\/deadline-day-vykouzlil-posilu-merlin-rohl\/","url":"https:\/\/evertonfc.cz\/index.php\/2025\/09\/01\/deadline-day-vykouzlil-posilu-merlin-rohl\/","name":"Deadline Day vykouzlil posilu: Merlin R\u00f6hl - Official Czech &amp; Slovak Everton Supporters&#039; Club","isPartOf":{"@id":"https:\/\/evertonfc.cz\/#website"},"primaryImageOfPage":{"@id":"https:\/\/evertonfc.cz\/index.php\/2025\/09\/01\/deadline-day-vykouzlil-posilu-merlin-rohl\/#primaryimage"},"image":{"@id":"https:\/\/evertonfc.cz\/index.php\/2025\/09\/01\/deadline-day-vykouzlil-posilu-merlin-rohl\/#primaryimage"},"thumbnailUrl":"https:\/\/evertonfc.cz\/wp-content\/uploads\/2025\/09\/rohl_1_9_2025.jpeg","datePublished":"2025-09-01T20:15:58+00:00","dateModified":"2025-09-02T15:15:21+00:00","description":"\u201e\u010carod\u011bj nikdy nechod\u00ed pozd\u011b. Ani moc brzo. P\u0159ich\u00e1z\u00ed tehdy, kdy chce.\u201c Tak tedy v\u00edtej, Merline.","breadcrumb":{"@id":"https:\/\/evertonfc.cz\/index.php\/2025\/09\/01\/deadline-day-vykouzlil-posilu-merlin-rohl\/#breadcrumb"},"inLanguage":"cs","potentialAction":[{"@type":"ReadAction","target":["https:\/\/evertonfc.cz\/index.php\/2025\/09\/01\/deadline-day-vykouzlil-posilu-merlin-rohl\/"]}]},{"@type":"ImageObject","inLanguage":"cs","@id":"https:\/\/evertonfc.cz\/index.php\/2025\/09\/01\/deadline-day-vykouzlil-posilu-merlin-rohl\/#primaryimage","url":"https:\/\/evertonfc.cz\/wp-content\/uploads\/2025\/09\/rohl_1_9_2025.jpeg","contentUrl":"https:\/\/evertonfc.cz\/wp-content\/uploads\/2025\/09\/rohl_1_9_2025.jpeg","width":720,"height":405},{"@type":"BreadcrumbList","@id":"https:\/\/evertonfc.cz\/index.php\/2025\/09\/01\/deadline-day-vykouzlil-posilu-merlin-rohl\/#breadcrumb","itemListElement":[{"@type":"ListItem","position":1,"name":"Home","item":"https:\/\/evertonfc.cz\/"},{"@type":"ListItem","position":2,"name":"Deadline Day vykouzlil posilu: Merlin R\u00f6hl"}]},{"@type":"WebSite","@id":"https:\/\/evertonfc.cz\/#website","url":"https:\/\/evertonfc.cz\/","name":"Official Czech &amp; Slovak Everton Supporters&#039; Club","description":"","publisher":{"@id":"https:\/\/evertonfc.cz\/#organization"},"potentialAction":[{"@type":"SearchAction","target":{"@type":"EntryPoint","urlTemplate":"https:\/\/evertonfc.cz\/?s={search_term_string}"},"query-input":{"@type":"PropertyValueSpecification","valueRequired":true,"valueName":"search_term_string"}}],"inLanguage":"cs"},{"@type":"Organization","@id":"https:\/\/evertonfc.cz\/#organization","name":"Official Czech & Slovak Everton Supporters' Club","url":"https:\/\/evertonfc.cz\/","logo":{"@type":"ImageObject","inLanguage":"cs","@id":"https:\/\/evertonfc.cz\/#\/schema\/logo\/image\/","url":"https:\/\/evertonfc.cz\/wp-content\/uploads\/2019\/05\/logo.png","contentUrl":"https:\/\/evertonfc.cz\/wp-content\/uploads\/2019\/05\/logo.png","width":112,"height":112,"caption":"Official Czech & Slovak Everton Supporters' Club"},"image":{"@id":"https:\/\/evertonfc.cz\/#\/schema\/logo\/image\/"},"sameAs":["https:\/\/www.facebook.com\/everton.fans.cz.sk"]},{"@type":"Person","@id":"https:\/\/evertonfc.cz\/#\/schema\/person\/f7a5daedb2ffee98480bc70e191aaef1","name":"Ri\u010di","sameAs":["https:\/\/x.com\/rbrejsa"],"url":"https:\/\/evertonfc.cz\/index.php\/author\/rici\/"}]}},"_links":{"self":[{"href":"https:\/\/evertonfc.cz\/index.php\/wp-json\/wp\/v2\/posts\/27418"}],"collection":[{"href":"https:\/\/evertonfc.cz\/index.php\/wp-json\/wp\/v2\/posts"}],"about":[{"href":"https:\/\/evertonfc.cz\/index.php\/wp-json\/wp\/v2\/types\/post"}],"author":[{"embeddable":true,"href":"https:\/\/evertonfc.cz\/index.php\/wp-json\/wp\/v2\/users\/6"}],"replies":[{"embeddable":true,"href":"https:\/\/evertonfc.cz\/index.php\/wp-json\/wp\/v2\/comments?post=27418"}],"version-history":[{"count":9,"href":"https:\/\/evertonfc.cz\/index.php\/wp-json\/wp\/v2\/posts\/27418\/revisions"}],"predecessor-version":[{"id":27440,"href":"https:\/\/evertonfc.cz\/index.php\/wp-json\/wp\/v2\/posts\/27418\/revisions\/27440"}],"wp:featuredmedia":[{"embeddable":true,"href":"https:\/\/evertonfc.cz\/index.php\/wp-json\/wp\/v2\/media\/27424"}],"wp:attachment":[{"href":"https:\/\/evertonfc.cz\/index.php\/wp-json\/wp\/v2\/media?parent=27418"}],"wp:term":[{"taxonomy":"category","embeddable":true,"href":"https:\/\/evertonfc.cz\/index.php\/wp-json\/wp\/v2\/categories?post=27418"},{"taxonomy":"post_tag","embeddable":true,"href":"https:\/\/evertonfc.cz\/index.php\/wp-json\/wp\/v2\/tags?post=27418"}],"curies":[{"name":"wp","href":"https:\/\/api.w.org\/{rel}","templated":true}]}}