{"id":276,"date":"2011-01-27T15:22:06","date_gmt":"2011-01-27T14:22:06","guid":{"rendered":"http:\/\/evertonfc.cz\/?p=276"},"modified":"2019-02-09T22:21:53","modified_gmt":"2019-02-09T21:21:53","slug":"nabileny-mic","status":"publish","type":"post","link":"https:\/\/evertonfc.cz\/index.php\/2011\/01\/27\/nabileny-mic\/","title":{"rendered":"Nab\u00edlen\u00fd m\u00ed\u010d"},"content":{"rendered":"<h4 id=\"NewsPostDetailSummary\">Kdy\u017e g\u00f3lov\u00e9 p\u0159\u00edle\u017eitosti kon\u010d\u00ed \u010dast\u011bji na brankov\u00e9 konstrukci, ne\u017e v s\u00edti, postihnut\u00e9 mu\u017estvo za to nez\u0159\u00eddkakdy pyk\u00e1. V n\u011bkter\u00fdch p\u0159\u00edpadech se ale i p\u0159esto dok\u00e1\u017ee zrodit dechberouc\u00ed p\u0159est\u0159elka.<\/h4>\n<div id=\"NewsPostDetailContent\">\n<p>Bolton Wanderers &#8211; Everton 2-4<br \/>\nFirst Division, 8. dubna 1933<\/p>\n<p>V\u00edt\u011bzstv\u00ed na h\u0159i\u0161ti Boltonu, pouh\u00e9 t\u0159i t\u00fddny p\u0159edt\u00edm, ne\u017e Everton vybojoval poprv\u00e9 ve Wembley sv\u016fj druh\u00fd FA Cup, spad\u00e1 do kategorie smoln\u00fdch a z\u00e1rove\u0148 i \u0161\u0165astn\u00fdch z\u00e1pas\u016f. \u0160t\u011bst\u00ed se na Burnden Parku p\u0159iklonilo na stranu host\u00ed, proto\u017ee ani sedmkr\u00e1t rozezvon\u011bn\u00e1 brankov\u00e1 konstrukce jim nezabr\u00e1nila ve vysok\u00e9 v\u00fdh\u0159e.<\/p>\n<p>Toffees p\u0159itom do Boltonu jeli se zna\u010dn\u011b kol\u00edsavou formou, a\u010dkoliv p\u0159edchoz\u00ed v\u00edt\u011bzstv\u00ed nad West Hamem jim zajistilo m\u00edstenku v poh\u00e1rov\u00e9m fin\u00e1le. Celkov\u011b ov\u0161em Everton vyhr\u00e1l pouze p\u011bt z minul\u00fdch sedmn\u00e1cti z\u00e1pas\u016f a 27 g\u00f3l\u016f vst\u0159elen\u00fdch pr\u00e1v\u011b v on\u011bch p\u011bti utk\u00e1n\u00edch, bylo z\u0159ejmou vizitkou vrtkav\u00e9 v\u00fdkonnosti.<\/p>\n<p>S nejlep\u0161\u00ed formou se nav\u00edc zrovna nepot\u00fdkal ani Dixie Dean &#8211; na konci sezony m\u011bl na kont\u011b pouze 24 ligov\u00fdch g\u00f3l\u016f, o polovinu m\u00e9n\u011b, ne\u017e v p\u0159edchoz\u00edm roce. Neda\u0159ilo se ale cel\u00e9mu st\u00e1rnouc\u00edmu mu\u017estvu, kter\u00e9 nedovedlo napodobit v\u00fdkony, kter\u00e9 jim v p\u0159edchoz\u00ed sezon\u011b vyslou\u017eily mistrovsk\u00fd titul. Na druhou stranu t\u00e1pal i Bolton, kter\u00fd se na konci sezony musel s nejvy\u0161\u0161\u00ed sout\u011b\u017e\u00ed rozlou\u010dit.<\/p>\n<h4><strong>Ty\u010dka<\/strong><\/h4>\n<p>Okam\u017eit\u011b po v\u00fdkopu se do boltonsk\u00e9ho v\u00e1pna snesl nebezpe\u010dn\u00fd centr Jimmyho Steina a kdy\u017e Harry Church, dom\u00e1c\u00ed brank\u00e1\u0159, nedok\u00e1zal m\u00ed\u010d polapit, zrodily se dv\u011b jasn\u00e9, nicm\u00e9n\u011b zahozen\u00e9 \u0161ance, a situaci nezachr\u00e1nil ani Jimmy McGourt, kter\u00fd posl\u00e9ze hlavi\u010dkoval do ty\u010de. Sm\u016fla se ale v \u0161t\u011bst\u00ed prom\u011bnila o dv\u011b minuty pozd\u011bji, kdy obr\u00e1nce Boltonu, Mike Boyle, ne\u0161ikovn\u011b &#8222;odklidil&#8220; m\u00ed\u010d do vlastn\u00ed s\u00edt\u011b.<\/p>\n<p>Deset minut nato bylo srovn\u00e1no, kdy p\u011bkn\u00e9 k\u0159\u00eddeln\u00ed hry vyu\u017eil Jack Milson. Za dv\u011b minuty nav\u00edc bylo ve v\u00e1pn\u011b Evertonu znovu ru\u0161no &#8211; Rimmer\u016fv centr na\u0161el Cooka a z brankov\u00e9 \u010d\u00e1ry na posledn\u00ed chv\u00edli jist\u00fd g\u00f3l vykop\u00e1val Warney Creswell.<\/p>\n<h4><strong>Ty\u010dka<\/strong><\/h4>\n<p>Everton se z v\u00fdpadku rychle oklepal a znovu za\u010dal presovat. Pot\u00e9, co Johnsonova st\u0159ela jen t\u011bsn\u011b p\u0159elet\u011bla br\u00e1nu, se v g\u00f3lovce ocitnul Dean, jeho\u017e st\u0159elu ale Church s n\u00e1mahou vyt\u011bsnil na ty\u010d.<\/p>\n<h4><strong>B\u0159evno a ty\u010dka<\/strong><\/h4>\n<p>Zakr\u00e1tko do pokutov\u00e9ho \u00fazem\u00ed centroval Stein a jeho vyda\u0159en\u00fd centr na\u0161el hlavu koho jin\u00e9ho, ne\u017e fantastick\u00e9ho hlavi\u010dk\u00e1\u0159e Dixieho, jeho\u017e pokus ale znovu rozezvonil branku, tentokr\u00e1t b\u0159evno. M\u00ed\u010d se pak odrazil k McGourtovi ale ani tomu nebylo p\u0159\u00e1no, p\u00e1lil do ty\u010de. Oba hr\u00e1\u010di tak trefili brankovou konstrukci dvakr\u00e1t, a to b\u011b\u017eela teprve 25. minuta. O p\u00e1r minut pozd\u011bji ale Dean svoje selhn\u00e1n\u00ed napravil, kdy\u017e balon z kopa\u010dky Cliffa Brittona dopravil svou chrakteristicky d\u011blovou hlavi\u010dkou do br\u00e1ny.<\/p>\n<h4><strong>Dvakr\u00e1t ty\u010dka<\/strong><\/h4>\n<p>Po p\u016flhodince se br\u00e1na dom\u00e1c\u00edch ot\u0159\u00e1sla zase, nav\u00edc op\u011bt dvakrt\u00e1t v bleskov\u00e9m sledu. Ne\u0161\u0165astn\u00edkem byl tentokr\u00e1t Jimmy Stein, jeho\u017e o p\u00e1r vte\u0159in pozd\u011bji napodobil Jock Thompson. Everton zma\u0159en\u00e9 \u0161ance do polo\u010dasu za\u010daly mrzet, nebo\u0165 p\u011bkn\u00e9 souhry Trotters vyu\u017eil Rimmer a sk\u00f3roval do odkryt\u00e9 br\u00e1ny.<\/p>\n<h4><strong>Ty\u010dka<\/strong><\/h4>\n<p>Druh\u00fd polo\u010das pokra\u010doval v podobn\u00e9m duchu. Boltonsk\u00fd Albert Geldard pro\u0161el p\u0159es \u010dty\u0159i protihr\u00e1\u010de a m\u011bl na kopa\u010dce g\u00f3l, kter\u00fd m\u011bl Trotters p\u0159in\u00e9st veden\u00ed, jen\u017ee k\u0159\u00eddeln\u00edkova r\u00e1na oraz\u00edtkovala ty\u010d. Blues nicm\u00e9n\u011b \u010dekali pouh\u00fdch p\u011bt minut, ne\u017e se jim veden\u00ed poda\u0159ilo obnovit. Na konci Thompsonova centru byl znovu Dixie a m\u00ed\u010d se po jeho hlavi\u010dce t\u0159epetal v s\u00edti. Jen o p\u00e1r moment\u016f pozd\u011bji pak Toffees p\u0159idali \u010dtvrtou trefu, jejim\u017e autorem byl McGourt &#8211; smola\u0159 z prvn\u00edho polo\u010dasu tak na t\u0159et\u00ed pokus ji\u017e kone\u010dn\u011b usp\u011bl.<\/p>\n<h4><strong>B\u0159evno<\/strong><\/h4>\n<p>Bolton se ale nevzd\u00e1val a Creswell musel podruh\u00e9 v z\u00e1pase uplatnit svoje zku\u0161enosti, kdy\u017e op\u011bt blokoval na brankov\u00e9 \u010d\u00e1\u0159e po Cookov\u011b hlavi\u010dce. Pot\u00e9 zma\u0159il dal\u0161\u00ed p\u0159\u00edle\u017eitost Milsom a nad\u011bji sv\u00e9mu t\u00fdm nevyk\u0159esal ani Cook, jeho\u017e dor\u00e1\u017ece se do cesty p\u0159ipletlo b\u0159evno. To bylo u\u017e poosm\u00e9, co m\u00ed\u010d nabral sm\u011br brankov\u00e1 konstrukce. Podle Liverpool Echo m\u011bl m\u00ed\u010d na sob\u011b dokonce vrstvu v\u00e1pna &#8211; tolikr\u00e1t se odr\u00e1\u017eel od ty\u010de \u010di b\u0159evna.<\/p>\n<h4><strong>Dodatek<\/strong><\/h4>\n<p>Osm p\u0159\u00edpad\u016f, kdy balon rozezvonil br\u00e1nu, je v z\u00e1pase Evertonu rekord. Pro p\u0159edstavu lze utk\u00e1n\u00ed srovnat nap\u0159\u00edklad se sezonou 2005\/06, kdy po cel\u00fd pr\u016fb\u011bh ro\u010dn\u00edku Everton trefil brankovou konstrukci pouze sedmkr\u00e1t. Sezona 1932\/33 ale v\u016fbec byla bohat\u00e1 na r\u016fzn\u00e9 kuriozity.<\/p>\n<p>Fin\u00e1le FA Cupu 1933, ve kter\u00e9m Everton porazil Manchester City 3-0, bylo\u00a0 prvn\u00edm fin\u00e1lov\u00fdm z\u00e1pasem v historii poh\u00e1ru, kdy hr\u00e1\u010di nosili dresy s \u010d\u00edsly. Hr\u00e1\u010di Toffees hr\u00e1li s \u010d\u00edslov\u00e1n\u00edm od jedni\u010dky od jeden\u00e1ctky, zat\u00edmco fotbalist\u00e9 Citizens od dvan\u00e1ctky po dvaadvac\u00edtku. O fin\u00e1le se pak mezi Evertonians strhnul obrovsk\u00fd z\u00e1jem. O l\u00edstek do Wembley st\u00e1lo v\u00edce ne\u017e 250000 fanou\u0161k\u016f Toffees.<\/p>\n<p>T\u0159i t\u00fddny p\u0159ed fin\u00e1le tak\u00e9 Everton nezvykle obl\u00e9knul svoji b\u00edlou variantu dres\u016f (p\u0159ichystanou pro Wembley), v dom\u00e1c\u00edm z\u00e1pase proti Newcastlu. Jedin\u00fdm \u00fa\u010delem bylo, aby si hr\u00e1\u010di vizueln\u011b zvykli rozezn\u00e1vat spoluhr\u00e1\u010de v b\u00edl\u00e9 kombinaci. Dal\u0161\u00ed zaj\u00edmavost\u00ed z on\u00e9 sezony je Jimmy Stein a jeho rohov\u00e9 kopy. V obou ligov\u00fdch z\u00e1pasech proti Sunderlandu se mu toti\u017e povedlo d\u00e1t g\u00f3l pr\u00e1v\u011b od rohov\u00e9ho praporku.<\/p>\n<\/div>\n","protected":false},"excerpt":{"rendered":"<p>Kdy\u017e g\u00f3lov\u00e9 p\u0159\u00edle\u017eitosti kon\u010d\u00ed \u010dast\u011bji na brankov\u00e9 konstrukci, ne\u017e v s\u00edti, postihnut\u00e9 mu\u017estvo za to nez\u0159\u00eddkakdy pyk\u00e1. V n\u011bkter\u00fdch p\u0159\u00edpadech&hellip;<\/p>\n","protected":false},"author":7,"featured_media":631,"comment_status":"open","ping_status":"closed","sticky":false,"template":"","format":"standard","meta":{"_eb_attr":"","_monsterinsights_skip_tracking":false,"_monsterinsights_sitenote_active":false,"_monsterinsights_sitenote_note":"","_monsterinsights_sitenote_category":0,"footnotes":""},"categories":[10],"tags":[],"yoast_head":"<!-- This site is optimized with the Yoast SEO plugin v23.4 - https:\/\/yoast.com\/wordpress\/plugins\/seo\/ -->\n<title>Nab\u00edlen\u00fd m\u00ed\u010d - Official Czech &amp; Slovak Everton Supporters&#039; Club<\/title>\n<meta name=\"robots\" content=\"index, follow, max-snippet:-1, max-image-preview:large, max-video-preview:-1\" \/>\n<link rel=\"canonical\" href=\"https:\/\/evertonfc.cz\/index.php\/2011\/01\/27\/nabileny-mic\/\" \/>\n<meta property=\"og:locale\" content=\"cs_CZ\" \/>\n<meta property=\"og:type\" content=\"article\" \/>\n<meta property=\"og:title\" content=\"Nab\u00edlen\u00fd m\u00ed\u010d - Official Czech &amp; Slovak Everton Supporters&#039; Club\" \/>\n<meta property=\"og:description\" content=\"Kdy\u017e g\u00f3lov\u00e9 p\u0159\u00edle\u017eitosti kon\u010d\u00ed \u010dast\u011bji na brankov\u00e9 konstrukci, ne\u017e v s\u00edti, postihnut\u00e9 mu\u017estvo za to nez\u0159\u00eddkakdy pyk\u00e1. V n\u011bkter\u00fdch p\u0159\u00edpadech&hellip;\" \/>\n<meta property=\"og:url\" content=\"https:\/\/evertonfc.cz\/index.php\/2011\/01\/27\/nabileny-mic\/\" \/>\n<meta property=\"og:site_name\" content=\"Official Czech &amp; Slovak Everton Supporters&#039; Club\" \/>\n<meta property=\"article:publisher\" content=\"https:\/\/www.facebook.com\/everton.fans.cz.sk\" \/>\n<meta property=\"article:published_time\" content=\"2011-01-27T14:22:06+00:00\" \/>\n<meta property=\"article:modified_time\" content=\"2019-02-09T21:21:53+00:00\" \/>\n<meta property=\"og:image\" content=\"https:\/\/evertonfc.cz\/wp-content\/uploads\/2019\/01\/strange_but_blue.jpg\" \/>\n\t<meta property=\"og:image:width\" content=\"720\" \/>\n\t<meta property=\"og:image:height\" content=\"405\" \/>\n\t<meta property=\"og:image:type\" content=\"image\/jpeg\" \/>\n<meta name=\"author\" content=\"Me\u0148a\" \/>\n<meta name=\"twitter:card\" content=\"summary_large_image\" \/>\n<meta name=\"twitter:label1\" content=\"Napsal(a)\" \/>\n\t<meta name=\"twitter:data1\" content=\"Me\u0148a\" \/>\n\t<meta name=\"twitter:label2\" content=\"Odhadovan\u00e1 doba \u010dten\u00ed\" \/>\n\t<meta name=\"twitter:data2\" content=\"5 minut\" \/>\n<script type=\"application\/ld+json\" class=\"yoast-schema-graph\">{\"@context\":\"https:\/\/schema.org\",\"@graph\":[{\"@type\":\"Article\",\"@id\":\"https:\/\/evertonfc.cz\/index.php\/2011\/01\/27\/nabileny-mic\/#article\",\"isPartOf\":{\"@id\":\"https:\/\/evertonfc.cz\/index.php\/2011\/01\/27\/nabileny-mic\/\"},\"author\":{\"name\":\"Me\u0148a\",\"@id\":\"https:\/\/evertonfc.cz\/#\/schema\/person\/cd6328a75577de2add7793fd4b0930c3\"},\"headline\":\"Nab\u00edlen\u00fd m\u00ed\u010d\",\"datePublished\":\"2011-01-27T14:22:06+00:00\",\"dateModified\":\"2019-02-09T21:21:53+00:00\",\"mainEntityOfPage\":{\"@id\":\"https:\/\/evertonfc.cz\/index.php\/2011\/01\/27\/nabileny-mic\/\"},\"wordCount\":1045,\"commentCount\":0,\"publisher\":{\"@id\":\"https:\/\/evertonfc.cz\/#organization\"},\"image\":{\"@id\":\"https:\/\/evertonfc.cz\/index.php\/2011\/01\/27\/nabileny-mic\/#primaryimage\"},\"thumbnailUrl\":\"https:\/\/evertonfc.cz\/wp-content\/uploads\/2019\/01\/strange_but_blue.jpg\",\"articleSection\":[\"Strange but Blue\"],\"inLanguage\":\"cs\",\"potentialAction\":[{\"@type\":\"CommentAction\",\"name\":\"Comment\",\"target\":[\"https:\/\/evertonfc.cz\/index.php\/2011\/01\/27\/nabileny-mic\/#respond\"]}]},{\"@type\":\"WebPage\",\"@id\":\"https:\/\/evertonfc.cz\/index.php\/2011\/01\/27\/nabileny-mic\/\",\"url\":\"https:\/\/evertonfc.cz\/index.php\/2011\/01\/27\/nabileny-mic\/\",\"name\":\"Nab\u00edlen\u00fd m\u00ed\u010d - Official Czech &amp; Slovak Everton Supporters&#039; Club\",\"isPartOf\":{\"@id\":\"https:\/\/evertonfc.cz\/#website\"},\"primaryImageOfPage\":{\"@id\":\"https:\/\/evertonfc.cz\/index.php\/2011\/01\/27\/nabileny-mic\/#primaryimage\"},\"image\":{\"@id\":\"https:\/\/evertonfc.cz\/index.php\/2011\/01\/27\/nabileny-mic\/#primaryimage\"},\"thumbnailUrl\":\"https:\/\/evertonfc.cz\/wp-content\/uploads\/2019\/01\/strange_but_blue.jpg\",\"datePublished\":\"2011-01-27T14:22:06+00:00\",\"dateModified\":\"2019-02-09T21:21:53+00:00\",\"breadcrumb\":{\"@id\":\"https:\/\/evertonfc.cz\/index.php\/2011\/01\/27\/nabileny-mic\/#breadcrumb\"},\"inLanguage\":\"cs\",\"potentialAction\":[{\"@type\":\"ReadAction\",\"target\":[\"https:\/\/evertonfc.cz\/index.php\/2011\/01\/27\/nabileny-mic\/\"]}]},{\"@type\":\"ImageObject\",\"inLanguage\":\"cs\",\"@id\":\"https:\/\/evertonfc.cz\/index.php\/2011\/01\/27\/nabileny-mic\/#primaryimage\",\"url\":\"https:\/\/evertonfc.cz\/wp-content\/uploads\/2019\/01\/strange_but_blue.jpg\",\"contentUrl\":\"https:\/\/evertonfc.cz\/wp-content\/uploads\/2019\/01\/strange_but_blue.jpg\",\"width\":720,\"height\":405},{\"@type\":\"BreadcrumbList\",\"@id\":\"https:\/\/evertonfc.cz\/index.php\/2011\/01\/27\/nabileny-mic\/#breadcrumb\",\"itemListElement\":[{\"@type\":\"ListItem\",\"position\":1,\"name\":\"Home\",\"item\":\"https:\/\/evertonfc.cz\/\"},{\"@type\":\"ListItem\",\"position\":2,\"name\":\"Nab\u00edlen\u00fd m\u00ed\u010d\"}]},{\"@type\":\"WebSite\",\"@id\":\"https:\/\/evertonfc.cz\/#website\",\"url\":\"https:\/\/evertonfc.cz\/\",\"name\":\"Official Czech &amp; Slovak Everton Supporters&#039; Club\",\"description\":\"\",\"publisher\":{\"@id\":\"https:\/\/evertonfc.cz\/#organization\"},\"potentialAction\":[{\"@type\":\"SearchAction\",\"target\":{\"@type\":\"EntryPoint\",\"urlTemplate\":\"https:\/\/evertonfc.cz\/?s={search_term_string}\"},\"query-input\":{\"@type\":\"PropertyValueSpecification\",\"valueRequired\":true,\"valueName\":\"search_term_string\"}}],\"inLanguage\":\"cs\"},{\"@type\":\"Organization\",\"@id\":\"https:\/\/evertonfc.cz\/#organization\",\"name\":\"Official Czech & Slovak Everton Supporters' Club\",\"url\":\"https:\/\/evertonfc.cz\/\",\"logo\":{\"@type\":\"ImageObject\",\"inLanguage\":\"cs\",\"@id\":\"https:\/\/evertonfc.cz\/#\/schema\/logo\/image\/\",\"url\":\"https:\/\/evertonfc.cz\/wp-content\/uploads\/2019\/05\/logo.png\",\"contentUrl\":\"https:\/\/evertonfc.cz\/wp-content\/uploads\/2019\/05\/logo.png\",\"width\":112,\"height\":112,\"caption\":\"Official Czech & Slovak Everton Supporters' Club\"},\"image\":{\"@id\":\"https:\/\/evertonfc.cz\/#\/schema\/logo\/image\/\"},\"sameAs\":[\"https:\/\/www.facebook.com\/everton.fans.cz.sk\"]},{\"@type\":\"Person\",\"@id\":\"https:\/\/evertonfc.cz\/#\/schema\/person\/cd6328a75577de2add7793fd4b0930c3\",\"name\":\"Me\u0148a\",\"url\":\"https:\/\/evertonfc.cz\/index.php\/author\/mena\/\"}]}<\/script>\n<!-- \/ Yoast SEO plugin. -->","yoast_head_json":{"title":"Nab\u00edlen\u00fd m\u00ed\u010d - Official Czech &amp; Slovak Everton Supporters&#039; Club","robots":{"index":"index","follow":"follow","max-snippet":"max-snippet:-1","max-image-preview":"max-image-preview:large","max-video-preview":"max-video-preview:-1"},"canonical":"https:\/\/evertonfc.cz\/index.php\/2011\/01\/27\/nabileny-mic\/","og_locale":"cs_CZ","og_type":"article","og_title":"Nab\u00edlen\u00fd m\u00ed\u010d - Official Czech &amp; Slovak Everton Supporters&#039; Club","og_description":"Kdy\u017e g\u00f3lov\u00e9 p\u0159\u00edle\u017eitosti kon\u010d\u00ed \u010dast\u011bji na brankov\u00e9 konstrukci, ne\u017e v s\u00edti, postihnut\u00e9 mu\u017estvo za to nez\u0159\u00eddkakdy pyk\u00e1. V n\u011bkter\u00fdch p\u0159\u00edpadech&hellip;","og_url":"https:\/\/evertonfc.cz\/index.php\/2011\/01\/27\/nabileny-mic\/","og_site_name":"Official Czech &amp; Slovak Everton Supporters&#039; Club","article_publisher":"https:\/\/www.facebook.com\/everton.fans.cz.sk","article_published_time":"2011-01-27T14:22:06+00:00","article_modified_time":"2019-02-09T21:21:53+00:00","og_image":[{"width":720,"height":405,"url":"https:\/\/evertonfc.cz\/wp-content\/uploads\/2019\/01\/strange_but_blue.jpg","type":"image\/jpeg"}],"author":"Me\u0148a","twitter_card":"summary_large_image","twitter_misc":{"Napsal(a)":"Me\u0148a","Odhadovan\u00e1 doba \u010dten\u00ed":"5 minut"},"schema":{"@context":"https:\/\/schema.org","@graph":[{"@type":"Article","@id":"https:\/\/evertonfc.cz\/index.php\/2011\/01\/27\/nabileny-mic\/#article","isPartOf":{"@id":"https:\/\/evertonfc.cz\/index.php\/2011\/01\/27\/nabileny-mic\/"},"author":{"name":"Me\u0148a","@id":"https:\/\/evertonfc.cz\/#\/schema\/person\/cd6328a75577de2add7793fd4b0930c3"},"headline":"Nab\u00edlen\u00fd m\u00ed\u010d","datePublished":"2011-01-27T14:22:06+00:00","dateModified":"2019-02-09T21:21:53+00:00","mainEntityOfPage":{"@id":"https:\/\/evertonfc.cz\/index.php\/2011\/01\/27\/nabileny-mic\/"},"wordCount":1045,"commentCount":0,"publisher":{"@id":"https:\/\/evertonfc.cz\/#organization"},"image":{"@id":"https:\/\/evertonfc.cz\/index.php\/2011\/01\/27\/nabileny-mic\/#primaryimage"},"thumbnailUrl":"https:\/\/evertonfc.cz\/wp-content\/uploads\/2019\/01\/strange_but_blue.jpg","articleSection":["Strange but Blue"],"inLanguage":"cs","potentialAction":[{"@type":"CommentAction","name":"Comment","target":["https:\/\/evertonfc.cz\/index.php\/2011\/01\/27\/nabileny-mic\/#respond"]}]},{"@type":"WebPage","@id":"https:\/\/evertonfc.cz\/index.php\/2011\/01\/27\/nabileny-mic\/","url":"https:\/\/evertonfc.cz\/index.php\/2011\/01\/27\/nabileny-mic\/","name":"Nab\u00edlen\u00fd m\u00ed\u010d - Official Czech &amp; Slovak Everton Supporters&#039; Club","isPartOf":{"@id":"https:\/\/evertonfc.cz\/#website"},"primaryImageOfPage":{"@id":"https:\/\/evertonfc.cz\/index.php\/2011\/01\/27\/nabileny-mic\/#primaryimage"},"image":{"@id":"https:\/\/evertonfc.cz\/index.php\/2011\/01\/27\/nabileny-mic\/#primaryimage"},"thumbnailUrl":"https:\/\/evertonfc.cz\/wp-content\/uploads\/2019\/01\/strange_but_blue.jpg","datePublished":"2011-01-27T14:22:06+00:00","dateModified":"2019-02-09T21:21:53+00:00","breadcrumb":{"@id":"https:\/\/evertonfc.cz\/index.php\/2011\/01\/27\/nabileny-mic\/#breadcrumb"},"inLanguage":"cs","potentialAction":[{"@type":"ReadAction","target":["https:\/\/evertonfc.cz\/index.php\/2011\/01\/27\/nabileny-mic\/"]}]},{"@type":"ImageObject","inLanguage":"cs","@id":"https:\/\/evertonfc.cz\/index.php\/2011\/01\/27\/nabileny-mic\/#primaryimage","url":"https:\/\/evertonfc.cz\/wp-content\/uploads\/2019\/01\/strange_but_blue.jpg","contentUrl":"https:\/\/evertonfc.cz\/wp-content\/uploads\/2019\/01\/strange_but_blue.jpg","width":720,"height":405},{"@type":"BreadcrumbList","@id":"https:\/\/evertonfc.cz\/index.php\/2011\/01\/27\/nabileny-mic\/#breadcrumb","itemListElement":[{"@type":"ListItem","position":1,"name":"Home","item":"https:\/\/evertonfc.cz\/"},{"@type":"ListItem","position":2,"name":"Nab\u00edlen\u00fd m\u00ed\u010d"}]},{"@type":"WebSite","@id":"https:\/\/evertonfc.cz\/#website","url":"https:\/\/evertonfc.cz\/","name":"Official Czech &amp; Slovak Everton Supporters&#039; Club","description":"","publisher":{"@id":"https:\/\/evertonfc.cz\/#organization"},"potentialAction":[{"@type":"SearchAction","target":{"@type":"EntryPoint","urlTemplate":"https:\/\/evertonfc.cz\/?s={search_term_string}"},"query-input":{"@type":"PropertyValueSpecification","valueRequired":true,"valueName":"search_term_string"}}],"inLanguage":"cs"},{"@type":"Organization","@id":"https:\/\/evertonfc.cz\/#organization","name":"Official Czech & Slovak Everton Supporters' Club","url":"https:\/\/evertonfc.cz\/","logo":{"@type":"ImageObject","inLanguage":"cs","@id":"https:\/\/evertonfc.cz\/#\/schema\/logo\/image\/","url":"https:\/\/evertonfc.cz\/wp-content\/uploads\/2019\/05\/logo.png","contentUrl":"https:\/\/evertonfc.cz\/wp-content\/uploads\/2019\/05\/logo.png","width":112,"height":112,"caption":"Official Czech & Slovak Everton Supporters' Club"},"image":{"@id":"https:\/\/evertonfc.cz\/#\/schema\/logo\/image\/"},"sameAs":["https:\/\/www.facebook.com\/everton.fans.cz.sk"]},{"@type":"Person","@id":"https:\/\/evertonfc.cz\/#\/schema\/person\/cd6328a75577de2add7793fd4b0930c3","name":"Me\u0148a","url":"https:\/\/evertonfc.cz\/index.php\/author\/mena\/"}]}},"_links":{"self":[{"href":"https:\/\/evertonfc.cz\/index.php\/wp-json\/wp\/v2\/posts\/276"}],"collection":[{"href":"https:\/\/evertonfc.cz\/index.php\/wp-json\/wp\/v2\/posts"}],"about":[{"href":"https:\/\/evertonfc.cz\/index.php\/wp-json\/wp\/v2\/types\/post"}],"author":[{"embeddable":true,"href":"https:\/\/evertonfc.cz\/index.php\/wp-json\/wp\/v2\/users\/7"}],"replies":[{"embeddable":true,"href":"https:\/\/evertonfc.cz\/index.php\/wp-json\/wp\/v2\/comments?post=276"}],"version-history":[{"count":5,"href":"https:\/\/evertonfc.cz\/index.php\/wp-json\/wp\/v2\/posts\/276\/revisions"}],"predecessor-version":[{"id":2748,"href":"https:\/\/evertonfc.cz\/index.php\/wp-json\/wp\/v2\/posts\/276\/revisions\/2748"}],"wp:featuredmedia":[{"embeddable":true,"href":"https:\/\/evertonfc.cz\/index.php\/wp-json\/wp\/v2\/media\/631"}],"wp:attachment":[{"href":"https:\/\/evertonfc.cz\/index.php\/wp-json\/wp\/v2\/media?parent=276"}],"wp:term":[{"taxonomy":"category","embeddable":true,"href":"https:\/\/evertonfc.cz\/index.php\/wp-json\/wp\/v2\/categories?post=276"},{"taxonomy":"post_tag","embeddable":true,"href":"https:\/\/evertonfc.cz\/index.php\/wp-json\/wp\/v2\/tags?post=276"}],"curies":[{"name":"wp","href":"https:\/\/api.w.org\/{rel}","templated":true}]}}