{"id":27608,"date":"2025-09-13T18:03:30","date_gmt":"2025-09-13T16:03:30","guid":{"rendered":"https:\/\/evertonfc.cz\/?p=27608"},"modified":"2025-09-14T21:16:07","modified_gmt":"2025-09-14T19:16:07","slug":"everton-aston-villa-0-0","status":"publish","type":"post","link":"https:\/\/evertonfc.cz\/index.php\/2025\/09\/13\/everton-aston-villa-0-0\/","title":{"rendered":"Everton &#8211; Aston Villa 0:0"},"content":{"rendered":"<h4>Ztr\u00e1ta bod\u016f v utk\u00e1n\u00ed, kdy jsme soupe\u0159e k ni\u010demu nepustili. Aneb kdy\u017e si hro\u0165\u00e1k neve\u0159\u00ed\u2026<\/h4>\n<p>Moyes vyslal do utk\u00e1n\u00ed asi nejsiln\u011bj\u0161\u00ed mo\u017enou sestavu, kdy\u017e vezmeme v \u00favahu absence. Garner pokra\u010doval na lev\u00e9m kraji obrany, vedle Gany si stoupl Ireogbunam a Ndiaye se zvl\u00e1dl uzdravit. Na stopera O\u00b4Briena na prav\u00e9m kraji obrany koukali z lavi\u010dky dva prav\u00ed obr\u00e1nci Patterson a Coleman.<\/p>\n<p>Do hlavn\u00ed role se v prvn\u00edch deseti minut\u00e1ch obsadil Beto. Ve druh\u00e9 minut\u011b nezvl\u00e1dl po p\u0159ihr\u00e1vce Ndiayeho jednoduch\u00e9 do\u0165uknut\u00ed do branky, patou poslal m\u00ed\u010d vedle. Lep\u0161\u00ed zakon\u010den\u00ed si p\u0159ipravil o chvilku pozd\u011bji po centru Grealishe, ale zpod b\u0159evna vyt\u00e1hl m\u00ed\u010d Martinez &#8211; a stejn\u011b pomezn\u00ed m\u00e1val ofsajd po p\u0159ihr\u00e1vce na Grealishe. A na jej\u00edm konci uk\u00e1zal, \u017ee technika nen\u00ed jeho silnou str\u00e1nkou, kdy\u017e nezpracoval dlouh\u00fd pas Dewsburyho-Halla.<\/p>\n<p>Tlak dom\u00e1c\u00edch pokra\u010doval. Odra\u017een\u00fd m\u00ed\u010d se po rohu dostal k neust\u00e1le zdvojovan\u00e9mu Grealishovi, jeho\u017e st\u0159elu po m\u00edrn\u00e9 te\u010di Konsy zvl\u00e1dl vykopnout pravou nohou Mart\u00ednez, a\u010d ji\u017e padal k lev\u00e9 ty\u010di. Villa se v t\u00e9to \u010d\u00e1sti prvn\u00ed p\u016fle nebyla schopn\u00e1 dostat p\u0159es p\u016flic\u00ed \u010d\u00e1ru, ale do vylo\u017een\u00e9 \u0161ance se Everton nedostal. Rohy byly, ale bez v\u00fdsledku &#8211; centr p\u0159\u00edmo z n\u011bj rovnou do ohn\u011b se po \u010dase stal monot\u00f3nn\u00edm.<\/p>\n<p>Villa p\u0159e\u010dkala bou\u0159i a zjistila, \u017ee za humny nen\u00ed drak. \u00datok podporoval Digne, o n\u011bco se sna\u017eil Rogers, ale nakonec z toho byla pouze n\u011bkolikaminutov\u00e1 pas\u00e1\u017e, kdy si obrana host\u016f oddechla a Ireogbunam dostal \u017elutou kartu. Do konce polo\u010dasu si p\u0159i br\u00e1n\u011bn\u00ed jednoho z roh\u016f velmi \u00falevn\u011b oddechl Tielemans, m\u00ed\u010d sice odehr\u00e1t cht\u011bl, ale stehnem ho poslal jen kousek vedle vlastn\u00ed branky, p\u0159i\u010dem\u017e za n\u00edm stoj\u00edc\u00ed Tarkowski se chystal na zakon\u010den\u00ed. Posledn\u00ed zaj\u00edmavou akc\u00ed byla st\u0159ela Gany nad. Bezbrankov\u00e1 prvn\u00ed p\u016fle byla zcela jednozna\u010dn\u011b \u00fasp\u011bchem host\u016f.<\/p>\n<p>Zjevn\u011b ob\u010derstven\u00fd Beto za\u010dal druh\u00fd polo\u010das stejn\u011b jako ten prvn\u00ed &#8211; neprom\u011bn\u011bnou velkou \u0161anc\u00ed, tentokr\u00e1t po st\u0159\u00edlen\u00e9 p\u0159ihr\u00e1vce Garnera. Ale jeho zakon\u010den\u00ed prava\u010dkou netrefilo za\u0159\u00edzen\u00ed. N\u00e1sledn\u011b kombinace Grealishe s Dewsburym-Hallem skon\u010dila mimo h\u0159i\u0161t\u011b, \u010deho\u017e Everton litoval hned&#8230; ale pouze t\u00e9m\u011b\u0159. St\u0159ela Buend\u00edi skon\u010dila t\u011bsn\u011b mimo, proto\u017ee byla zte\u010dovan\u00e1 na roh. Pot\u00e9 si vzal slovo Digne. Nejd\u0159\u00edv prov\u011b\u0159il Pickforda svou te\u010dovanou st\u0159elu, hned pot\u00e9 dostal \u017elutou. Na\u0159\u00edzen\u00fd trestn\u00fd kop Dewsburyho-Halla ale velmi nevy\u0161el.<\/p>\n<p>O jeden centr stejn\u00e9ho hr\u00e1\u010de pozd\u011bji nastala zaj\u00edmav\u011bj\u0161\u00ed situace, Mart\u00ednez m\u00ed\u010d pouze vyrazil k O\u00b4Brienovi, ale ne\u017e se k n\u011bmu na\u0161teloval pravou, tak uplynulo mo\u0159e \u010dasu a trefil prvn\u00edho protihr\u00e1\u010de p\u0159ed sebou. Dal\u0161\u00ed velkou \u0161anci m\u011bli op\u011bt dom\u00e1c\u00ed, Grealish na\u0161el centrem hlavu Keanea, m\u00ed\u010d op\u011bt vyt\u00e1hl zpod b\u0159evna Mart\u00ednez. O n\u011bkolik p\u0159\u00edle\u017eitost\u00ed pozd\u011bji vyst\u0159elil R\u00f6hl ze zna\u010dn\u00e9 vzd\u00e1lenosti a m\u00ed\u010d zna\u010dn\u011b p\u0159elet\u011bl b\u0159evno. Dal\u0161\u00ed \u0161ance? Ano, m\u011bli jsme. Barry \u0161el s\u00e1m na brank\u00e1\u0159e, ale neutekl Mingsovi, kter\u00fd zblokoval jeho st\u0159elu na roh, Grealish posadil centr znovu na hlavu Keanea, ale ten z mal\u00e9ho v\u00e1pna netrefil branku.<\/p>\n<p>Everton tak dva body jednozna\u010dn\u011b ztratil v utk\u00e1n\u00ed, kdy byl viditeln\u011b lep\u0161\u00ed.<\/p>\n<p style=\"text-align: right;\"><span style=\"font-size: 8pt;\">(fotozdroj: BBC)<\/span><\/p>\n<p class=\"cards_item_1001079\"><strong>Karty:<\/strong>\u00a0<span data-source=\"lightstreamer\" data-grid=\"main\" data-item=\"item_1001079\" data-field=\"cards\">45. Iroegbunam, 67. Dewsbury-Hall, 70. Grealish \u2013 36. Cash, 58. Digne, 71. Buend\u00eda\u00a0<\/span><\/p>\n<p><strong>Everton FC:<\/strong>\u00a0<span data-source=\"lightstreamer\" data-grid=\"main\" data-item=\"item_1001079\" data-field=\"report1\">Pickford \u2013 O&#8217;Brien, Tarkowski, Keane, Garner \u2013 Iroegbunam (68. R\u00f6hl), Gueye \u2013 Ndiaye, Dewsbury-Hall, Grealish \u2013 Beto (76. Barry)<\/span><\/p>\n<p><strong>Aston Villa FC:<\/strong>\u00a0<span data-source=\"lightstreamer\" data-grid=\"main\" data-item=\"item_1001079\" data-field=\"report2\">E. Mart\u00ednez \u2013 Cash, Konsa, Mings, Digne \u2013 Bogarde (83. Lindel\u00f6f), Tielemans (46. Guessand) \u2013 McGinn, Rogers, Buend\u00eda (71. Elliott) \u2013 Watkins (83. Malen)<\/span><\/p>\n<p><strong>Rozhod\u010d\u00ed:\u00a0<\/strong>Simon Hooper\u00a0 <strong>Div\u00e1ci: <\/strong>52 114\u00a0 <strong>Mu\u017e z\u00e1pasu redakce:\u00a0<\/strong>Illiman Ndiaye<\/p>\n","protected":false},"excerpt":{"rendered":"<p>Ztr\u00e1ta bod\u016f v utk\u00e1n\u00ed, kdy jsme soupe\u0159e k ni\u010demu nepustili. Aneb kdy\u017e si hro\u0165\u00e1k neve\u0159\u00ed\u2026<\/p>\n","protected":false},"author":12,"featured_media":27611,"comment_status":"open","ping_status":"closed","sticky":false,"template":"","format":"standard","meta":{"_eb_attr":"","_monsterinsights_skip_tracking":false,"_monsterinsights_sitenote_active":false,"_monsterinsights_sitenote_note":"","_monsterinsights_sitenote_category":0,"footnotes":""},"categories":[4],"tags":[],"yoast_head":"<!-- This site is optimized with the Yoast SEO plugin v23.4 - https:\/\/yoast.com\/wordpress\/plugins\/seo\/ -->\n<title>Everton - Aston Villa 0:0 - Official Czech &amp; Slovak Everton Supporters&#039; Club<\/title>\n<meta name=\"description\" content=\"Ztr\u00e1ta bod\u016f v utk\u00e1n\u00ed, kdy jsme soupe\u0159e k ni\u010demu nepustili. Aneb kdy\u017e si hro\u0165\u00e1k neve\u0159\u00ed\u2026\" \/>\n<meta name=\"robots\" content=\"index, follow, max-snippet:-1, max-image-preview:large, max-video-preview:-1\" \/>\n<link rel=\"canonical\" href=\"https:\/\/evertonfc.cz\/index.php\/2025\/09\/13\/everton-aston-villa-0-0\/\" \/>\n<meta property=\"og:locale\" content=\"cs_CZ\" \/>\n<meta property=\"og:type\" content=\"article\" \/>\n<meta property=\"og:title\" content=\"Everton - Aston Villa 0:0 - Official Czech &amp; Slovak Everton Supporters&#039; Club\" \/>\n<meta property=\"og:description\" content=\"Ztr\u00e1ta bod\u016f v utk\u00e1n\u00ed, kdy jsme soupe\u0159e k ni\u010demu nepustili. Aneb kdy\u017e si hro\u0165\u00e1k neve\u0159\u00ed\u2026\" \/>\n<meta property=\"og:url\" content=\"https:\/\/evertonfc.cz\/index.php\/2025\/09\/13\/everton-aston-villa-0-0\/\" \/>\n<meta property=\"og:site_name\" content=\"Official Czech &amp; Slovak Everton Supporters&#039; Club\" \/>\n<meta property=\"article:publisher\" content=\"https:\/\/www.facebook.com\/everton.fans.cz.sk\" \/>\n<meta property=\"article:published_time\" content=\"2025-09-13T16:03:30+00:00\" \/>\n<meta property=\"article:modified_time\" content=\"2025-09-14T19:16:07+00:00\" \/>\n<meta property=\"og:image\" content=\"https:\/\/evertonfc.cz\/wp-content\/uploads\/2025\/09\/beto_13_9_2025.jpg\" \/>\n\t<meta property=\"og:image:width\" content=\"720\" \/>\n\t<meta property=\"og:image:height\" content=\"405\" \/>\n\t<meta property=\"og:image:type\" content=\"image\/jpeg\" \/>\n<meta name=\"author\" content=\"Javor\" \/>\n<meta name=\"twitter:card\" content=\"summary_large_image\" \/>\n<meta name=\"twitter:creator\" content=\"@LoudinJan\" \/>\n<meta name=\"twitter:label1\" content=\"Napsal(a)\" \/>\n\t<meta name=\"twitter:data1\" content=\"Javor\" \/>\n\t<meta name=\"twitter:label2\" content=\"Odhadovan\u00e1 doba \u010dten\u00ed\" \/>\n\t<meta name=\"twitter:data2\" content=\"4 minuty\" \/>\n<script type=\"application\/ld+json\" class=\"yoast-schema-graph\">{\"@context\":\"https:\/\/schema.org\",\"@graph\":[{\"@type\":\"Article\",\"@id\":\"https:\/\/evertonfc.cz\/index.php\/2025\/09\/13\/everton-aston-villa-0-0\/#article\",\"isPartOf\":{\"@id\":\"https:\/\/evertonfc.cz\/index.php\/2025\/09\/13\/everton-aston-villa-0-0\/\"},\"author\":{\"name\":\"Javor\",\"@id\":\"https:\/\/evertonfc.cz\/#\/schema\/person\/b30daf6a5852f4811f8207a17ec1bf78\"},\"headline\":\"Everton &#8211; Aston Villa 0:0\",\"datePublished\":\"2025-09-13T16:03:30+00:00\",\"dateModified\":\"2025-09-14T19:16:07+00:00\",\"mainEntityOfPage\":{\"@id\":\"https:\/\/evertonfc.cz\/index.php\/2025\/09\/13\/everton-aston-villa-0-0\/\"},\"wordCount\":670,\"commentCount\":9,\"publisher\":{\"@id\":\"https:\/\/evertonfc.cz\/#organization\"},\"image\":{\"@id\":\"https:\/\/evertonfc.cz\/index.php\/2025\/09\/13\/everton-aston-villa-0-0\/#primaryimage\"},\"thumbnailUrl\":\"https:\/\/evertonfc.cz\/wp-content\/uploads\/2025\/09\/beto_13_9_2025.jpg\",\"articleSection\":[\"Z\u00e1pasy\"],\"inLanguage\":\"cs\",\"potentialAction\":[{\"@type\":\"CommentAction\",\"name\":\"Comment\",\"target\":[\"https:\/\/evertonfc.cz\/index.php\/2025\/09\/13\/everton-aston-villa-0-0\/#respond\"]}]},{\"@type\":\"WebPage\",\"@id\":\"https:\/\/evertonfc.cz\/index.php\/2025\/09\/13\/everton-aston-villa-0-0\/\",\"url\":\"https:\/\/evertonfc.cz\/index.php\/2025\/09\/13\/everton-aston-villa-0-0\/\",\"name\":\"Everton - Aston Villa 0:0 - Official Czech &amp; Slovak Everton Supporters&#039; Club\",\"isPartOf\":{\"@id\":\"https:\/\/evertonfc.cz\/#website\"},\"primaryImageOfPage\":{\"@id\":\"https:\/\/evertonfc.cz\/index.php\/2025\/09\/13\/everton-aston-villa-0-0\/#primaryimage\"},\"image\":{\"@id\":\"https:\/\/evertonfc.cz\/index.php\/2025\/09\/13\/everton-aston-villa-0-0\/#primaryimage\"},\"thumbnailUrl\":\"https:\/\/evertonfc.cz\/wp-content\/uploads\/2025\/09\/beto_13_9_2025.jpg\",\"datePublished\":\"2025-09-13T16:03:30+00:00\",\"dateModified\":\"2025-09-14T19:16:07+00:00\",\"description\":\"Ztr\u00e1ta bod\u016f v utk\u00e1n\u00ed, kdy jsme soupe\u0159e k ni\u010demu nepustili. Aneb kdy\u017e si hro\u0165\u00e1k neve\u0159\u00ed\u2026\",\"breadcrumb\":{\"@id\":\"https:\/\/evertonfc.cz\/index.php\/2025\/09\/13\/everton-aston-villa-0-0\/#breadcrumb\"},\"inLanguage\":\"cs\",\"potentialAction\":[{\"@type\":\"ReadAction\",\"target\":[\"https:\/\/evertonfc.cz\/index.php\/2025\/09\/13\/everton-aston-villa-0-0\/\"]}]},{\"@type\":\"ImageObject\",\"inLanguage\":\"cs\",\"@id\":\"https:\/\/evertonfc.cz\/index.php\/2025\/09\/13\/everton-aston-villa-0-0\/#primaryimage\",\"url\":\"https:\/\/evertonfc.cz\/wp-content\/uploads\/2025\/09\/beto_13_9_2025.jpg\",\"contentUrl\":\"https:\/\/evertonfc.cz\/wp-content\/uploads\/2025\/09\/beto_13_9_2025.jpg\",\"width\":720,\"height\":405},{\"@type\":\"BreadcrumbList\",\"@id\":\"https:\/\/evertonfc.cz\/index.php\/2025\/09\/13\/everton-aston-villa-0-0\/#breadcrumb\",\"itemListElement\":[{\"@type\":\"ListItem\",\"position\":1,\"name\":\"Home\",\"item\":\"https:\/\/evertonfc.cz\/\"},{\"@type\":\"ListItem\",\"position\":2,\"name\":\"Everton &#8211; Aston Villa 0:0\"}]},{\"@type\":\"WebSite\",\"@id\":\"https:\/\/evertonfc.cz\/#website\",\"url\":\"https:\/\/evertonfc.cz\/\",\"name\":\"Official Czech &amp; Slovak Everton Supporters&#039; Club\",\"description\":\"\",\"publisher\":{\"@id\":\"https:\/\/evertonfc.cz\/#organization\"},\"potentialAction\":[{\"@type\":\"SearchAction\",\"target\":{\"@type\":\"EntryPoint\",\"urlTemplate\":\"https:\/\/evertonfc.cz\/?s={search_term_string}\"},\"query-input\":{\"@type\":\"PropertyValueSpecification\",\"valueRequired\":true,\"valueName\":\"search_term_string\"}}],\"inLanguage\":\"cs\"},{\"@type\":\"Organization\",\"@id\":\"https:\/\/evertonfc.cz\/#organization\",\"name\":\"Official Czech & Slovak Everton Supporters' Club\",\"url\":\"https:\/\/evertonfc.cz\/\",\"logo\":{\"@type\":\"ImageObject\",\"inLanguage\":\"cs\",\"@id\":\"https:\/\/evertonfc.cz\/#\/schema\/logo\/image\/\",\"url\":\"https:\/\/evertonfc.cz\/wp-content\/uploads\/2019\/05\/logo.png\",\"contentUrl\":\"https:\/\/evertonfc.cz\/wp-content\/uploads\/2019\/05\/logo.png\",\"width\":112,\"height\":112,\"caption\":\"Official Czech & Slovak Everton Supporters' Club\"},\"image\":{\"@id\":\"https:\/\/evertonfc.cz\/#\/schema\/logo\/image\/\"},\"sameAs\":[\"https:\/\/www.facebook.com\/everton.fans.cz.sk\"]},{\"@type\":\"Person\",\"@id\":\"https:\/\/evertonfc.cz\/#\/schema\/person\/b30daf6a5852f4811f8207a17ec1bf78\",\"name\":\"Javor\",\"sameAs\":[\"https:\/\/x.com\/LoudinJan\"],\"url\":\"https:\/\/evertonfc.cz\/index.php\/author\/javor\/\"}]}<\/script>\n<!-- \/ Yoast SEO plugin. -->","yoast_head_json":{"title":"Everton - Aston Villa 0:0 - Official Czech &amp; Slovak Everton Supporters&#039; Club","description":"Ztr\u00e1ta bod\u016f v utk\u00e1n\u00ed, kdy jsme soupe\u0159e k ni\u010demu nepustili. Aneb kdy\u017e si hro\u0165\u00e1k neve\u0159\u00ed\u2026","robots":{"index":"index","follow":"follow","max-snippet":"max-snippet:-1","max-image-preview":"max-image-preview:large","max-video-preview":"max-video-preview:-1"},"canonical":"https:\/\/evertonfc.cz\/index.php\/2025\/09\/13\/everton-aston-villa-0-0\/","og_locale":"cs_CZ","og_type":"article","og_title":"Everton - Aston Villa 0:0 - Official Czech &amp; Slovak Everton Supporters&#039; Club","og_description":"Ztr\u00e1ta bod\u016f v utk\u00e1n\u00ed, kdy jsme soupe\u0159e k ni\u010demu nepustili. Aneb kdy\u017e si hro\u0165\u00e1k neve\u0159\u00ed\u2026","og_url":"https:\/\/evertonfc.cz\/index.php\/2025\/09\/13\/everton-aston-villa-0-0\/","og_site_name":"Official Czech &amp; Slovak Everton Supporters&#039; Club","article_publisher":"https:\/\/www.facebook.com\/everton.fans.cz.sk","article_published_time":"2025-09-13T16:03:30+00:00","article_modified_time":"2025-09-14T19:16:07+00:00","og_image":[{"width":720,"height":405,"url":"https:\/\/evertonfc.cz\/wp-content\/uploads\/2025\/09\/beto_13_9_2025.jpg","type":"image\/jpeg"}],"author":"Javor","twitter_card":"summary_large_image","twitter_creator":"@LoudinJan","twitter_misc":{"Napsal(a)":"Javor","Odhadovan\u00e1 doba \u010dten\u00ed":"4 minuty"},"schema":{"@context":"https:\/\/schema.org","@graph":[{"@type":"Article","@id":"https:\/\/evertonfc.cz\/index.php\/2025\/09\/13\/everton-aston-villa-0-0\/#article","isPartOf":{"@id":"https:\/\/evertonfc.cz\/index.php\/2025\/09\/13\/everton-aston-villa-0-0\/"},"author":{"name":"Javor","@id":"https:\/\/evertonfc.cz\/#\/schema\/person\/b30daf6a5852f4811f8207a17ec1bf78"},"headline":"Everton &#8211; Aston Villa 0:0","datePublished":"2025-09-13T16:03:30+00:00","dateModified":"2025-09-14T19:16:07+00:00","mainEntityOfPage":{"@id":"https:\/\/evertonfc.cz\/index.php\/2025\/09\/13\/everton-aston-villa-0-0\/"},"wordCount":670,"commentCount":9,"publisher":{"@id":"https:\/\/evertonfc.cz\/#organization"},"image":{"@id":"https:\/\/evertonfc.cz\/index.php\/2025\/09\/13\/everton-aston-villa-0-0\/#primaryimage"},"thumbnailUrl":"https:\/\/evertonfc.cz\/wp-content\/uploads\/2025\/09\/beto_13_9_2025.jpg","articleSection":["Z\u00e1pasy"],"inLanguage":"cs","potentialAction":[{"@type":"CommentAction","name":"Comment","target":["https:\/\/evertonfc.cz\/index.php\/2025\/09\/13\/everton-aston-villa-0-0\/#respond"]}]},{"@type":"WebPage","@id":"https:\/\/evertonfc.cz\/index.php\/2025\/09\/13\/everton-aston-villa-0-0\/","url":"https:\/\/evertonfc.cz\/index.php\/2025\/09\/13\/everton-aston-villa-0-0\/","name":"Everton - Aston Villa 0:0 - Official Czech &amp; Slovak Everton Supporters&#039; Club","isPartOf":{"@id":"https:\/\/evertonfc.cz\/#website"},"primaryImageOfPage":{"@id":"https:\/\/evertonfc.cz\/index.php\/2025\/09\/13\/everton-aston-villa-0-0\/#primaryimage"},"image":{"@id":"https:\/\/evertonfc.cz\/index.php\/2025\/09\/13\/everton-aston-villa-0-0\/#primaryimage"},"thumbnailUrl":"https:\/\/evertonfc.cz\/wp-content\/uploads\/2025\/09\/beto_13_9_2025.jpg","datePublished":"2025-09-13T16:03:30+00:00","dateModified":"2025-09-14T19:16:07+00:00","description":"Ztr\u00e1ta bod\u016f v utk\u00e1n\u00ed, kdy jsme soupe\u0159e k ni\u010demu nepustili. Aneb kdy\u017e si hro\u0165\u00e1k neve\u0159\u00ed\u2026","breadcrumb":{"@id":"https:\/\/evertonfc.cz\/index.php\/2025\/09\/13\/everton-aston-villa-0-0\/#breadcrumb"},"inLanguage":"cs","potentialAction":[{"@type":"ReadAction","target":["https:\/\/evertonfc.cz\/index.php\/2025\/09\/13\/everton-aston-villa-0-0\/"]}]},{"@type":"ImageObject","inLanguage":"cs","@id":"https:\/\/evertonfc.cz\/index.php\/2025\/09\/13\/everton-aston-villa-0-0\/#primaryimage","url":"https:\/\/evertonfc.cz\/wp-content\/uploads\/2025\/09\/beto_13_9_2025.jpg","contentUrl":"https:\/\/evertonfc.cz\/wp-content\/uploads\/2025\/09\/beto_13_9_2025.jpg","width":720,"height":405},{"@type":"BreadcrumbList","@id":"https:\/\/evertonfc.cz\/index.php\/2025\/09\/13\/everton-aston-villa-0-0\/#breadcrumb","itemListElement":[{"@type":"ListItem","position":1,"name":"Home","item":"https:\/\/evertonfc.cz\/"},{"@type":"ListItem","position":2,"name":"Everton &#8211; Aston Villa 0:0"}]},{"@type":"WebSite","@id":"https:\/\/evertonfc.cz\/#website","url":"https:\/\/evertonfc.cz\/","name":"Official Czech &amp; Slovak Everton Supporters&#039; Club","description":"","publisher":{"@id":"https:\/\/evertonfc.cz\/#organization"},"potentialAction":[{"@type":"SearchAction","target":{"@type":"EntryPoint","urlTemplate":"https:\/\/evertonfc.cz\/?s={search_term_string}"},"query-input":{"@type":"PropertyValueSpecification","valueRequired":true,"valueName":"search_term_string"}}],"inLanguage":"cs"},{"@type":"Organization","@id":"https:\/\/evertonfc.cz\/#organization","name":"Official Czech & Slovak Everton Supporters' Club","url":"https:\/\/evertonfc.cz\/","logo":{"@type":"ImageObject","inLanguage":"cs","@id":"https:\/\/evertonfc.cz\/#\/schema\/logo\/image\/","url":"https:\/\/evertonfc.cz\/wp-content\/uploads\/2019\/05\/logo.png","contentUrl":"https:\/\/evertonfc.cz\/wp-content\/uploads\/2019\/05\/logo.png","width":112,"height":112,"caption":"Official Czech & Slovak Everton Supporters' Club"},"image":{"@id":"https:\/\/evertonfc.cz\/#\/schema\/logo\/image\/"},"sameAs":["https:\/\/www.facebook.com\/everton.fans.cz.sk"]},{"@type":"Person","@id":"https:\/\/evertonfc.cz\/#\/schema\/person\/b30daf6a5852f4811f8207a17ec1bf78","name":"Javor","sameAs":["https:\/\/x.com\/LoudinJan"],"url":"https:\/\/evertonfc.cz\/index.php\/author\/javor\/"}]}},"_links":{"self":[{"href":"https:\/\/evertonfc.cz\/index.php\/wp-json\/wp\/v2\/posts\/27608"}],"collection":[{"href":"https:\/\/evertonfc.cz\/index.php\/wp-json\/wp\/v2\/posts"}],"about":[{"href":"https:\/\/evertonfc.cz\/index.php\/wp-json\/wp\/v2\/types\/post"}],"author":[{"embeddable":true,"href":"https:\/\/evertonfc.cz\/index.php\/wp-json\/wp\/v2\/users\/12"}],"replies":[{"embeddable":true,"href":"https:\/\/evertonfc.cz\/index.php\/wp-json\/wp\/v2\/comments?post=27608"}],"version-history":[{"count":8,"href":"https:\/\/evertonfc.cz\/index.php\/wp-json\/wp\/v2\/posts\/27608\/revisions"}],"predecessor-version":[{"id":27618,"href":"https:\/\/evertonfc.cz\/index.php\/wp-json\/wp\/v2\/posts\/27608\/revisions\/27618"}],"wp:featuredmedia":[{"embeddable":true,"href":"https:\/\/evertonfc.cz\/index.php\/wp-json\/wp\/v2\/media\/27611"}],"wp:attachment":[{"href":"https:\/\/evertonfc.cz\/index.php\/wp-json\/wp\/v2\/media?parent=27608"}],"wp:term":[{"taxonomy":"category","embeddable":true,"href":"https:\/\/evertonfc.cz\/index.php\/wp-json\/wp\/v2\/categories?post=27608"},{"taxonomy":"post_tag","embeddable":true,"href":"https:\/\/evertonfc.cz\/index.php\/wp-json\/wp\/v2\/tags?post=27608"}],"curies":[{"name":"wp","href":"https:\/\/api.w.org\/{rel}","templated":true}]}}