{"id":27632,"date":"2025-09-19T18:17:46","date_gmt":"2025-09-19T16:17:46","guid":{"rendered":"https:\/\/evertonfc.cz\/?p=27632"},"modified":"2025-09-19T21:32:07","modified_gmt":"2025-09-19T19:32:07","slug":"preview-liverpool-everton-14","status":"publish","type":"post","link":"https:\/\/evertonfc.cz\/index.php\/2025\/09\/19\/preview-liverpool-everton-14\/","title":{"rendered":"Preview: Liverpool &#8211; Everton"},"content":{"rendered":"<h4>P\u00e1t\u00e9 ligov\u00e9 kolo nov\u00e9 sez\u00f3ny zavede Toffees do t\u0159askav\u00e9ho prost\u0159ed\u00ed, odkud je je\u0161t\u011b v p\u0159edminul\u00e9m stolet\u00ed vyhnali ti, kte\u0159\u00ed podepsali smlouvu s \u010f\u00e1blem.<\/h4>\n<p>Nebo hovo\u0159\u00edme o domovu samotn\u00e9ho \u010f\u00e1bla? Rozhodn\u011b to nelze vylou\u010dit. Sv\u011b\u0159enci nabl\u00fdskan\u00e9ho Arneho Slota zat\u00edm proplouvaj\u00ed sez\u00f3nou bez ztr\u00e1ty kyti\u010dky. O v\u0161ech p\u011bti dosavadn\u00edch v\u00fdhr\u00e1ch rozhodli a\u017e v z\u00e1v\u011bre\u010dn\u00fdch deseti minut\u00e1ch, p\u0159esn\u011bji \u0159e\u010deno hned \u010dty\u0159ikr\u00e1t p\u0159\u00edmo v nastaven\u00ed z\u00e1kladn\u00ed hrac\u00ed doby.<\/p>\n<p>Nenechte se proto v z\u00e1pase un\u00e9st ani na vte\u0159inu. I kdyby Everton p\u0159edv\u00e1d\u011bl prvot\u0159\u00eddn\u00ed v\u00fdkon a sm\u011b\u0159oval k nad\u011bjn\u00e9mu v\u00fdsledku, v 95. minut\u011b Liverpoolu p\u0159isp\u011bch\u00e1 na pomoc nast\u0159elen\u00e1 ruka nebo \u0161estn\u00e1ctilet\u00fd dorostenec z akademie.<\/p>\n<p>Prost\u011b pekeln\u00edci.<\/p>\n<p>A to, pros\u00edm, neberte jako f\u0148uk\u00e1n\u00ed, ale jako fakt. Stejn\u011b jako to, \u017ee Liverpool je sakra kvalitn\u00ed t\u00fdm, kter\u00fd v l\u00e9t\u011b dok\u00e1zal vyu\u017e\u00edt poveden\u00e9 prodeje i ned\u00e1vn\u00e9 \u00fasp\u011bchy a p\u0159ivedl n\u011bkolik dal\u0161\u00edch \u0161pi\u010dkov\u00fdch hr\u00e1\u010d\u016f.<\/p>\n<p>Jen pro srovn\u00e1n\u00ed \u2013 ten nejdra\u017e\u0161\u00ed z nich st\u00e1l stejn\u011b jako v\u0161ech dev\u011bt letn\u00edch posil Evertonu dohromady. Ale tak to prost\u011b je, a \u010derven\u00ed spolu s dal\u0161\u00edmi top anglick\u00fdmi kluby jen profituj\u00ed ze syst\u00e9mu, kter\u00fd nechce pou\u0161t\u011bt t\u00fdmy z ni\u017e\u0161\u00edch pater mezi elitu.<\/p>\n<h4><strong>T\u00fdmov\u00e9 novinky<\/strong><\/h4>\n<p>David Moyes na p\u0159edz\u00e1pasov\u00e9 tiskov\u00e9 konferenci nazna\u010dil jen tolik, aby vlastn\u011b nic neprozradil, zda u\u017e obr\u00e1nci Branthwaite a Mykolenko dol\u00e9\u010dili sv\u00e9 bol\u00edstky a lze s nimi po\u010d\u00edtat do 247. Merseyside derby. Skotsk\u00e1, u\u017e ne d\u00e1vno ry\u0161av\u00e1, li\u0161ka doslova prozradila: <em>\u201eEeeeh, uvid\u00edme. Situace u obou se postupn\u011b zlep\u0161uje. Uvid\u00edme. P\u00e1r hr\u00e1\u010d\u016f m\u00e1 nav\u00edc men\u0161\u00ed \u0161r\u00e1my.\u201c<\/em><\/p>\n<p>Sp\u00ed\u0161e je t\u0159eba po\u010d\u00edtat s t\u00edm, \u017ee zm\u00edn\u011bn\u00e1 dvojice se maxim\u00e1ln\u011b objev\u00ed na lavi\u010dce n\u00e1hradn\u00edk\u016f, a tak se s pozic\u00ed lev\u00e9ho obr\u00e1nce bude muset op\u011bt se ct\u00ed popasovat st\u0159edopola\u0159 James Garner (mimochodem soupe\u0159 ob\u010das podobn\u011b vyu\u017e\u00edv\u00e1 sv\u00e9ho uhersk\u00e9ho Garnera na prav\u00e9m beku). V takov\u00e9m p\u0159\u00edpad\u011b bude zaj\u00edmav\u00e9 sledovat, jestli se ve st\u0159edu z\u00e1lohy objev\u00ed m\u00edsto Iroegbunama letn\u00ed posila Merlin R\u00f6hl, kter\u00e1 si p\u0159ed t\u00fddnem proti Aston Ville odbyla velmi solidn\u00ed cameo. Pro\u010d vlastn\u011b ne.<\/p>\n<p>Na hrotu \u00fatoku se zat\u00edm st\u0159\u00edd\u00e1 Beto s Barrym, a t\u0159eba\u017ee tomu zku\u0161en\u011bj\u0161\u00edmu se naposledy proti Villans p\u0159\u00edli\u0161 neda\u0159ilo v zakon\u010den\u00ed, historicky dok\u00e1\u017ee dob\u0159e deptat nizozemskou jedni\u010dku van Dijka, a t\u00edm p\u00e1dem je jeho start pravd\u011bpodobn\u011bj\u0161\u00ed.<\/p>\n<p>A\u0165 u\u017e v \u00fatoku nastoup\u00ed kdokoli, snad bude znovu podporov\u00e1n fotbalov\u00fdm triem romantik\u016f Ndiaye, Dewsbury-Hall a Grealish, d\u00edky nim\u017e Everton kone\u010dn\u011b nevypad\u00e1 jako sebranka d\u0159evorubc\u016f, ale jako opravdov\u00fd fotbalov\u00fd t\u00fdm. U\u017e\u00edvejme si to, dokud m\u016f\u017eeme. Stejn\u011b tak i aktu\u00e1ln\u00ed \u0161estou pozici v\u00a0tabulce.<\/p>\n<p>Liverpoolu se uzdravil jedin\u00fd marod Curtis Jones, a Slot m\u00e1 tedy p\u0159\u00edjemn\u00e9 starosti, zda do \u00fatoku nasadit ve st\u0159ede\u010dn\u00ed Lize mistr\u016f debutuj\u00edc\u00edho Isaka (125 milion\u016f liber), nebo jeho n\u00e1hradn\u00edka Ekitikeho (79 milion\u016f liber). Na sv\u016fj g\u00f3lov\u00fd podpis jinak st\u00e1le \u010dek\u00e1 trpasli\u010d\u00ed verze Merlina R\u00f6hla (116,5 milionu liber).*<\/p>\n<p>Od za\u010d\u00e1tku sez\u00f3ny dost kopyt\u00ed stoper Konat\u00e9, co\u017e bude cht\u00edt Everton jist\u011b vyu\u017e\u00edt.<\/p>\n<h4>P\u00edskej rovinu<\/h4>\n<p>Zaj\u00edmavou statistikou je, \u017ee sobotn\u00ed rozhod\u010d\u00ed Darren England p\u00edskal Everton v 11 z\u00e1pasech, z nich\u017e prohrou skon\u010dil pouze jedin\u00fd. Na ja\u0159e se nav\u00edc v utk\u00e1n\u00ed na Fulhamu postavil proti VARu, kter\u00fd ho poslal k monitoru kv\u016fli mo\u017en\u00e9 ruce Mykolenka a penalt\u011b, ale nakonec si st\u00e1l za sv\u00fdm p\u016fvodn\u00edm rozhodnut\u00edm ze h\u0159i\u0161t\u011b. To se \u010dasto nevid\u00ed. A aby to bylo je\u0161t\u011b zaj\u00edmav\u011bj\u0161\u00ed, Liverpool vyhr\u00e1l pouze jedno z p\u011bti st\u0159etnut\u00ed, kter\u00e9 England rozhodoval. Snad odol\u00e1 i nevyzpytateln\u00fdm vibrac\u00edm Anfieldu a nech\u00e1 o v\u00fdsledku rozhodnout samotn\u00e9 hr\u00e1\u010de. To by derby dodalo p\u0159\u00edjemnou a netradi\u010dn\u00ed, fair rovinu.<\/p>\n<p><strong>Co:<\/strong> Liverpool FC \u2013 Everton FC, 5. kolo Premier League<br \/>\n<strong>Kdy:<\/strong> 20. z\u00e1\u0159\u00ed 2025 od 13:30<br \/>\n<strong>Kde:<\/strong> Anfield Road \u2013 Liverpool, L4 0TH (kapacita: 61 276)<br \/>\n<strong>TV:<\/strong> P\u0159\u00edm\u00fd p\u0159enos na stanici Canal+ Sport, komentuje Ond\u0159ej L\u00edpa<br \/>\n<strong>Rozhod\u010d\u00ed:<\/strong> Darren England \u2013 Lee Betts, Scott Ledger <strong>\u010ctvrt\u00fd rozhod\u010d\u00ed:<\/strong> Robert Madley<br \/>\n<strong>Videorozhod\u010d\u00ed:<\/strong> John Brooks <strong>Asistent videorozhod\u010d\u00edho:<\/strong> Akil Howson<\/p>\n<p style=\"text-align: left;\"><span style=\"font-size: 8pt;\">*Florian Wirtz<\/span><\/p>\n","protected":false},"excerpt":{"rendered":"<p>P\u00e1t\u00e9 ligov\u00e9 kolo nov\u00e9 sez\u00f3ny zavede Toffees do t\u0159askav\u00e9ho prost\u0159ed\u00ed, odkud je je\u0161t\u011b v p\u0159edminul\u00e9m stolet\u00ed vyhnali ti, kte\u0159\u00ed podepsali smlouvu s \u010f\u00e1blem.<\/p>\n","protected":false},"author":6,"featured_media":14233,"comment_status":"open","ping_status":"closed","sticky":false,"template":"","format":"standard","meta":{"_eb_attr":"","_monsterinsights_skip_tracking":false,"_monsterinsights_sitenote_active":false,"_monsterinsights_sitenote_note":"","_monsterinsights_sitenote_category":0,"footnotes":""},"categories":[4],"tags":[],"yoast_head":"<!-- This site is optimized with the Yoast SEO plugin v23.4 - https:\/\/yoast.com\/wordpress\/plugins\/seo\/ -->\n<title>Preview: Liverpool - Everton - Official Czech &amp; Slovak Everton Supporters&#039; Club<\/title>\n<meta name=\"description\" content=\"P\u00e1t\u00e9 ligov\u00e9 kolo nov\u00e9 sez\u00f3ny zavede Toffees do t\u0159askav\u00e9ho prost\u0159ed\u00ed, odkud je je\u0161t\u011b v p\u0159edminul\u00e9m stolet\u00ed vyhnali ti, kte\u0159\u00ed podepsali smlouvu s \u010f\u00e1blem.\" \/>\n<meta name=\"robots\" content=\"index, follow, max-snippet:-1, max-image-preview:large, max-video-preview:-1\" \/>\n<link rel=\"canonical\" href=\"https:\/\/evertonfc.cz\/index.php\/2025\/09\/19\/preview-liverpool-everton-14\/\" \/>\n<meta property=\"og:locale\" content=\"cs_CZ\" \/>\n<meta property=\"og:type\" content=\"article\" \/>\n<meta property=\"og:title\" content=\"Preview: Liverpool - Everton - Official Czech &amp; Slovak Everton Supporters&#039; Club\" \/>\n<meta property=\"og:description\" content=\"P\u00e1t\u00e9 ligov\u00e9 kolo nov\u00e9 sez\u00f3ny zavede Toffees do t\u0159askav\u00e9ho prost\u0159ed\u00ed, odkud je je\u0161t\u011b v p\u0159edminul\u00e9m stolet\u00ed vyhnali ti, kte\u0159\u00ed podepsali smlouvu s \u010f\u00e1blem.\" \/>\n<meta property=\"og:url\" content=\"https:\/\/evertonfc.cz\/index.php\/2025\/09\/19\/preview-liverpool-everton-14\/\" \/>\n<meta property=\"og:site_name\" content=\"Official Czech &amp; Slovak Everton Supporters&#039; Club\" \/>\n<meta property=\"article:publisher\" content=\"https:\/\/www.facebook.com\/everton.fans.cz.sk\" \/>\n<meta property=\"article:published_time\" content=\"2025-09-19T16:17:46+00:00\" \/>\n<meta property=\"article:modified_time\" content=\"2025-09-19T19:32:07+00:00\" \/>\n<meta property=\"og:image\" content=\"https:\/\/evertonfc.cz\/wp-content\/uploads\/2021\/02\/Liverpool-VS-Everton.jpg\" \/>\n\t<meta property=\"og:image:width\" content=\"720\" \/>\n\t<meta property=\"og:image:height\" content=\"405\" \/>\n\t<meta property=\"og:image:type\" content=\"image\/jpeg\" \/>\n<meta name=\"author\" content=\"Ri\u010di\" \/>\n<meta name=\"twitter:card\" content=\"summary_large_image\" \/>\n<meta name=\"twitter:creator\" content=\"@rbrejsa\" \/>\n<meta name=\"twitter:label1\" content=\"Napsal(a)\" \/>\n\t<meta name=\"twitter:data1\" content=\"Ri\u010di\" \/>\n\t<meta name=\"twitter:label2\" content=\"Odhadovan\u00e1 doba \u010dten\u00ed\" \/>\n\t<meta name=\"twitter:data2\" content=\"4 minuty\" \/>\n<script type=\"application\/ld+json\" class=\"yoast-schema-graph\">{\"@context\":\"https:\/\/schema.org\",\"@graph\":[{\"@type\":\"Article\",\"@id\":\"https:\/\/evertonfc.cz\/index.php\/2025\/09\/19\/preview-liverpool-everton-14\/#article\",\"isPartOf\":{\"@id\":\"https:\/\/evertonfc.cz\/index.php\/2025\/09\/19\/preview-liverpool-everton-14\/\"},\"author\":{\"name\":\"Ri\u010di\",\"@id\":\"https:\/\/evertonfc.cz\/#\/schema\/person\/f7a5daedb2ffee98480bc70e191aaef1\"},\"headline\":\"Preview: Liverpool &#8211; Everton\",\"datePublished\":\"2025-09-19T16:17:46+00:00\",\"dateModified\":\"2025-09-19T19:32:07+00:00\",\"mainEntityOfPage\":{\"@id\":\"https:\/\/evertonfc.cz\/index.php\/2025\/09\/19\/preview-liverpool-everton-14\/\"},\"wordCount\":784,\"commentCount\":16,\"publisher\":{\"@id\":\"https:\/\/evertonfc.cz\/#organization\"},\"image\":{\"@id\":\"https:\/\/evertonfc.cz\/index.php\/2025\/09\/19\/preview-liverpool-everton-14\/#primaryimage\"},\"thumbnailUrl\":\"https:\/\/evertonfc.cz\/wp-content\/uploads\/2021\/02\/Liverpool-VS-Everton.jpg\",\"articleSection\":[\"Z\u00e1pasy\"],\"inLanguage\":\"cs\",\"potentialAction\":[{\"@type\":\"CommentAction\",\"name\":\"Comment\",\"target\":[\"https:\/\/evertonfc.cz\/index.php\/2025\/09\/19\/preview-liverpool-everton-14\/#respond\"]}]},{\"@type\":\"WebPage\",\"@id\":\"https:\/\/evertonfc.cz\/index.php\/2025\/09\/19\/preview-liverpool-everton-14\/\",\"url\":\"https:\/\/evertonfc.cz\/index.php\/2025\/09\/19\/preview-liverpool-everton-14\/\",\"name\":\"Preview: Liverpool - Everton - Official Czech &amp; Slovak Everton Supporters&#039; Club\",\"isPartOf\":{\"@id\":\"https:\/\/evertonfc.cz\/#website\"},\"primaryImageOfPage\":{\"@id\":\"https:\/\/evertonfc.cz\/index.php\/2025\/09\/19\/preview-liverpool-everton-14\/#primaryimage\"},\"image\":{\"@id\":\"https:\/\/evertonfc.cz\/index.php\/2025\/09\/19\/preview-liverpool-everton-14\/#primaryimage\"},\"thumbnailUrl\":\"https:\/\/evertonfc.cz\/wp-content\/uploads\/2021\/02\/Liverpool-VS-Everton.jpg\",\"datePublished\":\"2025-09-19T16:17:46+00:00\",\"dateModified\":\"2025-09-19T19:32:07+00:00\",\"description\":\"P\u00e1t\u00e9 ligov\u00e9 kolo nov\u00e9 sez\u00f3ny zavede Toffees do t\u0159askav\u00e9ho prost\u0159ed\u00ed, odkud je je\u0161t\u011b v p\u0159edminul\u00e9m stolet\u00ed vyhnali ti, kte\u0159\u00ed podepsali smlouvu s \u010f\u00e1blem.\",\"breadcrumb\":{\"@id\":\"https:\/\/evertonfc.cz\/index.php\/2025\/09\/19\/preview-liverpool-everton-14\/#breadcrumb\"},\"inLanguage\":\"cs\",\"potentialAction\":[{\"@type\":\"ReadAction\",\"target\":[\"https:\/\/evertonfc.cz\/index.php\/2025\/09\/19\/preview-liverpool-everton-14\/\"]}]},{\"@type\":\"ImageObject\",\"inLanguage\":\"cs\",\"@id\":\"https:\/\/evertonfc.cz\/index.php\/2025\/09\/19\/preview-liverpool-everton-14\/#primaryimage\",\"url\":\"https:\/\/evertonfc.cz\/wp-content\/uploads\/2021\/02\/Liverpool-VS-Everton.jpg\",\"contentUrl\":\"https:\/\/evertonfc.cz\/wp-content\/uploads\/2021\/02\/Liverpool-VS-Everton.jpg\",\"width\":720,\"height\":405},{\"@type\":\"BreadcrumbList\",\"@id\":\"https:\/\/evertonfc.cz\/index.php\/2025\/09\/19\/preview-liverpool-everton-14\/#breadcrumb\",\"itemListElement\":[{\"@type\":\"ListItem\",\"position\":1,\"name\":\"Home\",\"item\":\"https:\/\/evertonfc.cz\/\"},{\"@type\":\"ListItem\",\"position\":2,\"name\":\"Preview: Liverpool &#8211; Everton\"}]},{\"@type\":\"WebSite\",\"@id\":\"https:\/\/evertonfc.cz\/#website\",\"url\":\"https:\/\/evertonfc.cz\/\",\"name\":\"Official Czech &amp; Slovak Everton Supporters&#039; Club\",\"description\":\"\",\"publisher\":{\"@id\":\"https:\/\/evertonfc.cz\/#organization\"},\"potentialAction\":[{\"@type\":\"SearchAction\",\"target\":{\"@type\":\"EntryPoint\",\"urlTemplate\":\"https:\/\/evertonfc.cz\/?s={search_term_string}\"},\"query-input\":{\"@type\":\"PropertyValueSpecification\",\"valueRequired\":true,\"valueName\":\"search_term_string\"}}],\"inLanguage\":\"cs\"},{\"@type\":\"Organization\",\"@id\":\"https:\/\/evertonfc.cz\/#organization\",\"name\":\"Official Czech & Slovak Everton Supporters' Club\",\"url\":\"https:\/\/evertonfc.cz\/\",\"logo\":{\"@type\":\"ImageObject\",\"inLanguage\":\"cs\",\"@id\":\"https:\/\/evertonfc.cz\/#\/schema\/logo\/image\/\",\"url\":\"https:\/\/evertonfc.cz\/wp-content\/uploads\/2019\/05\/logo.png\",\"contentUrl\":\"https:\/\/evertonfc.cz\/wp-content\/uploads\/2019\/05\/logo.png\",\"width\":112,\"height\":112,\"caption\":\"Official Czech & Slovak Everton Supporters' Club\"},\"image\":{\"@id\":\"https:\/\/evertonfc.cz\/#\/schema\/logo\/image\/\"},\"sameAs\":[\"https:\/\/www.facebook.com\/everton.fans.cz.sk\"]},{\"@type\":\"Person\",\"@id\":\"https:\/\/evertonfc.cz\/#\/schema\/person\/f7a5daedb2ffee98480bc70e191aaef1\",\"name\":\"Ri\u010di\",\"sameAs\":[\"https:\/\/x.com\/rbrejsa\"],\"url\":\"https:\/\/evertonfc.cz\/index.php\/author\/rici\/\"}]}<\/script>\n<!-- \/ Yoast SEO plugin. -->","yoast_head_json":{"title":"Preview: Liverpool - Everton - Official Czech &amp; Slovak Everton Supporters&#039; Club","description":"P\u00e1t\u00e9 ligov\u00e9 kolo nov\u00e9 sez\u00f3ny zavede Toffees do t\u0159askav\u00e9ho prost\u0159ed\u00ed, odkud je je\u0161t\u011b v p\u0159edminul\u00e9m stolet\u00ed vyhnali ti, kte\u0159\u00ed podepsali smlouvu s \u010f\u00e1blem.","robots":{"index":"index","follow":"follow","max-snippet":"max-snippet:-1","max-image-preview":"max-image-preview:large","max-video-preview":"max-video-preview:-1"},"canonical":"https:\/\/evertonfc.cz\/index.php\/2025\/09\/19\/preview-liverpool-everton-14\/","og_locale":"cs_CZ","og_type":"article","og_title":"Preview: Liverpool - Everton - Official Czech &amp; Slovak Everton Supporters&#039; Club","og_description":"P\u00e1t\u00e9 ligov\u00e9 kolo nov\u00e9 sez\u00f3ny zavede Toffees do t\u0159askav\u00e9ho prost\u0159ed\u00ed, odkud je je\u0161t\u011b v p\u0159edminul\u00e9m stolet\u00ed vyhnali ti, kte\u0159\u00ed podepsali smlouvu s \u010f\u00e1blem.","og_url":"https:\/\/evertonfc.cz\/index.php\/2025\/09\/19\/preview-liverpool-everton-14\/","og_site_name":"Official Czech &amp; Slovak Everton Supporters&#039; Club","article_publisher":"https:\/\/www.facebook.com\/everton.fans.cz.sk","article_published_time":"2025-09-19T16:17:46+00:00","article_modified_time":"2025-09-19T19:32:07+00:00","og_image":[{"width":720,"height":405,"url":"https:\/\/evertonfc.cz\/wp-content\/uploads\/2021\/02\/Liverpool-VS-Everton.jpg","type":"image\/jpeg"}],"author":"Ri\u010di","twitter_card":"summary_large_image","twitter_creator":"@rbrejsa","twitter_misc":{"Napsal(a)":"Ri\u010di","Odhadovan\u00e1 doba \u010dten\u00ed":"4 minuty"},"schema":{"@context":"https:\/\/schema.org","@graph":[{"@type":"Article","@id":"https:\/\/evertonfc.cz\/index.php\/2025\/09\/19\/preview-liverpool-everton-14\/#article","isPartOf":{"@id":"https:\/\/evertonfc.cz\/index.php\/2025\/09\/19\/preview-liverpool-everton-14\/"},"author":{"name":"Ri\u010di","@id":"https:\/\/evertonfc.cz\/#\/schema\/person\/f7a5daedb2ffee98480bc70e191aaef1"},"headline":"Preview: Liverpool &#8211; Everton","datePublished":"2025-09-19T16:17:46+00:00","dateModified":"2025-09-19T19:32:07+00:00","mainEntityOfPage":{"@id":"https:\/\/evertonfc.cz\/index.php\/2025\/09\/19\/preview-liverpool-everton-14\/"},"wordCount":784,"commentCount":16,"publisher":{"@id":"https:\/\/evertonfc.cz\/#organization"},"image":{"@id":"https:\/\/evertonfc.cz\/index.php\/2025\/09\/19\/preview-liverpool-everton-14\/#primaryimage"},"thumbnailUrl":"https:\/\/evertonfc.cz\/wp-content\/uploads\/2021\/02\/Liverpool-VS-Everton.jpg","articleSection":["Z\u00e1pasy"],"inLanguage":"cs","potentialAction":[{"@type":"CommentAction","name":"Comment","target":["https:\/\/evertonfc.cz\/index.php\/2025\/09\/19\/preview-liverpool-everton-14\/#respond"]}]},{"@type":"WebPage","@id":"https:\/\/evertonfc.cz\/index.php\/2025\/09\/19\/preview-liverpool-everton-14\/","url":"https:\/\/evertonfc.cz\/index.php\/2025\/09\/19\/preview-liverpool-everton-14\/","name":"Preview: Liverpool - Everton - Official Czech &amp; Slovak Everton Supporters&#039; Club","isPartOf":{"@id":"https:\/\/evertonfc.cz\/#website"},"primaryImageOfPage":{"@id":"https:\/\/evertonfc.cz\/index.php\/2025\/09\/19\/preview-liverpool-everton-14\/#primaryimage"},"image":{"@id":"https:\/\/evertonfc.cz\/index.php\/2025\/09\/19\/preview-liverpool-everton-14\/#primaryimage"},"thumbnailUrl":"https:\/\/evertonfc.cz\/wp-content\/uploads\/2021\/02\/Liverpool-VS-Everton.jpg","datePublished":"2025-09-19T16:17:46+00:00","dateModified":"2025-09-19T19:32:07+00:00","description":"P\u00e1t\u00e9 ligov\u00e9 kolo nov\u00e9 sez\u00f3ny zavede Toffees do t\u0159askav\u00e9ho prost\u0159ed\u00ed, odkud je je\u0161t\u011b v p\u0159edminul\u00e9m stolet\u00ed vyhnali ti, kte\u0159\u00ed podepsali smlouvu s \u010f\u00e1blem.","breadcrumb":{"@id":"https:\/\/evertonfc.cz\/index.php\/2025\/09\/19\/preview-liverpool-everton-14\/#breadcrumb"},"inLanguage":"cs","potentialAction":[{"@type":"ReadAction","target":["https:\/\/evertonfc.cz\/index.php\/2025\/09\/19\/preview-liverpool-everton-14\/"]}]},{"@type":"ImageObject","inLanguage":"cs","@id":"https:\/\/evertonfc.cz\/index.php\/2025\/09\/19\/preview-liverpool-everton-14\/#primaryimage","url":"https:\/\/evertonfc.cz\/wp-content\/uploads\/2021\/02\/Liverpool-VS-Everton.jpg","contentUrl":"https:\/\/evertonfc.cz\/wp-content\/uploads\/2021\/02\/Liverpool-VS-Everton.jpg","width":720,"height":405},{"@type":"BreadcrumbList","@id":"https:\/\/evertonfc.cz\/index.php\/2025\/09\/19\/preview-liverpool-everton-14\/#breadcrumb","itemListElement":[{"@type":"ListItem","position":1,"name":"Home","item":"https:\/\/evertonfc.cz\/"},{"@type":"ListItem","position":2,"name":"Preview: Liverpool &#8211; Everton"}]},{"@type":"WebSite","@id":"https:\/\/evertonfc.cz\/#website","url":"https:\/\/evertonfc.cz\/","name":"Official Czech &amp; Slovak Everton Supporters&#039; Club","description":"","publisher":{"@id":"https:\/\/evertonfc.cz\/#organization"},"potentialAction":[{"@type":"SearchAction","target":{"@type":"EntryPoint","urlTemplate":"https:\/\/evertonfc.cz\/?s={search_term_string}"},"query-input":{"@type":"PropertyValueSpecification","valueRequired":true,"valueName":"search_term_string"}}],"inLanguage":"cs"},{"@type":"Organization","@id":"https:\/\/evertonfc.cz\/#organization","name":"Official Czech & Slovak Everton Supporters' Club","url":"https:\/\/evertonfc.cz\/","logo":{"@type":"ImageObject","inLanguage":"cs","@id":"https:\/\/evertonfc.cz\/#\/schema\/logo\/image\/","url":"https:\/\/evertonfc.cz\/wp-content\/uploads\/2019\/05\/logo.png","contentUrl":"https:\/\/evertonfc.cz\/wp-content\/uploads\/2019\/05\/logo.png","width":112,"height":112,"caption":"Official Czech & Slovak Everton Supporters' Club"},"image":{"@id":"https:\/\/evertonfc.cz\/#\/schema\/logo\/image\/"},"sameAs":["https:\/\/www.facebook.com\/everton.fans.cz.sk"]},{"@type":"Person","@id":"https:\/\/evertonfc.cz\/#\/schema\/person\/f7a5daedb2ffee98480bc70e191aaef1","name":"Ri\u010di","sameAs":["https:\/\/x.com\/rbrejsa"],"url":"https:\/\/evertonfc.cz\/index.php\/author\/rici\/"}]}},"_links":{"self":[{"href":"https:\/\/evertonfc.cz\/index.php\/wp-json\/wp\/v2\/posts\/27632"}],"collection":[{"href":"https:\/\/evertonfc.cz\/index.php\/wp-json\/wp\/v2\/posts"}],"about":[{"href":"https:\/\/evertonfc.cz\/index.php\/wp-json\/wp\/v2\/types\/post"}],"author":[{"embeddable":true,"href":"https:\/\/evertonfc.cz\/index.php\/wp-json\/wp\/v2\/users\/6"}],"replies":[{"embeddable":true,"href":"https:\/\/evertonfc.cz\/index.php\/wp-json\/wp\/v2\/comments?post=27632"}],"version-history":[{"count":7,"href":"https:\/\/evertonfc.cz\/index.php\/wp-json\/wp\/v2\/posts\/27632\/revisions"}],"predecessor-version":[{"id":27639,"href":"https:\/\/evertonfc.cz\/index.php\/wp-json\/wp\/v2\/posts\/27632\/revisions\/27639"}],"wp:featuredmedia":[{"embeddable":true,"href":"https:\/\/evertonfc.cz\/index.php\/wp-json\/wp\/v2\/media\/14233"}],"wp:attachment":[{"href":"https:\/\/evertonfc.cz\/index.php\/wp-json\/wp\/v2\/media?parent=27632"}],"wp:term":[{"taxonomy":"category","embeddable":true,"href":"https:\/\/evertonfc.cz\/index.php\/wp-json\/wp\/v2\/categories?post=27632"},{"taxonomy":"post_tag","embeddable":true,"href":"https:\/\/evertonfc.cz\/index.php\/wp-json\/wp\/v2\/tags?post=27632"}],"curies":[{"name":"wp","href":"https:\/\/api.w.org\/{rel}","templated":true}]}}