{"id":27652,"date":"2025-09-22T14:17:24","date_gmt":"2025-09-22T12:17:24","guid":{"rendered":"https:\/\/evertonfc.cz\/?p=27652"},"modified":"2025-09-22T14:17:24","modified_gmt":"2025-09-22T12:17:24","slug":"liverpool-everton-21-2","status":"publish","type":"post","link":"https:\/\/evertonfc.cz\/index.php\/2025\/09\/22\/liverpool-everton-21-2\/","title":{"rendered":"Liverpool \u2013 Everton 2:1"},"content":{"rendered":"<h4>Everton zvolil na Anfielde pragmatick\u00fd pr\u00edstup \u201ehlavne ni\u010d nepokazi\u0165\u201c. Logick\u00e9, ale nakoniec pr\u00e1ve t\u00e1to pasivita st\u00e1la Toffees body v prvom Merseyside derby sez\u00f3ny.<\/h4>\n<p>The Blues sa k futbalu poriadne nedostali a\u017e do momentu, ke\u010f u\u017e prehr\u00e1vali o dva g\u00f3ly. Kr\u00e1tka verzia by bola \u201edo prest\u00e1vky bieda\u201c. S dodatkom, \u017ee ani striedanie nevidite\u013en\u00e9ho Beta za priesvitn\u00e9ho Barryho nepomohlo. Moyes, ktor\u00fd na Anfielde nikdy nevyhral, \u010dakal so \u010fal\u0161\u00edmi \u00fato\u010dn\u00fdmi zmenami a\u017e do 86. min\u00faty.<em> &#8222;Pro\u010d, Lizinko?&#8220;<\/em><\/p>\n<p>Dobrou spr\u00e1vou bolo, \u017ee Mykolenko sa vr\u00e1til do zostavy po zranen\u00ed. Ale Merlin R\u00f6hl ch\u00fdbal \u00faplne. Moyes potvrdil, \u017ee si odniesol drobn\u00e9 zranenie z tr\u00e9ningu. V\u00a0z\u00e1lohe tak nast\u00fapil aj Garner s\u00a0Gueyem a\u00a0KDH.<\/p>\n<h4><strong>1.pol\u010das<\/strong><\/h4>\n<p>Zdalo sa, \u017ee tr\u00e9ner si bral pr\u00edklad z Burnley, ktor\u00e9 pred t\u00fd\u017ed\u0148om dr\u017ealo Liverpool na di\u0161tanc a\u017e do 95. min\u00faty. Everton za\u010dal v hlbokom bloku, Beto bol jedin\u00fd hr\u00e1\u010d pred loptou. Ke\u010f sa lopta dostala k Grealishovi alebo Ndiayemu, hr\u00e1\u010di Liverpoolu ich okam\u017eite zdvojovali \u010di strojovali. \u00dato\u010dn\u00fd pl\u00e1n Evertonu bol \u010ditate\u013en\u00fd \u2013 bu\u010f \u0165ah po kr\u00eddle, alebo slep\u00fd n\u00e1kop. Dom\u00e1ci tak mohli pokojne necha\u0165 stred ihriska otvoren\u00fd.<\/p>\n<p>A rozpadlo sa to r\u00fdchlo. U\u017e v 10. min\u00fate Salah poslal prihr\u00e1vku za obranu a Ryan Gravenberch elegantne preloboval Pickforda. <strong>1:0<\/strong>. O 17 min\u00fat nesk\u00f4r Grealish nazna\u010dil k\u013eu\u010dku, otvoril si priestor na \u013eavej strane a poslal loptu Dewsbury-Hallovi. Ten p\u00e1lil nad, ale aspo\u0148 to bola uk\u00e1\u017eka, \u017ee cez pressing Reds sa predsa len dalo prejs\u0165.<\/p>\n<p>Inak v\u0161ak karamelov\u00e1 snaha o v\u00fdstavbu hry vyzerala komicky. Lopta k Pickfordovi, odkop na Beta a modlitba, \u017ee nie\u010do spracuje. Ani raz to nevy\u0161lo. A presne ako v \u00favodnom kole na p\u00f4de Leedsu si modr\u00ed privol\u00e1vali probl\u00e9my sami. V 38. min\u00fate pridal druh\u00fd g\u00f3l Ekitike, ktor\u00fd sa vr\u00e1til z ofsajdu a nechal obranu Evertonu st\u00e1\u0165. <strong>2:0<\/strong><\/p>\n<h4><strong>2.pol\u010das<\/strong><\/h4>\n<p>Do druh\u00e9ho pol\u010dasu Moyes posunul Gueyeho a Garnera vy\u0161\u0161ie, aby bojovali priamo v strede s dom\u00e1cimi. A to zmenilo dynamiku. Zrazu sa darilo Evertonu. V prvom pol\u010dase vyhr\u00e1val Liverpool viac osobn\u00fdch s\u00fabojov (54 % na zemi, 56 % vo vzduchu), aj viac l\u00f4pt odoberal. Po prest\u00e1vke to bolo naopak. EFC z\u00edskalo viac l\u00f4pt, malo viac blokov a vyhralo 61 % osobn\u00fdch s\u00fabojov (31:24). A odmena pri\u0161la v 58. min\u00fate.<\/p>\n<p>Grealish v\u00fdborne centroval, Ndiaye sklepol a Gana Gueye nap\u00e1lil z\u00a0prvej kr\u00ed\u017eom do \u0161ibenice \u2013 <strong>2:1<\/strong>. Od tej chv\u00edle hral Everton lep\u0161ie, mal navrch a s prib\u00fadaj\u00facim \u010dasom sa zdalo, \u017ee m\u00f4\u017eeme e\u0161te vyrovna\u0165. Ale na obrat to u\u017e nesta\u010dilo, minim\u00e1lne nie \u010dasovo, ani iniciat\u00edvou. Moyes toti\u017e op\u00e4\u0165 zbyto\u010dne \u010dakal, a a\u017e v 86. min\u00fate poslal na ihrisko Alcaraza a Diblinga. Neskoro, prive\u013emi neskoro. A v derby z\u00e1pase hanebn\u00e9&#8230;<\/p>\n<h4><strong>BETO verzia \u00fato\u010dn\u00edka<\/strong><\/h4>\n<p>Prv\u00fd pol\u010das Beta na Anfielde bol u\u010debnicovou uk\u00e1\u017ekou zlyhania hrotov\u00e9ho \u00fato\u010dn\u00edka. Bol absol\u00fatne nevidite\u013en\u00fd. Everton prakticky hral o jedn\u00e9ho menej. Nevyhr\u00e1val s\u00faboje, nerobil n\u00e1behy, nepon\u00fakal sa, nebol sn\u00e1\u010f fyzicky pr\u00edtomn\u00fd, a ani v pressingovej f\u00e1ze neprispel. Pomal\u00fd, \u0165a\u017ekop\u00e1dny a neefekt\u00edvny. Jeho v\u00fdkon mo\u017eno zhrn\u00fa\u0165 do dvoch momentov: raz \u00faplne zle odhadol trajekt\u00f3riu prihr\u00e1vky, podobne ako pri Gravenberchovom g\u00f3le, a inokedy pokazil jednoduch\u00fa 5-metrov\u00fa prihr\u00e1vku bez tlaku s\u00fapera. Kredenc hr\u00e1 lep\u0161ie na prv\u00fd dotyk.<\/p>\n<p>Barry s\u00edce e\u0161te nie je hotov\u00fd hr\u00e1\u010d, ale d\u00e1va\u0165 mu \u010das na adapt\u00e1ciu m\u00e1 ur\u010dite viac zmyslu ne\u017e dr\u017ea\u0165 sa Beta v tak\u00fdchto k\u013e\u00fa\u010dov\u00fdch dueloch. Na druhej strane, v\u0161etci poznaj\u00fa jeho limit\u00e1cie. A just(!) aj tak na\u0148ho budeme nakop\u00e1va\u0165 lopty, a n\u00fati\u0165 ho hra\u0165 chrbtom k br\u00e1ne, ke\u010f to (20 mili\u00f3nov\u00fd!) \u00fato\u010dn\u00edk nevie, je vlastn\u00e1 sprostos\u0165. A Moyes \u0160ediv\u00fd to ve\u013emi dobre vie. Nie nadarmo sa Beto v\u00fdkonnostne (ok, len po\u010dtom g\u00f3lov) pod n\u00edm zdvihol na jar, ke\u010f sme mu to za\u010dali serv\u00edrova\u0165 do behu za obranu alebo vo v\u00e1pne na hlavu. E\u0161te chcete nie\u010do z McDonaldu?<\/p>\n<h4 style=\"text-align: left;\"><span style=\"text-decoration: underline;\"><strong>David Moyes po z\u00e1pase:<\/strong><\/span><\/h4>\n<blockquote><p><span style=\"font-size: 12pt;\"><em>\u201eSom sklaman\u00fd, \u017ee sme z toho mo\u017eno nie\u010do nevytiahli. Prv\u00fd pol\u010das bol slab\u00fd, prij\u00edmam to, takticky sme to mali zvl\u00e1dnu\u0165 lep\u0161ie. Potrebovali sme ich nap\u00e1da\u0165 viac, a ke\u010f sme to spravili v druhom pol\u010dase, bolo to hne\u010f vidie\u0165. Mali sme \u0161ance aj pokusy, ale ch\u00fdbala n\u00e1m klinickos\u0165, ktor\u00fa oni uk\u00e1zali. Dali sme g\u00f3l a zasl\u00fa\u017eene sme boli v z\u00e1pase. Chlapcov chv\u00e1lim za to, \u017ee sa nevzdali a uk\u00e1zali viac odhodlania a nasadenia. <\/em><\/span><span style=\"font-size: 12pt;\"><em>Ale v\u00e4\u010d\u0161\u00ed probl\u00e9m bol rozhodca. Nedovolil n\u00e1m r\u00fdchlo rozohr\u00e1va\u0165, v\u017edy n\u00e1s brzdil. Z\u00e1pas bol cel\u00fd pod jeho kontrolou. A potom d\u00e1 len tri min\u00faty nadstavenia? Ak by Liverpool prehr\u00e1val 0:2, neviem, \u010di by tam tie\u017e svietila trojka.\u201c<\/em><\/span><\/p><\/blockquote>\n<h3 style=\"text-align: center;\"><span style=\"color: #3366ff;\"><em><strong>Come on you Blues !!!<\/strong><\/em><\/span><\/h3>\n<p><strong>G\u00f3ly:<\/strong> 10\u00b4 Gravenbech (Salah), 29\u00b4Ekitike (Gravenberch), 58\u00b4 Gueye (Ndiaye)<\/p>\n<p><strong>\u017dlt\u00e9 karty:<\/strong> 28\u00b4 Ndiaye, 69\u00b4 Szoboszlai, 78\u00b4 Moyes, 78\u00b4 KDH, 82\u00b4 Wirtz, 90+4\u00b4 Grealish<\/p>\n<p><strong>Liverpool: <\/strong>Allison \u2013 Bradley, Konate, van Dijk, Kerkez \u2013 Gravenberch, Mac Allister (61&#8242; Jones), Szoboszlai \u2013 Salah, Ekitike (67&#8242; Isak), Gakpo (61\u00b4 Wirtz)<\/p>\n<p><strong>Everton: <\/strong>Pickford \u2013 O\u2019Brien, Tarkowski, Keane, Mykolenko (86&#8242; Alcaraz) \u2013 Gueye, Garner, Dewsbury-Hall \u2013 Ndiaye (86&#8242; Dibling), Beto (46&#8242; Barry), Grealish<\/p>\n<p><strong>Rozhodca:\u00a0<\/strong>D. England <strong>\u00a0Div\u00e1ci:<\/strong> 60 342 (Anfield) \u00a0<strong>Mu\u017e z\u00e1pasu EFC:<\/strong>\u00a0James Tarkowski<\/p>\n","protected":false},"excerpt":{"rendered":"<p>Everton zvolil na Anfielde pragmatick\u00fd pr\u00edstup \u201ehlavne ni\u010d nepokazi\u0165\u201c. Logick\u00e9, ale nakoniec pr\u00e1ve t\u00e1to pasivita st\u00e1la Toffees body v prvom Merseyside derby sez\u00f3ny.<\/p>\n","protected":false},"author":1,"featured_media":27653,"comment_status":"open","ping_status":"closed","sticky":false,"template":"","format":"standard","meta":{"_eb_attr":"","_monsterinsights_skip_tracking":false,"_monsterinsights_sitenote_active":false,"_monsterinsights_sitenote_note":"","_monsterinsights_sitenote_category":0,"footnotes":""},"categories":[4],"tags":[],"yoast_head":"<!-- This site is optimized with the Yoast SEO plugin v23.4 - https:\/\/yoast.com\/wordpress\/plugins\/seo\/ -->\n<title>Liverpool \u2013 Everton 2:1 - Official Czech &amp; Slovak Everton Supporters&#039; Club<\/title>\n<meta name=\"robots\" content=\"index, follow, max-snippet:-1, max-image-preview:large, max-video-preview:-1\" \/>\n<link rel=\"canonical\" href=\"https:\/\/evertonfc.cz\/index.php\/2025\/09\/22\/liverpool-everton-21-2\/\" \/>\n<meta property=\"og:locale\" content=\"cs_CZ\" \/>\n<meta property=\"og:type\" content=\"article\" \/>\n<meta property=\"og:title\" content=\"Liverpool \u2013 Everton 2:1 - Official Czech &amp; Slovak Everton Supporters&#039; Club\" \/>\n<meta property=\"og:description\" content=\"Everton zvolil na Anfielde pragmatick\u00fd pr\u00edstup \u201ehlavne ni\u010d nepokazi\u0165\u201c. Logick\u00e9, ale nakoniec pr\u00e1ve t\u00e1to pasivita st\u00e1la Toffees body v prvom Merseyside derby sez\u00f3ny.\" \/>\n<meta property=\"og:url\" content=\"https:\/\/evertonfc.cz\/index.php\/2025\/09\/22\/liverpool-everton-21-2\/\" \/>\n<meta property=\"og:site_name\" content=\"Official Czech &amp; Slovak Everton Supporters&#039; Club\" \/>\n<meta property=\"article:publisher\" content=\"https:\/\/www.facebook.com\/everton.fans.cz.sk\" \/>\n<meta property=\"article:published_time\" content=\"2025-09-22T12:17:24+00:00\" \/>\n<meta property=\"og:image\" content=\"https:\/\/evertonfc.cz\/wp-content\/uploads\/2025\/09\/Liverpool-2-1-Everton-22-9-2025.jpg\" \/>\n\t<meta property=\"og:image:width\" content=\"720\" \/>\n\t<meta property=\"og:image:height\" content=\"405\" \/>\n\t<meta property=\"og:image:type\" content=\"image\/jpeg\" \/>\n<meta name=\"author\" content=\"BlueBlooded\" \/>\n<meta name=\"twitter:card\" content=\"summary_large_image\" \/>\n<meta name=\"twitter:label1\" content=\"Napsal(a)\" \/>\n\t<meta name=\"twitter:data1\" content=\"BlueBlooded\" \/>\n\t<meta name=\"twitter:label2\" content=\"Odhadovan\u00e1 doba \u010dten\u00ed\" \/>\n\t<meta name=\"twitter:data2\" content=\"4 minuty\" \/>\n<script type=\"application\/ld+json\" class=\"yoast-schema-graph\">{\"@context\":\"https:\/\/schema.org\",\"@graph\":[{\"@type\":\"Article\",\"@id\":\"https:\/\/evertonfc.cz\/index.php\/2025\/09\/22\/liverpool-everton-21-2\/#article\",\"isPartOf\":{\"@id\":\"https:\/\/evertonfc.cz\/index.php\/2025\/09\/22\/liverpool-everton-21-2\/\"},\"author\":{\"name\":\"BlueBlooded\",\"@id\":\"https:\/\/evertonfc.cz\/#\/schema\/person\/d4493b8cbea51532597fbc4685698916\"},\"headline\":\"Liverpool \u2013 Everton 2:1\",\"datePublished\":\"2025-09-22T12:17:24+00:00\",\"dateModified\":\"2025-09-22T12:17:24+00:00\",\"mainEntityOfPage\":{\"@id\":\"https:\/\/evertonfc.cz\/index.php\/2025\/09\/22\/liverpool-everton-21-2\/\"},\"wordCount\":939,\"commentCount\":3,\"publisher\":{\"@id\":\"https:\/\/evertonfc.cz\/#organization\"},\"image\":{\"@id\":\"https:\/\/evertonfc.cz\/index.php\/2025\/09\/22\/liverpool-everton-21-2\/#primaryimage\"},\"thumbnailUrl\":\"https:\/\/evertonfc.cz\/wp-content\/uploads\/2025\/09\/Liverpool-2-1-Everton-22-9-2025.jpg\",\"articleSection\":[\"Z\u00e1pasy\"],\"inLanguage\":\"cs\",\"potentialAction\":[{\"@type\":\"CommentAction\",\"name\":\"Comment\",\"target\":[\"https:\/\/evertonfc.cz\/index.php\/2025\/09\/22\/liverpool-everton-21-2\/#respond\"]}]},{\"@type\":\"WebPage\",\"@id\":\"https:\/\/evertonfc.cz\/index.php\/2025\/09\/22\/liverpool-everton-21-2\/\",\"url\":\"https:\/\/evertonfc.cz\/index.php\/2025\/09\/22\/liverpool-everton-21-2\/\",\"name\":\"Liverpool \u2013 Everton 2:1 - Official Czech &amp; Slovak Everton Supporters&#039; Club\",\"isPartOf\":{\"@id\":\"https:\/\/evertonfc.cz\/#website\"},\"primaryImageOfPage\":{\"@id\":\"https:\/\/evertonfc.cz\/index.php\/2025\/09\/22\/liverpool-everton-21-2\/#primaryimage\"},\"image\":{\"@id\":\"https:\/\/evertonfc.cz\/index.php\/2025\/09\/22\/liverpool-everton-21-2\/#primaryimage\"},\"thumbnailUrl\":\"https:\/\/evertonfc.cz\/wp-content\/uploads\/2025\/09\/Liverpool-2-1-Everton-22-9-2025.jpg\",\"datePublished\":\"2025-09-22T12:17:24+00:00\",\"dateModified\":\"2025-09-22T12:17:24+00:00\",\"breadcrumb\":{\"@id\":\"https:\/\/evertonfc.cz\/index.php\/2025\/09\/22\/liverpool-everton-21-2\/#breadcrumb\"},\"inLanguage\":\"cs\",\"potentialAction\":[{\"@type\":\"ReadAction\",\"target\":[\"https:\/\/evertonfc.cz\/index.php\/2025\/09\/22\/liverpool-everton-21-2\/\"]}]},{\"@type\":\"ImageObject\",\"inLanguage\":\"cs\",\"@id\":\"https:\/\/evertonfc.cz\/index.php\/2025\/09\/22\/liverpool-everton-21-2\/#primaryimage\",\"url\":\"https:\/\/evertonfc.cz\/wp-content\/uploads\/2025\/09\/Liverpool-2-1-Everton-22-9-2025.jpg\",\"contentUrl\":\"https:\/\/evertonfc.cz\/wp-content\/uploads\/2025\/09\/Liverpool-2-1-Everton-22-9-2025.jpg\",\"width\":720,\"height\":405},{\"@type\":\"BreadcrumbList\",\"@id\":\"https:\/\/evertonfc.cz\/index.php\/2025\/09\/22\/liverpool-everton-21-2\/#breadcrumb\",\"itemListElement\":[{\"@type\":\"ListItem\",\"position\":1,\"name\":\"Home\",\"item\":\"https:\/\/evertonfc.cz\/\"},{\"@type\":\"ListItem\",\"position\":2,\"name\":\"Liverpool \u2013 Everton 2:1\"}]},{\"@type\":\"WebSite\",\"@id\":\"https:\/\/evertonfc.cz\/#website\",\"url\":\"https:\/\/evertonfc.cz\/\",\"name\":\"Official Czech &amp; Slovak Everton Supporters&#039; Club\",\"description\":\"\",\"publisher\":{\"@id\":\"https:\/\/evertonfc.cz\/#organization\"},\"potentialAction\":[{\"@type\":\"SearchAction\",\"target\":{\"@type\":\"EntryPoint\",\"urlTemplate\":\"https:\/\/evertonfc.cz\/?s={search_term_string}\"},\"query-input\":{\"@type\":\"PropertyValueSpecification\",\"valueRequired\":true,\"valueName\":\"search_term_string\"}}],\"inLanguage\":\"cs\"},{\"@type\":\"Organization\",\"@id\":\"https:\/\/evertonfc.cz\/#organization\",\"name\":\"Official Czech & Slovak Everton Supporters' Club\",\"url\":\"https:\/\/evertonfc.cz\/\",\"logo\":{\"@type\":\"ImageObject\",\"inLanguage\":\"cs\",\"@id\":\"https:\/\/evertonfc.cz\/#\/schema\/logo\/image\/\",\"url\":\"https:\/\/evertonfc.cz\/wp-content\/uploads\/2019\/05\/logo.png\",\"contentUrl\":\"https:\/\/evertonfc.cz\/wp-content\/uploads\/2019\/05\/logo.png\",\"width\":112,\"height\":112,\"caption\":\"Official Czech & Slovak Everton Supporters' Club\"},\"image\":{\"@id\":\"https:\/\/evertonfc.cz\/#\/schema\/logo\/image\/\"},\"sameAs\":[\"https:\/\/www.facebook.com\/everton.fans.cz.sk\"]},{\"@type\":\"Person\",\"@id\":\"https:\/\/evertonfc.cz\/#\/schema\/person\/d4493b8cbea51532597fbc4685698916\",\"name\":\"BlueBlooded\",\"url\":\"https:\/\/evertonfc.cz\/index.php\/author\/admin\/\"}]}<\/script>\n<!-- \/ Yoast SEO plugin. -->","yoast_head_json":{"title":"Liverpool \u2013 Everton 2:1 - Official Czech &amp; Slovak Everton Supporters&#039; Club","robots":{"index":"index","follow":"follow","max-snippet":"max-snippet:-1","max-image-preview":"max-image-preview:large","max-video-preview":"max-video-preview:-1"},"canonical":"https:\/\/evertonfc.cz\/index.php\/2025\/09\/22\/liverpool-everton-21-2\/","og_locale":"cs_CZ","og_type":"article","og_title":"Liverpool \u2013 Everton 2:1 - Official Czech &amp; Slovak Everton Supporters&#039; Club","og_description":"Everton zvolil na Anfielde pragmatick\u00fd pr\u00edstup \u201ehlavne ni\u010d nepokazi\u0165\u201c. Logick\u00e9, ale nakoniec pr\u00e1ve t\u00e1to pasivita st\u00e1la Toffees body v prvom Merseyside derby sez\u00f3ny.","og_url":"https:\/\/evertonfc.cz\/index.php\/2025\/09\/22\/liverpool-everton-21-2\/","og_site_name":"Official Czech &amp; Slovak Everton Supporters&#039; Club","article_publisher":"https:\/\/www.facebook.com\/everton.fans.cz.sk","article_published_time":"2025-09-22T12:17:24+00:00","og_image":[{"width":720,"height":405,"url":"https:\/\/evertonfc.cz\/wp-content\/uploads\/2025\/09\/Liverpool-2-1-Everton-22-9-2025.jpg","type":"image\/jpeg"}],"author":"BlueBlooded","twitter_card":"summary_large_image","twitter_misc":{"Napsal(a)":"BlueBlooded","Odhadovan\u00e1 doba \u010dten\u00ed":"4 minuty"},"schema":{"@context":"https:\/\/schema.org","@graph":[{"@type":"Article","@id":"https:\/\/evertonfc.cz\/index.php\/2025\/09\/22\/liverpool-everton-21-2\/#article","isPartOf":{"@id":"https:\/\/evertonfc.cz\/index.php\/2025\/09\/22\/liverpool-everton-21-2\/"},"author":{"name":"BlueBlooded","@id":"https:\/\/evertonfc.cz\/#\/schema\/person\/d4493b8cbea51532597fbc4685698916"},"headline":"Liverpool \u2013 Everton 2:1","datePublished":"2025-09-22T12:17:24+00:00","dateModified":"2025-09-22T12:17:24+00:00","mainEntityOfPage":{"@id":"https:\/\/evertonfc.cz\/index.php\/2025\/09\/22\/liverpool-everton-21-2\/"},"wordCount":939,"commentCount":3,"publisher":{"@id":"https:\/\/evertonfc.cz\/#organization"},"image":{"@id":"https:\/\/evertonfc.cz\/index.php\/2025\/09\/22\/liverpool-everton-21-2\/#primaryimage"},"thumbnailUrl":"https:\/\/evertonfc.cz\/wp-content\/uploads\/2025\/09\/Liverpool-2-1-Everton-22-9-2025.jpg","articleSection":["Z\u00e1pasy"],"inLanguage":"cs","potentialAction":[{"@type":"CommentAction","name":"Comment","target":["https:\/\/evertonfc.cz\/index.php\/2025\/09\/22\/liverpool-everton-21-2\/#respond"]}]},{"@type":"WebPage","@id":"https:\/\/evertonfc.cz\/index.php\/2025\/09\/22\/liverpool-everton-21-2\/","url":"https:\/\/evertonfc.cz\/index.php\/2025\/09\/22\/liverpool-everton-21-2\/","name":"Liverpool \u2013 Everton 2:1 - Official Czech &amp; Slovak Everton Supporters&#039; Club","isPartOf":{"@id":"https:\/\/evertonfc.cz\/#website"},"primaryImageOfPage":{"@id":"https:\/\/evertonfc.cz\/index.php\/2025\/09\/22\/liverpool-everton-21-2\/#primaryimage"},"image":{"@id":"https:\/\/evertonfc.cz\/index.php\/2025\/09\/22\/liverpool-everton-21-2\/#primaryimage"},"thumbnailUrl":"https:\/\/evertonfc.cz\/wp-content\/uploads\/2025\/09\/Liverpool-2-1-Everton-22-9-2025.jpg","datePublished":"2025-09-22T12:17:24+00:00","dateModified":"2025-09-22T12:17:24+00:00","breadcrumb":{"@id":"https:\/\/evertonfc.cz\/index.php\/2025\/09\/22\/liverpool-everton-21-2\/#breadcrumb"},"inLanguage":"cs","potentialAction":[{"@type":"ReadAction","target":["https:\/\/evertonfc.cz\/index.php\/2025\/09\/22\/liverpool-everton-21-2\/"]}]},{"@type":"ImageObject","inLanguage":"cs","@id":"https:\/\/evertonfc.cz\/index.php\/2025\/09\/22\/liverpool-everton-21-2\/#primaryimage","url":"https:\/\/evertonfc.cz\/wp-content\/uploads\/2025\/09\/Liverpool-2-1-Everton-22-9-2025.jpg","contentUrl":"https:\/\/evertonfc.cz\/wp-content\/uploads\/2025\/09\/Liverpool-2-1-Everton-22-9-2025.jpg","width":720,"height":405},{"@type":"BreadcrumbList","@id":"https:\/\/evertonfc.cz\/index.php\/2025\/09\/22\/liverpool-everton-21-2\/#breadcrumb","itemListElement":[{"@type":"ListItem","position":1,"name":"Home","item":"https:\/\/evertonfc.cz\/"},{"@type":"ListItem","position":2,"name":"Liverpool \u2013 Everton 2:1"}]},{"@type":"WebSite","@id":"https:\/\/evertonfc.cz\/#website","url":"https:\/\/evertonfc.cz\/","name":"Official Czech &amp; Slovak Everton Supporters&#039; Club","description":"","publisher":{"@id":"https:\/\/evertonfc.cz\/#organization"},"potentialAction":[{"@type":"SearchAction","target":{"@type":"EntryPoint","urlTemplate":"https:\/\/evertonfc.cz\/?s={search_term_string}"},"query-input":{"@type":"PropertyValueSpecification","valueRequired":true,"valueName":"search_term_string"}}],"inLanguage":"cs"},{"@type":"Organization","@id":"https:\/\/evertonfc.cz\/#organization","name":"Official Czech & Slovak Everton Supporters' Club","url":"https:\/\/evertonfc.cz\/","logo":{"@type":"ImageObject","inLanguage":"cs","@id":"https:\/\/evertonfc.cz\/#\/schema\/logo\/image\/","url":"https:\/\/evertonfc.cz\/wp-content\/uploads\/2019\/05\/logo.png","contentUrl":"https:\/\/evertonfc.cz\/wp-content\/uploads\/2019\/05\/logo.png","width":112,"height":112,"caption":"Official Czech & Slovak Everton Supporters' Club"},"image":{"@id":"https:\/\/evertonfc.cz\/#\/schema\/logo\/image\/"},"sameAs":["https:\/\/www.facebook.com\/everton.fans.cz.sk"]},{"@type":"Person","@id":"https:\/\/evertonfc.cz\/#\/schema\/person\/d4493b8cbea51532597fbc4685698916","name":"BlueBlooded","url":"https:\/\/evertonfc.cz\/index.php\/author\/admin\/"}]}},"_links":{"self":[{"href":"https:\/\/evertonfc.cz\/index.php\/wp-json\/wp\/v2\/posts\/27652"}],"collection":[{"href":"https:\/\/evertonfc.cz\/index.php\/wp-json\/wp\/v2\/posts"}],"about":[{"href":"https:\/\/evertonfc.cz\/index.php\/wp-json\/wp\/v2\/types\/post"}],"author":[{"embeddable":true,"href":"https:\/\/evertonfc.cz\/index.php\/wp-json\/wp\/v2\/users\/1"}],"replies":[{"embeddable":true,"href":"https:\/\/evertonfc.cz\/index.php\/wp-json\/wp\/v2\/comments?post=27652"}],"version-history":[{"count":7,"href":"https:\/\/evertonfc.cz\/index.php\/wp-json\/wp\/v2\/posts\/27652\/revisions"}],"predecessor-version":[{"id":27660,"href":"https:\/\/evertonfc.cz\/index.php\/wp-json\/wp\/v2\/posts\/27652\/revisions\/27660"}],"wp:featuredmedia":[{"embeddable":true,"href":"https:\/\/evertonfc.cz\/index.php\/wp-json\/wp\/v2\/media\/27653"}],"wp:attachment":[{"href":"https:\/\/evertonfc.cz\/index.php\/wp-json\/wp\/v2\/media?parent=27652"}],"wp:term":[{"taxonomy":"category","embeddable":true,"href":"https:\/\/evertonfc.cz\/index.php\/wp-json\/wp\/v2\/categories?post=27652"},{"taxonomy":"post_tag","embeddable":true,"href":"https:\/\/evertonfc.cz\/index.php\/wp-json\/wp\/v2\/tags?post=27652"}],"curies":[{"name":"wp","href":"https:\/\/api.w.org\/{rel}","templated":true}]}}