{"id":27666,"date":"2025-09-23T19:30:29","date_gmt":"2025-09-23T17:30:29","guid":{"rendered":"https:\/\/evertonfc.cz\/?p=27666"},"modified":"2025-09-23T19:40:07","modified_gmt":"2025-09-23T17:40:07","slug":"preview-ligoveho-poharu-wolverhampton-wanderers-everton","status":"publish","type":"post","link":"https:\/\/evertonfc.cz\/index.php\/2025\/09\/23\/preview-ligoveho-poharu-wolverhampton-wanderers-everton\/","title":{"rendered":"LC Preview: Wolverhampton Wanderers &#8211; Everton"},"content":{"rendered":"<h4>Ve Wolverhamptonu se v t\u00e9hle sez\u00f3n\u011b u\u017e jednou vyhr\u00e1lo. Bude v\u00fdrazn\u011b obm\u011bn\u011bn\u00e1 sestava \u00fasp\u011b\u0161n\u00e1 i tentokr\u00e1t?<\/h4>\n<p>St\u00e1le solidn\u011b rozehran\u00e1 ligov\u00e1 sez\u00f3na si nyn\u00ed odskakuje do Ligov\u00e9ho poh\u00e1ru, konkr\u00e9tn\u011b do jeho 3.\u00a0kola. Los p\u0159isoudil Karamelk\u00e1m\u00a0<a href=\"https:\/\/evertonfc.cz\/index.php\/2025\/08\/31\/wolverhampton-wanderers-everton-23\/\">leto\u0161n\u00ed repr\u00edzu 3. ligov\u00e9ho kola.<\/a> Od t\u00e9 doby Everton v lize\u00a0<a href=\"https:\/\/evertonfc.cz\/index.php\/2025\/09\/13\/everton-aston-villa-0-0\/\">ztratil dva body s Villou<\/a> a\u00a0<a href=\"https:\/\/evertonfc.cz\/index.php\/2025\/09\/22\/liverpool-everton-21-2\/\">o\u010dek\u00e1van\u011b prohr\u00e1l derby<\/a>. Je tedy \u010das vr\u00e1tit se k v\u00fdhr\u00e1m.<\/p>\n<p>Tak\u00e9 je zjevn\u00e9, \u017ee sestava bude sp\u00ed\u0161e b\u00e9\u010dkov\u00e1. Na lavi\u010dce by m\u011bli za\u010d\u00edt vyt\u011b\u017eovan\u00ed Grealish, Pickford a Gana, po \u0161patn\u00e9m v\u00fdkonu proti Liverpoolu by se tam m\u011bl nach\u00e1zet i Beto, ale v jeho p\u0159\u00edpad\u011b p\u016fjde sp\u00ed\u0161e o posazen\u00ed. Prvn\u00edho startu v z\u00e1kladn\u00ed sestav\u011b by se tak m\u011bl do\u010dkat k\u0159\u00eddeln\u00edk Dibling. Nov\u00e1 zran\u011bn\u00ed hl\u00e1\u0161en\u00e1 nejsou, ur\u010dit\u011b tedy nebude k dispozici Branthwaite a uvid\u00edme, jak to bude s R\u00f6hlem &#8211; v sobotu nebyl kv\u016fli leh\u010d\u00edmu zran\u011bn\u00ed ani na lavi\u010dce. (<em>Aktualizov\u00e1no: Z\u00e1kladn\u00ed sestava je n\u00e1sleduj\u00edc\u00ed &#8211; Travers, Keane, Tarkowski, McNeil, Barry, O&#8217;Brien, Dibling, Coleman, Alcaraz, Garner, Iroegbunam)<\/em><\/p>\n<p>A \u017ee je Everton favoritem. 5 z\u00e1pas\u016f v lize = 5 proher. Pod mana\u017eerem Pereirou se po\u0159\u00e1dn\u011b houpe \u017eidle. Tristn\u00ed produktivita, pouh\u00e9 3 vst\u0159elen\u00e9 branky, samoz\u0159ejm\u011b situaci nepom\u00e1h\u00e1. Klub se rozhodl \u0159e\u0161it situaci mj. ro\u010dn\u00edm hostov\u00e1n\u00edm \u010desk\u00e9ho stopera\/\u0161t\u00edta Ladislava Krej\u010d\u00edho. Co\u017e o to, vedlo to ke kr\u00e1tkodob\u00e9mu efektu v podob\u011b prvn\u00edho sobotn\u00edho g\u00f3lu proti nov\u00e1\u010dkovi z Leedsu, ale t\u00edm klady zat\u00edm hasnou (na 1:1 vyrovn\u00e1val Calvert-Lewin). Dostat 3 branky doma v utk\u00e1n\u00ed pro kandid\u00e1tovi sestupu byste nem\u011bli. Do sestavy se ale vrac\u00ed hro\u0165\u00e1k Strand Larsen a obr\u00e1nce Hoever, tak\u017ee m\u00e1 portugalsk\u00fd mana\u017eer kone\u010dn\u011b zcela zdrav\u00fd k\u00e1dr.<\/p>\n<p><strong>Co: <\/strong>Wolverhampton Wanderers FC \u2013 Everton FC, 3. kolo Ligov\u00e9ho poh\u00e1ru<br \/>\n<strong>Kdy: <\/strong>23. z\u00e1\u0159\u00ed 2025 od 20:45<br \/>\n<strong>Kde: <\/strong>Molineux Stadium \u2013 Waterloo Road, Wolverhampton WV1 4QR (kapacita: 31 750)<br \/>\n<strong>TV:\u00a0<\/strong>P\u0159\u00edm\u00fd p\u0159enos na stanici Nova Sport 1<br \/>\n<strong>Rozhod\u010d\u00ed:\u00a0<\/strong>Craig Pawson \u2013 Adrian Holmes, Lee Betts\u00a0 <strong>\u010ctvrt\u00fd rozhod\u010d\u00ed: <\/strong>Samuel Allison<\/p>\n","protected":false},"excerpt":{"rendered":"<p>Ve Wolverhamptonu se v t\u00e9hle sez\u00f3n\u011b u\u017e jednou vyhr\u00e1lo. Bude v\u00fdrazn\u011b obm\u011bn\u011bn\u00e1 sestava \u00fasp\u011b\u0161n\u00e1 i tentokr\u00e1t?<\/p>\n","protected":false},"author":12,"featured_media":13534,"comment_status":"open","ping_status":"closed","sticky":false,"template":"","format":"standard","meta":{"_eb_attr":"","_monsterinsights_skip_tracking":false,"_monsterinsights_sitenote_active":false,"_monsterinsights_sitenote_note":"","_monsterinsights_sitenote_category":0,"footnotes":""},"categories":[4],"tags":[],"yoast_head":"<!-- This site is optimized with the Yoast SEO plugin v23.4 - https:\/\/yoast.com\/wordpress\/plugins\/seo\/ -->\n<title>LC Preview: Wolverhampton Wanderers - Everton - Official Czech &amp; Slovak Everton Supporters&#039; Club<\/title>\n<meta name=\"description\" content=\"Ve Wolverhamptonu se v t\u00e9hle sez\u00f3n\u011b u\u017e jednou vyhr\u00e1lo. Bude v\u00fdrazn\u011b obm\u011bn\u011bn\u00e1 sestava \u00fasp\u011b\u0161n\u00e1 i tentokr\u00e1t?\" \/>\n<meta name=\"robots\" content=\"index, follow, max-snippet:-1, max-image-preview:large, max-video-preview:-1\" \/>\n<link rel=\"canonical\" href=\"https:\/\/evertonfc.cz\/index.php\/2025\/09\/23\/preview-ligoveho-poharu-wolverhampton-wanderers-everton\/\" \/>\n<meta property=\"og:locale\" content=\"cs_CZ\" \/>\n<meta property=\"og:type\" content=\"article\" \/>\n<meta property=\"og:title\" content=\"LC Preview: Wolverhampton Wanderers - Everton - Official Czech &amp; Slovak Everton Supporters&#039; Club\" \/>\n<meta property=\"og:description\" content=\"Ve Wolverhamptonu se v t\u00e9hle sez\u00f3n\u011b u\u017e jednou vyhr\u00e1lo. Bude v\u00fdrazn\u011b obm\u011bn\u011bn\u00e1 sestava \u00fasp\u011b\u0161n\u00e1 i tentokr\u00e1t?\" \/>\n<meta property=\"og:url\" content=\"https:\/\/evertonfc.cz\/index.php\/2025\/09\/23\/preview-ligoveho-poharu-wolverhampton-wanderers-everton\/\" \/>\n<meta property=\"og:site_name\" content=\"Official Czech &amp; Slovak Everton Supporters&#039; Club\" \/>\n<meta property=\"article:publisher\" content=\"https:\/\/www.facebook.com\/everton.fans.cz.sk\" \/>\n<meta property=\"article:published_time\" content=\"2025-09-23T17:30:29+00:00\" \/>\n<meta property=\"article:modified_time\" content=\"2025-09-23T17:40:07+00:00\" \/>\n<meta property=\"og:image\" content=\"https:\/\/evertonfc.cz\/wp-content\/uploads\/2021\/01\/Wolverhampton-Wanderers-VS-Everton.jpg\" \/>\n\t<meta property=\"og:image:width\" content=\"720\" \/>\n\t<meta property=\"og:image:height\" content=\"405\" \/>\n\t<meta property=\"og:image:type\" content=\"image\/jpeg\" \/>\n<meta name=\"author\" content=\"Javor\" \/>\n<meta name=\"twitter:card\" content=\"summary_large_image\" \/>\n<meta name=\"twitter:creator\" content=\"@LoudinJan\" \/>\n<meta name=\"twitter:label1\" content=\"Napsal(a)\" \/>\n\t<meta name=\"twitter:data1\" content=\"Javor\" \/>\n\t<meta name=\"twitter:label2\" content=\"Odhadovan\u00e1 doba \u010dten\u00ed\" \/>\n\t<meta name=\"twitter:data2\" content=\"2 minuty\" \/>\n<script type=\"application\/ld+json\" class=\"yoast-schema-graph\">{\"@context\":\"https:\/\/schema.org\",\"@graph\":[{\"@type\":\"Article\",\"@id\":\"https:\/\/evertonfc.cz\/index.php\/2025\/09\/23\/preview-ligoveho-poharu-wolverhampton-wanderers-everton\/#article\",\"isPartOf\":{\"@id\":\"https:\/\/evertonfc.cz\/index.php\/2025\/09\/23\/preview-ligoveho-poharu-wolverhampton-wanderers-everton\/\"},\"author\":{\"name\":\"Javor\",\"@id\":\"https:\/\/evertonfc.cz\/#\/schema\/person\/b30daf6a5852f4811f8207a17ec1bf78\"},\"headline\":\"LC Preview: Wolverhampton Wanderers &#8211; Everton\",\"datePublished\":\"2025-09-23T17:30:29+00:00\",\"dateModified\":\"2025-09-23T17:40:07+00:00\",\"mainEntityOfPage\":{\"@id\":\"https:\/\/evertonfc.cz\/index.php\/2025\/09\/23\/preview-ligoveho-poharu-wolverhampton-wanderers-everton\/\"},\"wordCount\":382,\"commentCount\":6,\"publisher\":{\"@id\":\"https:\/\/evertonfc.cz\/#organization\"},\"image\":{\"@id\":\"https:\/\/evertonfc.cz\/index.php\/2025\/09\/23\/preview-ligoveho-poharu-wolverhampton-wanderers-everton\/#primaryimage\"},\"thumbnailUrl\":\"https:\/\/evertonfc.cz\/wp-content\/uploads\/2021\/01\/Wolverhampton-Wanderers-VS-Everton.jpg\",\"articleSection\":[\"Z\u00e1pasy\"],\"inLanguage\":\"cs\",\"potentialAction\":[{\"@type\":\"CommentAction\",\"name\":\"Comment\",\"target\":[\"https:\/\/evertonfc.cz\/index.php\/2025\/09\/23\/preview-ligoveho-poharu-wolverhampton-wanderers-everton\/#respond\"]}]},{\"@type\":\"WebPage\",\"@id\":\"https:\/\/evertonfc.cz\/index.php\/2025\/09\/23\/preview-ligoveho-poharu-wolverhampton-wanderers-everton\/\",\"url\":\"https:\/\/evertonfc.cz\/index.php\/2025\/09\/23\/preview-ligoveho-poharu-wolverhampton-wanderers-everton\/\",\"name\":\"LC Preview: Wolverhampton Wanderers - Everton - Official Czech &amp; Slovak Everton Supporters&#039; Club\",\"isPartOf\":{\"@id\":\"https:\/\/evertonfc.cz\/#website\"},\"primaryImageOfPage\":{\"@id\":\"https:\/\/evertonfc.cz\/index.php\/2025\/09\/23\/preview-ligoveho-poharu-wolverhampton-wanderers-everton\/#primaryimage\"},\"image\":{\"@id\":\"https:\/\/evertonfc.cz\/index.php\/2025\/09\/23\/preview-ligoveho-poharu-wolverhampton-wanderers-everton\/#primaryimage\"},\"thumbnailUrl\":\"https:\/\/evertonfc.cz\/wp-content\/uploads\/2021\/01\/Wolverhampton-Wanderers-VS-Everton.jpg\",\"datePublished\":\"2025-09-23T17:30:29+00:00\",\"dateModified\":\"2025-09-23T17:40:07+00:00\",\"description\":\"Ve Wolverhamptonu se v t\u00e9hle sez\u00f3n\u011b u\u017e jednou vyhr\u00e1lo. Bude v\u00fdrazn\u011b obm\u011bn\u011bn\u00e1 sestava \u00fasp\u011b\u0161n\u00e1 i tentokr\u00e1t?\",\"breadcrumb\":{\"@id\":\"https:\/\/evertonfc.cz\/index.php\/2025\/09\/23\/preview-ligoveho-poharu-wolverhampton-wanderers-everton\/#breadcrumb\"},\"inLanguage\":\"cs\",\"potentialAction\":[{\"@type\":\"ReadAction\",\"target\":[\"https:\/\/evertonfc.cz\/index.php\/2025\/09\/23\/preview-ligoveho-poharu-wolverhampton-wanderers-everton\/\"]}]},{\"@type\":\"ImageObject\",\"inLanguage\":\"cs\",\"@id\":\"https:\/\/evertonfc.cz\/index.php\/2025\/09\/23\/preview-ligoveho-poharu-wolverhampton-wanderers-everton\/#primaryimage\",\"url\":\"https:\/\/evertonfc.cz\/wp-content\/uploads\/2021\/01\/Wolverhampton-Wanderers-VS-Everton.jpg\",\"contentUrl\":\"https:\/\/evertonfc.cz\/wp-content\/uploads\/2021\/01\/Wolverhampton-Wanderers-VS-Everton.jpg\",\"width\":720,\"height\":405},{\"@type\":\"BreadcrumbList\",\"@id\":\"https:\/\/evertonfc.cz\/index.php\/2025\/09\/23\/preview-ligoveho-poharu-wolverhampton-wanderers-everton\/#breadcrumb\",\"itemListElement\":[{\"@type\":\"ListItem\",\"position\":1,\"name\":\"Home\",\"item\":\"https:\/\/evertonfc.cz\/\"},{\"@type\":\"ListItem\",\"position\":2,\"name\":\"LC Preview: Wolverhampton Wanderers &#8211; Everton\"}]},{\"@type\":\"WebSite\",\"@id\":\"https:\/\/evertonfc.cz\/#website\",\"url\":\"https:\/\/evertonfc.cz\/\",\"name\":\"Official Czech &amp; Slovak Everton Supporters&#039; Club\",\"description\":\"\",\"publisher\":{\"@id\":\"https:\/\/evertonfc.cz\/#organization\"},\"potentialAction\":[{\"@type\":\"SearchAction\",\"target\":{\"@type\":\"EntryPoint\",\"urlTemplate\":\"https:\/\/evertonfc.cz\/?s={search_term_string}\"},\"query-input\":{\"@type\":\"PropertyValueSpecification\",\"valueRequired\":true,\"valueName\":\"search_term_string\"}}],\"inLanguage\":\"cs\"},{\"@type\":\"Organization\",\"@id\":\"https:\/\/evertonfc.cz\/#organization\",\"name\":\"Official Czech & Slovak Everton Supporters' Club\",\"url\":\"https:\/\/evertonfc.cz\/\",\"logo\":{\"@type\":\"ImageObject\",\"inLanguage\":\"cs\",\"@id\":\"https:\/\/evertonfc.cz\/#\/schema\/logo\/image\/\",\"url\":\"https:\/\/evertonfc.cz\/wp-content\/uploads\/2019\/05\/logo.png\",\"contentUrl\":\"https:\/\/evertonfc.cz\/wp-content\/uploads\/2019\/05\/logo.png\",\"width\":112,\"height\":112,\"caption\":\"Official Czech & Slovak Everton Supporters' Club\"},\"image\":{\"@id\":\"https:\/\/evertonfc.cz\/#\/schema\/logo\/image\/\"},\"sameAs\":[\"https:\/\/www.facebook.com\/everton.fans.cz.sk\"]},{\"@type\":\"Person\",\"@id\":\"https:\/\/evertonfc.cz\/#\/schema\/person\/b30daf6a5852f4811f8207a17ec1bf78\",\"name\":\"Javor\",\"sameAs\":[\"https:\/\/x.com\/LoudinJan\"],\"url\":\"https:\/\/evertonfc.cz\/index.php\/author\/javor\/\"}]}<\/script>\n<!-- \/ Yoast SEO plugin. -->","yoast_head_json":{"title":"LC Preview: Wolverhampton Wanderers - Everton - Official Czech &amp; Slovak Everton Supporters&#039; Club","description":"Ve Wolverhamptonu se v t\u00e9hle sez\u00f3n\u011b u\u017e jednou vyhr\u00e1lo. Bude v\u00fdrazn\u011b obm\u011bn\u011bn\u00e1 sestava \u00fasp\u011b\u0161n\u00e1 i tentokr\u00e1t?","robots":{"index":"index","follow":"follow","max-snippet":"max-snippet:-1","max-image-preview":"max-image-preview:large","max-video-preview":"max-video-preview:-1"},"canonical":"https:\/\/evertonfc.cz\/index.php\/2025\/09\/23\/preview-ligoveho-poharu-wolverhampton-wanderers-everton\/","og_locale":"cs_CZ","og_type":"article","og_title":"LC Preview: Wolverhampton Wanderers - Everton - Official Czech &amp; Slovak Everton Supporters&#039; Club","og_description":"Ve Wolverhamptonu se v t\u00e9hle sez\u00f3n\u011b u\u017e jednou vyhr\u00e1lo. Bude v\u00fdrazn\u011b obm\u011bn\u011bn\u00e1 sestava \u00fasp\u011b\u0161n\u00e1 i tentokr\u00e1t?","og_url":"https:\/\/evertonfc.cz\/index.php\/2025\/09\/23\/preview-ligoveho-poharu-wolverhampton-wanderers-everton\/","og_site_name":"Official Czech &amp; Slovak Everton Supporters&#039; Club","article_publisher":"https:\/\/www.facebook.com\/everton.fans.cz.sk","article_published_time":"2025-09-23T17:30:29+00:00","article_modified_time":"2025-09-23T17:40:07+00:00","og_image":[{"width":720,"height":405,"url":"https:\/\/evertonfc.cz\/wp-content\/uploads\/2021\/01\/Wolverhampton-Wanderers-VS-Everton.jpg","type":"image\/jpeg"}],"author":"Javor","twitter_card":"summary_large_image","twitter_creator":"@LoudinJan","twitter_misc":{"Napsal(a)":"Javor","Odhadovan\u00e1 doba \u010dten\u00ed":"2 minuty"},"schema":{"@context":"https:\/\/schema.org","@graph":[{"@type":"Article","@id":"https:\/\/evertonfc.cz\/index.php\/2025\/09\/23\/preview-ligoveho-poharu-wolverhampton-wanderers-everton\/#article","isPartOf":{"@id":"https:\/\/evertonfc.cz\/index.php\/2025\/09\/23\/preview-ligoveho-poharu-wolverhampton-wanderers-everton\/"},"author":{"name":"Javor","@id":"https:\/\/evertonfc.cz\/#\/schema\/person\/b30daf6a5852f4811f8207a17ec1bf78"},"headline":"LC Preview: Wolverhampton Wanderers &#8211; Everton","datePublished":"2025-09-23T17:30:29+00:00","dateModified":"2025-09-23T17:40:07+00:00","mainEntityOfPage":{"@id":"https:\/\/evertonfc.cz\/index.php\/2025\/09\/23\/preview-ligoveho-poharu-wolverhampton-wanderers-everton\/"},"wordCount":382,"commentCount":6,"publisher":{"@id":"https:\/\/evertonfc.cz\/#organization"},"image":{"@id":"https:\/\/evertonfc.cz\/index.php\/2025\/09\/23\/preview-ligoveho-poharu-wolverhampton-wanderers-everton\/#primaryimage"},"thumbnailUrl":"https:\/\/evertonfc.cz\/wp-content\/uploads\/2021\/01\/Wolverhampton-Wanderers-VS-Everton.jpg","articleSection":["Z\u00e1pasy"],"inLanguage":"cs","potentialAction":[{"@type":"CommentAction","name":"Comment","target":["https:\/\/evertonfc.cz\/index.php\/2025\/09\/23\/preview-ligoveho-poharu-wolverhampton-wanderers-everton\/#respond"]}]},{"@type":"WebPage","@id":"https:\/\/evertonfc.cz\/index.php\/2025\/09\/23\/preview-ligoveho-poharu-wolverhampton-wanderers-everton\/","url":"https:\/\/evertonfc.cz\/index.php\/2025\/09\/23\/preview-ligoveho-poharu-wolverhampton-wanderers-everton\/","name":"LC Preview: Wolverhampton Wanderers - Everton - Official Czech &amp; Slovak Everton Supporters&#039; Club","isPartOf":{"@id":"https:\/\/evertonfc.cz\/#website"},"primaryImageOfPage":{"@id":"https:\/\/evertonfc.cz\/index.php\/2025\/09\/23\/preview-ligoveho-poharu-wolverhampton-wanderers-everton\/#primaryimage"},"image":{"@id":"https:\/\/evertonfc.cz\/index.php\/2025\/09\/23\/preview-ligoveho-poharu-wolverhampton-wanderers-everton\/#primaryimage"},"thumbnailUrl":"https:\/\/evertonfc.cz\/wp-content\/uploads\/2021\/01\/Wolverhampton-Wanderers-VS-Everton.jpg","datePublished":"2025-09-23T17:30:29+00:00","dateModified":"2025-09-23T17:40:07+00:00","description":"Ve Wolverhamptonu se v t\u00e9hle sez\u00f3n\u011b u\u017e jednou vyhr\u00e1lo. Bude v\u00fdrazn\u011b obm\u011bn\u011bn\u00e1 sestava \u00fasp\u011b\u0161n\u00e1 i tentokr\u00e1t?","breadcrumb":{"@id":"https:\/\/evertonfc.cz\/index.php\/2025\/09\/23\/preview-ligoveho-poharu-wolverhampton-wanderers-everton\/#breadcrumb"},"inLanguage":"cs","potentialAction":[{"@type":"ReadAction","target":["https:\/\/evertonfc.cz\/index.php\/2025\/09\/23\/preview-ligoveho-poharu-wolverhampton-wanderers-everton\/"]}]},{"@type":"ImageObject","inLanguage":"cs","@id":"https:\/\/evertonfc.cz\/index.php\/2025\/09\/23\/preview-ligoveho-poharu-wolverhampton-wanderers-everton\/#primaryimage","url":"https:\/\/evertonfc.cz\/wp-content\/uploads\/2021\/01\/Wolverhampton-Wanderers-VS-Everton.jpg","contentUrl":"https:\/\/evertonfc.cz\/wp-content\/uploads\/2021\/01\/Wolverhampton-Wanderers-VS-Everton.jpg","width":720,"height":405},{"@type":"BreadcrumbList","@id":"https:\/\/evertonfc.cz\/index.php\/2025\/09\/23\/preview-ligoveho-poharu-wolverhampton-wanderers-everton\/#breadcrumb","itemListElement":[{"@type":"ListItem","position":1,"name":"Home","item":"https:\/\/evertonfc.cz\/"},{"@type":"ListItem","position":2,"name":"LC Preview: Wolverhampton Wanderers &#8211; Everton"}]},{"@type":"WebSite","@id":"https:\/\/evertonfc.cz\/#website","url":"https:\/\/evertonfc.cz\/","name":"Official Czech &amp; Slovak Everton Supporters&#039; Club","description":"","publisher":{"@id":"https:\/\/evertonfc.cz\/#organization"},"potentialAction":[{"@type":"SearchAction","target":{"@type":"EntryPoint","urlTemplate":"https:\/\/evertonfc.cz\/?s={search_term_string}"},"query-input":{"@type":"PropertyValueSpecification","valueRequired":true,"valueName":"search_term_string"}}],"inLanguage":"cs"},{"@type":"Organization","@id":"https:\/\/evertonfc.cz\/#organization","name":"Official Czech & Slovak Everton Supporters' Club","url":"https:\/\/evertonfc.cz\/","logo":{"@type":"ImageObject","inLanguage":"cs","@id":"https:\/\/evertonfc.cz\/#\/schema\/logo\/image\/","url":"https:\/\/evertonfc.cz\/wp-content\/uploads\/2019\/05\/logo.png","contentUrl":"https:\/\/evertonfc.cz\/wp-content\/uploads\/2019\/05\/logo.png","width":112,"height":112,"caption":"Official Czech & Slovak Everton Supporters' Club"},"image":{"@id":"https:\/\/evertonfc.cz\/#\/schema\/logo\/image\/"},"sameAs":["https:\/\/www.facebook.com\/everton.fans.cz.sk"]},{"@type":"Person","@id":"https:\/\/evertonfc.cz\/#\/schema\/person\/b30daf6a5852f4811f8207a17ec1bf78","name":"Javor","sameAs":["https:\/\/x.com\/LoudinJan"],"url":"https:\/\/evertonfc.cz\/index.php\/author\/javor\/"}]}},"_links":{"self":[{"href":"https:\/\/evertonfc.cz\/index.php\/wp-json\/wp\/v2\/posts\/27666"}],"collection":[{"href":"https:\/\/evertonfc.cz\/index.php\/wp-json\/wp\/v2\/posts"}],"about":[{"href":"https:\/\/evertonfc.cz\/index.php\/wp-json\/wp\/v2\/types\/post"}],"author":[{"embeddable":true,"href":"https:\/\/evertonfc.cz\/index.php\/wp-json\/wp\/v2\/users\/12"}],"replies":[{"embeddable":true,"href":"https:\/\/evertonfc.cz\/index.php\/wp-json\/wp\/v2\/comments?post=27666"}],"version-history":[{"count":5,"href":"https:\/\/evertonfc.cz\/index.php\/wp-json\/wp\/v2\/posts\/27666\/revisions"}],"predecessor-version":[{"id":27671,"href":"https:\/\/evertonfc.cz\/index.php\/wp-json\/wp\/v2\/posts\/27666\/revisions\/27671"}],"wp:featuredmedia":[{"embeddable":true,"href":"https:\/\/evertonfc.cz\/index.php\/wp-json\/wp\/v2\/media\/13534"}],"wp:attachment":[{"href":"https:\/\/evertonfc.cz\/index.php\/wp-json\/wp\/v2\/media?parent=27666"}],"wp:term":[{"taxonomy":"category","embeddable":true,"href":"https:\/\/evertonfc.cz\/index.php\/wp-json\/wp\/v2\/categories?post=27666"},{"taxonomy":"post_tag","embeddable":true,"href":"https:\/\/evertonfc.cz\/index.php\/wp-json\/wp\/v2\/tags?post=27666"}],"curies":[{"name":"wp","href":"https:\/\/api.w.org\/{rel}","templated":true}]}}