{"id":27703,"date":"2025-09-30T15:51:33","date_gmt":"2025-09-30T13:51:33","guid":{"rendered":"https:\/\/evertonfc.cz\/?p=27703"},"modified":"2025-09-30T17:01:16","modified_gmt":"2025-09-30T15:01:16","slug":"everton-west-ham-united-11-2","status":"publish","type":"post","link":"https:\/\/evertonfc.cz\/index.php\/2025\/09\/30\/everton-west-ham-united-11-2\/","title":{"rendered":"Everton &#8211; West Ham United 1:1"},"content":{"rendered":"<h4>St\u0159edov\u011bk neskon\u010dil, st\u0159edov\u011bk trv\u00e1. West Ham vym\u011bnil vratkou potterovskou magii za pevnou v\u00edru v\u00a0Ducha svat\u00e9ho a Moyes a spol. nena\u0161li zp\u016fsob, jak tuhle p\u0159ek\u00e1\u017eku udolat.<\/h4>\n<p>Bohu\u017eel p\u0159echod na podzim n\u00e1s nezastihl v nejlep\u0161\u00ed form\u011b. Do\u0161ly n\u00e1pady, tu a tam jsou hbit\u00e9 pr\u016fniky a inven\u010dn\u00ed kombinace. T\u011b\u0161it n\u00e1s m\u016f\u017ee udr\u017een\u00ed dom\u00e1c\u00ed neporazitelnosti, ale p\u0159i v\u0161ech sv\u011bt\u00fdlk\u00e1ch v doc\u00edch a na hladin\u011b, bude to sta\u010dit na horn\u00ed polovinu tabulky? Pond\u011bln\u00ed soupe\u0159 se p\u0159\u00edli\u0161 snadno dostal z kle\u0161t\u00ed, o nepr\u016fst\u0159elnost v doc\u00edch n\u00e1s p\u0159ipravil Jarrod Bowen.<\/p>\n<h4>Prvn\u00ed polo\u010das<\/h4>\n<p>Moyes se vr\u00e1til k\u00a0z\u00e1kladn\u00ed ligov\u00e9 XI, nov\u00fd kladiv\u00e1\u0159sk\u00fd lodivod ud\u011blal jednu zm\u011bnu, postil k\u00a0vod\u011b Warda-Prowse. Host\u00e9 vstoupli do utk\u00e1n\u00ed opatrn\u011b, tak\u017ee se Toffees museli rozj\u00ed\u017ed\u011bt pozvolna. A\u017e po \u010dtvrthodin\u011b se dostal k\u00a0hlavi\u010dce Beto a ze sv\u00e9ho k\u0159\u00eddla p\u00e1lil Ndiaye, jen\u017ee Areolu to nevykolejilo.<\/p>\n<p>Jen\u017ee u\u017e v\u00a018. minut\u011b po Garnerov\u011b rohu vyboxoval m\u00ed\u010d na v\u00e1pno, m\u00ed\u010d se vr\u00e1til zp\u011bt ke Garnerovi, jeho\u017e druh\u00fd centr na\u0161el spr\u00e1vn\u00fd ter\u010d. Michael Keane hlavou trefil do s\u00edt\u011b \u2013 <strong>1:0<\/strong>.<\/p>\n<p>Everton se ale uspokojil, nezn\u00e1sobil tlak, naopak pokra\u010doval v\u00a0neefektivn\u00edm obl\u00e9h\u00e1n\u00ed. Zaj\u00edmav\u00fdch situac\u00ed nep\u0159ib\u00fdvalo. Pokud se vloudila do rozehry dom\u00e1c\u00edch chybi\u010dka, za\u010dalo hrozit nebezpe\u010d\u00ed a zachra\u0148ovat musel Tarkowski, kter\u00fd vid\u011bl prvn\u00ed \u017elutou. Na tlumen\u00ed ofenzivn\u00edch choutek zase sta\u010dilo t\u011bsn\u00e9 br\u00e1n\u011bn\u00ed hlavn\u00edho showmakera Grealishe, za p\u00e1r alibistick\u00fdch z\u00e1krok\u016f na konci polo\u010dasu vid\u011bl kartu Walker-Peters. Jinak za pozornost st\u00e1la u\u017e jen hlavi\u010dka Dewsbury-Halla, ale nestihl ji nastavit v\u00a0takov\u00e9m \u00fahlu na Ndiayeho centr, jak bychom pot\u0159ebovali.<\/p>\n<h4>Druh\u00fd polo\u010das<\/h4>\n<p>Everton m\u011bl je\u0161t\u011b momentum na za\u010d\u00e1tku druh\u00e9 p\u016fle, ale Gueye z\u00a0v\u00e1pna st\u0159\u00edlel jako star\u00fd dobr\u00fd Gueye, tedy vysoko nad. A rybka, vlastn\u011b kladivo, vyklouzlo z\u00a0na\u0161ich rukou. O\u2019Brien namazal Summervilleovi, jeho vyp\u00edchnut\u00ed skon\u010dilo mimo ty\u010de. Pak ale upl\u00e1chl Diouf \u010detn\u00edk\u016fm Tarkowskime s\u00a0O\u2019Brienem, Keane sice je\u0161t\u011b odvr\u00e1til, ale na zadn\u00ed ty\u010di si s\u00a0p\u0159\u00edle\u017eitost\u00ed poradil Bowen, zakroutil st\u0159elu do s\u00edt\u011b \u2013 <strong>1:1<\/strong>.<\/p>\n<p>Za\u010dalo se od za\u010d\u00e1tku, jen\u017ee co te\u010f? Nemastn\u00e9ho Beta nahradil neslan\u00fd Barry. Pickford musel krotit Bowenovy dal\u0161\u00ed \u010d\u00e1ry a evertonsk\u00e1 svatyn\u011b se dostala do ohro\u017een\u00ed. Na\u0161t\u011bst\u00ed blokovat st\u0159ely po\u0159\u00e1d um\u00edme znamenit\u011b. Na odpov\u011b\u010f m\u011bl odvahu jen Garner, ale p\u0159\u00edm\u00fd kop poslal vedle, pak m\u011bl nabito od Grealishe, ale Areola jako by tohle u\u017e n\u011bkde vid\u011bt a st\u0159elu k\u00a0ty\u010di kryl.<\/p>\n<p>Z\u00e1v\u011bre\u010dn\u00e9 pozdvi\u017een\u00ed u\u017e p\u0159inesla jen p\u0159\u00edsn\u00e1 a u\u017e v po\u0159ad\u00ed p\u00e1t\u00e1 \u017elut\u00e1 karta pro Dewsbury-Halla, rozhodnut\u00ed nep\u0159inesl ani tah Diblingem, kter\u00fd mo\u017en\u00e1 d\u00edky absenci prvn\u011b jmenovan\u00e9ho do\u010dk\u00e1 p\u0159\u00ed\u0161t\u011b premi\u00e9rov\u00e9ho startu. Obecn\u011b se pak za hr\u00e1\u010de z\u00e1pasu pova\u017euje Michael Keane, nadstandardn\u00edmi v\u00fdkony (ano, p\u0159ipravil si tuto pozici dob\u0159e) v\u010dera ospravednil svoje m\u00edsto v sestav\u011b. M\u016f\u017ee nejistota m\u00edsta nabudit i ofenzivn\u00ed tahouny?<\/p>\n<p style=\"text-align: right;\"><span style=\"font-size: 8pt;\">fotozdroj: skysports.com<\/span><\/p>\n<p><strong>Branky<\/strong>: 18\u2018 Keane \u2013 65\u2018 Bowen<\/p>\n<p><strong>\u017dlut\u00e9<\/strong> <strong>karty<\/strong>: 24\u2018 Tarkowski, 87\u2018 Mykolenko, 90\u2018 Dewsburry-Hall \u2013 33\u2018 Walker-Peters, 48\u2018 Magassa, 64\u2018 Kilman, 82\u2018 Mavropanos<\/p>\n<p><strong>Dr\u017een\u00ed<\/strong> <strong>m\u00ed\u010de<\/strong>: 52% &#8211; 48%\u00a0 <strong>St\u0159ely\/na branku<\/strong>: 12\/6 \u2013 14\/3\u00a0 <strong>Rohy<\/strong>: 3\u20135\u00a0 <strong>xG<\/strong>: 0,74 \u2013 1,19<\/p>\n<p><strong>Everton FC<\/strong>:\u00a0Pickford &#8211; O&#8217;Brien, Tarkowski, Keane, Mykolenko &#8211; Garner, Gueye \u2013 Ndiaye (81\u2018 Dibling), Dewsbury-Hall, Grealish \u2013 Beto (69\u2018 Barry).<\/p>\n<p><strong>West Ham United FC<\/strong>:<strong>\u00a0<\/strong>Areola &#8211; Walker-Peters, Mavropanos, Kilman, Diouf \u2013 Magassa (59\u2018 Potts), Fernandes &#8211; Bowen, Paqueta (90+4\u2018 Igor), Summerville (77\u2018 Luis Guilherme) \u2013 F\u00fcllkrug (90+4\u2018 Irving).<\/p>\n<p><strong>Rozhod\u010d\u00ed<\/strong>: Sam Barrott\u00a0 <strong>Div\u00e1k\u016f<\/strong>: 51 890 (Hill Dickinson Stadium)<\/p>\n","protected":false},"excerpt":{"rendered":"<p>St\u0159edov\u011bk neskon\u010dil, st\u0159edov\u011bk trv\u00e1. West Ham vym\u011bnil vratkou potterovskou magii za pevnou v\u00edru v\u00a0Ducha svat\u00e9ho a Moyes a spol. nena\u0161li zp\u016fsob, jak tuhle p\u0159ek\u00e1\u017eku udolat.<\/p>\n","protected":false},"author":10,"featured_media":27702,"comment_status":"open","ping_status":"closed","sticky":false,"template":"","format":"standard","meta":{"_eb_attr":"","_monsterinsights_skip_tracking":false,"_monsterinsights_sitenote_active":false,"_monsterinsights_sitenote_note":"","_monsterinsights_sitenote_category":0,"footnotes":""},"categories":[4],"tags":[],"yoast_head":"<!-- This site is optimized with the Yoast SEO plugin v23.4 - https:\/\/yoast.com\/wordpress\/plugins\/seo\/ -->\n<title>Everton - West Ham United 1:1 - Official Czech &amp; Slovak Everton Supporters&#039; Club<\/title>\n<meta name=\"robots\" content=\"index, follow, max-snippet:-1, max-image-preview:large, max-video-preview:-1\" \/>\n<link rel=\"canonical\" href=\"https:\/\/evertonfc.cz\/index.php\/2025\/09\/30\/everton-west-ham-united-11-2\/\" \/>\n<meta property=\"og:locale\" content=\"cs_CZ\" \/>\n<meta property=\"og:type\" content=\"article\" \/>\n<meta property=\"og:title\" content=\"Everton - West Ham United 1:1 - Official Czech &amp; Slovak Everton Supporters&#039; Club\" \/>\n<meta property=\"og:description\" content=\"St\u0159edov\u011bk neskon\u010dil, st\u0159edov\u011bk trv\u00e1. West Ham vym\u011bnil vratkou potterovskou magii za pevnou v\u00edru v\u00a0Ducha svat\u00e9ho a Moyes a spol. nena\u0161li zp\u016fsob, jak tuhle p\u0159ek\u00e1\u017eku udolat.\" \/>\n<meta property=\"og:url\" content=\"https:\/\/evertonfc.cz\/index.php\/2025\/09\/30\/everton-west-ham-united-11-2\/\" \/>\n<meta property=\"og:site_name\" content=\"Official Czech &amp; Slovak Everton Supporters&#039; Club\" \/>\n<meta property=\"article:publisher\" content=\"https:\/\/www.facebook.com\/everton.fans.cz.sk\" \/>\n<meta property=\"article:published_time\" content=\"2025-09-30T13:51:33+00:00\" \/>\n<meta property=\"article:modified_time\" content=\"2025-09-30T15:01:16+00:00\" \/>\n<meta property=\"og:image\" content=\"https:\/\/evertonfc.cz\/wp-content\/uploads\/2025\/09\/whu_keane.jpg\" \/>\n\t<meta property=\"og:image:width\" content=\"720\" \/>\n\t<meta property=\"og:image:height\" content=\"405\" \/>\n\t<meta property=\"og:image:type\" content=\"image\/jpeg\" \/>\n<meta name=\"author\" content=\"Fip\" \/>\n<meta name=\"twitter:card\" content=\"summary_large_image\" \/>\n<meta name=\"twitter:label1\" content=\"Napsal(a)\" \/>\n\t<meta name=\"twitter:data1\" content=\"Fip\" \/>\n\t<meta name=\"twitter:label2\" content=\"Odhadovan\u00e1 doba \u010dten\u00ed\" \/>\n\t<meta name=\"twitter:data2\" content=\"3 minuty\" \/>\n<script type=\"application\/ld+json\" class=\"yoast-schema-graph\">{\"@context\":\"https:\/\/schema.org\",\"@graph\":[{\"@type\":\"Article\",\"@id\":\"https:\/\/evertonfc.cz\/index.php\/2025\/09\/30\/everton-west-ham-united-11-2\/#article\",\"isPartOf\":{\"@id\":\"https:\/\/evertonfc.cz\/index.php\/2025\/09\/30\/everton-west-ham-united-11-2\/\"},\"author\":{\"name\":\"Fip\",\"@id\":\"https:\/\/evertonfc.cz\/#\/schema\/person\/35904009755e8eaa0dc1a5f5f0419002\"},\"headline\":\"Everton &#8211; West Ham United 1:1\",\"datePublished\":\"2025-09-30T13:51:33+00:00\",\"dateModified\":\"2025-09-30T15:01:16+00:00\",\"mainEntityOfPage\":{\"@id\":\"https:\/\/evertonfc.cz\/index.php\/2025\/09\/30\/everton-west-ham-united-11-2\/\"},\"wordCount\":655,\"commentCount\":2,\"publisher\":{\"@id\":\"https:\/\/evertonfc.cz\/#organization\"},\"image\":{\"@id\":\"https:\/\/evertonfc.cz\/index.php\/2025\/09\/30\/everton-west-ham-united-11-2\/#primaryimage\"},\"thumbnailUrl\":\"https:\/\/evertonfc.cz\/wp-content\/uploads\/2025\/09\/whu_keane.jpg\",\"articleSection\":[\"Z\u00e1pasy\"],\"inLanguage\":\"cs\",\"potentialAction\":[{\"@type\":\"CommentAction\",\"name\":\"Comment\",\"target\":[\"https:\/\/evertonfc.cz\/index.php\/2025\/09\/30\/everton-west-ham-united-11-2\/#respond\"]}]},{\"@type\":\"WebPage\",\"@id\":\"https:\/\/evertonfc.cz\/index.php\/2025\/09\/30\/everton-west-ham-united-11-2\/\",\"url\":\"https:\/\/evertonfc.cz\/index.php\/2025\/09\/30\/everton-west-ham-united-11-2\/\",\"name\":\"Everton - West Ham United 1:1 - Official Czech &amp; Slovak Everton Supporters&#039; Club\",\"isPartOf\":{\"@id\":\"https:\/\/evertonfc.cz\/#website\"},\"primaryImageOfPage\":{\"@id\":\"https:\/\/evertonfc.cz\/index.php\/2025\/09\/30\/everton-west-ham-united-11-2\/#primaryimage\"},\"image\":{\"@id\":\"https:\/\/evertonfc.cz\/index.php\/2025\/09\/30\/everton-west-ham-united-11-2\/#primaryimage\"},\"thumbnailUrl\":\"https:\/\/evertonfc.cz\/wp-content\/uploads\/2025\/09\/whu_keane.jpg\",\"datePublished\":\"2025-09-30T13:51:33+00:00\",\"dateModified\":\"2025-09-30T15:01:16+00:00\",\"breadcrumb\":{\"@id\":\"https:\/\/evertonfc.cz\/index.php\/2025\/09\/30\/everton-west-ham-united-11-2\/#breadcrumb\"},\"inLanguage\":\"cs\",\"potentialAction\":[{\"@type\":\"ReadAction\",\"target\":[\"https:\/\/evertonfc.cz\/index.php\/2025\/09\/30\/everton-west-ham-united-11-2\/\"]}]},{\"@type\":\"ImageObject\",\"inLanguage\":\"cs\",\"@id\":\"https:\/\/evertonfc.cz\/index.php\/2025\/09\/30\/everton-west-ham-united-11-2\/#primaryimage\",\"url\":\"https:\/\/evertonfc.cz\/wp-content\/uploads\/2025\/09\/whu_keane.jpg\",\"contentUrl\":\"https:\/\/evertonfc.cz\/wp-content\/uploads\/2025\/09\/whu_keane.jpg\",\"width\":720,\"height\":405},{\"@type\":\"BreadcrumbList\",\"@id\":\"https:\/\/evertonfc.cz\/index.php\/2025\/09\/30\/everton-west-ham-united-11-2\/#breadcrumb\",\"itemListElement\":[{\"@type\":\"ListItem\",\"position\":1,\"name\":\"Home\",\"item\":\"https:\/\/evertonfc.cz\/\"},{\"@type\":\"ListItem\",\"position\":2,\"name\":\"Everton &#8211; West Ham United 1:1\"}]},{\"@type\":\"WebSite\",\"@id\":\"https:\/\/evertonfc.cz\/#website\",\"url\":\"https:\/\/evertonfc.cz\/\",\"name\":\"Official Czech &amp; Slovak Everton Supporters&#039; Club\",\"description\":\"\",\"publisher\":{\"@id\":\"https:\/\/evertonfc.cz\/#organization\"},\"potentialAction\":[{\"@type\":\"SearchAction\",\"target\":{\"@type\":\"EntryPoint\",\"urlTemplate\":\"https:\/\/evertonfc.cz\/?s={search_term_string}\"},\"query-input\":{\"@type\":\"PropertyValueSpecification\",\"valueRequired\":true,\"valueName\":\"search_term_string\"}}],\"inLanguage\":\"cs\"},{\"@type\":\"Organization\",\"@id\":\"https:\/\/evertonfc.cz\/#organization\",\"name\":\"Official Czech & Slovak Everton Supporters' Club\",\"url\":\"https:\/\/evertonfc.cz\/\",\"logo\":{\"@type\":\"ImageObject\",\"inLanguage\":\"cs\",\"@id\":\"https:\/\/evertonfc.cz\/#\/schema\/logo\/image\/\",\"url\":\"https:\/\/evertonfc.cz\/wp-content\/uploads\/2019\/05\/logo.png\",\"contentUrl\":\"https:\/\/evertonfc.cz\/wp-content\/uploads\/2019\/05\/logo.png\",\"width\":112,\"height\":112,\"caption\":\"Official Czech & Slovak Everton Supporters' Club\"},\"image\":{\"@id\":\"https:\/\/evertonfc.cz\/#\/schema\/logo\/image\/\"},\"sameAs\":[\"https:\/\/www.facebook.com\/everton.fans.cz.sk\"]},{\"@type\":\"Person\",\"@id\":\"https:\/\/evertonfc.cz\/#\/schema\/person\/35904009755e8eaa0dc1a5f5f0419002\",\"name\":\"Fip\",\"url\":\"https:\/\/evertonfc.cz\/index.php\/author\/fip\/\"}]}<\/script>\n<!-- \/ Yoast SEO plugin. -->","yoast_head_json":{"title":"Everton - West Ham United 1:1 - Official Czech &amp; Slovak Everton Supporters&#039; Club","robots":{"index":"index","follow":"follow","max-snippet":"max-snippet:-1","max-image-preview":"max-image-preview:large","max-video-preview":"max-video-preview:-1"},"canonical":"https:\/\/evertonfc.cz\/index.php\/2025\/09\/30\/everton-west-ham-united-11-2\/","og_locale":"cs_CZ","og_type":"article","og_title":"Everton - West Ham United 1:1 - Official Czech &amp; Slovak Everton Supporters&#039; Club","og_description":"St\u0159edov\u011bk neskon\u010dil, st\u0159edov\u011bk trv\u00e1. West Ham vym\u011bnil vratkou potterovskou magii za pevnou v\u00edru v\u00a0Ducha svat\u00e9ho a Moyes a spol. nena\u0161li zp\u016fsob, jak tuhle p\u0159ek\u00e1\u017eku udolat.","og_url":"https:\/\/evertonfc.cz\/index.php\/2025\/09\/30\/everton-west-ham-united-11-2\/","og_site_name":"Official Czech &amp; Slovak Everton Supporters&#039; Club","article_publisher":"https:\/\/www.facebook.com\/everton.fans.cz.sk","article_published_time":"2025-09-30T13:51:33+00:00","article_modified_time":"2025-09-30T15:01:16+00:00","og_image":[{"width":720,"height":405,"url":"https:\/\/evertonfc.cz\/wp-content\/uploads\/2025\/09\/whu_keane.jpg","type":"image\/jpeg"}],"author":"Fip","twitter_card":"summary_large_image","twitter_misc":{"Napsal(a)":"Fip","Odhadovan\u00e1 doba \u010dten\u00ed":"3 minuty"},"schema":{"@context":"https:\/\/schema.org","@graph":[{"@type":"Article","@id":"https:\/\/evertonfc.cz\/index.php\/2025\/09\/30\/everton-west-ham-united-11-2\/#article","isPartOf":{"@id":"https:\/\/evertonfc.cz\/index.php\/2025\/09\/30\/everton-west-ham-united-11-2\/"},"author":{"name":"Fip","@id":"https:\/\/evertonfc.cz\/#\/schema\/person\/35904009755e8eaa0dc1a5f5f0419002"},"headline":"Everton &#8211; West Ham United 1:1","datePublished":"2025-09-30T13:51:33+00:00","dateModified":"2025-09-30T15:01:16+00:00","mainEntityOfPage":{"@id":"https:\/\/evertonfc.cz\/index.php\/2025\/09\/30\/everton-west-ham-united-11-2\/"},"wordCount":655,"commentCount":2,"publisher":{"@id":"https:\/\/evertonfc.cz\/#organization"},"image":{"@id":"https:\/\/evertonfc.cz\/index.php\/2025\/09\/30\/everton-west-ham-united-11-2\/#primaryimage"},"thumbnailUrl":"https:\/\/evertonfc.cz\/wp-content\/uploads\/2025\/09\/whu_keane.jpg","articleSection":["Z\u00e1pasy"],"inLanguage":"cs","potentialAction":[{"@type":"CommentAction","name":"Comment","target":["https:\/\/evertonfc.cz\/index.php\/2025\/09\/30\/everton-west-ham-united-11-2\/#respond"]}]},{"@type":"WebPage","@id":"https:\/\/evertonfc.cz\/index.php\/2025\/09\/30\/everton-west-ham-united-11-2\/","url":"https:\/\/evertonfc.cz\/index.php\/2025\/09\/30\/everton-west-ham-united-11-2\/","name":"Everton - West Ham United 1:1 - Official Czech &amp; Slovak Everton Supporters&#039; Club","isPartOf":{"@id":"https:\/\/evertonfc.cz\/#website"},"primaryImageOfPage":{"@id":"https:\/\/evertonfc.cz\/index.php\/2025\/09\/30\/everton-west-ham-united-11-2\/#primaryimage"},"image":{"@id":"https:\/\/evertonfc.cz\/index.php\/2025\/09\/30\/everton-west-ham-united-11-2\/#primaryimage"},"thumbnailUrl":"https:\/\/evertonfc.cz\/wp-content\/uploads\/2025\/09\/whu_keane.jpg","datePublished":"2025-09-30T13:51:33+00:00","dateModified":"2025-09-30T15:01:16+00:00","breadcrumb":{"@id":"https:\/\/evertonfc.cz\/index.php\/2025\/09\/30\/everton-west-ham-united-11-2\/#breadcrumb"},"inLanguage":"cs","potentialAction":[{"@type":"ReadAction","target":["https:\/\/evertonfc.cz\/index.php\/2025\/09\/30\/everton-west-ham-united-11-2\/"]}]},{"@type":"ImageObject","inLanguage":"cs","@id":"https:\/\/evertonfc.cz\/index.php\/2025\/09\/30\/everton-west-ham-united-11-2\/#primaryimage","url":"https:\/\/evertonfc.cz\/wp-content\/uploads\/2025\/09\/whu_keane.jpg","contentUrl":"https:\/\/evertonfc.cz\/wp-content\/uploads\/2025\/09\/whu_keane.jpg","width":720,"height":405},{"@type":"BreadcrumbList","@id":"https:\/\/evertonfc.cz\/index.php\/2025\/09\/30\/everton-west-ham-united-11-2\/#breadcrumb","itemListElement":[{"@type":"ListItem","position":1,"name":"Home","item":"https:\/\/evertonfc.cz\/"},{"@type":"ListItem","position":2,"name":"Everton &#8211; West Ham United 1:1"}]},{"@type":"WebSite","@id":"https:\/\/evertonfc.cz\/#website","url":"https:\/\/evertonfc.cz\/","name":"Official Czech &amp; Slovak Everton Supporters&#039; Club","description":"","publisher":{"@id":"https:\/\/evertonfc.cz\/#organization"},"potentialAction":[{"@type":"SearchAction","target":{"@type":"EntryPoint","urlTemplate":"https:\/\/evertonfc.cz\/?s={search_term_string}"},"query-input":{"@type":"PropertyValueSpecification","valueRequired":true,"valueName":"search_term_string"}}],"inLanguage":"cs"},{"@type":"Organization","@id":"https:\/\/evertonfc.cz\/#organization","name":"Official Czech & Slovak Everton Supporters' Club","url":"https:\/\/evertonfc.cz\/","logo":{"@type":"ImageObject","inLanguage":"cs","@id":"https:\/\/evertonfc.cz\/#\/schema\/logo\/image\/","url":"https:\/\/evertonfc.cz\/wp-content\/uploads\/2019\/05\/logo.png","contentUrl":"https:\/\/evertonfc.cz\/wp-content\/uploads\/2019\/05\/logo.png","width":112,"height":112,"caption":"Official Czech & Slovak Everton Supporters' Club"},"image":{"@id":"https:\/\/evertonfc.cz\/#\/schema\/logo\/image\/"},"sameAs":["https:\/\/www.facebook.com\/everton.fans.cz.sk"]},{"@type":"Person","@id":"https:\/\/evertonfc.cz\/#\/schema\/person\/35904009755e8eaa0dc1a5f5f0419002","name":"Fip","url":"https:\/\/evertonfc.cz\/index.php\/author\/fip\/"}]}},"_links":{"self":[{"href":"https:\/\/evertonfc.cz\/index.php\/wp-json\/wp\/v2\/posts\/27703"}],"collection":[{"href":"https:\/\/evertonfc.cz\/index.php\/wp-json\/wp\/v2\/posts"}],"about":[{"href":"https:\/\/evertonfc.cz\/index.php\/wp-json\/wp\/v2\/types\/post"}],"author":[{"embeddable":true,"href":"https:\/\/evertonfc.cz\/index.php\/wp-json\/wp\/v2\/users\/10"}],"replies":[{"embeddable":true,"href":"https:\/\/evertonfc.cz\/index.php\/wp-json\/wp\/v2\/comments?post=27703"}],"version-history":[{"count":3,"href":"https:\/\/evertonfc.cz\/index.php\/wp-json\/wp\/v2\/posts\/27703\/revisions"}],"predecessor-version":[{"id":27706,"href":"https:\/\/evertonfc.cz\/index.php\/wp-json\/wp\/v2\/posts\/27703\/revisions\/27706"}],"wp:featuredmedia":[{"embeddable":true,"href":"https:\/\/evertonfc.cz\/index.php\/wp-json\/wp\/v2\/media\/27702"}],"wp:attachment":[{"href":"https:\/\/evertonfc.cz\/index.php\/wp-json\/wp\/v2\/media?parent=27703"}],"wp:term":[{"taxonomy":"category","embeddable":true,"href":"https:\/\/evertonfc.cz\/index.php\/wp-json\/wp\/v2\/categories?post=27703"},{"taxonomy":"post_tag","embeddable":true,"href":"https:\/\/evertonfc.cz\/index.php\/wp-json\/wp\/v2\/tags?post=27703"}],"curies":[{"name":"wp","href":"https:\/\/api.w.org\/{rel}","templated":true}]}}