{"id":27722,"date":"2025-10-04T22:09:44","date_gmt":"2025-10-04T20:09:44","guid":{"rendered":"https:\/\/evertonfc.cz\/?p=27722"},"modified":"2025-10-04T22:17:19","modified_gmt":"2025-10-04T20:17:19","slug":"preview-everton-crystal-palace-14","status":"publish","type":"post","link":"https:\/\/evertonfc.cz\/index.php\/2025\/10\/04\/preview-everton-crystal-palace-14\/","title":{"rendered":"Preview: Everton \u2013 Crystal Palace"},"content":{"rendered":"<h4>V nede\u013eu popoludn\u00ed n\u00e1s v Bramley-Moore \u010dak\u00e1 poriadne s\u00fasto z ju\u017en\u00e9ho Lond\u00fdna, jedin\u00fd t\u00edm ligy bez prehry. A Toffees id\u00fa do tohto duelu v nie pr\u00e1ve \u017eiarivej forme.<\/h4>\n<p>Kde za\u010da\u0165 pozit\u00edvne? \u010cak\u00e1me na v\u00fdhru u\u017e vy\u0161e mesiaca. Po dvoch par\u00e1dnych skalpoch Brightonu a Wolves pri\u0161li frustruj\u00face rem\u00edzy s Aston Villou (0:0) a West Hamom (1:1) doma, a medzi t\u00fdm hork\u00e9 derby na Anfielde (2:1). Navy\u0161e, z Ligov\u00e9ho poh\u00e1ra n\u00e1s vyhodili bezzub\u00ed Wolves. Fan\u00fa\u0161ikovia by teda u\u017e veru brali nejak\u00fd impulz, a lep\u0161\u00ed moment ako zakon\u010di\u0165 prv\u00fd \u201edouble-header\u201c na novom \u0161tadi\u00f3ne pred prest\u00e1vkou asi nebude.<\/p>\n<p>Palace pod Oliverom Glasnerom s\u00fa ale poriadne tvrd\u00fd orie\u0161ok. V \u0161iestich z\u00e1pasoch maj\u00fa tri v\u00fdhry a tri rem\u00edzy, posledn\u00e9 dve v\u00fdhry nad West Hamom a dokonca aj nad Liverpoolom (oba z\u00e1pasy 2:1). T\u00edm je moment\u00e1lne na 19-z\u00e1pasovej \u0161n\u00fare bez prehry, a vyzer\u00e1 najsilnej\u0161ie za posledn\u00e9 roky. Vyhrali dokonca FA Cup. (!)<\/p>\n<p>Tak\u017ee ot\u00e1zka znie: m\u00e1me v\u00f4bec \u0161ancu? Na papieri to znie hrozivo \u2013 s\u00faper druh\u00fd v lige, najlep\u0161ia defenz\u00edva a najviac vytvoren\u00fdch \u0161anc\u00ed. Ale\u2026 proti Palace m\u00e1me dlhodobo navrch. Od legend\u00e1rneho z\u00e1pasu v m\u00e1ji 2022, ke\u010f hlavi\u010dka Calverta-Lewina zachr\u00e1nila n\u00e1\u0161 prvoligov\u00fd status, sme proti nim neprehrali. V posledn\u00fdch deviatich vz\u00e1jomn\u00fdch z\u00e1pasoch m\u00e1me bilanciu 6 v\u00fdhier a 3 rem\u00edzy. A minul\u00fa sez\u00f3nu sme ich dali dole dvakr\u00e1t \u2013 najprv doma pod Dycheom (jedna z jeho len troch v\u00fdhier v 2024\/25) a potom aj v Selhurst Parku u\u017e pod Moyesom.<\/p>\n<h4><strong>T\u00edmov\u00e9 novinky v\u00a0oboch t\u00e1boroch<\/strong><\/h4>\n<p>Z na\u0161ej kab\u00edny bud\u00fa ch\u00fdba\u0165 Branthwaite a R\u00f6hl. Obaja sa vraj bl\u00ed\u017eia k n\u00e1vratu, ale zatia\u013e to nesta\u010d\u00ed ani na tr\u00e9ning na tr\u00e1ve. Administrat\u00edvnu smolu m\u00e1 Dewsbury-Hall \u2013 stopka na jeden z\u00e1pas za p\u00e4\u0165 \u017elt\u00fdch kariet v \u0161iestich kol\u00e1ch. A pritom aspo\u0148 dve boli absurdn\u00fd vtip \u2013 za r\u00fdchlo rozohran\u00fd priamy kop proti Liverpoolu a za regul\u00e1rny sklz v z\u00e1vere s West Hamom. PGMOL (zbyto\u010dn\u00fd org\u00e1n) s\u00edce uznalo chybu, ale n\u00e1m je to prd platn\u00e9.<\/p>\n<p>Palace mo\u017eno pr\u00eddu bez Will Hughesa, ktor\u00fd m\u00e1 probl\u00e9m s nohou po z\u00e1pase Konferen\u010dnej ligy s Dynamom Kyjev (\u010derstv\u00ed teda nebud\u00fa). Ch\u00fdba\u0165 by im mali aj Doucour\u00e9, Riad (obaja koleno) a Kporha (chrb\u00e1t).<\/p>\n<h4><strong>Ako na nich?<\/strong><\/h4>\n<p>Palace s\u00fa typick\u00fd proti\u00fatokov\u00fd t\u00edm. V\u0161etky ligov\u00e9 v\u00fdhry t\u00fato sez\u00f3nu zaznamenali pri dr\u017ean\u00ed lopty pod 50 %. Ke\u010f musia tvori\u0165 hru, za\u010dn\u00fa ma\u0165 probl\u00e9my. Proti West Hamu \u010di Forest boli zranite\u013en\u00ed po r\u00fdchlych strat\u00e1ch lopty vysoko na ich polovici. Ich rozostavenie s piatimi obrancami znamen\u00e1, \u017ee ke\u010f id\u00fa dopredu, wingbeci vybiehaj\u00fa vysoko a traja vzadu ost\u00e1vaj\u00fa odkryt\u00ed na lopty za obranu. Ak ich v\u0161ak nech\u00e1me hra\u0165 ich hru \u2013 sedenie v hniezde a v\u00fdpady strmhlav \u2013 \u010dak\u00e1 n\u00e1s \u0165a\u017ek\u00fd de\u0148 s Betom a Barrym m\u00e1rne dob\u00edjaj\u00fac\u00edmi hradby.<\/p>\n<p>Od Moyesa sa ve\u013ek\u00fdch zmien v zostave nedo\u010dk\u00e1me. Najlogickej\u0161ia vo\u013eba je Charly Alcaraz namiesto Dewsbury-Halla. Mo\u017en\u00e1 varianta je Jack Grealish v roli desiatky, Ndiaye a Dibling na kr\u00eddlach (alebo ak\u00e9ko\u013evek in\u00e9 poradie). Av\u0161ak s ur\u010ditos\u0165ou zostane v\u0161etko \u201ebezpe\u010dn\u00e9 a konzervat\u00edvne\u201c, ako m\u00e1 Moyes r\u00e1d.<\/p>\n<p>No d\u00f4le\u017eit\u00e9 je, aby Grealish dostal priestor robi\u0165 viac. Boss od neho chce viac striel a v\u00e4\u010d\u0161iu odvahu v zakon\u010den\u00ed. Probl\u00e9m je, \u017ee s\u00faperi u\u017e pochopili, \u017ee cez neho ide v\u00e4\u010d\u0161ina na\u0161ej kreativity, a tak na\u0148ho \u010dasto posielaj\u00fa dvoch aj troch hr\u00e1\u010dov, navy\u0161e sa ho sna\u017eia rozhodi\u0165 fyzick\u00fdmi s\u00fabojmi. Uvid\u00edme, \u010di mu Moyes pom\u00f4\u017ee taktikou, alebo bude musie\u0165 Jack znova \u0165aha\u0165 voz\u00edk s\u00e1m&#8230;<\/p>\n<p><span style=\"color: #ff0000;\"><strong>Bomba na z\u00e1ver<\/strong><\/span> &#8211; EFC strelilo svoj 361. g\u00f3l (Keane) hlavou v \u00e9re Premier League, \u010do je najviac zo v\u0161etk\u00fdch t\u00edmov!<\/p>\n<h3 style=\"text-align: center;\"><span style=\"color: #3366ff;\"><strong><em>Up The Toffees !!!<\/em><\/strong><\/span><\/h3>\n<p><strong>\u010co:<\/strong>\u00a0Everton FC \u2013 Crystal Palace FC, 7. kolo Premier League<br \/>\n<strong>Kedy:<\/strong>\u00a05.10. 2025 od 15:00 SE\u010c<br \/>\n<strong>Ako:\u00a0<\/strong>stream CANAL+Sport 6 (komentuje Mat\u00fa\u0161 Luk\u00e1\u010d)<br \/>\n<strong>Kde:<\/strong>\u00a0Hill Dickinson Stadium \u2013 Bramley-Moore Dock, Regent Rd, Liverpool L5 9SR (kapacita: 52 769)<br \/>\n<strong>Rozhodca:<\/strong>\u00a0Michael Salisbury<strong> \u00a0Asistenti:<\/strong>\u00a0M. Perry, S. Meredith<strong> \u00a0\u0160tvrt\u00fd rozhodca:<\/strong>\u00a0J. Busby<br \/>\n<strong>VAR:\u00a0<\/strong>Craig Pawson<strong> \u00a0Asistent VAR:\u00a0<\/strong>Nick Hopton<\/p>\n","protected":false},"excerpt":{"rendered":"<p>V nede\u013eu popoludn\u00ed n\u00e1s v Bramley-Moore \u010dak\u00e1 poriadne s\u00fasto z ju\u017en\u00e9ho Lond\u00fdna, jedin\u00fd t\u00edm ligy bez prehry. A Toffees id\u00fa do tohto duelu v nie pr\u00e1ve \u017eiarivej forme.<\/p>\n","protected":false},"author":1,"featured_media":27723,"comment_status":"open","ping_status":"closed","sticky":false,"template":"","format":"standard","meta":{"_eb_attr":"","_monsterinsights_skip_tracking":false,"_monsterinsights_sitenote_active":false,"_monsterinsights_sitenote_note":"","_monsterinsights_sitenote_category":0,"footnotes":""},"categories":[4],"tags":[],"yoast_head":"<!-- This site is optimized with the Yoast SEO plugin v23.4 - https:\/\/yoast.com\/wordpress\/plugins\/seo\/ -->\n<title>Preview: Everton \u2013 Crystal Palace - Official Czech &amp; Slovak Everton Supporters&#039; Club<\/title>\n<meta name=\"robots\" content=\"index, follow, max-snippet:-1, max-image-preview:large, max-video-preview:-1\" \/>\n<link rel=\"canonical\" href=\"https:\/\/evertonfc.cz\/index.php\/2025\/10\/04\/preview-everton-crystal-palace-14\/\" \/>\n<meta property=\"og:locale\" content=\"cs_CZ\" \/>\n<meta property=\"og:type\" content=\"article\" \/>\n<meta property=\"og:title\" content=\"Preview: Everton \u2013 Crystal Palace - Official Czech &amp; Slovak Everton Supporters&#039; Club\" \/>\n<meta property=\"og:description\" content=\"V nede\u013eu popoludn\u00ed n\u00e1s v Bramley-Moore \u010dak\u00e1 poriadne s\u00fasto z ju\u017en\u00e9ho Lond\u00fdna, jedin\u00fd t\u00edm ligy bez prehry. A Toffees id\u00fa do tohto duelu v nie pr\u00e1ve \u017eiarivej forme.\" \/>\n<meta property=\"og:url\" content=\"https:\/\/evertonfc.cz\/index.php\/2025\/10\/04\/preview-everton-crystal-palace-14\/\" \/>\n<meta property=\"og:site_name\" content=\"Official Czech &amp; Slovak Everton Supporters&#039; Club\" \/>\n<meta property=\"article:publisher\" content=\"https:\/\/www.facebook.com\/everton.fans.cz.sk\" \/>\n<meta property=\"article:published_time\" content=\"2025-10-04T20:09:44+00:00\" \/>\n<meta property=\"article:modified_time\" content=\"2025-10-04T20:17:19+00:00\" \/>\n<meta property=\"og:image\" content=\"https:\/\/evertonfc.cz\/wp-content\/uploads\/2025\/10\/Everton-BMD-Crystal-Palace.png\" \/>\n\t<meta property=\"og:image:width\" content=\"720\" \/>\n\t<meta property=\"og:image:height\" content=\"405\" \/>\n\t<meta property=\"og:image:type\" content=\"image\/png\" \/>\n<meta name=\"author\" content=\"BlueBlooded\" \/>\n<meta name=\"twitter:card\" content=\"summary_large_image\" \/>\n<meta name=\"twitter:label1\" content=\"Napsal(a)\" \/>\n\t<meta name=\"twitter:data1\" content=\"BlueBlooded\" \/>\n\t<meta name=\"twitter:label2\" content=\"Odhadovan\u00e1 doba \u010dten\u00ed\" \/>\n\t<meta name=\"twitter:data2\" content=\"4 minuty\" \/>\n<script type=\"application\/ld+json\" class=\"yoast-schema-graph\">{\"@context\":\"https:\/\/schema.org\",\"@graph\":[{\"@type\":\"Article\",\"@id\":\"https:\/\/evertonfc.cz\/index.php\/2025\/10\/04\/preview-everton-crystal-palace-14\/#article\",\"isPartOf\":{\"@id\":\"https:\/\/evertonfc.cz\/index.php\/2025\/10\/04\/preview-everton-crystal-palace-14\/\"},\"author\":{\"name\":\"BlueBlooded\",\"@id\":\"https:\/\/evertonfc.cz\/#\/schema\/person\/d4493b8cbea51532597fbc4685698916\"},\"headline\":\"Preview: Everton \u2013 Crystal Palace\",\"datePublished\":\"2025-10-04T20:09:44+00:00\",\"dateModified\":\"2025-10-04T20:17:19+00:00\",\"mainEntityOfPage\":{\"@id\":\"https:\/\/evertonfc.cz\/index.php\/2025\/10\/04\/preview-everton-crystal-palace-14\/\"},\"wordCount\":753,\"commentCount\":17,\"publisher\":{\"@id\":\"https:\/\/evertonfc.cz\/#organization\"},\"image\":{\"@id\":\"https:\/\/evertonfc.cz\/index.php\/2025\/10\/04\/preview-everton-crystal-palace-14\/#primaryimage\"},\"thumbnailUrl\":\"https:\/\/evertonfc.cz\/wp-content\/uploads\/2025\/10\/Everton-BMD-Crystal-Palace.png\",\"articleSection\":[\"Z\u00e1pasy\"],\"inLanguage\":\"cs\",\"potentialAction\":[{\"@type\":\"CommentAction\",\"name\":\"Comment\",\"target\":[\"https:\/\/evertonfc.cz\/index.php\/2025\/10\/04\/preview-everton-crystal-palace-14\/#respond\"]}]},{\"@type\":\"WebPage\",\"@id\":\"https:\/\/evertonfc.cz\/index.php\/2025\/10\/04\/preview-everton-crystal-palace-14\/\",\"url\":\"https:\/\/evertonfc.cz\/index.php\/2025\/10\/04\/preview-everton-crystal-palace-14\/\",\"name\":\"Preview: Everton \u2013 Crystal Palace - Official Czech &amp; Slovak Everton Supporters&#039; Club\",\"isPartOf\":{\"@id\":\"https:\/\/evertonfc.cz\/#website\"},\"primaryImageOfPage\":{\"@id\":\"https:\/\/evertonfc.cz\/index.php\/2025\/10\/04\/preview-everton-crystal-palace-14\/#primaryimage\"},\"image\":{\"@id\":\"https:\/\/evertonfc.cz\/index.php\/2025\/10\/04\/preview-everton-crystal-palace-14\/#primaryimage\"},\"thumbnailUrl\":\"https:\/\/evertonfc.cz\/wp-content\/uploads\/2025\/10\/Everton-BMD-Crystal-Palace.png\",\"datePublished\":\"2025-10-04T20:09:44+00:00\",\"dateModified\":\"2025-10-04T20:17:19+00:00\",\"breadcrumb\":{\"@id\":\"https:\/\/evertonfc.cz\/index.php\/2025\/10\/04\/preview-everton-crystal-palace-14\/#breadcrumb\"},\"inLanguage\":\"cs\",\"potentialAction\":[{\"@type\":\"ReadAction\",\"target\":[\"https:\/\/evertonfc.cz\/index.php\/2025\/10\/04\/preview-everton-crystal-palace-14\/\"]}]},{\"@type\":\"ImageObject\",\"inLanguage\":\"cs\",\"@id\":\"https:\/\/evertonfc.cz\/index.php\/2025\/10\/04\/preview-everton-crystal-palace-14\/#primaryimage\",\"url\":\"https:\/\/evertonfc.cz\/wp-content\/uploads\/2025\/10\/Everton-BMD-Crystal-Palace.png\",\"contentUrl\":\"https:\/\/evertonfc.cz\/wp-content\/uploads\/2025\/10\/Everton-BMD-Crystal-Palace.png\",\"width\":720,\"height\":405},{\"@type\":\"BreadcrumbList\",\"@id\":\"https:\/\/evertonfc.cz\/index.php\/2025\/10\/04\/preview-everton-crystal-palace-14\/#breadcrumb\",\"itemListElement\":[{\"@type\":\"ListItem\",\"position\":1,\"name\":\"Home\",\"item\":\"https:\/\/evertonfc.cz\/\"},{\"@type\":\"ListItem\",\"position\":2,\"name\":\"Preview: Everton \u2013 Crystal Palace\"}]},{\"@type\":\"WebSite\",\"@id\":\"https:\/\/evertonfc.cz\/#website\",\"url\":\"https:\/\/evertonfc.cz\/\",\"name\":\"Official Czech &amp; Slovak Everton Supporters&#039; Club\",\"description\":\"\",\"publisher\":{\"@id\":\"https:\/\/evertonfc.cz\/#organization\"},\"potentialAction\":[{\"@type\":\"SearchAction\",\"target\":{\"@type\":\"EntryPoint\",\"urlTemplate\":\"https:\/\/evertonfc.cz\/?s={search_term_string}\"},\"query-input\":{\"@type\":\"PropertyValueSpecification\",\"valueRequired\":true,\"valueName\":\"search_term_string\"}}],\"inLanguage\":\"cs\"},{\"@type\":\"Organization\",\"@id\":\"https:\/\/evertonfc.cz\/#organization\",\"name\":\"Official Czech & Slovak Everton Supporters' Club\",\"url\":\"https:\/\/evertonfc.cz\/\",\"logo\":{\"@type\":\"ImageObject\",\"inLanguage\":\"cs\",\"@id\":\"https:\/\/evertonfc.cz\/#\/schema\/logo\/image\/\",\"url\":\"https:\/\/evertonfc.cz\/wp-content\/uploads\/2019\/05\/logo.png\",\"contentUrl\":\"https:\/\/evertonfc.cz\/wp-content\/uploads\/2019\/05\/logo.png\",\"width\":112,\"height\":112,\"caption\":\"Official Czech & Slovak Everton Supporters' Club\"},\"image\":{\"@id\":\"https:\/\/evertonfc.cz\/#\/schema\/logo\/image\/\"},\"sameAs\":[\"https:\/\/www.facebook.com\/everton.fans.cz.sk\"]},{\"@type\":\"Person\",\"@id\":\"https:\/\/evertonfc.cz\/#\/schema\/person\/d4493b8cbea51532597fbc4685698916\",\"name\":\"BlueBlooded\",\"url\":\"https:\/\/evertonfc.cz\/index.php\/author\/admin\/\"}]}<\/script>\n<!-- \/ Yoast SEO plugin. -->","yoast_head_json":{"title":"Preview: Everton \u2013 Crystal Palace - Official Czech &amp; Slovak Everton Supporters&#039; Club","robots":{"index":"index","follow":"follow","max-snippet":"max-snippet:-1","max-image-preview":"max-image-preview:large","max-video-preview":"max-video-preview:-1"},"canonical":"https:\/\/evertonfc.cz\/index.php\/2025\/10\/04\/preview-everton-crystal-palace-14\/","og_locale":"cs_CZ","og_type":"article","og_title":"Preview: Everton \u2013 Crystal Palace - Official Czech &amp; Slovak Everton Supporters&#039; Club","og_description":"V nede\u013eu popoludn\u00ed n\u00e1s v Bramley-Moore \u010dak\u00e1 poriadne s\u00fasto z ju\u017en\u00e9ho Lond\u00fdna, jedin\u00fd t\u00edm ligy bez prehry. A Toffees id\u00fa do tohto duelu v nie pr\u00e1ve \u017eiarivej forme.","og_url":"https:\/\/evertonfc.cz\/index.php\/2025\/10\/04\/preview-everton-crystal-palace-14\/","og_site_name":"Official Czech &amp; Slovak Everton Supporters&#039; Club","article_publisher":"https:\/\/www.facebook.com\/everton.fans.cz.sk","article_published_time":"2025-10-04T20:09:44+00:00","article_modified_time":"2025-10-04T20:17:19+00:00","og_image":[{"width":720,"height":405,"url":"https:\/\/evertonfc.cz\/wp-content\/uploads\/2025\/10\/Everton-BMD-Crystal-Palace.png","type":"image\/png"}],"author":"BlueBlooded","twitter_card":"summary_large_image","twitter_misc":{"Napsal(a)":"BlueBlooded","Odhadovan\u00e1 doba \u010dten\u00ed":"4 minuty"},"schema":{"@context":"https:\/\/schema.org","@graph":[{"@type":"Article","@id":"https:\/\/evertonfc.cz\/index.php\/2025\/10\/04\/preview-everton-crystal-palace-14\/#article","isPartOf":{"@id":"https:\/\/evertonfc.cz\/index.php\/2025\/10\/04\/preview-everton-crystal-palace-14\/"},"author":{"name":"BlueBlooded","@id":"https:\/\/evertonfc.cz\/#\/schema\/person\/d4493b8cbea51532597fbc4685698916"},"headline":"Preview: Everton \u2013 Crystal Palace","datePublished":"2025-10-04T20:09:44+00:00","dateModified":"2025-10-04T20:17:19+00:00","mainEntityOfPage":{"@id":"https:\/\/evertonfc.cz\/index.php\/2025\/10\/04\/preview-everton-crystal-palace-14\/"},"wordCount":753,"commentCount":17,"publisher":{"@id":"https:\/\/evertonfc.cz\/#organization"},"image":{"@id":"https:\/\/evertonfc.cz\/index.php\/2025\/10\/04\/preview-everton-crystal-palace-14\/#primaryimage"},"thumbnailUrl":"https:\/\/evertonfc.cz\/wp-content\/uploads\/2025\/10\/Everton-BMD-Crystal-Palace.png","articleSection":["Z\u00e1pasy"],"inLanguage":"cs","potentialAction":[{"@type":"CommentAction","name":"Comment","target":["https:\/\/evertonfc.cz\/index.php\/2025\/10\/04\/preview-everton-crystal-palace-14\/#respond"]}]},{"@type":"WebPage","@id":"https:\/\/evertonfc.cz\/index.php\/2025\/10\/04\/preview-everton-crystal-palace-14\/","url":"https:\/\/evertonfc.cz\/index.php\/2025\/10\/04\/preview-everton-crystal-palace-14\/","name":"Preview: Everton \u2013 Crystal Palace - Official Czech &amp; Slovak Everton Supporters&#039; Club","isPartOf":{"@id":"https:\/\/evertonfc.cz\/#website"},"primaryImageOfPage":{"@id":"https:\/\/evertonfc.cz\/index.php\/2025\/10\/04\/preview-everton-crystal-palace-14\/#primaryimage"},"image":{"@id":"https:\/\/evertonfc.cz\/index.php\/2025\/10\/04\/preview-everton-crystal-palace-14\/#primaryimage"},"thumbnailUrl":"https:\/\/evertonfc.cz\/wp-content\/uploads\/2025\/10\/Everton-BMD-Crystal-Palace.png","datePublished":"2025-10-04T20:09:44+00:00","dateModified":"2025-10-04T20:17:19+00:00","breadcrumb":{"@id":"https:\/\/evertonfc.cz\/index.php\/2025\/10\/04\/preview-everton-crystal-palace-14\/#breadcrumb"},"inLanguage":"cs","potentialAction":[{"@type":"ReadAction","target":["https:\/\/evertonfc.cz\/index.php\/2025\/10\/04\/preview-everton-crystal-palace-14\/"]}]},{"@type":"ImageObject","inLanguage":"cs","@id":"https:\/\/evertonfc.cz\/index.php\/2025\/10\/04\/preview-everton-crystal-palace-14\/#primaryimage","url":"https:\/\/evertonfc.cz\/wp-content\/uploads\/2025\/10\/Everton-BMD-Crystal-Palace.png","contentUrl":"https:\/\/evertonfc.cz\/wp-content\/uploads\/2025\/10\/Everton-BMD-Crystal-Palace.png","width":720,"height":405},{"@type":"BreadcrumbList","@id":"https:\/\/evertonfc.cz\/index.php\/2025\/10\/04\/preview-everton-crystal-palace-14\/#breadcrumb","itemListElement":[{"@type":"ListItem","position":1,"name":"Home","item":"https:\/\/evertonfc.cz\/"},{"@type":"ListItem","position":2,"name":"Preview: Everton \u2013 Crystal Palace"}]},{"@type":"WebSite","@id":"https:\/\/evertonfc.cz\/#website","url":"https:\/\/evertonfc.cz\/","name":"Official Czech &amp; Slovak Everton Supporters&#039; Club","description":"","publisher":{"@id":"https:\/\/evertonfc.cz\/#organization"},"potentialAction":[{"@type":"SearchAction","target":{"@type":"EntryPoint","urlTemplate":"https:\/\/evertonfc.cz\/?s={search_term_string}"},"query-input":{"@type":"PropertyValueSpecification","valueRequired":true,"valueName":"search_term_string"}}],"inLanguage":"cs"},{"@type":"Organization","@id":"https:\/\/evertonfc.cz\/#organization","name":"Official Czech & Slovak Everton Supporters' Club","url":"https:\/\/evertonfc.cz\/","logo":{"@type":"ImageObject","inLanguage":"cs","@id":"https:\/\/evertonfc.cz\/#\/schema\/logo\/image\/","url":"https:\/\/evertonfc.cz\/wp-content\/uploads\/2019\/05\/logo.png","contentUrl":"https:\/\/evertonfc.cz\/wp-content\/uploads\/2019\/05\/logo.png","width":112,"height":112,"caption":"Official Czech & Slovak Everton Supporters' Club"},"image":{"@id":"https:\/\/evertonfc.cz\/#\/schema\/logo\/image\/"},"sameAs":["https:\/\/www.facebook.com\/everton.fans.cz.sk"]},{"@type":"Person","@id":"https:\/\/evertonfc.cz\/#\/schema\/person\/d4493b8cbea51532597fbc4685698916","name":"BlueBlooded","url":"https:\/\/evertonfc.cz\/index.php\/author\/admin\/"}]}},"_links":{"self":[{"href":"https:\/\/evertonfc.cz\/index.php\/wp-json\/wp\/v2\/posts\/27722"}],"collection":[{"href":"https:\/\/evertonfc.cz\/index.php\/wp-json\/wp\/v2\/posts"}],"about":[{"href":"https:\/\/evertonfc.cz\/index.php\/wp-json\/wp\/v2\/types\/post"}],"author":[{"embeddable":true,"href":"https:\/\/evertonfc.cz\/index.php\/wp-json\/wp\/v2\/users\/1"}],"replies":[{"embeddable":true,"href":"https:\/\/evertonfc.cz\/index.php\/wp-json\/wp\/v2\/comments?post=27722"}],"version-history":[{"count":9,"href":"https:\/\/evertonfc.cz\/index.php\/wp-json\/wp\/v2\/posts\/27722\/revisions"}],"predecessor-version":[{"id":27732,"href":"https:\/\/evertonfc.cz\/index.php\/wp-json\/wp\/v2\/posts\/27722\/revisions\/27732"}],"wp:featuredmedia":[{"embeddable":true,"href":"https:\/\/evertonfc.cz\/index.php\/wp-json\/wp\/v2\/media\/27723"}],"wp:attachment":[{"href":"https:\/\/evertonfc.cz\/index.php\/wp-json\/wp\/v2\/media?parent=27722"}],"wp:term":[{"taxonomy":"category","embeddable":true,"href":"https:\/\/evertonfc.cz\/index.php\/wp-json\/wp\/v2\/categories?post=27722"},{"taxonomy":"post_tag","embeddable":true,"href":"https:\/\/evertonfc.cz\/index.php\/wp-json\/wp\/v2\/tags?post=27722"}],"curies":[{"name":"wp","href":"https:\/\/api.w.org\/{rel}","templated":true}]}}