{"id":27765,"date":"2025-10-15T21:11:22","date_gmt":"2025-10-15T19:11:22","guid":{"rendered":"https:\/\/evertonfc.cz\/?p=27765"},"modified":"2025-10-16T13:36:57","modified_gmt":"2025-10-16T11:36:57","slug":"everton-w-man-united-w-14","status":"publish","type":"post","link":"https:\/\/evertonfc.cz\/index.php\/2025\/10\/15\/everton-w-man-united-w-14\/","title":{"rendered":"Everton W &#8211; Man United W 1:4"},"content":{"rendered":"<h4>Do v\u011b\u010dn\u00e9 pam\u011bti historick\u00fdch an\u00e1l\u016f budi\u017e zaznamen\u00e1no, \u017ee prvn\u00ed g\u00f3l v z\u00e1pase \u017een na Bramley-Moore Dock zaznamenala na\u0161e hr\u00e1\u010dka &#8211; Honoka Hayashi.<\/h4>\n<p>P\u0159esto jsme nakonec tento v\u00fdznamn\u00fd z\u00e1pas prohr\u00e1li rozd\u00edlem t\u0159\u00eddy. Ale o tom pozd\u011bji. Na na\u0161i premi\u00e9ru (mu\u017ei maj\u00ed reprezenta\u010dn\u00ed p\u0159est\u00e1vku, a tak by n\u00e1\u0161 kr\u00e1sn\u00fd nov\u00fd stadion z\u016fstal zbyte\u010dn\u011b osi\u0159el\u00fd) na nov\u00e9m svatost\u00e1nku Evertonu dorazil t\u00fdm pos\u00edlen\u00fd o navr\u00e1tiv\u0161\u00ed se Gago. Bohu\u017eel, pro Brosnan a Snoeijs zbyly jen tlust\u00e9 bundy a m\u00edsto za lavi\u010dkou. Spole\u010dnost jim d\u011blaly Finnigan s Galli.\u00a0 United jsou spolu s Chelsea jedin\u00fdm zat\u00edm nepora\u017een\u00fdm t\u00fdmem leto\u0161n\u00edho ro\u010dn\u00edku WSL a na Bramley-Moore Dock dorazily v pln\u00e9 s\u00edle.<\/p>\n<h4>Prvn\u00ed polo\u010das<\/h4>\n<p>Od sam\u00e9ho za\u010d\u00e1tku jsme naprosto nest\u00edhali. United n\u00e1s p\u0159ed\u010dily v podstat\u011b ve v\u0161em, krom jedin\u00e9ho &#8211; nepoda\u0159ilo se jim v prvn\u00ed polo\u010dase sk\u00f3rovat. P\u0159esto by nebylo divu, kdyby u\u017e po p\u011bti minut\u00e1ch nevedly 0:2. Na\u0161t\u011bst\u00ed pro n\u00e1s\u00a0 Tereland, <span class=\"visually-hidden ssrcss-1f39n02-VisuallyHidden e16en2lz0\">Naalsund ani Malard nem\u00ed\u0159ily p\u0159esn\u011b nebo jejich st\u0159ely postr\u00e1daly pot\u0159ebnou energii. Na\u0161e obrana byla zejm\u00e9na pro Malard trestuhodn\u011b prostupn\u00e1 a sm\u011brem dop\u0159edu jsme se obvykle dok\u00e1zali dostat jen t\u011bsn\u011b za p\u016flic\u00ed \u010d\u00e1ru. T\u00edm p\u0159ekvapiv\u011bj\u0161\u00ed bylo, kdy\u017e jsme se v 16. minut\u011b dostali do veden\u00ed.<\/span><\/p>\n<p><span class=\"visually-hidden ssrcss-1f39n02-VisuallyHidden e16en2lz0\">Robinson se pokou\u0161ela doj\u00edt si pro faul, ale vyklubal se z toho pro n\u00e1s jen roh.\u00a0 Ten kr\u00e1sn\u011b zahr\u00e1la Momiki,\u00a0 Hayashi si nab\u011bhla na m\u00ed\u010d a zbl\u00edzka jej uklidila tam, kam pat\u0159\u00ed &#8211; <strong>1:0<\/strong>. G\u00f3l obraz hry zm\u011bnil. United znerv\u00f3zn\u011bly a mo\u017en\u00e1 i zvolnily, n\u00e1m narostlo sebev\u011bdom\u00ed. Hayashi byla prakticky v\u0161ude a n\u00e1b\u011bhy Robinson tak\u00e9 nebyly k zahozen\u00ed. Vybojovali jsme dal\u0161\u00edch p\u00e1r roh\u016f a \u0161ance z nich m\u011bly. Bohu\u017eel neprom\u011bn\u011bn\u00e9. Ale ani United nezah\u00e1lely a zejm\u00e9na odkop Holmgaard a st\u0159ela Toone m\u00e1lem p\u0159inesly vyrovn\u00e1n\u00ed.<\/span><\/p>\n<h4>Druh\u00fd polo\u010das<\/h4>\n<p>Na\u0161e po\u010d\u00e1te\u010dn\u00ed odhodl\u00e1n\u00ed ubr\u00e1nit jednog\u00f3lov\u00fd n\u00e1skok a p\u0159\u00edpadn\u011b k n\u011bmu je\u0161t\u011b n\u011bco p\u0159idat dostalo r\u00e1nu v 62. minut\u011b , kdy Mallard nadvakr\u00e1t p\u0159ekonala Ramsey &#8211; <strong>1:1<\/strong>.\u00a0 Hr\u00e1\u010dky v rud\u00fdch dresech na n\u00e1s za\u010daly nep\u0159\u00edjemn\u011b dot\u00edrat,\u00a0 k \u010demu\u017e p\u0159isp\u011bl i p\u0159\u00edchod Park na tr\u00e1vn\u00edk. V 72. minut\u011b p\u0159i br\u00e1n\u011bn\u00ed p\u0159\u00edm\u00e9ho kopu si Kitagawa ne\u0161\u0165astn\u011b kopla m\u00ed\u010d do vlastn\u00ed branky ve snaze uklidit merunu do bezpe\u010d\u00ed &#8211; <strong>1:2<\/strong>. To byla opravdu \u0161koda, proto\u017ee Kitagawa do t\u00e9 doby hr\u00e1la velmi solidn\u011b. Te\u010d st\u00e1la i za t\u0159et\u00edm g\u00f3lem Devils z 84. minuty, kdy do st\u0159ely Jess Park str\u010dila nohu Stenevik a m\u00ed\u010d tak usm\u011brnila do protipohybu Ramsey &#8211; <strong>1:3<\/strong>.\u00a0 Park p\u0159idala i posledn\u00ed g\u00f3l z\u00e1pasu v 89. minut\u011b, kdy zu\u017eitkovala p\u0159ihr\u00e1vku Toone &#8211; <strong>1:4<\/strong>. Pak u\u017e toto p\u0159edstaven\u00ed na\u0161t\u011bst\u00ed skon\u010dilo.<\/p>\n<h4>Shrnut\u00ed<\/h4>\n<p>Nemohoucnost a po druh\u00e9m druh\u00e9m obdr\u017een\u00e9m g\u00f3lu t\u00e9m\u011b\u0159 a\u017e odevzdanost charakterizovaly n\u00e1\u0161 v\u00fdkon v tomto z\u00e1pase. V\u00fdkonostn\u00ed rozd\u00edl mezi n\u00e1mi a United byl nep\u0159\u00edjemn\u011b o\u010dividn\u00fd, koncem z\u00e1pasu u\u017e jsme na hr\u00e1\u010dky v rud\u00e9m nesta\u010dili ani fyzicky. Je pravda, \u017ee jsme v l\u00e9t\u011b nakoupili dev\u011bt hr\u00e1\u010dek a za\u010dlenit je \u00fa\u010dinn\u011b do sestavy m\u016f\u017ee n\u011bjakou dobu trvat. Nicm\u00e9n\u011b tato ochrann\u00e1 doba by se u\u017e m\u011bla ch\u00fdlit ke sv\u00e9mu z\u00e1b\u011bru. Povzbudiv\u00e9 je, \u017ee individu\u00e1ln\u00ed snaha Mace, v\u0161ech na\u0161ich Japonek nebo Wheeler byla o\u010dividn\u00e1. M\u00e9n\u011b povzbudiv\u00e9 je, \u017ee na soupe\u0159e z horn\u00edch p\u0159\u00ed\u010dek tabulky to prost\u011b nesta\u010d\u00ed. A je\u0161t\u011b m\u00e9n\u011b povzbudiv\u00e9 je, \u017ee jsme od \u00favodn\u00edho derby sez\u00f3ny letos je\u0161t\u011b nevyhr\u00e1li. V ned\u011bli n\u00e1s \u010dek\u00e1 z\u00e1pas League Cup s Nottingham Forest, ve kter\u00e9m n\u00e1m o mnoho nejde a po n\u011bm reprezenta\u010dn\u00ed pauza. Liga se k n\u00e1m vrac\u00ed 2.11. v podob\u011b v\u00fdjezdu k Villans. <strong><span style=\"color: #0000ff;\">COYBG!<\/span><\/strong><\/p>\n<p style=\"text-align: right;\"><span style=\"font-size: 8pt;\"><em>Fotografie: Hayashi slav\u00ed\u00a0 prvn\u00ed g\u00f3l na\u00a0<\/em><em>Bramley-Moore\u00a0<\/em><em>(zdoj: Getty Images)<\/em><\/span><\/p>\n<p><strong>G\u00f3ly:<\/strong> Hayashi (16\u00b4) &#8211; Mallard (62\u00b4), Kitagawa (o.g. 70\u00b4), Park (84\u00b4, 89\u00b4)<\/p>\n<p><strong>\u017dK:<\/strong> Sandberg<\/p>\n<p><strong>EFC (4-2-3-1):<\/strong> Ramsey; Fern\u00e1ndez<span class=\"visually-hidden ssrcss-1f39n02-VisuallyHidden e16en2lz0\">, Stenevik, <\/span><span class=\"visually-hidden ssrcss-1f39n02-VisuallyHidden e16en2lz0\">Holmgaard (Ladd 83&#8242;), <\/span>Kitagawa (Pacheco 77&#8242;); Wheeler, Mace; Robinson (Gago 67&#8242;), Hayashi (van Gool 77&#8242;), Momiki (Payne 67&#8242;); Vignola<\/p>\n<p><strong>MUTD (4-1-4-1): <\/strong>Tullis-Joyce; Riviere<span class=\"visually-hidden ssrcss-1f39n02-VisuallyHidden e16en2lz0\">, Le Tissier, <\/span><span class=\"visually-hidden ssrcss-1f39n02-VisuallyHidden e16en2lz0\">Janssen, <\/span><span aria-hidden=\"true\">Sandberg (George 76&#8242;); Miyazawa; M<\/span>alard (Williams 80&#8242;),<span class=\"visually-hidden ssrcss-1f39n02-VisuallyHidden e16en2lz0\"> Naalsund (Zigiotti Olme 76&#8242;), <\/span><span class=\"visually-hidden ssrcss-1f39n02-VisuallyHidden e16en2lz0\">Toone, <\/span><span class=\"visually-hidden ssrcss-1f39n02-VisuallyHidden e16en2lz0\">Rolf\u00f6 (Galton 80&#8242;); Terland (Park 51&#8242;)<\/span><\/p>\n<p><strong>Rozhod\u010d\u00ed:<\/strong> Stacey Fullicks\u00a0 <strong>Div\u00e1ci:<\/strong> 18 154 (Hill Dickinson Stadium)<\/p>\n<p><iframe loading=\"lazy\" title=\"FULL MATCH: Everton v Manchester United | Barclays WSL 25\/26\" width=\"1140\" height=\"641\" src=\"https:\/\/www.youtube.com\/embed\/Q8Bq0h9vp7Q?feature=oembed\" frameborder=\"0\" allow=\"accelerometer; autoplay; clipboard-write; encrypted-media; gyroscope; picture-in-picture; web-share\" referrerpolicy=\"strict-origin-when-cross-origin\" allowfullscreen><\/iframe><\/p>\n","protected":false},"excerpt":{"rendered":"<p>Do v\u011b\u010dn\u00e9 pam\u011bti historick\u00fdch an\u00e1l\u016f budi\u017e zaznamen\u00e1no, \u017ee prvn\u00ed g\u00f3l v z\u00e1pase \u017een na Bramley-Moore Dock zaznamenala na\u0161e hr\u00e1\u010dka &#8211; Honoka Hayashi.<\/p>\n","protected":false},"author":26,"featured_media":27772,"comment_status":"open","ping_status":"closed","sticky":false,"template":"","format":"standard","meta":{"_eb_attr":"","_monsterinsights_skip_tracking":false,"_monsterinsights_sitenote_active":false,"_monsterinsights_sitenote_note":"","_monsterinsights_sitenote_category":0,"footnotes":""},"categories":[110],"tags":[],"yoast_head":"<!-- This site is optimized with the Yoast SEO plugin v23.4 - https:\/\/yoast.com\/wordpress\/plugins\/seo\/ -->\n<title>Everton W - Man United W 1:4 - Official Czech &amp; Slovak Everton Supporters&#039; Club<\/title>\n<meta name=\"robots\" content=\"index, follow, max-snippet:-1, max-image-preview:large, max-video-preview:-1\" \/>\n<link rel=\"canonical\" href=\"https:\/\/evertonfc.cz\/index.php\/2025\/10\/15\/everton-w-man-united-w-14\/\" \/>\n<meta property=\"og:locale\" content=\"cs_CZ\" \/>\n<meta property=\"og:type\" content=\"article\" \/>\n<meta property=\"og:title\" content=\"Everton W - Man United W 1:4 - Official Czech &amp; Slovak Everton Supporters&#039; Club\" \/>\n<meta property=\"og:description\" content=\"Do v\u011b\u010dn\u00e9 pam\u011bti historick\u00fdch an\u00e1l\u016f budi\u017e zaznamen\u00e1no, \u017ee prvn\u00ed g\u00f3l v z\u00e1pase \u017een na Bramley-Moore Dock zaznamenala na\u0161e hr\u00e1\u010dka - Honoka Hayashi.\" \/>\n<meta property=\"og:url\" content=\"https:\/\/evertonfc.cz\/index.php\/2025\/10\/15\/everton-w-man-united-w-14\/\" \/>\n<meta property=\"og:site_name\" content=\"Official Czech &amp; Slovak Everton Supporters&#039; Club\" \/>\n<meta property=\"article:publisher\" content=\"https:\/\/www.facebook.com\/everton.fans.cz.sk\" \/>\n<meta property=\"article:published_time\" content=\"2025-10-15T19:11:22+00:00\" \/>\n<meta property=\"article:modified_time\" content=\"2025-10-16T11:36:57+00:00\" \/>\n<meta property=\"og:image\" content=\"https:\/\/evertonfc.cz\/wp-content\/uploads\/2025\/10\/Hayashi-slavi-12_10_2025-web.jpg\" \/>\n\t<meta property=\"og:image:width\" content=\"720\" \/>\n\t<meta property=\"og:image:height\" content=\"405\" \/>\n\t<meta property=\"og:image:type\" content=\"image\/jpeg\" \/>\n<meta name=\"author\" content=\"Karamela\" \/>\n<meta name=\"twitter:card\" content=\"summary_large_image\" \/>\n<meta name=\"twitter:label1\" content=\"Napsal(a)\" \/>\n\t<meta name=\"twitter:data1\" content=\"Karamela\" \/>\n\t<meta name=\"twitter:label2\" content=\"Odhadovan\u00e1 doba \u010dten\u00ed\" \/>\n\t<meta name=\"twitter:data2\" content=\"4 minuty\" \/>\n<script type=\"application\/ld+json\" class=\"yoast-schema-graph\">{\"@context\":\"https:\/\/schema.org\",\"@graph\":[{\"@type\":\"Article\",\"@id\":\"https:\/\/evertonfc.cz\/index.php\/2025\/10\/15\/everton-w-man-united-w-14\/#article\",\"isPartOf\":{\"@id\":\"https:\/\/evertonfc.cz\/index.php\/2025\/10\/15\/everton-w-man-united-w-14\/\"},\"author\":{\"name\":\"Karamela\",\"@id\":\"https:\/\/evertonfc.cz\/#\/schema\/person\/e9a24a80a32efa1344dd2c4e5882185c\"},\"headline\":\"Everton W &#8211; Man United W 1:4\",\"datePublished\":\"2025-10-15T19:11:22+00:00\",\"dateModified\":\"2025-10-16T11:36:57+00:00\",\"mainEntityOfPage\":{\"@id\":\"https:\/\/evertonfc.cz\/index.php\/2025\/10\/15\/everton-w-man-united-w-14\/\"},\"wordCount\":839,\"commentCount\":0,\"publisher\":{\"@id\":\"https:\/\/evertonfc.cz\/#organization\"},\"image\":{\"@id\":\"https:\/\/evertonfc.cz\/index.php\/2025\/10\/15\/everton-w-man-united-w-14\/#primaryimage\"},\"thumbnailUrl\":\"https:\/\/evertonfc.cz\/wp-content\/uploads\/2025\/10\/Hayashi-slavi-12_10_2025-web.jpg\",\"articleSection\":[\"Everton Women\"],\"inLanguage\":\"cs\",\"potentialAction\":[{\"@type\":\"CommentAction\",\"name\":\"Comment\",\"target\":[\"https:\/\/evertonfc.cz\/index.php\/2025\/10\/15\/everton-w-man-united-w-14\/#respond\"]}]},{\"@type\":\"WebPage\",\"@id\":\"https:\/\/evertonfc.cz\/index.php\/2025\/10\/15\/everton-w-man-united-w-14\/\",\"url\":\"https:\/\/evertonfc.cz\/index.php\/2025\/10\/15\/everton-w-man-united-w-14\/\",\"name\":\"Everton W - Man United W 1:4 - Official Czech &amp; Slovak Everton Supporters&#039; Club\",\"isPartOf\":{\"@id\":\"https:\/\/evertonfc.cz\/#website\"},\"primaryImageOfPage\":{\"@id\":\"https:\/\/evertonfc.cz\/index.php\/2025\/10\/15\/everton-w-man-united-w-14\/#primaryimage\"},\"image\":{\"@id\":\"https:\/\/evertonfc.cz\/index.php\/2025\/10\/15\/everton-w-man-united-w-14\/#primaryimage\"},\"thumbnailUrl\":\"https:\/\/evertonfc.cz\/wp-content\/uploads\/2025\/10\/Hayashi-slavi-12_10_2025-web.jpg\",\"datePublished\":\"2025-10-15T19:11:22+00:00\",\"dateModified\":\"2025-10-16T11:36:57+00:00\",\"breadcrumb\":{\"@id\":\"https:\/\/evertonfc.cz\/index.php\/2025\/10\/15\/everton-w-man-united-w-14\/#breadcrumb\"},\"inLanguage\":\"cs\",\"potentialAction\":[{\"@type\":\"ReadAction\",\"target\":[\"https:\/\/evertonfc.cz\/index.php\/2025\/10\/15\/everton-w-man-united-w-14\/\"]}]},{\"@type\":\"ImageObject\",\"inLanguage\":\"cs\",\"@id\":\"https:\/\/evertonfc.cz\/index.php\/2025\/10\/15\/everton-w-man-united-w-14\/#primaryimage\",\"url\":\"https:\/\/evertonfc.cz\/wp-content\/uploads\/2025\/10\/Hayashi-slavi-12_10_2025-web.jpg\",\"contentUrl\":\"https:\/\/evertonfc.cz\/wp-content\/uploads\/2025\/10\/Hayashi-slavi-12_10_2025-web.jpg\",\"width\":720,\"height\":405},{\"@type\":\"BreadcrumbList\",\"@id\":\"https:\/\/evertonfc.cz\/index.php\/2025\/10\/15\/everton-w-man-united-w-14\/#breadcrumb\",\"itemListElement\":[{\"@type\":\"ListItem\",\"position\":1,\"name\":\"Home\",\"item\":\"https:\/\/evertonfc.cz\/\"},{\"@type\":\"ListItem\",\"position\":2,\"name\":\"Everton W &#8211; Man United W 1:4\"}]},{\"@type\":\"WebSite\",\"@id\":\"https:\/\/evertonfc.cz\/#website\",\"url\":\"https:\/\/evertonfc.cz\/\",\"name\":\"Official Czech &amp; Slovak Everton Supporters&#039; Club\",\"description\":\"\",\"publisher\":{\"@id\":\"https:\/\/evertonfc.cz\/#organization\"},\"potentialAction\":[{\"@type\":\"SearchAction\",\"target\":{\"@type\":\"EntryPoint\",\"urlTemplate\":\"https:\/\/evertonfc.cz\/?s={search_term_string}\"},\"query-input\":{\"@type\":\"PropertyValueSpecification\",\"valueRequired\":true,\"valueName\":\"search_term_string\"}}],\"inLanguage\":\"cs\"},{\"@type\":\"Organization\",\"@id\":\"https:\/\/evertonfc.cz\/#organization\",\"name\":\"Official Czech & Slovak Everton Supporters' Club\",\"url\":\"https:\/\/evertonfc.cz\/\",\"logo\":{\"@type\":\"ImageObject\",\"inLanguage\":\"cs\",\"@id\":\"https:\/\/evertonfc.cz\/#\/schema\/logo\/image\/\",\"url\":\"https:\/\/evertonfc.cz\/wp-content\/uploads\/2019\/05\/logo.png\",\"contentUrl\":\"https:\/\/evertonfc.cz\/wp-content\/uploads\/2019\/05\/logo.png\",\"width\":112,\"height\":112,\"caption\":\"Official Czech & Slovak Everton Supporters' Club\"},\"image\":{\"@id\":\"https:\/\/evertonfc.cz\/#\/schema\/logo\/image\/\"},\"sameAs\":[\"https:\/\/www.facebook.com\/everton.fans.cz.sk\"]},{\"@type\":\"Person\",\"@id\":\"https:\/\/evertonfc.cz\/#\/schema\/person\/e9a24a80a32efa1344dd2c4e5882185c\",\"name\":\"Karamela\",\"url\":\"https:\/\/evertonfc.cz\/index.php\/author\/karamela\/\"}]}<\/script>\n<!-- \/ Yoast SEO plugin. -->","yoast_head_json":{"title":"Everton W - Man United W 1:4 - Official Czech &amp; Slovak Everton Supporters&#039; Club","robots":{"index":"index","follow":"follow","max-snippet":"max-snippet:-1","max-image-preview":"max-image-preview:large","max-video-preview":"max-video-preview:-1"},"canonical":"https:\/\/evertonfc.cz\/index.php\/2025\/10\/15\/everton-w-man-united-w-14\/","og_locale":"cs_CZ","og_type":"article","og_title":"Everton W - Man United W 1:4 - Official Czech &amp; Slovak Everton Supporters&#039; Club","og_description":"Do v\u011b\u010dn\u00e9 pam\u011bti historick\u00fdch an\u00e1l\u016f budi\u017e zaznamen\u00e1no, \u017ee prvn\u00ed g\u00f3l v z\u00e1pase \u017een na Bramley-Moore Dock zaznamenala na\u0161e hr\u00e1\u010dka - Honoka Hayashi.","og_url":"https:\/\/evertonfc.cz\/index.php\/2025\/10\/15\/everton-w-man-united-w-14\/","og_site_name":"Official Czech &amp; Slovak Everton Supporters&#039; Club","article_publisher":"https:\/\/www.facebook.com\/everton.fans.cz.sk","article_published_time":"2025-10-15T19:11:22+00:00","article_modified_time":"2025-10-16T11:36:57+00:00","og_image":[{"width":720,"height":405,"url":"https:\/\/evertonfc.cz\/wp-content\/uploads\/2025\/10\/Hayashi-slavi-12_10_2025-web.jpg","type":"image\/jpeg"}],"author":"Karamela","twitter_card":"summary_large_image","twitter_misc":{"Napsal(a)":"Karamela","Odhadovan\u00e1 doba \u010dten\u00ed":"4 minuty"},"schema":{"@context":"https:\/\/schema.org","@graph":[{"@type":"Article","@id":"https:\/\/evertonfc.cz\/index.php\/2025\/10\/15\/everton-w-man-united-w-14\/#article","isPartOf":{"@id":"https:\/\/evertonfc.cz\/index.php\/2025\/10\/15\/everton-w-man-united-w-14\/"},"author":{"name":"Karamela","@id":"https:\/\/evertonfc.cz\/#\/schema\/person\/e9a24a80a32efa1344dd2c4e5882185c"},"headline":"Everton W &#8211; Man United W 1:4","datePublished":"2025-10-15T19:11:22+00:00","dateModified":"2025-10-16T11:36:57+00:00","mainEntityOfPage":{"@id":"https:\/\/evertonfc.cz\/index.php\/2025\/10\/15\/everton-w-man-united-w-14\/"},"wordCount":839,"commentCount":0,"publisher":{"@id":"https:\/\/evertonfc.cz\/#organization"},"image":{"@id":"https:\/\/evertonfc.cz\/index.php\/2025\/10\/15\/everton-w-man-united-w-14\/#primaryimage"},"thumbnailUrl":"https:\/\/evertonfc.cz\/wp-content\/uploads\/2025\/10\/Hayashi-slavi-12_10_2025-web.jpg","articleSection":["Everton Women"],"inLanguage":"cs","potentialAction":[{"@type":"CommentAction","name":"Comment","target":["https:\/\/evertonfc.cz\/index.php\/2025\/10\/15\/everton-w-man-united-w-14\/#respond"]}]},{"@type":"WebPage","@id":"https:\/\/evertonfc.cz\/index.php\/2025\/10\/15\/everton-w-man-united-w-14\/","url":"https:\/\/evertonfc.cz\/index.php\/2025\/10\/15\/everton-w-man-united-w-14\/","name":"Everton W - Man United W 1:4 - Official Czech &amp; Slovak Everton Supporters&#039; Club","isPartOf":{"@id":"https:\/\/evertonfc.cz\/#website"},"primaryImageOfPage":{"@id":"https:\/\/evertonfc.cz\/index.php\/2025\/10\/15\/everton-w-man-united-w-14\/#primaryimage"},"image":{"@id":"https:\/\/evertonfc.cz\/index.php\/2025\/10\/15\/everton-w-man-united-w-14\/#primaryimage"},"thumbnailUrl":"https:\/\/evertonfc.cz\/wp-content\/uploads\/2025\/10\/Hayashi-slavi-12_10_2025-web.jpg","datePublished":"2025-10-15T19:11:22+00:00","dateModified":"2025-10-16T11:36:57+00:00","breadcrumb":{"@id":"https:\/\/evertonfc.cz\/index.php\/2025\/10\/15\/everton-w-man-united-w-14\/#breadcrumb"},"inLanguage":"cs","potentialAction":[{"@type":"ReadAction","target":["https:\/\/evertonfc.cz\/index.php\/2025\/10\/15\/everton-w-man-united-w-14\/"]}]},{"@type":"ImageObject","inLanguage":"cs","@id":"https:\/\/evertonfc.cz\/index.php\/2025\/10\/15\/everton-w-man-united-w-14\/#primaryimage","url":"https:\/\/evertonfc.cz\/wp-content\/uploads\/2025\/10\/Hayashi-slavi-12_10_2025-web.jpg","contentUrl":"https:\/\/evertonfc.cz\/wp-content\/uploads\/2025\/10\/Hayashi-slavi-12_10_2025-web.jpg","width":720,"height":405},{"@type":"BreadcrumbList","@id":"https:\/\/evertonfc.cz\/index.php\/2025\/10\/15\/everton-w-man-united-w-14\/#breadcrumb","itemListElement":[{"@type":"ListItem","position":1,"name":"Home","item":"https:\/\/evertonfc.cz\/"},{"@type":"ListItem","position":2,"name":"Everton W &#8211; Man United W 1:4"}]},{"@type":"WebSite","@id":"https:\/\/evertonfc.cz\/#website","url":"https:\/\/evertonfc.cz\/","name":"Official Czech &amp; Slovak Everton Supporters&#039; Club","description":"","publisher":{"@id":"https:\/\/evertonfc.cz\/#organization"},"potentialAction":[{"@type":"SearchAction","target":{"@type":"EntryPoint","urlTemplate":"https:\/\/evertonfc.cz\/?s={search_term_string}"},"query-input":{"@type":"PropertyValueSpecification","valueRequired":true,"valueName":"search_term_string"}}],"inLanguage":"cs"},{"@type":"Organization","@id":"https:\/\/evertonfc.cz\/#organization","name":"Official Czech & Slovak Everton Supporters' Club","url":"https:\/\/evertonfc.cz\/","logo":{"@type":"ImageObject","inLanguage":"cs","@id":"https:\/\/evertonfc.cz\/#\/schema\/logo\/image\/","url":"https:\/\/evertonfc.cz\/wp-content\/uploads\/2019\/05\/logo.png","contentUrl":"https:\/\/evertonfc.cz\/wp-content\/uploads\/2019\/05\/logo.png","width":112,"height":112,"caption":"Official Czech & Slovak Everton Supporters' Club"},"image":{"@id":"https:\/\/evertonfc.cz\/#\/schema\/logo\/image\/"},"sameAs":["https:\/\/www.facebook.com\/everton.fans.cz.sk"]},{"@type":"Person","@id":"https:\/\/evertonfc.cz\/#\/schema\/person\/e9a24a80a32efa1344dd2c4e5882185c","name":"Karamela","url":"https:\/\/evertonfc.cz\/index.php\/author\/karamela\/"}]}},"_links":{"self":[{"href":"https:\/\/evertonfc.cz\/index.php\/wp-json\/wp\/v2\/posts\/27765"}],"collection":[{"href":"https:\/\/evertonfc.cz\/index.php\/wp-json\/wp\/v2\/posts"}],"about":[{"href":"https:\/\/evertonfc.cz\/index.php\/wp-json\/wp\/v2\/types\/post"}],"author":[{"embeddable":true,"href":"https:\/\/evertonfc.cz\/index.php\/wp-json\/wp\/v2\/users\/26"}],"replies":[{"embeddable":true,"href":"https:\/\/evertonfc.cz\/index.php\/wp-json\/wp\/v2\/comments?post=27765"}],"version-history":[{"count":9,"href":"https:\/\/evertonfc.cz\/index.php\/wp-json\/wp\/v2\/posts\/27765\/revisions"}],"predecessor-version":[{"id":27777,"href":"https:\/\/evertonfc.cz\/index.php\/wp-json\/wp\/v2\/posts\/27765\/revisions\/27777"}],"wp:featuredmedia":[{"embeddable":true,"href":"https:\/\/evertonfc.cz\/index.php\/wp-json\/wp\/v2\/media\/27772"}],"wp:attachment":[{"href":"https:\/\/evertonfc.cz\/index.php\/wp-json\/wp\/v2\/media?parent=27765"}],"wp:term":[{"taxonomy":"category","embeddable":true,"href":"https:\/\/evertonfc.cz\/index.php\/wp-json\/wp\/v2\/categories?post=27765"},{"taxonomy":"post_tag","embeddable":true,"href":"https:\/\/evertonfc.cz\/index.php\/wp-json\/wp\/v2\/tags?post=27765"}],"curies":[{"name":"wp","href":"https:\/\/api.w.org\/{rel}","templated":true}]}}