{"id":27780,"date":"2025-10-18T12:07:13","date_gmt":"2025-10-18T10:07:13","guid":{"rendered":"https:\/\/evertonfc.cz\/?p=27780"},"modified":"2025-10-18T12:18:59","modified_gmt":"2025-10-18T10:18:59","slug":"preview-manchester-city-everton-16","status":"publish","type":"post","link":"https:\/\/evertonfc.cz\/index.php\/2025\/10\/18\/preview-manchester-city-everton-16\/","title":{"rendered":"Preview: Manchester City &#8211; Everton"},"content":{"rendered":"<h4>Je to jejich Rolls-Royce a tak pro dne\u0161ek z\u016fstane jen v na\u0161\u00ed gar\u00e1\u017ei. Rozjezdit tr\u00e1vn\u00edk p\u0159ed domem ale m\u016f\u017ee stejn\u011b tak dob\u0159e i Mini. Jestli si tedy Moyes vzpomene, kde ho zaparkoval.<\/h4>\n<p>Blah\u00e9 pam\u011bti toti\u017e je\u0161t\u011b p\u0159ed p\u0159\u00edchodem Guardioly dok\u00e1zal skotsk\u00fd lodivod olupovat Citizens na jejich p\u016fd\u011b i na Goodison Parku a j\u00e1 osobn\u011b na ty z\u00e1pasy r\u00e1d vzpom\u00edn\u00e1m. Jen\u017ee proti \u0161pan\u011blsk\u00e9mu Darth Vaderovi u\u017e to tak slavn\u00e9 nebylo a v\u00a0lize jej nikdy neporazil (0-2-12). Kdy\u017e se k\u00a0tomu p\u0159i\u010dte fakt, \u017ee proti t\u00fdm\u016fm z\u00a0nejlep\u0161\u00ed trojky na jejich p\u016fd\u011b br\u00e1val rad\u011bji nohy na ramena (0-12-24), velk\u00e9 nad\u011bje do utk\u00e1n\u00ed nevkl\u00e1d\u00e1m.<\/p>\n<h4>Jak to poskl\u00e1dat<\/h4>\n<p>P\u0159i Grealishov\u011b absenci se uvol\u0148uje p\u0159\u00edle\u017eitost pro neokoukan\u00e9 tv\u00e1\u0159e. Do st\u0159edu se sice vr\u00e1t\u00ed pravd\u011bpodobn\u011b Dewsbury-Hall, ale Dibling nic jist\u00e9ho nem\u00e1. Alcaraz se hl\u00e1sil o m\u00edsto a jeho dynamika by se pro rychl\u00e9 v\u00fdpady mohla hodit. Zat\u00edm vzadu ve st\u00ednu z\u016fst\u00e1v\u00e1 McNeil a ani dnes bych si na jeho start nevsadil.<\/p>\n<p>V t\u00fddnu byl sou\u010d\u00e1st\u00ed v\u00fdbuchu U21 v Bradfordu, kde spolu s Aznaouem a Pattersonem nedok\u00e1zali zabr\u00e1nit v\u00fdprasku 1:5 a Nathan si je\u0161t\u011b ke v\u0161emu odnes zran\u011bn\u00ed. Dobr\u00e1 zpr\u00e1va je, \u017ee se vrac\u00ed Branthwaite. Reprezenta\u010dn\u00ed p\u0159est\u00e1vka sice byla dlouh\u00e1, ale asi nesta\u010dila na dohn\u00e1n\u00ed tr\u00e9ninkov\u00e9ho manka. Nav\u00edc si solidn\u00ed formu dr\u017e\u00ed Keane a Moyes ho neposad\u00ed jen tak. Co ud\u011bl\u00e1 nov\u00e1 smlouva s\u00a0Tarkowskim a Pickfordem tak\u00e9 nen\u00ed jist\u00e9. Snad p\u0159evl\u00e1dne touha odvd\u011b\u010dit se zam\u011bstnavateli p\u0159ed pocitem definitivy.<\/p>\n<h4>Z\u00a0t\u00e1bora soupe\u0159e<\/h4>\n<p>Zran\u011bn\u00ed kotn\u00edku vy\u0159ad\u00ed ze z\u00e1pasu stopera Khunasova a beka Ait-Nouriho, stehenn\u00ed sval zradil Rodriho a ze hry je tak\u00e9 Marmoush. Ned\u00e1 se ale \u010dekat, \u017ee by to m\u011blo znamenat n\u011bjak\u00e9 v\u00fdrazn\u00e9 oslaben\u00ed. Cityzens pro\u017eili vloni mo\u017en\u00e1 nejhor\u0161\u00ed ro\u010dn\u00edk od n\u00e1stupu Guardioly a i tak byli na 3. m\u00edst\u011b. Letos by se cht\u011bli z\u00a0podobn\u00e9ho marastu vymanit, a by\u0165 \u010d\u00e1stky za posily vedle jejich nejv\u011bt\u0161\u00edch rival\u016f blednou, tak t\u011bch 55 milion\u016f za Reijnderse z\u00a0AC Mil\u00e1n a dal\u0161\u00edch 30 milion\u016f za italsk\u00e9ho pavouka Donnarummu se vypl\u00e1c\u00ed, na oba jdou dobr\u00e9 ohlasy.<\/p>\n<p>Pak je tady jist\u00fd Haaland, kter\u00fd se vrac\u00ed do skv\u011bl\u00e9 formy a letos se trefil ve v\u0161ech z\u00e1pasech, vyjma por\u00e1\u017eky v druh\u00e9m kole proti Tottenhamu. Proti Moldavsku ale nehrajete ka\u017ed\u00fd t\u00fdden, Tarkowski jist\u011b p\u0159ijde na to, jak mu dne\u0161ek osladit. Tak\u017ee se obrnit nervy, dr\u017eet palce, nekousat nechty, proto\u017ee to se ned\u011bl\u00e1, v moc nedoufejte. Ale t\u0159eba Grealish sl\u00edbil kluk\u016fm speci\u00e1ln\u00ed odm\u011bny. T\u0159eba nechali moc sil proti Ma\u010farsku, vyst\u0159\u00edleli prach proti Izraeli, \u010di Gibraltarem nebo jsou okopan\u00ed od Fin\u016f. A Moyes vymyslel pl\u00e1n, kter\u00fd mi vyt\u0159e zrak. St\u00e1t se m\u016f\u017ee v\u0161echno!<\/p>\n<h3 style=\"text-align: center;\"><span style=\"color: #0000ff;\"><em><strong>COYB!<\/strong><\/em><\/span><\/h3>\n<p><strong>Co<\/strong>: Manchester City FC \u2013 Everton FC,\u00a08. kolo Premier League<br \/>\n<strong>Kdy<\/strong>: 18. \u0159\u00edjna 2025 od 16:00<br \/>\n<strong>Kde<\/strong>: Etihad Stadium\u00a0\u2013\u00a0Etihad Campus, Manchester M11 3FF (kapacita: 53 400)<br \/>\n<strong>TV<\/strong>: od 15:30 na Canal+ Sport, komentuje Jarom\u00edr Bos\u00e1k<br \/>\n<strong>Rozhod\u010d\u00ed<\/strong>: Tony Harrington <strong>Postrann\u00ed<\/strong> <strong>rozhod\u010d\u00ed<\/strong>: Simon Bennett, Steven Meredith <strong>\u010ctvrt\u00fd<\/strong> <strong>rozhod\u010d\u00ed<\/strong>: Leigh Doughty <strong>Videorozohod\u010d\u00ed<\/strong>: Nicholas Hopton <strong>Asistent<\/strong> <strong>VAR<\/strong>: Constantine Hatzidakis<\/p>\n","protected":false},"excerpt":{"rendered":"<p>Je to jejich Rolls-Royce a tak pro dne\u0161ek z\u016fstane jen v na\u0161\u00ed gar\u00e1\u017ei. Rozjezdit tr\u00e1vn\u00edk p\u0159ed domem ale m\u016f\u017ee stejn\u011b tak dob\u0159e i Mini. Jestli si tedy Moyes vzpomene, kde ho zaparkoval.<\/p>\n","protected":false},"author":10,"featured_media":14182,"comment_status":"open","ping_status":"closed","sticky":false,"template":"","format":"standard","meta":{"_eb_attr":"","_monsterinsights_skip_tracking":false,"_monsterinsights_sitenote_active":false,"_monsterinsights_sitenote_note":"","_monsterinsights_sitenote_category":0,"footnotes":""},"categories":[4],"tags":[],"yoast_head":"<!-- This site is optimized with the Yoast SEO plugin v23.4 - https:\/\/yoast.com\/wordpress\/plugins\/seo\/ -->\n<title>Preview: Manchester City - Everton - Official Czech &amp; Slovak Everton Supporters&#039; Club<\/title>\n<meta name=\"robots\" content=\"index, follow, max-snippet:-1, max-image-preview:large, max-video-preview:-1\" \/>\n<link rel=\"canonical\" href=\"https:\/\/evertonfc.cz\/index.php\/2025\/10\/18\/preview-manchester-city-everton-16\/\" \/>\n<meta property=\"og:locale\" content=\"cs_CZ\" \/>\n<meta property=\"og:type\" content=\"article\" \/>\n<meta property=\"og:title\" content=\"Preview: Manchester City - Everton - Official Czech &amp; Slovak Everton Supporters&#039; Club\" \/>\n<meta property=\"og:description\" content=\"Je to jejich Rolls-Royce a tak pro dne\u0161ek z\u016fstane jen v na\u0161\u00ed gar\u00e1\u017ei. Rozjezdit tr\u00e1vn\u00edk p\u0159ed domem ale m\u016f\u017ee stejn\u011b tak dob\u0159e i Mini. Jestli si tedy Moyes vzpomene, kde ho zaparkoval.\" \/>\n<meta property=\"og:url\" content=\"https:\/\/evertonfc.cz\/index.php\/2025\/10\/18\/preview-manchester-city-everton-16\/\" \/>\n<meta property=\"og:site_name\" content=\"Official Czech &amp; Slovak Everton Supporters&#039; Club\" \/>\n<meta property=\"article:publisher\" content=\"https:\/\/www.facebook.com\/everton.fans.cz.sk\" \/>\n<meta property=\"article:published_time\" content=\"2025-10-18T10:07:13+00:00\" \/>\n<meta property=\"article:modified_time\" content=\"2025-10-18T10:18:59+00:00\" \/>\n<meta property=\"og:image\" content=\"https:\/\/evertonfc.cz\/wp-content\/uploads\/2021\/02\/Manchester-City-VS-Everton.jpg\" \/>\n\t<meta property=\"og:image:width\" content=\"720\" \/>\n\t<meta property=\"og:image:height\" content=\"405\" \/>\n\t<meta property=\"og:image:type\" content=\"image\/jpeg\" \/>\n<meta name=\"author\" content=\"Fip\" \/>\n<meta name=\"twitter:card\" content=\"summary_large_image\" \/>\n<meta name=\"twitter:label1\" content=\"Napsal(a)\" \/>\n\t<meta name=\"twitter:data1\" content=\"Fip\" \/>\n\t<meta name=\"twitter:label2\" content=\"Odhadovan\u00e1 doba \u010dten\u00ed\" \/>\n\t<meta name=\"twitter:data2\" content=\"3 minuty\" \/>\n<script type=\"application\/ld+json\" class=\"yoast-schema-graph\">{\"@context\":\"https:\/\/schema.org\",\"@graph\":[{\"@type\":\"Article\",\"@id\":\"https:\/\/evertonfc.cz\/index.php\/2025\/10\/18\/preview-manchester-city-everton-16\/#article\",\"isPartOf\":{\"@id\":\"https:\/\/evertonfc.cz\/index.php\/2025\/10\/18\/preview-manchester-city-everton-16\/\"},\"author\":{\"name\":\"Fip\",\"@id\":\"https:\/\/evertonfc.cz\/#\/schema\/person\/35904009755e8eaa0dc1a5f5f0419002\"},\"headline\":\"Preview: Manchester City &#8211; Everton\",\"datePublished\":\"2025-10-18T10:07:13+00:00\",\"dateModified\":\"2025-10-18T10:18:59+00:00\",\"mainEntityOfPage\":{\"@id\":\"https:\/\/evertonfc.cz\/index.php\/2025\/10\/18\/preview-manchester-city-everton-16\/\"},\"wordCount\":595,\"commentCount\":5,\"publisher\":{\"@id\":\"https:\/\/evertonfc.cz\/#organization\"},\"image\":{\"@id\":\"https:\/\/evertonfc.cz\/index.php\/2025\/10\/18\/preview-manchester-city-everton-16\/#primaryimage\"},\"thumbnailUrl\":\"https:\/\/evertonfc.cz\/wp-content\/uploads\/2021\/02\/Manchester-City-VS-Everton.jpg\",\"articleSection\":[\"Z\u00e1pasy\"],\"inLanguage\":\"cs\",\"potentialAction\":[{\"@type\":\"CommentAction\",\"name\":\"Comment\",\"target\":[\"https:\/\/evertonfc.cz\/index.php\/2025\/10\/18\/preview-manchester-city-everton-16\/#respond\"]}]},{\"@type\":\"WebPage\",\"@id\":\"https:\/\/evertonfc.cz\/index.php\/2025\/10\/18\/preview-manchester-city-everton-16\/\",\"url\":\"https:\/\/evertonfc.cz\/index.php\/2025\/10\/18\/preview-manchester-city-everton-16\/\",\"name\":\"Preview: Manchester City - Everton - Official Czech &amp; Slovak Everton Supporters&#039; Club\",\"isPartOf\":{\"@id\":\"https:\/\/evertonfc.cz\/#website\"},\"primaryImageOfPage\":{\"@id\":\"https:\/\/evertonfc.cz\/index.php\/2025\/10\/18\/preview-manchester-city-everton-16\/#primaryimage\"},\"image\":{\"@id\":\"https:\/\/evertonfc.cz\/index.php\/2025\/10\/18\/preview-manchester-city-everton-16\/#primaryimage\"},\"thumbnailUrl\":\"https:\/\/evertonfc.cz\/wp-content\/uploads\/2021\/02\/Manchester-City-VS-Everton.jpg\",\"datePublished\":\"2025-10-18T10:07:13+00:00\",\"dateModified\":\"2025-10-18T10:18:59+00:00\",\"breadcrumb\":{\"@id\":\"https:\/\/evertonfc.cz\/index.php\/2025\/10\/18\/preview-manchester-city-everton-16\/#breadcrumb\"},\"inLanguage\":\"cs\",\"potentialAction\":[{\"@type\":\"ReadAction\",\"target\":[\"https:\/\/evertonfc.cz\/index.php\/2025\/10\/18\/preview-manchester-city-everton-16\/\"]}]},{\"@type\":\"ImageObject\",\"inLanguage\":\"cs\",\"@id\":\"https:\/\/evertonfc.cz\/index.php\/2025\/10\/18\/preview-manchester-city-everton-16\/#primaryimage\",\"url\":\"https:\/\/evertonfc.cz\/wp-content\/uploads\/2021\/02\/Manchester-City-VS-Everton.jpg\",\"contentUrl\":\"https:\/\/evertonfc.cz\/wp-content\/uploads\/2021\/02\/Manchester-City-VS-Everton.jpg\",\"width\":720,\"height\":405},{\"@type\":\"BreadcrumbList\",\"@id\":\"https:\/\/evertonfc.cz\/index.php\/2025\/10\/18\/preview-manchester-city-everton-16\/#breadcrumb\",\"itemListElement\":[{\"@type\":\"ListItem\",\"position\":1,\"name\":\"Home\",\"item\":\"https:\/\/evertonfc.cz\/\"},{\"@type\":\"ListItem\",\"position\":2,\"name\":\"Preview: Manchester City &#8211; Everton\"}]},{\"@type\":\"WebSite\",\"@id\":\"https:\/\/evertonfc.cz\/#website\",\"url\":\"https:\/\/evertonfc.cz\/\",\"name\":\"Official Czech &amp; Slovak Everton Supporters&#039; Club\",\"description\":\"\",\"publisher\":{\"@id\":\"https:\/\/evertonfc.cz\/#organization\"},\"potentialAction\":[{\"@type\":\"SearchAction\",\"target\":{\"@type\":\"EntryPoint\",\"urlTemplate\":\"https:\/\/evertonfc.cz\/?s={search_term_string}\"},\"query-input\":{\"@type\":\"PropertyValueSpecification\",\"valueRequired\":true,\"valueName\":\"search_term_string\"}}],\"inLanguage\":\"cs\"},{\"@type\":\"Organization\",\"@id\":\"https:\/\/evertonfc.cz\/#organization\",\"name\":\"Official Czech & Slovak Everton Supporters' Club\",\"url\":\"https:\/\/evertonfc.cz\/\",\"logo\":{\"@type\":\"ImageObject\",\"inLanguage\":\"cs\",\"@id\":\"https:\/\/evertonfc.cz\/#\/schema\/logo\/image\/\",\"url\":\"https:\/\/evertonfc.cz\/wp-content\/uploads\/2019\/05\/logo.png\",\"contentUrl\":\"https:\/\/evertonfc.cz\/wp-content\/uploads\/2019\/05\/logo.png\",\"width\":112,\"height\":112,\"caption\":\"Official Czech & Slovak Everton Supporters' Club\"},\"image\":{\"@id\":\"https:\/\/evertonfc.cz\/#\/schema\/logo\/image\/\"},\"sameAs\":[\"https:\/\/www.facebook.com\/everton.fans.cz.sk\"]},{\"@type\":\"Person\",\"@id\":\"https:\/\/evertonfc.cz\/#\/schema\/person\/35904009755e8eaa0dc1a5f5f0419002\",\"name\":\"Fip\",\"url\":\"https:\/\/evertonfc.cz\/index.php\/author\/fip\/\"}]}<\/script>\n<!-- \/ Yoast SEO plugin. -->","yoast_head_json":{"title":"Preview: Manchester City - Everton - Official Czech &amp; Slovak Everton Supporters&#039; Club","robots":{"index":"index","follow":"follow","max-snippet":"max-snippet:-1","max-image-preview":"max-image-preview:large","max-video-preview":"max-video-preview:-1"},"canonical":"https:\/\/evertonfc.cz\/index.php\/2025\/10\/18\/preview-manchester-city-everton-16\/","og_locale":"cs_CZ","og_type":"article","og_title":"Preview: Manchester City - Everton - Official Czech &amp; Slovak Everton Supporters&#039; Club","og_description":"Je to jejich Rolls-Royce a tak pro dne\u0161ek z\u016fstane jen v na\u0161\u00ed gar\u00e1\u017ei. Rozjezdit tr\u00e1vn\u00edk p\u0159ed domem ale m\u016f\u017ee stejn\u011b tak dob\u0159e i Mini. Jestli si tedy Moyes vzpomene, kde ho zaparkoval.","og_url":"https:\/\/evertonfc.cz\/index.php\/2025\/10\/18\/preview-manchester-city-everton-16\/","og_site_name":"Official Czech &amp; Slovak Everton Supporters&#039; Club","article_publisher":"https:\/\/www.facebook.com\/everton.fans.cz.sk","article_published_time":"2025-10-18T10:07:13+00:00","article_modified_time":"2025-10-18T10:18:59+00:00","og_image":[{"width":720,"height":405,"url":"https:\/\/evertonfc.cz\/wp-content\/uploads\/2021\/02\/Manchester-City-VS-Everton.jpg","type":"image\/jpeg"}],"author":"Fip","twitter_card":"summary_large_image","twitter_misc":{"Napsal(a)":"Fip","Odhadovan\u00e1 doba \u010dten\u00ed":"3 minuty"},"schema":{"@context":"https:\/\/schema.org","@graph":[{"@type":"Article","@id":"https:\/\/evertonfc.cz\/index.php\/2025\/10\/18\/preview-manchester-city-everton-16\/#article","isPartOf":{"@id":"https:\/\/evertonfc.cz\/index.php\/2025\/10\/18\/preview-manchester-city-everton-16\/"},"author":{"name":"Fip","@id":"https:\/\/evertonfc.cz\/#\/schema\/person\/35904009755e8eaa0dc1a5f5f0419002"},"headline":"Preview: Manchester City &#8211; Everton","datePublished":"2025-10-18T10:07:13+00:00","dateModified":"2025-10-18T10:18:59+00:00","mainEntityOfPage":{"@id":"https:\/\/evertonfc.cz\/index.php\/2025\/10\/18\/preview-manchester-city-everton-16\/"},"wordCount":595,"commentCount":5,"publisher":{"@id":"https:\/\/evertonfc.cz\/#organization"},"image":{"@id":"https:\/\/evertonfc.cz\/index.php\/2025\/10\/18\/preview-manchester-city-everton-16\/#primaryimage"},"thumbnailUrl":"https:\/\/evertonfc.cz\/wp-content\/uploads\/2021\/02\/Manchester-City-VS-Everton.jpg","articleSection":["Z\u00e1pasy"],"inLanguage":"cs","potentialAction":[{"@type":"CommentAction","name":"Comment","target":["https:\/\/evertonfc.cz\/index.php\/2025\/10\/18\/preview-manchester-city-everton-16\/#respond"]}]},{"@type":"WebPage","@id":"https:\/\/evertonfc.cz\/index.php\/2025\/10\/18\/preview-manchester-city-everton-16\/","url":"https:\/\/evertonfc.cz\/index.php\/2025\/10\/18\/preview-manchester-city-everton-16\/","name":"Preview: Manchester City - Everton - Official Czech &amp; Slovak Everton Supporters&#039; Club","isPartOf":{"@id":"https:\/\/evertonfc.cz\/#website"},"primaryImageOfPage":{"@id":"https:\/\/evertonfc.cz\/index.php\/2025\/10\/18\/preview-manchester-city-everton-16\/#primaryimage"},"image":{"@id":"https:\/\/evertonfc.cz\/index.php\/2025\/10\/18\/preview-manchester-city-everton-16\/#primaryimage"},"thumbnailUrl":"https:\/\/evertonfc.cz\/wp-content\/uploads\/2021\/02\/Manchester-City-VS-Everton.jpg","datePublished":"2025-10-18T10:07:13+00:00","dateModified":"2025-10-18T10:18:59+00:00","breadcrumb":{"@id":"https:\/\/evertonfc.cz\/index.php\/2025\/10\/18\/preview-manchester-city-everton-16\/#breadcrumb"},"inLanguage":"cs","potentialAction":[{"@type":"ReadAction","target":["https:\/\/evertonfc.cz\/index.php\/2025\/10\/18\/preview-manchester-city-everton-16\/"]}]},{"@type":"ImageObject","inLanguage":"cs","@id":"https:\/\/evertonfc.cz\/index.php\/2025\/10\/18\/preview-manchester-city-everton-16\/#primaryimage","url":"https:\/\/evertonfc.cz\/wp-content\/uploads\/2021\/02\/Manchester-City-VS-Everton.jpg","contentUrl":"https:\/\/evertonfc.cz\/wp-content\/uploads\/2021\/02\/Manchester-City-VS-Everton.jpg","width":720,"height":405},{"@type":"BreadcrumbList","@id":"https:\/\/evertonfc.cz\/index.php\/2025\/10\/18\/preview-manchester-city-everton-16\/#breadcrumb","itemListElement":[{"@type":"ListItem","position":1,"name":"Home","item":"https:\/\/evertonfc.cz\/"},{"@type":"ListItem","position":2,"name":"Preview: Manchester City &#8211; Everton"}]},{"@type":"WebSite","@id":"https:\/\/evertonfc.cz\/#website","url":"https:\/\/evertonfc.cz\/","name":"Official Czech &amp; Slovak Everton Supporters&#039; Club","description":"","publisher":{"@id":"https:\/\/evertonfc.cz\/#organization"},"potentialAction":[{"@type":"SearchAction","target":{"@type":"EntryPoint","urlTemplate":"https:\/\/evertonfc.cz\/?s={search_term_string}"},"query-input":{"@type":"PropertyValueSpecification","valueRequired":true,"valueName":"search_term_string"}}],"inLanguage":"cs"},{"@type":"Organization","@id":"https:\/\/evertonfc.cz\/#organization","name":"Official Czech & Slovak Everton Supporters' Club","url":"https:\/\/evertonfc.cz\/","logo":{"@type":"ImageObject","inLanguage":"cs","@id":"https:\/\/evertonfc.cz\/#\/schema\/logo\/image\/","url":"https:\/\/evertonfc.cz\/wp-content\/uploads\/2019\/05\/logo.png","contentUrl":"https:\/\/evertonfc.cz\/wp-content\/uploads\/2019\/05\/logo.png","width":112,"height":112,"caption":"Official Czech & Slovak Everton Supporters' Club"},"image":{"@id":"https:\/\/evertonfc.cz\/#\/schema\/logo\/image\/"},"sameAs":["https:\/\/www.facebook.com\/everton.fans.cz.sk"]},{"@type":"Person","@id":"https:\/\/evertonfc.cz\/#\/schema\/person\/35904009755e8eaa0dc1a5f5f0419002","name":"Fip","url":"https:\/\/evertonfc.cz\/index.php\/author\/fip\/"}]}},"_links":{"self":[{"href":"https:\/\/evertonfc.cz\/index.php\/wp-json\/wp\/v2\/posts\/27780"}],"collection":[{"href":"https:\/\/evertonfc.cz\/index.php\/wp-json\/wp\/v2\/posts"}],"about":[{"href":"https:\/\/evertonfc.cz\/index.php\/wp-json\/wp\/v2\/types\/post"}],"author":[{"embeddable":true,"href":"https:\/\/evertonfc.cz\/index.php\/wp-json\/wp\/v2\/users\/10"}],"replies":[{"embeddable":true,"href":"https:\/\/evertonfc.cz\/index.php\/wp-json\/wp\/v2\/comments?post=27780"}],"version-history":[{"count":3,"href":"https:\/\/evertonfc.cz\/index.php\/wp-json\/wp\/v2\/posts\/27780\/revisions"}],"predecessor-version":[{"id":27784,"href":"https:\/\/evertonfc.cz\/index.php\/wp-json\/wp\/v2\/posts\/27780\/revisions\/27784"}],"wp:featuredmedia":[{"embeddable":true,"href":"https:\/\/evertonfc.cz\/index.php\/wp-json\/wp\/v2\/media\/14182"}],"wp:attachment":[{"href":"https:\/\/evertonfc.cz\/index.php\/wp-json\/wp\/v2\/media?parent=27780"}],"wp:term":[{"taxonomy":"category","embeddable":true,"href":"https:\/\/evertonfc.cz\/index.php\/wp-json\/wp\/v2\/categories?post=27780"},{"taxonomy":"post_tag","embeddable":true,"href":"https:\/\/evertonfc.cz\/index.php\/wp-json\/wp\/v2\/tags?post=27780"}],"curies":[{"name":"wp","href":"https:\/\/api.w.org\/{rel}","templated":true}]}}