{"id":27785,"date":"2025-10-19T17:53:47","date_gmt":"2025-10-19T15:53:47","guid":{"rendered":"https:\/\/evertonfc.cz\/?p=27785"},"modified":"2025-10-19T18:01:30","modified_gmt":"2025-10-19T16:01:30","slug":"manchester-city-everton-20-3","status":"publish","type":"post","link":"https:\/\/evertonfc.cz\/index.php\/2025\/10\/19\/manchester-city-everton-20-3\/","title":{"rendered":"Manchester City \u2013 Everton 2:0"},"content":{"rendered":"<h4>Karamelky odohrali sol\u00eddny z\u00e1pas, dr\u017eali krok a v prvom pol\u010dase mali vylo\u017een\u00e9 \u0161ance. Proti t\u00edmu ako City sa v\u0161ak ni\u010d neodp\u00fa\u0161\u0165a \u2013 Haaland vyu\u017eil dve z minima a rozhodol.<\/h4>\n<p>Moyesovi zverenci si napriek prehre zasl\u00fa\u017eia pochvalu za organiz\u00e1ciu hry a bojovnos\u0165, no pred s\u00faperovou br\u00e1nou musia by\u0165 ove\u013ea efekt\u00edvnej\u0161\u00ed. A\u00a0nielen tam. Aj na druhej strane ihriska, kde dvakr\u00e1t nepokry\u0165 jedin\u00e9ho \u00fato\u010dn\u00edka s\u00fapera, ktor\u00fd je zhodou okolnost\u00ed najlep\u0161\u00edm zakon\u010dovate\u013eom v\u00a0krajine je neodpustite\u013en\u00e9.<\/p>\n<p>Bol to aj v tomto oh\u013eade typick\u00fd pr\u00edbeh dvoch pol\u010dasov. The Toffees pritom najm\u00e4 v prvom nehrali zle, pr\u00e1ve naopak. No sp\u00e1lili viacero \u0161anc\u00ed. V zostave navy\u0161e ch\u00fdbal Jack Grealish, ke\u010f\u017ee hos\u0165ovanie mu nedovo\u013euje nast\u00fapi\u0165 proti matersk\u00e9mu klubu. Po treste sa v\u0161ak vr\u00e1til Kiernan Dewsbury-Hall, a na lavi\u010dke bol op\u00e4\u0165 Merlin R\u00f6hl. Jarrad Branthwaite zatia\u013e e\u0161te nebol stopercentne fit. A Nathan Patterson zostal mimo pre zranenie zo z\u00e1pasu za U21.<\/p>\n<h4><strong>1.pol\u010das<\/strong><\/h4>\n<p>Everton nast\u00fapil v \u010diernych dresoch a hne\u010f v \u00favode \u010delil tradi\u010dn\u00e9mu tlaku dom\u00e1cich. City sa sna\u017eilo diktova\u0165 tempo, ale modr\u00ed z Merseyside hrali odv\u00e1\u017ene a pok\u00fa\u0161ali sa o r\u00fdchle prechody. Dewsbury-Hall si po s\u00faboji s Nunesom p\u00fdtal o\u0161etrenie, no mohol pokra\u010dova\u0165. Najv\u00e4\u010d\u0161ia \u0161anca \u00favodu patrila Betovi. Po skvelej pr\u00e1ci Ndiayea a presnom centri sa ocitol pred pr\u00e1zdnou br\u00e1nou, no na do\u0165uk lopty mu ch\u00fdbali milimetre.<\/p>\n<p>Dom\u00e1ci to mohli potresta\u0165. Fodenov center na\u0161iel Haalanda, no jeho pokus zmenil smer po z\u00e1sahu O\u2019Briena a skon\u010dil na brvne Pickfordovej br\u00e1ny. Everton sa dr\u017eal, obrana veden\u00e1 Tarkowskim a Keanom odol\u00e1vala. Alcaraz sk\u00fa\u0161al \u0161\u0165astie z dia\u013eky, ale strela bola zablokovan\u00e1. Po chv\u00edli mohol op\u00e4\u0165 sk\u00f3rova\u0165 Beto.<\/p>\n<p>Tentoraz po v\u00fdbornej prihr\u00e1vke Dewsbury-Halla, no zakon\u010dil mimo a aj tak bol v ofsajde. Na opa\u010dnej strane nebezpe\u010dne hrozil Savinho, ktor\u00e9ho Pickford viackr\u00e1t vyrie\u0161il pre prach biednu koncovku. V z\u00e1vere pol\u010dasu Ndiaye vystrelil prudko k \u017erdi, Donnarumma v\u0161ak loptu vytla\u010dil kon\u010dekmi prstov. Do \u0161atn\u00ed sa tak i\u0161lo za bezg\u00f3lov\u00e9ho stavu. Everton mohol vies\u0165, no z\u00e1rove\u0148 mohol aj prehr\u00e1va\u0165.<\/p>\n<h4><strong>2.pol\u010das<\/strong><\/h4>\n<p>Po zmene str\u00e1n pokra\u010dovala otvoren\u00e1 partia. Ndiaye a Garner akt\u00edvne nap\u00e1dali rozohr\u00e1vku City, no dom\u00e1ci sa postupne usadili na lopte a v 64. min\u00fate pri\u0161iel trest. O\u2019Reilly sa vysunul s loptou na \u013eav\u00e9 kr\u00eddlo, odkia\u013e pri\u0161iel presn\u00fd center na Haalanda. N\u00f3r, v\u00a0n\u00e1behu \u00faplne osamoten\u00fd, vysko\u010dil a hlavou nekompromisne zakon\u010dil &#8211; <strong>1:0. <\/strong>Svedomie si m\u00f4\u017ee spytova\u0165 Keane, ktor\u00fd mal blon\u010f\u00e1ka v\u00a0merku po cel\u00fd \u010das.<\/p>\n<p>Moyesovi zverenci sa e\u0161te pok\u00fasili reagova\u0165, Beto s Dewsbury-Hallom zatla\u010dili City pred vlastn\u00e9 pokutov\u00e9 \u00fazemie. Garnerov pokus bol v\u0161ak zablokovan\u00fd rukou \u2013 rozhodca nepochopite\u013ene penaltu neodp\u00edskal, \u010do v\u0161etci hostia v\u00a0poz\u00e1pasovom \u0161t\u00fadiu nedok\u00e1zali pochopi\u0165. Op\u00e4\u0165 d\u00f4kaz nekonzistentnosti rozhodovania a\u00a0st\u00e1le nejasn\u00e9ho v\u00fdkladu pravidiel. No a v 74. min\u00fate bolo po z\u00e1pase.<\/p>\n<p>Savinho dostal prive\u013ea priestoru na \u013eavom kr\u00eddle, poslal loptu na op\u00e4\u0165 \u00faplne vo\u013en\u00e9ho Haalanda vo v\u00e1pne (Gueye?). Jeho strelu e\u0161te jemne ale ne\u0161\u0165astne te\u010doval Tarkowski. Pickford m\u00e1rne zalapal &#8211; <strong>2:0<\/strong>. V z\u00e1vere stretnutia Everton p\u00f4sobil unavene. City kontrolovalo hru a Haaland sa e\u0161te nieko\u013ekokr\u00e1t pok\u00fa\u0161al o hattrick, no bu\u010f ho vychytal Pickford, alebo ho zablokovala obrana. EFC sa mohlo do\u010dka\u0165 aspo\u0148 \u010destn\u00e9ho g\u00f3lu, ke\u010f Ndiaye na\u0161iel centrom R\u00f6hla, ale ten hlavi\u010dkoval len do bo\u010dnej siete.<\/p>\n<h4><strong>\u010co si z\u00a0toho zobra\u0165?<\/strong><\/h4>\n<p>Pre Davida Moyesa to bol od za\u010diatku poriadne \u0165a\u017ek\u00fd orie\u0161ok. Priviez\u0165 si nie\u010do z ihriska na Etihad nikdy nie je jednoduch\u00e9. Napriek tomu v\u0161ak Toffees odohrali siln\u00fd prv\u00fd pol\u010das, v ktorom dok\u00e1zali dr\u017ea\u0165 favorita na uzde. City sa dostali len k trom strel\u00e1m na br\u00e1nu, zatia\u013e \u010do Everton si vypracoval nieko\u013eko ve\u013emi s\u013eubn\u00fdch pr\u00edle\u017eitost\u00ed na otvorenie sk\u00f3re. Bol to disciplinovan\u00fd a bojovn\u00fd v\u00fdkon, teda minim\u00e1lne v\u00a0prvom pol\u010dase.<\/p>\n<p>Dvojg\u00f3lov\u00e9 manko mo\u017eno nep\u00f4sob\u00ed lichotivo, no herne to nebola bezn\u00e1dejn\u00e1 partia. Dokonca som bol pr\u00edjemne prekvapen\u00fd, ko\u013eko kvalitn\u00fdch \u0161anc\u00ed sme si vytvorili a ak\u00fd tlak sme dok\u00e1zali na Skyblues vyvin\u00fa\u0165. Rozdielom v\u0161ak boli dvaja hr\u00e1\u010di. Jeden, ktor\u00fd premie\u0148a aj polovi\u010dn\u00e9 pr\u00edle\u017eitosti, a druh\u00fd, ktor\u00e9mu nezhoria ani sirky. Ten kontrast bol a\u017e pr\u00edli\u0161 zjavn\u00fd. V z\u00e1pase, kde bolo treba vyu\u017ei\u0165 ka\u017ed\u00fa \u0161ancu, Beto nepremenil ani jednu zo svojich dvoch vylo\u017een\u00fdch pr\u00edle\u017eitost\u00ed. Na opa\u010dnej strane ihriska v\u0161ak Haaland z xG 1,02 strelil dva g\u00f3ly.<\/p>\n<p>To je efektivita v priamom prenose. A po dne\u0161nom hetriku Jeana-Philippea Matetu proti Bournemouthu m\u00e1 tak Beto aktu\u00e1lne najhor\u0161\u00ed pomer g\u00f3lov k o\u010dak\u00e1van\u00fdm g\u00f3lom (xG) spomedzi v\u0161etk\u00fdch \u00fato\u010dn\u00edkov Premier League. Dost\u00e1va sa s\u00edce do spr\u00e1vnych priestorov, \u010do je pre hrotov\u00e9ho hr\u00e1\u010da k\u013e\u00fa\u010dov\u00e9, no absencia presn\u00e9ho zakon\u010denia Evertonu moment\u00e1lne berie body \u2014 a to aj napriek inak sol\u00eddnym v\u00fdkonom zvy\u0161ku mu\u017estva.<\/p>\n<h4><strong>Ndiaye vyst\u00fapil z\u00a0tie\u0148a Grealisha<\/strong><\/h4>\n<p>Napriek stovk\u00e1m mili\u00f3nov libier, ktor\u00e9 City vyslalo na tr\u00e1vnik, najlep\u0161\u00edm hr\u00e1\u010dom prv\u00e9ho pol\u010dasu bol ten s \u010diernym dresom \u010d\u00edslo 10. Iliman Ndiaye v nepr\u00edtomnosti Jacka Grealisha odohral fantastick\u00fd prv\u00fd pol\u010das. V defenz\u00edve podal v\u00fdkon hodn\u00fd sk\u00fasenej opory. Zaznamenal a\u017e 15 \u00faspe\u0161n\u00fdch obrann\u00fdch z\u00e1krokov, viac ne\u017e ktoko\u013evek in\u00fd na ihrisku, a \u010dasto si \u00faspe\u0161ne poradil aj s nebezpe\u010dn\u00fdm Jeremym Dokuom.<\/p>\n<p>Okrem toho dok\u00e1zal nieko\u013ekokr\u00e1t s\u00e1m potiahnu\u0165 loptu z vlastnej polovice a prenies\u0165 \u0165a\u017eisko hry dopredu, \u010d\u00edm v\u00fdrazne u\u013eavil obrane Toffees. V\u0161etky tri v\u00e1\u017enej\u0161ie \u0161ance Evertonu v prvom dejstve \u2013 a napokon aj v celom z\u00e1pase \u2013 pri\u0161li pr\u00e1ve po jeho odv\u00e1\u017enej hre smerom dopredu. Jeho dve najlep\u0161ie akcie, presn\u00fd center a prihr\u00e1vka do \u0161estn\u00e1stky na Beta, v\u0161ak skon\u010dili len ved\u013ea br\u00e1ny. Ot\u00e1zka znie, dokedy si ho udr\u017e\u00edme?<\/p>\n<h4 style=\"text-align: center;\"><strong>David Moyes po z\u00e1pase:<\/strong><\/h4>\n<blockquote><p><span style=\"font-size: 12pt;\"><em>\u201eS v\u00fdkonom som bol vo viacer\u00fdch oh\u013eadoch spokojn\u00fd \u2013 s v\u00fdsledkom, pochopite\u013ene, nie. Pri\u0161li sme sem a odohrali dobr\u00e9 stretnutie, minim\u00e1lne do prv\u00e9ho g\u00f3lu ur\u010dite. V prvom pol\u010dase sme si vytvorili nieko\u013eko \u0161anc\u00ed. Chcel som, aby sme dok\u00e1zali vyzva\u0165 t\u00edmy ako City \u010di Arsenal, ke\u010f na to m\u00e1me priestor. Dnes sme to spravili, aj ke\u010f n\u00e1m nakoniec k\u00fasok ch\u00fdbal. Oni maj\u00fa deviatku, ktor\u00e1 presne vie, kde je br\u00e1na. My sme sa v jednej situ\u00e1cii nechali nachyta\u0165 pri prechode z \u00fatoku do obrany a inkasovali sme. Druh\u00fd g\u00f3l bol trochu \u0161\u0165astn\u00fd, tak\u00fd ne\u010dist\u00fd, ale p\u00e1\u010dilo sa mi, ako sme aj napriek tomu \u010falej br\u00e1nili \u2013 preto\u017ee \u0161anc\u00ed mali potom viac. V prvom pol\u010dase sme zahodili dve ve\u013ek\u00e9 pr\u00edle\u017eitosti, ktor\u00e9 mohli z\u00e1pas zmeni\u0165. Potrebovali sme, aby n\u00e1m nie\u010do z toho padlo, aby sme mali z hry viac. Tak\u017ee, celkovo \u017eiadne z\u00e1sadn\u00e9 v\u00fdhrady k v\u00fdkonu \u2013 v\u00e4\u010d\u0161ina bola ve\u013emi slu\u0161n\u00e1. Odviedli sme celkom dobr\u00fa robotu.\u201c<\/em><\/span><\/p><\/blockquote>\n<h3 style=\"text-align: center;\"><span style=\"color: #3366ff;\"><strong><em>Up The Toffees !!!<\/em><\/strong><\/span><\/h3>\n<p style=\"text-align: right;\"><span style=\"font-size: 8pt;\">(fotozdroj: ToffeeWeb)<\/span><\/p>\n<p><strong>G\u00f3ly:<\/strong> 58\u00b4 Haaland (O\u2019Reilly), 63\u00b4 Haaland (Savinho)<\/p>\n<p><strong>\u017dlt\u00e9 karty:<\/strong> 39\u00b4 Garner, 90+6\u00b4 Dibling<\/p>\n<p><strong>Manchester City FC: <\/strong>Donnarumma \u2013 Nunes, Dias, Ak\u00e9, O\u2019Reilly (85\u00b4 Lewis) \u2013 Gonz\u00e1lez (86\u00b4 Kova\u010di\u0107), Reijnders (59&#8242; Silva), Foden \u2013 Savinho (85&#8242; Cherki), Haaland, Doku (59&#8242; Bobb)<\/p>\n<p><strong>Everton FC: <\/strong>Pickford \u2013 O\u2019Brien, Tarkowski, Keane, Mykolenko \u2013 Gueye (70\u00b4 Iroegbunam), Garner, Dewsbury-Hall (86&#8242; McNeil) \u2013 Ndiaye (86&#8242; Dibling), Beto (75&#8242; Barry), Alcaraz (70&#8242; R\u00f6hl)<\/p>\n<p><strong>Rozhodca:\u00a0<\/strong>T. Harrington <strong>\u00a0Div\u00e1ci:<\/strong> 55 097 (Etihad Stadium) \u00a0<strong>Mu\u017e z\u00e1pasu EFC:<\/strong>\u00a0Iliman Ndiaye<\/p>\n","protected":false},"excerpt":{"rendered":"<p>Karamelky odohrali sol\u00eddny z\u00e1pas, dr\u017eali krok a v prvom pol\u010dase mali vylo\u017een\u00e9 \u0161ance. Proti t\u00edmu ako City sa v\u0161ak ni\u010d neodp\u00fa\u0161\u0165a \u2013 Haaland vyu\u017eil dve z minima a rozhodol.<\/p>\n","protected":false},"author":1,"featured_media":27786,"comment_status":"open","ping_status":"closed","sticky":false,"template":"","format":"standard","meta":{"_eb_attr":"","_monsterinsights_skip_tracking":false,"_monsterinsights_sitenote_active":false,"_monsterinsights_sitenote_note":"","_monsterinsights_sitenote_category":0,"footnotes":""},"categories":[4],"tags":[],"yoast_head":"<!-- This site is optimized with the Yoast SEO plugin v23.4 - https:\/\/yoast.com\/wordpress\/plugins\/seo\/ -->\n<title>Manchester City \u2013 Everton 2:0 - Official Czech &amp; Slovak Everton Supporters&#039; Club<\/title>\n<meta name=\"robots\" content=\"index, follow, max-snippet:-1, max-image-preview:large, max-video-preview:-1\" \/>\n<link rel=\"canonical\" href=\"https:\/\/evertonfc.cz\/index.php\/2025\/10\/19\/manchester-city-everton-20-3\/\" \/>\n<meta property=\"og:locale\" content=\"cs_CZ\" \/>\n<meta property=\"og:type\" content=\"article\" \/>\n<meta property=\"og:title\" content=\"Manchester City \u2013 Everton 2:0 - Official Czech &amp; Slovak Everton Supporters&#039; Club\" \/>\n<meta property=\"og:description\" content=\"Karamelky odohrali sol\u00eddny z\u00e1pas, dr\u017eali krok a v prvom pol\u010dase mali vylo\u017een\u00e9 \u0161ance. Proti t\u00edmu ako City sa v\u0161ak ni\u010d neodp\u00fa\u0161\u0165a \u2013 Haaland vyu\u017eil dve z minima a rozhodol.\" \/>\n<meta property=\"og:url\" content=\"https:\/\/evertonfc.cz\/index.php\/2025\/10\/19\/manchester-city-everton-20-3\/\" \/>\n<meta property=\"og:site_name\" content=\"Official Czech &amp; Slovak Everton Supporters&#039; Club\" \/>\n<meta property=\"article:publisher\" content=\"https:\/\/www.facebook.com\/everton.fans.cz.sk\" \/>\n<meta property=\"article:published_time\" content=\"2025-10-19T15:53:47+00:00\" \/>\n<meta property=\"article:modified_time\" content=\"2025-10-19T16:01:30+00:00\" \/>\n<meta property=\"og:image\" content=\"https:\/\/evertonfc.cz\/wp-content\/uploads\/2025\/10\/Manchester-City-2-0-Everton-from-ToffeWeb-18-10-2025.jpg\" \/>\n\t<meta property=\"og:image:width\" content=\"720\" \/>\n\t<meta property=\"og:image:height\" content=\"405\" \/>\n\t<meta property=\"og:image:type\" content=\"image\/jpeg\" \/>\n<meta name=\"author\" content=\"BlueBlooded\" \/>\n<meta name=\"twitter:card\" content=\"summary_large_image\" \/>\n<meta name=\"twitter:label1\" content=\"Napsal(a)\" \/>\n\t<meta name=\"twitter:data1\" content=\"BlueBlooded\" \/>\n\t<meta name=\"twitter:label2\" content=\"Odhadovan\u00e1 doba \u010dten\u00ed\" \/>\n\t<meta name=\"twitter:data2\" content=\"6 minut\" \/>\n<script type=\"application\/ld+json\" class=\"yoast-schema-graph\">{\"@context\":\"https:\/\/schema.org\",\"@graph\":[{\"@type\":\"Article\",\"@id\":\"https:\/\/evertonfc.cz\/index.php\/2025\/10\/19\/manchester-city-everton-20-3\/#article\",\"isPartOf\":{\"@id\":\"https:\/\/evertonfc.cz\/index.php\/2025\/10\/19\/manchester-city-everton-20-3\/\"},\"author\":{\"name\":\"BlueBlooded\",\"@id\":\"https:\/\/evertonfc.cz\/#\/schema\/person\/d4493b8cbea51532597fbc4685698916\"},\"headline\":\"Manchester City \u2013 Everton 2:0\",\"datePublished\":\"2025-10-19T15:53:47+00:00\",\"dateModified\":\"2025-10-19T16:01:30+00:00\",\"mainEntityOfPage\":{\"@id\":\"https:\/\/evertonfc.cz\/index.php\/2025\/10\/19\/manchester-city-everton-20-3\/\"},\"wordCount\":1375,\"commentCount\":0,\"publisher\":{\"@id\":\"https:\/\/evertonfc.cz\/#organization\"},\"image\":{\"@id\":\"https:\/\/evertonfc.cz\/index.php\/2025\/10\/19\/manchester-city-everton-20-3\/#primaryimage\"},\"thumbnailUrl\":\"https:\/\/evertonfc.cz\/wp-content\/uploads\/2025\/10\/Manchester-City-2-0-Everton-from-ToffeWeb-18-10-2025.jpg\",\"articleSection\":[\"Z\u00e1pasy\"],\"inLanguage\":\"cs\",\"potentialAction\":[{\"@type\":\"CommentAction\",\"name\":\"Comment\",\"target\":[\"https:\/\/evertonfc.cz\/index.php\/2025\/10\/19\/manchester-city-everton-20-3\/#respond\"]}]},{\"@type\":\"WebPage\",\"@id\":\"https:\/\/evertonfc.cz\/index.php\/2025\/10\/19\/manchester-city-everton-20-3\/\",\"url\":\"https:\/\/evertonfc.cz\/index.php\/2025\/10\/19\/manchester-city-everton-20-3\/\",\"name\":\"Manchester City \u2013 Everton 2:0 - Official Czech &amp; Slovak Everton Supporters&#039; Club\",\"isPartOf\":{\"@id\":\"https:\/\/evertonfc.cz\/#website\"},\"primaryImageOfPage\":{\"@id\":\"https:\/\/evertonfc.cz\/index.php\/2025\/10\/19\/manchester-city-everton-20-3\/#primaryimage\"},\"image\":{\"@id\":\"https:\/\/evertonfc.cz\/index.php\/2025\/10\/19\/manchester-city-everton-20-3\/#primaryimage\"},\"thumbnailUrl\":\"https:\/\/evertonfc.cz\/wp-content\/uploads\/2025\/10\/Manchester-City-2-0-Everton-from-ToffeWeb-18-10-2025.jpg\",\"datePublished\":\"2025-10-19T15:53:47+00:00\",\"dateModified\":\"2025-10-19T16:01:30+00:00\",\"breadcrumb\":{\"@id\":\"https:\/\/evertonfc.cz\/index.php\/2025\/10\/19\/manchester-city-everton-20-3\/#breadcrumb\"},\"inLanguage\":\"cs\",\"potentialAction\":[{\"@type\":\"ReadAction\",\"target\":[\"https:\/\/evertonfc.cz\/index.php\/2025\/10\/19\/manchester-city-everton-20-3\/\"]}]},{\"@type\":\"ImageObject\",\"inLanguage\":\"cs\",\"@id\":\"https:\/\/evertonfc.cz\/index.php\/2025\/10\/19\/manchester-city-everton-20-3\/#primaryimage\",\"url\":\"https:\/\/evertonfc.cz\/wp-content\/uploads\/2025\/10\/Manchester-City-2-0-Everton-from-ToffeWeb-18-10-2025.jpg\",\"contentUrl\":\"https:\/\/evertonfc.cz\/wp-content\/uploads\/2025\/10\/Manchester-City-2-0-Everton-from-ToffeWeb-18-10-2025.jpg\",\"width\":720,\"height\":405},{\"@type\":\"BreadcrumbList\",\"@id\":\"https:\/\/evertonfc.cz\/index.php\/2025\/10\/19\/manchester-city-everton-20-3\/#breadcrumb\",\"itemListElement\":[{\"@type\":\"ListItem\",\"position\":1,\"name\":\"Home\",\"item\":\"https:\/\/evertonfc.cz\/\"},{\"@type\":\"ListItem\",\"position\":2,\"name\":\"Manchester City \u2013 Everton 2:0\"}]},{\"@type\":\"WebSite\",\"@id\":\"https:\/\/evertonfc.cz\/#website\",\"url\":\"https:\/\/evertonfc.cz\/\",\"name\":\"Official Czech &amp; Slovak Everton Supporters&#039; Club\",\"description\":\"\",\"publisher\":{\"@id\":\"https:\/\/evertonfc.cz\/#organization\"},\"potentialAction\":[{\"@type\":\"SearchAction\",\"target\":{\"@type\":\"EntryPoint\",\"urlTemplate\":\"https:\/\/evertonfc.cz\/?s={search_term_string}\"},\"query-input\":{\"@type\":\"PropertyValueSpecification\",\"valueRequired\":true,\"valueName\":\"search_term_string\"}}],\"inLanguage\":\"cs\"},{\"@type\":\"Organization\",\"@id\":\"https:\/\/evertonfc.cz\/#organization\",\"name\":\"Official Czech & Slovak Everton Supporters' Club\",\"url\":\"https:\/\/evertonfc.cz\/\",\"logo\":{\"@type\":\"ImageObject\",\"inLanguage\":\"cs\",\"@id\":\"https:\/\/evertonfc.cz\/#\/schema\/logo\/image\/\",\"url\":\"https:\/\/evertonfc.cz\/wp-content\/uploads\/2019\/05\/logo.png\",\"contentUrl\":\"https:\/\/evertonfc.cz\/wp-content\/uploads\/2019\/05\/logo.png\",\"width\":112,\"height\":112,\"caption\":\"Official Czech & Slovak Everton Supporters' Club\"},\"image\":{\"@id\":\"https:\/\/evertonfc.cz\/#\/schema\/logo\/image\/\"},\"sameAs\":[\"https:\/\/www.facebook.com\/everton.fans.cz.sk\"]},{\"@type\":\"Person\",\"@id\":\"https:\/\/evertonfc.cz\/#\/schema\/person\/d4493b8cbea51532597fbc4685698916\",\"name\":\"BlueBlooded\",\"url\":\"https:\/\/evertonfc.cz\/index.php\/author\/admin\/\"}]}<\/script>\n<!-- \/ Yoast SEO plugin. -->","yoast_head_json":{"title":"Manchester City \u2013 Everton 2:0 - Official Czech &amp; Slovak Everton Supporters&#039; Club","robots":{"index":"index","follow":"follow","max-snippet":"max-snippet:-1","max-image-preview":"max-image-preview:large","max-video-preview":"max-video-preview:-1"},"canonical":"https:\/\/evertonfc.cz\/index.php\/2025\/10\/19\/manchester-city-everton-20-3\/","og_locale":"cs_CZ","og_type":"article","og_title":"Manchester City \u2013 Everton 2:0 - Official Czech &amp; Slovak Everton Supporters&#039; Club","og_description":"Karamelky odohrali sol\u00eddny z\u00e1pas, dr\u017eali krok a v prvom pol\u010dase mali vylo\u017een\u00e9 \u0161ance. Proti t\u00edmu ako City sa v\u0161ak ni\u010d neodp\u00fa\u0161\u0165a \u2013 Haaland vyu\u017eil dve z minima a rozhodol.","og_url":"https:\/\/evertonfc.cz\/index.php\/2025\/10\/19\/manchester-city-everton-20-3\/","og_site_name":"Official Czech &amp; Slovak Everton Supporters&#039; Club","article_publisher":"https:\/\/www.facebook.com\/everton.fans.cz.sk","article_published_time":"2025-10-19T15:53:47+00:00","article_modified_time":"2025-10-19T16:01:30+00:00","og_image":[{"width":720,"height":405,"url":"https:\/\/evertonfc.cz\/wp-content\/uploads\/2025\/10\/Manchester-City-2-0-Everton-from-ToffeWeb-18-10-2025.jpg","type":"image\/jpeg"}],"author":"BlueBlooded","twitter_card":"summary_large_image","twitter_misc":{"Napsal(a)":"BlueBlooded","Odhadovan\u00e1 doba \u010dten\u00ed":"6 minut"},"schema":{"@context":"https:\/\/schema.org","@graph":[{"@type":"Article","@id":"https:\/\/evertonfc.cz\/index.php\/2025\/10\/19\/manchester-city-everton-20-3\/#article","isPartOf":{"@id":"https:\/\/evertonfc.cz\/index.php\/2025\/10\/19\/manchester-city-everton-20-3\/"},"author":{"name":"BlueBlooded","@id":"https:\/\/evertonfc.cz\/#\/schema\/person\/d4493b8cbea51532597fbc4685698916"},"headline":"Manchester City \u2013 Everton 2:0","datePublished":"2025-10-19T15:53:47+00:00","dateModified":"2025-10-19T16:01:30+00:00","mainEntityOfPage":{"@id":"https:\/\/evertonfc.cz\/index.php\/2025\/10\/19\/manchester-city-everton-20-3\/"},"wordCount":1375,"commentCount":0,"publisher":{"@id":"https:\/\/evertonfc.cz\/#organization"},"image":{"@id":"https:\/\/evertonfc.cz\/index.php\/2025\/10\/19\/manchester-city-everton-20-3\/#primaryimage"},"thumbnailUrl":"https:\/\/evertonfc.cz\/wp-content\/uploads\/2025\/10\/Manchester-City-2-0-Everton-from-ToffeWeb-18-10-2025.jpg","articleSection":["Z\u00e1pasy"],"inLanguage":"cs","potentialAction":[{"@type":"CommentAction","name":"Comment","target":["https:\/\/evertonfc.cz\/index.php\/2025\/10\/19\/manchester-city-everton-20-3\/#respond"]}]},{"@type":"WebPage","@id":"https:\/\/evertonfc.cz\/index.php\/2025\/10\/19\/manchester-city-everton-20-3\/","url":"https:\/\/evertonfc.cz\/index.php\/2025\/10\/19\/manchester-city-everton-20-3\/","name":"Manchester City \u2013 Everton 2:0 - Official Czech &amp; Slovak Everton Supporters&#039; Club","isPartOf":{"@id":"https:\/\/evertonfc.cz\/#website"},"primaryImageOfPage":{"@id":"https:\/\/evertonfc.cz\/index.php\/2025\/10\/19\/manchester-city-everton-20-3\/#primaryimage"},"image":{"@id":"https:\/\/evertonfc.cz\/index.php\/2025\/10\/19\/manchester-city-everton-20-3\/#primaryimage"},"thumbnailUrl":"https:\/\/evertonfc.cz\/wp-content\/uploads\/2025\/10\/Manchester-City-2-0-Everton-from-ToffeWeb-18-10-2025.jpg","datePublished":"2025-10-19T15:53:47+00:00","dateModified":"2025-10-19T16:01:30+00:00","breadcrumb":{"@id":"https:\/\/evertonfc.cz\/index.php\/2025\/10\/19\/manchester-city-everton-20-3\/#breadcrumb"},"inLanguage":"cs","potentialAction":[{"@type":"ReadAction","target":["https:\/\/evertonfc.cz\/index.php\/2025\/10\/19\/manchester-city-everton-20-3\/"]}]},{"@type":"ImageObject","inLanguage":"cs","@id":"https:\/\/evertonfc.cz\/index.php\/2025\/10\/19\/manchester-city-everton-20-3\/#primaryimage","url":"https:\/\/evertonfc.cz\/wp-content\/uploads\/2025\/10\/Manchester-City-2-0-Everton-from-ToffeWeb-18-10-2025.jpg","contentUrl":"https:\/\/evertonfc.cz\/wp-content\/uploads\/2025\/10\/Manchester-City-2-0-Everton-from-ToffeWeb-18-10-2025.jpg","width":720,"height":405},{"@type":"BreadcrumbList","@id":"https:\/\/evertonfc.cz\/index.php\/2025\/10\/19\/manchester-city-everton-20-3\/#breadcrumb","itemListElement":[{"@type":"ListItem","position":1,"name":"Home","item":"https:\/\/evertonfc.cz\/"},{"@type":"ListItem","position":2,"name":"Manchester City \u2013 Everton 2:0"}]},{"@type":"WebSite","@id":"https:\/\/evertonfc.cz\/#website","url":"https:\/\/evertonfc.cz\/","name":"Official Czech &amp; Slovak Everton Supporters&#039; Club","description":"","publisher":{"@id":"https:\/\/evertonfc.cz\/#organization"},"potentialAction":[{"@type":"SearchAction","target":{"@type":"EntryPoint","urlTemplate":"https:\/\/evertonfc.cz\/?s={search_term_string}"},"query-input":{"@type":"PropertyValueSpecification","valueRequired":true,"valueName":"search_term_string"}}],"inLanguage":"cs"},{"@type":"Organization","@id":"https:\/\/evertonfc.cz\/#organization","name":"Official Czech & Slovak Everton Supporters' Club","url":"https:\/\/evertonfc.cz\/","logo":{"@type":"ImageObject","inLanguage":"cs","@id":"https:\/\/evertonfc.cz\/#\/schema\/logo\/image\/","url":"https:\/\/evertonfc.cz\/wp-content\/uploads\/2019\/05\/logo.png","contentUrl":"https:\/\/evertonfc.cz\/wp-content\/uploads\/2019\/05\/logo.png","width":112,"height":112,"caption":"Official Czech & Slovak Everton Supporters' Club"},"image":{"@id":"https:\/\/evertonfc.cz\/#\/schema\/logo\/image\/"},"sameAs":["https:\/\/www.facebook.com\/everton.fans.cz.sk"]},{"@type":"Person","@id":"https:\/\/evertonfc.cz\/#\/schema\/person\/d4493b8cbea51532597fbc4685698916","name":"BlueBlooded","url":"https:\/\/evertonfc.cz\/index.php\/author\/admin\/"}]}},"_links":{"self":[{"href":"https:\/\/evertonfc.cz\/index.php\/wp-json\/wp\/v2\/posts\/27785"}],"collection":[{"href":"https:\/\/evertonfc.cz\/index.php\/wp-json\/wp\/v2\/posts"}],"about":[{"href":"https:\/\/evertonfc.cz\/index.php\/wp-json\/wp\/v2\/types\/post"}],"author":[{"embeddable":true,"href":"https:\/\/evertonfc.cz\/index.php\/wp-json\/wp\/v2\/users\/1"}],"replies":[{"embeddable":true,"href":"https:\/\/evertonfc.cz\/index.php\/wp-json\/wp\/v2\/comments?post=27785"}],"version-history":[{"count":7,"href":"https:\/\/evertonfc.cz\/index.php\/wp-json\/wp\/v2\/posts\/27785\/revisions"}],"predecessor-version":[{"id":27793,"href":"https:\/\/evertonfc.cz\/index.php\/wp-json\/wp\/v2\/posts\/27785\/revisions\/27793"}],"wp:featuredmedia":[{"embeddable":true,"href":"https:\/\/evertonfc.cz\/index.php\/wp-json\/wp\/v2\/media\/27786"}],"wp:attachment":[{"href":"https:\/\/evertonfc.cz\/index.php\/wp-json\/wp\/v2\/media?parent=27785"}],"wp:term":[{"taxonomy":"category","embeddable":true,"href":"https:\/\/evertonfc.cz\/index.php\/wp-json\/wp\/v2\/categories?post=27785"},{"taxonomy":"post_tag","embeddable":true,"href":"https:\/\/evertonfc.cz\/index.php\/wp-json\/wp\/v2\/tags?post=27785"}],"curies":[{"name":"wp","href":"https:\/\/api.w.org\/{rel}","templated":true}]}}