{"id":27797,"date":"2025-10-26T16:02:49","date_gmt":"2025-10-26T15:02:49","guid":{"rendered":"https:\/\/evertonfc.cz\/?p=27797"},"modified":"2025-10-27T17:57:17","modified_gmt":"2025-10-27T16:57:17","slug":"wlc-everton-w-nottingham-forest-w-11-43-pen","status":"publish","type":"post","link":"https:\/\/evertonfc.cz\/index.php\/2025\/10\/26\/wlc-everton-w-nottingham-forest-w-11-43-pen\/","title":{"rendered":"WLC: Everton W &#8211; Nottingham Forest W 1:1 (4:3 pen)"},"content":{"rendered":"<h4>Zd\u00e1 se, \u017ee jsme kone\u010dn\u011b na\u0161li d\u016fstojn\u00e9ho soupe\u0159e. V r\u00e1mci dal\u0161\u00edho z\u00e1pasu Ligov\u00e9ho poh\u00e1ru jsme svedli vyrovnanou, ale nakonec pro na\u0161e barvy v\u00edt\u011bznou bitvu s \u0161est\u00fdm celkem druh\u00e9 ligy &#8211; Nottingham Forest.<\/h4>\n<p>Reprezenta\u010dn\u00ed pauzu vyu\u017eijeme k m\u00edrn\u011b opo\u017ed\u011bn\u00e9mu refer\u00e1tu o na\u0161ich prvn\u00edch bodech do leto\u0161n\u00edho Ligov\u00e9ho poh\u00e1ru. Po \u0161esti kolech bez v\u00edt\u011bzstv\u00ed jsme psychickou vzpruhu pot\u0159ebovali jako s\u016fl. Ale cesta ke dv\u011bma bod\u016fm nebyla lehk\u00e1.\u00a0Sestava, po kter\u00e9 Soerensen s\u00e1hl v\u016fbec neodpov\u00eddala p\u0159edstav\u011b poh\u00e1rov\u00e9ho z\u00e1pasu s druholigov\u00fdm soupe\u0159em. Pouze Vignola za\u010d\u00ednala na lavi\u010dce a na hrotu dostala d\u016fv\u011bru Gago, jinak jsme nastoupili se z\u00e1kladn\u00ed jeden\u00e1ctkou.<\/p>\n<h4>Prvn\u00ed polo\u010das<\/h4>\n<p>prob\u00edhal zp\u016fsobem, kter\u00fd je pro n\u00e1s typick\u00fd. Vytvo\u0159ili jsme si pom\u011brn\u011b jednozna\u010dn\u00fd tlak, kter\u00fd ov\u0161em kon\u010dil na hranici v\u00e1pna soupe\u0159ek nebo na\u0161imi vla\u017en\u00fdmi a nep\u0159esn\u00fdmi st\u0159eleck\u00fdmi pokusy. Nicm\u00e9n\u011b na\u0161t\u011bst\u00ed Foresters aktivitou zrovna neopl\u00fdvaly a o \u0161anc\u00edch \u010di nebezpe\u010dn\u00fdch st\u0159el\u00e1ch se jim mohlo rovn\u011b\u017e jen zd\u00e1t. Robinson p\u0159edvedla, \u017ee pozice na k\u0159\u00eddle je pro n\u00ed velmi dobr\u00e1 volba.<\/p>\n<p>Jej\u00ed rychlost a fyzick\u00e9 dispozice z n\u00ed \u010din\u00ed velmi nebezpe\u010dnou hr\u00e1\u010dku. \u0160koda, \u017ee jej\u00ed p\u0159ihr\u00e1vky do v\u00e1pna byly tentokr\u00e1t sp\u00e1len\u00e9 a st\u0159ely nep\u0159esn\u00e9. Gago tentokr\u00e1t zdrbala co mohla, a z druh\u00e9 vlny nab\u00edhaj\u00edc\u00ed Hayashi se tak\u00e9 k po\u0159\u00e1dn\u00e9 st\u0159ele nedostala. P\u0159esto se zd\u00e1lo b\u00fdt jen ot\u00e1zkou \u010dasu, kdy se n\u00e1m povede otev\u0159\u00edt sk\u00f3re z\u00e1pasu. Na polo\u010dasovou p\u0159est\u00e1vku jsme mohli j\u00edt optimisticky nalad\u011bni.<\/p>\n<h4>Druh\u00fd polo\u010das<\/h4>\n<p>za\u010dal mizern\u011b. Momiki se p\u0159ed v\u00e1pnem nepoda\u0159ilo odehr\u00e1t m\u00ed\u010d a Kitagawa sp\u00ed\u0161e svoj\u00ed ne\u0161ikovnost\u00ed ne\u017e nep\u0159im\u011b\u0159enou agresivitou srazila pronikaj\u00edc\u00ed Smith &#8211; penalta. M\u00ed\u010d si pro sebe nejprve uzmula ex-evertonsk\u00e1 Boyle-Hlorkah, ale byl j\u00ed citliv\u011b le\u010d jednozna\u010dn\u011b odebr\u00e1n Claypole. Z hlediska Foresters \u0161lo o dobr\u00fd tah, proto\u017ee penaltu jednozna\u010dn\u011b prom\u011bnila &#8211; <strong>0:1<\/strong>. Na\u0161t\u011bst\u00ed za p\u00e1r minut se Robinson povedlo obrat soupe\u0159ku o m\u00ed\u010d\u00a0 a dop\u0159edu poslan\u00e1 Gago se tentokr\u00e1t nem\u00fdlila &#8211; <strong>1:1<\/strong>. Soerensen vid\u011bl, \u017ee jde\u00a0 do tuh\u00e9ho a postupn\u011b st\u0159\u00eddal unaven\u00e9 nohy za \u010derstv\u00e9 ve snaze rozhodnout z\u00e1pas v \u0159\u00e1dn\u00e9 hrac\u00ed dob\u011b.<\/p>\n<p>Bohu\u017eel jsme si ani p\u0159es tuto snahu u\u017e \u017e\u00e1dn\u00e9 v\u00e1\u017en\u011bj\u0161\u00ed \u0161ance nevytvo\u0159ili a sk\u00f3re tedy z\u016fstalo vyrovnan\u00e9. Tak\u017ee se \u0161lo na penalty. Z nich jsme vy\u0161li v\u00edt\u011bzn\u011b my. Gago a Wheeler perom\u011bnili sv\u00e9 pokusy spolehliv\u011b, Hayashi a Stenevik (ta zejm\u00e9na!) se \u0161t\u011bst\u00edm a Weir p\u00e1lila mimo. Na\u0161t\u011bst\u00ed Ramsey se poda\u0159ilo vychytal pokusy Wellings a Boyle-Hlorkah (Claypole, Olding a Green se nem\u00fdlily). Pacheco tak m\u011bla na noze rozhoduj\u00edc\u00ed pokus a nezav\u00e1hala. Po penaltov\u00e9m rozst\u0159elu se tedy v\u00edt\u011bzstv\u00ed p\u0159iklonilo na na\u0161\u00ed stranu.<\/p>\n<h4>Shrnut\u00ed<\/h4>\n<p>Poda\u0159ilo se n\u00e1m zv\u00edt\u011bzit, i kdy\u017e cesta k t\u011bmto vav\u0159\u00edn\u016fm nebyla jednoduch\u00e1 a uk\u00e1zala na\u0161e star\u00e9 zn\u00e1m\u00e9 probl\u00e9my s neschopnost\u00ed prom\u011b\u0148ovat tu hrstku \u0161anc\u00ed, kter\u00e9 si dok\u00e1\u017eeme vytvo\u0159it. Doufejme, \u017ee v\u00edt\u011bzstv\u00ed i reprezenta\u010dn\u00ed pauza n\u00e1s vzpru\u017e\u00ed. P\u0159\u00ed\u0161t\u00ed t\u00fdden se utk\u00e1me se soupe\u0159em hrateln\u00fdm, s Aston Vilou. V\u011b\u0159me, \u017ee tento z\u00e1pas pro n\u00e1s skon\u010d\u00ed v\u00edt\u011bzstv\u00edm a dok\u00e1\u017eeme se tak dostat do klidn\u011bj\u0161\u00edch vod ligov\u00e9 tabulky, ne\u017e je na\u0161e sou\u010dasn\u00e9 10. m\u00edsto. Bohu\u017eel se tomu tak n\u011bjak \u0161patn\u011b v\u011b\u0159\u00ed. A je ot\u00e1zka, jak dlouho bude veden\u00ed Soerensenovi na\u0161\u00ed dlouhodob\u011b nen\u00e1paditou a p\u0159edv\u00eddatelnou a neefektivn\u00ed hru tolerovat. <strong><span style=\"color: #0000ff;\">COYBG!<\/span><\/strong><\/p>\n<p style=\"text-align: right;\"><span style=\"font-size: 8pt;\"><em>Zdroj fotografie: https:\/\/fromthespot.co.uk\/<\/em><\/span><\/p>\n<p><strong>Branky:<\/strong> Gago (59\u00b4) &#8211; Claypole (56\u00b4- penalta)\u00a0 <strong>\u017dK:<\/strong> Wheeler &#8211; Stapleton<\/p>\n<p><strong>Everton (4-5-1):\u00a0<\/strong> Ramsey; Kitagawa (Vignola 68&#8242;), <span class=\"visually-hidden ssrcss-1f39n02-VisuallyHidden e16en2lz0\">Fern\u00e1ndez, <\/span><span class=\"visually-hidden ssrcss-1f39n02-VisuallyHidden e16en2lz0\">Stenevik, <\/span>Pacheco; Robinson (Weir 74&#8242;)<span class=\"visually-hidden ssrcss-1f39n02-VisuallyHidden e16en2lz0\">, Hayashi (Payne 68&#8242;), <\/span><span class=\"visually-hidden ssrcss-1f39n02-VisuallyHidden e16en2lz0\">Wheeler, <\/span><span class=\"visually-hidden ssrcss-1f39n02-VisuallyHidden e16en2lz0\"> van Gool, <\/span><span class=\"visually-hidden ssrcss-1f39n02-VisuallyHidden e16en2lz0\">Momiki (Ladd 83&#8242;); Gago<\/span><\/p>\n<p><strong>Nottingham (3-4-3): <\/strong>Batty; Stapleton<span class=\"visually-hidden ssrcss-1f39n02-VisuallyHidden e16en2lz0\">, Green, <\/span><span class=\"visually-hidden ssrcss-1f39n02-VisuallyHidden e16en2lz0\">Mustaki; <\/span>Smith (Hamilton 72&#8242;)<span class=\"visually-hidden ssrcss-1f39n02-VisuallyHidden e16en2lz0\">, Thomas (Olding 86&#8242;), <\/span><span class=\"visually-hidden ssrcss-1f39n02-VisuallyHidden e16en2lz0\"> Rodgers, <\/span><span class=\"visually-hidden ssrcss-1f39n02-VisuallyHidden e16en2lz0\">Hed; <\/span>Boye-Hlorkah,<span class=\"visually-hidden ssrcss-1f39n02-VisuallyHidden e16en2lz0\"> Claypole, <\/span><span class=\"visually-hidden ssrcss-1f39n02-VisuallyHidden e16en2lz0\"> Garc\u00eda (Wellings 72&#8242;)<\/span><\/p>\n<p><strong>Rozhod\u010d\u00ed:<\/strong> Adewunmi Soneye\u00a0 <strong>Div\u00e1ci:<\/strong> 1 500 (Goodison Park)<\/p>\n<p><iframe loading=\"lazy\" title=\"Bonus Point Penalty Shootout! Everton v Nottingham Forest Subway Women&#039;s League Cup Highlights 25\/26\" width=\"1140\" height=\"641\" src=\"https:\/\/www.youtube.com\/embed\/JMHQ9RMT7to?feature=oembed\" frameborder=\"0\" allow=\"accelerometer; autoplay; clipboard-write; encrypted-media; gyroscope; picture-in-picture; web-share\" referrerpolicy=\"strict-origin-when-cross-origin\" allowfullscreen><\/iframe><\/p>\n","protected":false},"excerpt":{"rendered":"<p>Zd\u00e1 se, \u017ee jsme kone\u010dn\u011b na\u0161li d\u016fstojn\u00e9ho soupe\u0159e. V r\u00e1mci dal\u0161\u00edho z\u00e1pasu Ligov\u00e9ho poh\u00e1ru jsme svedli vyrovnanou, ale nakonec pro na\u0161e barvy v\u00edt\u011bznou bitvu s \u0161est\u00fdm celkem druh\u00e9 ligy &#8211; Nottingham Forest.<\/p>\n","protected":false},"author":26,"featured_media":27798,"comment_status":"open","ping_status":"closed","sticky":false,"template":"","format":"standard","meta":{"_eb_attr":"","_monsterinsights_skip_tracking":false,"_monsterinsights_sitenote_active":false,"_monsterinsights_sitenote_note":"","_monsterinsights_sitenote_category":0,"footnotes":""},"categories":[110],"tags":[],"yoast_head":"<!-- This site is optimized with the Yoast SEO plugin v23.4 - https:\/\/yoast.com\/wordpress\/plugins\/seo\/ -->\n<title>WLC: Everton W - Nottingham Forest W 1:1 (4:3 pen) - Official Czech &amp; Slovak Everton Supporters&#039; Club<\/title>\n<meta name=\"robots\" content=\"index, follow, max-snippet:-1, max-image-preview:large, max-video-preview:-1\" \/>\n<link rel=\"canonical\" href=\"https:\/\/evertonfc.cz\/index.php\/2025\/10\/26\/wlc-everton-w-nottingham-forest-w-11-43-pen\/\" \/>\n<meta property=\"og:locale\" content=\"cs_CZ\" \/>\n<meta property=\"og:type\" content=\"article\" \/>\n<meta property=\"og:title\" content=\"WLC: Everton W - Nottingham Forest W 1:1 (4:3 pen) - Official Czech &amp; Slovak Everton Supporters&#039; Club\" \/>\n<meta property=\"og:description\" content=\"Zd\u00e1 se, \u017ee jsme kone\u010dn\u011b na\u0161li d\u016fstojn\u00e9ho soupe\u0159e. V r\u00e1mci dal\u0161\u00edho z\u00e1pasu Ligov\u00e9ho poh\u00e1ru jsme svedli vyrovnanou, ale nakonec pro na\u0161e barvy v\u00edt\u011bznou bitvu s \u0161est\u00fdm celkem druh\u00e9 ligy - Nottingham Forest.\" \/>\n<meta property=\"og:url\" content=\"https:\/\/evertonfc.cz\/index.php\/2025\/10\/26\/wlc-everton-w-nottingham-forest-w-11-43-pen\/\" \/>\n<meta property=\"og:site_name\" content=\"Official Czech &amp; Slovak Everton Supporters&#039; Club\" \/>\n<meta property=\"article:publisher\" content=\"https:\/\/www.facebook.com\/everton.fans.cz.sk\" \/>\n<meta property=\"article:published_time\" content=\"2025-10-26T15:02:49+00:00\" \/>\n<meta property=\"article:modified_time\" content=\"2025-10-27T16:57:17+00:00\" \/>\n<meta property=\"og:image\" content=\"https:\/\/evertonfc.cz\/wp-content\/uploads\/2025\/10\/everton-v-nottingham-forest-league-cup-19_10_2025-web.jpg\" \/>\n\t<meta property=\"og:image:width\" content=\"720\" \/>\n\t<meta property=\"og:image:height\" content=\"405\" \/>\n\t<meta property=\"og:image:type\" content=\"image\/jpeg\" \/>\n<meta name=\"author\" content=\"Karamela\" \/>\n<meta name=\"twitter:card\" content=\"summary_large_image\" \/>\n<meta name=\"twitter:label1\" content=\"Napsal(a)\" \/>\n\t<meta name=\"twitter:data1\" content=\"Karamela\" \/>\n\t<meta name=\"twitter:label2\" content=\"Odhadovan\u00e1 doba \u010dten\u00ed\" \/>\n\t<meta name=\"twitter:data2\" content=\"4 minuty\" \/>\n<script type=\"application\/ld+json\" class=\"yoast-schema-graph\">{\"@context\":\"https:\/\/schema.org\",\"@graph\":[{\"@type\":\"Article\",\"@id\":\"https:\/\/evertonfc.cz\/index.php\/2025\/10\/26\/wlc-everton-w-nottingham-forest-w-11-43-pen\/#article\",\"isPartOf\":{\"@id\":\"https:\/\/evertonfc.cz\/index.php\/2025\/10\/26\/wlc-everton-w-nottingham-forest-w-11-43-pen\/\"},\"author\":{\"name\":\"Karamela\",\"@id\":\"https:\/\/evertonfc.cz\/#\/schema\/person\/e9a24a80a32efa1344dd2c4e5882185c\"},\"headline\":\"WLC: Everton W &#8211; Nottingham Forest W 1:1 (4:3 pen)\",\"datePublished\":\"2025-10-26T15:02:49+00:00\",\"dateModified\":\"2025-10-27T16:57:17+00:00\",\"mainEntityOfPage\":{\"@id\":\"https:\/\/evertonfc.cz\/index.php\/2025\/10\/26\/wlc-everton-w-nottingham-forest-w-11-43-pen\/\"},\"wordCount\":769,\"commentCount\":0,\"publisher\":{\"@id\":\"https:\/\/evertonfc.cz\/#organization\"},\"image\":{\"@id\":\"https:\/\/evertonfc.cz\/index.php\/2025\/10\/26\/wlc-everton-w-nottingham-forest-w-11-43-pen\/#primaryimage\"},\"thumbnailUrl\":\"https:\/\/evertonfc.cz\/wp-content\/uploads\/2025\/10\/everton-v-nottingham-forest-league-cup-19_10_2025-web.jpg\",\"articleSection\":[\"Everton Women\"],\"inLanguage\":\"cs\",\"potentialAction\":[{\"@type\":\"CommentAction\",\"name\":\"Comment\",\"target\":[\"https:\/\/evertonfc.cz\/index.php\/2025\/10\/26\/wlc-everton-w-nottingham-forest-w-11-43-pen\/#respond\"]}]},{\"@type\":\"WebPage\",\"@id\":\"https:\/\/evertonfc.cz\/index.php\/2025\/10\/26\/wlc-everton-w-nottingham-forest-w-11-43-pen\/\",\"url\":\"https:\/\/evertonfc.cz\/index.php\/2025\/10\/26\/wlc-everton-w-nottingham-forest-w-11-43-pen\/\",\"name\":\"WLC: Everton W - Nottingham Forest W 1:1 (4:3 pen) - Official Czech &amp; Slovak Everton Supporters&#039; Club\",\"isPartOf\":{\"@id\":\"https:\/\/evertonfc.cz\/#website\"},\"primaryImageOfPage\":{\"@id\":\"https:\/\/evertonfc.cz\/index.php\/2025\/10\/26\/wlc-everton-w-nottingham-forest-w-11-43-pen\/#primaryimage\"},\"image\":{\"@id\":\"https:\/\/evertonfc.cz\/index.php\/2025\/10\/26\/wlc-everton-w-nottingham-forest-w-11-43-pen\/#primaryimage\"},\"thumbnailUrl\":\"https:\/\/evertonfc.cz\/wp-content\/uploads\/2025\/10\/everton-v-nottingham-forest-league-cup-19_10_2025-web.jpg\",\"datePublished\":\"2025-10-26T15:02:49+00:00\",\"dateModified\":\"2025-10-27T16:57:17+00:00\",\"breadcrumb\":{\"@id\":\"https:\/\/evertonfc.cz\/index.php\/2025\/10\/26\/wlc-everton-w-nottingham-forest-w-11-43-pen\/#breadcrumb\"},\"inLanguage\":\"cs\",\"potentialAction\":[{\"@type\":\"ReadAction\",\"target\":[\"https:\/\/evertonfc.cz\/index.php\/2025\/10\/26\/wlc-everton-w-nottingham-forest-w-11-43-pen\/\"]}]},{\"@type\":\"ImageObject\",\"inLanguage\":\"cs\",\"@id\":\"https:\/\/evertonfc.cz\/index.php\/2025\/10\/26\/wlc-everton-w-nottingham-forest-w-11-43-pen\/#primaryimage\",\"url\":\"https:\/\/evertonfc.cz\/wp-content\/uploads\/2025\/10\/everton-v-nottingham-forest-league-cup-19_10_2025-web.jpg\",\"contentUrl\":\"https:\/\/evertonfc.cz\/wp-content\/uploads\/2025\/10\/everton-v-nottingham-forest-league-cup-19_10_2025-web.jpg\",\"width\":720,\"height\":405},{\"@type\":\"BreadcrumbList\",\"@id\":\"https:\/\/evertonfc.cz\/index.php\/2025\/10\/26\/wlc-everton-w-nottingham-forest-w-11-43-pen\/#breadcrumb\",\"itemListElement\":[{\"@type\":\"ListItem\",\"position\":1,\"name\":\"Home\",\"item\":\"https:\/\/evertonfc.cz\/\"},{\"@type\":\"ListItem\",\"position\":2,\"name\":\"WLC: Everton W &#8211; Nottingham Forest W 1:1 (4:3 pen)\"}]},{\"@type\":\"WebSite\",\"@id\":\"https:\/\/evertonfc.cz\/#website\",\"url\":\"https:\/\/evertonfc.cz\/\",\"name\":\"Official Czech &amp; Slovak Everton Supporters&#039; Club\",\"description\":\"\",\"publisher\":{\"@id\":\"https:\/\/evertonfc.cz\/#organization\"},\"potentialAction\":[{\"@type\":\"SearchAction\",\"target\":{\"@type\":\"EntryPoint\",\"urlTemplate\":\"https:\/\/evertonfc.cz\/?s={search_term_string}\"},\"query-input\":{\"@type\":\"PropertyValueSpecification\",\"valueRequired\":true,\"valueName\":\"search_term_string\"}}],\"inLanguage\":\"cs\"},{\"@type\":\"Organization\",\"@id\":\"https:\/\/evertonfc.cz\/#organization\",\"name\":\"Official Czech & Slovak Everton Supporters' Club\",\"url\":\"https:\/\/evertonfc.cz\/\",\"logo\":{\"@type\":\"ImageObject\",\"inLanguage\":\"cs\",\"@id\":\"https:\/\/evertonfc.cz\/#\/schema\/logo\/image\/\",\"url\":\"https:\/\/evertonfc.cz\/wp-content\/uploads\/2019\/05\/logo.png\",\"contentUrl\":\"https:\/\/evertonfc.cz\/wp-content\/uploads\/2019\/05\/logo.png\",\"width\":112,\"height\":112,\"caption\":\"Official Czech & Slovak Everton Supporters' Club\"},\"image\":{\"@id\":\"https:\/\/evertonfc.cz\/#\/schema\/logo\/image\/\"},\"sameAs\":[\"https:\/\/www.facebook.com\/everton.fans.cz.sk\"]},{\"@type\":\"Person\",\"@id\":\"https:\/\/evertonfc.cz\/#\/schema\/person\/e9a24a80a32efa1344dd2c4e5882185c\",\"name\":\"Karamela\",\"url\":\"https:\/\/evertonfc.cz\/index.php\/author\/karamela\/\"}]}<\/script>\n<!-- \/ Yoast SEO plugin. -->","yoast_head_json":{"title":"WLC: Everton W - Nottingham Forest W 1:1 (4:3 pen) - Official Czech &amp; Slovak Everton Supporters&#039; Club","robots":{"index":"index","follow":"follow","max-snippet":"max-snippet:-1","max-image-preview":"max-image-preview:large","max-video-preview":"max-video-preview:-1"},"canonical":"https:\/\/evertonfc.cz\/index.php\/2025\/10\/26\/wlc-everton-w-nottingham-forest-w-11-43-pen\/","og_locale":"cs_CZ","og_type":"article","og_title":"WLC: Everton W - Nottingham Forest W 1:1 (4:3 pen) - Official Czech &amp; Slovak Everton Supporters&#039; Club","og_description":"Zd\u00e1 se, \u017ee jsme kone\u010dn\u011b na\u0161li d\u016fstojn\u00e9ho soupe\u0159e. V r\u00e1mci dal\u0161\u00edho z\u00e1pasu Ligov\u00e9ho poh\u00e1ru jsme svedli vyrovnanou, ale nakonec pro na\u0161e barvy v\u00edt\u011bznou bitvu s \u0161est\u00fdm celkem druh\u00e9 ligy - Nottingham Forest.","og_url":"https:\/\/evertonfc.cz\/index.php\/2025\/10\/26\/wlc-everton-w-nottingham-forest-w-11-43-pen\/","og_site_name":"Official Czech &amp; Slovak Everton Supporters&#039; Club","article_publisher":"https:\/\/www.facebook.com\/everton.fans.cz.sk","article_published_time":"2025-10-26T15:02:49+00:00","article_modified_time":"2025-10-27T16:57:17+00:00","og_image":[{"width":720,"height":405,"url":"https:\/\/evertonfc.cz\/wp-content\/uploads\/2025\/10\/everton-v-nottingham-forest-league-cup-19_10_2025-web.jpg","type":"image\/jpeg"}],"author":"Karamela","twitter_card":"summary_large_image","twitter_misc":{"Napsal(a)":"Karamela","Odhadovan\u00e1 doba \u010dten\u00ed":"4 minuty"},"schema":{"@context":"https:\/\/schema.org","@graph":[{"@type":"Article","@id":"https:\/\/evertonfc.cz\/index.php\/2025\/10\/26\/wlc-everton-w-nottingham-forest-w-11-43-pen\/#article","isPartOf":{"@id":"https:\/\/evertonfc.cz\/index.php\/2025\/10\/26\/wlc-everton-w-nottingham-forest-w-11-43-pen\/"},"author":{"name":"Karamela","@id":"https:\/\/evertonfc.cz\/#\/schema\/person\/e9a24a80a32efa1344dd2c4e5882185c"},"headline":"WLC: Everton W &#8211; Nottingham Forest W 1:1 (4:3 pen)","datePublished":"2025-10-26T15:02:49+00:00","dateModified":"2025-10-27T16:57:17+00:00","mainEntityOfPage":{"@id":"https:\/\/evertonfc.cz\/index.php\/2025\/10\/26\/wlc-everton-w-nottingham-forest-w-11-43-pen\/"},"wordCount":769,"commentCount":0,"publisher":{"@id":"https:\/\/evertonfc.cz\/#organization"},"image":{"@id":"https:\/\/evertonfc.cz\/index.php\/2025\/10\/26\/wlc-everton-w-nottingham-forest-w-11-43-pen\/#primaryimage"},"thumbnailUrl":"https:\/\/evertonfc.cz\/wp-content\/uploads\/2025\/10\/everton-v-nottingham-forest-league-cup-19_10_2025-web.jpg","articleSection":["Everton Women"],"inLanguage":"cs","potentialAction":[{"@type":"CommentAction","name":"Comment","target":["https:\/\/evertonfc.cz\/index.php\/2025\/10\/26\/wlc-everton-w-nottingham-forest-w-11-43-pen\/#respond"]}]},{"@type":"WebPage","@id":"https:\/\/evertonfc.cz\/index.php\/2025\/10\/26\/wlc-everton-w-nottingham-forest-w-11-43-pen\/","url":"https:\/\/evertonfc.cz\/index.php\/2025\/10\/26\/wlc-everton-w-nottingham-forest-w-11-43-pen\/","name":"WLC: Everton W - Nottingham Forest W 1:1 (4:3 pen) - Official Czech &amp; Slovak Everton Supporters&#039; Club","isPartOf":{"@id":"https:\/\/evertonfc.cz\/#website"},"primaryImageOfPage":{"@id":"https:\/\/evertonfc.cz\/index.php\/2025\/10\/26\/wlc-everton-w-nottingham-forest-w-11-43-pen\/#primaryimage"},"image":{"@id":"https:\/\/evertonfc.cz\/index.php\/2025\/10\/26\/wlc-everton-w-nottingham-forest-w-11-43-pen\/#primaryimage"},"thumbnailUrl":"https:\/\/evertonfc.cz\/wp-content\/uploads\/2025\/10\/everton-v-nottingham-forest-league-cup-19_10_2025-web.jpg","datePublished":"2025-10-26T15:02:49+00:00","dateModified":"2025-10-27T16:57:17+00:00","breadcrumb":{"@id":"https:\/\/evertonfc.cz\/index.php\/2025\/10\/26\/wlc-everton-w-nottingham-forest-w-11-43-pen\/#breadcrumb"},"inLanguage":"cs","potentialAction":[{"@type":"ReadAction","target":["https:\/\/evertonfc.cz\/index.php\/2025\/10\/26\/wlc-everton-w-nottingham-forest-w-11-43-pen\/"]}]},{"@type":"ImageObject","inLanguage":"cs","@id":"https:\/\/evertonfc.cz\/index.php\/2025\/10\/26\/wlc-everton-w-nottingham-forest-w-11-43-pen\/#primaryimage","url":"https:\/\/evertonfc.cz\/wp-content\/uploads\/2025\/10\/everton-v-nottingham-forest-league-cup-19_10_2025-web.jpg","contentUrl":"https:\/\/evertonfc.cz\/wp-content\/uploads\/2025\/10\/everton-v-nottingham-forest-league-cup-19_10_2025-web.jpg","width":720,"height":405},{"@type":"BreadcrumbList","@id":"https:\/\/evertonfc.cz\/index.php\/2025\/10\/26\/wlc-everton-w-nottingham-forest-w-11-43-pen\/#breadcrumb","itemListElement":[{"@type":"ListItem","position":1,"name":"Home","item":"https:\/\/evertonfc.cz\/"},{"@type":"ListItem","position":2,"name":"WLC: Everton W &#8211; Nottingham Forest W 1:1 (4:3 pen)"}]},{"@type":"WebSite","@id":"https:\/\/evertonfc.cz\/#website","url":"https:\/\/evertonfc.cz\/","name":"Official Czech &amp; Slovak Everton Supporters&#039; Club","description":"","publisher":{"@id":"https:\/\/evertonfc.cz\/#organization"},"potentialAction":[{"@type":"SearchAction","target":{"@type":"EntryPoint","urlTemplate":"https:\/\/evertonfc.cz\/?s={search_term_string}"},"query-input":{"@type":"PropertyValueSpecification","valueRequired":true,"valueName":"search_term_string"}}],"inLanguage":"cs"},{"@type":"Organization","@id":"https:\/\/evertonfc.cz\/#organization","name":"Official Czech & Slovak Everton Supporters' Club","url":"https:\/\/evertonfc.cz\/","logo":{"@type":"ImageObject","inLanguage":"cs","@id":"https:\/\/evertonfc.cz\/#\/schema\/logo\/image\/","url":"https:\/\/evertonfc.cz\/wp-content\/uploads\/2019\/05\/logo.png","contentUrl":"https:\/\/evertonfc.cz\/wp-content\/uploads\/2019\/05\/logo.png","width":112,"height":112,"caption":"Official Czech & Slovak Everton Supporters' Club"},"image":{"@id":"https:\/\/evertonfc.cz\/#\/schema\/logo\/image\/"},"sameAs":["https:\/\/www.facebook.com\/everton.fans.cz.sk"]},{"@type":"Person","@id":"https:\/\/evertonfc.cz\/#\/schema\/person\/e9a24a80a32efa1344dd2c4e5882185c","name":"Karamela","url":"https:\/\/evertonfc.cz\/index.php\/author\/karamela\/"}]}},"_links":{"self":[{"href":"https:\/\/evertonfc.cz\/index.php\/wp-json\/wp\/v2\/posts\/27797"}],"collection":[{"href":"https:\/\/evertonfc.cz\/index.php\/wp-json\/wp\/v2\/posts"}],"about":[{"href":"https:\/\/evertonfc.cz\/index.php\/wp-json\/wp\/v2\/types\/post"}],"author":[{"embeddable":true,"href":"https:\/\/evertonfc.cz\/index.php\/wp-json\/wp\/v2\/users\/26"}],"replies":[{"embeddable":true,"href":"https:\/\/evertonfc.cz\/index.php\/wp-json\/wp\/v2\/comments?post=27797"}],"version-history":[{"count":7,"href":"https:\/\/evertonfc.cz\/index.php\/wp-json\/wp\/v2\/posts\/27797\/revisions"}],"predecessor-version":[{"id":27814,"href":"https:\/\/evertonfc.cz\/index.php\/wp-json\/wp\/v2\/posts\/27797\/revisions\/27814"}],"wp:featuredmedia":[{"embeddable":true,"href":"https:\/\/evertonfc.cz\/index.php\/wp-json\/wp\/v2\/media\/27798"}],"wp:attachment":[{"href":"https:\/\/evertonfc.cz\/index.php\/wp-json\/wp\/v2\/media?parent=27797"}],"wp:term":[{"taxonomy":"category","embeddable":true,"href":"https:\/\/evertonfc.cz\/index.php\/wp-json\/wp\/v2\/categories?post=27797"},{"taxonomy":"post_tag","embeddable":true,"href":"https:\/\/evertonfc.cz\/index.php\/wp-json\/wp\/v2\/tags?post=27797"}],"curies":[{"name":"wp","href":"https:\/\/api.w.org\/{rel}","templated":true}]}}