{"id":27815,"date":"2025-10-27T20:26:59","date_gmt":"2025-10-27T19:26:59","guid":{"rendered":"https:\/\/evertonfc.cz\/?p=27815"},"modified":"2025-10-27T20:32:49","modified_gmt":"2025-10-27T19:32:49","slug":"everton-tottenham-hotspur-03-2","status":"publish","type":"post","link":"https:\/\/evertonfc.cz\/index.php\/2025\/10\/27\/everton-tottenham-hotspur-03-2\/","title":{"rendered":"Everton \u2013 Tottenham Hotspur 0:3"},"content":{"rendered":"<h4 class=\"wcl-news-heading-01_Ofjr0 fp-title_9WuNJ\" role=\"heading\" data-testid=\"wcl-news-heading-01\">Spurs take the Micky at the Hill Dicky! Koh\u00fati s\u00fa prv\u00fdm t\u00edmom, ktor\u00fd dok\u00e1zal zv\u00ed\u0165azi\u0165 na na\u0161om novom \u0161tadi\u00f3ne. S trojg\u00f3lov\u00fdm triumfom z\u00e1rove\u0148 ukon\u010dili svoju \u0161es\u0165z\u00e1pasov\u00fa s\u00e9riu bez v\u00fdhry na p\u00f4de Toffees. Ako bude reagova\u0165 Moyes?<\/h4>\n<p>Pre dom\u00e1cich to bol katastrof\u00e1lny z\u00e1pas. Nielen\u017ee inkasovali dva g\u00f3ly priamo z rohov\u00fdch kopov, ale aj presn\u00fd z\u00e1sah O\u2019Briena zmarila vy\u0161ia moc VARu. Nepomohlo ani, \u017ee sa do zostavy sa po pauze vr\u00e1til Grealish, ktor\u00fd nahradil Alcaraza. To bola jedin\u00e1 zmena oproti duelu so City. Na lavi\u010dke ostali R\u00f6hl, Dibling, McNeil a Aznou, no tentoraz len s jedin\u00fdm brank\u00e1rom. \u010cudn\u00e9. Zranen\u00ed Branthwaite a Patterson op\u00e4\u0165 ch\u00fdbali.<\/p>\n<h4><strong>1.pol\u010das<\/strong><\/h4>\n<p>Everton s\u00edce zatia\u013e vo svojom novom domove nepoznal premo\u017eite\u013ea, no u\u017e v \u00favode bolo jasn\u00e9, \u017ee tento status je v ohrozen\u00ed. Doteraz jedin\u00fd t\u00edm ligy, ktor\u00fd e\u0161te neinkasoval zo \u0161tandardky, pri\u0161iel o t\u00fato \u0161tatistiku u\u017e v 12. min\u00fate. Bentancur pred\u013a\u017eil roh Kudusa a van de Ven nekompromisne hlavi\u010dkoval z mal\u00e9ho v\u00e1pna &#8211; <strong>0:1<\/strong>.<\/p>\n<p>Reakcia dom\u00e1cich pri\u0161la r\u00fdchlo. Len o \u0161es\u0165 min\u00fat nesk\u00f4r O\u2019Brien presne zakon\u010dil hlavou po skvelom centri Dewsbury-Halla. Rados\u0165 v\u0161ak netrvala dlho. VAR rozhodol, \u017ee Ndiaye a Grealish v ofsajde ovplyvnili brank\u00e1ra, a g\u00f3l neplatil. No v\u00fdklady pravidiel s\u00fa sporn\u00e9, a\u00a0n\u00e1jdu sa kapacity, ktor\u00e9 tvrdia opak. B\u00fdval\u00fd \u0161\u00e9f PGMOL a funkcion\u00e1r FIFA Keith Hackett si mysl\u00ed, \u017ee syst\u00e9m VAR nemal zasahova\u0165, ak Pawson g\u00f3l odobril.<\/p>\n<p>Hr\u00e1\u010di pod\u013ea neho st\u00e1li za brank\u00e1rom, neblokovali v\u00fdh\u013ead, a\u00a0v\u00a0\u010dase hlavi\u010dky O\u2019Briena u\u017e pri \u0148om neboli. A\u00a0\u010do sa t\u00fdka kontaktu, tak ten je pri s\u00fa\u010dasne tolerovanom \u0161tandarde \u00faplne v\u00a0norme (vi\u010f druh\u00fd g\u00f3l MvdV). Po zru\u0161enom vyrovnan\u00ed sa Spurs upokojili a postupne ovl\u00e1dli dianie. Bentancur o p\u00e1r min\u00fat tesne minul br\u00e1nu technickou strelou z hranice \u0161estn\u00e1stky a v 33. min\u00fate znovu udreli po rohu. Pedro Porro naserv\u00edroval presn\u00fd center a Van de Ven prekonal Pickforda druh\u00fdkr\u00e1t v\u00a0z\u00e1pase \u2013 <strong>0:2<\/strong>. \u010co na tom, \u017ee pred zakon\u010den\u00edm do\u0148ho \u0161tuchol&#8230;<\/p>\n<h4><strong>2.pol\u010das<\/strong><\/h4>\n<p>Po prest\u00e1vke sa Everton sna\u017eil reagova\u0165. P\u00e4\u0165 min\u00fat po re\u0161tarte mohol Ndiaye zn\u00ed\u017ei\u0165, no jeho \u0161ikovn\u00e9 zakon\u010denie z bl\u00edzka preletelo len tesne ved\u013ea \u017erde. Ak to zhrniem, Senegal\u010dan bol op\u00e4\u0165 najlep\u0161\u00edm hr\u00e1\u010dom EFC a predviedol skvel\u00fd, aj pracovit\u00fd v\u00fdkon na pravom kr\u00eddle. Neust\u00e1le p\u00fatal pozornos\u0165 svojich obrancov a pripravil pre Beta prakticky v\u0161etky \u0161ance, ktor\u00e9 guinejsko-bissausk\u00fd reprezentant trestuhodne nevyu\u017eil.<\/p>\n<p>V 62. min\u00fate sa mohol z\u00e1pas definit\u00edvne zlomi\u0165. James Tarkowski podbehol loptu hlavou a pon\u00fakol Richarlisonovi mo\u017enos\u0165 sk\u00f3rova\u0165 proti svojmu b\u00fdval\u00e9mu t\u00edmu. Braz\u00edl\u010dan v\u0161ak trafil priamo do Pickforda. Moyes nesk\u00f4r poslal na ihrisko \u010derstv\u00e9 sily. Syst\u00e9m v\u0161ak ostal rovnak\u00fd, tak\u017ee efekt to nemalo viac-menej \u017eiadny.<\/p>\n<p>S\u013eubn\u00fd R\u00f6hl mohol zn\u00ed\u017ei\u0165, no jeho hlavi\u010dka z bezprostrednej bl\u00edzkosti skon\u010dila nad br\u00e1nou. Z\u00e1ver patril u\u017e len hos\u0165om. V nadstavenom \u010dase uzavrel sk\u00f3re Pape Matar Sarr po r\u00fdchlej kombin\u00e1cii Spurs. Everton tak utrpel prv\u00fa dom\u00e1cu por\u00e1\u017eku na novom \u0161tadi\u00f3ne a zost\u00e1va pevne ukotven\u00fd v dolnej polovici tabu\u013eky.<\/p>\n<h4><strong>Ch\u00fdba n\u00e1m nie\u010do?<\/strong><\/h4>\n<p>Na prv\u00fd poh\u013ead to mo\u017eno vyzer\u00e1 ako \u201ejeden z t\u00fdch dn\u00ed\u201c, ke\u010f sa lopta jednoducho neodraz\u00ed spr\u00e1vne. Dve inkasovan\u00e9 br\u00e1nky po dobre kopnut\u00fdch rohoch proti silnej\u0161iemu s\u00faperovi samy o sebe e\u0161te neznamenaj\u00fa syst\u00e9mov\u00fd probl\u00e9m. No \u010dosi napovedaj\u00fa \u010d\u00edsla. Everton strelil v tejto sez\u00f3ne len dva g\u00f3ly po \u0161tandardn\u00fdch situ\u00e1ci\u00e1ch. Menej maj\u00fa iba Liverpool, Manchester City, West Ham a Wolves.<\/p>\n<p>Zatia\u013e \u010do v celej Premier League rastie podiel g\u00f3lov po \u0161tandardk\u00e1ch, u Evertonu kles\u00e1. Vlani padlo z nich 12 z celkov\u00fdch 42 g\u00f3lov EFC (pribli\u017ene 28 %). Teraz s\u00fa to len dva z deviatich, teda 22 %. A to pritom Moyesov t\u00edm patr\u00ed medzi tie najvy\u0161\u0161ie v\u00a0lige. Aj bez 196 cm vysok\u00e9ho Branthwaitea m\u00e1me na ihrisku obrovit\u00fdch hr\u00e1\u010dov ako Beto, Thierno Barry \u010di Jake O\u2019Brien. K tomu najviac faulovan\u00fd hr\u00e1\u010d s\u00fa\u0165a\u017ee \u2013 Jack Grealish.<\/p>\n<p>Na papieri recept na \u0161tandardkov\u00e9 hody, v praxi v\u0161ak di\u00e9tna realita. K\u00fdm v minulej sez\u00f3ne mal Everton na \u0161tandardky vyhraden\u00e9ho tr\u00e9nera, dnes u\u017e nie. Charlie Adam, ktor\u00fd sa pripojil k Moyesovmu t\u00edmu v janu\u00e1ri ako \u0161pecialista na tak\u00e9to momenty, po\u010das leta klub opustil, aby sa stal hlavn\u00fdm tr\u00e9nerom inde.<\/p>\n<p>Nie je jasn\u00e9, \u010di jeho odchod znamenal aj \u00fastup d\u00f4razu na tieto situ\u00e1cie v tr\u00e9ningu, no v\u00fdsledky tomu nahr\u00e1vaj\u00fa. V lige, kde sa g\u00f3ly zo \u0161tandardiek stali modern\u00fdm trendom, Karamelky zatia\u013e stoja bokom. Mo\u017eno nastal \u010das, aby Moyes op\u00e4\u0165 otvoril ot\u00e1zku \u0161pecialistu, ktor\u00fd by t\u00edmu pomohol vyu\u017ei\u0165 jeho fyzick\u00e9 prednosti. Preto\u017ee g\u00f3ly z hry prich\u00e1dzaj\u00fa \u010doraz \u0165a\u017e\u0161ie, stred je m\u0155tvy a kraje nie s\u00fa v\u0161emocn\u00e9, aj ke\u010f po\u0161l\u00fa za 90 min\u00fat do v\u00e1pna takmer tridsa\u0165 centrovan\u00fdch l\u00f4pt&#8230;<\/p>\n<h4 style=\"text-align: center;\"><strong>David Moyes po z\u00e1pase:<\/strong><\/h4>\n<blockquote><p><span style=\"font-size: 12pt;\"><em>\u201eNemysl\u00edm si, \u017ee sme si zasl\u00fa\u017eili prehra\u0165 0:3, ale ak nebr\u00e1nite \u0161tandardn\u00e9 situ\u00e1cie dostato\u010dne dobre, v\u017edy riskujete, \u017ee prehr\u00e1te z\u00e1pas. Nie je to nie\u010do, \u010do by pre n\u00e1s doteraz predstavovalo ve\u013ek\u00fd probl\u00e9m, ale dnes to tak bolo \u2014 \u010di u\u017e to bolo kvalitou, ktor\u00fa Spurs predviedli, alebo t\u00fdm, ako zle sme to br\u00e1nili my, o tom sa d\u00e1 polemizova\u0165. Samozrejme, som nahnevan\u00fd, preto\u017ee zvy\u010dajne nebr\u00e1nime \u0161tandardky takto zle, tak\u017ee na tom budeme musie\u0165 popracova\u0165. Doteraz sme v tom boli celkom dobr\u00ed. Celkovo bol n\u00e1\u0161 hern\u00fd prejav dostato\u010dne dobr\u00fd na to, aby sme si zasl\u00fa\u017eili viac, ne\u017e \u010do sme dnes z\u00edskali \u2014 len sa mus\u00edme zlep\u0161i\u0165 v discipl\u00edne a lep\u0161ie vyu\u017e\u00edva\u0165 \u0161ance, ktor\u00e9 si vytv\u00e1rame.\u201c<\/em><\/span><\/p><\/blockquote>\n<h3 style=\"text-align: center;\"><span style=\"color: #3366ff;\"><strong><em>Up The Toffees !!!<\/em><\/strong><\/span><\/h3>\n<p style=\"text-align: right;\"><span style=\"font-size: 8pt;\">(fotozdroj: evertonfc.com)<\/span><\/p>\n<p><strong>G\u00f3ly:<\/strong> 19\u00b4 van de Ven (Bentancur), 45+6\u00b4 van de Ven (Porro), 89\u00b4 Sarr (Richarlison)<\/p>\n<p><strong>\u017dlt\u00e9 karty:<\/strong> 58\u00b4 Garner, 71\u00b4 Grealish<\/p>\n<p><strong>Everton FC: <\/strong>Pickford \u2013 O\u2019Brien (66\u00b4 R\u00f6hl), Tarkowski, Keane, Mykolenko \u2013 Gueye (86\u00b4 Alcaraz), Garner, Dewsbury-Hall \u2013 Ndiaye, Beto (66&#8242; Barry), Grealish<\/p>\n<p><strong>Tottenham Hotspur FC: <\/strong>Vicario \u2013 Porro, Danso, van de Ven, Spence \u2013 Palhinha, Bentancur, Simons (61&#8242; Bergvall) \u2013 Kudus (78&#8242; Sarr), Kolo-Muani (62\u00b4 Richarlison), Johnson (90+3&#8242; Tell)<\/p>\n<p><strong>Rozhodca:\u00a0<\/strong>Craig Pawson <strong>\u00a0Div\u00e1ci:<\/strong> 52 501 (Hill Dickinson Stadium)\u00a0 <strong>Mu\u017e z\u00e1pasu EFC:<\/strong>\u00a0Iliman Ndiaye<\/p>\n","protected":false},"excerpt":{"rendered":"<p>Spurs take the Micky at the Hill Dicky! Koh\u00fati s\u00fa prv\u00fdm t\u00edmom, ktor\u00fd dok\u00e1zal zv\u00ed\u0165azi\u0165 na na\u0161om novom \u0161tadi\u00f3ne. S trojg\u00f3lov\u00fdm triumfom z\u00e1rove\u0148 ukon\u010dili svoju \u0161es\u0165z\u00e1pasov\u00fa s\u00e9riu bez v\u00fdhry na p\u00f4de Toffees. Ako bude reagova\u0165 Moyes?<\/p>\n","protected":false},"author":1,"featured_media":27816,"comment_status":"open","ping_status":"closed","sticky":false,"template":"","format":"standard","meta":{"_eb_attr":"","_monsterinsights_skip_tracking":false,"_monsterinsights_sitenote_active":false,"_monsterinsights_sitenote_note":"","_monsterinsights_sitenote_category":0,"footnotes":""},"categories":[4],"tags":[],"yoast_head":"<!-- This site is optimized with the Yoast SEO plugin v23.4 - https:\/\/yoast.com\/wordpress\/plugins\/seo\/ -->\n<title>Everton \u2013 Tottenham Hotspur 0:3 - Official Czech &amp; Slovak Everton Supporters&#039; Club<\/title>\n<meta name=\"robots\" content=\"index, follow, max-snippet:-1, max-image-preview:large, max-video-preview:-1\" \/>\n<link rel=\"canonical\" href=\"https:\/\/evertonfc.cz\/index.php\/2025\/10\/27\/everton-tottenham-hotspur-03-2\/\" \/>\n<meta property=\"og:locale\" content=\"cs_CZ\" \/>\n<meta property=\"og:type\" content=\"article\" \/>\n<meta property=\"og:title\" content=\"Everton \u2013 Tottenham Hotspur 0:3 - Official Czech &amp; Slovak Everton Supporters&#039; Club\" \/>\n<meta property=\"og:description\" content=\"Spurs take the Micky at the Hill Dicky! Koh\u00fati s\u00fa prv\u00fdm t\u00edmom, ktor\u00fd dok\u00e1zal zv\u00ed\u0165azi\u0165 na na\u0161om novom \u0161tadi\u00f3ne. S trojg\u00f3lov\u00fdm triumfom z\u00e1rove\u0148 ukon\u010dili svoju \u0161es\u0165z\u00e1pasov\u00fa s\u00e9riu bez v\u00fdhry na p\u00f4de Toffees. Ako bude reagova\u0165 Moyes?\" \/>\n<meta property=\"og:url\" content=\"https:\/\/evertonfc.cz\/index.php\/2025\/10\/27\/everton-tottenham-hotspur-03-2\/\" \/>\n<meta property=\"og:site_name\" content=\"Official Czech &amp; Slovak Everton Supporters&#039; Club\" \/>\n<meta property=\"article:publisher\" content=\"https:\/\/www.facebook.com\/everton.fans.cz.sk\" \/>\n<meta property=\"article:published_time\" content=\"2025-10-27T19:26:59+00:00\" \/>\n<meta property=\"article:modified_time\" content=\"2025-10-27T19:32:49+00:00\" \/>\n<meta property=\"og:image\" content=\"https:\/\/evertonfc.cz\/wp-content\/uploads\/2025\/10\/Everton-0-3-Tottenham-by-Everton-FC-26-10-2025.jpg\" \/>\n\t<meta property=\"og:image:width\" content=\"720\" \/>\n\t<meta property=\"og:image:height\" content=\"405\" \/>\n\t<meta property=\"og:image:type\" content=\"image\/jpeg\" \/>\n<meta name=\"author\" content=\"BlueBlooded\" \/>\n<meta name=\"twitter:card\" content=\"summary_large_image\" \/>\n<meta name=\"twitter:label1\" content=\"Napsal(a)\" \/>\n\t<meta name=\"twitter:data1\" content=\"BlueBlooded\" \/>\n\t<meta name=\"twitter:label2\" content=\"Odhadovan\u00e1 doba \u010dten\u00ed\" \/>\n\t<meta name=\"twitter:data2\" content=\"5 minut\" \/>\n<script type=\"application\/ld+json\" class=\"yoast-schema-graph\">{\"@context\":\"https:\/\/schema.org\",\"@graph\":[{\"@type\":\"Article\",\"@id\":\"https:\/\/evertonfc.cz\/index.php\/2025\/10\/27\/everton-tottenham-hotspur-03-2\/#article\",\"isPartOf\":{\"@id\":\"https:\/\/evertonfc.cz\/index.php\/2025\/10\/27\/everton-tottenham-hotspur-03-2\/\"},\"author\":{\"name\":\"BlueBlooded\",\"@id\":\"https:\/\/evertonfc.cz\/#\/schema\/person\/d4493b8cbea51532597fbc4685698916\"},\"headline\":\"Everton \u2013 Tottenham Hotspur 0:3\",\"datePublished\":\"2025-10-27T19:26:59+00:00\",\"dateModified\":\"2025-10-27T19:32:49+00:00\",\"mainEntityOfPage\":{\"@id\":\"https:\/\/evertonfc.cz\/index.php\/2025\/10\/27\/everton-tottenham-hotspur-03-2\/\"},\"wordCount\":1138,\"commentCount\":5,\"publisher\":{\"@id\":\"https:\/\/evertonfc.cz\/#organization\"},\"image\":{\"@id\":\"https:\/\/evertonfc.cz\/index.php\/2025\/10\/27\/everton-tottenham-hotspur-03-2\/#primaryimage\"},\"thumbnailUrl\":\"https:\/\/evertonfc.cz\/wp-content\/uploads\/2025\/10\/Everton-0-3-Tottenham-by-Everton-FC-26-10-2025.jpg\",\"articleSection\":[\"Z\u00e1pasy\"],\"inLanguage\":\"cs\",\"potentialAction\":[{\"@type\":\"CommentAction\",\"name\":\"Comment\",\"target\":[\"https:\/\/evertonfc.cz\/index.php\/2025\/10\/27\/everton-tottenham-hotspur-03-2\/#respond\"]}]},{\"@type\":\"WebPage\",\"@id\":\"https:\/\/evertonfc.cz\/index.php\/2025\/10\/27\/everton-tottenham-hotspur-03-2\/\",\"url\":\"https:\/\/evertonfc.cz\/index.php\/2025\/10\/27\/everton-tottenham-hotspur-03-2\/\",\"name\":\"Everton \u2013 Tottenham Hotspur 0:3 - Official Czech &amp; Slovak Everton Supporters&#039; Club\",\"isPartOf\":{\"@id\":\"https:\/\/evertonfc.cz\/#website\"},\"primaryImageOfPage\":{\"@id\":\"https:\/\/evertonfc.cz\/index.php\/2025\/10\/27\/everton-tottenham-hotspur-03-2\/#primaryimage\"},\"image\":{\"@id\":\"https:\/\/evertonfc.cz\/index.php\/2025\/10\/27\/everton-tottenham-hotspur-03-2\/#primaryimage\"},\"thumbnailUrl\":\"https:\/\/evertonfc.cz\/wp-content\/uploads\/2025\/10\/Everton-0-3-Tottenham-by-Everton-FC-26-10-2025.jpg\",\"datePublished\":\"2025-10-27T19:26:59+00:00\",\"dateModified\":\"2025-10-27T19:32:49+00:00\",\"breadcrumb\":{\"@id\":\"https:\/\/evertonfc.cz\/index.php\/2025\/10\/27\/everton-tottenham-hotspur-03-2\/#breadcrumb\"},\"inLanguage\":\"cs\",\"potentialAction\":[{\"@type\":\"ReadAction\",\"target\":[\"https:\/\/evertonfc.cz\/index.php\/2025\/10\/27\/everton-tottenham-hotspur-03-2\/\"]}]},{\"@type\":\"ImageObject\",\"inLanguage\":\"cs\",\"@id\":\"https:\/\/evertonfc.cz\/index.php\/2025\/10\/27\/everton-tottenham-hotspur-03-2\/#primaryimage\",\"url\":\"https:\/\/evertonfc.cz\/wp-content\/uploads\/2025\/10\/Everton-0-3-Tottenham-by-Everton-FC-26-10-2025.jpg\",\"contentUrl\":\"https:\/\/evertonfc.cz\/wp-content\/uploads\/2025\/10\/Everton-0-3-Tottenham-by-Everton-FC-26-10-2025.jpg\",\"width\":720,\"height\":405},{\"@type\":\"BreadcrumbList\",\"@id\":\"https:\/\/evertonfc.cz\/index.php\/2025\/10\/27\/everton-tottenham-hotspur-03-2\/#breadcrumb\",\"itemListElement\":[{\"@type\":\"ListItem\",\"position\":1,\"name\":\"Home\",\"item\":\"https:\/\/evertonfc.cz\/\"},{\"@type\":\"ListItem\",\"position\":2,\"name\":\"Everton \u2013 Tottenham Hotspur 0:3\"}]},{\"@type\":\"WebSite\",\"@id\":\"https:\/\/evertonfc.cz\/#website\",\"url\":\"https:\/\/evertonfc.cz\/\",\"name\":\"Official Czech &amp; Slovak Everton Supporters&#039; Club\",\"description\":\"\",\"publisher\":{\"@id\":\"https:\/\/evertonfc.cz\/#organization\"},\"potentialAction\":[{\"@type\":\"SearchAction\",\"target\":{\"@type\":\"EntryPoint\",\"urlTemplate\":\"https:\/\/evertonfc.cz\/?s={search_term_string}\"},\"query-input\":{\"@type\":\"PropertyValueSpecification\",\"valueRequired\":true,\"valueName\":\"search_term_string\"}}],\"inLanguage\":\"cs\"},{\"@type\":\"Organization\",\"@id\":\"https:\/\/evertonfc.cz\/#organization\",\"name\":\"Official Czech & Slovak Everton Supporters' Club\",\"url\":\"https:\/\/evertonfc.cz\/\",\"logo\":{\"@type\":\"ImageObject\",\"inLanguage\":\"cs\",\"@id\":\"https:\/\/evertonfc.cz\/#\/schema\/logo\/image\/\",\"url\":\"https:\/\/evertonfc.cz\/wp-content\/uploads\/2019\/05\/logo.png\",\"contentUrl\":\"https:\/\/evertonfc.cz\/wp-content\/uploads\/2019\/05\/logo.png\",\"width\":112,\"height\":112,\"caption\":\"Official Czech & Slovak Everton Supporters' Club\"},\"image\":{\"@id\":\"https:\/\/evertonfc.cz\/#\/schema\/logo\/image\/\"},\"sameAs\":[\"https:\/\/www.facebook.com\/everton.fans.cz.sk\"]},{\"@type\":\"Person\",\"@id\":\"https:\/\/evertonfc.cz\/#\/schema\/person\/d4493b8cbea51532597fbc4685698916\",\"name\":\"BlueBlooded\",\"url\":\"https:\/\/evertonfc.cz\/index.php\/author\/admin\/\"}]}<\/script>\n<!-- \/ Yoast SEO plugin. -->","yoast_head_json":{"title":"Everton \u2013 Tottenham Hotspur 0:3 - Official Czech &amp; Slovak Everton Supporters&#039; Club","robots":{"index":"index","follow":"follow","max-snippet":"max-snippet:-1","max-image-preview":"max-image-preview:large","max-video-preview":"max-video-preview:-1"},"canonical":"https:\/\/evertonfc.cz\/index.php\/2025\/10\/27\/everton-tottenham-hotspur-03-2\/","og_locale":"cs_CZ","og_type":"article","og_title":"Everton \u2013 Tottenham Hotspur 0:3 - Official Czech &amp; Slovak Everton Supporters&#039; Club","og_description":"Spurs take the Micky at the Hill Dicky! Koh\u00fati s\u00fa prv\u00fdm t\u00edmom, ktor\u00fd dok\u00e1zal zv\u00ed\u0165azi\u0165 na na\u0161om novom \u0161tadi\u00f3ne. S trojg\u00f3lov\u00fdm triumfom z\u00e1rove\u0148 ukon\u010dili svoju \u0161es\u0165z\u00e1pasov\u00fa s\u00e9riu bez v\u00fdhry na p\u00f4de Toffees. Ako bude reagova\u0165 Moyes?","og_url":"https:\/\/evertonfc.cz\/index.php\/2025\/10\/27\/everton-tottenham-hotspur-03-2\/","og_site_name":"Official Czech &amp; Slovak Everton Supporters&#039; Club","article_publisher":"https:\/\/www.facebook.com\/everton.fans.cz.sk","article_published_time":"2025-10-27T19:26:59+00:00","article_modified_time":"2025-10-27T19:32:49+00:00","og_image":[{"width":720,"height":405,"url":"https:\/\/evertonfc.cz\/wp-content\/uploads\/2025\/10\/Everton-0-3-Tottenham-by-Everton-FC-26-10-2025.jpg","type":"image\/jpeg"}],"author":"BlueBlooded","twitter_card":"summary_large_image","twitter_misc":{"Napsal(a)":"BlueBlooded","Odhadovan\u00e1 doba \u010dten\u00ed":"5 minut"},"schema":{"@context":"https:\/\/schema.org","@graph":[{"@type":"Article","@id":"https:\/\/evertonfc.cz\/index.php\/2025\/10\/27\/everton-tottenham-hotspur-03-2\/#article","isPartOf":{"@id":"https:\/\/evertonfc.cz\/index.php\/2025\/10\/27\/everton-tottenham-hotspur-03-2\/"},"author":{"name":"BlueBlooded","@id":"https:\/\/evertonfc.cz\/#\/schema\/person\/d4493b8cbea51532597fbc4685698916"},"headline":"Everton \u2013 Tottenham Hotspur 0:3","datePublished":"2025-10-27T19:26:59+00:00","dateModified":"2025-10-27T19:32:49+00:00","mainEntityOfPage":{"@id":"https:\/\/evertonfc.cz\/index.php\/2025\/10\/27\/everton-tottenham-hotspur-03-2\/"},"wordCount":1138,"commentCount":5,"publisher":{"@id":"https:\/\/evertonfc.cz\/#organization"},"image":{"@id":"https:\/\/evertonfc.cz\/index.php\/2025\/10\/27\/everton-tottenham-hotspur-03-2\/#primaryimage"},"thumbnailUrl":"https:\/\/evertonfc.cz\/wp-content\/uploads\/2025\/10\/Everton-0-3-Tottenham-by-Everton-FC-26-10-2025.jpg","articleSection":["Z\u00e1pasy"],"inLanguage":"cs","potentialAction":[{"@type":"CommentAction","name":"Comment","target":["https:\/\/evertonfc.cz\/index.php\/2025\/10\/27\/everton-tottenham-hotspur-03-2\/#respond"]}]},{"@type":"WebPage","@id":"https:\/\/evertonfc.cz\/index.php\/2025\/10\/27\/everton-tottenham-hotspur-03-2\/","url":"https:\/\/evertonfc.cz\/index.php\/2025\/10\/27\/everton-tottenham-hotspur-03-2\/","name":"Everton \u2013 Tottenham Hotspur 0:3 - Official Czech &amp; Slovak Everton Supporters&#039; Club","isPartOf":{"@id":"https:\/\/evertonfc.cz\/#website"},"primaryImageOfPage":{"@id":"https:\/\/evertonfc.cz\/index.php\/2025\/10\/27\/everton-tottenham-hotspur-03-2\/#primaryimage"},"image":{"@id":"https:\/\/evertonfc.cz\/index.php\/2025\/10\/27\/everton-tottenham-hotspur-03-2\/#primaryimage"},"thumbnailUrl":"https:\/\/evertonfc.cz\/wp-content\/uploads\/2025\/10\/Everton-0-3-Tottenham-by-Everton-FC-26-10-2025.jpg","datePublished":"2025-10-27T19:26:59+00:00","dateModified":"2025-10-27T19:32:49+00:00","breadcrumb":{"@id":"https:\/\/evertonfc.cz\/index.php\/2025\/10\/27\/everton-tottenham-hotspur-03-2\/#breadcrumb"},"inLanguage":"cs","potentialAction":[{"@type":"ReadAction","target":["https:\/\/evertonfc.cz\/index.php\/2025\/10\/27\/everton-tottenham-hotspur-03-2\/"]}]},{"@type":"ImageObject","inLanguage":"cs","@id":"https:\/\/evertonfc.cz\/index.php\/2025\/10\/27\/everton-tottenham-hotspur-03-2\/#primaryimage","url":"https:\/\/evertonfc.cz\/wp-content\/uploads\/2025\/10\/Everton-0-3-Tottenham-by-Everton-FC-26-10-2025.jpg","contentUrl":"https:\/\/evertonfc.cz\/wp-content\/uploads\/2025\/10\/Everton-0-3-Tottenham-by-Everton-FC-26-10-2025.jpg","width":720,"height":405},{"@type":"BreadcrumbList","@id":"https:\/\/evertonfc.cz\/index.php\/2025\/10\/27\/everton-tottenham-hotspur-03-2\/#breadcrumb","itemListElement":[{"@type":"ListItem","position":1,"name":"Home","item":"https:\/\/evertonfc.cz\/"},{"@type":"ListItem","position":2,"name":"Everton \u2013 Tottenham Hotspur 0:3"}]},{"@type":"WebSite","@id":"https:\/\/evertonfc.cz\/#website","url":"https:\/\/evertonfc.cz\/","name":"Official Czech &amp; Slovak Everton Supporters&#039; Club","description":"","publisher":{"@id":"https:\/\/evertonfc.cz\/#organization"},"potentialAction":[{"@type":"SearchAction","target":{"@type":"EntryPoint","urlTemplate":"https:\/\/evertonfc.cz\/?s={search_term_string}"},"query-input":{"@type":"PropertyValueSpecification","valueRequired":true,"valueName":"search_term_string"}}],"inLanguage":"cs"},{"@type":"Organization","@id":"https:\/\/evertonfc.cz\/#organization","name":"Official Czech & Slovak Everton Supporters' Club","url":"https:\/\/evertonfc.cz\/","logo":{"@type":"ImageObject","inLanguage":"cs","@id":"https:\/\/evertonfc.cz\/#\/schema\/logo\/image\/","url":"https:\/\/evertonfc.cz\/wp-content\/uploads\/2019\/05\/logo.png","contentUrl":"https:\/\/evertonfc.cz\/wp-content\/uploads\/2019\/05\/logo.png","width":112,"height":112,"caption":"Official Czech & Slovak Everton Supporters' Club"},"image":{"@id":"https:\/\/evertonfc.cz\/#\/schema\/logo\/image\/"},"sameAs":["https:\/\/www.facebook.com\/everton.fans.cz.sk"]},{"@type":"Person","@id":"https:\/\/evertonfc.cz\/#\/schema\/person\/d4493b8cbea51532597fbc4685698916","name":"BlueBlooded","url":"https:\/\/evertonfc.cz\/index.php\/author\/admin\/"}]}},"_links":{"self":[{"href":"https:\/\/evertonfc.cz\/index.php\/wp-json\/wp\/v2\/posts\/27815"}],"collection":[{"href":"https:\/\/evertonfc.cz\/index.php\/wp-json\/wp\/v2\/posts"}],"about":[{"href":"https:\/\/evertonfc.cz\/index.php\/wp-json\/wp\/v2\/types\/post"}],"author":[{"embeddable":true,"href":"https:\/\/evertonfc.cz\/index.php\/wp-json\/wp\/v2\/users\/1"}],"replies":[{"embeddable":true,"href":"https:\/\/evertonfc.cz\/index.php\/wp-json\/wp\/v2\/comments?post=27815"}],"version-history":[{"count":9,"href":"https:\/\/evertonfc.cz\/index.php\/wp-json\/wp\/v2\/posts\/27815\/revisions"}],"predecessor-version":[{"id":27825,"href":"https:\/\/evertonfc.cz\/index.php\/wp-json\/wp\/v2\/posts\/27815\/revisions\/27825"}],"wp:featuredmedia":[{"embeddable":true,"href":"https:\/\/evertonfc.cz\/index.php\/wp-json\/wp\/v2\/media\/27816"}],"wp:attachment":[{"href":"https:\/\/evertonfc.cz\/index.php\/wp-json\/wp\/v2\/media?parent=27815"}],"wp:term":[{"taxonomy":"category","embeddable":true,"href":"https:\/\/evertonfc.cz\/index.php\/wp-json\/wp\/v2\/categories?post=27815"},{"taxonomy":"post_tag","embeddable":true,"href":"https:\/\/evertonfc.cz\/index.php\/wp-json\/wp\/v2\/tags?post=27815"}],"curies":[{"name":"wp","href":"https:\/\/api.w.org\/{rel}","templated":true}]}}